{"id":95847,"date":"2026-05-02T11:05:00","date_gmt":"2026-05-02T09:05:00","guid":{"rendered":"https:\/\/canfali.com\/?p=95847"},"modified":"2026-05-02T11:05:56","modified_gmt":"2026-05-02T09:05:56","slug":"el-col%c2%b7legi-llebeig-diu-no-al-bullying-amb-un-videoclip","status":"publish","type":"post","link":"https:\/\/canfali.com\/ca-es\/el-col%c2%b7legi-llebeig-diu-no-al-bullying-amb-un-videoclip\/","title":{"rendered":"El col\u00b7legi Llebeig diu \u2018no al bullying\u2019 amb un videoclip"},"content":{"rendered":"\n<p><\/p>\n\n<figure class=\"wp-block-pullquote\"><blockquote><p>El centre fa una cridada a reflexionar i actuar davant una forma de maltractament que deixa empremta<\/p><\/blockquote><\/figure>\n\n<p>\u201cCada gest compta, cada paraula pot deixar empremta i cada persona, des del seu lloc, pot marcar la difer\u00e8ncia en la vida dels altres\u201d. Amb aquestes paraules, la directora del CEIP Llebeig, Luz Mart\u00edn, convida a les fam\u00edlies del centre a reflexionar i actuar davant l&#8217;assetjament escolar durant la presentaci\u00f3 del videoclip \u2018Si yo lo Beo, t\u00fa lo Ves\u2019. En ell participa un grup de m\u00e9s de 40 representants de l&#8217;alumnat de Prim\u00e0ria que actua, canta i balla per a visibilitzar l&#8217;exist\u00e8ncia d&#8217;una forma de maltractament en edat escolar que marca per sempre. A Espanya, aproximadament 1 de cada 10 estudiants, al voltant del 12%, sofreix assetjament o ciberassetjament i coneix a alg\u00fa pr\u00f2xim que el pateix. La resposta per part de qui es converteix en espectador en un cas de bullying \u00e9s, la majoria de les vegades, el silenci.&#13;\n\t<\/p>\n\n<figure class=\"wp-block-gallery has-nested-images columns-default is-cropped wp-block-gallery-15 is-layout-flex wp-block-gallery-is-layout-flex\">\n<figure class=\"wp-block-image size-large\"><img fetchpriority=\"high\" decoding=\"async\" width=\"1024\" height=\"768\" data-id=\"95826\" src=\"https:\/\/canfali.com\/app\/uploads\/2026\/05\/videoclip-1-1024x768.jpeg\" alt=\"\" class=\"wp-image-95826\" srcset=\"https:\/\/canfali.com\/app\/uploads\/2026\/05\/videoclip-1-1024x768.jpeg 1024w, https:\/\/canfali.com\/app\/uploads\/2026\/05\/videoclip-1-300x225.jpeg 300w, https:\/\/canfali.com\/app\/uploads\/2026\/05\/videoclip-1-768x576.jpeg 768w, https:\/\/canfali.com\/app\/uploads\/2026\/05\/videoclip-1-1536x1152.jpeg 1536w, https:\/\/canfali.com\/app\/uploads\/2026\/05\/videoclip-1-332x249.jpeg 332w, https:\/\/canfali.com\/app\/uploads\/2026\/05\/videoclip-1-664x498.jpeg 664w, https:\/\/canfali.com\/app\/uploads\/2026\/05\/videoclip-1-688x516.jpeg 688w, https:\/\/canfali.com\/app\/uploads\/2026\/05\/videoclip-1-1044x783.jpeg 1044w, https:\/\/canfali.com\/app\/uploads\/2026\/05\/videoclip-1-1400x1050.jpeg 1400w, https:\/\/canfali.com\/app\/uploads\/2026\/05\/videoclip-1.jpeg 1600w\" sizes=\"(max-width: 1024px) 100vw, 1024px\" \/><\/figure>\n\n\n\n<figure class=\"wp-block-image size-large\"><img decoding=\"async\" width=\"1024\" height=\"768\" data-id=\"95828\" src=\"https:\/\/canfali.com\/app\/uploads\/2026\/05\/videoclip-10-1024x768.jpeg\" alt=\"\" class=\"wp-image-95828\" srcset=\"https:\/\/canfali.com\/app\/uploads\/2026\/05\/videoclip-10-1024x768.jpeg 1024w, https:\/\/canfali.com\/app\/uploads\/2026\/05\/videoclip-10-300x225.jpeg 300w, https:\/\/canfali.com\/app\/uploads\/2026\/05\/videoclip-10-768x576.jpeg 768w, https:\/\/canfali.com\/app\/uploads\/2026\/05\/videoclip-10-1536x1152.jpeg 1536w, https:\/\/canfali.com\/app\/uploads\/2026\/05\/videoclip-10-332x249.jpeg 332w, https:\/\/canfali.com\/app\/uploads\/2026\/05\/videoclip-10-664x498.jpeg 664w, https:\/\/canfali.com\/app\/uploads\/2026\/05\/videoclip-10-688x516.jpeg 688w, https:\/\/canfali.com\/app\/uploads\/2026\/05\/videoclip-10-1044x783.jpeg 1044w, https:\/\/canfali.com\/app\/uploads\/2026\/05\/videoclip-10-1400x1050.jpeg 1400w, https:\/\/canfali.com\/app\/uploads\/2026\/05\/videoclip-10.jpeg 1600w\" sizes=\"(max-width: 1024px) 100vw, 1024px\" \/><\/figure>\n<\/figure>\n\n<figure class=\"wp-block-gallery has-nested-images columns-default is-cropped wp-block-gallery-16 is-layout-flex wp-block-gallery-is-layout-flex\">\n<figure class=\"wp-block-image size-large\"><img decoding=\"async\" width=\"1024\" height=\"768\" data-id=\"95832\" src=\"https:\/\/canfali.com\/app\/uploads\/2026\/05\/videoclip-11-1024x768.jpeg\" alt=\"\" class=\"wp-image-95832\" srcset=\"https:\/\/canfali.com\/app\/uploads\/2026\/05\/videoclip-11-1024x768.jpeg 1024w, https:\/\/canfali.com\/app\/uploads\/2026\/05\/videoclip-11-300x225.jpeg 300w, https:\/\/canfali.com\/app\/uploads\/2026\/05\/videoclip-11-768x576.jpeg 768w, https:\/\/canfali.com\/app\/uploads\/2026\/05\/videoclip-11-1536x1152.jpeg 1536w, https:\/\/canfali.com\/app\/uploads\/2026\/05\/videoclip-11-332x249.jpeg 332w, https:\/\/canfali.com\/app\/uploads\/2026\/05\/videoclip-11-664x498.jpeg 664w, https:\/\/canfali.com\/app\/uploads\/2026\/05\/videoclip-11-688x516.jpeg 688w, https:\/\/canfali.com\/app\/uploads\/2026\/05\/videoclip-11-1044x783.jpeg 1044w, https:\/\/canfali.com\/app\/uploads\/2026\/05\/videoclip-11-1400x1050.jpeg 1400w, https:\/\/canfali.com\/app\/uploads\/2026\/05\/videoclip-11.jpeg 1600w\" sizes=\"(max-width: 1024px) 100vw, 1024px\" \/><\/figure>\n\n\n\n<figure class=\"wp-block-image size-large\"><img loading=\"lazy\" decoding=\"async\" width=\"1024\" height=\"768\" data-id=\"95830\" src=\"https:\/\/canfali.com\/app\/uploads\/2026\/05\/videoclip-13-1024x768.jpeg\" alt=\"\" class=\"wp-image-95830\" srcset=\"https:\/\/canfali.com\/app\/uploads\/2026\/05\/videoclip-13-1024x768.jpeg 1024w, https:\/\/canfali.com\/app\/uploads\/2026\/05\/videoclip-13-300x225.jpeg 300w, https:\/\/canfali.com\/app\/uploads\/2026\/05\/videoclip-13-768x576.jpeg 768w, https:\/\/canfali.com\/app\/uploads\/2026\/05\/videoclip-13-1536x1152.jpeg 1536w, https:\/\/canfali.com\/app\/uploads\/2026\/05\/videoclip-13-332x249.jpeg 332w, https:\/\/canfali.com\/app\/uploads\/2026\/05\/videoclip-13-664x498.jpeg 664w, https:\/\/canfali.com\/app\/uploads\/2026\/05\/videoclip-13-688x516.jpeg 688w, https:\/\/canfali.com\/app\/uploads\/2026\/05\/videoclip-13-1044x783.jpeg 1044w, https:\/\/canfali.com\/app\/uploads\/2026\/05\/videoclip-13-1400x1050.jpeg 1400w, https:\/\/canfali.com\/app\/uploads\/2026\/05\/videoclip-13.jpeg 1600w\" sizes=\"(max-width: 1024px) 100vw, 1024px\" \/><\/figure>\n<\/figure>\n\n<p>El videoclip es llan\u00e7a amb la intenci\u00f3 de lluitar contra aquest silenci a trav\u00e9s de la reflexi\u00f3. Per\u00f2 tamb\u00e9 amb l&#8217;\u00e0nim que l&#8217;alumnat s&#8217;adone que el que s&#8217;apr\u00e8n en classe t\u00e9 reflex en l&#8217;exterior i en la vida real dels altres. No quedar-se callat, intentar ajudar, posar-se del costat de l&#8217;assetjat i contar el que est\u00e0 ocorrent a un adult \u00e9s l&#8217;aprenentatge que s&#8217;emporten els autors del videoclip, que precisament s&#8217;estrena de manera oficial el 2 de maig, Dia Internacional contra la Viol\u00e8ncia i l&#8217;Assetjament a l&#8217;Escola.&#13;\n&#13;\n\t&#13;\n<\/p>\n\n<figure class=\"wp-block-gallery has-nested-images columns-default is-cropped wp-block-gallery-17 is-layout-flex wp-block-gallery-is-layout-flex\">\n<figure class=\"wp-block-image size-large\"><img loading=\"lazy\" decoding=\"async\" width=\"1024\" height=\"678\" data-id=\"95842\" src=\"https:\/\/canfali.com\/app\/uploads\/2026\/05\/videoclip-1-1024x678.jpg\" alt=\"\" class=\"wp-image-95842\" srcset=\"https:\/\/canfali.com\/app\/uploads\/2026\/05\/videoclip-1-1024x678.jpg 1024w, https:\/\/canfali.com\/app\/uploads\/2026\/05\/videoclip-1-300x199.jpg 300w, https:\/\/canfali.com\/app\/uploads\/2026\/05\/videoclip-1-768x509.jpg 768w, https:\/\/canfali.com\/app\/uploads\/2026\/05\/videoclip-1-1536x1017.jpg 1536w, https:\/\/canfali.com\/app\/uploads\/2026\/05\/videoclip-1-2048x1356.jpg 2048w, https:\/\/canfali.com\/app\/uploads\/2026\/05\/videoclip-1-332x220.jpg 332w, https:\/\/canfali.com\/app\/uploads\/2026\/05\/videoclip-1-664x440.jpg 664w, https:\/\/canfali.com\/app\/uploads\/2026\/05\/videoclip-1-688x456.jpg 688w, https:\/\/canfali.com\/app\/uploads\/2026\/05\/videoclip-1-1044x691.jpg 1044w, https:\/\/canfali.com\/app\/uploads\/2026\/05\/videoclip-1-1400x927.jpg 1400w, https:\/\/canfali.com\/app\/uploads\/2026\/05\/videoclip-1-1920x1272.jpg 1920w, https:\/\/canfali.com\/app\/uploads\/2026\/05\/videoclip-1-scaled.jpg 2560w\" sizes=\"(max-width: 1024px) 100vw, 1024px\" \/><\/figure>\n\n\n\n<figure class=\"wp-block-image size-large\"><img loading=\"lazy\" decoding=\"async\" width=\"1024\" height=\"768\" data-id=\"95834\" src=\"https:\/\/canfali.com\/app\/uploads\/2026\/05\/videoclip-7-1024x768.jpeg\" alt=\"\" class=\"wp-image-95834\" srcset=\"https:\/\/canfali.com\/app\/uploads\/2026\/05\/videoclip-7-1024x768.jpeg 1024w, https:\/\/canfali.com\/app\/uploads\/2026\/05\/videoclip-7-300x225.jpeg 300w, https:\/\/canfali.com\/app\/uploads\/2026\/05\/videoclip-7-768x576.jpeg 768w, https:\/\/canfali.com\/app\/uploads\/2026\/05\/videoclip-7-1536x1152.jpeg 1536w, https:\/\/canfali.com\/app\/uploads\/2026\/05\/videoclip-7-332x249.jpeg 332w, https:\/\/canfali.com\/app\/uploads\/2026\/05\/videoclip-7-664x498.jpeg 664w, https:\/\/canfali.com\/app\/uploads\/2026\/05\/videoclip-7-688x516.jpeg 688w, https:\/\/canfali.com\/app\/uploads\/2026\/05\/videoclip-7-1044x783.jpeg 1044w, https:\/\/canfali.com\/app\/uploads\/2026\/05\/videoclip-7-1400x1050.jpeg 1400w, https:\/\/canfali.com\/app\/uploads\/2026\/05\/videoclip-7.jpeg 1600w\" sizes=\"(max-width: 1024px) 100vw, 1024px\" \/><\/figure>\n<\/figure>\n\n<figure class=\"wp-block-embed is-type-video is-provider-youtube wp-block-embed-youtube wp-embed-aspect-16-9 wp-has-aspect-ratio\"><div class=\"wp-block-embed__wrapper\">\n<iframe title=\"Arch\u00e9 x CEIP Llebeig - BEO VEO (V\u00eddeo Oficial)\" width=\"1200\" height=\"675\" src=\"https:\/\/www.youtube.com\/embed\/a-W44LQVGoY?feature=oembed\" frameborder=\"0\" allow=\"accelerometer; autoplay; clipboard-write; encrypted-media; gyroscope; picture-in-picture; web-share\" referrerpolicy=\"strict-origin-when-cross-origin\" allowfullscreen><\/iframe>\n<\/div><\/figure>\n\n<p>La lletra de la can\u00e7\u00f3 reflecteix el que sent la persona assetjada i com actua l&#8217;assetjador. Recull les idees que han sorgit arran d&#8217;un ampli treball de reflexi\u00f3 per part de l&#8217;alumnat que ha estat acompanyat de c\u00f2mics, imatges, contes i dibuixos. La interpreta el raper Rafael Garc\u00eda \u2018Arch\u00e9\u2019, recolzat per les veus d&#8217;un magn\u00edfic cor i un espl\u00e8ndid grup de ball. <\/p>\n\n<figure class=\"wp-block-image size-large\"><img loading=\"lazy\" decoding=\"async\" width=\"1024\" height=\"768\" src=\"https:\/\/canfali.com\/app\/uploads\/2026\/05\/videoclip-3-1024x768.jpeg\" alt=\"\" class=\"wp-image-95836\" srcset=\"https:\/\/canfali.com\/app\/uploads\/2026\/05\/videoclip-3-1024x768.jpeg 1024w, https:\/\/canfali.com\/app\/uploads\/2026\/05\/videoclip-3-300x225.jpeg 300w, https:\/\/canfali.com\/app\/uploads\/2026\/05\/videoclip-3-768x576.jpeg 768w, https:\/\/canfali.com\/app\/uploads\/2026\/05\/videoclip-3-1536x1152.jpeg 1536w, https:\/\/canfali.com\/app\/uploads\/2026\/05\/videoclip-3-332x249.jpeg 332w, https:\/\/canfali.com\/app\/uploads\/2026\/05\/videoclip-3-664x498.jpeg 664w, https:\/\/canfali.com\/app\/uploads\/2026\/05\/videoclip-3-688x516.jpeg 688w, https:\/\/canfali.com\/app\/uploads\/2026\/05\/videoclip-3-1044x783.jpeg 1044w, https:\/\/canfali.com\/app\/uploads\/2026\/05\/videoclip-3-1400x1050.jpeg 1400w, https:\/\/canfali.com\/app\/uploads\/2026\/05\/videoclip-3.jpeg 1600w\" sizes=\"(max-width: 1024px) 100vw, 1024px\" \/><\/figure>\n\n<p>El videoclip s&#8217;ha rodat en el col\u00b7legi i \u00e9s el fruit d&#8217;un treball de dos anys. Abans del rodatge es va fer un c\u00e0sting per a seleccionar els actors, els cantants i els ballarins. En tot el proc\u00e9s s&#8217;ha comptat amb la col\u00b7laboraci\u00f3 del professorat i de les fam\u00edlies. Tamb\u00e9 en la gravaci\u00f3 i en la coreografia, amb el treball inestimable de Juanjo Ivars, de V\u00eddeo Zoom, i de Sandra Cuenca, Iv\u00e1n Aledo i Rafa \u2018Arch\u00e9\u2019.<\/p>\n\n<figure class=\"wp-block-image size-large\"><img loading=\"lazy\" decoding=\"async\" width=\"1024\" height=\"768\" src=\"https:\/\/canfali.com\/app\/uploads\/2026\/05\/videoclip-2-1024x768.jpeg\" alt=\"\" class=\"wp-image-95838\" srcset=\"https:\/\/canfali.com\/app\/uploads\/2026\/05\/videoclip-2-1024x768.jpeg 1024w, https:\/\/canfali.com\/app\/uploads\/2026\/05\/videoclip-2-300x225.jpeg 300w, https:\/\/canfali.com\/app\/uploads\/2026\/05\/videoclip-2-768x576.jpeg 768w, https:\/\/canfali.com\/app\/uploads\/2026\/05\/videoclip-2-1536x1152.jpeg 1536w, https:\/\/canfali.com\/app\/uploads\/2026\/05\/videoclip-2-332x249.jpeg 332w, https:\/\/canfali.com\/app\/uploads\/2026\/05\/videoclip-2-664x498.jpeg 664w, https:\/\/canfali.com\/app\/uploads\/2026\/05\/videoclip-2-688x516.jpeg 688w, https:\/\/canfali.com\/app\/uploads\/2026\/05\/videoclip-2-1044x783.jpeg 1044w, https:\/\/canfali.com\/app\/uploads\/2026\/05\/videoclip-2-1400x1050.jpeg 1400w, https:\/\/canfali.com\/app\/uploads\/2026\/05\/videoclip-2.jpeg 1600w\" sizes=\"(max-width: 1024px) 100vw, 1024px\" \/><\/figure>\n\n<p>\u2018Si yo lo Beo tu lo Ves\u2019 \u00e9s el resultat de dues propostes i alguna casualitat que les va fer confluir. D&#8217;una banda, la de fer arribar a l&#8217;alumnat la campanya contra l&#8217;assetjament escolar de l&#8217;empresa Toybags, obra de Plus Media i que va obenir el premi Alce a la creativitat 2025. I per un altra, la proposta d&#8217;una mare del centre, Sandra Cuenca, per a realitzar un ball. De la uni\u00f3 de totes dues idees va sorgir el projecte, que ha donat com a resultat \u201cuna experi\u00e8ncia molt positiva\u201d que a m\u00e9s ha perm\u00e8s descobrir el potencial -fins al moment desconegut- d&#8217;alguns dels participants i ha servit per a cohesionar el grup i aprendre a treballar en equip. &#13;\n\t<\/p>\n\n<figure class=\"wp-block-image size-large\"><img loading=\"lazy\" decoding=\"async\" width=\"1024\" height=\"678\" src=\"https:\/\/canfali.com\/app\/uploads\/2026\/05\/videoclip-2-1024x678.jpg\" alt=\"\" class=\"wp-image-95844\" srcset=\"https:\/\/canfali.com\/app\/uploads\/2026\/05\/videoclip-2-1024x678.jpg 1024w, https:\/\/canfali.com\/app\/uploads\/2026\/05\/videoclip-2-300x199.jpg 300w, https:\/\/canfali.com\/app\/uploads\/2026\/05\/videoclip-2-768x509.jpg 768w, https:\/\/canfali.com\/app\/uploads\/2026\/05\/videoclip-2-1536x1017.jpg 1536w, https:\/\/canfali.com\/app\/uploads\/2026\/05\/videoclip-2-2048x1356.jpg 2048w, https:\/\/canfali.com\/app\/uploads\/2026\/05\/videoclip-2-332x220.jpg 332w, https:\/\/canfali.com\/app\/uploads\/2026\/05\/videoclip-2-664x440.jpg 664w, https:\/\/canfali.com\/app\/uploads\/2026\/05\/videoclip-2-688x456.jpg 688w, https:\/\/canfali.com\/app\/uploads\/2026\/05\/videoclip-2-1044x691.jpg 1044w, https:\/\/canfali.com\/app\/uploads\/2026\/05\/videoclip-2-1400x927.jpg 1400w, https:\/\/canfali.com\/app\/uploads\/2026\/05\/videoclip-2-1920x1272.jpg 1920w, https:\/\/canfali.com\/app\/uploads\/2026\/05\/videoclip-2-scaled.jpg 2560w\" sizes=\"(max-width: 1024px) 100vw, 1024px\" \/><\/figure>\n\n<p>Amb el llan\u00e7ament del videoclip -es pot veure en YouTube, Spotify i xarxes socials- no es posa fi al projecte. Es realitzar\u00e0 una segona presentaci\u00f3 per a les fam\u00edlies del centre el 4 de maig i, de cara al pr\u00f2xim curs, s&#8217;editar\u00e0 un conte il\u00b7lustrat per una alumna a la fi de treballar l&#8217;assetjament escolar a les aules. La intenci\u00f3 \u00e9s compartir aquestes actuacions amb altres centres i obrir-les a la poblaci\u00f3 en general perqu\u00e8, davant un cas de bullying, ning\u00fa mire cap a un altre costat ni tanque els ulls. &#13;\n\t<\/p>\n\n<p>Abans de finalitzar la seua intervenci\u00f3, la directora del col\u00b7legi Llebeig feia una crida a aquests petits actes de suport, respecte i valentia que s\u00f3n capaces de canviar les coses. Insistia que el bullying no \u00e9s un joc: \u201cdeixa empremta i pot marcar profundament a qui el sofreix\u201d. <\/p>\n\n<figure class=\"wp-block-image size-large\"><img loading=\"lazy\" decoding=\"async\" width=\"1024\" height=\"678\" src=\"https:\/\/canfali.com\/app\/uploads\/2026\/05\/videoclip-5-1024x678.jpg\" alt=\"\" class=\"wp-image-95840\" srcset=\"https:\/\/canfali.com\/app\/uploads\/2026\/05\/videoclip-5-1024x678.jpg 1024w, https:\/\/canfali.com\/app\/uploads\/2026\/05\/videoclip-5-300x199.jpg 300w, https:\/\/canfali.com\/app\/uploads\/2026\/05\/videoclip-5-768x509.jpg 768w, https:\/\/canfali.com\/app\/uploads\/2026\/05\/videoclip-5-1536x1017.jpg 1536w, https:\/\/canfali.com\/app\/uploads\/2026\/05\/videoclip-5-2048x1356.jpg 2048w, https:\/\/canfali.com\/app\/uploads\/2026\/05\/videoclip-5-332x220.jpg 332w, https:\/\/canfali.com\/app\/uploads\/2026\/05\/videoclip-5-664x440.jpg 664w, https:\/\/canfali.com\/app\/uploads\/2026\/05\/videoclip-5-688x456.jpg 688w, https:\/\/canfali.com\/app\/uploads\/2026\/05\/videoclip-5-1044x691.jpg 1044w, https:\/\/canfali.com\/app\/uploads\/2026\/05\/videoclip-5-1400x927.jpg 1400w, https:\/\/canfali.com\/app\/uploads\/2026\/05\/videoclip-5-1920x1272.jpg 1920w, https:\/\/canfali.com\/app\/uploads\/2026\/05\/videoclip-5-scaled.jpg 2560w\" sizes=\"(max-width: 1024px) 100vw, 1024px\" \/><\/figure>\n","protected":false},"excerpt":{"rendered":"El centre fa una cridada a reflexionar i actuar davant una forma de maltractament que deixa empremta \u201cCada&hellip;","protected":false},"author":6,"featured_media":95825,"comment_status":"closed","ping_status":"open","sticky":false,"template":"","format":"standard","meta":{"csco_display_header_overlay":false,"csco_singular_sidebar":"","csco_page_header_type":"","csco_page_load_nextpost":"","csco_post_video_location":[],"csco_post_video_location_hash":"","csco_post_video_url":"","csco_post_video_bg_start_time":0,"csco_post_video_bg_end_time":0,"footnotes":""},"categories":[594],"tags":[7635,7632,7633,687,7636,7634],"class_list":{"0":"post-95847","1":"post","2":"type-post","3":"status-publish","4":"format-standard","5":"has-post-thumbnail","7":"category-societat","8":"tag-arche","9":"tag-bullying","10":"tag-ceip-llebeig","11":"tag-denia-ca-es","12":"tag-luz-martin","13":"tag-videoclip","14":"cs-entry","15":"cs-video-wrap"},"yoast_head":"<!-- This site is optimized with the Yoast SEO Premium plugin v26.6 (Yoast SEO v27.3) - https:\/\/yoast.com\/product\/yoast-seo-premium-wordpress\/ -->\n<title>El col\u00b7legi Llebeig diu \u2018no al bullying\u2019 amb un videoclip - Canfali<\/title>\n<meta name=\"description\" content=\"El centre fa una cridada a reflexionar i actuar davant una forma de maltractament que deixa empremta, &quot;perqu\u00e8 cada gest compta&quot;.\" \/>\n<meta name=\"robots\" content=\"index, follow, max-snippet:-1, max-image-preview:large, max-video-preview:-1\" \/>\n<link rel=\"canonical\" href=\"https:\/\/canfali.com\/ca-es\/el-col%c2%b7legi-llebeig-diu-no-al-bullying-amb-un-videoclip\/\" \/>\n<meta property=\"og:locale\" content=\"en_US\" \/>\n<meta property=\"og:type\" content=\"article\" \/>\n<meta property=\"og:title\" content=\"El col\u00b7legi Llebeig diu \u2018no al bullying\u2019 amb un videoclip\" \/>\n<meta property=\"og:description\" content=\"El centre fa una cridada a reflexionar i actuar davant una forma de maltractament que deixa empremta, &quot;perqu\u00e8 cada gest compta&quot;.\" \/>\n<meta property=\"og:url\" content=\"https:\/\/canfali.com\/ca-es\/el-col%c2%b7legi-llebeig-diu-no-al-bullying-amb-un-videoclip\/\" \/>\n<meta property=\"og:site_name\" content=\"Canfali\" \/>\n<meta property=\"article:publisher\" content=\"https:\/\/es-es.facebook.com\/CANFALIMarinaAlta\" \/>\n<meta property=\"article:published_time\" content=\"2026-05-02T09:05:00+00:00\" \/>\n<meta property=\"article:modified_time\" content=\"2026-05-02T09:05:56+00:00\" \/>\n<meta property=\"og:image\" content=\"https:\/\/canfali.com\/app\/uploads\/2026\/05\/videoclip-4.jpeg\" \/>\n\t<meta property=\"og:image:width\" content=\"1600\" \/>\n\t<meta property=\"og:image:height\" content=\"1200\" \/>\n\t<meta property=\"og:image:type\" content=\"image\/jpeg\" \/>\n<meta name=\"author\" content=\"Rosa\" \/>\n<meta name=\"twitter:card\" content=\"summary_large_image\" \/>\n<meta name=\"twitter:creator\" content=\"@canfalima\" \/>\n<meta name=\"twitter:site\" content=\"@canfalima\" \/>\n<meta name=\"twitter:label1\" content=\"Written by\" \/>\n\t<meta name=\"twitter:data1\" content=\"Rosa\" \/>\n\t<meta name=\"twitter:label2\" content=\"Est. reading time\" \/>\n\t<meta name=\"twitter:data2\" content=\"3 minutes\" \/>\n<script type=\"application\/ld+json\" class=\"yoast-schema-graph\">{\"@context\":\"https:\\\/\\\/schema.org\",\"@graph\":[{\"@type\":\"NewsArticle\",\"@id\":\"https:\\\/\\\/canfali.com\\\/ca-es\\\/el-col%c2%b7legi-llebeig-diu-no-al-bullying-amb-un-videoclip\\\/#article\",\"isPartOf\":{\"@id\":\"https:\\\/\\\/canfali.com\\\/ca-es\\\/el-col%c2%b7legi-llebeig-diu-no-al-bullying-amb-un-videoclip\\\/\"},\"author\":{\"name\":\"Rosa\",\"@id\":\"https:\\\/\\\/canfali.com\\\/ca-es\\\/#\\\/schema\\\/person\\\/c861a7aa2b2495357b95f35bd5d82f88\"},\"headline\":\"El col\u00b7legi Llebeig diu \u2018no al bullying\u2019 amb un videoclip\",\"datePublished\":\"2026-05-02T09:05:00+00:00\",\"dateModified\":\"2026-05-02T09:05:56+00:00\",\"mainEntityOfPage\":{\"@id\":\"https:\\\/\\\/canfali.com\\\/ca-es\\\/el-col%c2%b7legi-llebeig-diu-no-al-bullying-amb-un-videoclip\\\/\"},\"wordCount\":720,\"publisher\":{\"@id\":\"https:\\\/\\\/canfali.com\\\/ca-es\\\/#organization\"},\"image\":{\"@id\":\"https:\\\/\\\/canfali.com\\\/ca-es\\\/el-col%c2%b7legi-llebeig-diu-no-al-bullying-amb-un-videoclip\\\/#primaryimage\"},\"thumbnailUrl\":\"https:\\\/\\\/canfali.com\\\/app\\\/uploads\\\/2026\\\/05\\\/videoclip-4.jpeg\",\"keywords\":[\"Arch\u00e9\",\"bullying\",\"CEIP Llebeig\",\"d\u00e9nia\",\"Luz Mart\u00edn\",\"videoclip\"],\"articleSection\":[\"Societat\"],\"inLanguage\":\"va-ES\",\"copyrightYear\":\"2026\",\"copyrightHolder\":{\"@id\":\"https:\\\/\\\/canfali.com\\\/#organization\"}},{\"@type\":\"WebPage\",\"@id\":\"https:\\\/\\\/canfali.com\\\/ca-es\\\/el-col%c2%b7legi-llebeig-diu-no-al-bullying-amb-un-videoclip\\\/\",\"url\":\"https:\\\/\\\/canfali.com\\\/ca-es\\\/el-col%c2%b7legi-llebeig-diu-no-al-bullying-amb-un-videoclip\\\/\",\"name\":\"El col\u00b7legi Llebeig diu \u2018no al bullying\u2019 amb un videoclip - Canfali\",\"isPartOf\":{\"@id\":\"https:\\\/\\\/canfali.com\\\/ca-es\\\/#website\"},\"primaryImageOfPage\":{\"@id\":\"https:\\\/\\\/canfali.com\\\/ca-es\\\/el-col%c2%b7legi-llebeig-diu-no-al-bullying-amb-un-videoclip\\\/#primaryimage\"},\"image\":{\"@id\":\"https:\\\/\\\/canfali.com\\\/ca-es\\\/el-col%c2%b7legi-llebeig-diu-no-al-bullying-amb-un-videoclip\\\/#primaryimage\"},\"thumbnailUrl\":\"https:\\\/\\\/canfali.com\\\/app\\\/uploads\\\/2026\\\/05\\\/videoclip-4.jpeg\",\"datePublished\":\"2026-05-02T09:05:00+00:00\",\"dateModified\":\"2026-05-02T09:05:56+00:00\",\"description\":\"El centre fa una cridada a reflexionar i actuar davant una forma de maltractament que deixa empremta, \\\"perqu\u00e8 cada gest compta\\\".\",\"breadcrumb\":{\"@id\":\"https:\\\/\\\/canfali.com\\\/ca-es\\\/el-col%c2%b7legi-llebeig-diu-no-al-bullying-amb-un-videoclip\\\/#breadcrumb\"},\"inLanguage\":\"va-ES\",\"potentialAction\":[{\"@type\":\"ReadAction\",\"target\":[\"https:\\\/\\\/canfali.com\\\/ca-es\\\/el-col%c2%b7legi-llebeig-diu-no-al-bullying-amb-un-videoclip\\\/\"]}]},{\"@type\":\"ImageObject\",\"inLanguage\":\"va-ES\",\"@id\":\"https:\\\/\\\/canfali.com\\\/ca-es\\\/el-col%c2%b7legi-llebeig-diu-no-al-bullying-amb-un-videoclip\\\/#primaryimage\",\"url\":\"https:\\\/\\\/canfali.com\\\/app\\\/uploads\\\/2026\\\/05\\\/videoclip-4.jpeg\",\"contentUrl\":\"https:\\\/\\\/canfali.com\\\/app\\\/uploads\\\/2026\\\/05\\\/videoclip-4.jpeg\",\"width\":1600,\"height\":1200},{\"@type\":\"BreadcrumbList\",\"@id\":\"https:\\\/\\\/canfali.com\\\/ca-es\\\/el-col%c2%b7legi-llebeig-diu-no-al-bullying-amb-un-videoclip\\\/#breadcrumb\",\"itemListElement\":[{\"@type\":\"ListItem\",\"position\":1,\"name\":\"Portada\",\"item\":\"https:\\\/\\\/canfali.com\\\/ca-es\\\/\"},{\"@type\":\"ListItem\",\"position\":2,\"name\":\"El col\u00b7legi Llebeig diu \u2018no al bullying\u2019 amb un videoclip\"}]},{\"@type\":\"WebSite\",\"@id\":\"https:\\\/\\\/canfali.com\\\/ca-es\\\/#website\",\"url\":\"https:\\\/\\\/canfali.com\\\/ca-es\\\/\",\"name\":\"Canfali\",\"description\":\"\",\"publisher\":{\"@id\":\"https:\\\/\\\/canfali.com\\\/ca-es\\\/#organization\"},\"potentialAction\":[{\"@type\":\"SearchAction\",\"target\":{\"@type\":\"EntryPoint\",\"urlTemplate\":\"https:\\\/\\\/canfali.com\\\/ca-es\\\/?s={search_term_string}\"},\"query-input\":{\"@type\":\"PropertyValueSpecification\",\"valueRequired\":true,\"valueName\":\"search_term_string\"}}],\"inLanguage\":\"va-ES\"},{\"@type\":\"Organization\",\"@id\":\"https:\\\/\\\/canfali.com\\\/ca-es\\\/#organization\",\"name\":\"Canfali\",\"url\":\"https:\\\/\\\/canfali.com\\\/ca-es\\\/\",\"logo\":{\"@type\":\"ImageObject\",\"inLanguage\":\"va-ES\",\"@id\":\"https:\\\/\\\/canfali.com\\\/ca-es\\\/#\\\/schema\\\/logo\\\/image\\\/\",\"url\":\"https:\\\/\\\/canfali.com\\\/app\\\/uploads\\\/2025\\\/12\\\/canfali_marina_alta_logo.png\",\"contentUrl\":\"https:\\\/\\\/canfali.com\\\/app\\\/uploads\\\/2025\\\/12\\\/canfali_marina_alta_logo.png\",\"width\":225,\"height\":225,\"caption\":\"Canfali\"},\"image\":{\"@id\":\"https:\\\/\\\/canfali.com\\\/ca-es\\\/#\\\/schema\\\/logo\\\/image\\\/\"},\"sameAs\":[\"https:\\\/\\\/es-es.facebook.com\\\/CANFALIMarinaAlta\",\"https:\\\/\\\/x.com\\\/canfalima\",\"https:\\\/\\\/www.instagram.com\\\/canfalimarinaalta\\\/\"]},{\"@type\":\"Person\",\"@id\":\"https:\\\/\\\/canfali.com\\\/ca-es\\\/#\\\/schema\\\/person\\\/c861a7aa2b2495357b95f35bd5d82f88\",\"name\":\"Rosa\",\"image\":{\"@type\":\"ImageObject\",\"inLanguage\":\"va-ES\",\"@id\":\"https:\\\/\\\/secure.gravatar.com\\\/avatar\\\/47fb83d99423a6ef1cf9f83f02a5e91366c671dec76c5c24badf1b0494e1d960?s=96&d=mm&r=g\",\"url\":\"https:\\\/\\\/secure.gravatar.com\\\/avatar\\\/47fb83d99423a6ef1cf9f83f02a5e91366c671dec76c5c24badf1b0494e1d960?s=96&d=mm&r=g\",\"contentUrl\":\"https:\\\/\\\/secure.gravatar.com\\\/avatar\\\/47fb83d99423a6ef1cf9f83f02a5e91366c671dec76c5c24badf1b0494e1d960?s=96&d=mm&r=g\",\"caption\":\"Rosa\"},\"url\":\"https:\\\/\\\/canfali.com\\\/ca-es\\\/author\\\/rosa\\\/\"}]}<\/script>\n<!-- \/ Yoast SEO Premium plugin. -->","yoast_head_json":{"title":"El col\u00b7legi Llebeig diu \u2018no al bullying\u2019 amb un videoclip - Canfali","description":"El centre fa una cridada a reflexionar i actuar davant una forma de maltractament que deixa empremta, \"perqu\u00e8 cada gest compta\".","robots":{"index":"index","follow":"follow","max-snippet":"max-snippet:-1","max-image-preview":"max-image-preview:large","max-video-preview":"max-video-preview:-1"},"canonical":"https:\/\/canfali.com\/ca-es\/el-col%c2%b7legi-llebeig-diu-no-al-bullying-amb-un-videoclip\/","og_locale":"en_US","og_type":"article","og_title":"El col\u00b7legi Llebeig diu \u2018no al bullying\u2019 amb un videoclip","og_description":"El centre fa una cridada a reflexionar i actuar davant una forma de maltractament que deixa empremta, \"perqu\u00e8 cada gest compta\".","og_url":"https:\/\/canfali.com\/ca-es\/el-col%c2%b7legi-llebeig-diu-no-al-bullying-amb-un-videoclip\/","og_site_name":"Canfali","article_publisher":"https:\/\/es-es.facebook.com\/CANFALIMarinaAlta","article_published_time":"2026-05-02T09:05:00+00:00","article_modified_time":"2026-05-02T09:05:56+00:00","og_image":[{"width":1600,"height":1200,"url":"https:\/\/canfali.com\/app\/uploads\/2026\/05\/videoclip-4.jpeg","type":"image\/jpeg"}],"author":"Rosa","twitter_card":"summary_large_image","twitter_creator":"@canfalima","twitter_site":"@canfalima","twitter_misc":{"Written by":"Rosa","Est. reading time":"3 minutes"},"schema":{"@context":"https:\/\/schema.org","@graph":[{"@type":"NewsArticle","@id":"https:\/\/canfali.com\/ca-es\/el-col%c2%b7legi-llebeig-diu-no-al-bullying-amb-un-videoclip\/#article","isPartOf":{"@id":"https:\/\/canfali.com\/ca-es\/el-col%c2%b7legi-llebeig-diu-no-al-bullying-amb-un-videoclip\/"},"author":{"name":"Rosa","@id":"https:\/\/canfali.com\/ca-es\/#\/schema\/person\/c861a7aa2b2495357b95f35bd5d82f88"},"headline":"El col\u00b7legi Llebeig diu \u2018no al bullying\u2019 amb un videoclip","datePublished":"2026-05-02T09:05:00+00:00","dateModified":"2026-05-02T09:05:56+00:00","mainEntityOfPage":{"@id":"https:\/\/canfali.com\/ca-es\/el-col%c2%b7legi-llebeig-diu-no-al-bullying-amb-un-videoclip\/"},"wordCount":720,"publisher":{"@id":"https:\/\/canfali.com\/ca-es\/#organization"},"image":{"@id":"https:\/\/canfali.com\/ca-es\/el-col%c2%b7legi-llebeig-diu-no-al-bullying-amb-un-videoclip\/#primaryimage"},"thumbnailUrl":"https:\/\/canfali.com\/app\/uploads\/2026\/05\/videoclip-4.jpeg","keywords":["Arch\u00e9","bullying","CEIP Llebeig","d\u00e9nia","Luz Mart\u00edn","videoclip"],"articleSection":["Societat"],"inLanguage":"va-ES","copyrightYear":"2026","copyrightHolder":{"@id":"https:\/\/canfali.com\/#organization"}},{"@type":"WebPage","@id":"https:\/\/canfali.com\/ca-es\/el-col%c2%b7legi-llebeig-diu-no-al-bullying-amb-un-videoclip\/","url":"https:\/\/canfali.com\/ca-es\/el-col%c2%b7legi-llebeig-diu-no-al-bullying-amb-un-videoclip\/","name":"El col\u00b7legi Llebeig diu \u2018no al bullying\u2019 amb un videoclip - Canfali","isPartOf":{"@id":"https:\/\/canfali.com\/ca-es\/#website"},"primaryImageOfPage":{"@id":"https:\/\/canfali.com\/ca-es\/el-col%c2%b7legi-llebeig-diu-no-al-bullying-amb-un-videoclip\/#primaryimage"},"image":{"@id":"https:\/\/canfali.com\/ca-es\/el-col%c2%b7legi-llebeig-diu-no-al-bullying-amb-un-videoclip\/#primaryimage"},"thumbnailUrl":"https:\/\/canfali.com\/app\/uploads\/2026\/05\/videoclip-4.jpeg","datePublished":"2026-05-02T09:05:00+00:00","dateModified":"2026-05-02T09:05:56+00:00","description":"El centre fa una cridada a reflexionar i actuar davant una forma de maltractament que deixa empremta, \"perqu\u00e8 cada gest compta\".","breadcrumb":{"@id":"https:\/\/canfali.com\/ca-es\/el-col%c2%b7legi-llebeig-diu-no-al-bullying-amb-un-videoclip\/#breadcrumb"},"inLanguage":"va-ES","potentialAction":[{"@type":"ReadAction","target":["https:\/\/canfali.com\/ca-es\/el-col%c2%b7legi-llebeig-diu-no-al-bullying-amb-un-videoclip\/"]}]},{"@type":"ImageObject","inLanguage":"va-ES","@id":"https:\/\/canfali.com\/ca-es\/el-col%c2%b7legi-llebeig-diu-no-al-bullying-amb-un-videoclip\/#primaryimage","url":"https:\/\/canfali.com\/app\/uploads\/2026\/05\/videoclip-4.jpeg","contentUrl":"https:\/\/canfali.com\/app\/uploads\/2026\/05\/videoclip-4.jpeg","width":1600,"height":1200},{"@type":"BreadcrumbList","@id":"https:\/\/canfali.com\/ca-es\/el-col%c2%b7legi-llebeig-diu-no-al-bullying-amb-un-videoclip\/#breadcrumb","itemListElement":[{"@type":"ListItem","position":1,"name":"Portada","item":"https:\/\/canfali.com\/ca-es\/"},{"@type":"ListItem","position":2,"name":"El col\u00b7legi Llebeig diu \u2018no al bullying\u2019 amb un videoclip"}]},{"@type":"WebSite","@id":"https:\/\/canfali.com\/ca-es\/#website","url":"https:\/\/canfali.com\/ca-es\/","name":"Canfali","description":"","publisher":{"@id":"https:\/\/canfali.com\/ca-es\/#organization"},"potentialAction":[{"@type":"SearchAction","target":{"@type":"EntryPoint","urlTemplate":"https:\/\/canfali.com\/ca-es\/?s={search_term_string}"},"query-input":{"@type":"PropertyValueSpecification","valueRequired":true,"valueName":"search_term_string"}}],"inLanguage":"va-ES"},{"@type":"Organization","@id":"https:\/\/canfali.com\/ca-es\/#organization","name":"Canfali","url":"https:\/\/canfali.com\/ca-es\/","logo":{"@type":"ImageObject","inLanguage":"va-ES","@id":"https:\/\/canfali.com\/ca-es\/#\/schema\/logo\/image\/","url":"https:\/\/canfali.com\/app\/uploads\/2025\/12\/canfali_marina_alta_logo.png","contentUrl":"https:\/\/canfali.com\/app\/uploads\/2025\/12\/canfali_marina_alta_logo.png","width":225,"height":225,"caption":"Canfali"},"image":{"@id":"https:\/\/canfali.com\/ca-es\/#\/schema\/logo\/image\/"},"sameAs":["https:\/\/es-es.facebook.com\/CANFALIMarinaAlta","https:\/\/x.com\/canfalima","https:\/\/www.instagram.com\/canfalimarinaalta\/"]},{"@type":"Person","@id":"https:\/\/canfali.com\/ca-es\/#\/schema\/person\/c861a7aa2b2495357b95f35bd5d82f88","name":"Rosa","image":{"@type":"ImageObject","inLanguage":"va-ES","@id":"https:\/\/secure.gravatar.com\/avatar\/47fb83d99423a6ef1cf9f83f02a5e91366c671dec76c5c24badf1b0494e1d960?s=96&d=mm&r=g","url":"https:\/\/secure.gravatar.com\/avatar\/47fb83d99423a6ef1cf9f83f02a5e91366c671dec76c5c24badf1b0494e1d960?s=96&d=mm&r=g","contentUrl":"https:\/\/secure.gravatar.com\/avatar\/47fb83d99423a6ef1cf9f83f02a5e91366c671dec76c5c24badf1b0494e1d960?s=96&d=mm&r=g","caption":"Rosa"},"url":"https:\/\/canfali.com\/ca-es\/author\/rosa\/"}]}},"_links":{"self":[{"href":"https:\/\/canfali.com\/ca-es\/wp-json\/wp\/v2\/posts\/95847","targetHints":{"allow":["GET"]}}],"collection":[{"href":"https:\/\/canfali.com\/ca-es\/wp-json\/wp\/v2\/posts"}],"about":[{"href":"https:\/\/canfali.com\/ca-es\/wp-json\/wp\/v2\/types\/post"}],"author":[{"embeddable":true,"href":"https:\/\/canfali.com\/ca-es\/wp-json\/wp\/v2\/users\/6"}],"replies":[{"embeddable":true,"href":"https:\/\/canfali.com\/ca-es\/wp-json\/wp\/v2\/comments?post=95847"}],"version-history":[{"count":4,"href":"https:\/\/canfali.com\/ca-es\/wp-json\/wp\/v2\/posts\/95847\/revisions"}],"predecessor-version":[{"id":95852,"href":"https:\/\/canfali.com\/ca-es\/wp-json\/wp\/v2\/posts\/95847\/revisions\/95852"}],"wp:featuredmedia":[{"embeddable":true,"href":"https:\/\/canfali.com\/ca-es\/wp-json\/wp\/v2\/media\/95825"}],"wp:attachment":[{"href":"https:\/\/canfali.com\/ca-es\/wp-json\/wp\/v2\/media?parent=95847"}],"wp:term":[{"taxonomy":"category","embeddable":true,"href":"https:\/\/canfali.com\/ca-es\/wp-json\/wp\/v2\/categories?post=95847"},{"taxonomy":"post_tag","embeddable":true,"href":"https:\/\/canfali.com\/ca-es\/wp-json\/wp\/v2\/tags?post=95847"}],"curies":[{"name":"wp","href":"https:\/\/api.w.org\/{rel}","templated":true}]}}