{"id":95798,"date":"2026-04-30T09:29:50","date_gmt":"2026-04-30T07:29:50","guid":{"rendered":"https:\/\/canfali.com\/el-gremi-de-la-ferreteria-premia-el-compromis-divan-server-com-a-director-comercial-de-rolser\/"},"modified":"2026-04-30T09:32:34","modified_gmt":"2026-04-30T07:32:34","slug":"el-gremi-de-la-ferreteria-premia-el-compromis-divan-server-com-a-director-comercial-de-rolser","status":"publish","type":"post","link":"https:\/\/canfali.com\/ca-es\/el-gremi-de-la-ferreteria-premia-el-compromis-divan-server-com-a-director-comercial-de-rolser\/","title":{"rendered":"El gremi de la ferreteria premia el comprom\u00eds d&#8217;Iv\u00e1n Server com a director comercial de Rolser"},"content":{"rendered":"\n<p>El reconixement l&#8217;atorga l&#8217;Associaci\u00f3 de Frabricants de Bricolatge i Ferreteria.<\/p>\n\n<p>Iv\u00e1n Server, director comercial de Rolser, ha sigut distingit amb el Premi Comprom\u00eds 2025 atorgat per l\u2019Associaci\u00f3 de Fabricants de Bricolatge i Ferreteria (AFEB), un guard\u00f3 de recent creaci\u00f3 que reconeix la implicaci\u00f3 activa de professionals en el desenvolupament i la dinamitzaci\u00f3 del sector.&#13;\n<\/p>\n\n<p>L\u2019entrega del premi va tindre lloc el passat 10 de mar\u00e7 a Madrid, en el marc de la trobada anual de l\u2019associaci\u00f3, consolidant-se com una iniciativa destinada a refor\u00e7ar la connexi\u00f3 entre empreses i agents de l\u2019\u00e0mbit ferreter.&#13;\n<\/p>\n\n<p>Aquest reconeixement posa en valor la participaci\u00f3 continuada de Server en projectes impulsats per AFEB, aix\u00ed com la seua contribuci\u00f3 a la generaci\u00f3 d\u2019iniciatives orientades a enfortir el teixit empresarial. La seua tasca s\u2019ha centrat a fomentar la col\u00b7laboraci\u00f3 sectorial a trav\u00e9s de trobades professionals, grups de treball, estudis de mercat i espais d\u2019intercanvi de coneixement.&#13;\n<\/p>\n\n<p>Des de Rolser destaquen que aquest guard\u00f3 reflecteix una manera d\u2019entendre la pres\u00e8ncia en el sector que va m\u00e9s enll\u00e0 de l\u2019activitat empresarial. En aquest sentit, subratllen la import\u00e0ncia d\u2019assumir un paper actiu en l\u2019evoluci\u00f3 de la ind\u00fastria, apostant per la cooperaci\u00f3 i la construcci\u00f3 conjunta d\u2019estrat\u00e8gies de futur.&#13;\n<\/p>\n\n<p>El mateix Iv\u00e1n Server ha assenyalat que formar part d\u2019AFEB implica \u201centendre millor el mercat, compartir inquietuds i avan\u00e7ar junt amb altres actors del sector\u201d, destacant la import\u00e0ncia de generar valor des de la implicaci\u00f3 directa. \u201cAquest reconeixement \u00e9s el resultat d\u2019aquesta manera de treballar basada en la col\u00b7laboraci\u00f3 i el comprom\u00eds\u201d, ha afegit.&#13;\n<\/p>\n\n<p>Per a Rolser, la participaci\u00f3 en aquest tipus de plataformes representa una oportunitat clau per a continuar impulsant una visi\u00f3 compartida del sector, basada en la cooperaci\u00f3, la innovaci\u00f3 i el comprom\u00eds sostingut en el temps.&#13;\n<\/p>\n","protected":false},"excerpt":{"rendered":"El reconixement l&#8217;atorga l&#8217;Associaci\u00f3 de Frabricants de Bricolatge i Ferreteria. Iv\u00e1n Server, director comercial de Rolser, ha sigut&hellip;","protected":false},"author":8,"featured_media":95796,"comment_status":"closed","ping_status":"open","sticky":false,"template":"","format":"standard","meta":{"csco_display_header_overlay":false,"csco_singular_sidebar":"","csco_page_header_type":"","csco_page_load_nextpost":"","csco_post_video_location":[],"csco_post_video_location_hash":"","csco_post_video_url":"","csco_post_video_bg_start_time":0,"csco_post_video_bg_end_time":0,"footnotes":""},"categories":[607,577],"tags":[],"class_list":{"0":"post-95798","1":"post","2":"type-post","3":"status-publish","4":"format-standard","5":"has-post-thumbnail","7":"category-economia-i-empreses","8":"category-economia-y-empresas-2","9":"cs-entry","10":"cs-video-wrap"},"yoast_head":"<!-- This site is optimized with the Yoast SEO Premium plugin v26.6 (Yoast SEO v27.3) - https:\/\/yoast.com\/product\/yoast-seo-premium-wordpress\/ -->\n<title>El gremi de la ferreteria premia el comprom\u00eds d&#039;Iv\u00e1n Server com a director comercial de Rolser - Canfali<\/title>\n<meta name=\"description\" content=\"El reconixement l&#039;atorga l&#039;Associaci\u00f3 de Frabricants de Bricolatge i Ferreteria.\" \/>\n<meta name=\"robots\" content=\"index, follow, max-snippet:-1, max-image-preview:large, max-video-preview:-1\" \/>\n<link rel=\"canonical\" href=\"https:\/\/canfali.com\/ca-es\/el-gremi-de-la-ferreteria-premia-el-compromis-divan-server-com-a-director-comercial-de-rolser\/\" \/>\n<meta property=\"og:locale\" content=\"en_US\" \/>\n<meta property=\"og:type\" content=\"article\" \/>\n<meta property=\"og:title\" content=\"El gremi de la ferreteria premia el comprom\u00eds d&#039;Iv\u00e1n Server com a director comercial de Rolser\" \/>\n<meta property=\"og:description\" content=\"El reconixement l&#039;atorga l&#039;Associaci\u00f3 de Frabricants de Bricolatge i Ferreteria.\" \/>\n<meta property=\"og:url\" content=\"https:\/\/canfali.com\/ca-es\/el-gremi-de-la-ferreteria-premia-el-compromis-divan-server-com-a-director-comercial-de-rolser\/\" \/>\n<meta property=\"og:site_name\" content=\"Canfali\" \/>\n<meta property=\"article:publisher\" content=\"https:\/\/es-es.facebook.com\/CANFALIMarinaAlta\" \/>\n<meta property=\"article:published_time\" content=\"2026-04-30T07:29:50+00:00\" \/>\n<meta property=\"article:modified_time\" content=\"2026-04-30T07:32:34+00:00\" \/>\n<meta property=\"og:image\" content=\"https:\/\/canfali.com\/app\/uploads\/2026\/04\/8rolser.jpg\" \/>\n\t<meta property=\"og:image:width\" content=\"812\" \/>\n\t<meta property=\"og:image:height\" content=\"456\" \/>\n\t<meta property=\"og:image:type\" content=\"image\/jpeg\" \/>\n<meta name=\"author\" content=\"Lluis\" \/>\n<meta name=\"twitter:card\" content=\"summary_large_image\" \/>\n<meta name=\"twitter:creator\" content=\"@canfalima\" \/>\n<meta name=\"twitter:site\" content=\"@canfalima\" \/>\n<meta name=\"twitter:label1\" content=\"Written by\" \/>\n\t<meta name=\"twitter:data1\" content=\"Lluis\" \/>\n\t<meta name=\"twitter:label2\" content=\"Est. reading time\" \/>\n\t<meta name=\"twitter:data2\" content=\"2 minutes\" \/>\n<script type=\"application\/ld+json\" class=\"yoast-schema-graph\">{\"@context\":\"https:\\\/\\\/schema.org\",\"@graph\":[{\"@type\":\"NewsArticle\",\"@id\":\"https:\\\/\\\/canfali.com\\\/ca-es\\\/el-gremi-de-la-ferreteria-premia-el-compromis-divan-server-com-a-director-comercial-de-rolser\\\/#article\",\"isPartOf\":{\"@id\":\"https:\\\/\\\/canfali.com\\\/ca-es\\\/el-gremi-de-la-ferreteria-premia-el-compromis-divan-server-com-a-director-comercial-de-rolser\\\/\"},\"author\":{\"name\":\"Lluis\",\"@id\":\"https:\\\/\\\/canfali.com\\\/ca-es\\\/#\\\/schema\\\/person\\\/f540a86fb33e10daaae53c59ceaa1194\"},\"headline\":\"El gremi de la ferreteria premia el comprom\u00eds d&#8217;Iv\u00e1n Server com a director comercial de Rolser\",\"datePublished\":\"2026-04-30T07:29:50+00:00\",\"dateModified\":\"2026-04-30T07:32:34+00:00\",\"mainEntityOfPage\":{\"@id\":\"https:\\\/\\\/canfali.com\\\/ca-es\\\/el-gremi-de-la-ferreteria-premia-el-compromis-divan-server-com-a-director-comercial-de-rolser\\\/\"},\"wordCount\":336,\"publisher\":{\"@id\":\"https:\\\/\\\/canfali.com\\\/ca-es\\\/#organization\"},\"image\":{\"@id\":\"https:\\\/\\\/canfali.com\\\/ca-es\\\/el-gremi-de-la-ferreteria-premia-el-compromis-divan-server-com-a-director-comercial-de-rolser\\\/#primaryimage\"},\"thumbnailUrl\":\"https:\\\/\\\/canfali.com\\\/app\\\/uploads\\\/2026\\\/04\\\/8rolser.jpg\",\"articleSection\":[\"Economia i Empreses\",\"Econom\u00eda y Empresas\"],\"inLanguage\":\"va-ES\",\"copyrightYear\":\"2026\",\"copyrightHolder\":{\"@id\":\"https:\\\/\\\/canfali.com\\\/#organization\"}},{\"@type\":\"WebPage\",\"@id\":\"https:\\\/\\\/canfali.com\\\/ca-es\\\/el-gremi-de-la-ferreteria-premia-el-compromis-divan-server-com-a-director-comercial-de-rolser\\\/\",\"url\":\"https:\\\/\\\/canfali.com\\\/ca-es\\\/el-gremi-de-la-ferreteria-premia-el-compromis-divan-server-com-a-director-comercial-de-rolser\\\/\",\"name\":\"El gremi de la ferreteria premia el comprom\u00eds d'Iv\u00e1n Server com a director comercial de Rolser - Canfali\",\"isPartOf\":{\"@id\":\"https:\\\/\\\/canfali.com\\\/ca-es\\\/#website\"},\"primaryImageOfPage\":{\"@id\":\"https:\\\/\\\/canfali.com\\\/ca-es\\\/el-gremi-de-la-ferreteria-premia-el-compromis-divan-server-com-a-director-comercial-de-rolser\\\/#primaryimage\"},\"image\":{\"@id\":\"https:\\\/\\\/canfali.com\\\/ca-es\\\/el-gremi-de-la-ferreteria-premia-el-compromis-divan-server-com-a-director-comercial-de-rolser\\\/#primaryimage\"},\"thumbnailUrl\":\"https:\\\/\\\/canfali.com\\\/app\\\/uploads\\\/2026\\\/04\\\/8rolser.jpg\",\"datePublished\":\"2026-04-30T07:29:50+00:00\",\"dateModified\":\"2026-04-30T07:32:34+00:00\",\"description\":\"El reconixement l'atorga l'Associaci\u00f3 de Frabricants de Bricolatge i Ferreteria.\",\"breadcrumb\":{\"@id\":\"https:\\\/\\\/canfali.com\\\/ca-es\\\/el-gremi-de-la-ferreteria-premia-el-compromis-divan-server-com-a-director-comercial-de-rolser\\\/#breadcrumb\"},\"inLanguage\":\"va-ES\",\"potentialAction\":[{\"@type\":\"ReadAction\",\"target\":[\"https:\\\/\\\/canfali.com\\\/ca-es\\\/el-gremi-de-la-ferreteria-premia-el-compromis-divan-server-com-a-director-comercial-de-rolser\\\/\"]}]},{\"@type\":\"ImageObject\",\"inLanguage\":\"va-ES\",\"@id\":\"https:\\\/\\\/canfali.com\\\/ca-es\\\/el-gremi-de-la-ferreteria-premia-el-compromis-divan-server-com-a-director-comercial-de-rolser\\\/#primaryimage\",\"url\":\"https:\\\/\\\/canfali.com\\\/app\\\/uploads\\\/2026\\\/04\\\/8rolser.jpg\",\"contentUrl\":\"https:\\\/\\\/canfali.com\\\/app\\\/uploads\\\/2026\\\/04\\\/8rolser.jpg\",\"width\":812,\"height\":456,\"caption\":\"Screenshot\"},{\"@type\":\"BreadcrumbList\",\"@id\":\"https:\\\/\\\/canfali.com\\\/ca-es\\\/el-gremi-de-la-ferreteria-premia-el-compromis-divan-server-com-a-director-comercial-de-rolser\\\/#breadcrumb\",\"itemListElement\":[{\"@type\":\"ListItem\",\"position\":1,\"name\":\"Portada\",\"item\":\"https:\\\/\\\/canfali.com\\\/ca-es\\\/\"},{\"@type\":\"ListItem\",\"position\":2,\"name\":\"El gremi de la ferreteria premia el comprom\u00eds d&#8217;Iv\u00e1n Server com a director comercial de Rolser\"}]},{\"@type\":\"WebSite\",\"@id\":\"https:\\\/\\\/canfali.com\\\/ca-es\\\/#website\",\"url\":\"https:\\\/\\\/canfali.com\\\/ca-es\\\/\",\"name\":\"Canfali\",\"description\":\"\",\"publisher\":{\"@id\":\"https:\\\/\\\/canfali.com\\\/ca-es\\\/#organization\"},\"potentialAction\":[{\"@type\":\"SearchAction\",\"target\":{\"@type\":\"EntryPoint\",\"urlTemplate\":\"https:\\\/\\\/canfali.com\\\/ca-es\\\/?s={search_term_string}\"},\"query-input\":{\"@type\":\"PropertyValueSpecification\",\"valueRequired\":true,\"valueName\":\"search_term_string\"}}],\"inLanguage\":\"va-ES\"},{\"@type\":\"Organization\",\"@id\":\"https:\\\/\\\/canfali.com\\\/ca-es\\\/#organization\",\"name\":\"Canfali\",\"url\":\"https:\\\/\\\/canfali.com\\\/ca-es\\\/\",\"logo\":{\"@type\":\"ImageObject\",\"inLanguage\":\"va-ES\",\"@id\":\"https:\\\/\\\/canfali.com\\\/ca-es\\\/#\\\/schema\\\/logo\\\/image\\\/\",\"url\":\"https:\\\/\\\/canfali.com\\\/app\\\/uploads\\\/2025\\\/12\\\/canfali_marina_alta_logo.png\",\"contentUrl\":\"https:\\\/\\\/canfali.com\\\/app\\\/uploads\\\/2025\\\/12\\\/canfali_marina_alta_logo.png\",\"width\":225,\"height\":225,\"caption\":\"Canfali\"},\"image\":{\"@id\":\"https:\\\/\\\/canfali.com\\\/ca-es\\\/#\\\/schema\\\/logo\\\/image\\\/\"},\"sameAs\":[\"https:\\\/\\\/es-es.facebook.com\\\/CANFALIMarinaAlta\",\"https:\\\/\\\/x.com\\\/canfalima\",\"https:\\\/\\\/www.instagram.com\\\/canfalimarinaalta\\\/\"]},{\"@type\":\"Person\",\"@id\":\"https:\\\/\\\/canfali.com\\\/ca-es\\\/#\\\/schema\\\/person\\\/f540a86fb33e10daaae53c59ceaa1194\",\"name\":\"Lluis\",\"image\":{\"@type\":\"ImageObject\",\"inLanguage\":\"va-ES\",\"@id\":\"https:\\\/\\\/secure.gravatar.com\\\/avatar\\\/a21ec8835290e4e02ed0886b8cb327d807d0eb6ec8ccf25d4c2a0a415f506c0d?s=96&d=mm&r=g\",\"url\":\"https:\\\/\\\/secure.gravatar.com\\\/avatar\\\/a21ec8835290e4e02ed0886b8cb327d807d0eb6ec8ccf25d4c2a0a415f506c0d?s=96&d=mm&r=g\",\"contentUrl\":\"https:\\\/\\\/secure.gravatar.com\\\/avatar\\\/a21ec8835290e4e02ed0886b8cb327d807d0eb6ec8ccf25d4c2a0a415f506c0d?s=96&d=mm&r=g\",\"caption\":\"Lluis\"},\"url\":\"https:\\\/\\\/canfali.com\\\/ca-es\\\/author\\\/lluis\\\/\"}]}<\/script>\n<!-- \/ Yoast SEO Premium plugin. -->","yoast_head_json":{"title":"El gremi de la ferreteria premia el comprom\u00eds d'Iv\u00e1n Server com a director comercial de Rolser - Canfali","description":"El reconixement l'atorga l'Associaci\u00f3 de Frabricants de Bricolatge i Ferreteria.","robots":{"index":"index","follow":"follow","max-snippet":"max-snippet:-1","max-image-preview":"max-image-preview:large","max-video-preview":"max-video-preview:-1"},"canonical":"https:\/\/canfali.com\/ca-es\/el-gremi-de-la-ferreteria-premia-el-compromis-divan-server-com-a-director-comercial-de-rolser\/","og_locale":"en_US","og_type":"article","og_title":"El gremi de la ferreteria premia el comprom\u00eds d'Iv\u00e1n Server com a director comercial de Rolser","og_description":"El reconixement l'atorga l'Associaci\u00f3 de Frabricants de Bricolatge i Ferreteria.","og_url":"https:\/\/canfali.com\/ca-es\/el-gremi-de-la-ferreteria-premia-el-compromis-divan-server-com-a-director-comercial-de-rolser\/","og_site_name":"Canfali","article_publisher":"https:\/\/es-es.facebook.com\/CANFALIMarinaAlta","article_published_time":"2026-04-30T07:29:50+00:00","article_modified_time":"2026-04-30T07:32:34+00:00","og_image":[{"width":812,"height":456,"url":"https:\/\/canfali.com\/app\/uploads\/2026\/04\/8rolser.jpg","type":"image\/jpeg"}],"author":"Lluis","twitter_card":"summary_large_image","twitter_creator":"@canfalima","twitter_site":"@canfalima","twitter_misc":{"Written by":"Lluis","Est. reading time":"2 minutes"},"schema":{"@context":"https:\/\/schema.org","@graph":[{"@type":"NewsArticle","@id":"https:\/\/canfali.com\/ca-es\/el-gremi-de-la-ferreteria-premia-el-compromis-divan-server-com-a-director-comercial-de-rolser\/#article","isPartOf":{"@id":"https:\/\/canfali.com\/ca-es\/el-gremi-de-la-ferreteria-premia-el-compromis-divan-server-com-a-director-comercial-de-rolser\/"},"author":{"name":"Lluis","@id":"https:\/\/canfali.com\/ca-es\/#\/schema\/person\/f540a86fb33e10daaae53c59ceaa1194"},"headline":"El gremi de la ferreteria premia el comprom\u00eds d&#8217;Iv\u00e1n Server com a director comercial de Rolser","datePublished":"2026-04-30T07:29:50+00:00","dateModified":"2026-04-30T07:32:34+00:00","mainEntityOfPage":{"@id":"https:\/\/canfali.com\/ca-es\/el-gremi-de-la-ferreteria-premia-el-compromis-divan-server-com-a-director-comercial-de-rolser\/"},"wordCount":336,"publisher":{"@id":"https:\/\/canfali.com\/ca-es\/#organization"},"image":{"@id":"https:\/\/canfali.com\/ca-es\/el-gremi-de-la-ferreteria-premia-el-compromis-divan-server-com-a-director-comercial-de-rolser\/#primaryimage"},"thumbnailUrl":"https:\/\/canfali.com\/app\/uploads\/2026\/04\/8rolser.jpg","articleSection":["Economia i Empreses","Econom\u00eda y Empresas"],"inLanguage":"va-ES","copyrightYear":"2026","copyrightHolder":{"@id":"https:\/\/canfali.com\/#organization"}},{"@type":"WebPage","@id":"https:\/\/canfali.com\/ca-es\/el-gremi-de-la-ferreteria-premia-el-compromis-divan-server-com-a-director-comercial-de-rolser\/","url":"https:\/\/canfali.com\/ca-es\/el-gremi-de-la-ferreteria-premia-el-compromis-divan-server-com-a-director-comercial-de-rolser\/","name":"El gremi de la ferreteria premia el comprom\u00eds d'Iv\u00e1n Server com a director comercial de Rolser - Canfali","isPartOf":{"@id":"https:\/\/canfali.com\/ca-es\/#website"},"primaryImageOfPage":{"@id":"https:\/\/canfali.com\/ca-es\/el-gremi-de-la-ferreteria-premia-el-compromis-divan-server-com-a-director-comercial-de-rolser\/#primaryimage"},"image":{"@id":"https:\/\/canfali.com\/ca-es\/el-gremi-de-la-ferreteria-premia-el-compromis-divan-server-com-a-director-comercial-de-rolser\/#primaryimage"},"thumbnailUrl":"https:\/\/canfali.com\/app\/uploads\/2026\/04\/8rolser.jpg","datePublished":"2026-04-30T07:29:50+00:00","dateModified":"2026-04-30T07:32:34+00:00","description":"El reconixement l'atorga l'Associaci\u00f3 de Frabricants de Bricolatge i Ferreteria.","breadcrumb":{"@id":"https:\/\/canfali.com\/ca-es\/el-gremi-de-la-ferreteria-premia-el-compromis-divan-server-com-a-director-comercial-de-rolser\/#breadcrumb"},"inLanguage":"va-ES","potentialAction":[{"@type":"ReadAction","target":["https:\/\/canfali.com\/ca-es\/el-gremi-de-la-ferreteria-premia-el-compromis-divan-server-com-a-director-comercial-de-rolser\/"]}]},{"@type":"ImageObject","inLanguage":"va-ES","@id":"https:\/\/canfali.com\/ca-es\/el-gremi-de-la-ferreteria-premia-el-compromis-divan-server-com-a-director-comercial-de-rolser\/#primaryimage","url":"https:\/\/canfali.com\/app\/uploads\/2026\/04\/8rolser.jpg","contentUrl":"https:\/\/canfali.com\/app\/uploads\/2026\/04\/8rolser.jpg","width":812,"height":456,"caption":"Screenshot"},{"@type":"BreadcrumbList","@id":"https:\/\/canfali.com\/ca-es\/el-gremi-de-la-ferreteria-premia-el-compromis-divan-server-com-a-director-comercial-de-rolser\/#breadcrumb","itemListElement":[{"@type":"ListItem","position":1,"name":"Portada","item":"https:\/\/canfali.com\/ca-es\/"},{"@type":"ListItem","position":2,"name":"El gremi de la ferreteria premia el comprom\u00eds d&#8217;Iv\u00e1n Server com a director comercial de Rolser"}]},{"@type":"WebSite","@id":"https:\/\/canfali.com\/ca-es\/#website","url":"https:\/\/canfali.com\/ca-es\/","name":"Canfali","description":"","publisher":{"@id":"https:\/\/canfali.com\/ca-es\/#organization"},"potentialAction":[{"@type":"SearchAction","target":{"@type":"EntryPoint","urlTemplate":"https:\/\/canfali.com\/ca-es\/?s={search_term_string}"},"query-input":{"@type":"PropertyValueSpecification","valueRequired":true,"valueName":"search_term_string"}}],"inLanguage":"va-ES"},{"@type":"Organization","@id":"https:\/\/canfali.com\/ca-es\/#organization","name":"Canfali","url":"https:\/\/canfali.com\/ca-es\/","logo":{"@type":"ImageObject","inLanguage":"va-ES","@id":"https:\/\/canfali.com\/ca-es\/#\/schema\/logo\/image\/","url":"https:\/\/canfali.com\/app\/uploads\/2025\/12\/canfali_marina_alta_logo.png","contentUrl":"https:\/\/canfali.com\/app\/uploads\/2025\/12\/canfali_marina_alta_logo.png","width":225,"height":225,"caption":"Canfali"},"image":{"@id":"https:\/\/canfali.com\/ca-es\/#\/schema\/logo\/image\/"},"sameAs":["https:\/\/es-es.facebook.com\/CANFALIMarinaAlta","https:\/\/x.com\/canfalima","https:\/\/www.instagram.com\/canfalimarinaalta\/"]},{"@type":"Person","@id":"https:\/\/canfali.com\/ca-es\/#\/schema\/person\/f540a86fb33e10daaae53c59ceaa1194","name":"Lluis","image":{"@type":"ImageObject","inLanguage":"va-ES","@id":"https:\/\/secure.gravatar.com\/avatar\/a21ec8835290e4e02ed0886b8cb327d807d0eb6ec8ccf25d4c2a0a415f506c0d?s=96&d=mm&r=g","url":"https:\/\/secure.gravatar.com\/avatar\/a21ec8835290e4e02ed0886b8cb327d807d0eb6ec8ccf25d4c2a0a415f506c0d?s=96&d=mm&r=g","contentUrl":"https:\/\/secure.gravatar.com\/avatar\/a21ec8835290e4e02ed0886b8cb327d807d0eb6ec8ccf25d4c2a0a415f506c0d?s=96&d=mm&r=g","caption":"Lluis"},"url":"https:\/\/canfali.com\/ca-es\/author\/lluis\/"}]}},"_links":{"self":[{"href":"https:\/\/canfali.com\/ca-es\/wp-json\/wp\/v2\/posts\/95798","targetHints":{"allow":["GET"]}}],"collection":[{"href":"https:\/\/canfali.com\/ca-es\/wp-json\/wp\/v2\/posts"}],"about":[{"href":"https:\/\/canfali.com\/ca-es\/wp-json\/wp\/v2\/types\/post"}],"author":[{"embeddable":true,"href":"https:\/\/canfali.com\/ca-es\/wp-json\/wp\/v2\/users\/8"}],"replies":[{"embeddable":true,"href":"https:\/\/canfali.com\/ca-es\/wp-json\/wp\/v2\/comments?post=95798"}],"version-history":[{"count":1,"href":"https:\/\/canfali.com\/ca-es\/wp-json\/wp\/v2\/posts\/95798\/revisions"}],"predecessor-version":[{"id":95799,"href":"https:\/\/canfali.com\/ca-es\/wp-json\/wp\/v2\/posts\/95798\/revisions\/95799"}],"wp:featuredmedia":[{"embeddable":true,"href":"https:\/\/canfali.com\/ca-es\/wp-json\/wp\/v2\/media\/95796"}],"wp:attachment":[{"href":"https:\/\/canfali.com\/ca-es\/wp-json\/wp\/v2\/media?parent=95798"}],"wp:term":[{"taxonomy":"category","embeddable":true,"href":"https:\/\/canfali.com\/ca-es\/wp-json\/wp\/v2\/categories?post=95798"},{"taxonomy":"post_tag","embeddable":true,"href":"https:\/\/canfali.com\/ca-es\/wp-json\/wp\/v2\/tags?post=95798"}],"curies":[{"name":"wp","href":"https:\/\/api.w.org\/{rel}","templated":true}]}}