{"id":95791,"date":"2026-04-30T09:15:39","date_gmt":"2026-04-30T07:15:39","guid":{"rendered":"https:\/\/canfali.com\/lactor-octavi-pujades-presidira-el-jurat-de-la-ii-edicio-del-festival-benissa-en-curt\/"},"modified":"2026-04-30T09:17:31","modified_gmt":"2026-04-30T07:17:31","slug":"lactor-octavi-pujades-presidira-el-jurat-de-la-ii-edicio-del-festival-benissa-en-curt","status":"publish","type":"post","link":"https:\/\/canfali.com\/ca-es\/lactor-octavi-pujades-presidira-el-jurat-de-la-ii-edicio-del-festival-benissa-en-curt\/","title":{"rendered":"L\u2019actor Octavi Pujades presidir\u00e0 el jurat de la II edici\u00f3 del festival Benissa en Curt"},"content":{"rendered":"\n<p><p class=\"p1\">L\u2019actor catal\u00e0 aportar\u00e0 experi\u00e8ncia i prestigi a un certamen que busca consolidar-se com a referent del talent emergent<\/p><\/p>\n\n<p>El Festival de Cinema Benissa en Curt fa un pas endavant en la seua segona edici\u00f3 amb la incorporaci\u00f3 de l\u2019actor Octavi Pujades com a president del jurat. Amb una \u00e0mplia traject\u00f2ria en cinema, teatre i televisi\u00f3, l\u2019int\u00e8rpret se situa al capdavant d\u2019un comit\u00e9 que promet elevar el nivell del certamen i refor\u00e7ar la seua projecci\u00f3 dins del panorama audiovisual.&#13;\n<\/p>\n\n<p>Pujades \u00e9s una figura consolidada i vers\u00e0til, reconeguda tant pel p\u00fablic com per la cr\u00edtica gr\u00e0cies a la seua capacitat per moure\u2019s amb solv\u00e8ncia entre diferents g\u00e8neres i formats. La seua pres\u00e8ncia en Benissa en Curt suposa un suport significatiu per a una iniciativa que aposta per donar visibilitat a noves veus del cinema.&#13;\n<\/p>\n\n<p>En televisi\u00f3, l\u2019actor va assolir una gran popularitat amb la seua participaci\u00f3 en s\u00e8ries d\u2019\u00e8xit com \u201cAl salir de clase\u201d, \u201cUn paso adelante\u201d, \u201cCuenta atr\u00e1s\u201d, \u201cPlanta 25\u201d, \u201cLaLola\u201d, \u201cAmar es para siempre\u201d, \u201cCiega a citas\u201d, \u201cCentro m\u00e9dico\u201d i \u201cAcacias 38\u201d. A m\u00e9s, ha format part de programes d\u2019entreteniment \u00e0mpliament coneguts com \u201cPek\u00edn Express\u201d, \u201cPasapalabra\u201d i \u201cTu cara me suena\u201d, consolidant-se com un dels rostres m\u00e9s recognoscibles de la xicoteta pantalla.&#13;\n<\/p>\n\n<p>La seua traject\u00f2ria cinematogr\u00e0fica inclou t\u00edtols com \u201cBarbie Killers\u201d, \u201cLis\u00edstrata\u201d, \u201cSlam\u201d, \u201cEl clan\u201d, \u201cTres bodas de m\u00e1s\u201d, \u201cBurundanga\u201d i \u201cCuerpo de \u00e9lite\u201d, treballs que evidencien la seua inquietud art\u00edstica i la seua capacitat per adaptar-se a diferents registres narratius.&#13;\n<\/p>\n\n<figure class=\"wp-block-image size-large\"><img fetchpriority=\"high\" decoding=\"async\" width=\"1024\" height=\"1024\" src=\"https:\/\/canfali.com\/app\/uploads\/2026\/04\/octavi-pujades-1024x1024.jpeg\" alt=\"\" class=\"wp-image-95788\" srcset=\"https:\/\/canfali.com\/app\/uploads\/2026\/04\/octavi-pujades-1024x1024.jpeg 1024w, https:\/\/canfali.com\/app\/uploads\/2026\/04\/octavi-pujades-300x300.jpeg 300w, https:\/\/canfali.com\/app\/uploads\/2026\/04\/octavi-pujades-150x150.jpeg 150w, https:\/\/canfali.com\/app\/uploads\/2026\/04\/octavi-pujades-768x768.jpeg 768w, https:\/\/canfali.com\/app\/uploads\/2026\/04\/octavi-pujades-72x72.jpeg 72w, https:\/\/canfali.com\/app\/uploads\/2026\/04\/octavi-pujades-144x144.jpeg 144w, https:\/\/canfali.com\/app\/uploads\/2026\/04\/octavi-pujades-332x332.jpeg 332w, https:\/\/canfali.com\/app\/uploads\/2026\/04\/octavi-pujades-664x664.jpeg 664w, https:\/\/canfali.com\/app\/uploads\/2026\/04\/octavi-pujades-688x688.jpeg 688w, https:\/\/canfali.com\/app\/uploads\/2026\/04\/octavi-pujades-1044x1044.jpeg 1044w, https:\/\/canfali.com\/app\/uploads\/2026\/04\/octavi-pujades.jpeg 1080w\" sizes=\"(max-width: 1024px) 100vw, 1024px\" \/><\/figure>\n\n<p>El teatre ha sigut tamb\u00e9 una pe\u00e7a clau en la seua carrera. Sobre els escenaris ha participat en muntatges com \u201cTres\u201d, \u201cPerdona bonita pero Lucas me quer\u00eda a m\u00ed\u201d, \u201cOh Mami\u201d, \u201cEl guardaespaldas, el musical\u201d i \u201cEl joc de la veritat\u201d. Actualment, protagonitza a Barcelona l\u2019obra \u201cLa ratonera\u201d, el c\u00e8lebre cl\u00e0ssic de suspens d\u2019Agatha Christie que continua atraient noves generacions d\u2019espectadors.&#13;\n<\/p>\n\n<p>A aquesta s\u00f2lida traject\u00f2ria se suma la seua proximitat amb el p\u00fablic a trav\u00e9s de les xarxes socials, on comparteix continguts d\u2019humor que mostren una faceta m\u00e9s personal i desenfadada.&#13;\n<\/p>\n\n<p>Des de l\u2019organitzaci\u00f3 del festival destaquen que la incorporaci\u00f3 d\u2019Octavi Pujades aporta \u201cprestigi, experi\u00e8ncia i sensibilitat art\u00edstica\u201d a aquesta edici\u00f3. La seua mirada, forjada al llarg d\u2019anys de treball en diferents disciplines, ser\u00e0 clau per a valorar les propostes que competiran en el certamen.<\/p>\n","protected":false},"excerpt":{"rendered":"L\u2019actor catal\u00e0 aportar\u00e0 experi\u00e8ncia i prestigi a un certamen que busca consolidar-se com a referent del talent emergent&hellip;","protected":false},"author":8,"featured_media":95787,"comment_status":"closed","ping_status":"open","sticky":false,"template":"","format":"standard","meta":{"csco_display_header_overlay":false,"csco_singular_sidebar":"","csco_page_header_type":"","csco_page_load_nextpost":"","csco_post_video_location":[],"csco_post_video_location_hash":"","csco_post_video_url":"","csco_post_video_bg_start_time":0,"csco_post_video_bg_end_time":0,"footnotes":""},"categories":[579,597],"tags":[],"class_list":{"0":"post-95791","1":"post","2":"type-post","3":"status-publish","4":"format-standard","5":"has-post-thumbnail","7":"category-cultura-2","8":"category-cultura-ca-es","9":"cs-entry","10":"cs-video-wrap"},"yoast_head":"<!-- This site is optimized with the Yoast SEO Premium plugin v26.6 (Yoast SEO v27.3) - https:\/\/yoast.com\/product\/yoast-seo-premium-wordpress\/ -->\n<title>L\u2019actor Octavi Pujades presidir\u00e0 el jurat de la II edici\u00f3 del festival Benissa en Curt - Canfali<\/title>\n<meta name=\"description\" content=\"Des de l\u2019organitzaci\u00f3 destaquen que la incorporaci\u00f3 d\u2019Octavi Pujades aporta \u201cprestigi, experi\u00e8ncia i sensibilitat art\u00edstica\u201d al festival\" \/>\n<meta name=\"robots\" content=\"index, follow, max-snippet:-1, max-image-preview:large, max-video-preview:-1\" \/>\n<link rel=\"canonical\" href=\"https:\/\/canfali.com\/ca-es\/lactor-octavi-pujades-presidira-el-jurat-de-la-ii-edicio-del-festival-benissa-en-curt\/\" \/>\n<meta property=\"og:locale\" content=\"en_US\" \/>\n<meta property=\"og:type\" content=\"article\" \/>\n<meta property=\"og:title\" content=\"L\u2019actor Octavi Pujades presidir\u00e0 el jurat de la II edici\u00f3 del festival Benissa en Curt\" \/>\n<meta property=\"og:description\" content=\"Des de l\u2019organitzaci\u00f3 destaquen que la incorporaci\u00f3 d\u2019Octavi Pujades aporta \u201cprestigi, experi\u00e8ncia i sensibilitat art\u00edstica\u201d al festival\" \/>\n<meta property=\"og:url\" content=\"https:\/\/canfali.com\/ca-es\/lactor-octavi-pujades-presidira-el-jurat-de-la-ii-edicio-del-festival-benissa-en-curt\/\" \/>\n<meta property=\"og:site_name\" content=\"Canfali\" \/>\n<meta property=\"article:publisher\" content=\"https:\/\/es-es.facebook.com\/CANFALIMarinaAlta\" \/>\n<meta property=\"article:published_time\" content=\"2026-04-30T07:15:39+00:00\" \/>\n<meta property=\"article:modified_time\" content=\"2026-04-30T07:17:31+00:00\" \/>\n<meta property=\"og:image\" content=\"https:\/\/canfali.com\/app\/uploads\/2026\/04\/8cinebenissa.jpg\" \/>\n\t<meta property=\"og:image:width\" content=\"812\" \/>\n\t<meta property=\"og:image:height\" content=\"456\" \/>\n\t<meta property=\"og:image:type\" content=\"image\/jpeg\" \/>\n<meta name=\"author\" content=\"Lluis\" \/>\n<meta name=\"twitter:card\" content=\"summary_large_image\" \/>\n<meta name=\"twitter:creator\" content=\"@canfalima\" \/>\n<meta name=\"twitter:site\" content=\"@canfalima\" \/>\n<meta name=\"twitter:label1\" content=\"Written by\" \/>\n\t<meta name=\"twitter:data1\" content=\"Lluis\" \/>\n\t<meta name=\"twitter:label2\" content=\"Est. reading time\" \/>\n\t<meta name=\"twitter:data2\" content=\"2 minutes\" \/>\n<script type=\"application\/ld+json\" class=\"yoast-schema-graph\">{\"@context\":\"https:\\\/\\\/schema.org\",\"@graph\":[{\"@type\":\"NewsArticle\",\"@id\":\"https:\\\/\\\/canfali.com\\\/ca-es\\\/lactor-octavi-pujades-presidira-el-jurat-de-la-ii-edicio-del-festival-benissa-en-curt\\\/#article\",\"isPartOf\":{\"@id\":\"https:\\\/\\\/canfali.com\\\/ca-es\\\/lactor-octavi-pujades-presidira-el-jurat-de-la-ii-edicio-del-festival-benissa-en-curt\\\/\"},\"author\":{\"name\":\"Lluis\",\"@id\":\"https:\\\/\\\/canfali.com\\\/ca-es\\\/#\\\/schema\\\/person\\\/f540a86fb33e10daaae53c59ceaa1194\"},\"headline\":\"L\u2019actor Octavi Pujades presidir\u00e0 el jurat de la II edici\u00f3 del festival Benissa en Curt\",\"datePublished\":\"2026-04-30T07:15:39+00:00\",\"dateModified\":\"2026-04-30T07:17:31+00:00\",\"mainEntityOfPage\":{\"@id\":\"https:\\\/\\\/canfali.com\\\/ca-es\\\/lactor-octavi-pujades-presidira-el-jurat-de-la-ii-edicio-del-festival-benissa-en-curt\\\/\"},\"wordCount\":439,\"publisher\":{\"@id\":\"https:\\\/\\\/canfali.com\\\/ca-es\\\/#organization\"},\"image\":{\"@id\":\"https:\\\/\\\/canfali.com\\\/ca-es\\\/lactor-octavi-pujades-presidira-el-jurat-de-la-ii-edicio-del-festival-benissa-en-curt\\\/#primaryimage\"},\"thumbnailUrl\":\"https:\\\/\\\/canfali.com\\\/app\\\/uploads\\\/2026\\\/04\\\/8cinebenissa.jpg\",\"articleSection\":[\"Cultura\",\"Cultura\"],\"inLanguage\":\"va-ES\",\"copyrightYear\":\"2026\",\"copyrightHolder\":{\"@id\":\"https:\\\/\\\/canfali.com\\\/#organization\"}},{\"@type\":\"WebPage\",\"@id\":\"https:\\\/\\\/canfali.com\\\/ca-es\\\/lactor-octavi-pujades-presidira-el-jurat-de-la-ii-edicio-del-festival-benissa-en-curt\\\/\",\"url\":\"https:\\\/\\\/canfali.com\\\/ca-es\\\/lactor-octavi-pujades-presidira-el-jurat-de-la-ii-edicio-del-festival-benissa-en-curt\\\/\",\"name\":\"L\u2019actor Octavi Pujades presidir\u00e0 el jurat de la II edici\u00f3 del festival Benissa en Curt - Canfali\",\"isPartOf\":{\"@id\":\"https:\\\/\\\/canfali.com\\\/ca-es\\\/#website\"},\"primaryImageOfPage\":{\"@id\":\"https:\\\/\\\/canfali.com\\\/ca-es\\\/lactor-octavi-pujades-presidira-el-jurat-de-la-ii-edicio-del-festival-benissa-en-curt\\\/#primaryimage\"},\"image\":{\"@id\":\"https:\\\/\\\/canfali.com\\\/ca-es\\\/lactor-octavi-pujades-presidira-el-jurat-de-la-ii-edicio-del-festival-benissa-en-curt\\\/#primaryimage\"},\"thumbnailUrl\":\"https:\\\/\\\/canfali.com\\\/app\\\/uploads\\\/2026\\\/04\\\/8cinebenissa.jpg\",\"datePublished\":\"2026-04-30T07:15:39+00:00\",\"dateModified\":\"2026-04-30T07:17:31+00:00\",\"description\":\"Des de l\u2019organitzaci\u00f3 destaquen que la incorporaci\u00f3 d\u2019Octavi Pujades aporta \u201cprestigi, experi\u00e8ncia i sensibilitat art\u00edstica\u201d al festival\",\"breadcrumb\":{\"@id\":\"https:\\\/\\\/canfali.com\\\/ca-es\\\/lactor-octavi-pujades-presidira-el-jurat-de-la-ii-edicio-del-festival-benissa-en-curt\\\/#breadcrumb\"},\"inLanguage\":\"va-ES\",\"potentialAction\":[{\"@type\":\"ReadAction\",\"target\":[\"https:\\\/\\\/canfali.com\\\/ca-es\\\/lactor-octavi-pujades-presidira-el-jurat-de-la-ii-edicio-del-festival-benissa-en-curt\\\/\"]}]},{\"@type\":\"ImageObject\",\"inLanguage\":\"va-ES\",\"@id\":\"https:\\\/\\\/canfali.com\\\/ca-es\\\/lactor-octavi-pujades-presidira-el-jurat-de-la-ii-edicio-del-festival-benissa-en-curt\\\/#primaryimage\",\"url\":\"https:\\\/\\\/canfali.com\\\/app\\\/uploads\\\/2026\\\/04\\\/8cinebenissa.jpg\",\"contentUrl\":\"https:\\\/\\\/canfali.com\\\/app\\\/uploads\\\/2026\\\/04\\\/8cinebenissa.jpg\",\"width\":812,\"height\":456,\"caption\":\"Screenshot\"},{\"@type\":\"BreadcrumbList\",\"@id\":\"https:\\\/\\\/canfali.com\\\/ca-es\\\/lactor-octavi-pujades-presidira-el-jurat-de-la-ii-edicio-del-festival-benissa-en-curt\\\/#breadcrumb\",\"itemListElement\":[{\"@type\":\"ListItem\",\"position\":1,\"name\":\"Portada\",\"item\":\"https:\\\/\\\/canfali.com\\\/ca-es\\\/\"},{\"@type\":\"ListItem\",\"position\":2,\"name\":\"L\u2019actor Octavi Pujades presidir\u00e0 el jurat de la II edici\u00f3 del festival Benissa en Curt\"}]},{\"@type\":\"WebSite\",\"@id\":\"https:\\\/\\\/canfali.com\\\/ca-es\\\/#website\",\"url\":\"https:\\\/\\\/canfali.com\\\/ca-es\\\/\",\"name\":\"Canfali\",\"description\":\"\",\"publisher\":{\"@id\":\"https:\\\/\\\/canfali.com\\\/ca-es\\\/#organization\"},\"potentialAction\":[{\"@type\":\"SearchAction\",\"target\":{\"@type\":\"EntryPoint\",\"urlTemplate\":\"https:\\\/\\\/canfali.com\\\/ca-es\\\/?s={search_term_string}\"},\"query-input\":{\"@type\":\"PropertyValueSpecification\",\"valueRequired\":true,\"valueName\":\"search_term_string\"}}],\"inLanguage\":\"va-ES\"},{\"@type\":\"Organization\",\"@id\":\"https:\\\/\\\/canfali.com\\\/ca-es\\\/#organization\",\"name\":\"Canfali\",\"url\":\"https:\\\/\\\/canfali.com\\\/ca-es\\\/\",\"logo\":{\"@type\":\"ImageObject\",\"inLanguage\":\"va-ES\",\"@id\":\"https:\\\/\\\/canfali.com\\\/ca-es\\\/#\\\/schema\\\/logo\\\/image\\\/\",\"url\":\"https:\\\/\\\/canfali.com\\\/app\\\/uploads\\\/2025\\\/12\\\/canfali_marina_alta_logo.png\",\"contentUrl\":\"https:\\\/\\\/canfali.com\\\/app\\\/uploads\\\/2025\\\/12\\\/canfali_marina_alta_logo.png\",\"width\":225,\"height\":225,\"caption\":\"Canfali\"},\"image\":{\"@id\":\"https:\\\/\\\/canfali.com\\\/ca-es\\\/#\\\/schema\\\/logo\\\/image\\\/\"},\"sameAs\":[\"https:\\\/\\\/es-es.facebook.com\\\/CANFALIMarinaAlta\",\"https:\\\/\\\/x.com\\\/canfalima\",\"https:\\\/\\\/www.instagram.com\\\/canfalimarinaalta\\\/\"]},{\"@type\":\"Person\",\"@id\":\"https:\\\/\\\/canfali.com\\\/ca-es\\\/#\\\/schema\\\/person\\\/f540a86fb33e10daaae53c59ceaa1194\",\"name\":\"Lluis\",\"image\":{\"@type\":\"ImageObject\",\"inLanguage\":\"va-ES\",\"@id\":\"https:\\\/\\\/secure.gravatar.com\\\/avatar\\\/a21ec8835290e4e02ed0886b8cb327d807d0eb6ec8ccf25d4c2a0a415f506c0d?s=96&d=mm&r=g\",\"url\":\"https:\\\/\\\/secure.gravatar.com\\\/avatar\\\/a21ec8835290e4e02ed0886b8cb327d807d0eb6ec8ccf25d4c2a0a415f506c0d?s=96&d=mm&r=g\",\"contentUrl\":\"https:\\\/\\\/secure.gravatar.com\\\/avatar\\\/a21ec8835290e4e02ed0886b8cb327d807d0eb6ec8ccf25d4c2a0a415f506c0d?s=96&d=mm&r=g\",\"caption\":\"Lluis\"},\"url\":\"https:\\\/\\\/canfali.com\\\/ca-es\\\/author\\\/lluis\\\/\"}]}<\/script>\n<!-- \/ Yoast SEO Premium plugin. -->","yoast_head_json":{"title":"L\u2019actor Octavi Pujades presidir\u00e0 el jurat de la II edici\u00f3 del festival Benissa en Curt - Canfali","description":"Des de l\u2019organitzaci\u00f3 destaquen que la incorporaci\u00f3 d\u2019Octavi Pujades aporta \u201cprestigi, experi\u00e8ncia i sensibilitat art\u00edstica\u201d al festival","robots":{"index":"index","follow":"follow","max-snippet":"max-snippet:-1","max-image-preview":"max-image-preview:large","max-video-preview":"max-video-preview:-1"},"canonical":"https:\/\/canfali.com\/ca-es\/lactor-octavi-pujades-presidira-el-jurat-de-la-ii-edicio-del-festival-benissa-en-curt\/","og_locale":"en_US","og_type":"article","og_title":"L\u2019actor Octavi Pujades presidir\u00e0 el jurat de la II edici\u00f3 del festival Benissa en Curt","og_description":"Des de l\u2019organitzaci\u00f3 destaquen que la incorporaci\u00f3 d\u2019Octavi Pujades aporta \u201cprestigi, experi\u00e8ncia i sensibilitat art\u00edstica\u201d al festival","og_url":"https:\/\/canfali.com\/ca-es\/lactor-octavi-pujades-presidira-el-jurat-de-la-ii-edicio-del-festival-benissa-en-curt\/","og_site_name":"Canfali","article_publisher":"https:\/\/es-es.facebook.com\/CANFALIMarinaAlta","article_published_time":"2026-04-30T07:15:39+00:00","article_modified_time":"2026-04-30T07:17:31+00:00","og_image":[{"width":812,"height":456,"url":"https:\/\/canfali.com\/app\/uploads\/2026\/04\/8cinebenissa.jpg","type":"image\/jpeg"}],"author":"Lluis","twitter_card":"summary_large_image","twitter_creator":"@canfalima","twitter_site":"@canfalima","twitter_misc":{"Written by":"Lluis","Est. reading time":"2 minutes"},"schema":{"@context":"https:\/\/schema.org","@graph":[{"@type":"NewsArticle","@id":"https:\/\/canfali.com\/ca-es\/lactor-octavi-pujades-presidira-el-jurat-de-la-ii-edicio-del-festival-benissa-en-curt\/#article","isPartOf":{"@id":"https:\/\/canfali.com\/ca-es\/lactor-octavi-pujades-presidira-el-jurat-de-la-ii-edicio-del-festival-benissa-en-curt\/"},"author":{"name":"Lluis","@id":"https:\/\/canfali.com\/ca-es\/#\/schema\/person\/f540a86fb33e10daaae53c59ceaa1194"},"headline":"L\u2019actor Octavi Pujades presidir\u00e0 el jurat de la II edici\u00f3 del festival Benissa en Curt","datePublished":"2026-04-30T07:15:39+00:00","dateModified":"2026-04-30T07:17:31+00:00","mainEntityOfPage":{"@id":"https:\/\/canfali.com\/ca-es\/lactor-octavi-pujades-presidira-el-jurat-de-la-ii-edicio-del-festival-benissa-en-curt\/"},"wordCount":439,"publisher":{"@id":"https:\/\/canfali.com\/ca-es\/#organization"},"image":{"@id":"https:\/\/canfali.com\/ca-es\/lactor-octavi-pujades-presidira-el-jurat-de-la-ii-edicio-del-festival-benissa-en-curt\/#primaryimage"},"thumbnailUrl":"https:\/\/canfali.com\/app\/uploads\/2026\/04\/8cinebenissa.jpg","articleSection":["Cultura","Cultura"],"inLanguage":"va-ES","copyrightYear":"2026","copyrightHolder":{"@id":"https:\/\/canfali.com\/#organization"}},{"@type":"WebPage","@id":"https:\/\/canfali.com\/ca-es\/lactor-octavi-pujades-presidira-el-jurat-de-la-ii-edicio-del-festival-benissa-en-curt\/","url":"https:\/\/canfali.com\/ca-es\/lactor-octavi-pujades-presidira-el-jurat-de-la-ii-edicio-del-festival-benissa-en-curt\/","name":"L\u2019actor Octavi Pujades presidir\u00e0 el jurat de la II edici\u00f3 del festival Benissa en Curt - Canfali","isPartOf":{"@id":"https:\/\/canfali.com\/ca-es\/#website"},"primaryImageOfPage":{"@id":"https:\/\/canfali.com\/ca-es\/lactor-octavi-pujades-presidira-el-jurat-de-la-ii-edicio-del-festival-benissa-en-curt\/#primaryimage"},"image":{"@id":"https:\/\/canfali.com\/ca-es\/lactor-octavi-pujades-presidira-el-jurat-de-la-ii-edicio-del-festival-benissa-en-curt\/#primaryimage"},"thumbnailUrl":"https:\/\/canfali.com\/app\/uploads\/2026\/04\/8cinebenissa.jpg","datePublished":"2026-04-30T07:15:39+00:00","dateModified":"2026-04-30T07:17:31+00:00","description":"Des de l\u2019organitzaci\u00f3 destaquen que la incorporaci\u00f3 d\u2019Octavi Pujades aporta \u201cprestigi, experi\u00e8ncia i sensibilitat art\u00edstica\u201d al festival","breadcrumb":{"@id":"https:\/\/canfali.com\/ca-es\/lactor-octavi-pujades-presidira-el-jurat-de-la-ii-edicio-del-festival-benissa-en-curt\/#breadcrumb"},"inLanguage":"va-ES","potentialAction":[{"@type":"ReadAction","target":["https:\/\/canfali.com\/ca-es\/lactor-octavi-pujades-presidira-el-jurat-de-la-ii-edicio-del-festival-benissa-en-curt\/"]}]},{"@type":"ImageObject","inLanguage":"va-ES","@id":"https:\/\/canfali.com\/ca-es\/lactor-octavi-pujades-presidira-el-jurat-de-la-ii-edicio-del-festival-benissa-en-curt\/#primaryimage","url":"https:\/\/canfali.com\/app\/uploads\/2026\/04\/8cinebenissa.jpg","contentUrl":"https:\/\/canfali.com\/app\/uploads\/2026\/04\/8cinebenissa.jpg","width":812,"height":456,"caption":"Screenshot"},{"@type":"BreadcrumbList","@id":"https:\/\/canfali.com\/ca-es\/lactor-octavi-pujades-presidira-el-jurat-de-la-ii-edicio-del-festival-benissa-en-curt\/#breadcrumb","itemListElement":[{"@type":"ListItem","position":1,"name":"Portada","item":"https:\/\/canfali.com\/ca-es\/"},{"@type":"ListItem","position":2,"name":"L\u2019actor Octavi Pujades presidir\u00e0 el jurat de la II edici\u00f3 del festival Benissa en Curt"}]},{"@type":"WebSite","@id":"https:\/\/canfali.com\/ca-es\/#website","url":"https:\/\/canfali.com\/ca-es\/","name":"Canfali","description":"","publisher":{"@id":"https:\/\/canfali.com\/ca-es\/#organization"},"potentialAction":[{"@type":"SearchAction","target":{"@type":"EntryPoint","urlTemplate":"https:\/\/canfali.com\/ca-es\/?s={search_term_string}"},"query-input":{"@type":"PropertyValueSpecification","valueRequired":true,"valueName":"search_term_string"}}],"inLanguage":"va-ES"},{"@type":"Organization","@id":"https:\/\/canfali.com\/ca-es\/#organization","name":"Canfali","url":"https:\/\/canfali.com\/ca-es\/","logo":{"@type":"ImageObject","inLanguage":"va-ES","@id":"https:\/\/canfali.com\/ca-es\/#\/schema\/logo\/image\/","url":"https:\/\/canfali.com\/app\/uploads\/2025\/12\/canfali_marina_alta_logo.png","contentUrl":"https:\/\/canfali.com\/app\/uploads\/2025\/12\/canfali_marina_alta_logo.png","width":225,"height":225,"caption":"Canfali"},"image":{"@id":"https:\/\/canfali.com\/ca-es\/#\/schema\/logo\/image\/"},"sameAs":["https:\/\/es-es.facebook.com\/CANFALIMarinaAlta","https:\/\/x.com\/canfalima","https:\/\/www.instagram.com\/canfalimarinaalta\/"]},{"@type":"Person","@id":"https:\/\/canfali.com\/ca-es\/#\/schema\/person\/f540a86fb33e10daaae53c59ceaa1194","name":"Lluis","image":{"@type":"ImageObject","inLanguage":"va-ES","@id":"https:\/\/secure.gravatar.com\/avatar\/a21ec8835290e4e02ed0886b8cb327d807d0eb6ec8ccf25d4c2a0a415f506c0d?s=96&d=mm&r=g","url":"https:\/\/secure.gravatar.com\/avatar\/a21ec8835290e4e02ed0886b8cb327d807d0eb6ec8ccf25d4c2a0a415f506c0d?s=96&d=mm&r=g","contentUrl":"https:\/\/secure.gravatar.com\/avatar\/a21ec8835290e4e02ed0886b8cb327d807d0eb6ec8ccf25d4c2a0a415f506c0d?s=96&d=mm&r=g","caption":"Lluis"},"url":"https:\/\/canfali.com\/ca-es\/author\/lluis\/"}]}},"_links":{"self":[{"href":"https:\/\/canfali.com\/ca-es\/wp-json\/wp\/v2\/posts\/95791","targetHints":{"allow":["GET"]}}],"collection":[{"href":"https:\/\/canfali.com\/ca-es\/wp-json\/wp\/v2\/posts"}],"about":[{"href":"https:\/\/canfali.com\/ca-es\/wp-json\/wp\/v2\/types\/post"}],"author":[{"embeddable":true,"href":"https:\/\/canfali.com\/ca-es\/wp-json\/wp\/v2\/users\/8"}],"replies":[{"embeddable":true,"href":"https:\/\/canfali.com\/ca-es\/wp-json\/wp\/v2\/comments?post=95791"}],"version-history":[{"count":1,"href":"https:\/\/canfali.com\/ca-es\/wp-json\/wp\/v2\/posts\/95791\/revisions"}],"predecessor-version":[{"id":95792,"href":"https:\/\/canfali.com\/ca-es\/wp-json\/wp\/v2\/posts\/95791\/revisions\/95792"}],"wp:featuredmedia":[{"embeddable":true,"href":"https:\/\/canfali.com\/ca-es\/wp-json\/wp\/v2\/media\/95787"}],"wp:attachment":[{"href":"https:\/\/canfali.com\/ca-es\/wp-json\/wp\/v2\/media?parent=95791"}],"wp:term":[{"taxonomy":"category","embeddable":true,"href":"https:\/\/canfali.com\/ca-es\/wp-json\/wp\/v2\/categories?post=95791"},{"taxonomy":"post_tag","embeddable":true,"href":"https:\/\/canfali.com\/ca-es\/wp-json\/wp\/v2\/tags?post=95791"}],"curies":[{"name":"wp","href":"https:\/\/api.w.org\/{rel}","templated":true}]}}