{"id":95782,"date":"2026-04-30T08:57:05","date_gmt":"2026-04-30T06:57:05","guid":{"rendered":"https:\/\/canfali.com\/javi-signes-no-continuara-en-el-pego-cf\/"},"modified":"2026-04-30T09:01:59","modified_gmt":"2026-04-30T07:01:59","slug":"javi-signes-no-continuara-en-el-pego-cf","status":"publish","type":"post","link":"https:\/\/canfali.com\/ca-es\/javi-signes-no-continuara-en-el-pego-cf\/","title":{"rendered":"Javi Signes no continuar\u00e0 en el Pego CF"},"content":{"rendered":"\n<p>Javi Signes no seguir\u00e0 la pr\u00f2xima temporada al capdavant del primer equip del Pego CF. Des de l\u2019entitat s\u2019ha anunciat l\u2019eixida de l\u2019entrenador i el seu cos t\u00e8cnic, als quals han volgut expressar el seu m\u00e9s sincer agra\u00efment. Des del Pego destaquen que, durant estes dos campanyes, el cos t\u00e8cnic ha demostrat un alt nivell de treball, esfor\u00e7 i comprom\u00eds, aconseguint complir amb escreix els objectius marcats pel club.&#13;\n<\/p>\n\n<p>Signes va arribar al club en un moment especialment complicat a nivell classificatori. No obstant aix\u00f2, gr\u00e0cies a la seua dedicaci\u00f3, convicci\u00f3 i capacitat de lideratge, van aconseguir capgirar la situaci\u00f3, traure l\u2019equip dels llocs de descens i assegurar la perman\u00e8ncia en una categoria que, per hist\u00f2ria, correspon al Pego CF.&#13;\n<\/p>\n\n<p>La present temporada tamb\u00e9 quedar\u00e0 en el record de l\u2019afici\u00f3. Despr\u00e9s d\u2019un inici il\u00b7lusionant que va permetre somiar amb cotes m\u00e9s altes, l\u2019equip ha aconseguit la perman\u00e8ncia matem\u00e0tica amb cinc jornades d\u2019antelaci\u00f3, consolidant-se en una posici\u00f3 c\u00f2moda dins de la zona mitjana de la taula.&#13;\n<\/p>\n\n<p>Signes ha estat acompanyat en el seu equip t\u00e8cnic pel preparador f\u00edsic Curret i el segon entrenador Pau.&#13;\n<\/p>\n\n<p><\/p>\n","protected":false},"excerpt":{"rendered":"Javi Signes no seguir\u00e0 la pr\u00f2xima temporada al capdavant del primer equip del Pego CF. Des de l\u2019entitat&hellip;","protected":false},"author":8,"featured_media":95775,"comment_status":"closed","ping_status":"open","sticky":false,"template":"","format":"standard","meta":{"csco_display_header_overlay":false,"csco_singular_sidebar":"","csco_page_header_type":"","csco_page_load_nextpost":"","csco_post_video_location":[],"csco_post_video_location_hash":"","csco_post_video_url":"","csco_post_video_bg_start_time":0,"csco_post_video_bg_end_time":0,"footnotes":""},"categories":[573,598,601],"tags":[],"class_list":{"0":"post-95782","1":"post","2":"type-post","3":"status-publish","4":"format-standard","5":"has-post-thumbnail","7":"category-deportes-2","8":"category-esports","9":"category-futbol-ca-es","10":"cs-entry","11":"cs-video-wrap"},"yoast_head":"<!-- This site is optimized with the Yoast SEO Premium plugin v26.6 (Yoast SEO v27.3) - https:\/\/yoast.com\/product\/yoast-seo-premium-wordpress\/ -->\n<title>Javi Signes no continuar\u00e0 en el Pego CF - Canfali<\/title>\n<meta name=\"description\" content=\"Des de l\u2019entitat s\u2019ha anunciat l\u2019eixida de l\u2019entrenador i el seu cos t\u00e8cnic, als quals han volgut expressar el seu m\u00e9s sincer agra\u00efment.\" \/>\n<meta name=\"robots\" content=\"index, follow, max-snippet:-1, max-image-preview:large, max-video-preview:-1\" \/>\n<link rel=\"canonical\" href=\"https:\/\/canfali.com\/ca-es\/javi-signes-no-continuara-en-el-pego-cf\/\" \/>\n<meta property=\"og:locale\" content=\"en_US\" \/>\n<meta property=\"og:type\" content=\"article\" \/>\n<meta property=\"og:title\" content=\"Javi Signes no continuar\u00e0 en el Pego CF\" \/>\n<meta property=\"og:description\" content=\"Des de l\u2019entitat s\u2019ha anunciat l\u2019eixida de l\u2019entrenador i el seu cos t\u00e8cnic, als quals han volgut expressar el seu m\u00e9s sincer agra\u00efment.\" \/>\n<meta property=\"og:url\" content=\"https:\/\/canfali.com\/ca-es\/javi-signes-no-continuara-en-el-pego-cf\/\" \/>\n<meta property=\"og:site_name\" content=\"Canfali\" \/>\n<meta property=\"article:publisher\" content=\"https:\/\/es-es.facebook.com\/CANFALIMarinaAlta\" \/>\n<meta property=\"article:published_time\" content=\"2026-04-30T06:57:05+00:00\" \/>\n<meta property=\"article:modified_time\" content=\"2026-04-30T07:01:59+00:00\" \/>\n<meta property=\"og:image\" content=\"https:\/\/canfali.com\/app\/uploads\/2026\/04\/8pegocf.jpg\" \/>\n\t<meta property=\"og:image:width\" content=\"1440\" \/>\n\t<meta property=\"og:image:height\" content=\"1140\" \/>\n\t<meta property=\"og:image:type\" content=\"image\/jpeg\" \/>\n<meta name=\"author\" content=\"Lluis\" \/>\n<meta name=\"twitter:card\" content=\"summary_large_image\" \/>\n<meta name=\"twitter:creator\" content=\"@canfalima\" \/>\n<meta name=\"twitter:site\" content=\"@canfalima\" \/>\n<meta name=\"twitter:label1\" content=\"Written by\" \/>\n\t<meta name=\"twitter:data1\" content=\"Lluis\" \/>\n\t<meta name=\"twitter:label2\" content=\"Est. reading time\" \/>\n\t<meta name=\"twitter:data2\" content=\"1 minute\" \/>\n<script type=\"application\/ld+json\" class=\"yoast-schema-graph\">{\"@context\":\"https:\\\/\\\/schema.org\",\"@graph\":[{\"@type\":\"NewsArticle\",\"@id\":\"https:\\\/\\\/canfali.com\\\/ca-es\\\/javi-signes-no-continuara-en-el-pego-cf\\\/#article\",\"isPartOf\":{\"@id\":\"https:\\\/\\\/canfali.com\\\/ca-es\\\/javi-signes-no-continuara-en-el-pego-cf\\\/\"},\"author\":{\"name\":\"Lluis\",\"@id\":\"https:\\\/\\\/canfali.com\\\/ca-es\\\/#\\\/schema\\\/person\\\/f540a86fb33e10daaae53c59ceaa1194\"},\"headline\":\"Javi Signes no continuar\u00e0 en el Pego CF\",\"datePublished\":\"2026-04-30T06:57:05+00:00\",\"dateModified\":\"2026-04-30T07:01:59+00:00\",\"mainEntityOfPage\":{\"@id\":\"https:\\\/\\\/canfali.com\\\/ca-es\\\/javi-signes-no-continuara-en-el-pego-cf\\\/\"},\"wordCount\":217,\"publisher\":{\"@id\":\"https:\\\/\\\/canfali.com\\\/ca-es\\\/#organization\"},\"image\":{\"@id\":\"https:\\\/\\\/canfali.com\\\/ca-es\\\/javi-signes-no-continuara-en-el-pego-cf\\\/#primaryimage\"},\"thumbnailUrl\":\"https:\\\/\\\/canfali.com\\\/app\\\/uploads\\\/2026\\\/04\\\/8pegocf.jpg\",\"articleSection\":[\"Deportes\",\"Esports\",\"Futbol\"],\"inLanguage\":\"va-ES\",\"copyrightYear\":\"2026\",\"copyrightHolder\":{\"@id\":\"https:\\\/\\\/canfali.com\\\/#organization\"}},{\"@type\":\"WebPage\",\"@id\":\"https:\\\/\\\/canfali.com\\\/ca-es\\\/javi-signes-no-continuara-en-el-pego-cf\\\/\",\"url\":\"https:\\\/\\\/canfali.com\\\/ca-es\\\/javi-signes-no-continuara-en-el-pego-cf\\\/\",\"name\":\"Javi Signes no continuar\u00e0 en el Pego CF - Canfali\",\"isPartOf\":{\"@id\":\"https:\\\/\\\/canfali.com\\\/ca-es\\\/#website\"},\"primaryImageOfPage\":{\"@id\":\"https:\\\/\\\/canfali.com\\\/ca-es\\\/javi-signes-no-continuara-en-el-pego-cf\\\/#primaryimage\"},\"image\":{\"@id\":\"https:\\\/\\\/canfali.com\\\/ca-es\\\/javi-signes-no-continuara-en-el-pego-cf\\\/#primaryimage\"},\"thumbnailUrl\":\"https:\\\/\\\/canfali.com\\\/app\\\/uploads\\\/2026\\\/04\\\/8pegocf.jpg\",\"datePublished\":\"2026-04-30T06:57:05+00:00\",\"dateModified\":\"2026-04-30T07:01:59+00:00\",\"description\":\"Des de l\u2019entitat s\u2019ha anunciat l\u2019eixida de l\u2019entrenador i el seu cos t\u00e8cnic, als quals han volgut expressar el seu m\u00e9s sincer agra\u00efment.\",\"breadcrumb\":{\"@id\":\"https:\\\/\\\/canfali.com\\\/ca-es\\\/javi-signes-no-continuara-en-el-pego-cf\\\/#breadcrumb\"},\"inLanguage\":\"va-ES\",\"potentialAction\":[{\"@type\":\"ReadAction\",\"target\":[\"https:\\\/\\\/canfali.com\\\/ca-es\\\/javi-signes-no-continuara-en-el-pego-cf\\\/\"]}]},{\"@type\":\"ImageObject\",\"inLanguage\":\"va-ES\",\"@id\":\"https:\\\/\\\/canfali.com\\\/ca-es\\\/javi-signes-no-continuara-en-el-pego-cf\\\/#primaryimage\",\"url\":\"https:\\\/\\\/canfali.com\\\/app\\\/uploads\\\/2026\\\/04\\\/8pegocf.jpg\",\"contentUrl\":\"https:\\\/\\\/canfali.com\\\/app\\\/uploads\\\/2026\\\/04\\\/8pegocf.jpg\",\"width\":1440,\"height\":1140},{\"@type\":\"BreadcrumbList\",\"@id\":\"https:\\\/\\\/canfali.com\\\/ca-es\\\/javi-signes-no-continuara-en-el-pego-cf\\\/#breadcrumb\",\"itemListElement\":[{\"@type\":\"ListItem\",\"position\":1,\"name\":\"Portada\",\"item\":\"https:\\\/\\\/canfali.com\\\/ca-es\\\/\"},{\"@type\":\"ListItem\",\"position\":2,\"name\":\"Javi Signes no continuar\u00e0 en el Pego CF\"}]},{\"@type\":\"WebSite\",\"@id\":\"https:\\\/\\\/canfali.com\\\/ca-es\\\/#website\",\"url\":\"https:\\\/\\\/canfali.com\\\/ca-es\\\/\",\"name\":\"Canfali\",\"description\":\"\",\"publisher\":{\"@id\":\"https:\\\/\\\/canfali.com\\\/ca-es\\\/#organization\"},\"potentialAction\":[{\"@type\":\"SearchAction\",\"target\":{\"@type\":\"EntryPoint\",\"urlTemplate\":\"https:\\\/\\\/canfali.com\\\/ca-es\\\/?s={search_term_string}\"},\"query-input\":{\"@type\":\"PropertyValueSpecification\",\"valueRequired\":true,\"valueName\":\"search_term_string\"}}],\"inLanguage\":\"va-ES\"},{\"@type\":\"Organization\",\"@id\":\"https:\\\/\\\/canfali.com\\\/ca-es\\\/#organization\",\"name\":\"Canfali\",\"url\":\"https:\\\/\\\/canfali.com\\\/ca-es\\\/\",\"logo\":{\"@type\":\"ImageObject\",\"inLanguage\":\"va-ES\",\"@id\":\"https:\\\/\\\/canfali.com\\\/ca-es\\\/#\\\/schema\\\/logo\\\/image\\\/\",\"url\":\"https:\\\/\\\/canfali.com\\\/app\\\/uploads\\\/2025\\\/12\\\/canfali_marina_alta_logo.png\",\"contentUrl\":\"https:\\\/\\\/canfali.com\\\/app\\\/uploads\\\/2025\\\/12\\\/canfali_marina_alta_logo.png\",\"width\":225,\"height\":225,\"caption\":\"Canfali\"},\"image\":{\"@id\":\"https:\\\/\\\/canfali.com\\\/ca-es\\\/#\\\/schema\\\/logo\\\/image\\\/\"},\"sameAs\":[\"https:\\\/\\\/es-es.facebook.com\\\/CANFALIMarinaAlta\",\"https:\\\/\\\/x.com\\\/canfalima\",\"https:\\\/\\\/www.instagram.com\\\/canfalimarinaalta\\\/\"]},{\"@type\":\"Person\",\"@id\":\"https:\\\/\\\/canfali.com\\\/ca-es\\\/#\\\/schema\\\/person\\\/f540a86fb33e10daaae53c59ceaa1194\",\"name\":\"Lluis\",\"image\":{\"@type\":\"ImageObject\",\"inLanguage\":\"va-ES\",\"@id\":\"https:\\\/\\\/secure.gravatar.com\\\/avatar\\\/a21ec8835290e4e02ed0886b8cb327d807d0eb6ec8ccf25d4c2a0a415f506c0d?s=96&d=mm&r=g\",\"url\":\"https:\\\/\\\/secure.gravatar.com\\\/avatar\\\/a21ec8835290e4e02ed0886b8cb327d807d0eb6ec8ccf25d4c2a0a415f506c0d?s=96&d=mm&r=g\",\"contentUrl\":\"https:\\\/\\\/secure.gravatar.com\\\/avatar\\\/a21ec8835290e4e02ed0886b8cb327d807d0eb6ec8ccf25d4c2a0a415f506c0d?s=96&d=mm&r=g\",\"caption\":\"Lluis\"},\"url\":\"https:\\\/\\\/canfali.com\\\/ca-es\\\/author\\\/lluis\\\/\"}]}<\/script>\n<!-- \/ Yoast SEO Premium plugin. -->","yoast_head_json":{"title":"Javi Signes no continuar\u00e0 en el Pego CF - Canfali","description":"Des de l\u2019entitat s\u2019ha anunciat l\u2019eixida de l\u2019entrenador i el seu cos t\u00e8cnic, als quals han volgut expressar el seu m\u00e9s sincer agra\u00efment.","robots":{"index":"index","follow":"follow","max-snippet":"max-snippet:-1","max-image-preview":"max-image-preview:large","max-video-preview":"max-video-preview:-1"},"canonical":"https:\/\/canfali.com\/ca-es\/javi-signes-no-continuara-en-el-pego-cf\/","og_locale":"en_US","og_type":"article","og_title":"Javi Signes no continuar\u00e0 en el Pego CF","og_description":"Des de l\u2019entitat s\u2019ha anunciat l\u2019eixida de l\u2019entrenador i el seu cos t\u00e8cnic, als quals han volgut expressar el seu m\u00e9s sincer agra\u00efment.","og_url":"https:\/\/canfali.com\/ca-es\/javi-signes-no-continuara-en-el-pego-cf\/","og_site_name":"Canfali","article_publisher":"https:\/\/es-es.facebook.com\/CANFALIMarinaAlta","article_published_time":"2026-04-30T06:57:05+00:00","article_modified_time":"2026-04-30T07:01:59+00:00","og_image":[{"width":1440,"height":1140,"url":"https:\/\/canfali.com\/app\/uploads\/2026\/04\/8pegocf.jpg","type":"image\/jpeg"}],"author":"Lluis","twitter_card":"summary_large_image","twitter_creator":"@canfalima","twitter_site":"@canfalima","twitter_misc":{"Written by":"Lluis","Est. reading time":"1 minute"},"schema":{"@context":"https:\/\/schema.org","@graph":[{"@type":"NewsArticle","@id":"https:\/\/canfali.com\/ca-es\/javi-signes-no-continuara-en-el-pego-cf\/#article","isPartOf":{"@id":"https:\/\/canfali.com\/ca-es\/javi-signes-no-continuara-en-el-pego-cf\/"},"author":{"name":"Lluis","@id":"https:\/\/canfali.com\/ca-es\/#\/schema\/person\/f540a86fb33e10daaae53c59ceaa1194"},"headline":"Javi Signes no continuar\u00e0 en el Pego CF","datePublished":"2026-04-30T06:57:05+00:00","dateModified":"2026-04-30T07:01:59+00:00","mainEntityOfPage":{"@id":"https:\/\/canfali.com\/ca-es\/javi-signes-no-continuara-en-el-pego-cf\/"},"wordCount":217,"publisher":{"@id":"https:\/\/canfali.com\/ca-es\/#organization"},"image":{"@id":"https:\/\/canfali.com\/ca-es\/javi-signes-no-continuara-en-el-pego-cf\/#primaryimage"},"thumbnailUrl":"https:\/\/canfali.com\/app\/uploads\/2026\/04\/8pegocf.jpg","articleSection":["Deportes","Esports","Futbol"],"inLanguage":"va-ES","copyrightYear":"2026","copyrightHolder":{"@id":"https:\/\/canfali.com\/#organization"}},{"@type":"WebPage","@id":"https:\/\/canfali.com\/ca-es\/javi-signes-no-continuara-en-el-pego-cf\/","url":"https:\/\/canfali.com\/ca-es\/javi-signes-no-continuara-en-el-pego-cf\/","name":"Javi Signes no continuar\u00e0 en el Pego CF - Canfali","isPartOf":{"@id":"https:\/\/canfali.com\/ca-es\/#website"},"primaryImageOfPage":{"@id":"https:\/\/canfali.com\/ca-es\/javi-signes-no-continuara-en-el-pego-cf\/#primaryimage"},"image":{"@id":"https:\/\/canfali.com\/ca-es\/javi-signes-no-continuara-en-el-pego-cf\/#primaryimage"},"thumbnailUrl":"https:\/\/canfali.com\/app\/uploads\/2026\/04\/8pegocf.jpg","datePublished":"2026-04-30T06:57:05+00:00","dateModified":"2026-04-30T07:01:59+00:00","description":"Des de l\u2019entitat s\u2019ha anunciat l\u2019eixida de l\u2019entrenador i el seu cos t\u00e8cnic, als quals han volgut expressar el seu m\u00e9s sincer agra\u00efment.","breadcrumb":{"@id":"https:\/\/canfali.com\/ca-es\/javi-signes-no-continuara-en-el-pego-cf\/#breadcrumb"},"inLanguage":"va-ES","potentialAction":[{"@type":"ReadAction","target":["https:\/\/canfali.com\/ca-es\/javi-signes-no-continuara-en-el-pego-cf\/"]}]},{"@type":"ImageObject","inLanguage":"va-ES","@id":"https:\/\/canfali.com\/ca-es\/javi-signes-no-continuara-en-el-pego-cf\/#primaryimage","url":"https:\/\/canfali.com\/app\/uploads\/2026\/04\/8pegocf.jpg","contentUrl":"https:\/\/canfali.com\/app\/uploads\/2026\/04\/8pegocf.jpg","width":1440,"height":1140},{"@type":"BreadcrumbList","@id":"https:\/\/canfali.com\/ca-es\/javi-signes-no-continuara-en-el-pego-cf\/#breadcrumb","itemListElement":[{"@type":"ListItem","position":1,"name":"Portada","item":"https:\/\/canfali.com\/ca-es\/"},{"@type":"ListItem","position":2,"name":"Javi Signes no continuar\u00e0 en el Pego CF"}]},{"@type":"WebSite","@id":"https:\/\/canfali.com\/ca-es\/#website","url":"https:\/\/canfali.com\/ca-es\/","name":"Canfali","description":"","publisher":{"@id":"https:\/\/canfali.com\/ca-es\/#organization"},"potentialAction":[{"@type":"SearchAction","target":{"@type":"EntryPoint","urlTemplate":"https:\/\/canfali.com\/ca-es\/?s={search_term_string}"},"query-input":{"@type":"PropertyValueSpecification","valueRequired":true,"valueName":"search_term_string"}}],"inLanguage":"va-ES"},{"@type":"Organization","@id":"https:\/\/canfali.com\/ca-es\/#organization","name":"Canfali","url":"https:\/\/canfali.com\/ca-es\/","logo":{"@type":"ImageObject","inLanguage":"va-ES","@id":"https:\/\/canfali.com\/ca-es\/#\/schema\/logo\/image\/","url":"https:\/\/canfali.com\/app\/uploads\/2025\/12\/canfali_marina_alta_logo.png","contentUrl":"https:\/\/canfali.com\/app\/uploads\/2025\/12\/canfali_marina_alta_logo.png","width":225,"height":225,"caption":"Canfali"},"image":{"@id":"https:\/\/canfali.com\/ca-es\/#\/schema\/logo\/image\/"},"sameAs":["https:\/\/es-es.facebook.com\/CANFALIMarinaAlta","https:\/\/x.com\/canfalima","https:\/\/www.instagram.com\/canfalimarinaalta\/"]},{"@type":"Person","@id":"https:\/\/canfali.com\/ca-es\/#\/schema\/person\/f540a86fb33e10daaae53c59ceaa1194","name":"Lluis","image":{"@type":"ImageObject","inLanguage":"va-ES","@id":"https:\/\/secure.gravatar.com\/avatar\/a21ec8835290e4e02ed0886b8cb327d807d0eb6ec8ccf25d4c2a0a415f506c0d?s=96&d=mm&r=g","url":"https:\/\/secure.gravatar.com\/avatar\/a21ec8835290e4e02ed0886b8cb327d807d0eb6ec8ccf25d4c2a0a415f506c0d?s=96&d=mm&r=g","contentUrl":"https:\/\/secure.gravatar.com\/avatar\/a21ec8835290e4e02ed0886b8cb327d807d0eb6ec8ccf25d4c2a0a415f506c0d?s=96&d=mm&r=g","caption":"Lluis"},"url":"https:\/\/canfali.com\/ca-es\/author\/lluis\/"}]}},"_links":{"self":[{"href":"https:\/\/canfali.com\/ca-es\/wp-json\/wp\/v2\/posts\/95782","targetHints":{"allow":["GET"]}}],"collection":[{"href":"https:\/\/canfali.com\/ca-es\/wp-json\/wp\/v2\/posts"}],"about":[{"href":"https:\/\/canfali.com\/ca-es\/wp-json\/wp\/v2\/types\/post"}],"author":[{"embeddable":true,"href":"https:\/\/canfali.com\/ca-es\/wp-json\/wp\/v2\/users\/8"}],"replies":[{"embeddable":true,"href":"https:\/\/canfali.com\/ca-es\/wp-json\/wp\/v2\/comments?post=95782"}],"version-history":[{"count":1,"href":"https:\/\/canfali.com\/ca-es\/wp-json\/wp\/v2\/posts\/95782\/revisions"}],"predecessor-version":[{"id":95783,"href":"https:\/\/canfali.com\/ca-es\/wp-json\/wp\/v2\/posts\/95782\/revisions\/95783"}],"wp:featuredmedia":[{"embeddable":true,"href":"https:\/\/canfali.com\/ca-es\/wp-json\/wp\/v2\/media\/95775"}],"wp:attachment":[{"href":"https:\/\/canfali.com\/ca-es\/wp-json\/wp\/v2\/media?parent=95782"}],"wp:term":[{"taxonomy":"category","embeddable":true,"href":"https:\/\/canfali.com\/ca-es\/wp-json\/wp\/v2\/categories?post=95782"},{"taxonomy":"post_tag","embeddable":true,"href":"https:\/\/canfali.com\/ca-es\/wp-json\/wp\/v2\/tags?post=95782"}],"curies":[{"name":"wp","href":"https:\/\/api.w.org\/{rel}","templated":true}]}}