{"id":95770,"date":"2026-04-30T08:50:56","date_gmt":"2026-04-30T06:50:56","guid":{"rendered":"https:\/\/canfali.com\/pedreguer-reforca-el-seu-lideratge-abolicionista-amb-les-v-jornades-contra-lexplotacio-sexual\/"},"modified":"2026-04-30T08:52:11","modified_gmt":"2026-04-30T06:52:11","slug":"pedreguer-reforca-el-seu-lideratge-abolicionista-amb-les-v-jornades-contra-lexplotacio-sexual","status":"publish","type":"post","link":"https:\/\/canfali.com\/ca-es\/pedreguer-reforca-el-seu-lideratge-abolicionista-amb-les-v-jornades-contra-lexplotacio-sexual\/","title":{"rendered":"Pedreguer refor\u00e7a el seu lideratge abolicionista amb les V Jornades contra l\u2019explotaci\u00f3 sexual"},"content":{"rendered":"\n<p><p class=\"p1\"><strong>El municipi acollir\u00e0 el pr\u00f2xim 16 de maig una nova edici\u00f3 d\u2019aquest encontre feminista, amb ponents de refer\u00e8ncia i un enfocament pr\u00e0ctic per a l\u2019acci\u00f3 local<\/strong><\/p><\/p>\n\n<p>Pedreguer tornar\u00e0 a situar-se en el centre del debat feminista amb la celebraci\u00f3 de les V Jornades per l\u2019Abolici\u00f3 de la Prostituci\u00f3, una cita que tindr\u00e0 lloc dissabte 16 de maig, a partir de les 09:30 hores, al Rock\u00f2drom del pol\u00edgon industrial Les Galgues. L\u2019esdeveniment, impulsat per la Regidoria d\u2019Igualtat i la Comissi\u00f3 Municipal d\u2019Igualtat, consolida el municipi com un espai de reflexi\u00f3 cr\u00edtica al voltant de l\u2019explotaci\u00f3 sexual.&#13;\n<\/p>\n\n<p>Aquesta cinquena edici\u00f3 arriba amb la voluntat d\u2019aprofundir en la prostituci\u00f3 com una forma de viol\u00e8ncia masclista, abordant el fenomen des de tres perspectives clau: els mecanismes estructurals que la sostenen, el paper de la demanda i les possibilitats d\u2019intervenci\u00f3 des de l\u2019\u00e0mbit municipal.&#13;\n<\/p>\n\n<p>El programa comptar\u00e0 amb la participaci\u00f3 de tres figures destacades de l\u2019abolicionisme a nivell estatal. La jornada s\u2019obrir\u00e0 amb la intervenci\u00f3 de l\u2019escriptora i activista Beatriz Gimeno, que analitzar\u00e0 els fonaments ideol\u00f2gics i econ\u00f2mics de la instituci\u00f3 prostitucional. Posteriorment, la soci\u00f2loga Beatriz Ranea centrar\u00e0 la seua pon\u00e8ncia en la figura del consumidor, explorant les narratives masculines que perpetuen la demanda de prostituci\u00f3. Finalment, l\u2019advocada Anna Oliver oferir\u00e0 una visi\u00f3 pr\u00e0ctica sobre les eines legals i les accions que poden emprendre els ajuntaments davant aquesta realitat.&#13;\n<\/p>\n\n<p>Des de l\u2019organitzaci\u00f3 subratllen que l\u2019objectiu de les jornades va m\u00e9s enll\u00e0 de la reflexi\u00f3 te\u00f2rica. La iniciativa pret\u00e9n proporcionar recursos \u00fatils tant a la ciutadania com al personal t\u00e8cnic per a avan\u00e7ar cap a una transformaci\u00f3 social efectiva. En aquest sentit, l\u2019activitat compta amb el suport del Pacte d\u2019Estat contra la viol\u00e8ncia de g\u00e8nere i del Ministeri d\u2019Igualtat, refor\u00e7ant la dimensi\u00f3 institucional de la lluita contra l\u2019explotaci\u00f3 sexual.&#13;\n<\/p>\n\n<p>Fonts municipals assenyalen que la formaci\u00f3 i la sensibilitzaci\u00f3 continuen sent eines clau per a avan\u00e7ar cap a una societat m\u00e9s igualit\u00e0ria. \u201cL\u2019objectiu \u00e9s clar: caminar cap a un model on els cossos de dones i xiquetes no siguen tractats com a mercaderia\u201d, apunten des de la Regidoria d\u2019Igualtat.&#13;\n<\/p>\n\n<p>Les persones interessades poden formalitzar la seua inscripci\u00f3 a trav\u00e9s del correu electr\u00f2nic igualtat@pedreguer.&#13;\n<\/p>\n","protected":false},"excerpt":{"rendered":"El municipi acollir\u00e0 el pr\u00f2xim 16 de maig una nova edici\u00f3 d\u2019aquest encontre feminista, amb ponents de refer\u00e8ncia&hellip;","protected":false},"author":8,"featured_media":95768,"comment_status":"closed","ping_status":"open","sticky":false,"template":"","format":"standard","meta":{"csco_display_header_overlay":false,"csco_singular_sidebar":"","csco_page_header_type":"","csco_page_load_nextpost":"","csco_post_video_location":[],"csco_post_video_location_hash":"","csco_post_video_url":"","csco_post_video_bg_start_time":0,"csco_post_video_bg_end_time":0,"footnotes":""},"categories":[614],"tags":[],"class_list":{"0":"post-95770","1":"post","2":"type-post","3":"status-publish","4":"format-standard","5":"has-post-thumbnail","7":"category-municipal-ca-es","8":"cs-entry","9":"cs-video-wrap"},"yoast_head":"<!-- This site is optimized with the Yoast SEO Premium plugin v26.6 (Yoast SEO v27.3) - https:\/\/yoast.com\/product\/yoast-seo-premium-wordpress\/ -->\n<title>Pedreguer refor\u00e7a el seu lideratge abolicionista amb les V Jornades contra l\u2019explotaci\u00f3 sexual - Canfali<\/title>\n<meta name=\"description\" content=\"El municipi acollir\u00e0 el pr\u00f2xim 16 de maig una nova edici\u00f3 d\u2019aquest encontre feminista, amb ponents de refer\u00e8ncia i un enfocament pr\u00e0ctic per a l\u2019acci\u00f3 local\" \/>\n<meta name=\"robots\" content=\"index, follow, max-snippet:-1, max-image-preview:large, max-video-preview:-1\" \/>\n<link rel=\"canonical\" href=\"https:\/\/canfali.com\/ca-es\/pedreguer-reforca-el-seu-lideratge-abolicionista-amb-les-v-jornades-contra-lexplotacio-sexual\/\" \/>\n<meta property=\"og:locale\" content=\"en_US\" \/>\n<meta property=\"og:type\" content=\"article\" \/>\n<meta property=\"og:title\" content=\"Pedreguer refor\u00e7a el seu lideratge abolicionista amb les V Jornades contra l\u2019explotaci\u00f3 sexual\" \/>\n<meta property=\"og:description\" content=\"El municipi acollir\u00e0 el pr\u00f2xim 16 de maig una nova edici\u00f3 d\u2019aquest encontre feminista, amb ponents de refer\u00e8ncia i un enfocament pr\u00e0ctic per a l\u2019acci\u00f3 local\" \/>\n<meta property=\"og:url\" content=\"https:\/\/canfali.com\/ca-es\/pedreguer-reforca-el-seu-lideratge-abolicionista-amb-les-v-jornades-contra-lexplotacio-sexual\/\" \/>\n<meta property=\"og:site_name\" content=\"Canfali\" \/>\n<meta property=\"article:publisher\" content=\"https:\/\/es-es.facebook.com\/CANFALIMarinaAlta\" \/>\n<meta property=\"article:published_time\" content=\"2026-04-30T06:50:56+00:00\" \/>\n<meta property=\"article:modified_time\" content=\"2026-04-30T06:52:11+00:00\" \/>\n<meta property=\"og:image\" content=\"https:\/\/canfali.com\/app\/uploads\/2026\/04\/cultura-pedreguer.jpg\" \/>\n\t<meta property=\"og:image:width\" content=\"1712\" \/>\n\t<meta property=\"og:image:height\" content=\"871\" \/>\n\t<meta property=\"og:image:type\" content=\"image\/jpeg\" \/>\n<meta name=\"author\" content=\"Lluis\" \/>\n<meta name=\"twitter:card\" content=\"summary_large_image\" \/>\n<meta name=\"twitter:creator\" content=\"@canfalima\" \/>\n<meta name=\"twitter:site\" content=\"@canfalima\" \/>\n<meta name=\"twitter:label1\" content=\"Written by\" \/>\n\t<meta name=\"twitter:data1\" content=\"Lluis\" \/>\n\t<meta name=\"twitter:label2\" content=\"Est. reading time\" \/>\n\t<meta name=\"twitter:data2\" content=\"2 minutes\" \/>\n<script type=\"application\/ld+json\" class=\"yoast-schema-graph\">{\"@context\":\"https:\\\/\\\/schema.org\",\"@graph\":[{\"@type\":\"NewsArticle\",\"@id\":\"https:\\\/\\\/canfali.com\\\/ca-es\\\/pedreguer-reforca-el-seu-lideratge-abolicionista-amb-les-v-jornades-contra-lexplotacio-sexual\\\/#article\",\"isPartOf\":{\"@id\":\"https:\\\/\\\/canfali.com\\\/ca-es\\\/pedreguer-reforca-el-seu-lideratge-abolicionista-amb-les-v-jornades-contra-lexplotacio-sexual\\\/\"},\"author\":{\"name\":\"Lluis\",\"@id\":\"https:\\\/\\\/canfali.com\\\/ca-es\\\/#\\\/schema\\\/person\\\/f540a86fb33e10daaae53c59ceaa1194\"},\"headline\":\"Pedreguer refor\u00e7a el seu lideratge abolicionista amb les V Jornades contra l\u2019explotaci\u00f3 sexual\",\"datePublished\":\"2026-04-30T06:50:56+00:00\",\"dateModified\":\"2026-04-30T06:52:11+00:00\",\"mainEntityOfPage\":{\"@id\":\"https:\\\/\\\/canfali.com\\\/ca-es\\\/pedreguer-reforca-el-seu-lideratge-abolicionista-amb-les-v-jornades-contra-lexplotacio-sexual\\\/\"},\"wordCount\":416,\"publisher\":{\"@id\":\"https:\\\/\\\/canfali.com\\\/ca-es\\\/#organization\"},\"image\":{\"@id\":\"https:\\\/\\\/canfali.com\\\/ca-es\\\/pedreguer-reforca-el-seu-lideratge-abolicionista-amb-les-v-jornades-contra-lexplotacio-sexual\\\/#primaryimage\"},\"thumbnailUrl\":\"https:\\\/\\\/canfali.com\\\/app\\\/uploads\\\/2026\\\/04\\\/cultura-pedreguer.jpg\",\"articleSection\":[\"Municipal\"],\"inLanguage\":\"va-ES\",\"copyrightYear\":\"2026\",\"copyrightHolder\":{\"@id\":\"https:\\\/\\\/canfali.com\\\/#organization\"}},{\"@type\":\"WebPage\",\"@id\":\"https:\\\/\\\/canfali.com\\\/ca-es\\\/pedreguer-reforca-el-seu-lideratge-abolicionista-amb-les-v-jornades-contra-lexplotacio-sexual\\\/\",\"url\":\"https:\\\/\\\/canfali.com\\\/ca-es\\\/pedreguer-reforca-el-seu-lideratge-abolicionista-amb-les-v-jornades-contra-lexplotacio-sexual\\\/\",\"name\":\"Pedreguer refor\u00e7a el seu lideratge abolicionista amb les V Jornades contra l\u2019explotaci\u00f3 sexual - Canfali\",\"isPartOf\":{\"@id\":\"https:\\\/\\\/canfali.com\\\/ca-es\\\/#website\"},\"primaryImageOfPage\":{\"@id\":\"https:\\\/\\\/canfali.com\\\/ca-es\\\/pedreguer-reforca-el-seu-lideratge-abolicionista-amb-les-v-jornades-contra-lexplotacio-sexual\\\/#primaryimage\"},\"image\":{\"@id\":\"https:\\\/\\\/canfali.com\\\/ca-es\\\/pedreguer-reforca-el-seu-lideratge-abolicionista-amb-les-v-jornades-contra-lexplotacio-sexual\\\/#primaryimage\"},\"thumbnailUrl\":\"https:\\\/\\\/canfali.com\\\/app\\\/uploads\\\/2026\\\/04\\\/cultura-pedreguer.jpg\",\"datePublished\":\"2026-04-30T06:50:56+00:00\",\"dateModified\":\"2026-04-30T06:52:11+00:00\",\"description\":\"El municipi acollir\u00e0 el pr\u00f2xim 16 de maig una nova edici\u00f3 d\u2019aquest encontre feminista, amb ponents de refer\u00e8ncia i un enfocament pr\u00e0ctic per a l\u2019acci\u00f3 local\",\"breadcrumb\":{\"@id\":\"https:\\\/\\\/canfali.com\\\/ca-es\\\/pedreguer-reforca-el-seu-lideratge-abolicionista-amb-les-v-jornades-contra-lexplotacio-sexual\\\/#breadcrumb\"},\"inLanguage\":\"va-ES\",\"potentialAction\":[{\"@type\":\"ReadAction\",\"target\":[\"https:\\\/\\\/canfali.com\\\/ca-es\\\/pedreguer-reforca-el-seu-lideratge-abolicionista-amb-les-v-jornades-contra-lexplotacio-sexual\\\/\"]}]},{\"@type\":\"ImageObject\",\"inLanguage\":\"va-ES\",\"@id\":\"https:\\\/\\\/canfali.com\\\/ca-es\\\/pedreguer-reforca-el-seu-lideratge-abolicionista-amb-les-v-jornades-contra-lexplotacio-sexual\\\/#primaryimage\",\"url\":\"https:\\\/\\\/canfali.com\\\/app\\\/uploads\\\/2026\\\/04\\\/cultura-pedreguer.jpg\",\"contentUrl\":\"https:\\\/\\\/canfali.com\\\/app\\\/uploads\\\/2026\\\/04\\\/cultura-pedreguer.jpg\",\"width\":1712,\"height\":871},{\"@type\":\"BreadcrumbList\",\"@id\":\"https:\\\/\\\/canfali.com\\\/ca-es\\\/pedreguer-reforca-el-seu-lideratge-abolicionista-amb-les-v-jornades-contra-lexplotacio-sexual\\\/#breadcrumb\",\"itemListElement\":[{\"@type\":\"ListItem\",\"position\":1,\"name\":\"Portada\",\"item\":\"https:\\\/\\\/canfali.com\\\/ca-es\\\/\"},{\"@type\":\"ListItem\",\"position\":2,\"name\":\"Pedreguer refor\u00e7a el seu lideratge abolicionista amb les V Jornades contra l\u2019explotaci\u00f3 sexual\"}]},{\"@type\":\"WebSite\",\"@id\":\"https:\\\/\\\/canfali.com\\\/ca-es\\\/#website\",\"url\":\"https:\\\/\\\/canfali.com\\\/ca-es\\\/\",\"name\":\"Canfali\",\"description\":\"\",\"publisher\":{\"@id\":\"https:\\\/\\\/canfali.com\\\/ca-es\\\/#organization\"},\"potentialAction\":[{\"@type\":\"SearchAction\",\"target\":{\"@type\":\"EntryPoint\",\"urlTemplate\":\"https:\\\/\\\/canfali.com\\\/ca-es\\\/?s={search_term_string}\"},\"query-input\":{\"@type\":\"PropertyValueSpecification\",\"valueRequired\":true,\"valueName\":\"search_term_string\"}}],\"inLanguage\":\"va-ES\"},{\"@type\":\"Organization\",\"@id\":\"https:\\\/\\\/canfali.com\\\/ca-es\\\/#organization\",\"name\":\"Canfali\",\"url\":\"https:\\\/\\\/canfali.com\\\/ca-es\\\/\",\"logo\":{\"@type\":\"ImageObject\",\"inLanguage\":\"va-ES\",\"@id\":\"https:\\\/\\\/canfali.com\\\/ca-es\\\/#\\\/schema\\\/logo\\\/image\\\/\",\"url\":\"https:\\\/\\\/canfali.com\\\/app\\\/uploads\\\/2025\\\/12\\\/canfali_marina_alta_logo.png\",\"contentUrl\":\"https:\\\/\\\/canfali.com\\\/app\\\/uploads\\\/2025\\\/12\\\/canfali_marina_alta_logo.png\",\"width\":225,\"height\":225,\"caption\":\"Canfali\"},\"image\":{\"@id\":\"https:\\\/\\\/canfali.com\\\/ca-es\\\/#\\\/schema\\\/logo\\\/image\\\/\"},\"sameAs\":[\"https:\\\/\\\/es-es.facebook.com\\\/CANFALIMarinaAlta\",\"https:\\\/\\\/x.com\\\/canfalima\",\"https:\\\/\\\/www.instagram.com\\\/canfalimarinaalta\\\/\"]},{\"@type\":\"Person\",\"@id\":\"https:\\\/\\\/canfali.com\\\/ca-es\\\/#\\\/schema\\\/person\\\/f540a86fb33e10daaae53c59ceaa1194\",\"name\":\"Lluis\",\"image\":{\"@type\":\"ImageObject\",\"inLanguage\":\"va-ES\",\"@id\":\"https:\\\/\\\/secure.gravatar.com\\\/avatar\\\/a21ec8835290e4e02ed0886b8cb327d807d0eb6ec8ccf25d4c2a0a415f506c0d?s=96&d=mm&r=g\",\"url\":\"https:\\\/\\\/secure.gravatar.com\\\/avatar\\\/a21ec8835290e4e02ed0886b8cb327d807d0eb6ec8ccf25d4c2a0a415f506c0d?s=96&d=mm&r=g\",\"contentUrl\":\"https:\\\/\\\/secure.gravatar.com\\\/avatar\\\/a21ec8835290e4e02ed0886b8cb327d807d0eb6ec8ccf25d4c2a0a415f506c0d?s=96&d=mm&r=g\",\"caption\":\"Lluis\"},\"url\":\"https:\\\/\\\/canfali.com\\\/ca-es\\\/author\\\/lluis\\\/\"}]}<\/script>\n<!-- \/ Yoast SEO Premium plugin. -->","yoast_head_json":{"title":"Pedreguer refor\u00e7a el seu lideratge abolicionista amb les V Jornades contra l\u2019explotaci\u00f3 sexual - Canfali","description":"El municipi acollir\u00e0 el pr\u00f2xim 16 de maig una nova edici\u00f3 d\u2019aquest encontre feminista, amb ponents de refer\u00e8ncia i un enfocament pr\u00e0ctic per a l\u2019acci\u00f3 local","robots":{"index":"index","follow":"follow","max-snippet":"max-snippet:-1","max-image-preview":"max-image-preview:large","max-video-preview":"max-video-preview:-1"},"canonical":"https:\/\/canfali.com\/ca-es\/pedreguer-reforca-el-seu-lideratge-abolicionista-amb-les-v-jornades-contra-lexplotacio-sexual\/","og_locale":"en_US","og_type":"article","og_title":"Pedreguer refor\u00e7a el seu lideratge abolicionista amb les V Jornades contra l\u2019explotaci\u00f3 sexual","og_description":"El municipi acollir\u00e0 el pr\u00f2xim 16 de maig una nova edici\u00f3 d\u2019aquest encontre feminista, amb ponents de refer\u00e8ncia i un enfocament pr\u00e0ctic per a l\u2019acci\u00f3 local","og_url":"https:\/\/canfali.com\/ca-es\/pedreguer-reforca-el-seu-lideratge-abolicionista-amb-les-v-jornades-contra-lexplotacio-sexual\/","og_site_name":"Canfali","article_publisher":"https:\/\/es-es.facebook.com\/CANFALIMarinaAlta","article_published_time":"2026-04-30T06:50:56+00:00","article_modified_time":"2026-04-30T06:52:11+00:00","og_image":[{"width":1712,"height":871,"url":"https:\/\/canfali.com\/app\/uploads\/2026\/04\/cultura-pedreguer.jpg","type":"image\/jpeg"}],"author":"Lluis","twitter_card":"summary_large_image","twitter_creator":"@canfalima","twitter_site":"@canfalima","twitter_misc":{"Written by":"Lluis","Est. reading time":"2 minutes"},"schema":{"@context":"https:\/\/schema.org","@graph":[{"@type":"NewsArticle","@id":"https:\/\/canfali.com\/ca-es\/pedreguer-reforca-el-seu-lideratge-abolicionista-amb-les-v-jornades-contra-lexplotacio-sexual\/#article","isPartOf":{"@id":"https:\/\/canfali.com\/ca-es\/pedreguer-reforca-el-seu-lideratge-abolicionista-amb-les-v-jornades-contra-lexplotacio-sexual\/"},"author":{"name":"Lluis","@id":"https:\/\/canfali.com\/ca-es\/#\/schema\/person\/f540a86fb33e10daaae53c59ceaa1194"},"headline":"Pedreguer refor\u00e7a el seu lideratge abolicionista amb les V Jornades contra l\u2019explotaci\u00f3 sexual","datePublished":"2026-04-30T06:50:56+00:00","dateModified":"2026-04-30T06:52:11+00:00","mainEntityOfPage":{"@id":"https:\/\/canfali.com\/ca-es\/pedreguer-reforca-el-seu-lideratge-abolicionista-amb-les-v-jornades-contra-lexplotacio-sexual\/"},"wordCount":416,"publisher":{"@id":"https:\/\/canfali.com\/ca-es\/#organization"},"image":{"@id":"https:\/\/canfali.com\/ca-es\/pedreguer-reforca-el-seu-lideratge-abolicionista-amb-les-v-jornades-contra-lexplotacio-sexual\/#primaryimage"},"thumbnailUrl":"https:\/\/canfali.com\/app\/uploads\/2026\/04\/cultura-pedreguer.jpg","articleSection":["Municipal"],"inLanguage":"va-ES","copyrightYear":"2026","copyrightHolder":{"@id":"https:\/\/canfali.com\/#organization"}},{"@type":"WebPage","@id":"https:\/\/canfali.com\/ca-es\/pedreguer-reforca-el-seu-lideratge-abolicionista-amb-les-v-jornades-contra-lexplotacio-sexual\/","url":"https:\/\/canfali.com\/ca-es\/pedreguer-reforca-el-seu-lideratge-abolicionista-amb-les-v-jornades-contra-lexplotacio-sexual\/","name":"Pedreguer refor\u00e7a el seu lideratge abolicionista amb les V Jornades contra l\u2019explotaci\u00f3 sexual - Canfali","isPartOf":{"@id":"https:\/\/canfali.com\/ca-es\/#website"},"primaryImageOfPage":{"@id":"https:\/\/canfali.com\/ca-es\/pedreguer-reforca-el-seu-lideratge-abolicionista-amb-les-v-jornades-contra-lexplotacio-sexual\/#primaryimage"},"image":{"@id":"https:\/\/canfali.com\/ca-es\/pedreguer-reforca-el-seu-lideratge-abolicionista-amb-les-v-jornades-contra-lexplotacio-sexual\/#primaryimage"},"thumbnailUrl":"https:\/\/canfali.com\/app\/uploads\/2026\/04\/cultura-pedreguer.jpg","datePublished":"2026-04-30T06:50:56+00:00","dateModified":"2026-04-30T06:52:11+00:00","description":"El municipi acollir\u00e0 el pr\u00f2xim 16 de maig una nova edici\u00f3 d\u2019aquest encontre feminista, amb ponents de refer\u00e8ncia i un enfocament pr\u00e0ctic per a l\u2019acci\u00f3 local","breadcrumb":{"@id":"https:\/\/canfali.com\/ca-es\/pedreguer-reforca-el-seu-lideratge-abolicionista-amb-les-v-jornades-contra-lexplotacio-sexual\/#breadcrumb"},"inLanguage":"va-ES","potentialAction":[{"@type":"ReadAction","target":["https:\/\/canfali.com\/ca-es\/pedreguer-reforca-el-seu-lideratge-abolicionista-amb-les-v-jornades-contra-lexplotacio-sexual\/"]}]},{"@type":"ImageObject","inLanguage":"va-ES","@id":"https:\/\/canfali.com\/ca-es\/pedreguer-reforca-el-seu-lideratge-abolicionista-amb-les-v-jornades-contra-lexplotacio-sexual\/#primaryimage","url":"https:\/\/canfali.com\/app\/uploads\/2026\/04\/cultura-pedreguer.jpg","contentUrl":"https:\/\/canfali.com\/app\/uploads\/2026\/04\/cultura-pedreguer.jpg","width":1712,"height":871},{"@type":"BreadcrumbList","@id":"https:\/\/canfali.com\/ca-es\/pedreguer-reforca-el-seu-lideratge-abolicionista-amb-les-v-jornades-contra-lexplotacio-sexual\/#breadcrumb","itemListElement":[{"@type":"ListItem","position":1,"name":"Portada","item":"https:\/\/canfali.com\/ca-es\/"},{"@type":"ListItem","position":2,"name":"Pedreguer refor\u00e7a el seu lideratge abolicionista amb les V Jornades contra l\u2019explotaci\u00f3 sexual"}]},{"@type":"WebSite","@id":"https:\/\/canfali.com\/ca-es\/#website","url":"https:\/\/canfali.com\/ca-es\/","name":"Canfali","description":"","publisher":{"@id":"https:\/\/canfali.com\/ca-es\/#organization"},"potentialAction":[{"@type":"SearchAction","target":{"@type":"EntryPoint","urlTemplate":"https:\/\/canfali.com\/ca-es\/?s={search_term_string}"},"query-input":{"@type":"PropertyValueSpecification","valueRequired":true,"valueName":"search_term_string"}}],"inLanguage":"va-ES"},{"@type":"Organization","@id":"https:\/\/canfali.com\/ca-es\/#organization","name":"Canfali","url":"https:\/\/canfali.com\/ca-es\/","logo":{"@type":"ImageObject","inLanguage":"va-ES","@id":"https:\/\/canfali.com\/ca-es\/#\/schema\/logo\/image\/","url":"https:\/\/canfali.com\/app\/uploads\/2025\/12\/canfali_marina_alta_logo.png","contentUrl":"https:\/\/canfali.com\/app\/uploads\/2025\/12\/canfali_marina_alta_logo.png","width":225,"height":225,"caption":"Canfali"},"image":{"@id":"https:\/\/canfali.com\/ca-es\/#\/schema\/logo\/image\/"},"sameAs":["https:\/\/es-es.facebook.com\/CANFALIMarinaAlta","https:\/\/x.com\/canfalima","https:\/\/www.instagram.com\/canfalimarinaalta\/"]},{"@type":"Person","@id":"https:\/\/canfali.com\/ca-es\/#\/schema\/person\/f540a86fb33e10daaae53c59ceaa1194","name":"Lluis","image":{"@type":"ImageObject","inLanguage":"va-ES","@id":"https:\/\/secure.gravatar.com\/avatar\/a21ec8835290e4e02ed0886b8cb327d807d0eb6ec8ccf25d4c2a0a415f506c0d?s=96&d=mm&r=g","url":"https:\/\/secure.gravatar.com\/avatar\/a21ec8835290e4e02ed0886b8cb327d807d0eb6ec8ccf25d4c2a0a415f506c0d?s=96&d=mm&r=g","contentUrl":"https:\/\/secure.gravatar.com\/avatar\/a21ec8835290e4e02ed0886b8cb327d807d0eb6ec8ccf25d4c2a0a415f506c0d?s=96&d=mm&r=g","caption":"Lluis"},"url":"https:\/\/canfali.com\/ca-es\/author\/lluis\/"}]}},"_links":{"self":[{"href":"https:\/\/canfali.com\/ca-es\/wp-json\/wp\/v2\/posts\/95770","targetHints":{"allow":["GET"]}}],"collection":[{"href":"https:\/\/canfali.com\/ca-es\/wp-json\/wp\/v2\/posts"}],"about":[{"href":"https:\/\/canfali.com\/ca-es\/wp-json\/wp\/v2\/types\/post"}],"author":[{"embeddable":true,"href":"https:\/\/canfali.com\/ca-es\/wp-json\/wp\/v2\/users\/8"}],"replies":[{"embeddable":true,"href":"https:\/\/canfali.com\/ca-es\/wp-json\/wp\/v2\/comments?post=95770"}],"version-history":[{"count":1,"href":"https:\/\/canfali.com\/ca-es\/wp-json\/wp\/v2\/posts\/95770\/revisions"}],"predecessor-version":[{"id":95771,"href":"https:\/\/canfali.com\/ca-es\/wp-json\/wp\/v2\/posts\/95770\/revisions\/95771"}],"wp:featuredmedia":[{"embeddable":true,"href":"https:\/\/canfali.com\/ca-es\/wp-json\/wp\/v2\/media\/95768"}],"wp:attachment":[{"href":"https:\/\/canfali.com\/ca-es\/wp-json\/wp\/v2\/media?parent=95770"}],"wp:term":[{"taxonomy":"category","embeddable":true,"href":"https:\/\/canfali.com\/ca-es\/wp-json\/wp\/v2\/categories?post=95770"},{"taxonomy":"post_tag","embeddable":true,"href":"https:\/\/canfali.com\/ca-es\/wp-json\/wp\/v2\/tags?post=95770"}],"curies":[{"name":"wp","href":"https:\/\/api.w.org\/{rel}","templated":true}]}}