{"id":95765,"date":"2026-04-30T08:35:04","date_gmt":"2026-04-30T06:35:04","guid":{"rendered":"https:\/\/canfali.com\/polemica-per-la-instal%c2%b7lacio-daules-provisionals-en-la-zona-esportiva-del-freginal\/"},"modified":"2026-04-30T08:38:28","modified_gmt":"2026-04-30T06:38:28","slug":"polemica-per-la-instal%c2%b7lacio-daules-provisionals-en-la-zona-esportiva-del-freginal","status":"publish","type":"post","link":"https:\/\/canfali.com\/ca-es\/polemica-per-la-instal%c2%b7lacio-daules-provisionals-en-la-zona-esportiva-del-freginal\/","title":{"rendered":"Pol\u00e8mica per la instal\u00b7laci\u00f3 d\u2019aules provisionals en la zona esportiva del Freginal"},"content":{"rendered":"\n<p><p class=\"p1\"><strong>El govern prioritza la urg\u00e8ncia de resoldre les mancances educatives mentre avan\u00e7a en la Ciutat Esportiva<\/strong><\/p><\/p>\n\n<p>La prevista instal\u00b7laci\u00f3 d\u2019un col\u00b7legi provisional en la zona del Freginal ha obert un nou front de debat a X\u00e0bia entre l\u2019\u00e0mbit esportiu i l\u2019educatiu. La controv\u00e8rsia s\u2019ha intensificat en les hores pr\u00e8vies al ple municipal en qu\u00e8 es preveu aprovar la cessi\u00f3 dels terrenys a la Conselleria, amb postures enfrontades sobre l\u2019\u00fas d\u2019un espai considerat estrat\u00e8gic per al desenvolupament d\u2019infraestructures esportives.&#13;\n<\/p>\n\n<p>Des de diferents col\u00b7lectius vinculats a l\u2019esport local s\u2019ha al\u00e7at la veu d\u2019alarma davant la decisi\u00f3 municipal. Recorden que en aquests terrenys estava projectada la construcci\u00f3 d\u2019un segon pavell\u00f3 i nous camps de futbol, instal\u00b7lacions que consideren urgents davant la saturaci\u00f3 actual. Segons denuncien, el pavell\u00f3 Miguel Buigues suporta una alta c\u00e0rrega d\u2019activitat i diversos clubs entrenen en condicions que qualifiquen de prec\u00e0ries, mentre que cada any nombrosos xiquets i xiquetes queden fora de la pr\u00e0ctica esportiva per falta d\u2019espai.&#13;\n<\/p>\n\n<figure class=\"wp-block-image size-large\"><img fetchpriority=\"high\" decoding=\"async\" width=\"768\" height=\"1024\" src=\"https:\/\/canfali.com\/app\/uploads\/2026\/04\/8deportesxabia2-768x1024.jpeg\" alt=\"\" class=\"wp-image-95762\" srcset=\"https:\/\/canfali.com\/app\/uploads\/2026\/04\/8deportesxabia2-768x1024.jpeg 768w, https:\/\/canfali.com\/app\/uploads\/2026\/04\/8deportesxabia2-225x300.jpeg 225w, https:\/\/canfali.com\/app\/uploads\/2026\/04\/8deportesxabia2-1152x1536.jpeg 1152w, https:\/\/canfali.com\/app\/uploads\/2026\/04\/8deportesxabia2-332x443.jpeg 332w, https:\/\/canfali.com\/app\/uploads\/2026\/04\/8deportesxabia2-664x885.jpeg 664w, https:\/\/canfali.com\/app\/uploads\/2026\/04\/8deportesxabia2-688x917.jpeg 688w, https:\/\/canfali.com\/app\/uploads\/2026\/04\/8deportesxabia2-1044x1392.jpeg 1044w, https:\/\/canfali.com\/app\/uploads\/2026\/04\/8deportesxabia2.jpeg 1200w\" sizes=\"(max-width: 768px) 100vw, 768px\" \/><\/figure>\n\n<p>Els clubs sostenen que el Freginal representa la principal zona d\u2019expansi\u00f3 per a l\u2019esport en el municipi i alerten que la instal\u00b7laci\u00f3 de barracons durant un per\u00edode que podria allargar-se fins a cinc anys suposaria, en la pr\u00e0ctica, paralitzar el creixement de les entitats esportives. Tamb\u00e9 q\u00fcestionen la idone\u00eftat de la ubicaci\u00f3 des del punt de vista educatiu, en recordar que el futur centre definitiu es projecta en una altra zona del municipi, pr\u00f2xima al port.&#13;\n<\/p>\n\n<p>No obstant aix\u00f2, davant aquestes cr\u00edtiques, l\u2019Ajuntament ha defensat amb fermesa la seua proposta, apel\u00b7lant a la urg\u00e8ncia de la situaci\u00f3 educativa. En una nota de premsa posterior, el Consell d\u2019Esports ha avalat el plantejament municipal, que busca compatibilitzar ambdues necessitats sense renunciar al desenvolupament futur de l\u2019anomenada \u201cciutat esportiva\u201d.&#13;\n<\/p>\n\n<p>L\u2019alcaldessa ha insistit en la necessitat d\u2019\u201cactuar amb realisme\u201d davant el creixement demogr\u00e0fic i l\u2019increment sostingut de l\u2019alumnat en edat escolar. Segons ha explicat, el municipi ha de donar una resposta immediata per a garantir l\u2019escolaritzaci\u00f3, la qual cosa passa per la implantaci\u00f3 d\u2019un sis\u00e9 col\u00b7legi provisional mentre es tramita el centre definitiu comprom\u00e9s per l\u2019administraci\u00f3 auton\u00f2mica.&#13;\n<\/p>\n\n<p>Un dels pilars de la proposta municipal \u00e9s el model d\u2019\u00fas compartit dels espais. El projecte contempla que les instal\u00b7lacions del col\u00b7legi, especialment els patis, tinguen un \u00fas educatiu en horari lectiu i puguen destinar-se a la pr\u00e0ctica esportiva fora d\u2019aquest horari. D\u2019aquesta manera, el consistori defensa que no sols no es perd superf\u00edcie esportiva, sin\u00f3 que s\u2019optimitzen els recursos disponibles a curt termini.&#13;\n<\/p>\n\n<p>A m\u00e9s, l\u2019Ajuntament subratlla que l\u2019elecci\u00f3 de l\u2019empla\u00e7ament no ha sigut arbitr\u00e0ria. Segons detalla, es van estudiar diverses parcel\u00b7les municipals qualificades com a s\u00f2l dotacional, per\u00f2 cap complia els requisits t\u00e8cnics necessaris a causa de problemes com la inundabilitat, la falta de superf\u00edcie o les mancances en els espais destinats a patis escolars. La parcel\u00b7la del Freginal, finalment seleccionada per la Conselleria, seria l\u2019\u00fanica viable.&#13;\n<\/p>\n\n<p>L\u2019equip de govern tamb\u00e9 ha volgut traslladar un missatge de tranquil\u00b7litat respecte al car\u00e0cter temporal de l\u2019actuaci\u00f3. L\u2019acord fixa un termini m\u00e0xim de cinc anys per a la perman\u00e8ncia del col\u00b7legi provisional, despr\u00e9s del qual el s\u00f2l recuperaria el seu dest\u00ed esportiu.&#13;\n<\/p>\n\n<p>En paral\u00b7lel, el consistori ha reivindicat els avan\u00e7os assolits en mat\u00e8ria de s\u00f2l esportiu, destacant la recent incorporaci\u00f3 al patrimoni municipal de prop del 80% dels terrenys previstos per a equipaments en la zona, fins ara en mans privades.&#13;\n<\/p>\n\n<p>Aix\u00ed, el debat a X\u00e0bia se situa entre la urg\u00e8ncia de garantir places escolars i la necessitat d\u2019ampliar unes instal\u00b7lacions esportives que ja treballen al l\u00edmit, amb un Ajuntament que defensa que ambdues vies poden \u2014i han de\u2014 avan\u00e7ar de manera simult\u00e0nia.&#13;\n<\/p>\n","protected":false},"excerpt":{"rendered":"El govern prioritza la urg\u00e8ncia de resoldre les mancances educatives mentre avan\u00e7a en la Ciutat Esportiva La prevista&hellip;","protected":false},"author":8,"featured_media":95759,"comment_status":"closed","ping_status":"open","sticky":false,"template":"","format":"standard","meta":{"csco_display_header_overlay":false,"csco_singular_sidebar":"","csco_page_header_type":"","csco_page_load_nextpost":"","csco_post_video_location":[],"csco_post_video_location_hash":"","csco_post_video_url":"","csco_post_video_bg_start_time":0,"csco_post_video_bg_end_time":0,"footnotes":""},"categories":[614],"tags":[],"class_list":{"0":"post-95765","1":"post","2":"type-post","3":"status-publish","4":"format-standard","5":"has-post-thumbnail","7":"category-municipal-ca-es","8":"cs-entry","9":"cs-video-wrap"},"yoast_head":"<!-- This site is optimized with the Yoast SEO Premium plugin v26.6 (Yoast SEO v27.3) - https:\/\/yoast.com\/product\/yoast-seo-premium-wordpress\/ -->\n<title>Pol\u00e8mica per la instal\u00b7laci\u00f3 d\u2019aules provisionals en la zona esportiva del Freginal - Canfali<\/title>\n<meta name=\"description\" content=\"El govern prioritza la urg\u00e8ncia de resoldre les mancances educatives mentre avan\u00e7a en la Ciutat Esportiva\" \/>\n<meta name=\"robots\" content=\"index, follow, max-snippet:-1, max-image-preview:large, max-video-preview:-1\" \/>\n<link rel=\"canonical\" href=\"https:\/\/canfali.com\/ca-es\/polemica-per-la-instal%c2%b7lacio-daules-provisionals-en-la-zona-esportiva-del-freginal\/\" \/>\n<meta property=\"og:locale\" content=\"en_US\" \/>\n<meta property=\"og:type\" content=\"article\" \/>\n<meta property=\"og:title\" content=\"Pol\u00e8mica per la instal\u00b7laci\u00f3 d\u2019aules provisionals en la zona esportiva del Freginal\" \/>\n<meta property=\"og:description\" content=\"El govern prioritza la urg\u00e8ncia de resoldre les mancances educatives mentre avan\u00e7a en la Ciutat Esportiva\" \/>\n<meta property=\"og:url\" content=\"https:\/\/canfali.com\/ca-es\/polemica-per-la-instal%c2%b7lacio-daules-provisionals-en-la-zona-esportiva-del-freginal\/\" \/>\n<meta property=\"og:site_name\" content=\"Canfali\" \/>\n<meta property=\"article:publisher\" content=\"https:\/\/es-es.facebook.com\/CANFALIMarinaAlta\" \/>\n<meta property=\"article:published_time\" content=\"2026-04-30T06:35:04+00:00\" \/>\n<meta property=\"article:modified_time\" content=\"2026-04-30T06:38:28+00:00\" \/>\n<meta property=\"og:image\" content=\"https:\/\/canfali.com\/app\/uploads\/2026\/04\/8deportesxabia1.jpeg\" \/>\n\t<meta property=\"og:image:width\" content=\"1600\" \/>\n\t<meta property=\"og:image:height\" content=\"1200\" \/>\n\t<meta property=\"og:image:type\" content=\"image\/jpeg\" \/>\n<meta name=\"author\" content=\"Lluis\" \/>\n<meta name=\"twitter:card\" content=\"summary_large_image\" \/>\n<meta name=\"twitter:creator\" content=\"@canfalima\" \/>\n<meta name=\"twitter:site\" content=\"@canfalima\" \/>\n<meta name=\"twitter:label1\" content=\"Written by\" \/>\n\t<meta name=\"twitter:data1\" content=\"Lluis\" \/>\n\t<meta name=\"twitter:label2\" content=\"Est. reading time\" \/>\n\t<meta name=\"twitter:data2\" content=\"3 minutes\" \/>\n<script type=\"application\/ld+json\" class=\"yoast-schema-graph\">{\"@context\":\"https:\\\/\\\/schema.org\",\"@graph\":[{\"@type\":\"NewsArticle\",\"@id\":\"https:\\\/\\\/canfali.com\\\/ca-es\\\/polemica-per-la-instal%c2%b7lacio-daules-provisionals-en-la-zona-esportiva-del-freginal\\\/#article\",\"isPartOf\":{\"@id\":\"https:\\\/\\\/canfali.com\\\/ca-es\\\/polemica-per-la-instal%c2%b7lacio-daules-provisionals-en-la-zona-esportiva-del-freginal\\\/\"},\"author\":{\"name\":\"Lluis\",\"@id\":\"https:\\\/\\\/canfali.com\\\/ca-es\\\/#\\\/schema\\\/person\\\/f540a86fb33e10daaae53c59ceaa1194\"},\"headline\":\"Pol\u00e8mica per la instal\u00b7laci\u00f3 d\u2019aules provisionals en la zona esportiva del Freginal\",\"datePublished\":\"2026-04-30T06:35:04+00:00\",\"dateModified\":\"2026-04-30T06:38:28+00:00\",\"mainEntityOfPage\":{\"@id\":\"https:\\\/\\\/canfali.com\\\/ca-es\\\/polemica-per-la-instal%c2%b7lacio-daules-provisionals-en-la-zona-esportiva-del-freginal\\\/\"},\"wordCount\":700,\"publisher\":{\"@id\":\"https:\\\/\\\/canfali.com\\\/ca-es\\\/#organization\"},\"image\":{\"@id\":\"https:\\\/\\\/canfali.com\\\/ca-es\\\/polemica-per-la-instal%c2%b7lacio-daules-provisionals-en-la-zona-esportiva-del-freginal\\\/#primaryimage\"},\"thumbnailUrl\":\"https:\\\/\\\/canfali.com\\\/app\\\/uploads\\\/2026\\\/04\\\/8deportesxabia1.jpeg\",\"articleSection\":[\"Municipal\"],\"inLanguage\":\"va-ES\",\"copyrightYear\":\"2026\",\"copyrightHolder\":{\"@id\":\"https:\\\/\\\/canfali.com\\\/#organization\"}},{\"@type\":\"WebPage\",\"@id\":\"https:\\\/\\\/canfali.com\\\/ca-es\\\/polemica-per-la-instal%c2%b7lacio-daules-provisionals-en-la-zona-esportiva-del-freginal\\\/\",\"url\":\"https:\\\/\\\/canfali.com\\\/ca-es\\\/polemica-per-la-instal%c2%b7lacio-daules-provisionals-en-la-zona-esportiva-del-freginal\\\/\",\"name\":\"Pol\u00e8mica per la instal\u00b7laci\u00f3 d\u2019aules provisionals en la zona esportiva del Freginal - Canfali\",\"isPartOf\":{\"@id\":\"https:\\\/\\\/canfali.com\\\/ca-es\\\/#website\"},\"primaryImageOfPage\":{\"@id\":\"https:\\\/\\\/canfali.com\\\/ca-es\\\/polemica-per-la-instal%c2%b7lacio-daules-provisionals-en-la-zona-esportiva-del-freginal\\\/#primaryimage\"},\"image\":{\"@id\":\"https:\\\/\\\/canfali.com\\\/ca-es\\\/polemica-per-la-instal%c2%b7lacio-daules-provisionals-en-la-zona-esportiva-del-freginal\\\/#primaryimage\"},\"thumbnailUrl\":\"https:\\\/\\\/canfali.com\\\/app\\\/uploads\\\/2026\\\/04\\\/8deportesxabia1.jpeg\",\"datePublished\":\"2026-04-30T06:35:04+00:00\",\"dateModified\":\"2026-04-30T06:38:28+00:00\",\"description\":\"El govern prioritza la urg\u00e8ncia de resoldre les mancances educatives mentre avan\u00e7a en la Ciutat Esportiva\",\"breadcrumb\":{\"@id\":\"https:\\\/\\\/canfali.com\\\/ca-es\\\/polemica-per-la-instal%c2%b7lacio-daules-provisionals-en-la-zona-esportiva-del-freginal\\\/#breadcrumb\"},\"inLanguage\":\"va-ES\",\"potentialAction\":[{\"@type\":\"ReadAction\",\"target\":[\"https:\\\/\\\/canfali.com\\\/ca-es\\\/polemica-per-la-instal%c2%b7lacio-daules-provisionals-en-la-zona-esportiva-del-freginal\\\/\"]}]},{\"@type\":\"ImageObject\",\"inLanguage\":\"va-ES\",\"@id\":\"https:\\\/\\\/canfali.com\\\/ca-es\\\/polemica-per-la-instal%c2%b7lacio-daules-provisionals-en-la-zona-esportiva-del-freginal\\\/#primaryimage\",\"url\":\"https:\\\/\\\/canfali.com\\\/app\\\/uploads\\\/2026\\\/04\\\/8deportesxabia1.jpeg\",\"contentUrl\":\"https:\\\/\\\/canfali.com\\\/app\\\/uploads\\\/2026\\\/04\\\/8deportesxabia1.jpeg\",\"width\":1600,\"height\":1200},{\"@type\":\"BreadcrumbList\",\"@id\":\"https:\\\/\\\/canfali.com\\\/ca-es\\\/polemica-per-la-instal%c2%b7lacio-daules-provisionals-en-la-zona-esportiva-del-freginal\\\/#breadcrumb\",\"itemListElement\":[{\"@type\":\"ListItem\",\"position\":1,\"name\":\"Portada\",\"item\":\"https:\\\/\\\/canfali.com\\\/ca-es\\\/\"},{\"@type\":\"ListItem\",\"position\":2,\"name\":\"Pol\u00e8mica per la instal\u00b7laci\u00f3 d\u2019aules provisionals en la zona esportiva del Freginal\"}]},{\"@type\":\"WebSite\",\"@id\":\"https:\\\/\\\/canfali.com\\\/ca-es\\\/#website\",\"url\":\"https:\\\/\\\/canfali.com\\\/ca-es\\\/\",\"name\":\"Canfali\",\"description\":\"\",\"publisher\":{\"@id\":\"https:\\\/\\\/canfali.com\\\/ca-es\\\/#organization\"},\"potentialAction\":[{\"@type\":\"SearchAction\",\"target\":{\"@type\":\"EntryPoint\",\"urlTemplate\":\"https:\\\/\\\/canfali.com\\\/ca-es\\\/?s={search_term_string}\"},\"query-input\":{\"@type\":\"PropertyValueSpecification\",\"valueRequired\":true,\"valueName\":\"search_term_string\"}}],\"inLanguage\":\"va-ES\"},{\"@type\":\"Organization\",\"@id\":\"https:\\\/\\\/canfali.com\\\/ca-es\\\/#organization\",\"name\":\"Canfali\",\"url\":\"https:\\\/\\\/canfali.com\\\/ca-es\\\/\",\"logo\":{\"@type\":\"ImageObject\",\"inLanguage\":\"va-ES\",\"@id\":\"https:\\\/\\\/canfali.com\\\/ca-es\\\/#\\\/schema\\\/logo\\\/image\\\/\",\"url\":\"https:\\\/\\\/canfali.com\\\/app\\\/uploads\\\/2025\\\/12\\\/canfali_marina_alta_logo.png\",\"contentUrl\":\"https:\\\/\\\/canfali.com\\\/app\\\/uploads\\\/2025\\\/12\\\/canfali_marina_alta_logo.png\",\"width\":225,\"height\":225,\"caption\":\"Canfali\"},\"image\":{\"@id\":\"https:\\\/\\\/canfali.com\\\/ca-es\\\/#\\\/schema\\\/logo\\\/image\\\/\"},\"sameAs\":[\"https:\\\/\\\/es-es.facebook.com\\\/CANFALIMarinaAlta\",\"https:\\\/\\\/x.com\\\/canfalima\",\"https:\\\/\\\/www.instagram.com\\\/canfalimarinaalta\\\/\"]},{\"@type\":\"Person\",\"@id\":\"https:\\\/\\\/canfali.com\\\/ca-es\\\/#\\\/schema\\\/person\\\/f540a86fb33e10daaae53c59ceaa1194\",\"name\":\"Lluis\",\"image\":{\"@type\":\"ImageObject\",\"inLanguage\":\"va-ES\",\"@id\":\"https:\\\/\\\/secure.gravatar.com\\\/avatar\\\/a21ec8835290e4e02ed0886b8cb327d807d0eb6ec8ccf25d4c2a0a415f506c0d?s=96&d=mm&r=g\",\"url\":\"https:\\\/\\\/secure.gravatar.com\\\/avatar\\\/a21ec8835290e4e02ed0886b8cb327d807d0eb6ec8ccf25d4c2a0a415f506c0d?s=96&d=mm&r=g\",\"contentUrl\":\"https:\\\/\\\/secure.gravatar.com\\\/avatar\\\/a21ec8835290e4e02ed0886b8cb327d807d0eb6ec8ccf25d4c2a0a415f506c0d?s=96&d=mm&r=g\",\"caption\":\"Lluis\"},\"url\":\"https:\\\/\\\/canfali.com\\\/ca-es\\\/author\\\/lluis\\\/\"}]}<\/script>\n<!-- \/ Yoast SEO Premium plugin. -->","yoast_head_json":{"title":"Pol\u00e8mica per la instal\u00b7laci\u00f3 d\u2019aules provisionals en la zona esportiva del Freginal - Canfali","description":"El govern prioritza la urg\u00e8ncia de resoldre les mancances educatives mentre avan\u00e7a en la Ciutat Esportiva","robots":{"index":"index","follow":"follow","max-snippet":"max-snippet:-1","max-image-preview":"max-image-preview:large","max-video-preview":"max-video-preview:-1"},"canonical":"https:\/\/canfali.com\/ca-es\/polemica-per-la-instal%c2%b7lacio-daules-provisionals-en-la-zona-esportiva-del-freginal\/","og_locale":"en_US","og_type":"article","og_title":"Pol\u00e8mica per la instal\u00b7laci\u00f3 d\u2019aules provisionals en la zona esportiva del Freginal","og_description":"El govern prioritza la urg\u00e8ncia de resoldre les mancances educatives mentre avan\u00e7a en la Ciutat Esportiva","og_url":"https:\/\/canfali.com\/ca-es\/polemica-per-la-instal%c2%b7lacio-daules-provisionals-en-la-zona-esportiva-del-freginal\/","og_site_name":"Canfali","article_publisher":"https:\/\/es-es.facebook.com\/CANFALIMarinaAlta","article_published_time":"2026-04-30T06:35:04+00:00","article_modified_time":"2026-04-30T06:38:28+00:00","og_image":[{"width":1600,"height":1200,"url":"https:\/\/canfali.com\/app\/uploads\/2026\/04\/8deportesxabia1.jpeg","type":"image\/jpeg"}],"author":"Lluis","twitter_card":"summary_large_image","twitter_creator":"@canfalima","twitter_site":"@canfalima","twitter_misc":{"Written by":"Lluis","Est. reading time":"3 minutes"},"schema":{"@context":"https:\/\/schema.org","@graph":[{"@type":"NewsArticle","@id":"https:\/\/canfali.com\/ca-es\/polemica-per-la-instal%c2%b7lacio-daules-provisionals-en-la-zona-esportiva-del-freginal\/#article","isPartOf":{"@id":"https:\/\/canfali.com\/ca-es\/polemica-per-la-instal%c2%b7lacio-daules-provisionals-en-la-zona-esportiva-del-freginal\/"},"author":{"name":"Lluis","@id":"https:\/\/canfali.com\/ca-es\/#\/schema\/person\/f540a86fb33e10daaae53c59ceaa1194"},"headline":"Pol\u00e8mica per la instal\u00b7laci\u00f3 d\u2019aules provisionals en la zona esportiva del Freginal","datePublished":"2026-04-30T06:35:04+00:00","dateModified":"2026-04-30T06:38:28+00:00","mainEntityOfPage":{"@id":"https:\/\/canfali.com\/ca-es\/polemica-per-la-instal%c2%b7lacio-daules-provisionals-en-la-zona-esportiva-del-freginal\/"},"wordCount":700,"publisher":{"@id":"https:\/\/canfali.com\/ca-es\/#organization"},"image":{"@id":"https:\/\/canfali.com\/ca-es\/polemica-per-la-instal%c2%b7lacio-daules-provisionals-en-la-zona-esportiva-del-freginal\/#primaryimage"},"thumbnailUrl":"https:\/\/canfali.com\/app\/uploads\/2026\/04\/8deportesxabia1.jpeg","articleSection":["Municipal"],"inLanguage":"va-ES","copyrightYear":"2026","copyrightHolder":{"@id":"https:\/\/canfali.com\/#organization"}},{"@type":"WebPage","@id":"https:\/\/canfali.com\/ca-es\/polemica-per-la-instal%c2%b7lacio-daules-provisionals-en-la-zona-esportiva-del-freginal\/","url":"https:\/\/canfali.com\/ca-es\/polemica-per-la-instal%c2%b7lacio-daules-provisionals-en-la-zona-esportiva-del-freginal\/","name":"Pol\u00e8mica per la instal\u00b7laci\u00f3 d\u2019aules provisionals en la zona esportiva del Freginal - Canfali","isPartOf":{"@id":"https:\/\/canfali.com\/ca-es\/#website"},"primaryImageOfPage":{"@id":"https:\/\/canfali.com\/ca-es\/polemica-per-la-instal%c2%b7lacio-daules-provisionals-en-la-zona-esportiva-del-freginal\/#primaryimage"},"image":{"@id":"https:\/\/canfali.com\/ca-es\/polemica-per-la-instal%c2%b7lacio-daules-provisionals-en-la-zona-esportiva-del-freginal\/#primaryimage"},"thumbnailUrl":"https:\/\/canfali.com\/app\/uploads\/2026\/04\/8deportesxabia1.jpeg","datePublished":"2026-04-30T06:35:04+00:00","dateModified":"2026-04-30T06:38:28+00:00","description":"El govern prioritza la urg\u00e8ncia de resoldre les mancances educatives mentre avan\u00e7a en la Ciutat Esportiva","breadcrumb":{"@id":"https:\/\/canfali.com\/ca-es\/polemica-per-la-instal%c2%b7lacio-daules-provisionals-en-la-zona-esportiva-del-freginal\/#breadcrumb"},"inLanguage":"va-ES","potentialAction":[{"@type":"ReadAction","target":["https:\/\/canfali.com\/ca-es\/polemica-per-la-instal%c2%b7lacio-daules-provisionals-en-la-zona-esportiva-del-freginal\/"]}]},{"@type":"ImageObject","inLanguage":"va-ES","@id":"https:\/\/canfali.com\/ca-es\/polemica-per-la-instal%c2%b7lacio-daules-provisionals-en-la-zona-esportiva-del-freginal\/#primaryimage","url":"https:\/\/canfali.com\/app\/uploads\/2026\/04\/8deportesxabia1.jpeg","contentUrl":"https:\/\/canfali.com\/app\/uploads\/2026\/04\/8deportesxabia1.jpeg","width":1600,"height":1200},{"@type":"BreadcrumbList","@id":"https:\/\/canfali.com\/ca-es\/polemica-per-la-instal%c2%b7lacio-daules-provisionals-en-la-zona-esportiva-del-freginal\/#breadcrumb","itemListElement":[{"@type":"ListItem","position":1,"name":"Portada","item":"https:\/\/canfali.com\/ca-es\/"},{"@type":"ListItem","position":2,"name":"Pol\u00e8mica per la instal\u00b7laci\u00f3 d\u2019aules provisionals en la zona esportiva del Freginal"}]},{"@type":"WebSite","@id":"https:\/\/canfali.com\/ca-es\/#website","url":"https:\/\/canfali.com\/ca-es\/","name":"Canfali","description":"","publisher":{"@id":"https:\/\/canfali.com\/ca-es\/#organization"},"potentialAction":[{"@type":"SearchAction","target":{"@type":"EntryPoint","urlTemplate":"https:\/\/canfali.com\/ca-es\/?s={search_term_string}"},"query-input":{"@type":"PropertyValueSpecification","valueRequired":true,"valueName":"search_term_string"}}],"inLanguage":"va-ES"},{"@type":"Organization","@id":"https:\/\/canfali.com\/ca-es\/#organization","name":"Canfali","url":"https:\/\/canfali.com\/ca-es\/","logo":{"@type":"ImageObject","inLanguage":"va-ES","@id":"https:\/\/canfali.com\/ca-es\/#\/schema\/logo\/image\/","url":"https:\/\/canfali.com\/app\/uploads\/2025\/12\/canfali_marina_alta_logo.png","contentUrl":"https:\/\/canfali.com\/app\/uploads\/2025\/12\/canfali_marina_alta_logo.png","width":225,"height":225,"caption":"Canfali"},"image":{"@id":"https:\/\/canfali.com\/ca-es\/#\/schema\/logo\/image\/"},"sameAs":["https:\/\/es-es.facebook.com\/CANFALIMarinaAlta","https:\/\/x.com\/canfalima","https:\/\/www.instagram.com\/canfalimarinaalta\/"]},{"@type":"Person","@id":"https:\/\/canfali.com\/ca-es\/#\/schema\/person\/f540a86fb33e10daaae53c59ceaa1194","name":"Lluis","image":{"@type":"ImageObject","inLanguage":"va-ES","@id":"https:\/\/secure.gravatar.com\/avatar\/a21ec8835290e4e02ed0886b8cb327d807d0eb6ec8ccf25d4c2a0a415f506c0d?s=96&d=mm&r=g","url":"https:\/\/secure.gravatar.com\/avatar\/a21ec8835290e4e02ed0886b8cb327d807d0eb6ec8ccf25d4c2a0a415f506c0d?s=96&d=mm&r=g","contentUrl":"https:\/\/secure.gravatar.com\/avatar\/a21ec8835290e4e02ed0886b8cb327d807d0eb6ec8ccf25d4c2a0a415f506c0d?s=96&d=mm&r=g","caption":"Lluis"},"url":"https:\/\/canfali.com\/ca-es\/author\/lluis\/"}]}},"_links":{"self":[{"href":"https:\/\/canfali.com\/ca-es\/wp-json\/wp\/v2\/posts\/95765","targetHints":{"allow":["GET"]}}],"collection":[{"href":"https:\/\/canfali.com\/ca-es\/wp-json\/wp\/v2\/posts"}],"about":[{"href":"https:\/\/canfali.com\/ca-es\/wp-json\/wp\/v2\/types\/post"}],"author":[{"embeddable":true,"href":"https:\/\/canfali.com\/ca-es\/wp-json\/wp\/v2\/users\/8"}],"replies":[{"embeddable":true,"href":"https:\/\/canfali.com\/ca-es\/wp-json\/wp\/v2\/comments?post=95765"}],"version-history":[{"count":1,"href":"https:\/\/canfali.com\/ca-es\/wp-json\/wp\/v2\/posts\/95765\/revisions"}],"predecessor-version":[{"id":95766,"href":"https:\/\/canfali.com\/ca-es\/wp-json\/wp\/v2\/posts\/95765\/revisions\/95766"}],"wp:featuredmedia":[{"embeddable":true,"href":"https:\/\/canfali.com\/ca-es\/wp-json\/wp\/v2\/media\/95759"}],"wp:attachment":[{"href":"https:\/\/canfali.com\/ca-es\/wp-json\/wp\/v2\/media?parent=95765"}],"wp:term":[{"taxonomy":"category","embeddable":true,"href":"https:\/\/canfali.com\/ca-es\/wp-json\/wp\/v2\/categories?post=95765"},{"taxonomy":"post_tag","embeddable":true,"href":"https:\/\/canfali.com\/ca-es\/wp-json\/wp\/v2\/tags?post=95765"}],"curies":[{"name":"wp","href":"https:\/\/api.w.org\/{rel}","templated":true}]}}