{"id":95730,"date":"2026-04-29T14:58:29","date_gmt":"2026-04-29T12:58:29","guid":{"rendered":"https:\/\/canfali.com\/je-es-coneix-la-sancio-al-benissa-pels-incidents-de-lultim-partit\/"},"modified":"2026-04-29T15:00:32","modified_gmt":"2026-04-29T13:00:32","slug":"je-es-coneix-la-sancio-al-benissa-pels-incidents-de-lultim-partit","status":"publish","type":"post","link":"https:\/\/canfali.com\/ca-es\/je-es-coneix-la-sancio-al-benissa-pels-incidents-de-lultim-partit\/","title":{"rendered":"Je es coneix la sanci\u00f3 al Benissa pels incidents de l&#8217;\u00faltim partit"},"content":{"rendered":"\n<p>El Benissa haur\u00e0 de disputar a porta tancada el seu pr\u00f2xim encontre com a local, previst per al 10 de maig davant del cuer del grup, l\u2019Iraklis. Aix\u00ed ho ha dictaminat el Comit\u00e8 de Disciplina de la Federaci\u00f3 Valenciana de Futbol despr\u00e9s dels incidents registrats dissabte passat en el partit contra el Salesianos.&#13;\n<\/p>\n\n<p>L\u2019\u00e0rbitre de l\u2019encontre va decretar la suspensi\u00f3 en el minut 80 despr\u00e9s que un individu accedira al terreny de joc mostrant una actitud amena\u00e7adora cap a un jugador visitant, encara que sense arribar a creuar la l\u00ednia de banda. Davant esta situaci\u00f3, el col\u00b7legiat va ordenar el desallotjament del Camp de La Costa per poder reprendre el partit, que finalment es va completar sense p\u00fablic.&#13;\n<\/p>\n\n<p>Com a conseq\u00fc\u00e8ncia d\u2019estos fets, el Benissa ha sigut sancionat amb la celebraci\u00f3 d\u2019un partit a porta tancada per incidents greus protagonitzats pel p\u00fablic, en aplicaci\u00f3 de l\u2019article 103 del Codi Disciplinari. Durant eixe encontre, nom\u00e9s podran accedir al terreny de joc un m\u00e0xim de 25 persones per equip, inclosos jugadors i cos t\u00e8cnic. La resta de persones autoritzades hauran de comptar amb llic\u00e8ncia federativa en vigor o carnet de directiu. A m\u00e9s, el club ha sigut sancionat amb una multa econ\u00f2mica de 150 euros. D\u2019altra banda, un t\u00e8cnic del Benissa ha sigut susp\u00e9s durant quatre partits per \u201cagredir a un altre sense causar lesi\u00f3\u201d, segons recull la resoluci\u00f3 emesa per la federaci\u00f3.&#13;\n&#13;\n&#13;\n&#13;\n<\/p>\n","protected":false},"excerpt":{"rendered":"El Benissa haur\u00e0 de disputar a porta tancada el seu pr\u00f2xim encontre com a local, previst per al&hellip;","protected":false},"author":8,"featured_media":95728,"comment_status":"closed","ping_status":"open","sticky":false,"template":"","format":"standard","meta":{"csco_display_header_overlay":false,"csco_singular_sidebar":"","csco_page_header_type":"","csco_page_load_nextpost":"","csco_post_video_location":[],"csco_post_video_location_hash":"","csco_post_video_url":"","csco_post_video_bg_start_time":0,"csco_post_video_bg_end_time":0,"footnotes":""},"categories":[573,598,601],"tags":[],"class_list":{"0":"post-95730","1":"post","2":"type-post","3":"status-publish","4":"format-standard","5":"has-post-thumbnail","7":"category-deportes-2","8":"category-esports","9":"category-futbol-ca-es","10":"cs-entry","11":"cs-video-wrap"},"yoast_head":"<!-- This site is optimized with the Yoast SEO Premium plugin v26.6 (Yoast SEO v27.3) - https:\/\/yoast.com\/product\/yoast-seo-premium-wordpress\/ -->\n<title>Je es coneix la sanci\u00f3 al Benissa pels incidents de l&#039;\u00faltim partit - Canfali<\/title>\n<meta name=\"description\" content=\"L\u2019\u00e0rbitre va suspendre el partit despr\u00e9s que un individu accedira al terreny de joc mostrant una actitud amena\u00e7adora cap a un jugador visitant,\" \/>\n<meta name=\"robots\" content=\"index, follow, max-snippet:-1, max-image-preview:large, max-video-preview:-1\" \/>\n<link rel=\"canonical\" href=\"https:\/\/canfali.com\/ca-es\/je-es-coneix-la-sancio-al-benissa-pels-incidents-de-lultim-partit\/\" \/>\n<meta property=\"og:locale\" content=\"en_US\" \/>\n<meta property=\"og:type\" content=\"article\" \/>\n<meta property=\"og:title\" content=\"Je es coneix la sanci\u00f3 al Benissa pels incidents de l&#039;\u00faltim partit\" \/>\n<meta property=\"og:description\" content=\"L\u2019\u00e0rbitre va suspendre el partit despr\u00e9s que un individu accedira al terreny de joc mostrant una actitud amena\u00e7adora cap a un jugador visitant,\" \/>\n<meta property=\"og:url\" content=\"https:\/\/canfali.com\/ca-es\/je-es-coneix-la-sancio-al-benissa-pels-incidents-de-lultim-partit\/\" \/>\n<meta property=\"og:site_name\" content=\"Canfali\" \/>\n<meta property=\"article:publisher\" content=\"https:\/\/es-es.facebook.com\/CANFALIMarinaAlta\" \/>\n<meta property=\"article:published_time\" content=\"2026-04-29T12:58:29+00:00\" \/>\n<meta property=\"article:modified_time\" content=\"2026-04-29T13:00:32+00:00\" \/>\n<meta property=\"og:image\" content=\"https:\/\/canfali.com\/app\/uploads\/2026\/04\/5Q0A3961-scaled.jpg\" \/>\n\t<meta property=\"og:image:width\" content=\"2560\" \/>\n\t<meta property=\"og:image:height\" content=\"1707\" \/>\n\t<meta property=\"og:image:type\" content=\"image\/jpeg\" \/>\n<meta name=\"author\" content=\"Lluis\" \/>\n<meta name=\"twitter:card\" content=\"summary_large_image\" \/>\n<meta name=\"twitter:creator\" content=\"@canfalima\" \/>\n<meta name=\"twitter:site\" content=\"@canfalima\" \/>\n<meta name=\"twitter:label1\" content=\"Written by\" \/>\n\t<meta name=\"twitter:data1\" content=\"Lluis\" \/>\n\t<meta name=\"twitter:label2\" content=\"Est. reading time\" \/>\n\t<meta name=\"twitter:data2\" content=\"1 minute\" \/>\n<script type=\"application\/ld+json\" class=\"yoast-schema-graph\">{\"@context\":\"https:\\\/\\\/schema.org\",\"@graph\":[{\"@type\":\"NewsArticle\",\"@id\":\"https:\\\/\\\/canfali.com\\\/ca-es\\\/je-es-coneix-la-sancio-al-benissa-pels-incidents-de-lultim-partit\\\/#article\",\"isPartOf\":{\"@id\":\"https:\\\/\\\/canfali.com\\\/ca-es\\\/je-es-coneix-la-sancio-al-benissa-pels-incidents-de-lultim-partit\\\/\"},\"author\":{\"name\":\"Lluis\",\"@id\":\"https:\\\/\\\/canfali.com\\\/ca-es\\\/#\\\/schema\\\/person\\\/f540a86fb33e10daaae53c59ceaa1194\"},\"headline\":\"Je es coneix la sanci\u00f3 al Benissa pels incidents de l&#8217;\u00faltim partit\",\"datePublished\":\"2026-04-29T12:58:29+00:00\",\"dateModified\":\"2026-04-29T13:00:32+00:00\",\"mainEntityOfPage\":{\"@id\":\"https:\\\/\\\/canfali.com\\\/ca-es\\\/je-es-coneix-la-sancio-al-benissa-pels-incidents-de-lultim-partit\\\/\"},\"wordCount\":263,\"publisher\":{\"@id\":\"https:\\\/\\\/canfali.com\\\/ca-es\\\/#organization\"},\"image\":{\"@id\":\"https:\\\/\\\/canfali.com\\\/ca-es\\\/je-es-coneix-la-sancio-al-benissa-pels-incidents-de-lultim-partit\\\/#primaryimage\"},\"thumbnailUrl\":\"https:\\\/\\\/canfali.com\\\/app\\\/uploads\\\/2026\\\/04\\\/5Q0A3961-scaled.jpg\",\"articleSection\":[\"Deportes\",\"Esports\",\"Futbol\"],\"inLanguage\":\"va-ES\",\"copyrightYear\":\"2026\",\"copyrightHolder\":{\"@id\":\"https:\\\/\\\/canfali.com\\\/#organization\"}},{\"@type\":\"WebPage\",\"@id\":\"https:\\\/\\\/canfali.com\\\/ca-es\\\/je-es-coneix-la-sancio-al-benissa-pels-incidents-de-lultim-partit\\\/\",\"url\":\"https:\\\/\\\/canfali.com\\\/ca-es\\\/je-es-coneix-la-sancio-al-benissa-pels-incidents-de-lultim-partit\\\/\",\"name\":\"Je es coneix la sanci\u00f3 al Benissa pels incidents de l'\u00faltim partit - Canfali\",\"isPartOf\":{\"@id\":\"https:\\\/\\\/canfali.com\\\/ca-es\\\/#website\"},\"primaryImageOfPage\":{\"@id\":\"https:\\\/\\\/canfali.com\\\/ca-es\\\/je-es-coneix-la-sancio-al-benissa-pels-incidents-de-lultim-partit\\\/#primaryimage\"},\"image\":{\"@id\":\"https:\\\/\\\/canfali.com\\\/ca-es\\\/je-es-coneix-la-sancio-al-benissa-pels-incidents-de-lultim-partit\\\/#primaryimage\"},\"thumbnailUrl\":\"https:\\\/\\\/canfali.com\\\/app\\\/uploads\\\/2026\\\/04\\\/5Q0A3961-scaled.jpg\",\"datePublished\":\"2026-04-29T12:58:29+00:00\",\"dateModified\":\"2026-04-29T13:00:32+00:00\",\"description\":\"L\u2019\u00e0rbitre va suspendre el partit despr\u00e9s que un individu accedira al terreny de joc mostrant una actitud amena\u00e7adora cap a un jugador visitant,\",\"breadcrumb\":{\"@id\":\"https:\\\/\\\/canfali.com\\\/ca-es\\\/je-es-coneix-la-sancio-al-benissa-pels-incidents-de-lultim-partit\\\/#breadcrumb\"},\"inLanguage\":\"va-ES\",\"potentialAction\":[{\"@type\":\"ReadAction\",\"target\":[\"https:\\\/\\\/canfali.com\\\/ca-es\\\/je-es-coneix-la-sancio-al-benissa-pels-incidents-de-lultim-partit\\\/\"]}]},{\"@type\":\"ImageObject\",\"inLanguage\":\"va-ES\",\"@id\":\"https:\\\/\\\/canfali.com\\\/ca-es\\\/je-es-coneix-la-sancio-al-benissa-pels-incidents-de-lultim-partit\\\/#primaryimage\",\"url\":\"https:\\\/\\\/canfali.com\\\/app\\\/uploads\\\/2026\\\/04\\\/5Q0A3961-scaled.jpg\",\"contentUrl\":\"https:\\\/\\\/canfali.com\\\/app\\\/uploads\\\/2026\\\/04\\\/5Q0A3961-scaled.jpg\",\"width\":2560,\"height\":1707},{\"@type\":\"BreadcrumbList\",\"@id\":\"https:\\\/\\\/canfali.com\\\/ca-es\\\/je-es-coneix-la-sancio-al-benissa-pels-incidents-de-lultim-partit\\\/#breadcrumb\",\"itemListElement\":[{\"@type\":\"ListItem\",\"position\":1,\"name\":\"Portada\",\"item\":\"https:\\\/\\\/canfali.com\\\/ca-es\\\/\"},{\"@type\":\"ListItem\",\"position\":2,\"name\":\"Je es coneix la sanci\u00f3 al Benissa pels incidents de l&#8217;\u00faltim partit\"}]},{\"@type\":\"WebSite\",\"@id\":\"https:\\\/\\\/canfali.com\\\/ca-es\\\/#website\",\"url\":\"https:\\\/\\\/canfali.com\\\/ca-es\\\/\",\"name\":\"Canfali\",\"description\":\"\",\"publisher\":{\"@id\":\"https:\\\/\\\/canfali.com\\\/ca-es\\\/#organization\"},\"potentialAction\":[{\"@type\":\"SearchAction\",\"target\":{\"@type\":\"EntryPoint\",\"urlTemplate\":\"https:\\\/\\\/canfali.com\\\/ca-es\\\/?s={search_term_string}\"},\"query-input\":{\"@type\":\"PropertyValueSpecification\",\"valueRequired\":true,\"valueName\":\"search_term_string\"}}],\"inLanguage\":\"va-ES\"},{\"@type\":\"Organization\",\"@id\":\"https:\\\/\\\/canfali.com\\\/ca-es\\\/#organization\",\"name\":\"Canfali\",\"url\":\"https:\\\/\\\/canfali.com\\\/ca-es\\\/\",\"logo\":{\"@type\":\"ImageObject\",\"inLanguage\":\"va-ES\",\"@id\":\"https:\\\/\\\/canfali.com\\\/ca-es\\\/#\\\/schema\\\/logo\\\/image\\\/\",\"url\":\"https:\\\/\\\/canfali.com\\\/app\\\/uploads\\\/2025\\\/12\\\/canfali_marina_alta_logo.png\",\"contentUrl\":\"https:\\\/\\\/canfali.com\\\/app\\\/uploads\\\/2025\\\/12\\\/canfali_marina_alta_logo.png\",\"width\":225,\"height\":225,\"caption\":\"Canfali\"},\"image\":{\"@id\":\"https:\\\/\\\/canfali.com\\\/ca-es\\\/#\\\/schema\\\/logo\\\/image\\\/\"},\"sameAs\":[\"https:\\\/\\\/es-es.facebook.com\\\/CANFALIMarinaAlta\",\"https:\\\/\\\/x.com\\\/canfalima\",\"https:\\\/\\\/www.instagram.com\\\/canfalimarinaalta\\\/\"]},{\"@type\":\"Person\",\"@id\":\"https:\\\/\\\/canfali.com\\\/ca-es\\\/#\\\/schema\\\/person\\\/f540a86fb33e10daaae53c59ceaa1194\",\"name\":\"Lluis\",\"image\":{\"@type\":\"ImageObject\",\"inLanguage\":\"va-ES\",\"@id\":\"https:\\\/\\\/secure.gravatar.com\\\/avatar\\\/a21ec8835290e4e02ed0886b8cb327d807d0eb6ec8ccf25d4c2a0a415f506c0d?s=96&d=mm&r=g\",\"url\":\"https:\\\/\\\/secure.gravatar.com\\\/avatar\\\/a21ec8835290e4e02ed0886b8cb327d807d0eb6ec8ccf25d4c2a0a415f506c0d?s=96&d=mm&r=g\",\"contentUrl\":\"https:\\\/\\\/secure.gravatar.com\\\/avatar\\\/a21ec8835290e4e02ed0886b8cb327d807d0eb6ec8ccf25d4c2a0a415f506c0d?s=96&d=mm&r=g\",\"caption\":\"Lluis\"},\"url\":\"https:\\\/\\\/canfali.com\\\/ca-es\\\/author\\\/lluis\\\/\"}]}<\/script>\n<!-- \/ Yoast SEO Premium plugin. -->","yoast_head_json":{"title":"Je es coneix la sanci\u00f3 al Benissa pels incidents de l'\u00faltim partit - Canfali","description":"L\u2019\u00e0rbitre va suspendre el partit despr\u00e9s que un individu accedira al terreny de joc mostrant una actitud amena\u00e7adora cap a un jugador visitant,","robots":{"index":"index","follow":"follow","max-snippet":"max-snippet:-1","max-image-preview":"max-image-preview:large","max-video-preview":"max-video-preview:-1"},"canonical":"https:\/\/canfali.com\/ca-es\/je-es-coneix-la-sancio-al-benissa-pels-incidents-de-lultim-partit\/","og_locale":"en_US","og_type":"article","og_title":"Je es coneix la sanci\u00f3 al Benissa pels incidents de l'\u00faltim partit","og_description":"L\u2019\u00e0rbitre va suspendre el partit despr\u00e9s que un individu accedira al terreny de joc mostrant una actitud amena\u00e7adora cap a un jugador visitant,","og_url":"https:\/\/canfali.com\/ca-es\/je-es-coneix-la-sancio-al-benissa-pels-incidents-de-lultim-partit\/","og_site_name":"Canfali","article_publisher":"https:\/\/es-es.facebook.com\/CANFALIMarinaAlta","article_published_time":"2026-04-29T12:58:29+00:00","article_modified_time":"2026-04-29T13:00:32+00:00","og_image":[{"width":2560,"height":1707,"url":"https:\/\/canfali.com\/app\/uploads\/2026\/04\/5Q0A3961-scaled.jpg","type":"image\/jpeg"}],"author":"Lluis","twitter_card":"summary_large_image","twitter_creator":"@canfalima","twitter_site":"@canfalima","twitter_misc":{"Written by":"Lluis","Est. reading time":"1 minute"},"schema":{"@context":"https:\/\/schema.org","@graph":[{"@type":"NewsArticle","@id":"https:\/\/canfali.com\/ca-es\/je-es-coneix-la-sancio-al-benissa-pels-incidents-de-lultim-partit\/#article","isPartOf":{"@id":"https:\/\/canfali.com\/ca-es\/je-es-coneix-la-sancio-al-benissa-pels-incidents-de-lultim-partit\/"},"author":{"name":"Lluis","@id":"https:\/\/canfali.com\/ca-es\/#\/schema\/person\/f540a86fb33e10daaae53c59ceaa1194"},"headline":"Je es coneix la sanci\u00f3 al Benissa pels incidents de l&#8217;\u00faltim partit","datePublished":"2026-04-29T12:58:29+00:00","dateModified":"2026-04-29T13:00:32+00:00","mainEntityOfPage":{"@id":"https:\/\/canfali.com\/ca-es\/je-es-coneix-la-sancio-al-benissa-pels-incidents-de-lultim-partit\/"},"wordCount":263,"publisher":{"@id":"https:\/\/canfali.com\/ca-es\/#organization"},"image":{"@id":"https:\/\/canfali.com\/ca-es\/je-es-coneix-la-sancio-al-benissa-pels-incidents-de-lultim-partit\/#primaryimage"},"thumbnailUrl":"https:\/\/canfali.com\/app\/uploads\/2026\/04\/5Q0A3961-scaled.jpg","articleSection":["Deportes","Esports","Futbol"],"inLanguage":"va-ES","copyrightYear":"2026","copyrightHolder":{"@id":"https:\/\/canfali.com\/#organization"}},{"@type":"WebPage","@id":"https:\/\/canfali.com\/ca-es\/je-es-coneix-la-sancio-al-benissa-pels-incidents-de-lultim-partit\/","url":"https:\/\/canfali.com\/ca-es\/je-es-coneix-la-sancio-al-benissa-pels-incidents-de-lultim-partit\/","name":"Je es coneix la sanci\u00f3 al Benissa pels incidents de l'\u00faltim partit - Canfali","isPartOf":{"@id":"https:\/\/canfali.com\/ca-es\/#website"},"primaryImageOfPage":{"@id":"https:\/\/canfali.com\/ca-es\/je-es-coneix-la-sancio-al-benissa-pels-incidents-de-lultim-partit\/#primaryimage"},"image":{"@id":"https:\/\/canfali.com\/ca-es\/je-es-coneix-la-sancio-al-benissa-pels-incidents-de-lultim-partit\/#primaryimage"},"thumbnailUrl":"https:\/\/canfali.com\/app\/uploads\/2026\/04\/5Q0A3961-scaled.jpg","datePublished":"2026-04-29T12:58:29+00:00","dateModified":"2026-04-29T13:00:32+00:00","description":"L\u2019\u00e0rbitre va suspendre el partit despr\u00e9s que un individu accedira al terreny de joc mostrant una actitud amena\u00e7adora cap a un jugador visitant,","breadcrumb":{"@id":"https:\/\/canfali.com\/ca-es\/je-es-coneix-la-sancio-al-benissa-pels-incidents-de-lultim-partit\/#breadcrumb"},"inLanguage":"va-ES","potentialAction":[{"@type":"ReadAction","target":["https:\/\/canfali.com\/ca-es\/je-es-coneix-la-sancio-al-benissa-pels-incidents-de-lultim-partit\/"]}]},{"@type":"ImageObject","inLanguage":"va-ES","@id":"https:\/\/canfali.com\/ca-es\/je-es-coneix-la-sancio-al-benissa-pels-incidents-de-lultim-partit\/#primaryimage","url":"https:\/\/canfali.com\/app\/uploads\/2026\/04\/5Q0A3961-scaled.jpg","contentUrl":"https:\/\/canfali.com\/app\/uploads\/2026\/04\/5Q0A3961-scaled.jpg","width":2560,"height":1707},{"@type":"BreadcrumbList","@id":"https:\/\/canfali.com\/ca-es\/je-es-coneix-la-sancio-al-benissa-pels-incidents-de-lultim-partit\/#breadcrumb","itemListElement":[{"@type":"ListItem","position":1,"name":"Portada","item":"https:\/\/canfali.com\/ca-es\/"},{"@type":"ListItem","position":2,"name":"Je es coneix la sanci\u00f3 al Benissa pels incidents de l&#8217;\u00faltim partit"}]},{"@type":"WebSite","@id":"https:\/\/canfali.com\/ca-es\/#website","url":"https:\/\/canfali.com\/ca-es\/","name":"Canfali","description":"","publisher":{"@id":"https:\/\/canfali.com\/ca-es\/#organization"},"potentialAction":[{"@type":"SearchAction","target":{"@type":"EntryPoint","urlTemplate":"https:\/\/canfali.com\/ca-es\/?s={search_term_string}"},"query-input":{"@type":"PropertyValueSpecification","valueRequired":true,"valueName":"search_term_string"}}],"inLanguage":"va-ES"},{"@type":"Organization","@id":"https:\/\/canfali.com\/ca-es\/#organization","name":"Canfali","url":"https:\/\/canfali.com\/ca-es\/","logo":{"@type":"ImageObject","inLanguage":"va-ES","@id":"https:\/\/canfali.com\/ca-es\/#\/schema\/logo\/image\/","url":"https:\/\/canfali.com\/app\/uploads\/2025\/12\/canfali_marina_alta_logo.png","contentUrl":"https:\/\/canfali.com\/app\/uploads\/2025\/12\/canfali_marina_alta_logo.png","width":225,"height":225,"caption":"Canfali"},"image":{"@id":"https:\/\/canfali.com\/ca-es\/#\/schema\/logo\/image\/"},"sameAs":["https:\/\/es-es.facebook.com\/CANFALIMarinaAlta","https:\/\/x.com\/canfalima","https:\/\/www.instagram.com\/canfalimarinaalta\/"]},{"@type":"Person","@id":"https:\/\/canfali.com\/ca-es\/#\/schema\/person\/f540a86fb33e10daaae53c59ceaa1194","name":"Lluis","image":{"@type":"ImageObject","inLanguage":"va-ES","@id":"https:\/\/secure.gravatar.com\/avatar\/a21ec8835290e4e02ed0886b8cb327d807d0eb6ec8ccf25d4c2a0a415f506c0d?s=96&d=mm&r=g","url":"https:\/\/secure.gravatar.com\/avatar\/a21ec8835290e4e02ed0886b8cb327d807d0eb6ec8ccf25d4c2a0a415f506c0d?s=96&d=mm&r=g","contentUrl":"https:\/\/secure.gravatar.com\/avatar\/a21ec8835290e4e02ed0886b8cb327d807d0eb6ec8ccf25d4c2a0a415f506c0d?s=96&d=mm&r=g","caption":"Lluis"},"url":"https:\/\/canfali.com\/ca-es\/author\/lluis\/"}]}},"_links":{"self":[{"href":"https:\/\/canfali.com\/ca-es\/wp-json\/wp\/v2\/posts\/95730","targetHints":{"allow":["GET"]}}],"collection":[{"href":"https:\/\/canfali.com\/ca-es\/wp-json\/wp\/v2\/posts"}],"about":[{"href":"https:\/\/canfali.com\/ca-es\/wp-json\/wp\/v2\/types\/post"}],"author":[{"embeddable":true,"href":"https:\/\/canfali.com\/ca-es\/wp-json\/wp\/v2\/users\/8"}],"replies":[{"embeddable":true,"href":"https:\/\/canfali.com\/ca-es\/wp-json\/wp\/v2\/comments?post=95730"}],"version-history":[{"count":1,"href":"https:\/\/canfali.com\/ca-es\/wp-json\/wp\/v2\/posts\/95730\/revisions"}],"predecessor-version":[{"id":95731,"href":"https:\/\/canfali.com\/ca-es\/wp-json\/wp\/v2\/posts\/95730\/revisions\/95731"}],"wp:featuredmedia":[{"embeddable":true,"href":"https:\/\/canfali.com\/ca-es\/wp-json\/wp\/v2\/media\/95728"}],"wp:attachment":[{"href":"https:\/\/canfali.com\/ca-es\/wp-json\/wp\/v2\/media?parent=95730"}],"wp:term":[{"taxonomy":"category","embeddable":true,"href":"https:\/\/canfali.com\/ca-es\/wp-json\/wp\/v2\/categories?post=95730"},{"taxonomy":"post_tag","embeddable":true,"href":"https:\/\/canfali.com\/ca-es\/wp-json\/wp\/v2\/tags?post=95730"}],"curies":[{"name":"wp","href":"https:\/\/api.w.org\/{rel}","templated":true}]}}