{"id":95723,"date":"2026-04-29T14:22:31","date_gmt":"2026-04-29T12:22:31","guid":{"rendered":"https:\/\/canfali.com\/la-nucia-sera-seu-de-la-gala-nacional-de-lesport-2027\/"},"modified":"2026-04-29T14:25:45","modified_gmt":"2026-04-29T12:25:45","slug":"la-nucia-sera-seu-de-la-gala-nacional-de-lesport-2027","status":"publish","type":"post","link":"https:\/\/canfali.com\/ca-es\/la-nucia-sera-seu-de-la-gala-nacional-de-lesport-2027\/","title":{"rendered":"La Nucia ser\u00e0 seu de la Gala Nacional de l\u2019Esport 2027"},"content":{"rendered":"\n<p>La localitat de La Nucia ha sigut designada com a seu de la XLVI Gala Nacional de l\u2019Esport, que se celebrar\u00e0 en 2027. Aix\u00ed ho ha anunciat l\u2019Associaci\u00f3 Espanyola de la Premsa Esportiva (AEPD) despr\u00e9s de l\u2019aprovaci\u00f3 assolida durant el seu 62\u00e9 Congr\u00e9s, celebrat a Santa Susanna.\u2028&#13;\n<\/p>\n\n<p>Este esdeveniment reunir\u00e0 els millors esportistes i clubs del panorama nacional, que seran reconeguts pels seus \u00e8xits durant la temporada 2026 en una gala que s\u2019ha consolidat com una de les cites m\u00e9s rellevants del calendari esportiu espanyol.<\/p>\n\n<figure class=\"wp-block-image size-large\"><img fetchpriority=\"high\" decoding=\"async\" width=\"1024\" height=\"683\" src=\"https:\/\/canfali.com\/app\/uploads\/2026\/04\/La-Nucia-Gala-Nac-Dep-1-2023-1024x683.jpg\" alt=\"\" class=\"wp-image-95719\" srcset=\"https:\/\/canfali.com\/app\/uploads\/2026\/04\/La-Nucia-Gala-Nac-Dep-1-2023-1024x683.jpg 1024w, https:\/\/canfali.com\/app\/uploads\/2026\/04\/La-Nucia-Gala-Nac-Dep-1-2023-300x200.jpg 300w, https:\/\/canfali.com\/app\/uploads\/2026\/04\/La-Nucia-Gala-Nac-Dep-1-2023-768x512.jpg 768w, https:\/\/canfali.com\/app\/uploads\/2026\/04\/La-Nucia-Gala-Nac-Dep-1-2023-1536x1024.jpg 1536w, https:\/\/canfali.com\/app\/uploads\/2026\/04\/La-Nucia-Gala-Nac-Dep-1-2023-2048x1366.jpg 2048w, https:\/\/canfali.com\/app\/uploads\/2026\/04\/La-Nucia-Gala-Nac-Dep-1-2023-332x221.jpg 332w, https:\/\/canfali.com\/app\/uploads\/2026\/04\/La-Nucia-Gala-Nac-Dep-1-2023-664x443.jpg 664w, https:\/\/canfali.com\/app\/uploads\/2026\/04\/La-Nucia-Gala-Nac-Dep-1-2023-688x459.jpg 688w, https:\/\/canfali.com\/app\/uploads\/2026\/04\/La-Nucia-Gala-Nac-Dep-1-2023-1044x696.jpg 1044w, https:\/\/canfali.com\/app\/uploads\/2026\/04\/La-Nucia-Gala-Nac-Dep-1-2023-1400x933.jpg 1400w, https:\/\/canfali.com\/app\/uploads\/2026\/04\/La-Nucia-Gala-Nac-Dep-1-2023-1920x1280.jpg 1920w, https:\/\/canfali.com\/app\/uploads\/2026\/04\/La-Nucia-Gala-Nac-Dep-1-2023-scaled.jpg 2560w\" sizes=\"(max-width: 1024px) 100vw, 1024px\" \/><\/figure>\n\n<p>Retransmissi\u00f3 nacional en Teledeporte<\/p>\n\n<p>La Gala Nacional de l\u2019Esport 2027 ser\u00e0 retransmesa en directe per Teledeporte, el canal tem\u00e0tic esportiu de Televisi\u00f3 Espanyola, cosa que garantir\u00e0 una \u00e0mplia difusi\u00f3 de l\u2019esdeveniment en tot el territori nacional.\u2028<\/p>\n\n<p>Durant dos dies del mes d\u2019abril, La Nucia es convertir\u00e0 en l\u2019epicentre de l\u2019esport espanyol, en acollir tant el Congr\u00e9s Nacional de la Premsa Esportiva com la gala d\u2019entrega de premis.&#13;\n<\/p>\n\n<p>Reconeixement a l\u2019excel\u00b7l\u00e8ncia esportiva<\/p>\n\n<p>En el transcurs de la gala es lliuraran guardons als millors esportistes i clubs de l\u2019any 2026, molts d\u2019ells referents internacionals i l\u00edders en les seues respectives disciplines.<\/p>\n\n<p>L\u2019elecci\u00f3 de La Nucia com a seu respon a la seua ferma aposta per l\u2019esport i per unes infraestructures esportives de primer nivell. Ser\u00e0 la quarta ocasi\u00f3 en qu\u00e8 el Pavell\u00f3 Municipal Camilo Cano acollir\u00e0 esta gala, despr\u00e9s d\u2019haver sigut seu en 2015, 2019 i 2023.&#13;\n&#13;\n<\/p>\n\n<p>Impuls a la marca \u201cLa Nucia, Ciutat de l\u2019Esport\u201d<\/p>\n\n<p>La celebraci\u00f3 d\u2019este esdeveniment suposar\u00e0 un important impacte medi\u00e0tic per al municipi, refor\u00e7ant el seu posicionament com a referent esportiu a nivell nacional i internacional sota la marca \u201cLa Nucia, Ciutat de l\u2019Esport\u201d.<\/p>\n\n<p>La pres\u00e8ncia de destacades figures de l\u2019esport espanyol i la retransmissi\u00f3 televisiva contribuiran a projectar la imatge de La Nucia com un dest\u00ed clau per a l\u2019organitzaci\u00f3 de grans esdeveniments esportius.&#13;\n<\/p>\n","protected":false},"excerpt":{"rendered":"La localitat de La Nucia ha sigut designada com a seu de la XLVI Gala Nacional de l\u2019Esport,&hellip;","protected":false},"author":8,"featured_media":95718,"comment_status":"closed","ping_status":"open","sticky":false,"template":"","format":"standard","meta":{"csco_display_header_overlay":false,"csco_singular_sidebar":"","csco_page_header_type":"","csco_page_load_nextpost":"","csco_post_video_location":[],"csco_post_video_location_hash":"","csco_post_video_url":"","csco_post_video_bg_start_time":0,"csco_post_video_bg_end_time":0,"footnotes":""},"categories":[7155],"tags":[],"class_list":{"0":"post-95723","1":"post","2":"type-post","3":"status-publish","4":"format-standard","5":"has-post-thumbnail","7":"category-marina-baixa","8":"cs-entry","9":"cs-video-wrap"},"yoast_head":"<!-- This site is optimized with the Yoast SEO Premium plugin v26.6 (Yoast SEO v27.3) - https:\/\/yoast.com\/product\/yoast-seo-premium-wordpress\/ -->\n<title>La Nucia ser\u00e0 seu de la Gala Nacional de l\u2019Esport 2027 - Canfali<\/title>\n<meta name=\"description\" content=\"El municipi alacant\u00ed reunir\u00e0 els millors esportistes i clubs d\u2019Espanya en un esdeveniment de refer\u00e8ncia nacional\" \/>\n<meta name=\"robots\" content=\"index, follow, max-snippet:-1, max-image-preview:large, max-video-preview:-1\" \/>\n<link rel=\"canonical\" href=\"https:\/\/canfali.com\/ca-es\/la-nucia-sera-seu-de-la-gala-nacional-de-lesport-2027\/\" \/>\n<meta property=\"og:locale\" content=\"en_US\" \/>\n<meta property=\"og:type\" content=\"article\" \/>\n<meta property=\"og:title\" content=\"La Nucia ser\u00e0 seu de la Gala Nacional de l\u2019Esport 2027\" \/>\n<meta property=\"og:description\" content=\"El municipi alacant\u00ed reunir\u00e0 els millors esportistes i clubs d\u2019Espanya en un esdeveniment de refer\u00e8ncia nacional\" \/>\n<meta property=\"og:url\" content=\"https:\/\/canfali.com\/ca-es\/la-nucia-sera-seu-de-la-gala-nacional-de-lesport-2027\/\" \/>\n<meta property=\"og:site_name\" content=\"Canfali\" \/>\n<meta property=\"article:publisher\" content=\"https:\/\/es-es.facebook.com\/CANFALIMarinaAlta\" \/>\n<meta property=\"article:published_time\" content=\"2026-04-29T12:22:31+00:00\" \/>\n<meta property=\"article:modified_time\" content=\"2026-04-29T12:25:45+00:00\" \/>\n<meta property=\"og:image\" content=\"https:\/\/canfali.com\/app\/uploads\/2026\/04\/La-Nucia-Gala-Nac-Anuncio-1-2026-scaled.jpeg\" \/>\n\t<meta property=\"og:image:width\" content=\"2560\" \/>\n\t<meta property=\"og:image:height\" content=\"1920\" \/>\n\t<meta property=\"og:image:type\" content=\"image\/jpeg\" \/>\n<meta name=\"author\" content=\"Lluis\" \/>\n<meta name=\"twitter:card\" content=\"summary_large_image\" \/>\n<meta name=\"twitter:creator\" content=\"@canfalima\" \/>\n<meta name=\"twitter:site\" content=\"@canfalima\" \/>\n<meta name=\"twitter:label1\" content=\"Written by\" \/>\n\t<meta name=\"twitter:data1\" content=\"Lluis\" \/>\n\t<meta name=\"twitter:label2\" content=\"Est. reading time\" \/>\n\t<meta name=\"twitter:data2\" content=\"2 minutes\" \/>\n<script type=\"application\/ld+json\" class=\"yoast-schema-graph\">{\"@context\":\"https:\\\/\\\/schema.org\",\"@graph\":[{\"@type\":\"NewsArticle\",\"@id\":\"https:\\\/\\\/canfali.com\\\/ca-es\\\/la-nucia-sera-seu-de-la-gala-nacional-de-lesport-2027\\\/#article\",\"isPartOf\":{\"@id\":\"https:\\\/\\\/canfali.com\\\/ca-es\\\/la-nucia-sera-seu-de-la-gala-nacional-de-lesport-2027\\\/\"},\"author\":{\"name\":\"Lluis\",\"@id\":\"https:\\\/\\\/canfali.com\\\/ca-es\\\/#\\\/schema\\\/person\\\/f540a86fb33e10daaae53c59ceaa1194\"},\"headline\":\"La Nucia ser\u00e0 seu de la Gala Nacional de l\u2019Esport 2027\",\"datePublished\":\"2026-04-29T12:22:31+00:00\",\"dateModified\":\"2026-04-29T12:25:45+00:00\",\"mainEntityOfPage\":{\"@id\":\"https:\\\/\\\/canfali.com\\\/ca-es\\\/la-nucia-sera-seu-de-la-gala-nacional-de-lesport-2027\\\/\"},\"wordCount\":339,\"publisher\":{\"@id\":\"https:\\\/\\\/canfali.com\\\/ca-es\\\/#organization\"},\"image\":{\"@id\":\"https:\\\/\\\/canfali.com\\\/ca-es\\\/la-nucia-sera-seu-de-la-gala-nacional-de-lesport-2027\\\/#primaryimage\"},\"thumbnailUrl\":\"https:\\\/\\\/canfali.com\\\/app\\\/uploads\\\/2026\\\/04\\\/La-Nucia-Gala-Nac-Anuncio-1-2026-scaled.jpeg\",\"articleSection\":[\"Marina Baixa\"],\"inLanguage\":\"va-ES\",\"copyrightYear\":\"2026\",\"copyrightHolder\":{\"@id\":\"https:\\\/\\\/canfali.com\\\/#organization\"}},{\"@type\":\"WebPage\",\"@id\":\"https:\\\/\\\/canfali.com\\\/ca-es\\\/la-nucia-sera-seu-de-la-gala-nacional-de-lesport-2027\\\/\",\"url\":\"https:\\\/\\\/canfali.com\\\/ca-es\\\/la-nucia-sera-seu-de-la-gala-nacional-de-lesport-2027\\\/\",\"name\":\"La Nucia ser\u00e0 seu de la Gala Nacional de l\u2019Esport 2027 - Canfali\",\"isPartOf\":{\"@id\":\"https:\\\/\\\/canfali.com\\\/ca-es\\\/#website\"},\"primaryImageOfPage\":{\"@id\":\"https:\\\/\\\/canfali.com\\\/ca-es\\\/la-nucia-sera-seu-de-la-gala-nacional-de-lesport-2027\\\/#primaryimage\"},\"image\":{\"@id\":\"https:\\\/\\\/canfali.com\\\/ca-es\\\/la-nucia-sera-seu-de-la-gala-nacional-de-lesport-2027\\\/#primaryimage\"},\"thumbnailUrl\":\"https:\\\/\\\/canfali.com\\\/app\\\/uploads\\\/2026\\\/04\\\/La-Nucia-Gala-Nac-Anuncio-1-2026-scaled.jpeg\",\"datePublished\":\"2026-04-29T12:22:31+00:00\",\"dateModified\":\"2026-04-29T12:25:45+00:00\",\"description\":\"El municipi alacant\u00ed reunir\u00e0 els millors esportistes i clubs d\u2019Espanya en un esdeveniment de refer\u00e8ncia nacional\",\"breadcrumb\":{\"@id\":\"https:\\\/\\\/canfali.com\\\/ca-es\\\/la-nucia-sera-seu-de-la-gala-nacional-de-lesport-2027\\\/#breadcrumb\"},\"inLanguage\":\"va-ES\",\"potentialAction\":[{\"@type\":\"ReadAction\",\"target\":[\"https:\\\/\\\/canfali.com\\\/ca-es\\\/la-nucia-sera-seu-de-la-gala-nacional-de-lesport-2027\\\/\"]}]},{\"@type\":\"ImageObject\",\"inLanguage\":\"va-ES\",\"@id\":\"https:\\\/\\\/canfali.com\\\/ca-es\\\/la-nucia-sera-seu-de-la-gala-nacional-de-lesport-2027\\\/#primaryimage\",\"url\":\"https:\\\/\\\/canfali.com\\\/app\\\/uploads\\\/2026\\\/04\\\/La-Nucia-Gala-Nac-Anuncio-1-2026-scaled.jpeg\",\"contentUrl\":\"https:\\\/\\\/canfali.com\\\/app\\\/uploads\\\/2026\\\/04\\\/La-Nucia-Gala-Nac-Anuncio-1-2026-scaled.jpeg\",\"width\":2560,\"height\":1920},{\"@type\":\"BreadcrumbList\",\"@id\":\"https:\\\/\\\/canfali.com\\\/ca-es\\\/la-nucia-sera-seu-de-la-gala-nacional-de-lesport-2027\\\/#breadcrumb\",\"itemListElement\":[{\"@type\":\"ListItem\",\"position\":1,\"name\":\"Portada\",\"item\":\"https:\\\/\\\/canfali.com\\\/ca-es\\\/\"},{\"@type\":\"ListItem\",\"position\":2,\"name\":\"La Nucia ser\u00e0 seu de la Gala Nacional de l\u2019Esport 2027\"}]},{\"@type\":\"WebSite\",\"@id\":\"https:\\\/\\\/canfali.com\\\/ca-es\\\/#website\",\"url\":\"https:\\\/\\\/canfali.com\\\/ca-es\\\/\",\"name\":\"Canfali\",\"description\":\"\",\"publisher\":{\"@id\":\"https:\\\/\\\/canfali.com\\\/ca-es\\\/#organization\"},\"potentialAction\":[{\"@type\":\"SearchAction\",\"target\":{\"@type\":\"EntryPoint\",\"urlTemplate\":\"https:\\\/\\\/canfali.com\\\/ca-es\\\/?s={search_term_string}\"},\"query-input\":{\"@type\":\"PropertyValueSpecification\",\"valueRequired\":true,\"valueName\":\"search_term_string\"}}],\"inLanguage\":\"va-ES\"},{\"@type\":\"Organization\",\"@id\":\"https:\\\/\\\/canfali.com\\\/ca-es\\\/#organization\",\"name\":\"Canfali\",\"url\":\"https:\\\/\\\/canfali.com\\\/ca-es\\\/\",\"logo\":{\"@type\":\"ImageObject\",\"inLanguage\":\"va-ES\",\"@id\":\"https:\\\/\\\/canfali.com\\\/ca-es\\\/#\\\/schema\\\/logo\\\/image\\\/\",\"url\":\"https:\\\/\\\/canfali.com\\\/app\\\/uploads\\\/2025\\\/12\\\/canfali_marina_alta_logo.png\",\"contentUrl\":\"https:\\\/\\\/canfali.com\\\/app\\\/uploads\\\/2025\\\/12\\\/canfali_marina_alta_logo.png\",\"width\":225,\"height\":225,\"caption\":\"Canfali\"},\"image\":{\"@id\":\"https:\\\/\\\/canfali.com\\\/ca-es\\\/#\\\/schema\\\/logo\\\/image\\\/\"},\"sameAs\":[\"https:\\\/\\\/es-es.facebook.com\\\/CANFALIMarinaAlta\",\"https:\\\/\\\/x.com\\\/canfalima\",\"https:\\\/\\\/www.instagram.com\\\/canfalimarinaalta\\\/\"]},{\"@type\":\"Person\",\"@id\":\"https:\\\/\\\/canfali.com\\\/ca-es\\\/#\\\/schema\\\/person\\\/f540a86fb33e10daaae53c59ceaa1194\",\"name\":\"Lluis\",\"image\":{\"@type\":\"ImageObject\",\"inLanguage\":\"va-ES\",\"@id\":\"https:\\\/\\\/secure.gravatar.com\\\/avatar\\\/a21ec8835290e4e02ed0886b8cb327d807d0eb6ec8ccf25d4c2a0a415f506c0d?s=96&d=mm&r=g\",\"url\":\"https:\\\/\\\/secure.gravatar.com\\\/avatar\\\/a21ec8835290e4e02ed0886b8cb327d807d0eb6ec8ccf25d4c2a0a415f506c0d?s=96&d=mm&r=g\",\"contentUrl\":\"https:\\\/\\\/secure.gravatar.com\\\/avatar\\\/a21ec8835290e4e02ed0886b8cb327d807d0eb6ec8ccf25d4c2a0a415f506c0d?s=96&d=mm&r=g\",\"caption\":\"Lluis\"},\"url\":\"https:\\\/\\\/canfali.com\\\/ca-es\\\/author\\\/lluis\\\/\"}]}<\/script>\n<!-- \/ Yoast SEO Premium plugin. -->","yoast_head_json":{"title":"La Nucia ser\u00e0 seu de la Gala Nacional de l\u2019Esport 2027 - Canfali","description":"El municipi alacant\u00ed reunir\u00e0 els millors esportistes i clubs d\u2019Espanya en un esdeveniment de refer\u00e8ncia nacional","robots":{"index":"index","follow":"follow","max-snippet":"max-snippet:-1","max-image-preview":"max-image-preview:large","max-video-preview":"max-video-preview:-1"},"canonical":"https:\/\/canfali.com\/ca-es\/la-nucia-sera-seu-de-la-gala-nacional-de-lesport-2027\/","og_locale":"en_US","og_type":"article","og_title":"La Nucia ser\u00e0 seu de la Gala Nacional de l\u2019Esport 2027","og_description":"El municipi alacant\u00ed reunir\u00e0 els millors esportistes i clubs d\u2019Espanya en un esdeveniment de refer\u00e8ncia nacional","og_url":"https:\/\/canfali.com\/ca-es\/la-nucia-sera-seu-de-la-gala-nacional-de-lesport-2027\/","og_site_name":"Canfali","article_publisher":"https:\/\/es-es.facebook.com\/CANFALIMarinaAlta","article_published_time":"2026-04-29T12:22:31+00:00","article_modified_time":"2026-04-29T12:25:45+00:00","og_image":[{"width":2560,"height":1920,"url":"https:\/\/canfali.com\/app\/uploads\/2026\/04\/La-Nucia-Gala-Nac-Anuncio-1-2026-scaled.jpeg","type":"image\/jpeg"}],"author":"Lluis","twitter_card":"summary_large_image","twitter_creator":"@canfalima","twitter_site":"@canfalima","twitter_misc":{"Written by":"Lluis","Est. reading time":"2 minutes"},"schema":{"@context":"https:\/\/schema.org","@graph":[{"@type":"NewsArticle","@id":"https:\/\/canfali.com\/ca-es\/la-nucia-sera-seu-de-la-gala-nacional-de-lesport-2027\/#article","isPartOf":{"@id":"https:\/\/canfali.com\/ca-es\/la-nucia-sera-seu-de-la-gala-nacional-de-lesport-2027\/"},"author":{"name":"Lluis","@id":"https:\/\/canfali.com\/ca-es\/#\/schema\/person\/f540a86fb33e10daaae53c59ceaa1194"},"headline":"La Nucia ser\u00e0 seu de la Gala Nacional de l\u2019Esport 2027","datePublished":"2026-04-29T12:22:31+00:00","dateModified":"2026-04-29T12:25:45+00:00","mainEntityOfPage":{"@id":"https:\/\/canfali.com\/ca-es\/la-nucia-sera-seu-de-la-gala-nacional-de-lesport-2027\/"},"wordCount":339,"publisher":{"@id":"https:\/\/canfali.com\/ca-es\/#organization"},"image":{"@id":"https:\/\/canfali.com\/ca-es\/la-nucia-sera-seu-de-la-gala-nacional-de-lesport-2027\/#primaryimage"},"thumbnailUrl":"https:\/\/canfali.com\/app\/uploads\/2026\/04\/La-Nucia-Gala-Nac-Anuncio-1-2026-scaled.jpeg","articleSection":["Marina Baixa"],"inLanguage":"va-ES","copyrightYear":"2026","copyrightHolder":{"@id":"https:\/\/canfali.com\/#organization"}},{"@type":"WebPage","@id":"https:\/\/canfali.com\/ca-es\/la-nucia-sera-seu-de-la-gala-nacional-de-lesport-2027\/","url":"https:\/\/canfali.com\/ca-es\/la-nucia-sera-seu-de-la-gala-nacional-de-lesport-2027\/","name":"La Nucia ser\u00e0 seu de la Gala Nacional de l\u2019Esport 2027 - Canfali","isPartOf":{"@id":"https:\/\/canfali.com\/ca-es\/#website"},"primaryImageOfPage":{"@id":"https:\/\/canfali.com\/ca-es\/la-nucia-sera-seu-de-la-gala-nacional-de-lesport-2027\/#primaryimage"},"image":{"@id":"https:\/\/canfali.com\/ca-es\/la-nucia-sera-seu-de-la-gala-nacional-de-lesport-2027\/#primaryimage"},"thumbnailUrl":"https:\/\/canfali.com\/app\/uploads\/2026\/04\/La-Nucia-Gala-Nac-Anuncio-1-2026-scaled.jpeg","datePublished":"2026-04-29T12:22:31+00:00","dateModified":"2026-04-29T12:25:45+00:00","description":"El municipi alacant\u00ed reunir\u00e0 els millors esportistes i clubs d\u2019Espanya en un esdeveniment de refer\u00e8ncia nacional","breadcrumb":{"@id":"https:\/\/canfali.com\/ca-es\/la-nucia-sera-seu-de-la-gala-nacional-de-lesport-2027\/#breadcrumb"},"inLanguage":"va-ES","potentialAction":[{"@type":"ReadAction","target":["https:\/\/canfali.com\/ca-es\/la-nucia-sera-seu-de-la-gala-nacional-de-lesport-2027\/"]}]},{"@type":"ImageObject","inLanguage":"va-ES","@id":"https:\/\/canfali.com\/ca-es\/la-nucia-sera-seu-de-la-gala-nacional-de-lesport-2027\/#primaryimage","url":"https:\/\/canfali.com\/app\/uploads\/2026\/04\/La-Nucia-Gala-Nac-Anuncio-1-2026-scaled.jpeg","contentUrl":"https:\/\/canfali.com\/app\/uploads\/2026\/04\/La-Nucia-Gala-Nac-Anuncio-1-2026-scaled.jpeg","width":2560,"height":1920},{"@type":"BreadcrumbList","@id":"https:\/\/canfali.com\/ca-es\/la-nucia-sera-seu-de-la-gala-nacional-de-lesport-2027\/#breadcrumb","itemListElement":[{"@type":"ListItem","position":1,"name":"Portada","item":"https:\/\/canfali.com\/ca-es\/"},{"@type":"ListItem","position":2,"name":"La Nucia ser\u00e0 seu de la Gala Nacional de l\u2019Esport 2027"}]},{"@type":"WebSite","@id":"https:\/\/canfali.com\/ca-es\/#website","url":"https:\/\/canfali.com\/ca-es\/","name":"Canfali","description":"","publisher":{"@id":"https:\/\/canfali.com\/ca-es\/#organization"},"potentialAction":[{"@type":"SearchAction","target":{"@type":"EntryPoint","urlTemplate":"https:\/\/canfali.com\/ca-es\/?s={search_term_string}"},"query-input":{"@type":"PropertyValueSpecification","valueRequired":true,"valueName":"search_term_string"}}],"inLanguage":"va-ES"},{"@type":"Organization","@id":"https:\/\/canfali.com\/ca-es\/#organization","name":"Canfali","url":"https:\/\/canfali.com\/ca-es\/","logo":{"@type":"ImageObject","inLanguage":"va-ES","@id":"https:\/\/canfali.com\/ca-es\/#\/schema\/logo\/image\/","url":"https:\/\/canfali.com\/app\/uploads\/2025\/12\/canfali_marina_alta_logo.png","contentUrl":"https:\/\/canfali.com\/app\/uploads\/2025\/12\/canfali_marina_alta_logo.png","width":225,"height":225,"caption":"Canfali"},"image":{"@id":"https:\/\/canfali.com\/ca-es\/#\/schema\/logo\/image\/"},"sameAs":["https:\/\/es-es.facebook.com\/CANFALIMarinaAlta","https:\/\/x.com\/canfalima","https:\/\/www.instagram.com\/canfalimarinaalta\/"]},{"@type":"Person","@id":"https:\/\/canfali.com\/ca-es\/#\/schema\/person\/f540a86fb33e10daaae53c59ceaa1194","name":"Lluis","image":{"@type":"ImageObject","inLanguage":"va-ES","@id":"https:\/\/secure.gravatar.com\/avatar\/a21ec8835290e4e02ed0886b8cb327d807d0eb6ec8ccf25d4c2a0a415f506c0d?s=96&d=mm&r=g","url":"https:\/\/secure.gravatar.com\/avatar\/a21ec8835290e4e02ed0886b8cb327d807d0eb6ec8ccf25d4c2a0a415f506c0d?s=96&d=mm&r=g","contentUrl":"https:\/\/secure.gravatar.com\/avatar\/a21ec8835290e4e02ed0886b8cb327d807d0eb6ec8ccf25d4c2a0a415f506c0d?s=96&d=mm&r=g","caption":"Lluis"},"url":"https:\/\/canfali.com\/ca-es\/author\/lluis\/"}]}},"_links":{"self":[{"href":"https:\/\/canfali.com\/ca-es\/wp-json\/wp\/v2\/posts\/95723","targetHints":{"allow":["GET"]}}],"collection":[{"href":"https:\/\/canfali.com\/ca-es\/wp-json\/wp\/v2\/posts"}],"about":[{"href":"https:\/\/canfali.com\/ca-es\/wp-json\/wp\/v2\/types\/post"}],"author":[{"embeddable":true,"href":"https:\/\/canfali.com\/ca-es\/wp-json\/wp\/v2\/users\/8"}],"replies":[{"embeddable":true,"href":"https:\/\/canfali.com\/ca-es\/wp-json\/wp\/v2\/comments?post=95723"}],"version-history":[{"count":1,"href":"https:\/\/canfali.com\/ca-es\/wp-json\/wp\/v2\/posts\/95723\/revisions"}],"predecessor-version":[{"id":95724,"href":"https:\/\/canfali.com\/ca-es\/wp-json\/wp\/v2\/posts\/95723\/revisions\/95724"}],"wp:featuredmedia":[{"embeddable":true,"href":"https:\/\/canfali.com\/ca-es\/wp-json\/wp\/v2\/media\/95718"}],"wp:attachment":[{"href":"https:\/\/canfali.com\/ca-es\/wp-json\/wp\/v2\/media?parent=95723"}],"wp:term":[{"taxonomy":"category","embeddable":true,"href":"https:\/\/canfali.com\/ca-es\/wp-json\/wp\/v2\/categories?post=95723"},{"taxonomy":"post_tag","embeddable":true,"href":"https:\/\/canfali.com\/ca-es\/wp-json\/wp\/v2\/tags?post=95723"}],"curies":[{"name":"wp","href":"https:\/\/api.w.org\/{rel}","templated":true}]}}