{"id":95712,"date":"2026-04-29T13:50:12","date_gmt":"2026-04-29T11:50:12","guid":{"rendered":"https:\/\/canfali.com\/la-vila-joiosa-millora-la-seguretat-viaria-amb-radars-pedagogics\/"},"modified":"2026-04-29T13:52:59","modified_gmt":"2026-04-29T11:52:59","slug":"la-vila-joiosa-millora-la-seguretat-viaria-amb-radars-pedagogics","status":"publish","type":"post","link":"https:\/\/canfali.com\/ca-es\/la-vila-joiosa-millora-la-seguretat-viaria-amb-radars-pedagogics\/","title":{"rendered":"La Vila Joiosa millora la seguretat vi\u00e0ria amb radars pedag\u00f2gics"},"content":{"rendered":"\n<p>L\u2019Ajuntament de la Vila Joiosa ha refor\u00e7at la seua aposta per la seguretat vi\u00e0ria amb la instal\u00b7laci\u00f3 d\u2019una desena de radars pedag\u00f2gics en diferents punts estrat\u00e8gics del municipi. La mesura es complementa amb la pr\u00f2xima incorporaci\u00f3 de quinze passos de vianants intel\u00b7ligents, actualment en fase d\u2019execuci\u00f3, amb l\u2019objectiu de millorar la protecci\u00f3 tant dels conductors com dels vianants.&#13;\n<\/p>\n\n<p>L\u2019alcalde, Marcos Zaragoza, ha subratllat que estos dispositius \u201creforcen la seguretat vi\u00e0ria en millorar la visibilitat i l\u2019atenci\u00f3 dels conductors\u201d, al mateix temps que ha recordat la import\u00e0ncia de moderar la velocitat. \u201cNo \u00e9s el mateix un impacte a 20 km\/h que a 70 o 80. A major velocitat, m\u00e9s greus s\u00f3n les conseq\u00fc\u00e8ncies d\u2019un accident\u201d, ha assenyalat, en l\u00ednia amb diversos estudis de tr\u00e0nsit.&#13;\n<\/p>\n\n<p>Per la seua part, el regidor de Seguretat Ciutadana i Mobilitat, Jaime Santamar\u00eda, ha destacat l\u2019efic\u00e0cia dels radars pedag\u00f2gics, que incorporen avisos visuals i missatges din\u00e0mics que canvien quan se supera el l\u00edmit perm\u00e9s. \u201cEste tipus de senyalitzaci\u00f3, fins i tot amb missatges \u2018simp\u00e0tics\u2019, ja ha contribu\u00eft a reduir la velocitat en les vies on s\u2019han instal\u00b7lat\u201d, ha explicat.&#13;\n<\/p>\n\n<figure class=\"wp-block-image size-large\"><img fetchpriority=\"high\" decoding=\"async\" width=\"1024\" height=\"549\" src=\"https:\/\/canfali.com\/app\/uploads\/2026\/04\/VIL-8radars2-1024x549.jpg\" alt=\"\" class=\"wp-image-95706\" srcset=\"https:\/\/canfali.com\/app\/uploads\/2026\/04\/VIL-8radars2-1024x549.jpg 1024w, https:\/\/canfali.com\/app\/uploads\/2026\/04\/VIL-8radars2-300x161.jpg 300w, https:\/\/canfali.com\/app\/uploads\/2026\/04\/VIL-8radars2-768x412.jpg 768w, https:\/\/canfali.com\/app\/uploads\/2026\/04\/VIL-8radars2-332x178.jpg 332w, https:\/\/canfali.com\/app\/uploads\/2026\/04\/VIL-8radars2-664x356.jpg 664w, https:\/\/canfali.com\/app\/uploads\/2026\/04\/VIL-8radars2-688x369.jpg 688w, https:\/\/canfali.com\/app\/uploads\/2026\/04\/VIL-8radars2-1044x560.jpg 1044w, https:\/\/canfali.com\/app\/uploads\/2026\/04\/VIL-8radars2.jpg 1192w\" sizes=\"(max-width: 1024px) 100vw, 1024px\" \/><\/figure>\n\n<p>Els nous radars s\u2019han ubicat en accessos i eixides de la localitat, aix\u00ed com en avingudes i carrers amb alta densitat de tr\u00e0nsit. En vies amb l\u00edmit de 30 km\/h es troben al carrer Col\u00f3n \u2014en direcci\u00f3 al centre urb\u00e0 i a la zona de Correus\u2014, al carrer Cervantes (davant del CEIP Poble Nou, on se n\u2019instal\u00b7lar\u00e0 un altre en sentit contrari en finalitzar les obres), al carrer Carlos Galiana i a l\u2019acc\u00e9s a l\u2019Ermita des de la rotonda de l\u2019AP-7. Pel que fa als dispositius amb l\u00edmit de 50 km\/h, se situen en dos punts de la N-332a, a les zones del Parad\u00eds i del Casino.&#13;\n<\/p>\n\n<p>Estos radars mostren la velocitat a la qual circulen els vehicles, incorporen canvis de color quan se supera el l\u00edmit i permeten afegir icones configurables d\u2019advert\u00e8ncia. Des del consistori insistixen que la seua finalitat no \u00e9s sancionadora, sin\u00f3 preventiva. \u201cNo busquem recaptar, sin\u00f3 conscienciar. Reduir la velocitat pot salvar vides\u201d, ha afirmat el primer edil.&#13;\n<\/p>\n\n<p>A esta actuaci\u00f3 se suma la instal\u00b7laci\u00f3 de quinze passos de vianants intel\u00b7ligents, que incorporaran il\u00b7luminaci\u00f3 horitzontal i vertical per a delimitar el creuament i sistemes de detecci\u00f3 de vianants. Segons ha explicat Santamar\u00eda, esta tecnologia permetr\u00e0 augmentar la visibilitat, especialment en condicions nocturnes o de baixa lluminositat.&#13;\n<\/p>\n\n<p>Els nous passos es distribuiran en diferents punts del municipi, entre els quals el carrer Carlos Galiana; el carrer Pianista Gonzalo Soriano (amb dos unitats); l\u2019avinguda Ensenyants amb Tito Livio; el carrer Ocho de Mayo; les avingudes Pa\u00eds Valenci\u00e0 i Varador; el carrer Col\u00f3n; diversos punts de l\u2019avinguda Mariners de la Vila Joiosa, a la Cala; la glorieta de l\u2019avinguda Alf\u00e0s del Pi amb Marina Baixa; i el creuament del carrer Cervantes amb Quintana.&#13;\n<\/p>\n\n<p>L\u2019actuaci\u00f3 ha sigut adjudicada a l\u2019empresa Se\u00f1alizaci\u00f3n Roses per un import de 71.133,15 euros en el cas dels passos intel\u00b7ligents, mentre que la instal\u00b7laci\u00f3 dels radars pedag\u00f2gics ha anat a c\u00e0rrec de Proyectos Integrales de Balizamiento S.L., amb una inversi\u00f3 de 40.034,41 euros.&#13;\n<\/p>\n","protected":false},"excerpt":{"rendered":"L\u2019Ajuntament de la Vila Joiosa ha refor\u00e7at la seua aposta per la seguretat vi\u00e0ria amb la instal\u00b7laci\u00f3 d\u2019una&hellip;","protected":false},"author":8,"featured_media":95705,"comment_status":"closed","ping_status":"open","sticky":false,"template":"","format":"standard","meta":{"csco_display_header_overlay":false,"csco_singular_sidebar":"","csco_page_header_type":"","csco_page_load_nextpost":"","csco_post_video_location":[],"csco_post_video_location_hash":"","csco_post_video_url":"","csco_post_video_bg_start_time":0,"csco_post_video_bg_end_time":0,"footnotes":""},"categories":[7155,1],"tags":[],"class_list":{"0":"post-95712","1":"post","2":"type-post","3":"status-publish","4":"format-standard","5":"has-post-thumbnail","7":"category-marina-baixa","8":"category-sin-categorizar","9":"cs-entry","10":"cs-video-wrap"},"yoast_head":"<!-- This site is optimized with the Yoast SEO Premium plugin v26.6 (Yoast SEO v27.3) - https:\/\/yoast.com\/product\/yoast-seo-premium-wordpress\/ -->\n<title>La Vila Joiosa millora la seguretat vi\u00e0ria amb radars pedag\u00f2gics - Canfali<\/title>\n<meta name=\"description\" content=\"La mesura es complementa amb la pr\u00f2xima incorporaci\u00f3 de quinze passos de vianants intel\u00b7ligents, actualment en fase d\u2019execuci\u00f3,\" \/>\n<meta name=\"robots\" content=\"index, follow, max-snippet:-1, max-image-preview:large, max-video-preview:-1\" \/>\n<link rel=\"canonical\" href=\"https:\/\/canfali.com\/ca-es\/la-vila-joiosa-millora-la-seguretat-viaria-amb-radars-pedagogics\/\" \/>\n<meta property=\"og:locale\" content=\"en_US\" \/>\n<meta property=\"og:type\" content=\"article\" \/>\n<meta property=\"og:title\" content=\"La Vila Joiosa millora la seguretat vi\u00e0ria amb radars pedag\u00f2gics\" \/>\n<meta property=\"og:description\" content=\"La mesura es complementa amb la pr\u00f2xima incorporaci\u00f3 de quinze passos de vianants intel\u00b7ligents, actualment en fase d\u2019execuci\u00f3,\" \/>\n<meta property=\"og:url\" content=\"https:\/\/canfali.com\/ca-es\/la-vila-joiosa-millora-la-seguretat-viaria-amb-radars-pedagogics\/\" \/>\n<meta property=\"og:site_name\" content=\"Canfali\" \/>\n<meta property=\"article:publisher\" content=\"https:\/\/es-es.facebook.com\/CANFALIMarinaAlta\" \/>\n<meta property=\"article:published_time\" content=\"2026-04-29T11:50:12+00:00\" \/>\n<meta property=\"article:modified_time\" content=\"2026-04-29T11:52:59+00:00\" \/>\n<meta property=\"og:image\" content=\"https:\/\/canfali.com\/app\/uploads\/2026\/04\/VIL-8radars1.jpg\" \/>\n\t<meta property=\"og:image:width\" content=\"1480\" \/>\n\t<meta property=\"og:image:height\" content=\"880\" \/>\n\t<meta property=\"og:image:type\" content=\"image\/jpeg\" \/>\n<meta name=\"author\" content=\"Lluis\" \/>\n<meta name=\"twitter:card\" content=\"summary_large_image\" \/>\n<meta name=\"twitter:creator\" content=\"@canfalima\" \/>\n<meta name=\"twitter:site\" content=\"@canfalima\" \/>\n<meta name=\"twitter:label1\" content=\"Written by\" \/>\n\t<meta name=\"twitter:data1\" content=\"Lluis\" \/>\n\t<meta name=\"twitter:label2\" content=\"Est. reading time\" \/>\n\t<meta name=\"twitter:data2\" content=\"3 minutes\" \/>\n<script type=\"application\/ld+json\" class=\"yoast-schema-graph\">{\"@context\":\"https:\\\/\\\/schema.org\",\"@graph\":[{\"@type\":\"NewsArticle\",\"@id\":\"https:\\\/\\\/canfali.com\\\/ca-es\\\/la-vila-joiosa-millora-la-seguretat-viaria-amb-radars-pedagogics\\\/#article\",\"isPartOf\":{\"@id\":\"https:\\\/\\\/canfali.com\\\/ca-es\\\/la-vila-joiosa-millora-la-seguretat-viaria-amb-radars-pedagogics\\\/\"},\"author\":{\"name\":\"Lluis\",\"@id\":\"https:\\\/\\\/canfali.com\\\/ca-es\\\/#\\\/schema\\\/person\\\/f540a86fb33e10daaae53c59ceaa1194\"},\"headline\":\"La Vila Joiosa millora la seguretat vi\u00e0ria amb radars pedag\u00f2gics\",\"datePublished\":\"2026-04-29T11:50:12+00:00\",\"dateModified\":\"2026-04-29T11:52:59+00:00\",\"mainEntityOfPage\":{\"@id\":\"https:\\\/\\\/canfali.com\\\/ca-es\\\/la-vila-joiosa-millora-la-seguretat-viaria-amb-radars-pedagogics\\\/\"},\"wordCount\":584,\"publisher\":{\"@id\":\"https:\\\/\\\/canfali.com\\\/ca-es\\\/#organization\"},\"image\":{\"@id\":\"https:\\\/\\\/canfali.com\\\/ca-es\\\/la-vila-joiosa-millora-la-seguretat-viaria-amb-radars-pedagogics\\\/#primaryimage\"},\"thumbnailUrl\":\"https:\\\/\\\/canfali.com\\\/app\\\/uploads\\\/2026\\\/04\\\/VIL-8radars1.jpg\",\"articleSection\":[\"Marina Baixa\",\"Sin categorizar\"],\"inLanguage\":\"va-ES\",\"copyrightYear\":\"2026\",\"copyrightHolder\":{\"@id\":\"https:\\\/\\\/canfali.com\\\/#organization\"}},{\"@type\":\"WebPage\",\"@id\":\"https:\\\/\\\/canfali.com\\\/ca-es\\\/la-vila-joiosa-millora-la-seguretat-viaria-amb-radars-pedagogics\\\/\",\"url\":\"https:\\\/\\\/canfali.com\\\/ca-es\\\/la-vila-joiosa-millora-la-seguretat-viaria-amb-radars-pedagogics\\\/\",\"name\":\"La Vila Joiosa millora la seguretat vi\u00e0ria amb radars pedag\u00f2gics - Canfali\",\"isPartOf\":{\"@id\":\"https:\\\/\\\/canfali.com\\\/ca-es\\\/#website\"},\"primaryImageOfPage\":{\"@id\":\"https:\\\/\\\/canfali.com\\\/ca-es\\\/la-vila-joiosa-millora-la-seguretat-viaria-amb-radars-pedagogics\\\/#primaryimage\"},\"image\":{\"@id\":\"https:\\\/\\\/canfali.com\\\/ca-es\\\/la-vila-joiosa-millora-la-seguretat-viaria-amb-radars-pedagogics\\\/#primaryimage\"},\"thumbnailUrl\":\"https:\\\/\\\/canfali.com\\\/app\\\/uploads\\\/2026\\\/04\\\/VIL-8radars1.jpg\",\"datePublished\":\"2026-04-29T11:50:12+00:00\",\"dateModified\":\"2026-04-29T11:52:59+00:00\",\"description\":\"La mesura es complementa amb la pr\u00f2xima incorporaci\u00f3 de quinze passos de vianants intel\u00b7ligents, actualment en fase d\u2019execuci\u00f3,\",\"breadcrumb\":{\"@id\":\"https:\\\/\\\/canfali.com\\\/ca-es\\\/la-vila-joiosa-millora-la-seguretat-viaria-amb-radars-pedagogics\\\/#breadcrumb\"},\"inLanguage\":\"va-ES\",\"potentialAction\":[{\"@type\":\"ReadAction\",\"target\":[\"https:\\\/\\\/canfali.com\\\/ca-es\\\/la-vila-joiosa-millora-la-seguretat-viaria-amb-radars-pedagogics\\\/\"]}]},{\"@type\":\"ImageObject\",\"inLanguage\":\"va-ES\",\"@id\":\"https:\\\/\\\/canfali.com\\\/ca-es\\\/la-vila-joiosa-millora-la-seguretat-viaria-amb-radars-pedagogics\\\/#primaryimage\",\"url\":\"https:\\\/\\\/canfali.com\\\/app\\\/uploads\\\/2026\\\/04\\\/VIL-8radars1.jpg\",\"contentUrl\":\"https:\\\/\\\/canfali.com\\\/app\\\/uploads\\\/2026\\\/04\\\/VIL-8radars1.jpg\",\"width\":1480,\"height\":880},{\"@type\":\"BreadcrumbList\",\"@id\":\"https:\\\/\\\/canfali.com\\\/ca-es\\\/la-vila-joiosa-millora-la-seguretat-viaria-amb-radars-pedagogics\\\/#breadcrumb\",\"itemListElement\":[{\"@type\":\"ListItem\",\"position\":1,\"name\":\"Portada\",\"item\":\"https:\\\/\\\/canfali.com\\\/ca-es\\\/\"},{\"@type\":\"ListItem\",\"position\":2,\"name\":\"La Vila Joiosa millora la seguretat vi\u00e0ria amb radars pedag\u00f2gics\"}]},{\"@type\":\"WebSite\",\"@id\":\"https:\\\/\\\/canfali.com\\\/ca-es\\\/#website\",\"url\":\"https:\\\/\\\/canfali.com\\\/ca-es\\\/\",\"name\":\"Canfali\",\"description\":\"\",\"publisher\":{\"@id\":\"https:\\\/\\\/canfali.com\\\/ca-es\\\/#organization\"},\"potentialAction\":[{\"@type\":\"SearchAction\",\"target\":{\"@type\":\"EntryPoint\",\"urlTemplate\":\"https:\\\/\\\/canfali.com\\\/ca-es\\\/?s={search_term_string}\"},\"query-input\":{\"@type\":\"PropertyValueSpecification\",\"valueRequired\":true,\"valueName\":\"search_term_string\"}}],\"inLanguage\":\"va-ES\"},{\"@type\":\"Organization\",\"@id\":\"https:\\\/\\\/canfali.com\\\/ca-es\\\/#organization\",\"name\":\"Canfali\",\"url\":\"https:\\\/\\\/canfali.com\\\/ca-es\\\/\",\"logo\":{\"@type\":\"ImageObject\",\"inLanguage\":\"va-ES\",\"@id\":\"https:\\\/\\\/canfali.com\\\/ca-es\\\/#\\\/schema\\\/logo\\\/image\\\/\",\"url\":\"https:\\\/\\\/canfali.com\\\/app\\\/uploads\\\/2025\\\/12\\\/canfali_marina_alta_logo.png\",\"contentUrl\":\"https:\\\/\\\/canfali.com\\\/app\\\/uploads\\\/2025\\\/12\\\/canfali_marina_alta_logo.png\",\"width\":225,\"height\":225,\"caption\":\"Canfali\"},\"image\":{\"@id\":\"https:\\\/\\\/canfali.com\\\/ca-es\\\/#\\\/schema\\\/logo\\\/image\\\/\"},\"sameAs\":[\"https:\\\/\\\/es-es.facebook.com\\\/CANFALIMarinaAlta\",\"https:\\\/\\\/x.com\\\/canfalima\",\"https:\\\/\\\/www.instagram.com\\\/canfalimarinaalta\\\/\"]},{\"@type\":\"Person\",\"@id\":\"https:\\\/\\\/canfali.com\\\/ca-es\\\/#\\\/schema\\\/person\\\/f540a86fb33e10daaae53c59ceaa1194\",\"name\":\"Lluis\",\"image\":{\"@type\":\"ImageObject\",\"inLanguage\":\"va-ES\",\"@id\":\"https:\\\/\\\/secure.gravatar.com\\\/avatar\\\/a21ec8835290e4e02ed0886b8cb327d807d0eb6ec8ccf25d4c2a0a415f506c0d?s=96&d=mm&r=g\",\"url\":\"https:\\\/\\\/secure.gravatar.com\\\/avatar\\\/a21ec8835290e4e02ed0886b8cb327d807d0eb6ec8ccf25d4c2a0a415f506c0d?s=96&d=mm&r=g\",\"contentUrl\":\"https:\\\/\\\/secure.gravatar.com\\\/avatar\\\/a21ec8835290e4e02ed0886b8cb327d807d0eb6ec8ccf25d4c2a0a415f506c0d?s=96&d=mm&r=g\",\"caption\":\"Lluis\"},\"url\":\"https:\\\/\\\/canfali.com\\\/ca-es\\\/author\\\/lluis\\\/\"}]}<\/script>\n<!-- \/ Yoast SEO Premium plugin. -->","yoast_head_json":{"title":"La Vila Joiosa millora la seguretat vi\u00e0ria amb radars pedag\u00f2gics - Canfali","description":"La mesura es complementa amb la pr\u00f2xima incorporaci\u00f3 de quinze passos de vianants intel\u00b7ligents, actualment en fase d\u2019execuci\u00f3,","robots":{"index":"index","follow":"follow","max-snippet":"max-snippet:-1","max-image-preview":"max-image-preview:large","max-video-preview":"max-video-preview:-1"},"canonical":"https:\/\/canfali.com\/ca-es\/la-vila-joiosa-millora-la-seguretat-viaria-amb-radars-pedagogics\/","og_locale":"en_US","og_type":"article","og_title":"La Vila Joiosa millora la seguretat vi\u00e0ria amb radars pedag\u00f2gics","og_description":"La mesura es complementa amb la pr\u00f2xima incorporaci\u00f3 de quinze passos de vianants intel\u00b7ligents, actualment en fase d\u2019execuci\u00f3,","og_url":"https:\/\/canfali.com\/ca-es\/la-vila-joiosa-millora-la-seguretat-viaria-amb-radars-pedagogics\/","og_site_name":"Canfali","article_publisher":"https:\/\/es-es.facebook.com\/CANFALIMarinaAlta","article_published_time":"2026-04-29T11:50:12+00:00","article_modified_time":"2026-04-29T11:52:59+00:00","og_image":[{"width":1480,"height":880,"url":"https:\/\/canfali.com\/app\/uploads\/2026\/04\/VIL-8radars1.jpg","type":"image\/jpeg"}],"author":"Lluis","twitter_card":"summary_large_image","twitter_creator":"@canfalima","twitter_site":"@canfalima","twitter_misc":{"Written by":"Lluis","Est. reading time":"3 minutes"},"schema":{"@context":"https:\/\/schema.org","@graph":[{"@type":"NewsArticle","@id":"https:\/\/canfali.com\/ca-es\/la-vila-joiosa-millora-la-seguretat-viaria-amb-radars-pedagogics\/#article","isPartOf":{"@id":"https:\/\/canfali.com\/ca-es\/la-vila-joiosa-millora-la-seguretat-viaria-amb-radars-pedagogics\/"},"author":{"name":"Lluis","@id":"https:\/\/canfali.com\/ca-es\/#\/schema\/person\/f540a86fb33e10daaae53c59ceaa1194"},"headline":"La Vila Joiosa millora la seguretat vi\u00e0ria amb radars pedag\u00f2gics","datePublished":"2026-04-29T11:50:12+00:00","dateModified":"2026-04-29T11:52:59+00:00","mainEntityOfPage":{"@id":"https:\/\/canfali.com\/ca-es\/la-vila-joiosa-millora-la-seguretat-viaria-amb-radars-pedagogics\/"},"wordCount":584,"publisher":{"@id":"https:\/\/canfali.com\/ca-es\/#organization"},"image":{"@id":"https:\/\/canfali.com\/ca-es\/la-vila-joiosa-millora-la-seguretat-viaria-amb-radars-pedagogics\/#primaryimage"},"thumbnailUrl":"https:\/\/canfali.com\/app\/uploads\/2026\/04\/VIL-8radars1.jpg","articleSection":["Marina Baixa","Sin categorizar"],"inLanguage":"va-ES","copyrightYear":"2026","copyrightHolder":{"@id":"https:\/\/canfali.com\/#organization"}},{"@type":"WebPage","@id":"https:\/\/canfali.com\/ca-es\/la-vila-joiosa-millora-la-seguretat-viaria-amb-radars-pedagogics\/","url":"https:\/\/canfali.com\/ca-es\/la-vila-joiosa-millora-la-seguretat-viaria-amb-radars-pedagogics\/","name":"La Vila Joiosa millora la seguretat vi\u00e0ria amb radars pedag\u00f2gics - Canfali","isPartOf":{"@id":"https:\/\/canfali.com\/ca-es\/#website"},"primaryImageOfPage":{"@id":"https:\/\/canfali.com\/ca-es\/la-vila-joiosa-millora-la-seguretat-viaria-amb-radars-pedagogics\/#primaryimage"},"image":{"@id":"https:\/\/canfali.com\/ca-es\/la-vila-joiosa-millora-la-seguretat-viaria-amb-radars-pedagogics\/#primaryimage"},"thumbnailUrl":"https:\/\/canfali.com\/app\/uploads\/2026\/04\/VIL-8radars1.jpg","datePublished":"2026-04-29T11:50:12+00:00","dateModified":"2026-04-29T11:52:59+00:00","description":"La mesura es complementa amb la pr\u00f2xima incorporaci\u00f3 de quinze passos de vianants intel\u00b7ligents, actualment en fase d\u2019execuci\u00f3,","breadcrumb":{"@id":"https:\/\/canfali.com\/ca-es\/la-vila-joiosa-millora-la-seguretat-viaria-amb-radars-pedagogics\/#breadcrumb"},"inLanguage":"va-ES","potentialAction":[{"@type":"ReadAction","target":["https:\/\/canfali.com\/ca-es\/la-vila-joiosa-millora-la-seguretat-viaria-amb-radars-pedagogics\/"]}]},{"@type":"ImageObject","inLanguage":"va-ES","@id":"https:\/\/canfali.com\/ca-es\/la-vila-joiosa-millora-la-seguretat-viaria-amb-radars-pedagogics\/#primaryimage","url":"https:\/\/canfali.com\/app\/uploads\/2026\/04\/VIL-8radars1.jpg","contentUrl":"https:\/\/canfali.com\/app\/uploads\/2026\/04\/VIL-8radars1.jpg","width":1480,"height":880},{"@type":"BreadcrumbList","@id":"https:\/\/canfali.com\/ca-es\/la-vila-joiosa-millora-la-seguretat-viaria-amb-radars-pedagogics\/#breadcrumb","itemListElement":[{"@type":"ListItem","position":1,"name":"Portada","item":"https:\/\/canfali.com\/ca-es\/"},{"@type":"ListItem","position":2,"name":"La Vila Joiosa millora la seguretat vi\u00e0ria amb radars pedag\u00f2gics"}]},{"@type":"WebSite","@id":"https:\/\/canfali.com\/ca-es\/#website","url":"https:\/\/canfali.com\/ca-es\/","name":"Canfali","description":"","publisher":{"@id":"https:\/\/canfali.com\/ca-es\/#organization"},"potentialAction":[{"@type":"SearchAction","target":{"@type":"EntryPoint","urlTemplate":"https:\/\/canfali.com\/ca-es\/?s={search_term_string}"},"query-input":{"@type":"PropertyValueSpecification","valueRequired":true,"valueName":"search_term_string"}}],"inLanguage":"va-ES"},{"@type":"Organization","@id":"https:\/\/canfali.com\/ca-es\/#organization","name":"Canfali","url":"https:\/\/canfali.com\/ca-es\/","logo":{"@type":"ImageObject","inLanguage":"va-ES","@id":"https:\/\/canfali.com\/ca-es\/#\/schema\/logo\/image\/","url":"https:\/\/canfali.com\/app\/uploads\/2025\/12\/canfali_marina_alta_logo.png","contentUrl":"https:\/\/canfali.com\/app\/uploads\/2025\/12\/canfali_marina_alta_logo.png","width":225,"height":225,"caption":"Canfali"},"image":{"@id":"https:\/\/canfali.com\/ca-es\/#\/schema\/logo\/image\/"},"sameAs":["https:\/\/es-es.facebook.com\/CANFALIMarinaAlta","https:\/\/x.com\/canfalima","https:\/\/www.instagram.com\/canfalimarinaalta\/"]},{"@type":"Person","@id":"https:\/\/canfali.com\/ca-es\/#\/schema\/person\/f540a86fb33e10daaae53c59ceaa1194","name":"Lluis","image":{"@type":"ImageObject","inLanguage":"va-ES","@id":"https:\/\/secure.gravatar.com\/avatar\/a21ec8835290e4e02ed0886b8cb327d807d0eb6ec8ccf25d4c2a0a415f506c0d?s=96&d=mm&r=g","url":"https:\/\/secure.gravatar.com\/avatar\/a21ec8835290e4e02ed0886b8cb327d807d0eb6ec8ccf25d4c2a0a415f506c0d?s=96&d=mm&r=g","contentUrl":"https:\/\/secure.gravatar.com\/avatar\/a21ec8835290e4e02ed0886b8cb327d807d0eb6ec8ccf25d4c2a0a415f506c0d?s=96&d=mm&r=g","caption":"Lluis"},"url":"https:\/\/canfali.com\/ca-es\/author\/lluis\/"}]}},"_links":{"self":[{"href":"https:\/\/canfali.com\/ca-es\/wp-json\/wp\/v2\/posts\/95712","targetHints":{"allow":["GET"]}}],"collection":[{"href":"https:\/\/canfali.com\/ca-es\/wp-json\/wp\/v2\/posts"}],"about":[{"href":"https:\/\/canfali.com\/ca-es\/wp-json\/wp\/v2\/types\/post"}],"author":[{"embeddable":true,"href":"https:\/\/canfali.com\/ca-es\/wp-json\/wp\/v2\/users\/8"}],"replies":[{"embeddable":true,"href":"https:\/\/canfali.com\/ca-es\/wp-json\/wp\/v2\/comments?post=95712"}],"version-history":[{"count":1,"href":"https:\/\/canfali.com\/ca-es\/wp-json\/wp\/v2\/posts\/95712\/revisions"}],"predecessor-version":[{"id":95713,"href":"https:\/\/canfali.com\/ca-es\/wp-json\/wp\/v2\/posts\/95712\/revisions\/95713"}],"wp:featuredmedia":[{"embeddable":true,"href":"https:\/\/canfali.com\/ca-es\/wp-json\/wp\/v2\/media\/95705"}],"wp:attachment":[{"href":"https:\/\/canfali.com\/ca-es\/wp-json\/wp\/v2\/media?parent=95712"}],"wp:term":[{"taxonomy":"category","embeddable":true,"href":"https:\/\/canfali.com\/ca-es\/wp-json\/wp\/v2\/categories?post=95712"},{"taxonomy":"post_tag","embeddable":true,"href":"https:\/\/canfali.com\/ca-es\/wp-json\/wp\/v2\/tags?post=95712"}],"curies":[{"name":"wp","href":"https:\/\/api.w.org\/{rel}","templated":true}]}}