{"id":95694,"date":"2026-04-29T10:33:09","date_gmt":"2026-04-29T08:33:09","guid":{"rendered":"https:\/\/canfali.com\/tomas-llopis-explora-el-mon-de-la-cavalleria-i-del-tirant-lo-blanc-als-dialegs-dels-poblets\/"},"modified":"2026-04-29T11:44:36","modified_gmt":"2026-04-29T09:44:36","slug":"tomas-llopis-explora-el-mon-de-la-cavalleria-i-del-tirant-lo-blanc-als-dialegs-dels-poblets","status":"publish","type":"post","link":"https:\/\/canfali.com\/ca-es\/tomas-llopis-explora-el-mon-de-la-cavalleria-i-del-tirant-lo-blanc-als-dialegs-dels-poblets\/","title":{"rendered":"Tom\u00e0s Llopis explora el m\u00f3n de la cavalleria i del Tirant lo Blanc als Di\u00e0legs dels Poblets"},"content":{"rendered":"\n<p><p class=\"p1\">Di\u00e0legs, el programa cultural i de debat que ha impulsat enguany l\u2019Ajuntament dels Poblets, va oferir este dimarts un rep\u00e0s del personatge de <i>Tirant lo Blanc<\/i> de la m\u00e0 de l\u2019erudit i escriptor Tom\u00e0s Llopis.<\/p><\/p>\n\n<figure class=\"wp-block-image size-large\"><img fetchpriority=\"high\" decoding=\"async\" width=\"1024\" height=\"575\" src=\"https:\/\/canfali.com\/app\/uploads\/2026\/04\/8dialegs22-1024x575.jpg\" alt=\"\" class=\"wp-image-95683\" srcset=\"https:\/\/canfali.com\/app\/uploads\/2026\/04\/8dialegs22-1024x575.jpg 1024w, https:\/\/canfali.com\/app\/uploads\/2026\/04\/8dialegs22-300x168.jpg 300w, https:\/\/canfali.com\/app\/uploads\/2026\/04\/8dialegs22-768x431.jpg 768w, https:\/\/canfali.com\/app\/uploads\/2026\/04\/8dialegs22-1536x862.jpg 1536w, https:\/\/canfali.com\/app\/uploads\/2026\/04\/8dialegs22-2048x1150.jpg 2048w, https:\/\/canfali.com\/app\/uploads\/2026\/04\/8dialegs22-332x186.jpg 332w, https:\/\/canfali.com\/app\/uploads\/2026\/04\/8dialegs22-664x373.jpg 664w, https:\/\/canfali.com\/app\/uploads\/2026\/04\/8dialegs22-688x386.jpg 688w, https:\/\/canfali.com\/app\/uploads\/2026\/04\/8dialegs22-1376x774.jpg 1376w, https:\/\/canfali.com\/app\/uploads\/2026\/04\/8dialegs22-1044x586.jpg 1044w, https:\/\/canfali.com\/app\/uploads\/2026\/04\/8dialegs22-2088x1174.jpg 2088w, https:\/\/canfali.com\/app\/uploads\/2026\/04\/8dialegs22-1400x786.jpg 1400w, https:\/\/canfali.com\/app\/uploads\/2026\/04\/8dialegs22-1920x1078.jpg 1920w, https:\/\/canfali.com\/app\/uploads\/2026\/04\/8dialegs22-scaled.jpg 2560w\" sizes=\"(max-width: 1024px) 100vw, 1024px\" \/><\/figure>\n\n<p>El ponent va parlar sobre el context, el m\u00f3n de la cavalleria i la vida quotidiana del segle XV tal com la va reflectir Joanot Martorell en la seua obra.&#13;\n<\/p>\n\n<p>Durant la intervenci\u00f3, va aportar detalls del m\u00f3n de la cavalleria, sobre el qual tamb\u00e9 va incidir Ramon Llull -molt temps abans que Martorell ja va escriure sobre els seus c\u00f2dics-, abordant la manera de viure, el seu paper social i alguns dels personatges -reals o ficticis- m\u00e9s rellevants, com ara el mateix Tirant lo Blanc o el Quixot, que simbolitza la decad\u00e8ncia d\u2019este m\u00f3n cavalleresc, progressivament despla\u00e7at per l\u2019auge de la burgesia.&#13;\n<\/p>\n\n<figure class=\"wp-block-gallery has-nested-images columns-default is-cropped wp-block-gallery-15 is-layout-flex wp-block-gallery-is-layout-flex\">\n<figure class=\"wp-block-image size-large\"><img decoding=\"async\" width=\"768\" height=\"1024\" data-id=\"95686\" src=\"https:\/\/canfali.com\/app\/uploads\/2026\/04\/8dialegs1-768x1024.jpg\" alt=\"\" class=\"wp-image-95686\" srcset=\"https:\/\/canfali.com\/app\/uploads\/2026\/04\/8dialegs1-768x1024.jpg 768w, https:\/\/canfali.com\/app\/uploads\/2026\/04\/8dialegs1-225x300.jpg 225w, https:\/\/canfali.com\/app\/uploads\/2026\/04\/8dialegs1-1152x1536.jpg 1152w, https:\/\/canfali.com\/app\/uploads\/2026\/04\/8dialegs1-1536x2048.jpg 1536w, https:\/\/canfali.com\/app\/uploads\/2026\/04\/8dialegs1-332x443.jpg 332w, https:\/\/canfali.com\/app\/uploads\/2026\/04\/8dialegs1-664x885.jpg 664w, https:\/\/canfali.com\/app\/uploads\/2026\/04\/8dialegs1-688x917.jpg 688w, https:\/\/canfali.com\/app\/uploads\/2026\/04\/8dialegs1-1044x1392.jpg 1044w, https:\/\/canfali.com\/app\/uploads\/2026\/04\/8dialegs1-1400x1867.jpg 1400w, https:\/\/canfali.com\/app\/uploads\/2026\/04\/8dialegs1-scaled.jpg 1920w\" sizes=\"(max-width: 768px) 100vw, 768px\" \/><\/figure>\n\n\n\n<figure class=\"wp-block-image size-large\"><img decoding=\"async\" width=\"768\" height=\"1024\" data-id=\"95685\" src=\"https:\/\/canfali.com\/app\/uploads\/2026\/04\/8dialegs3-768x1024.jpg\" alt=\"\" class=\"wp-image-95685\" srcset=\"https:\/\/canfali.com\/app\/uploads\/2026\/04\/8dialegs3-768x1024.jpg 768w, https:\/\/canfali.com\/app\/uploads\/2026\/04\/8dialegs3-225x300.jpg 225w, https:\/\/canfali.com\/app\/uploads\/2026\/04\/8dialegs3-1152x1536.jpg 1152w, https:\/\/canfali.com\/app\/uploads\/2026\/04\/8dialegs3-1536x2048.jpg 1536w, https:\/\/canfali.com\/app\/uploads\/2026\/04\/8dialegs3-332x443.jpg 332w, https:\/\/canfali.com\/app\/uploads\/2026\/04\/8dialegs3-664x885.jpg 664w, https:\/\/canfali.com\/app\/uploads\/2026\/04\/8dialegs3-688x917.jpg 688w, https:\/\/canfali.com\/app\/uploads\/2026\/04\/8dialegs3-1044x1392.jpg 1044w, https:\/\/canfali.com\/app\/uploads\/2026\/04\/8dialegs3-1400x1867.jpg 1400w, https:\/\/canfali.com\/app\/uploads\/2026\/04\/8dialegs3-scaled.jpg 1920w\" sizes=\"(max-width: 768px) 100vw, 768px\" \/><\/figure>\n<\/figure>\n\n<p>A m\u00e9s, va presentar com a novetat alguns estudis m\u00e9s recents que permeten identificar personatges d\u2019aquella \u00e8poca, com la princesa Carmesina i la Viuda Reposada.&#13;\n<\/p>\n\n<figure class=\"wp-block-image size-large\"><img loading=\"lazy\" decoding=\"async\" width=\"1024\" height=\"768\" src=\"https:\/\/canfali.com\/app\/uploads\/2026\/04\/8dialegs4-1024x768.jpg\" alt=\"\" class=\"wp-image-95689\" srcset=\"https:\/\/canfali.com\/app\/uploads\/2026\/04\/8dialegs4-1024x768.jpg 1024w, https:\/\/canfali.com\/app\/uploads\/2026\/04\/8dialegs4-300x225.jpg 300w, https:\/\/canfali.com\/app\/uploads\/2026\/04\/8dialegs4-768x576.jpg 768w, https:\/\/canfali.com\/app\/uploads\/2026\/04\/8dialegs4-1536x1152.jpg 1536w, https:\/\/canfali.com\/app\/uploads\/2026\/04\/8dialegs4-2048x1536.jpg 2048w, https:\/\/canfali.com\/app\/uploads\/2026\/04\/8dialegs4-332x249.jpg 332w, https:\/\/canfali.com\/app\/uploads\/2026\/04\/8dialegs4-664x498.jpg 664w, https:\/\/canfali.com\/app\/uploads\/2026\/04\/8dialegs4-688x516.jpg 688w, https:\/\/canfali.com\/app\/uploads\/2026\/04\/8dialegs4-1044x783.jpg 1044w, https:\/\/canfali.com\/app\/uploads\/2026\/04\/8dialegs4-1400x1050.jpg 1400w, https:\/\/canfali.com\/app\/uploads\/2026\/04\/8dialegs4-1920x1440.jpg 1920w, https:\/\/canfali.com\/app\/uploads\/2026\/04\/8dialegs4-scaled.jpg 2560w\" sizes=\"(max-width: 1024px) 100vw, 1024px\" \/><\/figure>\n\n<p>La Biblioteca Municipal dels Poblets es va omplir de p\u00fablic per seguir la xarrada.&#13;\n<\/p>\n\n<p><p class=\"p1\">La seg\u00fcent cita de Di\u00e0legs tindr\u00e0 lloc el 20 de maig, amb Joaquim Bosch i \u00c0ngels Gregori, que conversaran al voltant del llibre <i>Jaque a la democracia<\/i>.<\/p><\/p>\n\n<figure class=\"wp-block-image size-large\"><img loading=\"lazy\" decoding=\"async\" width=\"1024\" height=\"575\" src=\"https:\/\/canfali.com\/app\/uploads\/2026\/04\/8dialegs21-1024x575.jpg\" alt=\"\" class=\"wp-image-95691\" srcset=\"https:\/\/canfali.com\/app\/uploads\/2026\/04\/8dialegs21-1024x575.jpg 1024w, https:\/\/canfali.com\/app\/uploads\/2026\/04\/8dialegs21-300x168.jpg 300w, https:\/\/canfali.com\/app\/uploads\/2026\/04\/8dialegs21-768x431.jpg 768w, https:\/\/canfali.com\/app\/uploads\/2026\/04\/8dialegs21-1536x862.jpg 1536w, https:\/\/canfali.com\/app\/uploads\/2026\/04\/8dialegs21-2048x1150.jpg 2048w, https:\/\/canfali.com\/app\/uploads\/2026\/04\/8dialegs21-332x186.jpg 332w, https:\/\/canfali.com\/app\/uploads\/2026\/04\/8dialegs21-664x373.jpg 664w, https:\/\/canfali.com\/app\/uploads\/2026\/04\/8dialegs21-688x386.jpg 688w, https:\/\/canfali.com\/app\/uploads\/2026\/04\/8dialegs21-1376x774.jpg 1376w, https:\/\/canfali.com\/app\/uploads\/2026\/04\/8dialegs21-1044x586.jpg 1044w, https:\/\/canfali.com\/app\/uploads\/2026\/04\/8dialegs21-2088x1174.jpg 2088w, https:\/\/canfali.com\/app\/uploads\/2026\/04\/8dialegs21-1400x786.jpg 1400w, https:\/\/canfali.com\/app\/uploads\/2026\/04\/8dialegs21-1920x1078.jpg 1920w, https:\/\/canfali.com\/app\/uploads\/2026\/04\/8dialegs21-scaled.jpg 2560w\" sizes=\"(max-width: 1024px) 100vw, 1024px\" \/><\/figure>\n","protected":false},"excerpt":{"rendered":"Di\u00e0legs, el programa cultural i de debat que ha impulsat enguany l\u2019Ajuntament dels Poblets, va oferir este dimarts&hellip;","protected":false},"author":8,"featured_media":95682,"comment_status":"closed","ping_status":"open","sticky":false,"template":"","format":"standard","meta":{"csco_display_header_overlay":false,"csco_singular_sidebar":"","csco_page_header_type":"","csco_page_load_nextpost":"","csco_post_video_location":[],"csco_post_video_location_hash":"","csco_post_video_url":"","csco_post_video_bg_start_time":0,"csco_post_video_bg_end_time":0,"footnotes":""},"categories":[579,597],"tags":[],"class_list":{"0":"post-95694","1":"post","2":"type-post","3":"status-publish","4":"format-standard","5":"has-post-thumbnail","7":"category-cultura-2","8":"category-cultura-ca-es","9":"cs-entry","10":"cs-video-wrap"},"yoast_head":"<!-- This site is optimized with the Yoast SEO Premium plugin v26.6 (Yoast SEO v27.3) - https:\/\/yoast.com\/product\/yoast-seo-premium-wordpress\/ -->\n<title>Tom\u00e0s Llopis explora el m\u00f3n de la cavalleria i del Tirant lo Blanc als Di\u00e0legs dels Poblets - Canfali<\/title>\n<meta name=\"description\" content=\"Durant la intervenci\u00f3, va aportar detalls del m\u00f3n de la cavalleria, abordant els seus codis, la manera de viure, el seu paper social i alguns dels personatges\" \/>\n<meta name=\"robots\" content=\"index, follow, max-snippet:-1, max-image-preview:large, max-video-preview:-1\" \/>\n<link rel=\"canonical\" href=\"https:\/\/canfali.com\/ca-es\/tomas-llopis-explora-el-mon-de-la-cavalleria-i-del-tirant-lo-blanc-als-dialegs-dels-poblets\/\" \/>\n<meta property=\"og:locale\" content=\"en_US\" \/>\n<meta property=\"og:type\" content=\"article\" \/>\n<meta property=\"og:title\" content=\"Tom\u00e0s Llopis explora el m\u00f3n de la cavalleria i del Tirant lo Blanc als Di\u00e0legs dels Poblets\" \/>\n<meta property=\"og:description\" content=\"Durant la intervenci\u00f3, va aportar detalls del m\u00f3n de la cavalleria, abordant els seus codis, la manera de viure, el seu paper social i alguns dels personatges\" \/>\n<meta property=\"og:url\" content=\"https:\/\/canfali.com\/ca-es\/tomas-llopis-explora-el-mon-de-la-cavalleria-i-del-tirant-lo-blanc-als-dialegs-dels-poblets\/\" \/>\n<meta property=\"og:site_name\" content=\"Canfali\" \/>\n<meta property=\"article:publisher\" content=\"https:\/\/es-es.facebook.com\/CANFALIMarinaAlta\" \/>\n<meta property=\"article:published_time\" content=\"2026-04-29T08:33:09+00:00\" \/>\n<meta property=\"article:modified_time\" content=\"2026-04-29T09:44:36+00:00\" \/>\n<meta property=\"og:image\" content=\"https:\/\/canfali.com\/app\/uploads\/2026\/04\/8dialegs23-scaled.jpg\" \/>\n\t<meta property=\"og:image:width\" content=\"2560\" \/>\n\t<meta property=\"og:image:height\" content=\"1922\" \/>\n\t<meta property=\"og:image:type\" content=\"image\/jpeg\" \/>\n<meta name=\"author\" content=\"Lluis\" \/>\n<meta name=\"twitter:card\" content=\"summary_large_image\" \/>\n<meta name=\"twitter:creator\" content=\"@canfalima\" \/>\n<meta name=\"twitter:site\" content=\"@canfalima\" \/>\n<meta name=\"twitter:label1\" content=\"Written by\" \/>\n\t<meta name=\"twitter:data1\" content=\"Lluis\" \/>\n\t<meta name=\"twitter:label2\" content=\"Est. reading time\" \/>\n\t<meta name=\"twitter:data2\" content=\"1 minute\" \/>\n<script type=\"application\/ld+json\" class=\"yoast-schema-graph\">{\"@context\":\"https:\\\/\\\/schema.org\",\"@graph\":[{\"@type\":\"NewsArticle\",\"@id\":\"https:\\\/\\\/canfali.com\\\/ca-es\\\/tomas-llopis-explora-el-mon-de-la-cavalleria-i-del-tirant-lo-blanc-als-dialegs-dels-poblets\\\/#article\",\"isPartOf\":{\"@id\":\"https:\\\/\\\/canfali.com\\\/ca-es\\\/tomas-llopis-explora-el-mon-de-la-cavalleria-i-del-tirant-lo-blanc-als-dialegs-dels-poblets\\\/\"},\"author\":{\"name\":\"Lluis\",\"@id\":\"https:\\\/\\\/canfali.com\\\/ca-es\\\/#\\\/schema\\\/person\\\/f540a86fb33e10daaae53c59ceaa1194\"},\"headline\":\"Tom\u00e0s Llopis explora el m\u00f3n de la cavalleria i del Tirant lo Blanc als Di\u00e0legs dels Poblets\",\"datePublished\":\"2026-04-29T08:33:09+00:00\",\"dateModified\":\"2026-04-29T09:44:36+00:00\",\"mainEntityOfPage\":{\"@id\":\"https:\\\/\\\/canfali.com\\\/ca-es\\\/tomas-llopis-explora-el-mon-de-la-cavalleria-i-del-tirant-lo-blanc-als-dialegs-dels-poblets\\\/\"},\"wordCount\":243,\"publisher\":{\"@id\":\"https:\\\/\\\/canfali.com\\\/ca-es\\\/#organization\"},\"image\":{\"@id\":\"https:\\\/\\\/canfali.com\\\/ca-es\\\/tomas-llopis-explora-el-mon-de-la-cavalleria-i-del-tirant-lo-blanc-als-dialegs-dels-poblets\\\/#primaryimage\"},\"thumbnailUrl\":\"https:\\\/\\\/canfali.com\\\/app\\\/uploads\\\/2026\\\/04\\\/8dialegs23-scaled.jpg\",\"articleSection\":[\"Cultura\",\"Cultura\"],\"inLanguage\":\"va-ES\",\"copyrightYear\":\"2026\",\"copyrightHolder\":{\"@id\":\"https:\\\/\\\/canfali.com\\\/#organization\"}},{\"@type\":\"WebPage\",\"@id\":\"https:\\\/\\\/canfali.com\\\/ca-es\\\/tomas-llopis-explora-el-mon-de-la-cavalleria-i-del-tirant-lo-blanc-als-dialegs-dels-poblets\\\/\",\"url\":\"https:\\\/\\\/canfali.com\\\/ca-es\\\/tomas-llopis-explora-el-mon-de-la-cavalleria-i-del-tirant-lo-blanc-als-dialegs-dels-poblets\\\/\",\"name\":\"Tom\u00e0s Llopis explora el m\u00f3n de la cavalleria i del Tirant lo Blanc als Di\u00e0legs dels Poblets - Canfali\",\"isPartOf\":{\"@id\":\"https:\\\/\\\/canfali.com\\\/ca-es\\\/#website\"},\"primaryImageOfPage\":{\"@id\":\"https:\\\/\\\/canfali.com\\\/ca-es\\\/tomas-llopis-explora-el-mon-de-la-cavalleria-i-del-tirant-lo-blanc-als-dialegs-dels-poblets\\\/#primaryimage\"},\"image\":{\"@id\":\"https:\\\/\\\/canfali.com\\\/ca-es\\\/tomas-llopis-explora-el-mon-de-la-cavalleria-i-del-tirant-lo-blanc-als-dialegs-dels-poblets\\\/#primaryimage\"},\"thumbnailUrl\":\"https:\\\/\\\/canfali.com\\\/app\\\/uploads\\\/2026\\\/04\\\/8dialegs23-scaled.jpg\",\"datePublished\":\"2026-04-29T08:33:09+00:00\",\"dateModified\":\"2026-04-29T09:44:36+00:00\",\"description\":\"Durant la intervenci\u00f3, va aportar detalls del m\u00f3n de la cavalleria, abordant els seus codis, la manera de viure, el seu paper social i alguns dels personatges\",\"breadcrumb\":{\"@id\":\"https:\\\/\\\/canfali.com\\\/ca-es\\\/tomas-llopis-explora-el-mon-de-la-cavalleria-i-del-tirant-lo-blanc-als-dialegs-dels-poblets\\\/#breadcrumb\"},\"inLanguage\":\"va-ES\",\"potentialAction\":[{\"@type\":\"ReadAction\",\"target\":[\"https:\\\/\\\/canfali.com\\\/ca-es\\\/tomas-llopis-explora-el-mon-de-la-cavalleria-i-del-tirant-lo-blanc-als-dialegs-dels-poblets\\\/\"]}]},{\"@type\":\"ImageObject\",\"inLanguage\":\"va-ES\",\"@id\":\"https:\\\/\\\/canfali.com\\\/ca-es\\\/tomas-llopis-explora-el-mon-de-la-cavalleria-i-del-tirant-lo-blanc-als-dialegs-dels-poblets\\\/#primaryimage\",\"url\":\"https:\\\/\\\/canfali.com\\\/app\\\/uploads\\\/2026\\\/04\\\/8dialegs23-scaled.jpg\",\"contentUrl\":\"https:\\\/\\\/canfali.com\\\/app\\\/uploads\\\/2026\\\/04\\\/8dialegs23-scaled.jpg\",\"width\":2560,\"height\":1922},{\"@type\":\"BreadcrumbList\",\"@id\":\"https:\\\/\\\/canfali.com\\\/ca-es\\\/tomas-llopis-explora-el-mon-de-la-cavalleria-i-del-tirant-lo-blanc-als-dialegs-dels-poblets\\\/#breadcrumb\",\"itemListElement\":[{\"@type\":\"ListItem\",\"position\":1,\"name\":\"Portada\",\"item\":\"https:\\\/\\\/canfali.com\\\/ca-es\\\/\"},{\"@type\":\"ListItem\",\"position\":2,\"name\":\"Tom\u00e0s Llopis explora el m\u00f3n de la cavalleria i del Tirant lo Blanc als Di\u00e0legs dels Poblets\"}]},{\"@type\":\"WebSite\",\"@id\":\"https:\\\/\\\/canfali.com\\\/ca-es\\\/#website\",\"url\":\"https:\\\/\\\/canfali.com\\\/ca-es\\\/\",\"name\":\"Canfali\",\"description\":\"\",\"publisher\":{\"@id\":\"https:\\\/\\\/canfali.com\\\/ca-es\\\/#organization\"},\"potentialAction\":[{\"@type\":\"SearchAction\",\"target\":{\"@type\":\"EntryPoint\",\"urlTemplate\":\"https:\\\/\\\/canfali.com\\\/ca-es\\\/?s={search_term_string}\"},\"query-input\":{\"@type\":\"PropertyValueSpecification\",\"valueRequired\":true,\"valueName\":\"search_term_string\"}}],\"inLanguage\":\"va-ES\"},{\"@type\":\"Organization\",\"@id\":\"https:\\\/\\\/canfali.com\\\/ca-es\\\/#organization\",\"name\":\"Canfali\",\"url\":\"https:\\\/\\\/canfali.com\\\/ca-es\\\/\",\"logo\":{\"@type\":\"ImageObject\",\"inLanguage\":\"va-ES\",\"@id\":\"https:\\\/\\\/canfali.com\\\/ca-es\\\/#\\\/schema\\\/logo\\\/image\\\/\",\"url\":\"https:\\\/\\\/canfali.com\\\/app\\\/uploads\\\/2025\\\/12\\\/canfali_marina_alta_logo.png\",\"contentUrl\":\"https:\\\/\\\/canfali.com\\\/app\\\/uploads\\\/2025\\\/12\\\/canfali_marina_alta_logo.png\",\"width\":225,\"height\":225,\"caption\":\"Canfali\"},\"image\":{\"@id\":\"https:\\\/\\\/canfali.com\\\/ca-es\\\/#\\\/schema\\\/logo\\\/image\\\/\"},\"sameAs\":[\"https:\\\/\\\/es-es.facebook.com\\\/CANFALIMarinaAlta\",\"https:\\\/\\\/x.com\\\/canfalima\",\"https:\\\/\\\/www.instagram.com\\\/canfalimarinaalta\\\/\"]},{\"@type\":\"Person\",\"@id\":\"https:\\\/\\\/canfali.com\\\/ca-es\\\/#\\\/schema\\\/person\\\/f540a86fb33e10daaae53c59ceaa1194\",\"name\":\"Lluis\",\"image\":{\"@type\":\"ImageObject\",\"inLanguage\":\"va-ES\",\"@id\":\"https:\\\/\\\/secure.gravatar.com\\\/avatar\\\/a21ec8835290e4e02ed0886b8cb327d807d0eb6ec8ccf25d4c2a0a415f506c0d?s=96&d=mm&r=g\",\"url\":\"https:\\\/\\\/secure.gravatar.com\\\/avatar\\\/a21ec8835290e4e02ed0886b8cb327d807d0eb6ec8ccf25d4c2a0a415f506c0d?s=96&d=mm&r=g\",\"contentUrl\":\"https:\\\/\\\/secure.gravatar.com\\\/avatar\\\/a21ec8835290e4e02ed0886b8cb327d807d0eb6ec8ccf25d4c2a0a415f506c0d?s=96&d=mm&r=g\",\"caption\":\"Lluis\"},\"url\":\"https:\\\/\\\/canfali.com\\\/ca-es\\\/author\\\/lluis\\\/\"}]}<\/script>\n<!-- \/ Yoast SEO Premium plugin. -->","yoast_head_json":{"title":"Tom\u00e0s Llopis explora el m\u00f3n de la cavalleria i del Tirant lo Blanc als Di\u00e0legs dels Poblets - Canfali","description":"Durant la intervenci\u00f3, va aportar detalls del m\u00f3n de la cavalleria, abordant els seus codis, la manera de viure, el seu paper social i alguns dels personatges","robots":{"index":"index","follow":"follow","max-snippet":"max-snippet:-1","max-image-preview":"max-image-preview:large","max-video-preview":"max-video-preview:-1"},"canonical":"https:\/\/canfali.com\/ca-es\/tomas-llopis-explora-el-mon-de-la-cavalleria-i-del-tirant-lo-blanc-als-dialegs-dels-poblets\/","og_locale":"en_US","og_type":"article","og_title":"Tom\u00e0s Llopis explora el m\u00f3n de la cavalleria i del Tirant lo Blanc als Di\u00e0legs dels Poblets","og_description":"Durant la intervenci\u00f3, va aportar detalls del m\u00f3n de la cavalleria, abordant els seus codis, la manera de viure, el seu paper social i alguns dels personatges","og_url":"https:\/\/canfali.com\/ca-es\/tomas-llopis-explora-el-mon-de-la-cavalleria-i-del-tirant-lo-blanc-als-dialegs-dels-poblets\/","og_site_name":"Canfali","article_publisher":"https:\/\/es-es.facebook.com\/CANFALIMarinaAlta","article_published_time":"2026-04-29T08:33:09+00:00","article_modified_time":"2026-04-29T09:44:36+00:00","og_image":[{"width":2560,"height":1922,"url":"https:\/\/canfali.com\/app\/uploads\/2026\/04\/8dialegs23-scaled.jpg","type":"image\/jpeg"}],"author":"Lluis","twitter_card":"summary_large_image","twitter_creator":"@canfalima","twitter_site":"@canfalima","twitter_misc":{"Written by":"Lluis","Est. reading time":"1 minute"},"schema":{"@context":"https:\/\/schema.org","@graph":[{"@type":"NewsArticle","@id":"https:\/\/canfali.com\/ca-es\/tomas-llopis-explora-el-mon-de-la-cavalleria-i-del-tirant-lo-blanc-als-dialegs-dels-poblets\/#article","isPartOf":{"@id":"https:\/\/canfali.com\/ca-es\/tomas-llopis-explora-el-mon-de-la-cavalleria-i-del-tirant-lo-blanc-als-dialegs-dels-poblets\/"},"author":{"name":"Lluis","@id":"https:\/\/canfali.com\/ca-es\/#\/schema\/person\/f540a86fb33e10daaae53c59ceaa1194"},"headline":"Tom\u00e0s Llopis explora el m\u00f3n de la cavalleria i del Tirant lo Blanc als Di\u00e0legs dels Poblets","datePublished":"2026-04-29T08:33:09+00:00","dateModified":"2026-04-29T09:44:36+00:00","mainEntityOfPage":{"@id":"https:\/\/canfali.com\/ca-es\/tomas-llopis-explora-el-mon-de-la-cavalleria-i-del-tirant-lo-blanc-als-dialegs-dels-poblets\/"},"wordCount":243,"publisher":{"@id":"https:\/\/canfali.com\/ca-es\/#organization"},"image":{"@id":"https:\/\/canfali.com\/ca-es\/tomas-llopis-explora-el-mon-de-la-cavalleria-i-del-tirant-lo-blanc-als-dialegs-dels-poblets\/#primaryimage"},"thumbnailUrl":"https:\/\/canfali.com\/app\/uploads\/2026\/04\/8dialegs23-scaled.jpg","articleSection":["Cultura","Cultura"],"inLanguage":"va-ES","copyrightYear":"2026","copyrightHolder":{"@id":"https:\/\/canfali.com\/#organization"}},{"@type":"WebPage","@id":"https:\/\/canfali.com\/ca-es\/tomas-llopis-explora-el-mon-de-la-cavalleria-i-del-tirant-lo-blanc-als-dialegs-dels-poblets\/","url":"https:\/\/canfali.com\/ca-es\/tomas-llopis-explora-el-mon-de-la-cavalleria-i-del-tirant-lo-blanc-als-dialegs-dels-poblets\/","name":"Tom\u00e0s Llopis explora el m\u00f3n de la cavalleria i del Tirant lo Blanc als Di\u00e0legs dels Poblets - Canfali","isPartOf":{"@id":"https:\/\/canfali.com\/ca-es\/#website"},"primaryImageOfPage":{"@id":"https:\/\/canfali.com\/ca-es\/tomas-llopis-explora-el-mon-de-la-cavalleria-i-del-tirant-lo-blanc-als-dialegs-dels-poblets\/#primaryimage"},"image":{"@id":"https:\/\/canfali.com\/ca-es\/tomas-llopis-explora-el-mon-de-la-cavalleria-i-del-tirant-lo-blanc-als-dialegs-dels-poblets\/#primaryimage"},"thumbnailUrl":"https:\/\/canfali.com\/app\/uploads\/2026\/04\/8dialegs23-scaled.jpg","datePublished":"2026-04-29T08:33:09+00:00","dateModified":"2026-04-29T09:44:36+00:00","description":"Durant la intervenci\u00f3, va aportar detalls del m\u00f3n de la cavalleria, abordant els seus codis, la manera de viure, el seu paper social i alguns dels personatges","breadcrumb":{"@id":"https:\/\/canfali.com\/ca-es\/tomas-llopis-explora-el-mon-de-la-cavalleria-i-del-tirant-lo-blanc-als-dialegs-dels-poblets\/#breadcrumb"},"inLanguage":"va-ES","potentialAction":[{"@type":"ReadAction","target":["https:\/\/canfali.com\/ca-es\/tomas-llopis-explora-el-mon-de-la-cavalleria-i-del-tirant-lo-blanc-als-dialegs-dels-poblets\/"]}]},{"@type":"ImageObject","inLanguage":"va-ES","@id":"https:\/\/canfali.com\/ca-es\/tomas-llopis-explora-el-mon-de-la-cavalleria-i-del-tirant-lo-blanc-als-dialegs-dels-poblets\/#primaryimage","url":"https:\/\/canfali.com\/app\/uploads\/2026\/04\/8dialegs23-scaled.jpg","contentUrl":"https:\/\/canfali.com\/app\/uploads\/2026\/04\/8dialegs23-scaled.jpg","width":2560,"height":1922},{"@type":"BreadcrumbList","@id":"https:\/\/canfali.com\/ca-es\/tomas-llopis-explora-el-mon-de-la-cavalleria-i-del-tirant-lo-blanc-als-dialegs-dels-poblets\/#breadcrumb","itemListElement":[{"@type":"ListItem","position":1,"name":"Portada","item":"https:\/\/canfali.com\/ca-es\/"},{"@type":"ListItem","position":2,"name":"Tom\u00e0s Llopis explora el m\u00f3n de la cavalleria i del Tirant lo Blanc als Di\u00e0legs dels Poblets"}]},{"@type":"WebSite","@id":"https:\/\/canfali.com\/ca-es\/#website","url":"https:\/\/canfali.com\/ca-es\/","name":"Canfali","description":"","publisher":{"@id":"https:\/\/canfali.com\/ca-es\/#organization"},"potentialAction":[{"@type":"SearchAction","target":{"@type":"EntryPoint","urlTemplate":"https:\/\/canfali.com\/ca-es\/?s={search_term_string}"},"query-input":{"@type":"PropertyValueSpecification","valueRequired":true,"valueName":"search_term_string"}}],"inLanguage":"va-ES"},{"@type":"Organization","@id":"https:\/\/canfali.com\/ca-es\/#organization","name":"Canfali","url":"https:\/\/canfali.com\/ca-es\/","logo":{"@type":"ImageObject","inLanguage":"va-ES","@id":"https:\/\/canfali.com\/ca-es\/#\/schema\/logo\/image\/","url":"https:\/\/canfali.com\/app\/uploads\/2025\/12\/canfali_marina_alta_logo.png","contentUrl":"https:\/\/canfali.com\/app\/uploads\/2025\/12\/canfali_marina_alta_logo.png","width":225,"height":225,"caption":"Canfali"},"image":{"@id":"https:\/\/canfali.com\/ca-es\/#\/schema\/logo\/image\/"},"sameAs":["https:\/\/es-es.facebook.com\/CANFALIMarinaAlta","https:\/\/x.com\/canfalima","https:\/\/www.instagram.com\/canfalimarinaalta\/"]},{"@type":"Person","@id":"https:\/\/canfali.com\/ca-es\/#\/schema\/person\/f540a86fb33e10daaae53c59ceaa1194","name":"Lluis","image":{"@type":"ImageObject","inLanguage":"va-ES","@id":"https:\/\/secure.gravatar.com\/avatar\/a21ec8835290e4e02ed0886b8cb327d807d0eb6ec8ccf25d4c2a0a415f506c0d?s=96&d=mm&r=g","url":"https:\/\/secure.gravatar.com\/avatar\/a21ec8835290e4e02ed0886b8cb327d807d0eb6ec8ccf25d4c2a0a415f506c0d?s=96&d=mm&r=g","contentUrl":"https:\/\/secure.gravatar.com\/avatar\/a21ec8835290e4e02ed0886b8cb327d807d0eb6ec8ccf25d4c2a0a415f506c0d?s=96&d=mm&r=g","caption":"Lluis"},"url":"https:\/\/canfali.com\/ca-es\/author\/lluis\/"}]}},"_links":{"self":[{"href":"https:\/\/canfali.com\/ca-es\/wp-json\/wp\/v2\/posts\/95694","targetHints":{"allow":["GET"]}}],"collection":[{"href":"https:\/\/canfali.com\/ca-es\/wp-json\/wp\/v2\/posts"}],"about":[{"href":"https:\/\/canfali.com\/ca-es\/wp-json\/wp\/v2\/types\/post"}],"author":[{"embeddable":true,"href":"https:\/\/canfali.com\/ca-es\/wp-json\/wp\/v2\/users\/8"}],"replies":[{"embeddable":true,"href":"https:\/\/canfali.com\/ca-es\/wp-json\/wp\/v2\/comments?post=95694"}],"version-history":[{"count":3,"href":"https:\/\/canfali.com\/ca-es\/wp-json\/wp\/v2\/posts\/95694\/revisions"}],"predecessor-version":[{"id":95697,"href":"https:\/\/canfali.com\/ca-es\/wp-json\/wp\/v2\/posts\/95694\/revisions\/95697"}],"wp:featuredmedia":[{"embeddable":true,"href":"https:\/\/canfali.com\/ca-es\/wp-json\/wp\/v2\/media\/95682"}],"wp:attachment":[{"href":"https:\/\/canfali.com\/ca-es\/wp-json\/wp\/v2\/media?parent=95694"}],"wp:term":[{"taxonomy":"category","embeddable":true,"href":"https:\/\/canfali.com\/ca-es\/wp-json\/wp\/v2\/categories?post=95694"},{"taxonomy":"post_tag","embeddable":true,"href":"https:\/\/canfali.com\/ca-es\/wp-json\/wp\/v2\/tags?post=95694"}],"curies":[{"name":"wp","href":"https:\/\/api.w.org\/{rel}","templated":true}]}}