{"id":95655,"date":"2026-05-02T09:46:34","date_gmt":"2026-05-02T07:46:34","guid":{"rendered":"https:\/\/canfali.com\/?p=95655"},"modified":"2026-04-29T10:03:29","modified_gmt":"2026-04-29T08:03:29","slug":"de-la-marjal-de-pego-al-plat","status":"publish","type":"post","link":"https:\/\/canfali.com\/ca-es\/de-la-marjal-de-pego-al-plat\/","title":{"rendered":"De la marjal de Pego al plat"},"content":{"rendered":"\n<p><strong>Onze establiments hostalers reivindiquen l\u2019arr\u00f2s com a producte de proximitat en les XVII Jornades Gastron\u00f2miques<\/strong><\/p>\n\n\n\n<figure class=\"wp-block-image size-large\"><img fetchpriority=\"high\" decoding=\"async\" width=\"1024\" height=\"679\" src=\"https:\/\/canfali.com\/app\/uploads\/2026\/04\/jornades-dig1-1024x679.jpg\" alt=\"\" class=\"wp-image-95658\" srcset=\"https:\/\/canfali.com\/app\/uploads\/2026\/04\/jornades-dig1-1024x679.jpg 1024w, https:\/\/canfali.com\/app\/uploads\/2026\/04\/jornades-dig1-300x199.jpg 300w, https:\/\/canfali.com\/app\/uploads\/2026\/04\/jornades-dig1-768x509.jpg 768w, https:\/\/canfali.com\/app\/uploads\/2026\/04\/jornades-dig1-1536x1019.jpg 1536w, https:\/\/canfali.com\/app\/uploads\/2026\/04\/jornades-dig1-2048x1358.jpg 2048w, https:\/\/canfali.com\/app\/uploads\/2026\/04\/jornades-dig1-332x220.jpg 332w, https:\/\/canfali.com\/app\/uploads\/2026\/04\/jornades-dig1-664x440.jpg 664w, https:\/\/canfali.com\/app\/uploads\/2026\/04\/jornades-dig1-688x456.jpg 688w, https:\/\/canfali.com\/app\/uploads\/2026\/04\/jornades-dig1-1044x692.jpg 1044w, https:\/\/canfali.com\/app\/uploads\/2026\/04\/jornades-dig1-1400x928.jpg 1400w, https:\/\/canfali.com\/app\/uploads\/2026\/04\/jornades-dig1-1920x1273.jpg 1920w, https:\/\/canfali.com\/app\/uploads\/2026\/04\/jornades-dig1.jpg 2256w\" sizes=\"(max-width: 1024px) 100vw, 1024px\" \/><\/figure>\n\n\n\n<p>Els restauradors de Pego han aprofitat l\u2019\u00e8poca de la sembra de l\u2019arr\u00f2s a la marjal per a reivindicar-se com l\u2019\u00fanic poble que produeix aquest cereal a la prov\u00edncia d\u2019Alacant i, per tant disposa d\u2019ell com a producte de proximitat.<\/p>\n\n\n\n<figure class=\"wp-block-gallery has-nested-images columns-default is-cropped wp-block-gallery-15 is-layout-flex wp-block-gallery-is-layout-flex\">\n<figure class=\"wp-block-image size-large\"><img decoding=\"async\" width=\"1024\" height=\"679\" data-id=\"95660\" src=\"https:\/\/canfali.com\/app\/uploads\/2026\/04\/jornadesarros-dig2-1024x679.jpg\" alt=\"\" class=\"wp-image-95660\" srcset=\"https:\/\/canfali.com\/app\/uploads\/2026\/04\/jornadesarros-dig2-1024x679.jpg 1024w, https:\/\/canfali.com\/app\/uploads\/2026\/04\/jornadesarros-dig2-300x199.jpg 300w, https:\/\/canfali.com\/app\/uploads\/2026\/04\/jornadesarros-dig2-768x509.jpg 768w, https:\/\/canfali.com\/app\/uploads\/2026\/04\/jornadesarros-dig2-1536x1019.jpg 1536w, https:\/\/canfali.com\/app\/uploads\/2026\/04\/jornadesarros-dig2-2048x1358.jpg 2048w, https:\/\/canfali.com\/app\/uploads\/2026\/04\/jornadesarros-dig2-332x220.jpg 332w, https:\/\/canfali.com\/app\/uploads\/2026\/04\/jornadesarros-dig2-664x440.jpg 664w, https:\/\/canfali.com\/app\/uploads\/2026\/04\/jornadesarros-dig2-688x456.jpg 688w, https:\/\/canfali.com\/app\/uploads\/2026\/04\/jornadesarros-dig2-1044x692.jpg 1044w, https:\/\/canfali.com\/app\/uploads\/2026\/04\/jornadesarros-dig2-1400x928.jpg 1400w, https:\/\/canfali.com\/app\/uploads\/2026\/04\/jornadesarros-dig2-1920x1273.jpg 1920w, https:\/\/canfali.com\/app\/uploads\/2026\/04\/jornadesarros-dig2.jpg 2256w\" sizes=\"(max-width: 1024px) 100vw, 1024px\" \/><\/figure>\n<\/figure>\n\n\n\n<p>&nbsp;&nbsp;&nbsp;&nbsp;&nbsp;&nbsp; Aquest prop\u00f2sit ha portat als restaurants, Rafel, Zorrilla i l\u2019Om, i als bars El Moss, La placeta, Llit i Taula, Tot Cuina, Casino, Bar Daniel, Chacarita i Ca Briones a protagonitzar la XVII edici\u00f3 de la Setmana Gastron\u00f2mica de les varietats bomba i bomb\u00f3 recollides al passat m\u00e9s de setembre, coordinada des del departament de CREAMA de l\u2019Ajuntament de Pego. Els onze establiments han apostat per unir als plats tradicionals com la crosta, la paella o l\u2019arr\u00f2s al forn cl\u00e0ssics, una ampla amalgama culin\u00e0ria basada en altres productes tamb\u00e9 produ\u00efts al terme de Pego i l\u2019entorn com arr\u00f2s amb polp i carxofes, arr\u00f2s mel\u00f3s amb conill i boletus, arr\u00f2s cald\u00f3s de s\u00e8pia, faves i carxofes, paella de floricol i bacall\u00e0, arr\u00f2s mel\u00f3s d\u2019herbes de la terra i capell\u00e0 a la flama, arr\u00f2s sec o mel\u00f3s de carabassa, carxofes i costella, paella d\u2019espinacs i boquerons, arr\u00f2s amb caragols i costelles o arr\u00f2s de cranc blau i anques de granota.<\/p>\n\n\n\n<figure class=\"wp-block-image size-large\"><img decoding=\"async\" width=\"768\" height=\"1024\" src=\"https:\/\/canfali.com\/app\/uploads\/2026\/04\/jornadesarros-dig3-768x1024.jpg\" alt=\"\" class=\"wp-image-95662\" srcset=\"https:\/\/canfali.com\/app\/uploads\/2026\/04\/jornadesarros-dig3-768x1024.jpg 768w, https:\/\/canfali.com\/app\/uploads\/2026\/04\/jornadesarros-dig3-225x300.jpg 225w, https:\/\/canfali.com\/app\/uploads\/2026\/04\/jornadesarros-dig3-1152x1536.jpg 1152w, https:\/\/canfali.com\/app\/uploads\/2026\/04\/jornadesarros-dig3-332x443.jpg 332w, https:\/\/canfali.com\/app\/uploads\/2026\/04\/jornadesarros-dig3-664x885.jpg 664w, https:\/\/canfali.com\/app\/uploads\/2026\/04\/jornadesarros-dig3-688x917.jpg 688w, https:\/\/canfali.com\/app\/uploads\/2026\/04\/jornadesarros-dig3-1044x1392.jpg 1044w, https:\/\/canfali.com\/app\/uploads\/2026\/04\/jornadesarros-dig3.jpg 1200w\" sizes=\"(max-width: 768px) 100vw, 768px\" \/><\/figure>\n\n\n\n<p>&nbsp;&nbsp;&nbsp;&nbsp;&nbsp;&nbsp; L\u2019esdeveniment, que ha congregat a nombrosa clientela en la seua primera part, encara la recta final aquest cap de setmana amb una crida per part del regidor de Promoci\u00f3 Econ\u00f2mica, Ra\u00fal Tamarit, a tindre en compte la graella de men\u00fas i amb el corresponent preu publicada en les xarxes socials del Consorci de Reactivaci\u00f3 Econ\u00f2mica de la Marina Alta per a formular la pertinent reserva a fi de que els establiments identificats amb el corresponent adhesiu a la porta puguen fer l\u2019adequada previsi\u00f3 a l\u2019hora d\u2019atendre als potencials clients.&nbsp;<\/p>\n\n\n\n<figure class=\"wp-block-gallery has-nested-images columns-default is-cropped wp-block-gallery-16 is-layout-flex wp-block-gallery-is-layout-flex\">\n<figure class=\"wp-block-image size-large\"><img loading=\"lazy\" decoding=\"async\" width=\"1024\" height=\"679\" data-id=\"95664\" src=\"https:\/\/canfali.com\/app\/uploads\/2026\/04\/jornadesarros-digi5-1024x679.jpg\" alt=\"\" class=\"wp-image-95664\" srcset=\"https:\/\/canfali.com\/app\/uploads\/2026\/04\/jornadesarros-digi5-1024x679.jpg 1024w, https:\/\/canfali.com\/app\/uploads\/2026\/04\/jornadesarros-digi5-300x199.jpg 300w, https:\/\/canfali.com\/app\/uploads\/2026\/04\/jornadesarros-digi5-768x509.jpg 768w, https:\/\/canfali.com\/app\/uploads\/2026\/04\/jornadesarros-digi5-1536x1019.jpg 1536w, https:\/\/canfali.com\/app\/uploads\/2026\/04\/jornadesarros-digi5-2048x1358.jpg 2048w, https:\/\/canfali.com\/app\/uploads\/2026\/04\/jornadesarros-digi5-332x220.jpg 332w, https:\/\/canfali.com\/app\/uploads\/2026\/04\/jornadesarros-digi5-664x440.jpg 664w, https:\/\/canfali.com\/app\/uploads\/2026\/04\/jornadesarros-digi5-688x456.jpg 688w, https:\/\/canfali.com\/app\/uploads\/2026\/04\/jornadesarros-digi5-1044x692.jpg 1044w, https:\/\/canfali.com\/app\/uploads\/2026\/04\/jornadesarros-digi5-1400x928.jpg 1400w, https:\/\/canfali.com\/app\/uploads\/2026\/04\/jornadesarros-digi5-1920x1273.jpg 1920w, https:\/\/canfali.com\/app\/uploads\/2026\/04\/jornadesarros-digi5.jpg 2256w\" sizes=\"(max-width: 1024px) 100vw, 1024px\" \/><\/figure>\n<\/figure>\n\n\n\n<figure class=\"wp-block-image size-large\"><img loading=\"lazy\" decoding=\"async\" width=\"1024\" height=\"679\" src=\"https:\/\/canfali.com\/app\/uploads\/2026\/04\/jornadesarros-dig6-1024x679.jpg\" alt=\"\" class=\"wp-image-95666\" srcset=\"https:\/\/canfali.com\/app\/uploads\/2026\/04\/jornadesarros-dig6-1024x679.jpg 1024w, https:\/\/canfali.com\/app\/uploads\/2026\/04\/jornadesarros-dig6-300x199.jpg 300w, https:\/\/canfali.com\/app\/uploads\/2026\/04\/jornadesarros-dig6-768x509.jpg 768w, https:\/\/canfali.com\/app\/uploads\/2026\/04\/jornadesarros-dig6-1536x1019.jpg 1536w, https:\/\/canfali.com\/app\/uploads\/2026\/04\/jornadesarros-dig6-2048x1358.jpg 2048w, https:\/\/canfali.com\/app\/uploads\/2026\/04\/jornadesarros-dig6-332x220.jpg 332w, https:\/\/canfali.com\/app\/uploads\/2026\/04\/jornadesarros-dig6-664x440.jpg 664w, https:\/\/canfali.com\/app\/uploads\/2026\/04\/jornadesarros-dig6-688x456.jpg 688w, https:\/\/canfali.com\/app\/uploads\/2026\/04\/jornadesarros-dig6-1044x692.jpg 1044w, https:\/\/canfali.com\/app\/uploads\/2026\/04\/jornadesarros-dig6-1400x928.jpg 1400w, https:\/\/canfali.com\/app\/uploads\/2026\/04\/jornadesarros-dig6-1920x1273.jpg 1920w, https:\/\/canfali.com\/app\/uploads\/2026\/04\/jornadesarros-dig6.jpg 2256w\" sizes=\"(max-width: 1024px) 100vw, 1024px\" \/><\/figure>\n\n\n\n<figure class=\"wp-block-image size-large\"><img loading=\"lazy\" decoding=\"async\" width=\"1024\" height=\"826\" src=\"https:\/\/canfali.com\/app\/uploads\/2026\/04\/jornadesarros-dig9-1024x826.jpg\" alt=\"\" class=\"wp-image-95670\" srcset=\"https:\/\/canfali.com\/app\/uploads\/2026\/04\/jornadesarros-dig9-1024x826.jpg 1024w, https:\/\/canfali.com\/app\/uploads\/2026\/04\/jornadesarros-dig9-300x242.jpg 300w, https:\/\/canfali.com\/app\/uploads\/2026\/04\/jornadesarros-dig9-768x620.jpg 768w, https:\/\/canfali.com\/app\/uploads\/2026\/04\/jornadesarros-dig9-332x268.jpg 332w, https:\/\/canfali.com\/app\/uploads\/2026\/04\/jornadesarros-dig9-664x536.jpg 664w, https:\/\/canfali.com\/app\/uploads\/2026\/04\/jornadesarros-dig9-688x555.jpg 688w, https:\/\/canfali.com\/app\/uploads\/2026\/04\/jornadesarros-dig9-1044x842.jpg 1044w, https:\/\/canfali.com\/app\/uploads\/2026\/04\/jornadesarros-dig9.jpg 1154w\" sizes=\"(max-width: 1024px) 100vw, 1024px\" \/><\/figure>\n\n\n\n<figure class=\"wp-block-image size-large\"><img loading=\"lazy\" decoding=\"async\" width=\"1024\" height=\"679\" src=\"https:\/\/canfali.com\/app\/uploads\/2026\/05\/jornadesarros7-1024x679.jpg\" alt=\"\" class=\"wp-image-95673\" srcset=\"https:\/\/canfali.com\/app\/uploads\/2026\/05\/jornadesarros7-1024x679.jpg 1024w, https:\/\/canfali.com\/app\/uploads\/2026\/05\/jornadesarros7-300x199.jpg 300w, https:\/\/canfali.com\/app\/uploads\/2026\/05\/jornadesarros7-768x509.jpg 768w, https:\/\/canfali.com\/app\/uploads\/2026\/05\/jornadesarros7-1536x1019.jpg 1536w, https:\/\/canfali.com\/app\/uploads\/2026\/05\/jornadesarros7-2048x1358.jpg 2048w, https:\/\/canfali.com\/app\/uploads\/2026\/05\/jornadesarros7-332x220.jpg 332w, https:\/\/canfali.com\/app\/uploads\/2026\/05\/jornadesarros7-664x440.jpg 664w, https:\/\/canfali.com\/app\/uploads\/2026\/05\/jornadesarros7-688x456.jpg 688w, https:\/\/canfali.com\/app\/uploads\/2026\/05\/jornadesarros7-1044x692.jpg 1044w, https:\/\/canfali.com\/app\/uploads\/2026\/05\/jornadesarros7-1400x928.jpg 1400w, https:\/\/canfali.com\/app\/uploads\/2026\/05\/jornadesarros7-1920x1273.jpg 1920w, https:\/\/canfali.com\/app\/uploads\/2026\/05\/jornadesarros7.jpg 2256w\" sizes=\"(max-width: 1024px) 100vw, 1024px\" \/><\/figure>\n\n\n\n<figure class=\"wp-block-image size-large\"><img loading=\"lazy\" decoding=\"async\" width=\"1024\" height=\"679\" src=\"https:\/\/canfali.com\/app\/uploads\/2026\/05\/jornadesarros-digi8-1024x679.jpg\" alt=\"\" class=\"wp-image-95676\" srcset=\"https:\/\/canfali.com\/app\/uploads\/2026\/05\/jornadesarros-digi8-1024x679.jpg 1024w, https:\/\/canfali.com\/app\/uploads\/2026\/05\/jornadesarros-digi8-300x199.jpg 300w, https:\/\/canfali.com\/app\/uploads\/2026\/05\/jornadesarros-digi8-768x509.jpg 768w, https:\/\/canfali.com\/app\/uploads\/2026\/05\/jornadesarros-digi8-1536x1019.jpg 1536w, https:\/\/canfali.com\/app\/uploads\/2026\/05\/jornadesarros-digi8-2048x1358.jpg 2048w, https:\/\/canfali.com\/app\/uploads\/2026\/05\/jornadesarros-digi8-332x220.jpg 332w, https:\/\/canfali.com\/app\/uploads\/2026\/05\/jornadesarros-digi8-664x440.jpg 664w, https:\/\/canfali.com\/app\/uploads\/2026\/05\/jornadesarros-digi8-688x456.jpg 688w, https:\/\/canfali.com\/app\/uploads\/2026\/05\/jornadesarros-digi8-1044x692.jpg 1044w, https:\/\/canfali.com\/app\/uploads\/2026\/05\/jornadesarros-digi8-1400x928.jpg 1400w, https:\/\/canfali.com\/app\/uploads\/2026\/05\/jornadesarros-digi8-1920x1273.jpg 1920w, https:\/\/canfali.com\/app\/uploads\/2026\/05\/jornadesarros-digi8.jpg 2256w\" sizes=\"(max-width: 1024px) 100vw, 1024px\" \/><\/figure>\n","protected":false},"excerpt":{"rendered":"Onze establiments hostalers reivindiquen l\u2019arr\u00f2s com a producte de proximitat en les XVII Jornades Gastron\u00f2miques Els restauradors de&hellip;","protected":false},"author":4,"featured_media":95656,"comment_status":"closed","ping_status":"open","sticky":false,"template":"","format":"standard","meta":{"csco_display_header_overlay":false,"csco_singular_sidebar":"","csco_page_header_type":"","csco_page_load_nextpost":"","csco_post_video_location":[],"csco_post_video_location_hash":"","csco_post_video_url":"","csco_post_video_bg_start_time":0,"csco_post_video_bg_end_time":0,"footnotes":""},"categories":[607],"tags":[7616,1846,7618,642,7617,7619],"class_list":{"0":"post-95655","1":"post","2":"type-post","3":"status-publish","4":"format-standard","5":"has-post-thumbnail","7":"category-economia-i-empreses","8":"tag-arros","9":"tag-jornades-2","10":"tag-once-establiments","11":"tag-pego-2","12":"tag-producte-proximitat","13":"tag-recta-final","14":"cs-entry","15":"cs-video-wrap"},"yoast_head":"<!-- This site is optimized with the Yoast SEO Premium plugin v26.6 (Yoast SEO v27.3) - https:\/\/yoast.com\/product\/yoast-seo-premium-wordpress\/ -->\n<title>De la marjal de Pego al plat - Canfali<\/title>\n<meta name=\"robots\" content=\"index, follow, max-snippet:-1, max-image-preview:large, max-video-preview:-1\" \/>\n<link rel=\"canonical\" href=\"https:\/\/canfali.com\/ca-es\/de-la-marjal-de-pego-al-plat\/\" \/>\n<meta property=\"og:locale\" content=\"en_US\" \/>\n<meta property=\"og:type\" content=\"article\" \/>\n<meta property=\"og:title\" content=\"De la marjal de Pego al plat\" \/>\n<meta property=\"og:description\" content=\"Onze establiments hostalers reivindiquen l\u2019arr\u00f2s com a producte de proximitat en les XVII Jornades Gastron\u00f2miques Els restauradors de&hellip;\" \/>\n<meta property=\"og:url\" content=\"https:\/\/canfali.com\/ca-es\/de-la-marjal-de-pego-al-plat\/\" \/>\n<meta property=\"og:site_name\" content=\"Canfali\" \/>\n<meta property=\"article:publisher\" content=\"https:\/\/es-es.facebook.com\/CANFALIMarinaAlta\" \/>\n<meta property=\"article:published_time\" content=\"2026-05-02T07:46:34+00:00\" \/>\n<meta property=\"og:image\" content=\"https:\/\/canfali.com\/app\/uploads\/2026\/04\/jornadesarros1-1-rotated.jpg\" \/>\n\t<meta property=\"og:image:width\" content=\"1496\" \/>\n\t<meta property=\"og:image:height\" content=\"2256\" \/>\n\t<meta property=\"og:image:type\" content=\"image\/jpeg\" \/>\n<meta name=\"author\" content=\"JJ Mas\" \/>\n<meta name=\"twitter:card\" content=\"summary_large_image\" \/>\n<meta name=\"twitter:creator\" content=\"@canfalima\" \/>\n<meta name=\"twitter:site\" content=\"@canfalima\" \/>\n<meta name=\"twitter:label1\" content=\"Written by\" \/>\n\t<meta name=\"twitter:data1\" content=\"JJ Mas\" \/>\n\t<meta name=\"twitter:label2\" content=\"Est. reading time\" \/>\n\t<meta name=\"twitter:data2\" content=\"4 minutes\" \/>\n<script type=\"application\/ld+json\" class=\"yoast-schema-graph\">{\"@context\":\"https:\\\/\\\/schema.org\",\"@graph\":[{\"@type\":\"NewsArticle\",\"@id\":\"https:\\\/\\\/canfali.com\\\/ca-es\\\/de-la-marjal-de-pego-al-plat\\\/#article\",\"isPartOf\":{\"@id\":\"https:\\\/\\\/canfali.com\\\/ca-es\\\/de-la-marjal-de-pego-al-plat\\\/\"},\"author\":{\"name\":\"JJ Mas\",\"@id\":\"https:\\\/\\\/canfali.com\\\/ca-es\\\/#\\\/schema\\\/person\\\/d834d2d4df17cac754d3c314d4c404ef\"},\"headline\":\"De la marjal de Pego al plat\",\"datePublished\":\"2026-05-02T07:46:34+00:00\",\"mainEntityOfPage\":{\"@id\":\"https:\\\/\\\/canfali.com\\\/ca-es\\\/de-la-marjal-de-pego-al-plat\\\/\"},\"wordCount\":364,\"publisher\":{\"@id\":\"https:\\\/\\\/canfali.com\\\/ca-es\\\/#organization\"},\"image\":{\"@id\":\"https:\\\/\\\/canfali.com\\\/ca-es\\\/de-la-marjal-de-pego-al-plat\\\/#primaryimage\"},\"thumbnailUrl\":\"https:\\\/\\\/canfali.com\\\/app\\\/uploads\\\/2026\\\/04\\\/jornadesarros1-1-rotated.jpg\",\"keywords\":[\"arr\u00f2s\",\"jornades\",\"once establiments\",\"Pego\",\"producte proximitat\",\"recta final\"],\"articleSection\":[\"Economia i Empreses\"],\"inLanguage\":\"va-ES\",\"copyrightYear\":\"2026\",\"copyrightHolder\":{\"@id\":\"https:\\\/\\\/canfali.com\\\/#organization\"}},{\"@type\":\"WebPage\",\"@id\":\"https:\\\/\\\/canfali.com\\\/ca-es\\\/de-la-marjal-de-pego-al-plat\\\/\",\"url\":\"https:\\\/\\\/canfali.com\\\/ca-es\\\/de-la-marjal-de-pego-al-plat\\\/\",\"name\":\"De la marjal de Pego al plat - Canfali\",\"isPartOf\":{\"@id\":\"https:\\\/\\\/canfali.com\\\/ca-es\\\/#website\"},\"primaryImageOfPage\":{\"@id\":\"https:\\\/\\\/canfali.com\\\/ca-es\\\/de-la-marjal-de-pego-al-plat\\\/#primaryimage\"},\"image\":{\"@id\":\"https:\\\/\\\/canfali.com\\\/ca-es\\\/de-la-marjal-de-pego-al-plat\\\/#primaryimage\"},\"thumbnailUrl\":\"https:\\\/\\\/canfali.com\\\/app\\\/uploads\\\/2026\\\/04\\\/jornadesarros1-1-rotated.jpg\",\"datePublished\":\"2026-05-02T07:46:34+00:00\",\"breadcrumb\":{\"@id\":\"https:\\\/\\\/canfali.com\\\/ca-es\\\/de-la-marjal-de-pego-al-plat\\\/#breadcrumb\"},\"inLanguage\":\"va-ES\",\"potentialAction\":[{\"@type\":\"ReadAction\",\"target\":[\"https:\\\/\\\/canfali.com\\\/ca-es\\\/de-la-marjal-de-pego-al-plat\\\/\"]}]},{\"@type\":\"ImageObject\",\"inLanguage\":\"va-ES\",\"@id\":\"https:\\\/\\\/canfali.com\\\/ca-es\\\/de-la-marjal-de-pego-al-plat\\\/#primaryimage\",\"url\":\"https:\\\/\\\/canfali.com\\\/app\\\/uploads\\\/2026\\\/04\\\/jornadesarros1-1-rotated.jpg\",\"contentUrl\":\"https:\\\/\\\/canfali.com\\\/app\\\/uploads\\\/2026\\\/04\\\/jornadesarros1-1-rotated.jpg\",\"width\":1496,\"height\":2256},{\"@type\":\"BreadcrumbList\",\"@id\":\"https:\\\/\\\/canfali.com\\\/ca-es\\\/de-la-marjal-de-pego-al-plat\\\/#breadcrumb\",\"itemListElement\":[{\"@type\":\"ListItem\",\"position\":1,\"name\":\"Portada\",\"item\":\"https:\\\/\\\/canfali.com\\\/ca-es\\\/\"},{\"@type\":\"ListItem\",\"position\":2,\"name\":\"De la marjal de Pego al plat\"}]},{\"@type\":\"WebSite\",\"@id\":\"https:\\\/\\\/canfali.com\\\/ca-es\\\/#website\",\"url\":\"https:\\\/\\\/canfali.com\\\/ca-es\\\/\",\"name\":\"Canfali\",\"description\":\"\",\"publisher\":{\"@id\":\"https:\\\/\\\/canfali.com\\\/ca-es\\\/#organization\"},\"potentialAction\":[{\"@type\":\"SearchAction\",\"target\":{\"@type\":\"EntryPoint\",\"urlTemplate\":\"https:\\\/\\\/canfali.com\\\/ca-es\\\/?s={search_term_string}\"},\"query-input\":{\"@type\":\"PropertyValueSpecification\",\"valueRequired\":true,\"valueName\":\"search_term_string\"}}],\"inLanguage\":\"va-ES\"},{\"@type\":\"Organization\",\"@id\":\"https:\\\/\\\/canfali.com\\\/ca-es\\\/#organization\",\"name\":\"Canfali\",\"url\":\"https:\\\/\\\/canfali.com\\\/ca-es\\\/\",\"logo\":{\"@type\":\"ImageObject\",\"inLanguage\":\"va-ES\",\"@id\":\"https:\\\/\\\/canfali.com\\\/ca-es\\\/#\\\/schema\\\/logo\\\/image\\\/\",\"url\":\"https:\\\/\\\/canfali.com\\\/app\\\/uploads\\\/2025\\\/12\\\/canfali_marina_alta_logo.png\",\"contentUrl\":\"https:\\\/\\\/canfali.com\\\/app\\\/uploads\\\/2025\\\/12\\\/canfali_marina_alta_logo.png\",\"width\":225,\"height\":225,\"caption\":\"Canfali\"},\"image\":{\"@id\":\"https:\\\/\\\/canfali.com\\\/ca-es\\\/#\\\/schema\\\/logo\\\/image\\\/\"},\"sameAs\":[\"https:\\\/\\\/es-es.facebook.com\\\/CANFALIMarinaAlta\",\"https:\\\/\\\/x.com\\\/canfalima\",\"https:\\\/\\\/www.instagram.com\\\/canfalimarinaalta\\\/\"]},{\"@type\":\"Person\",\"@id\":\"https:\\\/\\\/canfali.com\\\/ca-es\\\/#\\\/schema\\\/person\\\/d834d2d4df17cac754d3c314d4c404ef\",\"name\":\"JJ Mas\",\"image\":{\"@type\":\"ImageObject\",\"inLanguage\":\"va-ES\",\"@id\":\"https:\\\/\\\/secure.gravatar.com\\\/avatar\\\/65a5191f5438bf88c2394f6d1a625a6ff903c8785268e603c623a83bc15ba1ee?s=96&d=mm&r=g\",\"url\":\"https:\\\/\\\/secure.gravatar.com\\\/avatar\\\/65a5191f5438bf88c2394f6d1a625a6ff903c8785268e603c623a83bc15ba1ee?s=96&d=mm&r=g\",\"contentUrl\":\"https:\\\/\\\/secure.gravatar.com\\\/avatar\\\/65a5191f5438bf88c2394f6d1a625a6ff903c8785268e603c623a83bc15ba1ee?s=96&d=mm&r=g\",\"caption\":\"JJ Mas\"},\"url\":\"https:\\\/\\\/canfali.com\\\/ca-es\\\/author\\\/jj\\\/\"}]}<\/script>\n<!-- \/ Yoast SEO Premium plugin. -->","yoast_head_json":{"title":"De la marjal de Pego al plat - Canfali","robots":{"index":"index","follow":"follow","max-snippet":"max-snippet:-1","max-image-preview":"max-image-preview:large","max-video-preview":"max-video-preview:-1"},"canonical":"https:\/\/canfali.com\/ca-es\/de-la-marjal-de-pego-al-plat\/","og_locale":"en_US","og_type":"article","og_title":"De la marjal de Pego al plat","og_description":"Onze establiments hostalers reivindiquen l\u2019arr\u00f2s com a producte de proximitat en les XVII Jornades Gastron\u00f2miques Els restauradors de&hellip;","og_url":"https:\/\/canfali.com\/ca-es\/de-la-marjal-de-pego-al-plat\/","og_site_name":"Canfali","article_publisher":"https:\/\/es-es.facebook.com\/CANFALIMarinaAlta","article_published_time":"2026-05-02T07:46:34+00:00","og_image":[{"width":1496,"height":2256,"url":"https:\/\/canfali.com\/app\/uploads\/2026\/04\/jornadesarros1-1-rotated.jpg","type":"image\/jpeg"}],"author":"JJ Mas","twitter_card":"summary_large_image","twitter_creator":"@canfalima","twitter_site":"@canfalima","twitter_misc":{"Written by":"JJ Mas","Est. reading time":"4 minutes"},"schema":{"@context":"https:\/\/schema.org","@graph":[{"@type":"NewsArticle","@id":"https:\/\/canfali.com\/ca-es\/de-la-marjal-de-pego-al-plat\/#article","isPartOf":{"@id":"https:\/\/canfali.com\/ca-es\/de-la-marjal-de-pego-al-plat\/"},"author":{"name":"JJ Mas","@id":"https:\/\/canfali.com\/ca-es\/#\/schema\/person\/d834d2d4df17cac754d3c314d4c404ef"},"headline":"De la marjal de Pego al plat","datePublished":"2026-05-02T07:46:34+00:00","mainEntityOfPage":{"@id":"https:\/\/canfali.com\/ca-es\/de-la-marjal-de-pego-al-plat\/"},"wordCount":364,"publisher":{"@id":"https:\/\/canfali.com\/ca-es\/#organization"},"image":{"@id":"https:\/\/canfali.com\/ca-es\/de-la-marjal-de-pego-al-plat\/#primaryimage"},"thumbnailUrl":"https:\/\/canfali.com\/app\/uploads\/2026\/04\/jornadesarros1-1-rotated.jpg","keywords":["arr\u00f2s","jornades","once establiments","Pego","producte proximitat","recta final"],"articleSection":["Economia i Empreses"],"inLanguage":"va-ES","copyrightYear":"2026","copyrightHolder":{"@id":"https:\/\/canfali.com\/#organization"}},{"@type":"WebPage","@id":"https:\/\/canfali.com\/ca-es\/de-la-marjal-de-pego-al-plat\/","url":"https:\/\/canfali.com\/ca-es\/de-la-marjal-de-pego-al-plat\/","name":"De la marjal de Pego al plat - Canfali","isPartOf":{"@id":"https:\/\/canfali.com\/ca-es\/#website"},"primaryImageOfPage":{"@id":"https:\/\/canfali.com\/ca-es\/de-la-marjal-de-pego-al-plat\/#primaryimage"},"image":{"@id":"https:\/\/canfali.com\/ca-es\/de-la-marjal-de-pego-al-plat\/#primaryimage"},"thumbnailUrl":"https:\/\/canfali.com\/app\/uploads\/2026\/04\/jornadesarros1-1-rotated.jpg","datePublished":"2026-05-02T07:46:34+00:00","breadcrumb":{"@id":"https:\/\/canfali.com\/ca-es\/de-la-marjal-de-pego-al-plat\/#breadcrumb"},"inLanguage":"va-ES","potentialAction":[{"@type":"ReadAction","target":["https:\/\/canfali.com\/ca-es\/de-la-marjal-de-pego-al-plat\/"]}]},{"@type":"ImageObject","inLanguage":"va-ES","@id":"https:\/\/canfali.com\/ca-es\/de-la-marjal-de-pego-al-plat\/#primaryimage","url":"https:\/\/canfali.com\/app\/uploads\/2026\/04\/jornadesarros1-1-rotated.jpg","contentUrl":"https:\/\/canfali.com\/app\/uploads\/2026\/04\/jornadesarros1-1-rotated.jpg","width":1496,"height":2256},{"@type":"BreadcrumbList","@id":"https:\/\/canfali.com\/ca-es\/de-la-marjal-de-pego-al-plat\/#breadcrumb","itemListElement":[{"@type":"ListItem","position":1,"name":"Portada","item":"https:\/\/canfali.com\/ca-es\/"},{"@type":"ListItem","position":2,"name":"De la marjal de Pego al plat"}]},{"@type":"WebSite","@id":"https:\/\/canfali.com\/ca-es\/#website","url":"https:\/\/canfali.com\/ca-es\/","name":"Canfali","description":"","publisher":{"@id":"https:\/\/canfali.com\/ca-es\/#organization"},"potentialAction":[{"@type":"SearchAction","target":{"@type":"EntryPoint","urlTemplate":"https:\/\/canfali.com\/ca-es\/?s={search_term_string}"},"query-input":{"@type":"PropertyValueSpecification","valueRequired":true,"valueName":"search_term_string"}}],"inLanguage":"va-ES"},{"@type":"Organization","@id":"https:\/\/canfali.com\/ca-es\/#organization","name":"Canfali","url":"https:\/\/canfali.com\/ca-es\/","logo":{"@type":"ImageObject","inLanguage":"va-ES","@id":"https:\/\/canfali.com\/ca-es\/#\/schema\/logo\/image\/","url":"https:\/\/canfali.com\/app\/uploads\/2025\/12\/canfali_marina_alta_logo.png","contentUrl":"https:\/\/canfali.com\/app\/uploads\/2025\/12\/canfali_marina_alta_logo.png","width":225,"height":225,"caption":"Canfali"},"image":{"@id":"https:\/\/canfali.com\/ca-es\/#\/schema\/logo\/image\/"},"sameAs":["https:\/\/es-es.facebook.com\/CANFALIMarinaAlta","https:\/\/x.com\/canfalima","https:\/\/www.instagram.com\/canfalimarinaalta\/"]},{"@type":"Person","@id":"https:\/\/canfali.com\/ca-es\/#\/schema\/person\/d834d2d4df17cac754d3c314d4c404ef","name":"JJ Mas","image":{"@type":"ImageObject","inLanguage":"va-ES","@id":"https:\/\/secure.gravatar.com\/avatar\/65a5191f5438bf88c2394f6d1a625a6ff903c8785268e603c623a83bc15ba1ee?s=96&d=mm&r=g","url":"https:\/\/secure.gravatar.com\/avatar\/65a5191f5438bf88c2394f6d1a625a6ff903c8785268e603c623a83bc15ba1ee?s=96&d=mm&r=g","contentUrl":"https:\/\/secure.gravatar.com\/avatar\/65a5191f5438bf88c2394f6d1a625a6ff903c8785268e603c623a83bc15ba1ee?s=96&d=mm&r=g","caption":"JJ Mas"},"url":"https:\/\/canfali.com\/ca-es\/author\/jj\/"}]}},"_links":{"self":[{"href":"https:\/\/canfali.com\/ca-es\/wp-json\/wp\/v2\/posts\/95655","targetHints":{"allow":["GET"]}}],"collection":[{"href":"https:\/\/canfali.com\/ca-es\/wp-json\/wp\/v2\/posts"}],"about":[{"href":"https:\/\/canfali.com\/ca-es\/wp-json\/wp\/v2\/types\/post"}],"author":[{"embeddable":true,"href":"https:\/\/canfali.com\/ca-es\/wp-json\/wp\/v2\/users\/4"}],"replies":[{"embeddable":true,"href":"https:\/\/canfali.com\/ca-es\/wp-json\/wp\/v2\/comments?post=95655"}],"version-history":[{"count":2,"href":"https:\/\/canfali.com\/ca-es\/wp-json\/wp\/v2\/posts\/95655\/revisions"}],"predecessor-version":[{"id":95678,"href":"https:\/\/canfali.com\/ca-es\/wp-json\/wp\/v2\/posts\/95655\/revisions\/95678"}],"wp:featuredmedia":[{"embeddable":true,"href":"https:\/\/canfali.com\/ca-es\/wp-json\/wp\/v2\/media\/95656"}],"wp:attachment":[{"href":"https:\/\/canfali.com\/ca-es\/wp-json\/wp\/v2\/media?parent=95655"}],"wp:term":[{"taxonomy":"category","embeddable":true,"href":"https:\/\/canfali.com\/ca-es\/wp-json\/wp\/v2\/categories?post=95655"},{"taxonomy":"post_tag","embeddable":true,"href":"https:\/\/canfali.com\/ca-es\/wp-json\/wp\/v2\/tags?post=95655"}],"curies":[{"name":"wp","href":"https:\/\/api.w.org\/{rel}","templated":true}]}}