{"id":95629,"date":"2026-04-29T08:45:54","date_gmt":"2026-04-29T06:45:54","guid":{"rendered":"https:\/\/canfali.com\/?p=95629"},"modified":"2026-04-29T08:58:56","modified_gmt":"2026-04-29T06:58:56","slug":"la-fira-de-comerc-de-pego-2026-queda-ajornada-per-les-previsions-de-mal-oratge","status":"publish","type":"post","link":"https:\/\/canfali.com\/ca-es\/la-fira-de-comerc-de-pego-2026-queda-ajornada-per-les-previsions-de-mal-oratge\/","title":{"rendered":"La Fira de Comer\u00e7 de Pego 2026 queda ajornada per les previsions de mal oratge"},"content":{"rendered":"\n<p><strong>La Regidoria de Promoci\u00f3 Econ\u00f2mica-CREAMA mant\u00e9, fins diumenge, les XVII Jornades Gastron\u00f2miques de l\u2019arr\u00f2s bomba i bomb\u00f3<\/strong><\/p>\n\n\n\n<p>L\u2019organitzaci\u00f3 de la Fira de Comer\u00e7 de Pego 2026, prevista per a aquest diumenge al passeig Cervantes, ha decidit ajornar-la a causa de les previsions del mal oratge que dificulten el normal desenvolupament dels estands dels vint-i-set establiments que tenien previst exposar a l\u2019aire lliure sota carpes.<\/p>\n\n\n\n<p>&nbsp;&nbsp;&nbsp;&nbsp;&nbsp;&nbsp; Des de la Regidoria de Promoci\u00f3 Econ\u00f2mica-CREAMA han rem\u00e9s la futura data a les conversacions a mantenir amb l\u2019associaci\u00f3 de comerciant en eixe sentit, encara que, en una primera presa de contacte, s\u2019ha deixat per a finals de l\u2019estiu o principis de la tardor, donat el carregat calendari d\u2019activitats socials i festeres al municipi en el que queda de primavera i l\u2019especial idiosincr\u00e0sia de la majoria de pegolins de traslladar-se a les segones resid\u00e8ncies de la platja en passar les festes patronals per a passar all\u00ed els mesos d\u2019estiu per tal de combatre la calor.<\/p>\n\n\n\n<figure class=\"wp-block-gallery has-nested-images columns-default is-cropped wp-block-gallery-15 is-layout-flex wp-block-gallery-is-layout-flex\">\n<figure class=\"wp-block-image size-large\"><img fetchpriority=\"high\" decoding=\"async\" width=\"1024\" height=\"403\" data-id=\"95632\" src=\"https:\/\/canfali.com\/app\/uploads\/2026\/04\/graella-1-1024x403.jpg\" alt=\"\" class=\"wp-image-95632\" srcset=\"https:\/\/canfali.com\/app\/uploads\/2026\/04\/graella-1-1024x403.jpg 1024w, https:\/\/canfali.com\/app\/uploads\/2026\/04\/graella-1-300x118.jpg 300w, https:\/\/canfali.com\/app\/uploads\/2026\/04\/graella-1-768x302.jpg 768w, https:\/\/canfali.com\/app\/uploads\/2026\/04\/graella-1-1536x604.jpg 1536w, https:\/\/canfali.com\/app\/uploads\/2026\/04\/graella-1-332x131.jpg 332w, https:\/\/canfali.com\/app\/uploads\/2026\/04\/graella-1-664x261.jpg 664w, https:\/\/canfali.com\/app\/uploads\/2026\/04\/graella-1-688x270.jpg 688w, https:\/\/canfali.com\/app\/uploads\/2026\/04\/graella-1-1044x410.jpg 1044w, https:\/\/canfali.com\/app\/uploads\/2026\/04\/graella-1-1400x550.jpg 1400w, https:\/\/canfali.com\/app\/uploads\/2026\/04\/graella-1.jpg 1600w\" sizes=\"(max-width: 1024px) 100vw, 1024px\" \/><\/figure>\n<\/figure>\n\n\n\n<p>El que s\u00ed que es mant\u00e9 fins el diumenge s\u00f3n les XVII Jornades Gastron\u00f2miques de l\u2019arr\u00f2s bomba i bomb\u00f3 que compten amb la participaci\u00f3 dels restaurants, Rafel, Zorrilla i l\u2019Om, i als bars El Moss, La placeta, Llit i Taula, Tot Cuina, Casino, Bar Daniel, Chacarita i Ca Briones. Tots ells tenen publicats els men\u00fas de cada jornada amb els preus a la graella publicada a les webs municipal i de CREAMA, a fi de que els interessats puguen fer reserva pr\u00e8via.<\/p>\n","protected":false},"excerpt":{"rendered":"La Regidoria de Promoci\u00f3 Econ\u00f2mica-CREAMA mant\u00e9, fins diumenge, les XVII Jornades Gastron\u00f2miques de l\u2019arr\u00f2s bomba i bomb\u00f3 L\u2019organitzaci\u00f3&hellip;","protected":false},"author":4,"featured_media":95628,"comment_status":"closed","ping_status":"open","sticky":false,"template":"","format":"standard","meta":{"csco_display_header_overlay":false,"csco_singular_sidebar":"","csco_page_header_type":"","csco_page_load_nextpost":"","csco_post_video_location":[],"csco_post_video_location_hash":"","csco_post_video_url":"","csco_post_video_bg_start_time":0,"csco_post_video_bg_end_time":0,"footnotes":""},"categories":[607],"tags":[7612,7611,642],"class_list":{"0":"post-95629","1":"post","2":"type-post","3":"status-publish","4":"format-standard","5":"has-post-thumbnail","7":"category-economia-i-empreses","8":"tag-ajornada","9":"tag-fira-comerc","10":"tag-pego-2","11":"cs-entry","12":"cs-video-wrap"},"yoast_head":"<!-- This site is optimized with the Yoast SEO Premium plugin v26.6 (Yoast SEO v27.3) - https:\/\/yoast.com\/product\/yoast-seo-premium-wordpress\/ -->\n<title>La Fira de Comer\u00e7 de Pego 2026 queda ajornada per les previsions de mal oratge - Canfali<\/title>\n<meta name=\"robots\" content=\"index, follow, max-snippet:-1, max-image-preview:large, max-video-preview:-1\" \/>\n<link rel=\"canonical\" href=\"https:\/\/canfali.com\/ca-es\/la-fira-de-comerc-de-pego-2026-queda-ajornada-per-les-previsions-de-mal-oratge\/\" \/>\n<meta property=\"og:locale\" content=\"en_US\" \/>\n<meta property=\"og:type\" content=\"article\" \/>\n<meta property=\"og:title\" content=\"La Fira de Comer\u00e7 de Pego 2026 queda ajornada per les previsions de mal oratge\" \/>\n<meta property=\"og:description\" content=\"La Regidoria de Promoci\u00f3 Econ\u00f2mica-CREAMA mant\u00e9, fins diumenge, les XVII Jornades Gastron\u00f2miques de l\u2019arr\u00f2s bomba i bomb\u00f3 L\u2019organitzaci\u00f3&hellip;\" \/>\n<meta property=\"og:url\" content=\"https:\/\/canfali.com\/ca-es\/la-fira-de-comerc-de-pego-2026-queda-ajornada-per-les-previsions-de-mal-oratge\/\" \/>\n<meta property=\"og:site_name\" content=\"Canfali\" \/>\n<meta property=\"article:publisher\" content=\"https:\/\/es-es.facebook.com\/CANFALIMarinaAlta\" \/>\n<meta property=\"article:published_time\" content=\"2026-04-29T06:45:54+00:00\" \/>\n<meta property=\"article:modified_time\" content=\"2026-04-29T06:58:56+00:00\" \/>\n<meta property=\"og:image\" content=\"https:\/\/canfali.com\/app\/uploads\/2026\/04\/jornadesarros-ajuntamentdelluny.jpg\" \/>\n\t<meta property=\"og:image:width\" content=\"2256\" \/>\n\t<meta property=\"og:image:height\" content=\"1496\" \/>\n\t<meta property=\"og:image:type\" content=\"image\/jpeg\" \/>\n<meta name=\"author\" content=\"JJ Mas\" \/>\n<meta name=\"twitter:card\" content=\"summary_large_image\" \/>\n<meta name=\"twitter:creator\" content=\"@canfalima\" \/>\n<meta name=\"twitter:site\" content=\"@canfalima\" \/>\n<meta name=\"twitter:label1\" content=\"Written by\" \/>\n\t<meta name=\"twitter:data1\" content=\"JJ Mas\" \/>\n\t<meta name=\"twitter:label2\" content=\"Est. reading time\" \/>\n\t<meta name=\"twitter:data2\" content=\"2 minutes\" \/>\n<script type=\"application\/ld+json\" class=\"yoast-schema-graph\">{\"@context\":\"https:\\\/\\\/schema.org\",\"@graph\":[{\"@type\":\"NewsArticle\",\"@id\":\"https:\\\/\\\/canfali.com\\\/ca-es\\\/la-fira-de-comerc-de-pego-2026-queda-ajornada-per-les-previsions-de-mal-oratge\\\/#article\",\"isPartOf\":{\"@id\":\"https:\\\/\\\/canfali.com\\\/ca-es\\\/la-fira-de-comerc-de-pego-2026-queda-ajornada-per-les-previsions-de-mal-oratge\\\/\"},\"author\":{\"name\":\"JJ Mas\",\"@id\":\"https:\\\/\\\/canfali.com\\\/ca-es\\\/#\\\/schema\\\/person\\\/d834d2d4df17cac754d3c314d4c404ef\"},\"headline\":\"La Fira de Comer\u00e7 de Pego 2026 queda ajornada per les previsions de mal oratge\",\"datePublished\":\"2026-04-29T06:45:54+00:00\",\"dateModified\":\"2026-04-29T06:58:56+00:00\",\"mainEntityOfPage\":{\"@id\":\"https:\\\/\\\/canfali.com\\\/ca-es\\\/la-fira-de-comerc-de-pego-2026-queda-ajornada-per-les-previsions-de-mal-oratge\\\/\"},\"wordCount\":283,\"publisher\":{\"@id\":\"https:\\\/\\\/canfali.com\\\/ca-es\\\/#organization\"},\"image\":{\"@id\":\"https:\\\/\\\/canfali.com\\\/ca-es\\\/la-fira-de-comerc-de-pego-2026-queda-ajornada-per-les-previsions-de-mal-oratge\\\/#primaryimage\"},\"thumbnailUrl\":\"https:\\\/\\\/canfali.com\\\/app\\\/uploads\\\/2026\\\/04\\\/jornadesarros-ajuntamentdelluny.jpg\",\"keywords\":[\"ajornada\",\"Fira comer\u00e7\",\"Pego\"],\"articleSection\":[\"Economia i Empreses\"],\"inLanguage\":\"va-ES\",\"copyrightYear\":\"2026\",\"copyrightHolder\":{\"@id\":\"https:\\\/\\\/canfali.com\\\/#organization\"}},{\"@type\":\"WebPage\",\"@id\":\"https:\\\/\\\/canfali.com\\\/ca-es\\\/la-fira-de-comerc-de-pego-2026-queda-ajornada-per-les-previsions-de-mal-oratge\\\/\",\"url\":\"https:\\\/\\\/canfali.com\\\/ca-es\\\/la-fira-de-comerc-de-pego-2026-queda-ajornada-per-les-previsions-de-mal-oratge\\\/\",\"name\":\"La Fira de Comer\u00e7 de Pego 2026 queda ajornada per les previsions de mal oratge - Canfali\",\"isPartOf\":{\"@id\":\"https:\\\/\\\/canfali.com\\\/ca-es\\\/#website\"},\"primaryImageOfPage\":{\"@id\":\"https:\\\/\\\/canfali.com\\\/ca-es\\\/la-fira-de-comerc-de-pego-2026-queda-ajornada-per-les-previsions-de-mal-oratge\\\/#primaryimage\"},\"image\":{\"@id\":\"https:\\\/\\\/canfali.com\\\/ca-es\\\/la-fira-de-comerc-de-pego-2026-queda-ajornada-per-les-previsions-de-mal-oratge\\\/#primaryimage\"},\"thumbnailUrl\":\"https:\\\/\\\/canfali.com\\\/app\\\/uploads\\\/2026\\\/04\\\/jornadesarros-ajuntamentdelluny.jpg\",\"datePublished\":\"2026-04-29T06:45:54+00:00\",\"dateModified\":\"2026-04-29T06:58:56+00:00\",\"breadcrumb\":{\"@id\":\"https:\\\/\\\/canfali.com\\\/ca-es\\\/la-fira-de-comerc-de-pego-2026-queda-ajornada-per-les-previsions-de-mal-oratge\\\/#breadcrumb\"},\"inLanguage\":\"va-ES\",\"potentialAction\":[{\"@type\":\"ReadAction\",\"target\":[\"https:\\\/\\\/canfali.com\\\/ca-es\\\/la-fira-de-comerc-de-pego-2026-queda-ajornada-per-les-previsions-de-mal-oratge\\\/\"]}]},{\"@type\":\"ImageObject\",\"inLanguage\":\"va-ES\",\"@id\":\"https:\\\/\\\/canfali.com\\\/ca-es\\\/la-fira-de-comerc-de-pego-2026-queda-ajornada-per-les-previsions-de-mal-oratge\\\/#primaryimage\",\"url\":\"https:\\\/\\\/canfali.com\\\/app\\\/uploads\\\/2026\\\/04\\\/jornadesarros-ajuntamentdelluny.jpg\",\"contentUrl\":\"https:\\\/\\\/canfali.com\\\/app\\\/uploads\\\/2026\\\/04\\\/jornadesarros-ajuntamentdelluny.jpg\",\"width\":2256,\"height\":1496},{\"@type\":\"BreadcrumbList\",\"@id\":\"https:\\\/\\\/canfali.com\\\/ca-es\\\/la-fira-de-comerc-de-pego-2026-queda-ajornada-per-les-previsions-de-mal-oratge\\\/#breadcrumb\",\"itemListElement\":[{\"@type\":\"ListItem\",\"position\":1,\"name\":\"Portada\",\"item\":\"https:\\\/\\\/canfali.com\\\/ca-es\\\/\"},{\"@type\":\"ListItem\",\"position\":2,\"name\":\"La Fira de Comer\u00e7 de Pego 2026 queda ajornada per les previsions de mal oratge\"}]},{\"@type\":\"WebSite\",\"@id\":\"https:\\\/\\\/canfali.com\\\/ca-es\\\/#website\",\"url\":\"https:\\\/\\\/canfali.com\\\/ca-es\\\/\",\"name\":\"Canfali\",\"description\":\"\",\"publisher\":{\"@id\":\"https:\\\/\\\/canfali.com\\\/ca-es\\\/#organization\"},\"potentialAction\":[{\"@type\":\"SearchAction\",\"target\":{\"@type\":\"EntryPoint\",\"urlTemplate\":\"https:\\\/\\\/canfali.com\\\/ca-es\\\/?s={search_term_string}\"},\"query-input\":{\"@type\":\"PropertyValueSpecification\",\"valueRequired\":true,\"valueName\":\"search_term_string\"}}],\"inLanguage\":\"va-ES\"},{\"@type\":\"Organization\",\"@id\":\"https:\\\/\\\/canfali.com\\\/ca-es\\\/#organization\",\"name\":\"Canfali\",\"url\":\"https:\\\/\\\/canfali.com\\\/ca-es\\\/\",\"logo\":{\"@type\":\"ImageObject\",\"inLanguage\":\"va-ES\",\"@id\":\"https:\\\/\\\/canfali.com\\\/ca-es\\\/#\\\/schema\\\/logo\\\/image\\\/\",\"url\":\"https:\\\/\\\/canfali.com\\\/app\\\/uploads\\\/2025\\\/12\\\/canfali_marina_alta_logo.png\",\"contentUrl\":\"https:\\\/\\\/canfali.com\\\/app\\\/uploads\\\/2025\\\/12\\\/canfali_marina_alta_logo.png\",\"width\":225,\"height\":225,\"caption\":\"Canfali\"},\"image\":{\"@id\":\"https:\\\/\\\/canfali.com\\\/ca-es\\\/#\\\/schema\\\/logo\\\/image\\\/\"},\"sameAs\":[\"https:\\\/\\\/es-es.facebook.com\\\/CANFALIMarinaAlta\",\"https:\\\/\\\/x.com\\\/canfalima\",\"https:\\\/\\\/www.instagram.com\\\/canfalimarinaalta\\\/\"]},{\"@type\":\"Person\",\"@id\":\"https:\\\/\\\/canfali.com\\\/ca-es\\\/#\\\/schema\\\/person\\\/d834d2d4df17cac754d3c314d4c404ef\",\"name\":\"JJ Mas\",\"image\":{\"@type\":\"ImageObject\",\"inLanguage\":\"va-ES\",\"@id\":\"https:\\\/\\\/secure.gravatar.com\\\/avatar\\\/65a5191f5438bf88c2394f6d1a625a6ff903c8785268e603c623a83bc15ba1ee?s=96&d=mm&r=g\",\"url\":\"https:\\\/\\\/secure.gravatar.com\\\/avatar\\\/65a5191f5438bf88c2394f6d1a625a6ff903c8785268e603c623a83bc15ba1ee?s=96&d=mm&r=g\",\"contentUrl\":\"https:\\\/\\\/secure.gravatar.com\\\/avatar\\\/65a5191f5438bf88c2394f6d1a625a6ff903c8785268e603c623a83bc15ba1ee?s=96&d=mm&r=g\",\"caption\":\"JJ Mas\"},\"url\":\"https:\\\/\\\/canfali.com\\\/ca-es\\\/author\\\/jj\\\/\"}]}<\/script>\n<!-- \/ Yoast SEO Premium plugin. -->","yoast_head_json":{"title":"La Fira de Comer\u00e7 de Pego 2026 queda ajornada per les previsions de mal oratge - Canfali","robots":{"index":"index","follow":"follow","max-snippet":"max-snippet:-1","max-image-preview":"max-image-preview:large","max-video-preview":"max-video-preview:-1"},"canonical":"https:\/\/canfali.com\/ca-es\/la-fira-de-comerc-de-pego-2026-queda-ajornada-per-les-previsions-de-mal-oratge\/","og_locale":"en_US","og_type":"article","og_title":"La Fira de Comer\u00e7 de Pego 2026 queda ajornada per les previsions de mal oratge","og_description":"La Regidoria de Promoci\u00f3 Econ\u00f2mica-CREAMA mant\u00e9, fins diumenge, les XVII Jornades Gastron\u00f2miques de l\u2019arr\u00f2s bomba i bomb\u00f3 L\u2019organitzaci\u00f3&hellip;","og_url":"https:\/\/canfali.com\/ca-es\/la-fira-de-comerc-de-pego-2026-queda-ajornada-per-les-previsions-de-mal-oratge\/","og_site_name":"Canfali","article_publisher":"https:\/\/es-es.facebook.com\/CANFALIMarinaAlta","article_published_time":"2026-04-29T06:45:54+00:00","article_modified_time":"2026-04-29T06:58:56+00:00","og_image":[{"width":2256,"height":1496,"url":"https:\/\/canfali.com\/app\/uploads\/2026\/04\/jornadesarros-ajuntamentdelluny.jpg","type":"image\/jpeg"}],"author":"JJ Mas","twitter_card":"summary_large_image","twitter_creator":"@canfalima","twitter_site":"@canfalima","twitter_misc":{"Written by":"JJ Mas","Est. reading time":"2 minutes"},"schema":{"@context":"https:\/\/schema.org","@graph":[{"@type":"NewsArticle","@id":"https:\/\/canfali.com\/ca-es\/la-fira-de-comerc-de-pego-2026-queda-ajornada-per-les-previsions-de-mal-oratge\/#article","isPartOf":{"@id":"https:\/\/canfali.com\/ca-es\/la-fira-de-comerc-de-pego-2026-queda-ajornada-per-les-previsions-de-mal-oratge\/"},"author":{"name":"JJ Mas","@id":"https:\/\/canfali.com\/ca-es\/#\/schema\/person\/d834d2d4df17cac754d3c314d4c404ef"},"headline":"La Fira de Comer\u00e7 de Pego 2026 queda ajornada per les previsions de mal oratge","datePublished":"2026-04-29T06:45:54+00:00","dateModified":"2026-04-29T06:58:56+00:00","mainEntityOfPage":{"@id":"https:\/\/canfali.com\/ca-es\/la-fira-de-comerc-de-pego-2026-queda-ajornada-per-les-previsions-de-mal-oratge\/"},"wordCount":283,"publisher":{"@id":"https:\/\/canfali.com\/ca-es\/#organization"},"image":{"@id":"https:\/\/canfali.com\/ca-es\/la-fira-de-comerc-de-pego-2026-queda-ajornada-per-les-previsions-de-mal-oratge\/#primaryimage"},"thumbnailUrl":"https:\/\/canfali.com\/app\/uploads\/2026\/04\/jornadesarros-ajuntamentdelluny.jpg","keywords":["ajornada","Fira comer\u00e7","Pego"],"articleSection":["Economia i Empreses"],"inLanguage":"va-ES","copyrightYear":"2026","copyrightHolder":{"@id":"https:\/\/canfali.com\/#organization"}},{"@type":"WebPage","@id":"https:\/\/canfali.com\/ca-es\/la-fira-de-comerc-de-pego-2026-queda-ajornada-per-les-previsions-de-mal-oratge\/","url":"https:\/\/canfali.com\/ca-es\/la-fira-de-comerc-de-pego-2026-queda-ajornada-per-les-previsions-de-mal-oratge\/","name":"La Fira de Comer\u00e7 de Pego 2026 queda ajornada per les previsions de mal oratge - Canfali","isPartOf":{"@id":"https:\/\/canfali.com\/ca-es\/#website"},"primaryImageOfPage":{"@id":"https:\/\/canfali.com\/ca-es\/la-fira-de-comerc-de-pego-2026-queda-ajornada-per-les-previsions-de-mal-oratge\/#primaryimage"},"image":{"@id":"https:\/\/canfali.com\/ca-es\/la-fira-de-comerc-de-pego-2026-queda-ajornada-per-les-previsions-de-mal-oratge\/#primaryimage"},"thumbnailUrl":"https:\/\/canfali.com\/app\/uploads\/2026\/04\/jornadesarros-ajuntamentdelluny.jpg","datePublished":"2026-04-29T06:45:54+00:00","dateModified":"2026-04-29T06:58:56+00:00","breadcrumb":{"@id":"https:\/\/canfali.com\/ca-es\/la-fira-de-comerc-de-pego-2026-queda-ajornada-per-les-previsions-de-mal-oratge\/#breadcrumb"},"inLanguage":"va-ES","potentialAction":[{"@type":"ReadAction","target":["https:\/\/canfali.com\/ca-es\/la-fira-de-comerc-de-pego-2026-queda-ajornada-per-les-previsions-de-mal-oratge\/"]}]},{"@type":"ImageObject","inLanguage":"va-ES","@id":"https:\/\/canfali.com\/ca-es\/la-fira-de-comerc-de-pego-2026-queda-ajornada-per-les-previsions-de-mal-oratge\/#primaryimage","url":"https:\/\/canfali.com\/app\/uploads\/2026\/04\/jornadesarros-ajuntamentdelluny.jpg","contentUrl":"https:\/\/canfali.com\/app\/uploads\/2026\/04\/jornadesarros-ajuntamentdelluny.jpg","width":2256,"height":1496},{"@type":"BreadcrumbList","@id":"https:\/\/canfali.com\/ca-es\/la-fira-de-comerc-de-pego-2026-queda-ajornada-per-les-previsions-de-mal-oratge\/#breadcrumb","itemListElement":[{"@type":"ListItem","position":1,"name":"Portada","item":"https:\/\/canfali.com\/ca-es\/"},{"@type":"ListItem","position":2,"name":"La Fira de Comer\u00e7 de Pego 2026 queda ajornada per les previsions de mal oratge"}]},{"@type":"WebSite","@id":"https:\/\/canfali.com\/ca-es\/#website","url":"https:\/\/canfali.com\/ca-es\/","name":"Canfali","description":"","publisher":{"@id":"https:\/\/canfali.com\/ca-es\/#organization"},"potentialAction":[{"@type":"SearchAction","target":{"@type":"EntryPoint","urlTemplate":"https:\/\/canfali.com\/ca-es\/?s={search_term_string}"},"query-input":{"@type":"PropertyValueSpecification","valueRequired":true,"valueName":"search_term_string"}}],"inLanguage":"va-ES"},{"@type":"Organization","@id":"https:\/\/canfali.com\/ca-es\/#organization","name":"Canfali","url":"https:\/\/canfali.com\/ca-es\/","logo":{"@type":"ImageObject","inLanguage":"va-ES","@id":"https:\/\/canfali.com\/ca-es\/#\/schema\/logo\/image\/","url":"https:\/\/canfali.com\/app\/uploads\/2025\/12\/canfali_marina_alta_logo.png","contentUrl":"https:\/\/canfali.com\/app\/uploads\/2025\/12\/canfali_marina_alta_logo.png","width":225,"height":225,"caption":"Canfali"},"image":{"@id":"https:\/\/canfali.com\/ca-es\/#\/schema\/logo\/image\/"},"sameAs":["https:\/\/es-es.facebook.com\/CANFALIMarinaAlta","https:\/\/x.com\/canfalima","https:\/\/www.instagram.com\/canfalimarinaalta\/"]},{"@type":"Person","@id":"https:\/\/canfali.com\/ca-es\/#\/schema\/person\/d834d2d4df17cac754d3c314d4c404ef","name":"JJ Mas","image":{"@type":"ImageObject","inLanguage":"va-ES","@id":"https:\/\/secure.gravatar.com\/avatar\/65a5191f5438bf88c2394f6d1a625a6ff903c8785268e603c623a83bc15ba1ee?s=96&d=mm&r=g","url":"https:\/\/secure.gravatar.com\/avatar\/65a5191f5438bf88c2394f6d1a625a6ff903c8785268e603c623a83bc15ba1ee?s=96&d=mm&r=g","contentUrl":"https:\/\/secure.gravatar.com\/avatar\/65a5191f5438bf88c2394f6d1a625a6ff903c8785268e603c623a83bc15ba1ee?s=96&d=mm&r=g","caption":"JJ Mas"},"url":"https:\/\/canfali.com\/ca-es\/author\/jj\/"}]}},"_links":{"self":[{"href":"https:\/\/canfali.com\/ca-es\/wp-json\/wp\/v2\/posts\/95629","targetHints":{"allow":["GET"]}}],"collection":[{"href":"https:\/\/canfali.com\/ca-es\/wp-json\/wp\/v2\/posts"}],"about":[{"href":"https:\/\/canfali.com\/ca-es\/wp-json\/wp\/v2\/types\/post"}],"author":[{"embeddable":true,"href":"https:\/\/canfali.com\/ca-es\/wp-json\/wp\/v2\/users\/4"}],"replies":[{"embeddable":true,"href":"https:\/\/canfali.com\/ca-es\/wp-json\/wp\/v2\/comments?post=95629"}],"version-history":[{"count":2,"href":"https:\/\/canfali.com\/ca-es\/wp-json\/wp\/v2\/posts\/95629\/revisions"}],"predecessor-version":[{"id":95634,"href":"https:\/\/canfali.com\/ca-es\/wp-json\/wp\/v2\/posts\/95629\/revisions\/95634"}],"wp:featuredmedia":[{"embeddable":true,"href":"https:\/\/canfali.com\/ca-es\/wp-json\/wp\/v2\/media\/95628"}],"wp:attachment":[{"href":"https:\/\/canfali.com\/ca-es\/wp-json\/wp\/v2\/media?parent=95629"}],"wp:term":[{"taxonomy":"category","embeddable":true,"href":"https:\/\/canfali.com\/ca-es\/wp-json\/wp\/v2\/categories?post=95629"},{"taxonomy":"post_tag","embeddable":true,"href":"https:\/\/canfali.com\/ca-es\/wp-json\/wp\/v2\/tags?post=95629"}],"curies":[{"name":"wp","href":"https:\/\/api.w.org\/{rel}","templated":true}]}}