{"id":95624,"date":"2026-04-29T08:37:37","date_gmt":"2026-04-29T06:37:37","guid":{"rendered":"https:\/\/canfali.com\/benidorm-tanca-2025-amb-433-milions-destalvi\/"},"modified":"2026-04-29T08:39:41","modified_gmt":"2026-04-29T06:39:41","slug":"benidorm-tanca-2025-amb-433-milions-destalvi","status":"publish","type":"post","link":"https:\/\/canfali.com\/ca-es\/benidorm-tanca-2025-amb-433-milions-destalvi\/","title":{"rendered":"Benidorm tanca 2025 amb 43,3 milions d\u2019estalvi"},"content":{"rendered":"\n<p><p class=\"p1\"><strong>L\u2019Ajuntament liquida el pressupost amb un romanent total de 78 milions i defensa la bona salut dels seus comptes malgrat l\u2019impacte de la sent\u00e8ncia judicial de Serra Gelada<\/strong><\/p><\/p>\n\n<p>L\u2019Ajuntament de Benidorm ha tancat l\u2019exercici pressupostari de 2025 amb un romanent de tresoreria per a despeses generals de 43,3 milions d\u2019euros, procedent de l\u2019estalvi generat durant l\u2019any. A esta xifra se sumen altres 8,18 milions en saldos de dubt\u00f3s cobrament i 26,48 milions corresponents a finan\u00e7ament afectat per a obres i inversions en marxa, la qual cosa eleva el romanent total fins als 78 milions d\u2019euros.&#13;\n<\/p>\n\n<p>L\u2019alcalde, Toni P\u00e9rez, ha donat a con\u00e9ixer estes dades en roda de premsa, on ha assegurat que els comptes municipals \u201cestan sanejats\u201d i complixen tots els par\u00e0metres legals. A m\u00e9s, ha subratllat que el consistori mant\u00e9 capacitat per a atendre noves despeses \u201csense necessitat de pujar impostos ni taxes\u201d.&#13;\n<\/p>\n\n<p>Entre les inversions en execuci\u00f3 vinculades al finan\u00e7ament afectat figuren actuacions com la rotonda de la N-332 o el Vial Discoteques.&#13;\n<\/p>\n\n<p>Paral\u00b7lelament, l\u2019alcalde ha avan\u00e7at que el pressupost municipal de 2026 s\u2019aprovar\u00e0 en breu i ser\u00e0 \u201cequilibrat\u201d, ajustat a la normativa i similar a l\u2019esborrany presentat al desembre.&#13;\n<\/p>\n\n<p>Aix\u00ed mateix, el govern local preveu llan\u00e7ar una nova edici\u00f3 del bo consum #BenidormTeDaM\u00e9s entre el 15 i el 31 de desembre de 2026. P\u00e9rez ha defensat esta iniciativa pel seu doble impacte: alleujar l\u2019economia de les fam\u00edlies i dinamitzar el comer\u00e7 local.&#13;\n<\/p>\n\n<p>Impacte de la sent\u00e8ncia i pla econ\u00f2mic<\/p>\n\n<p>La liquidaci\u00f3 del pressupost de 2025 ha estat marcada per la comptabilitzaci\u00f3 d\u2019una sent\u00e8ncia judicial relacionada amb l\u2019APR7 de Serra Gelada, per un import de 348,6 milions d\u2019euros. Este fet ha provocat l\u2019incompliment puntual de l\u2019estabilitat pressupost\u00e0ria i de la regla de despesa.&#13;\n<\/p>\n\n<p>No obstant aix\u00f2, segons un informe d\u2019Intervenci\u00f3, es tracta d\u2019una situaci\u00f3 \u201cextraordin\u00e0ria i conjuntural\u201d, per la qual cosa l\u2019Ajuntament haur\u00e0 d\u2019elaborar un pla economicofinancer de car\u00e0cter formal que no implicar\u00e0 mesures restrictives.&#13;\n<\/p>\n\n<p>El consistori preveu que esta quantia es redu\u00efsca progressivament conforme s\u2019execute l\u2019acord extrajudicial aconseguit amb la part demandant al mar\u00e7 de 2026.&#13;\n<\/p>\n\n<p>Resposta a l\u2019oposici\u00f3<\/p>\n\n<p>Durant la seua compareixen\u00e7a, l\u2019alcalde tamb\u00e9 ha respost a les cr\u00edtiques del grup socialista sobre l\u2019adjudicaci\u00f3 de contractes menors. P\u00e9rez ha rebutjat les acusacions i ha defensat la \u201ctranspar\u00e8ncia i legalitat\u201d en la gesti\u00f3 municipal des de 2015.&#13;\n<\/p>\n\n<p>En este sentit, ha assegurat que tots els contractes han sigut fiscalitzats i ha acusat l\u2019oposici\u00f3 d\u2019\u201cenganyar la ciutadania\u201d. Aix\u00ed mateix, ha reivindicat la gesti\u00f3 del seu equip en mat\u00e8ria de control de la despesa p\u00fablica.&#13;\n<\/p>\n","protected":false},"excerpt":{"rendered":"L\u2019Ajuntament liquida el pressupost amb un romanent total de 78 milions i defensa la bona salut dels seus&hellip;","protected":false},"author":8,"featured_media":95622,"comment_status":"closed","ping_status":"open","sticky":false,"template":"","format":"standard","meta":{"csco_display_header_overlay":false,"csco_singular_sidebar":"","csco_page_header_type":"","csco_page_load_nextpost":"","csco_post_video_location":[],"csco_post_video_location_hash":"","csco_post_video_url":"","csco_post_video_bg_start_time":0,"csco_post_video_bg_end_time":0,"footnotes":""},"categories":[7155],"tags":[],"class_list":{"0":"post-95624","1":"post","2":"type-post","3":"status-publish","4":"format-standard","5":"has-post-thumbnail","7":"category-marina-baixa","8":"cs-entry","9":"cs-video-wrap"},"yoast_head":"<!-- This site is optimized with the Yoast SEO Premium plugin v26.6 (Yoast SEO v27.3) - https:\/\/yoast.com\/product\/yoast-seo-premium-wordpress\/ -->\n<title>Benidorm tanca 2025 amb 43,3 milions d\u2019estalvi - Canfali<\/title>\n<meta name=\"description\" content=\"L\u2019alcalde, Toni P\u00e9rez ha assegurat que els comptes municipals \u201cestan sanejats\u201d i complixen tots els par\u00e0metres legals\" \/>\n<meta name=\"robots\" content=\"index, follow, max-snippet:-1, max-image-preview:large, max-video-preview:-1\" \/>\n<link rel=\"canonical\" href=\"https:\/\/canfali.com\/ca-es\/benidorm-tanca-2025-amb-433-milions-destalvi\/\" \/>\n<meta property=\"og:locale\" content=\"en_US\" \/>\n<meta property=\"og:type\" content=\"article\" \/>\n<meta property=\"og:title\" content=\"Benidorm tanca 2025 amb 43,3 milions d\u2019estalvi\" \/>\n<meta property=\"og:description\" content=\"L\u2019alcalde, Toni P\u00e9rez ha assegurat que els comptes municipals \u201cestan sanejats\u201d i complixen tots els par\u00e0metres legals\" \/>\n<meta property=\"og:url\" content=\"https:\/\/canfali.com\/ca-es\/benidorm-tanca-2025-amb-433-milions-destalvi\/\" \/>\n<meta property=\"og:site_name\" content=\"Canfali\" \/>\n<meta property=\"article:publisher\" content=\"https:\/\/es-es.facebook.com\/CANFALIMarinaAlta\" \/>\n<meta property=\"article:published_time\" content=\"2026-04-29T06:37:37+00:00\" \/>\n<meta property=\"article:modified_time\" content=\"2026-04-29T06:39:41+00:00\" \/>\n<meta property=\"og:image\" content=\"https:\/\/canfali.com\/app\/uploads\/2026\/04\/Captura-de-pantalla-2026-04-29-a-las-8.36.25.png\" \/>\n\t<meta property=\"og:image:width\" content=\"764\" \/>\n\t<meta property=\"og:image:height\" content=\"429\" \/>\n\t<meta property=\"og:image:type\" content=\"image\/png\" \/>\n<meta name=\"author\" content=\"Lluis\" \/>\n<meta name=\"twitter:card\" content=\"summary_large_image\" \/>\n<meta name=\"twitter:creator\" content=\"@canfalima\" \/>\n<meta name=\"twitter:site\" content=\"@canfalima\" \/>\n<meta name=\"twitter:label1\" content=\"Written by\" \/>\n\t<meta name=\"twitter:data1\" content=\"Lluis\" \/>\n\t<meta name=\"twitter:label2\" content=\"Est. reading time\" \/>\n\t<meta name=\"twitter:data2\" content=\"2 minutes\" \/>\n<script type=\"application\/ld+json\" class=\"yoast-schema-graph\">{\"@context\":\"https:\\\/\\\/schema.org\",\"@graph\":[{\"@type\":\"NewsArticle\",\"@id\":\"https:\\\/\\\/canfali.com\\\/ca-es\\\/benidorm-tanca-2025-amb-433-milions-destalvi\\\/#article\",\"isPartOf\":{\"@id\":\"https:\\\/\\\/canfali.com\\\/ca-es\\\/benidorm-tanca-2025-amb-433-milions-destalvi\\\/\"},\"author\":{\"name\":\"Lluis\",\"@id\":\"https:\\\/\\\/canfali.com\\\/ca-es\\\/#\\\/schema\\\/person\\\/f540a86fb33e10daaae53c59ceaa1194\"},\"headline\":\"Benidorm tanca 2025 amb 43,3 milions d\u2019estalvi\",\"datePublished\":\"2026-04-29T06:37:37+00:00\",\"dateModified\":\"2026-04-29T06:39:41+00:00\",\"mainEntityOfPage\":{\"@id\":\"https:\\\/\\\/canfali.com\\\/ca-es\\\/benidorm-tanca-2025-amb-433-milions-destalvi\\\/\"},\"wordCount\":464,\"publisher\":{\"@id\":\"https:\\\/\\\/canfali.com\\\/ca-es\\\/#organization\"},\"image\":{\"@id\":\"https:\\\/\\\/canfali.com\\\/ca-es\\\/benidorm-tanca-2025-amb-433-milions-destalvi\\\/#primaryimage\"},\"thumbnailUrl\":\"https:\\\/\\\/canfali.com\\\/app\\\/uploads\\\/2026\\\/04\\\/Captura-de-pantalla-2026-04-29-a-las-8.36.25.png\",\"articleSection\":[\"Marina Baixa\"],\"inLanguage\":\"va-ES\",\"copyrightYear\":\"2026\",\"copyrightHolder\":{\"@id\":\"https:\\\/\\\/canfali.com\\\/#organization\"}},{\"@type\":\"WebPage\",\"@id\":\"https:\\\/\\\/canfali.com\\\/ca-es\\\/benidorm-tanca-2025-amb-433-milions-destalvi\\\/\",\"url\":\"https:\\\/\\\/canfali.com\\\/ca-es\\\/benidorm-tanca-2025-amb-433-milions-destalvi\\\/\",\"name\":\"Benidorm tanca 2025 amb 43,3 milions d\u2019estalvi - Canfali\",\"isPartOf\":{\"@id\":\"https:\\\/\\\/canfali.com\\\/ca-es\\\/#website\"},\"primaryImageOfPage\":{\"@id\":\"https:\\\/\\\/canfali.com\\\/ca-es\\\/benidorm-tanca-2025-amb-433-milions-destalvi\\\/#primaryimage\"},\"image\":{\"@id\":\"https:\\\/\\\/canfali.com\\\/ca-es\\\/benidorm-tanca-2025-amb-433-milions-destalvi\\\/#primaryimage\"},\"thumbnailUrl\":\"https:\\\/\\\/canfali.com\\\/app\\\/uploads\\\/2026\\\/04\\\/Captura-de-pantalla-2026-04-29-a-las-8.36.25.png\",\"datePublished\":\"2026-04-29T06:37:37+00:00\",\"dateModified\":\"2026-04-29T06:39:41+00:00\",\"description\":\"L\u2019alcalde, Toni P\u00e9rez ha assegurat que els comptes municipals \u201cestan sanejats\u201d i complixen tots els par\u00e0metres legals\",\"breadcrumb\":{\"@id\":\"https:\\\/\\\/canfali.com\\\/ca-es\\\/benidorm-tanca-2025-amb-433-milions-destalvi\\\/#breadcrumb\"},\"inLanguage\":\"va-ES\",\"potentialAction\":[{\"@type\":\"ReadAction\",\"target\":[\"https:\\\/\\\/canfali.com\\\/ca-es\\\/benidorm-tanca-2025-amb-433-milions-destalvi\\\/\"]}]},{\"@type\":\"ImageObject\",\"inLanguage\":\"va-ES\",\"@id\":\"https:\\\/\\\/canfali.com\\\/ca-es\\\/benidorm-tanca-2025-amb-433-milions-destalvi\\\/#primaryimage\",\"url\":\"https:\\\/\\\/canfali.com\\\/app\\\/uploads\\\/2026\\\/04\\\/Captura-de-pantalla-2026-04-29-a-las-8.36.25.png\",\"contentUrl\":\"https:\\\/\\\/canfali.com\\\/app\\\/uploads\\\/2026\\\/04\\\/Captura-de-pantalla-2026-04-29-a-las-8.36.25.png\",\"width\":764,\"height\":429},{\"@type\":\"BreadcrumbList\",\"@id\":\"https:\\\/\\\/canfali.com\\\/ca-es\\\/benidorm-tanca-2025-amb-433-milions-destalvi\\\/#breadcrumb\",\"itemListElement\":[{\"@type\":\"ListItem\",\"position\":1,\"name\":\"Portada\",\"item\":\"https:\\\/\\\/canfali.com\\\/ca-es\\\/\"},{\"@type\":\"ListItem\",\"position\":2,\"name\":\"Benidorm tanca 2025 amb 43,3 milions d\u2019estalvi\"}]},{\"@type\":\"WebSite\",\"@id\":\"https:\\\/\\\/canfali.com\\\/ca-es\\\/#website\",\"url\":\"https:\\\/\\\/canfali.com\\\/ca-es\\\/\",\"name\":\"Canfali\",\"description\":\"\",\"publisher\":{\"@id\":\"https:\\\/\\\/canfali.com\\\/ca-es\\\/#organization\"},\"potentialAction\":[{\"@type\":\"SearchAction\",\"target\":{\"@type\":\"EntryPoint\",\"urlTemplate\":\"https:\\\/\\\/canfali.com\\\/ca-es\\\/?s={search_term_string}\"},\"query-input\":{\"@type\":\"PropertyValueSpecification\",\"valueRequired\":true,\"valueName\":\"search_term_string\"}}],\"inLanguage\":\"va-ES\"},{\"@type\":\"Organization\",\"@id\":\"https:\\\/\\\/canfali.com\\\/ca-es\\\/#organization\",\"name\":\"Canfali\",\"url\":\"https:\\\/\\\/canfali.com\\\/ca-es\\\/\",\"logo\":{\"@type\":\"ImageObject\",\"inLanguage\":\"va-ES\",\"@id\":\"https:\\\/\\\/canfali.com\\\/ca-es\\\/#\\\/schema\\\/logo\\\/image\\\/\",\"url\":\"https:\\\/\\\/canfali.com\\\/app\\\/uploads\\\/2025\\\/12\\\/canfali_marina_alta_logo.png\",\"contentUrl\":\"https:\\\/\\\/canfali.com\\\/app\\\/uploads\\\/2025\\\/12\\\/canfali_marina_alta_logo.png\",\"width\":225,\"height\":225,\"caption\":\"Canfali\"},\"image\":{\"@id\":\"https:\\\/\\\/canfali.com\\\/ca-es\\\/#\\\/schema\\\/logo\\\/image\\\/\"},\"sameAs\":[\"https:\\\/\\\/es-es.facebook.com\\\/CANFALIMarinaAlta\",\"https:\\\/\\\/x.com\\\/canfalima\",\"https:\\\/\\\/www.instagram.com\\\/canfalimarinaalta\\\/\"]},{\"@type\":\"Person\",\"@id\":\"https:\\\/\\\/canfali.com\\\/ca-es\\\/#\\\/schema\\\/person\\\/f540a86fb33e10daaae53c59ceaa1194\",\"name\":\"Lluis\",\"image\":{\"@type\":\"ImageObject\",\"inLanguage\":\"va-ES\",\"@id\":\"https:\\\/\\\/secure.gravatar.com\\\/avatar\\\/a21ec8835290e4e02ed0886b8cb327d807d0eb6ec8ccf25d4c2a0a415f506c0d?s=96&d=mm&r=g\",\"url\":\"https:\\\/\\\/secure.gravatar.com\\\/avatar\\\/a21ec8835290e4e02ed0886b8cb327d807d0eb6ec8ccf25d4c2a0a415f506c0d?s=96&d=mm&r=g\",\"contentUrl\":\"https:\\\/\\\/secure.gravatar.com\\\/avatar\\\/a21ec8835290e4e02ed0886b8cb327d807d0eb6ec8ccf25d4c2a0a415f506c0d?s=96&d=mm&r=g\",\"caption\":\"Lluis\"},\"url\":\"https:\\\/\\\/canfali.com\\\/ca-es\\\/author\\\/lluis\\\/\"}]}<\/script>\n<!-- \/ Yoast SEO Premium plugin. -->","yoast_head_json":{"title":"Benidorm tanca 2025 amb 43,3 milions d\u2019estalvi - Canfali","description":"L\u2019alcalde, Toni P\u00e9rez ha assegurat que els comptes municipals \u201cestan sanejats\u201d i complixen tots els par\u00e0metres legals","robots":{"index":"index","follow":"follow","max-snippet":"max-snippet:-1","max-image-preview":"max-image-preview:large","max-video-preview":"max-video-preview:-1"},"canonical":"https:\/\/canfali.com\/ca-es\/benidorm-tanca-2025-amb-433-milions-destalvi\/","og_locale":"en_US","og_type":"article","og_title":"Benidorm tanca 2025 amb 43,3 milions d\u2019estalvi","og_description":"L\u2019alcalde, Toni P\u00e9rez ha assegurat que els comptes municipals \u201cestan sanejats\u201d i complixen tots els par\u00e0metres legals","og_url":"https:\/\/canfali.com\/ca-es\/benidorm-tanca-2025-amb-433-milions-destalvi\/","og_site_name":"Canfali","article_publisher":"https:\/\/es-es.facebook.com\/CANFALIMarinaAlta","article_published_time":"2026-04-29T06:37:37+00:00","article_modified_time":"2026-04-29T06:39:41+00:00","og_image":[{"width":764,"height":429,"url":"https:\/\/canfali.com\/app\/uploads\/2026\/04\/Captura-de-pantalla-2026-04-29-a-las-8.36.25.png","type":"image\/png"}],"author":"Lluis","twitter_card":"summary_large_image","twitter_creator":"@canfalima","twitter_site":"@canfalima","twitter_misc":{"Written by":"Lluis","Est. reading time":"2 minutes"},"schema":{"@context":"https:\/\/schema.org","@graph":[{"@type":"NewsArticle","@id":"https:\/\/canfali.com\/ca-es\/benidorm-tanca-2025-amb-433-milions-destalvi\/#article","isPartOf":{"@id":"https:\/\/canfali.com\/ca-es\/benidorm-tanca-2025-amb-433-milions-destalvi\/"},"author":{"name":"Lluis","@id":"https:\/\/canfali.com\/ca-es\/#\/schema\/person\/f540a86fb33e10daaae53c59ceaa1194"},"headline":"Benidorm tanca 2025 amb 43,3 milions d\u2019estalvi","datePublished":"2026-04-29T06:37:37+00:00","dateModified":"2026-04-29T06:39:41+00:00","mainEntityOfPage":{"@id":"https:\/\/canfali.com\/ca-es\/benidorm-tanca-2025-amb-433-milions-destalvi\/"},"wordCount":464,"publisher":{"@id":"https:\/\/canfali.com\/ca-es\/#organization"},"image":{"@id":"https:\/\/canfali.com\/ca-es\/benidorm-tanca-2025-amb-433-milions-destalvi\/#primaryimage"},"thumbnailUrl":"https:\/\/canfali.com\/app\/uploads\/2026\/04\/Captura-de-pantalla-2026-04-29-a-las-8.36.25.png","articleSection":["Marina Baixa"],"inLanguage":"va-ES","copyrightYear":"2026","copyrightHolder":{"@id":"https:\/\/canfali.com\/#organization"}},{"@type":"WebPage","@id":"https:\/\/canfali.com\/ca-es\/benidorm-tanca-2025-amb-433-milions-destalvi\/","url":"https:\/\/canfali.com\/ca-es\/benidorm-tanca-2025-amb-433-milions-destalvi\/","name":"Benidorm tanca 2025 amb 43,3 milions d\u2019estalvi - Canfali","isPartOf":{"@id":"https:\/\/canfali.com\/ca-es\/#website"},"primaryImageOfPage":{"@id":"https:\/\/canfali.com\/ca-es\/benidorm-tanca-2025-amb-433-milions-destalvi\/#primaryimage"},"image":{"@id":"https:\/\/canfali.com\/ca-es\/benidorm-tanca-2025-amb-433-milions-destalvi\/#primaryimage"},"thumbnailUrl":"https:\/\/canfali.com\/app\/uploads\/2026\/04\/Captura-de-pantalla-2026-04-29-a-las-8.36.25.png","datePublished":"2026-04-29T06:37:37+00:00","dateModified":"2026-04-29T06:39:41+00:00","description":"L\u2019alcalde, Toni P\u00e9rez ha assegurat que els comptes municipals \u201cestan sanejats\u201d i complixen tots els par\u00e0metres legals","breadcrumb":{"@id":"https:\/\/canfali.com\/ca-es\/benidorm-tanca-2025-amb-433-milions-destalvi\/#breadcrumb"},"inLanguage":"va-ES","potentialAction":[{"@type":"ReadAction","target":["https:\/\/canfali.com\/ca-es\/benidorm-tanca-2025-amb-433-milions-destalvi\/"]}]},{"@type":"ImageObject","inLanguage":"va-ES","@id":"https:\/\/canfali.com\/ca-es\/benidorm-tanca-2025-amb-433-milions-destalvi\/#primaryimage","url":"https:\/\/canfali.com\/app\/uploads\/2026\/04\/Captura-de-pantalla-2026-04-29-a-las-8.36.25.png","contentUrl":"https:\/\/canfali.com\/app\/uploads\/2026\/04\/Captura-de-pantalla-2026-04-29-a-las-8.36.25.png","width":764,"height":429},{"@type":"BreadcrumbList","@id":"https:\/\/canfali.com\/ca-es\/benidorm-tanca-2025-amb-433-milions-destalvi\/#breadcrumb","itemListElement":[{"@type":"ListItem","position":1,"name":"Portada","item":"https:\/\/canfali.com\/ca-es\/"},{"@type":"ListItem","position":2,"name":"Benidorm tanca 2025 amb 43,3 milions d\u2019estalvi"}]},{"@type":"WebSite","@id":"https:\/\/canfali.com\/ca-es\/#website","url":"https:\/\/canfali.com\/ca-es\/","name":"Canfali","description":"","publisher":{"@id":"https:\/\/canfali.com\/ca-es\/#organization"},"potentialAction":[{"@type":"SearchAction","target":{"@type":"EntryPoint","urlTemplate":"https:\/\/canfali.com\/ca-es\/?s={search_term_string}"},"query-input":{"@type":"PropertyValueSpecification","valueRequired":true,"valueName":"search_term_string"}}],"inLanguage":"va-ES"},{"@type":"Organization","@id":"https:\/\/canfali.com\/ca-es\/#organization","name":"Canfali","url":"https:\/\/canfali.com\/ca-es\/","logo":{"@type":"ImageObject","inLanguage":"va-ES","@id":"https:\/\/canfali.com\/ca-es\/#\/schema\/logo\/image\/","url":"https:\/\/canfali.com\/app\/uploads\/2025\/12\/canfali_marina_alta_logo.png","contentUrl":"https:\/\/canfali.com\/app\/uploads\/2025\/12\/canfali_marina_alta_logo.png","width":225,"height":225,"caption":"Canfali"},"image":{"@id":"https:\/\/canfali.com\/ca-es\/#\/schema\/logo\/image\/"},"sameAs":["https:\/\/es-es.facebook.com\/CANFALIMarinaAlta","https:\/\/x.com\/canfalima","https:\/\/www.instagram.com\/canfalimarinaalta\/"]},{"@type":"Person","@id":"https:\/\/canfali.com\/ca-es\/#\/schema\/person\/f540a86fb33e10daaae53c59ceaa1194","name":"Lluis","image":{"@type":"ImageObject","inLanguage":"va-ES","@id":"https:\/\/secure.gravatar.com\/avatar\/a21ec8835290e4e02ed0886b8cb327d807d0eb6ec8ccf25d4c2a0a415f506c0d?s=96&d=mm&r=g","url":"https:\/\/secure.gravatar.com\/avatar\/a21ec8835290e4e02ed0886b8cb327d807d0eb6ec8ccf25d4c2a0a415f506c0d?s=96&d=mm&r=g","contentUrl":"https:\/\/secure.gravatar.com\/avatar\/a21ec8835290e4e02ed0886b8cb327d807d0eb6ec8ccf25d4c2a0a415f506c0d?s=96&d=mm&r=g","caption":"Lluis"},"url":"https:\/\/canfali.com\/ca-es\/author\/lluis\/"}]}},"_links":{"self":[{"href":"https:\/\/canfali.com\/ca-es\/wp-json\/wp\/v2\/posts\/95624","targetHints":{"allow":["GET"]}}],"collection":[{"href":"https:\/\/canfali.com\/ca-es\/wp-json\/wp\/v2\/posts"}],"about":[{"href":"https:\/\/canfali.com\/ca-es\/wp-json\/wp\/v2\/types\/post"}],"author":[{"embeddable":true,"href":"https:\/\/canfali.com\/ca-es\/wp-json\/wp\/v2\/users\/8"}],"replies":[{"embeddable":true,"href":"https:\/\/canfali.com\/ca-es\/wp-json\/wp\/v2\/comments?post=95624"}],"version-history":[{"count":1,"href":"https:\/\/canfali.com\/ca-es\/wp-json\/wp\/v2\/posts\/95624\/revisions"}],"predecessor-version":[{"id":95625,"href":"https:\/\/canfali.com\/ca-es\/wp-json\/wp\/v2\/posts\/95624\/revisions\/95625"}],"wp:featuredmedia":[{"embeddable":true,"href":"https:\/\/canfali.com\/ca-es\/wp-json\/wp\/v2\/media\/95622"}],"wp:attachment":[{"href":"https:\/\/canfali.com\/ca-es\/wp-json\/wp\/v2\/media?parent=95624"}],"wp:term":[{"taxonomy":"category","embeddable":true,"href":"https:\/\/canfali.com\/ca-es\/wp-json\/wp\/v2\/categories?post=95624"},{"taxonomy":"post_tag","embeddable":true,"href":"https:\/\/canfali.com\/ca-es\/wp-json\/wp\/v2\/tags?post=95624"}],"curies":[{"name":"wp","href":"https:\/\/api.w.org\/{rel}","templated":true}]}}