{"id":95505,"date":"2026-04-28T07:53:46","date_gmt":"2026-04-28T05:53:46","guid":{"rendered":"https:\/\/canfali.com\/benidorm-rehabilitara-loficina-de-turisme-del-torrejo-amb-103-000-euros\/"},"modified":"2026-04-28T07:55:26","modified_gmt":"2026-04-28T05:55:26","slug":"benidorm-rehabilitara-loficina-de-turisme-del-torrejo-amb-103-000-euros","status":"publish","type":"post","link":"https:\/\/canfali.com\/ca-es\/benidorm-rehabilitara-loficina-de-turisme-del-torrejo-amb-103-000-euros\/","title":{"rendered":"Benidorm rehabilitar\u00e0 l\u2019Oficina de Turisme del Torrej\u00f3 amb 103.000 euros"},"content":{"rendered":"\n<p>L\u2019Ajuntament de Benidorm ha adjudicat les obres de rehabilitaci\u00f3 de l\u2019Oficina Municipal de Turisme situada al Centre Municipal El Torrej\u00f3 per un import de 103.480,54 euros, IVA incl\u00f2s. L\u2019actuaci\u00f3, que ha sigut assignada a l\u2019empresa Land Ingenier\u00eda y Desarrollos, compta amb un termini d\u2019execuci\u00f3 de dos mesos des de l\u2019inici dels treballs.&#13;\n<\/p>\n\n<p>Este projecte s\u2019emmarca dins del Pla de Sostenibilitat Tur\u00edstica en Destinaci\u00f3 (PSTD) 2023 \u2018Verde Benidorm\u2019, finan\u00e7at amb fons europeus Next Generation, i t\u00e9 com a objectiu modernitzar este espai clau per a l\u2019atenci\u00f3 al visitant sota criteris de sostenibilitat, innovaci\u00f3 i accessibilitat.&#13;\n<\/p>\n\n<p>Segons ha explicat l\u2019alcalde, Toni P\u00e9rez, tres empreses van conc\u00f3rrer al proc\u00e9s de licitaci\u00f3, sent finalment seleccionada la proposta millor valorada pels t\u00e8cnics municipals. El primer edil ha destacat la import\u00e0ncia de les oficines de turisme com a punt de refer\u00e8ncia durant l\u2019estada dels visitants, subratllant la necessitat d\u2019adaptar-les a les noves demandes, cada vegada m\u00e9s orientades cap a la digitalitzaci\u00f3 i la sostenibilitat.&#13;\n<\/p>\n\n<p>El projecte contempla un redisseny integral de l\u2019oficina per a millorar l\u2019experi\u00e8ncia de l\u2019usuari, incorporant solucions tecnol\u00f2giques que permeten avan\u00e7ar en la digitalitzaci\u00f3 del servei. Aix\u00ed mateix, s\u2019actuar\u00e0 sobre elements estructurals i la fa\u00e7ana de l\u2019edifici, afectats pel desgast derivat de la seua proximitat a la mar i les condicions clim\u00e0tiques.&#13;\n<\/p>\n\n<p>A m\u00e9s, la intervenci\u00f3 inclou la renovaci\u00f3 d\u2019instal\u00b7lacions el\u00e8ctriques i d\u2019il\u00b7luminaci\u00f3, nous revestiments, aix\u00ed com una actualitzaci\u00f3 completa de la senyalitzaci\u00f3 i l\u2019equipament de l\u2019espai.&#13;\n<\/p>\n\n<p>El pla \u2018Verde Benidorm\u2019, dotat amb una inversi\u00f3 global de 5,5 milions d\u2019euros, forma part del Pla Nacional de Turisme 2023 i contempla un total de 16 actuacions orientades a refor\u00e7ar la sostenibilitat, l\u2019efici\u00e8ncia energ\u00e8tica, la digitalitzaci\u00f3 i la competitivitat del dest\u00ed. El seu desenvolupament s\u2019articula al voltant de quatre eixos estrat\u00e8gics: transici\u00f3 verda, millora de l\u2019efici\u00e8ncia energ\u00e8tica, transici\u00f3 digital i competitivitat.&#13;\n<\/p>\n","protected":false},"excerpt":{"rendered":"L\u2019Ajuntament de Benidorm ha adjudicat les obres de rehabilitaci\u00f3 de l\u2019Oficina Municipal de Turisme situada al Centre Municipal&hellip;","protected":false},"author":8,"featured_media":95503,"comment_status":"closed","ping_status":"open","sticky":false,"template":"","format":"standard","meta":{"csco_display_header_overlay":false,"csco_singular_sidebar":"","csco_page_header_type":"","csco_page_load_nextpost":"","csco_post_video_location":[],"csco_post_video_location_hash":"","csco_post_video_url":"","csco_post_video_bg_start_time":0,"csco_post_video_bg_end_time":0,"footnotes":""},"categories":[7155],"tags":[],"class_list":{"0":"post-95505","1":"post","2":"type-post","3":"status-publish","4":"format-standard","5":"has-post-thumbnail","7":"category-marina-baixa","8":"cs-entry","9":"cs-video-wrap"},"yoast_head":"<!-- This site is optimized with the Yoast SEO Premium plugin v26.6 (Yoast SEO v27.3) - https:\/\/yoast.com\/product\/yoast-seo-premium-wordpress\/ -->\n<title>Benidorm rehabilitar\u00e0 l\u2019Oficina de Turisme del Torrej\u00f3 amb 103.000 euros - Canfali<\/title>\n<meta name=\"description\" content=\"Este projecte s\u2019emmarca dins del Pla de Sostenibilitat Tur\u00edstica en Destinaci\u00f3 (PSTD) 2023 \u2018Verde Benidorm\u2019\" \/>\n<meta name=\"robots\" content=\"index, follow, max-snippet:-1, max-image-preview:large, max-video-preview:-1\" \/>\n<link rel=\"canonical\" href=\"https:\/\/canfali.com\/ca-es\/benidorm-rehabilitara-loficina-de-turisme-del-torrejo-amb-103-000-euros\/\" \/>\n<meta property=\"og:locale\" content=\"en_US\" \/>\n<meta property=\"og:type\" content=\"article\" \/>\n<meta property=\"og:title\" content=\"Benidorm rehabilitar\u00e0 l\u2019Oficina de Turisme del Torrej\u00f3 amb 103.000 euros\" \/>\n<meta property=\"og:description\" content=\"Este projecte s\u2019emmarca dins del Pla de Sostenibilitat Tur\u00edstica en Destinaci\u00f3 (PSTD) 2023 \u2018Verde Benidorm\u2019\" \/>\n<meta property=\"og:url\" content=\"https:\/\/canfali.com\/ca-es\/benidorm-rehabilitara-loficina-de-turisme-del-torrejo-amb-103-000-euros\/\" \/>\n<meta property=\"og:site_name\" content=\"Canfali\" \/>\n<meta property=\"article:publisher\" content=\"https:\/\/es-es.facebook.com\/CANFALIMarinaAlta\" \/>\n<meta property=\"article:published_time\" content=\"2026-04-28T05:53:46+00:00\" \/>\n<meta property=\"article:modified_time\" content=\"2026-04-28T05:55:26+00:00\" \/>\n<meta property=\"og:image\" content=\"https:\/\/canfali.com\/app\/uploads\/2026\/04\/Captura-de-pantalla-2026-04-28-a-las-7.46.31.png\" \/>\n\t<meta property=\"og:image:width\" content=\"767\" \/>\n\t<meta property=\"og:image:height\" content=\"432\" \/>\n\t<meta property=\"og:image:type\" content=\"image\/png\" \/>\n<meta name=\"author\" content=\"Lluis\" \/>\n<meta name=\"twitter:card\" content=\"summary_large_image\" \/>\n<meta name=\"twitter:creator\" content=\"@canfalima\" \/>\n<meta name=\"twitter:site\" content=\"@canfalima\" \/>\n<meta name=\"twitter:label1\" content=\"Written by\" \/>\n\t<meta name=\"twitter:data1\" content=\"Lluis\" \/>\n\t<meta name=\"twitter:label2\" content=\"Est. reading time\" \/>\n\t<meta name=\"twitter:data2\" content=\"2 minutes\" \/>\n<script type=\"application\/ld+json\" class=\"yoast-schema-graph\">{\"@context\":\"https:\\\/\\\/schema.org\",\"@graph\":[{\"@type\":\"NewsArticle\",\"@id\":\"https:\\\/\\\/canfali.com\\\/ca-es\\\/benidorm-rehabilitara-loficina-de-turisme-del-torrejo-amb-103-000-euros\\\/#article\",\"isPartOf\":{\"@id\":\"https:\\\/\\\/canfali.com\\\/ca-es\\\/benidorm-rehabilitara-loficina-de-turisme-del-torrejo-amb-103-000-euros\\\/\"},\"author\":{\"name\":\"Lluis\",\"@id\":\"https:\\\/\\\/canfali.com\\\/ca-es\\\/#\\\/schema\\\/person\\\/f540a86fb33e10daaae53c59ceaa1194\"},\"headline\":\"Benidorm rehabilitar\u00e0 l\u2019Oficina de Turisme del Torrej\u00f3 amb 103.000 euros\",\"datePublished\":\"2026-04-28T05:53:46+00:00\",\"dateModified\":\"2026-04-28T05:55:26+00:00\",\"mainEntityOfPage\":{\"@id\":\"https:\\\/\\\/canfali.com\\\/ca-es\\\/benidorm-rehabilitara-loficina-de-turisme-del-torrejo-amb-103-000-euros\\\/\"},\"wordCount\":351,\"publisher\":{\"@id\":\"https:\\\/\\\/canfali.com\\\/ca-es\\\/#organization\"},\"image\":{\"@id\":\"https:\\\/\\\/canfali.com\\\/ca-es\\\/benidorm-rehabilitara-loficina-de-turisme-del-torrejo-amb-103-000-euros\\\/#primaryimage\"},\"thumbnailUrl\":\"https:\\\/\\\/canfali.com\\\/app\\\/uploads\\\/2026\\\/04\\\/Captura-de-pantalla-2026-04-28-a-las-7.46.31.png\",\"articleSection\":[\"Marina Baixa\"],\"inLanguage\":\"va-ES\",\"copyrightYear\":\"2026\",\"copyrightHolder\":{\"@id\":\"https:\\\/\\\/canfali.com\\\/#organization\"}},{\"@type\":\"WebPage\",\"@id\":\"https:\\\/\\\/canfali.com\\\/ca-es\\\/benidorm-rehabilitara-loficina-de-turisme-del-torrejo-amb-103-000-euros\\\/\",\"url\":\"https:\\\/\\\/canfali.com\\\/ca-es\\\/benidorm-rehabilitara-loficina-de-turisme-del-torrejo-amb-103-000-euros\\\/\",\"name\":\"Benidorm rehabilitar\u00e0 l\u2019Oficina de Turisme del Torrej\u00f3 amb 103.000 euros - Canfali\",\"isPartOf\":{\"@id\":\"https:\\\/\\\/canfali.com\\\/ca-es\\\/#website\"},\"primaryImageOfPage\":{\"@id\":\"https:\\\/\\\/canfali.com\\\/ca-es\\\/benidorm-rehabilitara-loficina-de-turisme-del-torrejo-amb-103-000-euros\\\/#primaryimage\"},\"image\":{\"@id\":\"https:\\\/\\\/canfali.com\\\/ca-es\\\/benidorm-rehabilitara-loficina-de-turisme-del-torrejo-amb-103-000-euros\\\/#primaryimage\"},\"thumbnailUrl\":\"https:\\\/\\\/canfali.com\\\/app\\\/uploads\\\/2026\\\/04\\\/Captura-de-pantalla-2026-04-28-a-las-7.46.31.png\",\"datePublished\":\"2026-04-28T05:53:46+00:00\",\"dateModified\":\"2026-04-28T05:55:26+00:00\",\"description\":\"Este projecte s\u2019emmarca dins del Pla de Sostenibilitat Tur\u00edstica en Destinaci\u00f3 (PSTD) 2023 \u2018Verde Benidorm\u2019\",\"breadcrumb\":{\"@id\":\"https:\\\/\\\/canfali.com\\\/ca-es\\\/benidorm-rehabilitara-loficina-de-turisme-del-torrejo-amb-103-000-euros\\\/#breadcrumb\"},\"inLanguage\":\"va-ES\",\"potentialAction\":[{\"@type\":\"ReadAction\",\"target\":[\"https:\\\/\\\/canfali.com\\\/ca-es\\\/benidorm-rehabilitara-loficina-de-turisme-del-torrejo-amb-103-000-euros\\\/\"]}]},{\"@type\":\"ImageObject\",\"inLanguage\":\"va-ES\",\"@id\":\"https:\\\/\\\/canfali.com\\\/ca-es\\\/benidorm-rehabilitara-loficina-de-turisme-del-torrejo-amb-103-000-euros\\\/#primaryimage\",\"url\":\"https:\\\/\\\/canfali.com\\\/app\\\/uploads\\\/2026\\\/04\\\/Captura-de-pantalla-2026-04-28-a-las-7.46.31.png\",\"contentUrl\":\"https:\\\/\\\/canfali.com\\\/app\\\/uploads\\\/2026\\\/04\\\/Captura-de-pantalla-2026-04-28-a-las-7.46.31.png\",\"width\":767,\"height\":432},{\"@type\":\"BreadcrumbList\",\"@id\":\"https:\\\/\\\/canfali.com\\\/ca-es\\\/benidorm-rehabilitara-loficina-de-turisme-del-torrejo-amb-103-000-euros\\\/#breadcrumb\",\"itemListElement\":[{\"@type\":\"ListItem\",\"position\":1,\"name\":\"Portada\",\"item\":\"https:\\\/\\\/canfali.com\\\/ca-es\\\/\"},{\"@type\":\"ListItem\",\"position\":2,\"name\":\"Benidorm rehabilitar\u00e0 l\u2019Oficina de Turisme del Torrej\u00f3 amb 103.000 euros\"}]},{\"@type\":\"WebSite\",\"@id\":\"https:\\\/\\\/canfali.com\\\/ca-es\\\/#website\",\"url\":\"https:\\\/\\\/canfali.com\\\/ca-es\\\/\",\"name\":\"Canfali\",\"description\":\"\",\"publisher\":{\"@id\":\"https:\\\/\\\/canfali.com\\\/ca-es\\\/#organization\"},\"potentialAction\":[{\"@type\":\"SearchAction\",\"target\":{\"@type\":\"EntryPoint\",\"urlTemplate\":\"https:\\\/\\\/canfali.com\\\/ca-es\\\/?s={search_term_string}\"},\"query-input\":{\"@type\":\"PropertyValueSpecification\",\"valueRequired\":true,\"valueName\":\"search_term_string\"}}],\"inLanguage\":\"va-ES\"},{\"@type\":\"Organization\",\"@id\":\"https:\\\/\\\/canfali.com\\\/ca-es\\\/#organization\",\"name\":\"Canfali\",\"url\":\"https:\\\/\\\/canfali.com\\\/ca-es\\\/\",\"logo\":{\"@type\":\"ImageObject\",\"inLanguage\":\"va-ES\",\"@id\":\"https:\\\/\\\/canfali.com\\\/ca-es\\\/#\\\/schema\\\/logo\\\/image\\\/\",\"url\":\"https:\\\/\\\/canfali.com\\\/app\\\/uploads\\\/2025\\\/12\\\/canfali_marina_alta_logo.png\",\"contentUrl\":\"https:\\\/\\\/canfali.com\\\/app\\\/uploads\\\/2025\\\/12\\\/canfali_marina_alta_logo.png\",\"width\":225,\"height\":225,\"caption\":\"Canfali\"},\"image\":{\"@id\":\"https:\\\/\\\/canfali.com\\\/ca-es\\\/#\\\/schema\\\/logo\\\/image\\\/\"},\"sameAs\":[\"https:\\\/\\\/es-es.facebook.com\\\/CANFALIMarinaAlta\",\"https:\\\/\\\/x.com\\\/canfalima\",\"https:\\\/\\\/www.instagram.com\\\/canfalimarinaalta\\\/\"]},{\"@type\":\"Person\",\"@id\":\"https:\\\/\\\/canfali.com\\\/ca-es\\\/#\\\/schema\\\/person\\\/f540a86fb33e10daaae53c59ceaa1194\",\"name\":\"Lluis\",\"image\":{\"@type\":\"ImageObject\",\"inLanguage\":\"va-ES\",\"@id\":\"https:\\\/\\\/secure.gravatar.com\\\/avatar\\\/a21ec8835290e4e02ed0886b8cb327d807d0eb6ec8ccf25d4c2a0a415f506c0d?s=96&d=mm&r=g\",\"url\":\"https:\\\/\\\/secure.gravatar.com\\\/avatar\\\/a21ec8835290e4e02ed0886b8cb327d807d0eb6ec8ccf25d4c2a0a415f506c0d?s=96&d=mm&r=g\",\"contentUrl\":\"https:\\\/\\\/secure.gravatar.com\\\/avatar\\\/a21ec8835290e4e02ed0886b8cb327d807d0eb6ec8ccf25d4c2a0a415f506c0d?s=96&d=mm&r=g\",\"caption\":\"Lluis\"},\"url\":\"https:\\\/\\\/canfali.com\\\/ca-es\\\/author\\\/lluis\\\/\"}]}<\/script>\n<!-- \/ Yoast SEO Premium plugin. -->","yoast_head_json":{"title":"Benidorm rehabilitar\u00e0 l\u2019Oficina de Turisme del Torrej\u00f3 amb 103.000 euros - Canfali","description":"Este projecte s\u2019emmarca dins del Pla de Sostenibilitat Tur\u00edstica en Destinaci\u00f3 (PSTD) 2023 \u2018Verde Benidorm\u2019","robots":{"index":"index","follow":"follow","max-snippet":"max-snippet:-1","max-image-preview":"max-image-preview:large","max-video-preview":"max-video-preview:-1"},"canonical":"https:\/\/canfali.com\/ca-es\/benidorm-rehabilitara-loficina-de-turisme-del-torrejo-amb-103-000-euros\/","og_locale":"en_US","og_type":"article","og_title":"Benidorm rehabilitar\u00e0 l\u2019Oficina de Turisme del Torrej\u00f3 amb 103.000 euros","og_description":"Este projecte s\u2019emmarca dins del Pla de Sostenibilitat Tur\u00edstica en Destinaci\u00f3 (PSTD) 2023 \u2018Verde Benidorm\u2019","og_url":"https:\/\/canfali.com\/ca-es\/benidorm-rehabilitara-loficina-de-turisme-del-torrejo-amb-103-000-euros\/","og_site_name":"Canfali","article_publisher":"https:\/\/es-es.facebook.com\/CANFALIMarinaAlta","article_published_time":"2026-04-28T05:53:46+00:00","article_modified_time":"2026-04-28T05:55:26+00:00","og_image":[{"width":767,"height":432,"url":"https:\/\/canfali.com\/app\/uploads\/2026\/04\/Captura-de-pantalla-2026-04-28-a-las-7.46.31.png","type":"image\/png"}],"author":"Lluis","twitter_card":"summary_large_image","twitter_creator":"@canfalima","twitter_site":"@canfalima","twitter_misc":{"Written by":"Lluis","Est. reading time":"2 minutes"},"schema":{"@context":"https:\/\/schema.org","@graph":[{"@type":"NewsArticle","@id":"https:\/\/canfali.com\/ca-es\/benidorm-rehabilitara-loficina-de-turisme-del-torrejo-amb-103-000-euros\/#article","isPartOf":{"@id":"https:\/\/canfali.com\/ca-es\/benidorm-rehabilitara-loficina-de-turisme-del-torrejo-amb-103-000-euros\/"},"author":{"name":"Lluis","@id":"https:\/\/canfali.com\/ca-es\/#\/schema\/person\/f540a86fb33e10daaae53c59ceaa1194"},"headline":"Benidorm rehabilitar\u00e0 l\u2019Oficina de Turisme del Torrej\u00f3 amb 103.000 euros","datePublished":"2026-04-28T05:53:46+00:00","dateModified":"2026-04-28T05:55:26+00:00","mainEntityOfPage":{"@id":"https:\/\/canfali.com\/ca-es\/benidorm-rehabilitara-loficina-de-turisme-del-torrejo-amb-103-000-euros\/"},"wordCount":351,"publisher":{"@id":"https:\/\/canfali.com\/ca-es\/#organization"},"image":{"@id":"https:\/\/canfali.com\/ca-es\/benidorm-rehabilitara-loficina-de-turisme-del-torrejo-amb-103-000-euros\/#primaryimage"},"thumbnailUrl":"https:\/\/canfali.com\/app\/uploads\/2026\/04\/Captura-de-pantalla-2026-04-28-a-las-7.46.31.png","articleSection":["Marina Baixa"],"inLanguage":"va-ES","copyrightYear":"2026","copyrightHolder":{"@id":"https:\/\/canfali.com\/#organization"}},{"@type":"WebPage","@id":"https:\/\/canfali.com\/ca-es\/benidorm-rehabilitara-loficina-de-turisme-del-torrejo-amb-103-000-euros\/","url":"https:\/\/canfali.com\/ca-es\/benidorm-rehabilitara-loficina-de-turisme-del-torrejo-amb-103-000-euros\/","name":"Benidorm rehabilitar\u00e0 l\u2019Oficina de Turisme del Torrej\u00f3 amb 103.000 euros - Canfali","isPartOf":{"@id":"https:\/\/canfali.com\/ca-es\/#website"},"primaryImageOfPage":{"@id":"https:\/\/canfali.com\/ca-es\/benidorm-rehabilitara-loficina-de-turisme-del-torrejo-amb-103-000-euros\/#primaryimage"},"image":{"@id":"https:\/\/canfali.com\/ca-es\/benidorm-rehabilitara-loficina-de-turisme-del-torrejo-amb-103-000-euros\/#primaryimage"},"thumbnailUrl":"https:\/\/canfali.com\/app\/uploads\/2026\/04\/Captura-de-pantalla-2026-04-28-a-las-7.46.31.png","datePublished":"2026-04-28T05:53:46+00:00","dateModified":"2026-04-28T05:55:26+00:00","description":"Este projecte s\u2019emmarca dins del Pla de Sostenibilitat Tur\u00edstica en Destinaci\u00f3 (PSTD) 2023 \u2018Verde Benidorm\u2019","breadcrumb":{"@id":"https:\/\/canfali.com\/ca-es\/benidorm-rehabilitara-loficina-de-turisme-del-torrejo-amb-103-000-euros\/#breadcrumb"},"inLanguage":"va-ES","potentialAction":[{"@type":"ReadAction","target":["https:\/\/canfali.com\/ca-es\/benidorm-rehabilitara-loficina-de-turisme-del-torrejo-amb-103-000-euros\/"]}]},{"@type":"ImageObject","inLanguage":"va-ES","@id":"https:\/\/canfali.com\/ca-es\/benidorm-rehabilitara-loficina-de-turisme-del-torrejo-amb-103-000-euros\/#primaryimage","url":"https:\/\/canfali.com\/app\/uploads\/2026\/04\/Captura-de-pantalla-2026-04-28-a-las-7.46.31.png","contentUrl":"https:\/\/canfali.com\/app\/uploads\/2026\/04\/Captura-de-pantalla-2026-04-28-a-las-7.46.31.png","width":767,"height":432},{"@type":"BreadcrumbList","@id":"https:\/\/canfali.com\/ca-es\/benidorm-rehabilitara-loficina-de-turisme-del-torrejo-amb-103-000-euros\/#breadcrumb","itemListElement":[{"@type":"ListItem","position":1,"name":"Portada","item":"https:\/\/canfali.com\/ca-es\/"},{"@type":"ListItem","position":2,"name":"Benidorm rehabilitar\u00e0 l\u2019Oficina de Turisme del Torrej\u00f3 amb 103.000 euros"}]},{"@type":"WebSite","@id":"https:\/\/canfali.com\/ca-es\/#website","url":"https:\/\/canfali.com\/ca-es\/","name":"Canfali","description":"","publisher":{"@id":"https:\/\/canfali.com\/ca-es\/#organization"},"potentialAction":[{"@type":"SearchAction","target":{"@type":"EntryPoint","urlTemplate":"https:\/\/canfali.com\/ca-es\/?s={search_term_string}"},"query-input":{"@type":"PropertyValueSpecification","valueRequired":true,"valueName":"search_term_string"}}],"inLanguage":"va-ES"},{"@type":"Organization","@id":"https:\/\/canfali.com\/ca-es\/#organization","name":"Canfali","url":"https:\/\/canfali.com\/ca-es\/","logo":{"@type":"ImageObject","inLanguage":"va-ES","@id":"https:\/\/canfali.com\/ca-es\/#\/schema\/logo\/image\/","url":"https:\/\/canfali.com\/app\/uploads\/2025\/12\/canfali_marina_alta_logo.png","contentUrl":"https:\/\/canfali.com\/app\/uploads\/2025\/12\/canfali_marina_alta_logo.png","width":225,"height":225,"caption":"Canfali"},"image":{"@id":"https:\/\/canfali.com\/ca-es\/#\/schema\/logo\/image\/"},"sameAs":["https:\/\/es-es.facebook.com\/CANFALIMarinaAlta","https:\/\/x.com\/canfalima","https:\/\/www.instagram.com\/canfalimarinaalta\/"]},{"@type":"Person","@id":"https:\/\/canfali.com\/ca-es\/#\/schema\/person\/f540a86fb33e10daaae53c59ceaa1194","name":"Lluis","image":{"@type":"ImageObject","inLanguage":"va-ES","@id":"https:\/\/secure.gravatar.com\/avatar\/a21ec8835290e4e02ed0886b8cb327d807d0eb6ec8ccf25d4c2a0a415f506c0d?s=96&d=mm&r=g","url":"https:\/\/secure.gravatar.com\/avatar\/a21ec8835290e4e02ed0886b8cb327d807d0eb6ec8ccf25d4c2a0a415f506c0d?s=96&d=mm&r=g","contentUrl":"https:\/\/secure.gravatar.com\/avatar\/a21ec8835290e4e02ed0886b8cb327d807d0eb6ec8ccf25d4c2a0a415f506c0d?s=96&d=mm&r=g","caption":"Lluis"},"url":"https:\/\/canfali.com\/ca-es\/author\/lluis\/"}]}},"_links":{"self":[{"href":"https:\/\/canfali.com\/ca-es\/wp-json\/wp\/v2\/posts\/95505","targetHints":{"allow":["GET"]}}],"collection":[{"href":"https:\/\/canfali.com\/ca-es\/wp-json\/wp\/v2\/posts"}],"about":[{"href":"https:\/\/canfali.com\/ca-es\/wp-json\/wp\/v2\/types\/post"}],"author":[{"embeddable":true,"href":"https:\/\/canfali.com\/ca-es\/wp-json\/wp\/v2\/users\/8"}],"replies":[{"embeddable":true,"href":"https:\/\/canfali.com\/ca-es\/wp-json\/wp\/v2\/comments?post=95505"}],"version-history":[{"count":1,"href":"https:\/\/canfali.com\/ca-es\/wp-json\/wp\/v2\/posts\/95505\/revisions"}],"predecessor-version":[{"id":95506,"href":"https:\/\/canfali.com\/ca-es\/wp-json\/wp\/v2\/posts\/95505\/revisions\/95506"}],"wp:featuredmedia":[{"embeddable":true,"href":"https:\/\/canfali.com\/ca-es\/wp-json\/wp\/v2\/media\/95503"}],"wp:attachment":[{"href":"https:\/\/canfali.com\/ca-es\/wp-json\/wp\/v2\/media?parent=95505"}],"wp:term":[{"taxonomy":"category","embeddable":true,"href":"https:\/\/canfali.com\/ca-es\/wp-json\/wp\/v2\/categories?post=95505"},{"taxonomy":"post_tag","embeddable":true,"href":"https:\/\/canfali.com\/ca-es\/wp-json\/wp\/v2\/tags?post=95505"}],"curies":[{"name":"wp","href":"https:\/\/api.w.org\/{rel}","templated":true}]}}