{"id":95498,"date":"2026-04-27T23:43:23","date_gmt":"2026-04-27T21:43:23","guid":{"rendered":"https:\/\/canfali.com\/miguel-bou-aconsegueix-un-doble-or-en-eivissa-en-aigues-obertes\/"},"modified":"2026-04-27T23:45:16","modified_gmt":"2026-04-27T21:45:16","slug":"miguel-bou-aconsegueix-un-doble-or-en-eivissa-en-aigues-obertes","status":"publish","type":"post","link":"https:\/\/canfali.com\/ca-es\/miguel-bou-aconsegueix-un-doble-or-en-eivissa-en-aigues-obertes\/","title":{"rendered":"Miguel Bou aconsegueix un doble or en Eivissa en aig\u00fces obertes"},"content":{"rendered":"\n<p><p class=\"p1\"><b>El nadador de la Nucia s\u2019imposa en la Copa del M\u00f3n i suma el seu tercer t\u00edtol nacional consecutiu<\/b><b><\/b><\/p><\/p>\n\n<p>El nadador nucier Miguel Bou Bernab\u00e9u va tornar a fer hist\u00f2ria el passat 25 d\u2019abril a Santa Eul\u00e0ria des Riu (Eivissa), on es va proclamar campi\u00f3 de la Copa del M\u00f3n d\u2019Aig\u00fces Obertes 2026 en categoria prem\u00e0ster (20-25 anys), en una prova organitzada per World Aquatics. A m\u00e9s, va signar el millor temps de tota la classificaci\u00f3 absoluta, consolidant una actuaci\u00f3 excel\u00b7lent entre m\u00e9s de 300 participants.&#13;\n<\/p>\n\n<p>Amb aquest resultat, Bou suma el seu segon t\u00edtol mundial i refor\u00e7a el seu domini nacional en conquistar tamb\u00e9 el Campionat d\u2019Espanya d\u2019Aig\u00fces Obertes 2026, aconseguint aix\u00ed un doble or en la competici\u00f3 eivissenca.&#13;\n<\/p>\n\n<figure class=\"wp-block-image size-large\"><img fetchpriority=\"high\" decoding=\"async\" width=\"1024\" height=\"642\" src=\"https:\/\/canfali.com\/app\/uploads\/2026\/04\/LNC-8bou1-copia-1024x642.jpeg\" alt=\"\" class=\"wp-image-95495\" srcset=\"https:\/\/canfali.com\/app\/uploads\/2026\/04\/LNC-8bou1-copia-1024x642.jpeg 1024w, https:\/\/canfali.com\/app\/uploads\/2026\/04\/LNC-8bou1-copia-300x188.jpeg 300w, https:\/\/canfali.com\/app\/uploads\/2026\/04\/LNC-8bou1-copia-768x482.jpeg 768w, https:\/\/canfali.com\/app\/uploads\/2026\/04\/LNC-8bou1-copia-1536x963.jpeg 1536w, https:\/\/canfali.com\/app\/uploads\/2026\/04\/LNC-8bou1-copia-332x208.jpeg 332w, https:\/\/canfali.com\/app\/uploads\/2026\/04\/LNC-8bou1-copia-664x416.jpeg 664w, https:\/\/canfali.com\/app\/uploads\/2026\/04\/LNC-8bou1-copia-688x432.jpeg 688w, https:\/\/canfali.com\/app\/uploads\/2026\/04\/LNC-8bou1-copia-1044x655.jpeg 1044w, https:\/\/canfali.com\/app\/uploads\/2026\/04\/LNC-8bou1-copia-1400x878.jpeg 1400w, https:\/\/canfali.com\/app\/uploads\/2026\/04\/LNC-8bou1-copia-1920x1204.jpeg 1920w, https:\/\/canfali.com\/app\/uploads\/2026\/04\/LNC-8bou1-copia.jpeg 1926w\" sizes=\"(max-width: 1024px) 100vw, 1024px\" \/><\/figure>\n\n<p><p class=\"p1\"><b>Rendiment destacat en condicions adverses<\/b><\/p><\/p>\n\n<p>El nadador del club Vila-Swim Fondistas va parar el cron\u00f2metre en 18:34.4 en la prova de 1.500 metres, dist\u00e0ncia que va ser redu\u00efda a la meitat a causa del mal estat de la mar. Malgrat les dif\u00edcils condicions, Bou va ser el m\u00e9s r\u00e0pid tant en la classificaci\u00f3 absoluta com en la seua categoria prem\u00e0ster (+20 anys).&#13;\n<\/p>\n\n<p>La prova, inicialment prevista sobre 3.000 metres, va haver d\u2019adaptar-se pel fort onatge, encara que aix\u00f2 no va impedir una alta participaci\u00f3 ni el gran nivell competitiu.&#13;\n<\/p>\n\n<p><p class=\"p1\"><b>Tres t\u00edtols nacionals consecutius<\/b><\/p><\/p>\n\n<p>La cita d\u2019Eivissa tamb\u00e9 tenia car\u00e0cter de Campionat d\u2019Espanya, la qual cosa va permetre a Miguel Bou revalidar el t\u00edtol nacional per tercer any consecutiu, despr\u00e9s de les seues vict\u00f2ries a Sevilla 2024, Eivissa 2025 i Eivissa 2026.&#13;\n<\/p>\n\n<p>Amb aquest nou \u00e8xit, l\u2019esportista de la Nucia continua consolidant-se com una de les principals figures emergents de la nataci\u00f3 en aig\u00fces obertes a nivell nacional i internacional.&#13;\n<\/p>\n","protected":false},"excerpt":{"rendered":"El nadador de la Nucia s\u2019imposa en la Copa del M\u00f3n i suma el seu tercer t\u00edtol nacional&hellip;","protected":false},"author":8,"featured_media":95494,"comment_status":"closed","ping_status":"open","sticky":false,"template":"","format":"standard","meta":{"csco_display_header_overlay":false,"csco_singular_sidebar":"","csco_page_header_type":"","csco_page_load_nextpost":"","csco_post_video_location":[],"csco_post_video_location_hash":"","csco_post_video_url":"","csco_post_video_bg_start_time":0,"csco_post_video_bg_end_time":0,"footnotes":""},"categories":[7155],"tags":[],"class_list":{"0":"post-95498","1":"post","2":"type-post","3":"status-publish","4":"format-standard","5":"has-post-thumbnail","7":"category-marina-baixa","8":"cs-entry","9":"cs-video-wrap"},"yoast_head":"<!-- This site is optimized with the Yoast SEO Premium plugin v26.6 (Yoast SEO v27.3) - https:\/\/yoast.com\/product\/yoast-seo-premium-wordpress\/ -->\n<title>Miguel Bou aconsegueix un doble or en Eivissa en aig\u00fces obertes - Canfali<\/title>\n<meta name=\"description\" content=\"Bou suma el seu segon t\u00edtol mundial i refor\u00e7a el seu domini nacional en conquistar tamb\u00e9 el Campionat d\u2019Espanya d\u2019Aig\u00fces Obertes 2026\" \/>\n<meta name=\"robots\" content=\"index, follow, max-snippet:-1, max-image-preview:large, max-video-preview:-1\" \/>\n<link rel=\"canonical\" href=\"https:\/\/canfali.com\/ca-es\/miguel-bou-aconsegueix-un-doble-or-en-eivissa-en-aigues-obertes\/\" \/>\n<meta property=\"og:locale\" content=\"en_US\" \/>\n<meta property=\"og:type\" content=\"article\" \/>\n<meta property=\"og:title\" content=\"Miguel Bou aconsegueix un doble or en Eivissa en aig\u00fces obertes\" \/>\n<meta property=\"og:description\" content=\"Bou suma el seu segon t\u00edtol mundial i refor\u00e7a el seu domini nacional en conquistar tamb\u00e9 el Campionat d\u2019Espanya d\u2019Aig\u00fces Obertes 2026\" \/>\n<meta property=\"og:url\" content=\"https:\/\/canfali.com\/ca-es\/miguel-bou-aconsegueix-un-doble-or-en-eivissa-en-aigues-obertes\/\" \/>\n<meta property=\"og:site_name\" content=\"Canfali\" \/>\n<meta property=\"article:publisher\" content=\"https:\/\/es-es.facebook.com\/CANFALIMarinaAlta\" \/>\n<meta property=\"article:published_time\" content=\"2026-04-27T21:43:23+00:00\" \/>\n<meta property=\"article:modified_time\" content=\"2026-04-27T21:45:16+00:00\" \/>\n<meta property=\"og:image\" content=\"https:\/\/canfali.com\/app\/uploads\/2026\/04\/LNC-8bou2-copia.jpg\" \/>\n\t<meta property=\"og:image:width\" content=\"1113\" \/>\n\t<meta property=\"og:image:height\" content=\"709\" \/>\n\t<meta property=\"og:image:type\" content=\"image\/jpeg\" \/>\n<meta name=\"author\" content=\"Lluis\" \/>\n<meta name=\"twitter:card\" content=\"summary_large_image\" \/>\n<meta name=\"twitter:creator\" content=\"@canfalima\" \/>\n<meta name=\"twitter:site\" content=\"@canfalima\" \/>\n<meta name=\"twitter:label1\" content=\"Written by\" \/>\n\t<meta name=\"twitter:data1\" content=\"Lluis\" \/>\n\t<meta name=\"twitter:label2\" content=\"Est. reading time\" \/>\n\t<meta name=\"twitter:data2\" content=\"2 minutes\" \/>\n<script type=\"application\/ld+json\" class=\"yoast-schema-graph\">{\"@context\":\"https:\\\/\\\/schema.org\",\"@graph\":[{\"@type\":\"NewsArticle\",\"@id\":\"https:\\\/\\\/canfali.com\\\/ca-es\\\/miguel-bou-aconsegueix-un-doble-or-en-eivissa-en-aigues-obertes\\\/#article\",\"isPartOf\":{\"@id\":\"https:\\\/\\\/canfali.com\\\/ca-es\\\/miguel-bou-aconsegueix-un-doble-or-en-eivissa-en-aigues-obertes\\\/\"},\"author\":{\"name\":\"Lluis\",\"@id\":\"https:\\\/\\\/canfali.com\\\/ca-es\\\/#\\\/schema\\\/person\\\/f540a86fb33e10daaae53c59ceaa1194\"},\"headline\":\"Miguel Bou aconsegueix un doble or en Eivissa en aig\u00fces obertes\",\"datePublished\":\"2026-04-27T21:43:23+00:00\",\"dateModified\":\"2026-04-27T21:45:16+00:00\",\"mainEntityOfPage\":{\"@id\":\"https:\\\/\\\/canfali.com\\\/ca-es\\\/miguel-bou-aconsegueix-un-doble-or-en-eivissa-en-aigues-obertes\\\/\"},\"wordCount\":316,\"publisher\":{\"@id\":\"https:\\\/\\\/canfali.com\\\/ca-es\\\/#organization\"},\"image\":{\"@id\":\"https:\\\/\\\/canfali.com\\\/ca-es\\\/miguel-bou-aconsegueix-un-doble-or-en-eivissa-en-aigues-obertes\\\/#primaryimage\"},\"thumbnailUrl\":\"https:\\\/\\\/canfali.com\\\/app\\\/uploads\\\/2026\\\/04\\\/LNC-8bou2-copia.jpg\",\"articleSection\":[\"Marina Baixa\"],\"inLanguage\":\"va-ES\",\"copyrightYear\":\"2026\",\"copyrightHolder\":{\"@id\":\"https:\\\/\\\/canfali.com\\\/#organization\"}},{\"@type\":\"WebPage\",\"@id\":\"https:\\\/\\\/canfali.com\\\/ca-es\\\/miguel-bou-aconsegueix-un-doble-or-en-eivissa-en-aigues-obertes\\\/\",\"url\":\"https:\\\/\\\/canfali.com\\\/ca-es\\\/miguel-bou-aconsegueix-un-doble-or-en-eivissa-en-aigues-obertes\\\/\",\"name\":\"Miguel Bou aconsegueix un doble or en Eivissa en aig\u00fces obertes - Canfali\",\"isPartOf\":{\"@id\":\"https:\\\/\\\/canfali.com\\\/ca-es\\\/#website\"},\"primaryImageOfPage\":{\"@id\":\"https:\\\/\\\/canfali.com\\\/ca-es\\\/miguel-bou-aconsegueix-un-doble-or-en-eivissa-en-aigues-obertes\\\/#primaryimage\"},\"image\":{\"@id\":\"https:\\\/\\\/canfali.com\\\/ca-es\\\/miguel-bou-aconsegueix-un-doble-or-en-eivissa-en-aigues-obertes\\\/#primaryimage\"},\"thumbnailUrl\":\"https:\\\/\\\/canfali.com\\\/app\\\/uploads\\\/2026\\\/04\\\/LNC-8bou2-copia.jpg\",\"datePublished\":\"2026-04-27T21:43:23+00:00\",\"dateModified\":\"2026-04-27T21:45:16+00:00\",\"description\":\"Bou suma el seu segon t\u00edtol mundial i refor\u00e7a el seu domini nacional en conquistar tamb\u00e9 el Campionat d\u2019Espanya d\u2019Aig\u00fces Obertes 2026\",\"breadcrumb\":{\"@id\":\"https:\\\/\\\/canfali.com\\\/ca-es\\\/miguel-bou-aconsegueix-un-doble-or-en-eivissa-en-aigues-obertes\\\/#breadcrumb\"},\"inLanguage\":\"va-ES\",\"potentialAction\":[{\"@type\":\"ReadAction\",\"target\":[\"https:\\\/\\\/canfali.com\\\/ca-es\\\/miguel-bou-aconsegueix-un-doble-or-en-eivissa-en-aigues-obertes\\\/\"]}]},{\"@type\":\"ImageObject\",\"inLanguage\":\"va-ES\",\"@id\":\"https:\\\/\\\/canfali.com\\\/ca-es\\\/miguel-bou-aconsegueix-un-doble-or-en-eivissa-en-aigues-obertes\\\/#primaryimage\",\"url\":\"https:\\\/\\\/canfali.com\\\/app\\\/uploads\\\/2026\\\/04\\\/LNC-8bou2-copia.jpg\",\"contentUrl\":\"https:\\\/\\\/canfali.com\\\/app\\\/uploads\\\/2026\\\/04\\\/LNC-8bou2-copia.jpg\",\"width\":1113,\"height\":709},{\"@type\":\"BreadcrumbList\",\"@id\":\"https:\\\/\\\/canfali.com\\\/ca-es\\\/miguel-bou-aconsegueix-un-doble-or-en-eivissa-en-aigues-obertes\\\/#breadcrumb\",\"itemListElement\":[{\"@type\":\"ListItem\",\"position\":1,\"name\":\"Portada\",\"item\":\"https:\\\/\\\/canfali.com\\\/ca-es\\\/\"},{\"@type\":\"ListItem\",\"position\":2,\"name\":\"Miguel Bou aconsegueix un doble or en Eivissa en aig\u00fces obertes\"}]},{\"@type\":\"WebSite\",\"@id\":\"https:\\\/\\\/canfali.com\\\/ca-es\\\/#website\",\"url\":\"https:\\\/\\\/canfali.com\\\/ca-es\\\/\",\"name\":\"Canfali\",\"description\":\"\",\"publisher\":{\"@id\":\"https:\\\/\\\/canfali.com\\\/ca-es\\\/#organization\"},\"potentialAction\":[{\"@type\":\"SearchAction\",\"target\":{\"@type\":\"EntryPoint\",\"urlTemplate\":\"https:\\\/\\\/canfali.com\\\/ca-es\\\/?s={search_term_string}\"},\"query-input\":{\"@type\":\"PropertyValueSpecification\",\"valueRequired\":true,\"valueName\":\"search_term_string\"}}],\"inLanguage\":\"va-ES\"},{\"@type\":\"Organization\",\"@id\":\"https:\\\/\\\/canfali.com\\\/ca-es\\\/#organization\",\"name\":\"Canfali\",\"url\":\"https:\\\/\\\/canfali.com\\\/ca-es\\\/\",\"logo\":{\"@type\":\"ImageObject\",\"inLanguage\":\"va-ES\",\"@id\":\"https:\\\/\\\/canfali.com\\\/ca-es\\\/#\\\/schema\\\/logo\\\/image\\\/\",\"url\":\"https:\\\/\\\/canfali.com\\\/app\\\/uploads\\\/2025\\\/12\\\/canfali_marina_alta_logo.png\",\"contentUrl\":\"https:\\\/\\\/canfali.com\\\/app\\\/uploads\\\/2025\\\/12\\\/canfali_marina_alta_logo.png\",\"width\":225,\"height\":225,\"caption\":\"Canfali\"},\"image\":{\"@id\":\"https:\\\/\\\/canfali.com\\\/ca-es\\\/#\\\/schema\\\/logo\\\/image\\\/\"},\"sameAs\":[\"https:\\\/\\\/es-es.facebook.com\\\/CANFALIMarinaAlta\",\"https:\\\/\\\/x.com\\\/canfalima\",\"https:\\\/\\\/www.instagram.com\\\/canfalimarinaalta\\\/\"]},{\"@type\":\"Person\",\"@id\":\"https:\\\/\\\/canfali.com\\\/ca-es\\\/#\\\/schema\\\/person\\\/f540a86fb33e10daaae53c59ceaa1194\",\"name\":\"Lluis\",\"image\":{\"@type\":\"ImageObject\",\"inLanguage\":\"va-ES\",\"@id\":\"https:\\\/\\\/secure.gravatar.com\\\/avatar\\\/a21ec8835290e4e02ed0886b8cb327d807d0eb6ec8ccf25d4c2a0a415f506c0d?s=96&d=mm&r=g\",\"url\":\"https:\\\/\\\/secure.gravatar.com\\\/avatar\\\/a21ec8835290e4e02ed0886b8cb327d807d0eb6ec8ccf25d4c2a0a415f506c0d?s=96&d=mm&r=g\",\"contentUrl\":\"https:\\\/\\\/secure.gravatar.com\\\/avatar\\\/a21ec8835290e4e02ed0886b8cb327d807d0eb6ec8ccf25d4c2a0a415f506c0d?s=96&d=mm&r=g\",\"caption\":\"Lluis\"},\"url\":\"https:\\\/\\\/canfali.com\\\/ca-es\\\/author\\\/lluis\\\/\"}]}<\/script>\n<!-- \/ Yoast SEO Premium plugin. -->","yoast_head_json":{"title":"Miguel Bou aconsegueix un doble or en Eivissa en aig\u00fces obertes - Canfali","description":"Bou suma el seu segon t\u00edtol mundial i refor\u00e7a el seu domini nacional en conquistar tamb\u00e9 el Campionat d\u2019Espanya d\u2019Aig\u00fces Obertes 2026","robots":{"index":"index","follow":"follow","max-snippet":"max-snippet:-1","max-image-preview":"max-image-preview:large","max-video-preview":"max-video-preview:-1"},"canonical":"https:\/\/canfali.com\/ca-es\/miguel-bou-aconsegueix-un-doble-or-en-eivissa-en-aigues-obertes\/","og_locale":"en_US","og_type":"article","og_title":"Miguel Bou aconsegueix un doble or en Eivissa en aig\u00fces obertes","og_description":"Bou suma el seu segon t\u00edtol mundial i refor\u00e7a el seu domini nacional en conquistar tamb\u00e9 el Campionat d\u2019Espanya d\u2019Aig\u00fces Obertes 2026","og_url":"https:\/\/canfali.com\/ca-es\/miguel-bou-aconsegueix-un-doble-or-en-eivissa-en-aigues-obertes\/","og_site_name":"Canfali","article_publisher":"https:\/\/es-es.facebook.com\/CANFALIMarinaAlta","article_published_time":"2026-04-27T21:43:23+00:00","article_modified_time":"2026-04-27T21:45:16+00:00","og_image":[{"width":1113,"height":709,"url":"https:\/\/canfali.com\/app\/uploads\/2026\/04\/LNC-8bou2-copia.jpg","type":"image\/jpeg"}],"author":"Lluis","twitter_card":"summary_large_image","twitter_creator":"@canfalima","twitter_site":"@canfalima","twitter_misc":{"Written by":"Lluis","Est. reading time":"2 minutes"},"schema":{"@context":"https:\/\/schema.org","@graph":[{"@type":"NewsArticle","@id":"https:\/\/canfali.com\/ca-es\/miguel-bou-aconsegueix-un-doble-or-en-eivissa-en-aigues-obertes\/#article","isPartOf":{"@id":"https:\/\/canfali.com\/ca-es\/miguel-bou-aconsegueix-un-doble-or-en-eivissa-en-aigues-obertes\/"},"author":{"name":"Lluis","@id":"https:\/\/canfali.com\/ca-es\/#\/schema\/person\/f540a86fb33e10daaae53c59ceaa1194"},"headline":"Miguel Bou aconsegueix un doble or en Eivissa en aig\u00fces obertes","datePublished":"2026-04-27T21:43:23+00:00","dateModified":"2026-04-27T21:45:16+00:00","mainEntityOfPage":{"@id":"https:\/\/canfali.com\/ca-es\/miguel-bou-aconsegueix-un-doble-or-en-eivissa-en-aigues-obertes\/"},"wordCount":316,"publisher":{"@id":"https:\/\/canfali.com\/ca-es\/#organization"},"image":{"@id":"https:\/\/canfali.com\/ca-es\/miguel-bou-aconsegueix-un-doble-or-en-eivissa-en-aigues-obertes\/#primaryimage"},"thumbnailUrl":"https:\/\/canfali.com\/app\/uploads\/2026\/04\/LNC-8bou2-copia.jpg","articleSection":["Marina Baixa"],"inLanguage":"va-ES","copyrightYear":"2026","copyrightHolder":{"@id":"https:\/\/canfali.com\/#organization"}},{"@type":"WebPage","@id":"https:\/\/canfali.com\/ca-es\/miguel-bou-aconsegueix-un-doble-or-en-eivissa-en-aigues-obertes\/","url":"https:\/\/canfali.com\/ca-es\/miguel-bou-aconsegueix-un-doble-or-en-eivissa-en-aigues-obertes\/","name":"Miguel Bou aconsegueix un doble or en Eivissa en aig\u00fces obertes - Canfali","isPartOf":{"@id":"https:\/\/canfali.com\/ca-es\/#website"},"primaryImageOfPage":{"@id":"https:\/\/canfali.com\/ca-es\/miguel-bou-aconsegueix-un-doble-or-en-eivissa-en-aigues-obertes\/#primaryimage"},"image":{"@id":"https:\/\/canfali.com\/ca-es\/miguel-bou-aconsegueix-un-doble-or-en-eivissa-en-aigues-obertes\/#primaryimage"},"thumbnailUrl":"https:\/\/canfali.com\/app\/uploads\/2026\/04\/LNC-8bou2-copia.jpg","datePublished":"2026-04-27T21:43:23+00:00","dateModified":"2026-04-27T21:45:16+00:00","description":"Bou suma el seu segon t\u00edtol mundial i refor\u00e7a el seu domini nacional en conquistar tamb\u00e9 el Campionat d\u2019Espanya d\u2019Aig\u00fces Obertes 2026","breadcrumb":{"@id":"https:\/\/canfali.com\/ca-es\/miguel-bou-aconsegueix-un-doble-or-en-eivissa-en-aigues-obertes\/#breadcrumb"},"inLanguage":"va-ES","potentialAction":[{"@type":"ReadAction","target":["https:\/\/canfali.com\/ca-es\/miguel-bou-aconsegueix-un-doble-or-en-eivissa-en-aigues-obertes\/"]}]},{"@type":"ImageObject","inLanguage":"va-ES","@id":"https:\/\/canfali.com\/ca-es\/miguel-bou-aconsegueix-un-doble-or-en-eivissa-en-aigues-obertes\/#primaryimage","url":"https:\/\/canfali.com\/app\/uploads\/2026\/04\/LNC-8bou2-copia.jpg","contentUrl":"https:\/\/canfali.com\/app\/uploads\/2026\/04\/LNC-8bou2-copia.jpg","width":1113,"height":709},{"@type":"BreadcrumbList","@id":"https:\/\/canfali.com\/ca-es\/miguel-bou-aconsegueix-un-doble-or-en-eivissa-en-aigues-obertes\/#breadcrumb","itemListElement":[{"@type":"ListItem","position":1,"name":"Portada","item":"https:\/\/canfali.com\/ca-es\/"},{"@type":"ListItem","position":2,"name":"Miguel Bou aconsegueix un doble or en Eivissa en aig\u00fces obertes"}]},{"@type":"WebSite","@id":"https:\/\/canfali.com\/ca-es\/#website","url":"https:\/\/canfali.com\/ca-es\/","name":"Canfali","description":"","publisher":{"@id":"https:\/\/canfali.com\/ca-es\/#organization"},"potentialAction":[{"@type":"SearchAction","target":{"@type":"EntryPoint","urlTemplate":"https:\/\/canfali.com\/ca-es\/?s={search_term_string}"},"query-input":{"@type":"PropertyValueSpecification","valueRequired":true,"valueName":"search_term_string"}}],"inLanguage":"va-ES"},{"@type":"Organization","@id":"https:\/\/canfali.com\/ca-es\/#organization","name":"Canfali","url":"https:\/\/canfali.com\/ca-es\/","logo":{"@type":"ImageObject","inLanguage":"va-ES","@id":"https:\/\/canfali.com\/ca-es\/#\/schema\/logo\/image\/","url":"https:\/\/canfali.com\/app\/uploads\/2025\/12\/canfali_marina_alta_logo.png","contentUrl":"https:\/\/canfali.com\/app\/uploads\/2025\/12\/canfali_marina_alta_logo.png","width":225,"height":225,"caption":"Canfali"},"image":{"@id":"https:\/\/canfali.com\/ca-es\/#\/schema\/logo\/image\/"},"sameAs":["https:\/\/es-es.facebook.com\/CANFALIMarinaAlta","https:\/\/x.com\/canfalima","https:\/\/www.instagram.com\/canfalimarinaalta\/"]},{"@type":"Person","@id":"https:\/\/canfali.com\/ca-es\/#\/schema\/person\/f540a86fb33e10daaae53c59ceaa1194","name":"Lluis","image":{"@type":"ImageObject","inLanguage":"va-ES","@id":"https:\/\/secure.gravatar.com\/avatar\/a21ec8835290e4e02ed0886b8cb327d807d0eb6ec8ccf25d4c2a0a415f506c0d?s=96&d=mm&r=g","url":"https:\/\/secure.gravatar.com\/avatar\/a21ec8835290e4e02ed0886b8cb327d807d0eb6ec8ccf25d4c2a0a415f506c0d?s=96&d=mm&r=g","contentUrl":"https:\/\/secure.gravatar.com\/avatar\/a21ec8835290e4e02ed0886b8cb327d807d0eb6ec8ccf25d4c2a0a415f506c0d?s=96&d=mm&r=g","caption":"Lluis"},"url":"https:\/\/canfali.com\/ca-es\/author\/lluis\/"}]}},"_links":{"self":[{"href":"https:\/\/canfali.com\/ca-es\/wp-json\/wp\/v2\/posts\/95498","targetHints":{"allow":["GET"]}}],"collection":[{"href":"https:\/\/canfali.com\/ca-es\/wp-json\/wp\/v2\/posts"}],"about":[{"href":"https:\/\/canfali.com\/ca-es\/wp-json\/wp\/v2\/types\/post"}],"author":[{"embeddable":true,"href":"https:\/\/canfali.com\/ca-es\/wp-json\/wp\/v2\/users\/8"}],"replies":[{"embeddable":true,"href":"https:\/\/canfali.com\/ca-es\/wp-json\/wp\/v2\/comments?post=95498"}],"version-history":[{"count":1,"href":"https:\/\/canfali.com\/ca-es\/wp-json\/wp\/v2\/posts\/95498\/revisions"}],"predecessor-version":[{"id":95499,"href":"https:\/\/canfali.com\/ca-es\/wp-json\/wp\/v2\/posts\/95498\/revisions\/95499"}],"wp:featuredmedia":[{"embeddable":true,"href":"https:\/\/canfali.com\/ca-es\/wp-json\/wp\/v2\/media\/95494"}],"wp:attachment":[{"href":"https:\/\/canfali.com\/ca-es\/wp-json\/wp\/v2\/media?parent=95498"}],"wp:term":[{"taxonomy":"category","embeddable":true,"href":"https:\/\/canfali.com\/ca-es\/wp-json\/wp\/v2\/categories?post=95498"},{"taxonomy":"post_tag","embeddable":true,"href":"https:\/\/canfali.com\/ca-es\/wp-json\/wp\/v2\/tags?post=95498"}],"curies":[{"name":"wp","href":"https:\/\/api.w.org\/{rel}","templated":true}]}}