{"id":95483,"date":"2026-04-27T17:45:11","date_gmt":"2026-04-27T15:45:11","guid":{"rendered":"https:\/\/canfali.com\/pedreguer-celebra-larribada-del-correllengua-amb-una-jornada-festiva-i-cultural\/"},"modified":"2026-04-27T17:48:53","modified_gmt":"2026-04-27T15:48:53","slug":"pedreguer-celebra-larribada-del-correllengua-amb-una-jornada-festiva-i-cultural","status":"publish","type":"post","link":"https:\/\/canfali.com\/ca-es\/pedreguer-celebra-larribada-del-correllengua-amb-una-jornada-festiva-i-cultural\/","title":{"rendered":"Pedreguer celebra l\u2019arribada del Correllengua amb una jornada festiva i cultural"},"content":{"rendered":"\n<p><p class=\"p1\">Pedreguer ha celebrat este diumenge l\u2019arribada del Correllengua Agermanat amb una completa programaci\u00f3 d\u2019activitats culturals i festives que han tingut com a escenari principal la pla\u00e7a de l\u2019Amistat.<\/p><\/p>\n\n<figure class=\"wp-block-image size-large\"><img fetchpriority=\"high\" decoding=\"async\" width=\"1024\" height=\"473\" src=\"https:\/\/canfali.com\/app\/uploads\/2026\/04\/8correllengua10-1024x473.jpeg\" alt=\"\" class=\"wp-image-95460\" srcset=\"https:\/\/canfali.com\/app\/uploads\/2026\/04\/8correllengua10-1024x473.jpeg 1024w, https:\/\/canfali.com\/app\/uploads\/2026\/04\/8correllengua10-300x139.jpeg 300w, https:\/\/canfali.com\/app\/uploads\/2026\/04\/8correllengua10-768x355.jpeg 768w, https:\/\/canfali.com\/app\/uploads\/2026\/04\/8correllengua10-1536x710.jpeg 1536w, https:\/\/canfali.com\/app\/uploads\/2026\/04\/8correllengua10-332x153.jpeg 332w, https:\/\/canfali.com\/app\/uploads\/2026\/04\/8correllengua10-664x307.jpeg 664w, https:\/\/canfali.com\/app\/uploads\/2026\/04\/8correllengua10-688x318.jpeg 688w, https:\/\/canfali.com\/app\/uploads\/2026\/04\/8correllengua10-1044x482.jpeg 1044w, https:\/\/canfali.com\/app\/uploads\/2026\/04\/8correllengua10-1400x647.jpeg 1400w, https:\/\/canfali.com\/app\/uploads\/2026\/04\/8correllengua10-1920x887.jpeg 1920w, https:\/\/canfali.com\/app\/uploads\/2026\/04\/8correllengua10.jpeg 2000w\" sizes=\"(max-width: 1024px) 100vw, 1024px\" \/><\/figure>\n\n<p><p class=\"p1\">La jornada va comptar amb el contacontes <i>\u201cJoanna Salvallibres\u201d<\/i>, a c\u00e0rrec de Sarima Tacos, i posteriorment hi va haver un dinar popular. A la vesprada, la programaci\u00f3 va continuar amb les actuacions de Marta Shanti i del grup Fardatxo, a les 16 hores.<\/p><\/p>\n\n<figure class=\"wp-block-image size-large\"><img decoding=\"async\" width=\"1024\" height=\"576\" src=\"https:\/\/canfali.com\/app\/uploads\/2026\/04\/8correllengua9-1024x576.jpeg\" alt=\"\" class=\"wp-image-95462\" srcset=\"https:\/\/canfali.com\/app\/uploads\/2026\/04\/8correllengua9-1024x576.jpeg 1024w, https:\/\/canfali.com\/app\/uploads\/2026\/04\/8correllengua9-300x169.jpeg 300w, https:\/\/canfali.com\/app\/uploads\/2026\/04\/8correllengua9-768x432.jpeg 768w, https:\/\/canfali.com\/app\/uploads\/2026\/04\/8correllengua9-1536x864.jpeg 1536w, https:\/\/canfali.com\/app\/uploads\/2026\/04\/8correllengua9-332x187.jpeg 332w, https:\/\/canfali.com\/app\/uploads\/2026\/04\/8correllengua9-664x374.jpeg 664w, https:\/\/canfali.com\/app\/uploads\/2026\/04\/8correllengua9-688x387.jpeg 688w, https:\/\/canfali.com\/app\/uploads\/2026\/04\/8correllengua9-1376x774.jpeg 1376w, https:\/\/canfali.com\/app\/uploads\/2026\/04\/8correllengua9-1044x587.jpeg 1044w, https:\/\/canfali.com\/app\/uploads\/2026\/04\/8correllengua9-1400x788.jpeg 1400w, https:\/\/canfali.com\/app\/uploads\/2026\/04\/8correllengua9.jpeg 1920w\" sizes=\"(max-width: 1024px) 100vw, 1024px\" \/><\/figure>\n\n<p>El moment principal de la jornada va ser l\u2019arribada de la Flama, acompanyada pels Traginers, seguida de la lectura del manifest a c\u00e0rrec de Marina Mulet. L\u2019entrada del Correllengua va estar animada per la batucada Colla de Bandolers. Tamb\u00e9 hi va haver un castell hum\u00e0 a c\u00e0rrec d\u2019una muixeranga.&#13;\n<\/p>\n\n<p>La jornada va concloure amb l\u2019actuaci\u00f3 de la Bandeta de l\u2019IES Pedreguer, que va acompanyar l\u2019eixida de la Flama.&#13;\n<\/p>\n\n<p>El Casal Cultural Jaume I de Pedreguer agraeix la col\u00b7laboraci\u00f3 de l\u2019Ajuntament i de la Policia Local per la seua contribuci\u00f3 a l\u2019\u00e8xit de la jornada.&#13;\n<\/p>\n\n<figure class=\"wp-block-image size-large\"><img decoding=\"async\" width=\"1024\" height=\"473\" src=\"https:\/\/canfali.com\/app\/uploads\/2026\/04\/8correllengua12-1024x473.jpeg\" alt=\"\" class=\"wp-image-95468\" srcset=\"https:\/\/canfali.com\/app\/uploads\/2026\/04\/8correllengua12-1024x473.jpeg 1024w, https:\/\/canfali.com\/app\/uploads\/2026\/04\/8correllengua12-300x139.jpeg 300w, https:\/\/canfali.com\/app\/uploads\/2026\/04\/8correllengua12-768x355.jpeg 768w, https:\/\/canfali.com\/app\/uploads\/2026\/04\/8correllengua12-1536x710.jpeg 1536w, https:\/\/canfali.com\/app\/uploads\/2026\/04\/8correllengua12-332x153.jpeg 332w, https:\/\/canfali.com\/app\/uploads\/2026\/04\/8correllengua12-664x307.jpeg 664w, https:\/\/canfali.com\/app\/uploads\/2026\/04\/8correllengua12-688x318.jpeg 688w, https:\/\/canfali.com\/app\/uploads\/2026\/04\/8correllengua12-1044x482.jpeg 1044w, https:\/\/canfali.com\/app\/uploads\/2026\/04\/8correllengua12-1400x647.jpeg 1400w, https:\/\/canfali.com\/app\/uploads\/2026\/04\/8correllengua12-1920x887.jpeg 1920w, https:\/\/canfali.com\/app\/uploads\/2026\/04\/8correllengua12.jpeg 2000w\" sizes=\"(max-width: 1024px) 100vw, 1024px\" \/><\/figure>\n\n<figure class=\"wp-block-gallery has-nested-images columns-default is-cropped wp-block-gallery-15 is-layout-flex wp-block-gallery-is-layout-flex\">\n<figure class=\"wp-block-image size-large\"><img loading=\"lazy\" decoding=\"async\" width=\"827\" height=\"1024\" data-id=\"95478\" src=\"https:\/\/canfali.com\/app\/uploads\/2026\/04\/WhatsApp-Image-2026-04-27-at-10.25.15-827x1024.jpeg\" alt=\"\" class=\"wp-image-95478\" srcset=\"https:\/\/canfali.com\/app\/uploads\/2026\/04\/WhatsApp-Image-2026-04-27-at-10.25.15-827x1024.jpeg 827w, https:\/\/canfali.com\/app\/uploads\/2026\/04\/WhatsApp-Image-2026-04-27-at-10.25.15-242x300.jpeg 242w, https:\/\/canfali.com\/app\/uploads\/2026\/04\/WhatsApp-Image-2026-04-27-at-10.25.15-768x951.jpeg 768w, https:\/\/canfali.com\/app\/uploads\/2026\/04\/WhatsApp-Image-2026-04-27-at-10.25.15-332x411.jpeg 332w, https:\/\/canfali.com\/app\/uploads\/2026\/04\/WhatsApp-Image-2026-04-27-at-10.25.15-664x823.jpeg 664w, https:\/\/canfali.com\/app\/uploads\/2026\/04\/WhatsApp-Image-2026-04-27-at-10.25.15-688x852.jpeg 688w, https:\/\/canfali.com\/app\/uploads\/2026\/04\/WhatsApp-Image-2026-04-27-at-10.25.15-1044x1293.jpeg 1044w, https:\/\/canfali.com\/app\/uploads\/2026\/04\/WhatsApp-Image-2026-04-27-at-10.25.15.jpeg 1240w\" sizes=\"(max-width: 827px) 100vw, 827px\" \/><\/figure>\n\n\n\n<figure class=\"wp-block-image size-large\"><img loading=\"lazy\" decoding=\"async\" width=\"621\" height=\"1024\" data-id=\"95480\" src=\"https:\/\/canfali.com\/app\/uploads\/2026\/04\/WhatsApp-Image-2026-04-27-at-10.25.49-2-621x1024.jpeg\" alt=\"\" class=\"wp-image-95480\" srcset=\"https:\/\/canfali.com\/app\/uploads\/2026\/04\/WhatsApp-Image-2026-04-27-at-10.25.49-2-621x1024.jpeg 621w, https:\/\/canfali.com\/app\/uploads\/2026\/04\/WhatsApp-Image-2026-04-27-at-10.25.49-2-182x300.jpeg 182w, https:\/\/canfali.com\/app\/uploads\/2026\/04\/WhatsApp-Image-2026-04-27-at-10.25.49-2-768x1266.jpeg 768w, https:\/\/canfali.com\/app\/uploads\/2026\/04\/WhatsApp-Image-2026-04-27-at-10.25.49-2-332x547.jpeg 332w, https:\/\/canfali.com\/app\/uploads\/2026\/04\/WhatsApp-Image-2026-04-27-at-10.25.49-2-664x1095.jpeg 664w, https:\/\/canfali.com\/app\/uploads\/2026\/04\/WhatsApp-Image-2026-04-27-at-10.25.49-2-688x1135.jpeg 688w, https:\/\/canfali.com\/app\/uploads\/2026\/04\/WhatsApp-Image-2026-04-27-at-10.25.49-2.jpeg 849w\" sizes=\"(max-width: 621px) 100vw, 621px\" \/><\/figure>\n<\/figure>\n\n<figure class=\"wp-block-video\"><video height=\"850\" style=\"aspect-ratio: 478 \/ 850;\" width=\"478\" controls=\"\" src=\"https:\/\/canfali.com\/app\/uploads\/2026\/04\/WhatsApp-Video-2026-04-27-at-10.29.24.mp4\"><\/video><\/figure>\n","protected":false},"excerpt":{"rendered":"Pedreguer ha celebrat este diumenge l\u2019arribada del Correllengua Agermanat amb una completa programaci\u00f3 d\u2019activitats culturals i festives que&hellip;","protected":false},"author":8,"featured_media":95459,"comment_status":"closed","ping_status":"open","sticky":false,"template":"","format":"standard","meta":{"csco_display_header_overlay":false,"csco_singular_sidebar":"","csco_page_header_type":"","csco_page_load_nextpost":"","csco_post_video_location":[],"csco_post_video_location_hash":"","csco_post_video_url":"","csco_post_video_bg_start_time":0,"csco_post_video_bg_end_time":0,"footnotes":""},"categories":[579,597],"tags":[],"class_list":{"0":"post-95483","1":"post","2":"type-post","3":"status-publish","4":"format-standard","5":"has-post-thumbnail","7":"category-cultura-2","8":"category-cultura-ca-es","9":"cs-entry","10":"cs-video-wrap"},"yoast_head":"<!-- This site is optimized with the Yoast SEO Premium plugin v26.6 (Yoast SEO v27.3) - https:\/\/yoast.com\/product\/yoast-seo-premium-wordpress\/ -->\n<title>Pedreguer celebra l\u2019arribada del Correllengua amb una jornada festiva i cultural - Canfali<\/title>\n<meta name=\"description\" content=\"El moment principal de la jornada va ser l\u2019arribada de la Flama i la lectura del manifest a c\u00e0rrec de Marina Mulet\" \/>\n<meta name=\"robots\" content=\"index, follow, max-snippet:-1, max-image-preview:large, max-video-preview:-1\" \/>\n<link rel=\"canonical\" href=\"https:\/\/canfali.com\/ca-es\/pedreguer-celebra-larribada-del-correllengua-amb-una-jornada-festiva-i-cultural\/\" \/>\n<meta property=\"og:locale\" content=\"en_US\" \/>\n<meta property=\"og:type\" content=\"article\" \/>\n<meta property=\"og:title\" content=\"Pedreguer celebra l\u2019arribada del Correllengua amb una jornada festiva i cultural\" \/>\n<meta property=\"og:description\" content=\"El moment principal de la jornada va ser l\u2019arribada de la Flama i la lectura del manifest a c\u00e0rrec de Marina Mulet\" \/>\n<meta property=\"og:url\" content=\"https:\/\/canfali.com\/ca-es\/pedreguer-celebra-larribada-del-correllengua-amb-una-jornada-festiva-i-cultural\/\" \/>\n<meta property=\"og:site_name\" content=\"Canfali\" \/>\n<meta property=\"article:publisher\" content=\"https:\/\/es-es.facebook.com\/CANFALIMarinaAlta\" \/>\n<meta property=\"article:published_time\" content=\"2026-04-27T15:45:11+00:00\" \/>\n<meta property=\"article:modified_time\" content=\"2026-04-27T15:48:53+00:00\" \/>\n<meta property=\"og:image\" content=\"https:\/\/canfali.com\/app\/uploads\/2026\/04\/8correllengua11.jpeg\" \/>\n\t<meta property=\"og:image:width\" content=\"2000\" \/>\n\t<meta property=\"og:image:height\" content=\"924\" \/>\n\t<meta property=\"og:image:type\" content=\"image\/jpeg\" \/>\n<meta name=\"author\" content=\"Lluis\" \/>\n<meta name=\"twitter:card\" content=\"summary_large_image\" \/>\n<meta name=\"twitter:creator\" content=\"@canfalima\" \/>\n<meta name=\"twitter:site\" content=\"@canfalima\" \/>\n<meta name=\"twitter:label1\" content=\"Written by\" \/>\n\t<meta name=\"twitter:data1\" content=\"Lluis\" \/>\n\t<meta name=\"twitter:label2\" content=\"Est. reading time\" \/>\n\t<meta name=\"twitter:data2\" content=\"1 minute\" \/>\n<script type=\"application\/ld+json\" class=\"yoast-schema-graph\">{\"@context\":\"https:\\\/\\\/schema.org\",\"@graph\":[{\"@type\":\"NewsArticle\",\"@id\":\"https:\\\/\\\/canfali.com\\\/ca-es\\\/pedreguer-celebra-larribada-del-correllengua-amb-una-jornada-festiva-i-cultural\\\/#article\",\"isPartOf\":{\"@id\":\"https:\\\/\\\/canfali.com\\\/ca-es\\\/pedreguer-celebra-larribada-del-correllengua-amb-una-jornada-festiva-i-cultural\\\/\"},\"author\":{\"name\":\"Lluis\",\"@id\":\"https:\\\/\\\/canfali.com\\\/ca-es\\\/#\\\/schema\\\/person\\\/f540a86fb33e10daaae53c59ceaa1194\"},\"headline\":\"Pedreguer celebra l\u2019arribada del Correllengua amb una jornada festiva i cultural\",\"datePublished\":\"2026-04-27T15:45:11+00:00\",\"dateModified\":\"2026-04-27T15:48:53+00:00\",\"mainEntityOfPage\":{\"@id\":\"https:\\\/\\\/canfali.com\\\/ca-es\\\/pedreguer-celebra-larribada-del-correllengua-amb-una-jornada-festiva-i-cultural\\\/\"},\"wordCount\":192,\"publisher\":{\"@id\":\"https:\\\/\\\/canfali.com\\\/ca-es\\\/#organization\"},\"image\":{\"@id\":\"https:\\\/\\\/canfali.com\\\/ca-es\\\/pedreguer-celebra-larribada-del-correllengua-amb-una-jornada-festiva-i-cultural\\\/#primaryimage\"},\"thumbnailUrl\":\"https:\\\/\\\/canfali.com\\\/app\\\/uploads\\\/2026\\\/04\\\/8correllengua11.jpeg\",\"articleSection\":[\"Cultura\",\"Cultura\"],\"inLanguage\":\"va-ES\",\"copyrightYear\":\"2026\",\"copyrightHolder\":{\"@id\":\"https:\\\/\\\/canfali.com\\\/#organization\"}},{\"@type\":\"WebPage\",\"@id\":\"https:\\\/\\\/canfali.com\\\/ca-es\\\/pedreguer-celebra-larribada-del-correllengua-amb-una-jornada-festiva-i-cultural\\\/\",\"url\":\"https:\\\/\\\/canfali.com\\\/ca-es\\\/pedreguer-celebra-larribada-del-correllengua-amb-una-jornada-festiva-i-cultural\\\/\",\"name\":\"Pedreguer celebra l\u2019arribada del Correllengua amb una jornada festiva i cultural - Canfali\",\"isPartOf\":{\"@id\":\"https:\\\/\\\/canfali.com\\\/ca-es\\\/#website\"},\"primaryImageOfPage\":{\"@id\":\"https:\\\/\\\/canfali.com\\\/ca-es\\\/pedreguer-celebra-larribada-del-correllengua-amb-una-jornada-festiva-i-cultural\\\/#primaryimage\"},\"image\":{\"@id\":\"https:\\\/\\\/canfali.com\\\/ca-es\\\/pedreguer-celebra-larribada-del-correllengua-amb-una-jornada-festiva-i-cultural\\\/#primaryimage\"},\"thumbnailUrl\":\"https:\\\/\\\/canfali.com\\\/app\\\/uploads\\\/2026\\\/04\\\/8correllengua11.jpeg\",\"datePublished\":\"2026-04-27T15:45:11+00:00\",\"dateModified\":\"2026-04-27T15:48:53+00:00\",\"description\":\"El moment principal de la jornada va ser l\u2019arribada de la Flama i la lectura del manifest a c\u00e0rrec de Marina Mulet\",\"breadcrumb\":{\"@id\":\"https:\\\/\\\/canfali.com\\\/ca-es\\\/pedreguer-celebra-larribada-del-correllengua-amb-una-jornada-festiva-i-cultural\\\/#breadcrumb\"},\"inLanguage\":\"va-ES\",\"potentialAction\":[{\"@type\":\"ReadAction\",\"target\":[\"https:\\\/\\\/canfali.com\\\/ca-es\\\/pedreguer-celebra-larribada-del-correllengua-amb-una-jornada-festiva-i-cultural\\\/\"]}]},{\"@type\":\"ImageObject\",\"inLanguage\":\"va-ES\",\"@id\":\"https:\\\/\\\/canfali.com\\\/ca-es\\\/pedreguer-celebra-larribada-del-correllengua-amb-una-jornada-festiva-i-cultural\\\/#primaryimage\",\"url\":\"https:\\\/\\\/canfali.com\\\/app\\\/uploads\\\/2026\\\/04\\\/8correllengua11.jpeg\",\"contentUrl\":\"https:\\\/\\\/canfali.com\\\/app\\\/uploads\\\/2026\\\/04\\\/8correllengua11.jpeg\",\"width\":2000,\"height\":924},{\"@type\":\"BreadcrumbList\",\"@id\":\"https:\\\/\\\/canfali.com\\\/ca-es\\\/pedreguer-celebra-larribada-del-correllengua-amb-una-jornada-festiva-i-cultural\\\/#breadcrumb\",\"itemListElement\":[{\"@type\":\"ListItem\",\"position\":1,\"name\":\"Portada\",\"item\":\"https:\\\/\\\/canfali.com\\\/ca-es\\\/\"},{\"@type\":\"ListItem\",\"position\":2,\"name\":\"Pedreguer celebra l\u2019arribada del Correllengua amb una jornada festiva i cultural\"}]},{\"@type\":\"WebSite\",\"@id\":\"https:\\\/\\\/canfali.com\\\/ca-es\\\/#website\",\"url\":\"https:\\\/\\\/canfali.com\\\/ca-es\\\/\",\"name\":\"Canfali\",\"description\":\"\",\"publisher\":{\"@id\":\"https:\\\/\\\/canfali.com\\\/ca-es\\\/#organization\"},\"potentialAction\":[{\"@type\":\"SearchAction\",\"target\":{\"@type\":\"EntryPoint\",\"urlTemplate\":\"https:\\\/\\\/canfali.com\\\/ca-es\\\/?s={search_term_string}\"},\"query-input\":{\"@type\":\"PropertyValueSpecification\",\"valueRequired\":true,\"valueName\":\"search_term_string\"}}],\"inLanguage\":\"va-ES\"},{\"@type\":\"Organization\",\"@id\":\"https:\\\/\\\/canfali.com\\\/ca-es\\\/#organization\",\"name\":\"Canfali\",\"url\":\"https:\\\/\\\/canfali.com\\\/ca-es\\\/\",\"logo\":{\"@type\":\"ImageObject\",\"inLanguage\":\"va-ES\",\"@id\":\"https:\\\/\\\/canfali.com\\\/ca-es\\\/#\\\/schema\\\/logo\\\/image\\\/\",\"url\":\"https:\\\/\\\/canfali.com\\\/app\\\/uploads\\\/2025\\\/12\\\/canfali_marina_alta_logo.png\",\"contentUrl\":\"https:\\\/\\\/canfali.com\\\/app\\\/uploads\\\/2025\\\/12\\\/canfali_marina_alta_logo.png\",\"width\":225,\"height\":225,\"caption\":\"Canfali\"},\"image\":{\"@id\":\"https:\\\/\\\/canfali.com\\\/ca-es\\\/#\\\/schema\\\/logo\\\/image\\\/\"},\"sameAs\":[\"https:\\\/\\\/es-es.facebook.com\\\/CANFALIMarinaAlta\",\"https:\\\/\\\/x.com\\\/canfalima\",\"https:\\\/\\\/www.instagram.com\\\/canfalimarinaalta\\\/\"]},{\"@type\":\"Person\",\"@id\":\"https:\\\/\\\/canfali.com\\\/ca-es\\\/#\\\/schema\\\/person\\\/f540a86fb33e10daaae53c59ceaa1194\",\"name\":\"Lluis\",\"image\":{\"@type\":\"ImageObject\",\"inLanguage\":\"va-ES\",\"@id\":\"https:\\\/\\\/secure.gravatar.com\\\/avatar\\\/a21ec8835290e4e02ed0886b8cb327d807d0eb6ec8ccf25d4c2a0a415f506c0d?s=96&d=mm&r=g\",\"url\":\"https:\\\/\\\/secure.gravatar.com\\\/avatar\\\/a21ec8835290e4e02ed0886b8cb327d807d0eb6ec8ccf25d4c2a0a415f506c0d?s=96&d=mm&r=g\",\"contentUrl\":\"https:\\\/\\\/secure.gravatar.com\\\/avatar\\\/a21ec8835290e4e02ed0886b8cb327d807d0eb6ec8ccf25d4c2a0a415f506c0d?s=96&d=mm&r=g\",\"caption\":\"Lluis\"},\"url\":\"https:\\\/\\\/canfali.com\\\/ca-es\\\/author\\\/lluis\\\/\"}]}<\/script>\n<!-- \/ Yoast SEO Premium plugin. -->","yoast_head_json":{"title":"Pedreguer celebra l\u2019arribada del Correllengua amb una jornada festiva i cultural - Canfali","description":"El moment principal de la jornada va ser l\u2019arribada de la Flama i la lectura del manifest a c\u00e0rrec de Marina Mulet","robots":{"index":"index","follow":"follow","max-snippet":"max-snippet:-1","max-image-preview":"max-image-preview:large","max-video-preview":"max-video-preview:-1"},"canonical":"https:\/\/canfali.com\/ca-es\/pedreguer-celebra-larribada-del-correllengua-amb-una-jornada-festiva-i-cultural\/","og_locale":"en_US","og_type":"article","og_title":"Pedreguer celebra l\u2019arribada del Correllengua amb una jornada festiva i cultural","og_description":"El moment principal de la jornada va ser l\u2019arribada de la Flama i la lectura del manifest a c\u00e0rrec de Marina Mulet","og_url":"https:\/\/canfali.com\/ca-es\/pedreguer-celebra-larribada-del-correllengua-amb-una-jornada-festiva-i-cultural\/","og_site_name":"Canfali","article_publisher":"https:\/\/es-es.facebook.com\/CANFALIMarinaAlta","article_published_time":"2026-04-27T15:45:11+00:00","article_modified_time":"2026-04-27T15:48:53+00:00","og_image":[{"width":2000,"height":924,"url":"https:\/\/canfali.com\/app\/uploads\/2026\/04\/8correllengua11.jpeg","type":"image\/jpeg"}],"author":"Lluis","twitter_card":"summary_large_image","twitter_creator":"@canfalima","twitter_site":"@canfalima","twitter_misc":{"Written by":"Lluis","Est. reading time":"1 minute"},"schema":{"@context":"https:\/\/schema.org","@graph":[{"@type":"NewsArticle","@id":"https:\/\/canfali.com\/ca-es\/pedreguer-celebra-larribada-del-correllengua-amb-una-jornada-festiva-i-cultural\/#article","isPartOf":{"@id":"https:\/\/canfali.com\/ca-es\/pedreguer-celebra-larribada-del-correllengua-amb-una-jornada-festiva-i-cultural\/"},"author":{"name":"Lluis","@id":"https:\/\/canfali.com\/ca-es\/#\/schema\/person\/f540a86fb33e10daaae53c59ceaa1194"},"headline":"Pedreguer celebra l\u2019arribada del Correllengua amb una jornada festiva i cultural","datePublished":"2026-04-27T15:45:11+00:00","dateModified":"2026-04-27T15:48:53+00:00","mainEntityOfPage":{"@id":"https:\/\/canfali.com\/ca-es\/pedreguer-celebra-larribada-del-correllengua-amb-una-jornada-festiva-i-cultural\/"},"wordCount":192,"publisher":{"@id":"https:\/\/canfali.com\/ca-es\/#organization"},"image":{"@id":"https:\/\/canfali.com\/ca-es\/pedreguer-celebra-larribada-del-correllengua-amb-una-jornada-festiva-i-cultural\/#primaryimage"},"thumbnailUrl":"https:\/\/canfali.com\/app\/uploads\/2026\/04\/8correllengua11.jpeg","articleSection":["Cultura","Cultura"],"inLanguage":"va-ES","copyrightYear":"2026","copyrightHolder":{"@id":"https:\/\/canfali.com\/#organization"}},{"@type":"WebPage","@id":"https:\/\/canfali.com\/ca-es\/pedreguer-celebra-larribada-del-correllengua-amb-una-jornada-festiva-i-cultural\/","url":"https:\/\/canfali.com\/ca-es\/pedreguer-celebra-larribada-del-correllengua-amb-una-jornada-festiva-i-cultural\/","name":"Pedreguer celebra l\u2019arribada del Correllengua amb una jornada festiva i cultural - Canfali","isPartOf":{"@id":"https:\/\/canfali.com\/ca-es\/#website"},"primaryImageOfPage":{"@id":"https:\/\/canfali.com\/ca-es\/pedreguer-celebra-larribada-del-correllengua-amb-una-jornada-festiva-i-cultural\/#primaryimage"},"image":{"@id":"https:\/\/canfali.com\/ca-es\/pedreguer-celebra-larribada-del-correllengua-amb-una-jornada-festiva-i-cultural\/#primaryimage"},"thumbnailUrl":"https:\/\/canfali.com\/app\/uploads\/2026\/04\/8correllengua11.jpeg","datePublished":"2026-04-27T15:45:11+00:00","dateModified":"2026-04-27T15:48:53+00:00","description":"El moment principal de la jornada va ser l\u2019arribada de la Flama i la lectura del manifest a c\u00e0rrec de Marina Mulet","breadcrumb":{"@id":"https:\/\/canfali.com\/ca-es\/pedreguer-celebra-larribada-del-correllengua-amb-una-jornada-festiva-i-cultural\/#breadcrumb"},"inLanguage":"va-ES","potentialAction":[{"@type":"ReadAction","target":["https:\/\/canfali.com\/ca-es\/pedreguer-celebra-larribada-del-correllengua-amb-una-jornada-festiva-i-cultural\/"]}]},{"@type":"ImageObject","inLanguage":"va-ES","@id":"https:\/\/canfali.com\/ca-es\/pedreguer-celebra-larribada-del-correllengua-amb-una-jornada-festiva-i-cultural\/#primaryimage","url":"https:\/\/canfali.com\/app\/uploads\/2026\/04\/8correllengua11.jpeg","contentUrl":"https:\/\/canfali.com\/app\/uploads\/2026\/04\/8correllengua11.jpeg","width":2000,"height":924},{"@type":"BreadcrumbList","@id":"https:\/\/canfali.com\/ca-es\/pedreguer-celebra-larribada-del-correllengua-amb-una-jornada-festiva-i-cultural\/#breadcrumb","itemListElement":[{"@type":"ListItem","position":1,"name":"Portada","item":"https:\/\/canfali.com\/ca-es\/"},{"@type":"ListItem","position":2,"name":"Pedreguer celebra l\u2019arribada del Correllengua amb una jornada festiva i cultural"}]},{"@type":"WebSite","@id":"https:\/\/canfali.com\/ca-es\/#website","url":"https:\/\/canfali.com\/ca-es\/","name":"Canfali","description":"","publisher":{"@id":"https:\/\/canfali.com\/ca-es\/#organization"},"potentialAction":[{"@type":"SearchAction","target":{"@type":"EntryPoint","urlTemplate":"https:\/\/canfali.com\/ca-es\/?s={search_term_string}"},"query-input":{"@type":"PropertyValueSpecification","valueRequired":true,"valueName":"search_term_string"}}],"inLanguage":"va-ES"},{"@type":"Organization","@id":"https:\/\/canfali.com\/ca-es\/#organization","name":"Canfali","url":"https:\/\/canfali.com\/ca-es\/","logo":{"@type":"ImageObject","inLanguage":"va-ES","@id":"https:\/\/canfali.com\/ca-es\/#\/schema\/logo\/image\/","url":"https:\/\/canfali.com\/app\/uploads\/2025\/12\/canfali_marina_alta_logo.png","contentUrl":"https:\/\/canfali.com\/app\/uploads\/2025\/12\/canfali_marina_alta_logo.png","width":225,"height":225,"caption":"Canfali"},"image":{"@id":"https:\/\/canfali.com\/ca-es\/#\/schema\/logo\/image\/"},"sameAs":["https:\/\/es-es.facebook.com\/CANFALIMarinaAlta","https:\/\/x.com\/canfalima","https:\/\/www.instagram.com\/canfalimarinaalta\/"]},{"@type":"Person","@id":"https:\/\/canfali.com\/ca-es\/#\/schema\/person\/f540a86fb33e10daaae53c59ceaa1194","name":"Lluis","image":{"@type":"ImageObject","inLanguage":"va-ES","@id":"https:\/\/secure.gravatar.com\/avatar\/a21ec8835290e4e02ed0886b8cb327d807d0eb6ec8ccf25d4c2a0a415f506c0d?s=96&d=mm&r=g","url":"https:\/\/secure.gravatar.com\/avatar\/a21ec8835290e4e02ed0886b8cb327d807d0eb6ec8ccf25d4c2a0a415f506c0d?s=96&d=mm&r=g","contentUrl":"https:\/\/secure.gravatar.com\/avatar\/a21ec8835290e4e02ed0886b8cb327d807d0eb6ec8ccf25d4c2a0a415f506c0d?s=96&d=mm&r=g","caption":"Lluis"},"url":"https:\/\/canfali.com\/ca-es\/author\/lluis\/"}]}},"_links":{"self":[{"href":"https:\/\/canfali.com\/ca-es\/wp-json\/wp\/v2\/posts\/95483","targetHints":{"allow":["GET"]}}],"collection":[{"href":"https:\/\/canfali.com\/ca-es\/wp-json\/wp\/v2\/posts"}],"about":[{"href":"https:\/\/canfali.com\/ca-es\/wp-json\/wp\/v2\/types\/post"}],"author":[{"embeddable":true,"href":"https:\/\/canfali.com\/ca-es\/wp-json\/wp\/v2\/users\/8"}],"replies":[{"embeddable":true,"href":"https:\/\/canfali.com\/ca-es\/wp-json\/wp\/v2\/comments?post=95483"}],"version-history":[{"count":1,"href":"https:\/\/canfali.com\/ca-es\/wp-json\/wp\/v2\/posts\/95483\/revisions"}],"predecessor-version":[{"id":95484,"href":"https:\/\/canfali.com\/ca-es\/wp-json\/wp\/v2\/posts\/95483\/revisions\/95484"}],"wp:featuredmedia":[{"embeddable":true,"href":"https:\/\/canfali.com\/ca-es\/wp-json\/wp\/v2\/media\/95459"}],"wp:attachment":[{"href":"https:\/\/canfali.com\/ca-es\/wp-json\/wp\/v2\/media?parent=95483"}],"wp:term":[{"taxonomy":"category","embeddable":true,"href":"https:\/\/canfali.com\/ca-es\/wp-json\/wp\/v2\/categories?post=95483"},{"taxonomy":"post_tag","embeddable":true,"href":"https:\/\/canfali.com\/ca-es\/wp-json\/wp\/v2\/tags?post=95483"}],"curies":[{"name":"wp","href":"https:\/\/api.w.org\/{rel}","templated":true}]}}