{"id":95452,"date":"2026-04-27T17:25:20","date_gmt":"2026-04-27T15:25:20","guid":{"rendered":"https:\/\/canfali.com\/promocio-spa-daniya-denia-benestar-davant-del-mediterrani-amb-ofertes-especials-per-a-residents-i-dia-de-la-mare\/"},"modified":"2026-04-27T17:38:43","modified_gmt":"2026-04-27T15:38:43","slug":"promocio-spa-daniya-denia-benestar-davant-del-mediterrani-amb-ofertes-especials-per-a-residents-i-dia-de-la-mare","status":"publish","type":"post","link":"https:\/\/canfali.com\/ca-es\/promocio-spa-daniya-denia-benestar-davant-del-mediterrani-amb-ofertes-especials-per-a-residents-i-dia-de-la-mare\/","title":{"rendered":"Promoci\u00f3 Spa Daniya D\u00e9nia: benestar davant del Mediterrani amb ofertes especials per a residents i Dia de la Mare"},"content":{"rendered":"\n<p>El Spa Daniya D\u00e9nia es consolida com un espai de refer\u00e8ncia per al benestar a la Marina Alta, un lloc pensat per a desconnectar del ritme diari i reconnectar amb l\u2019equilibri f\u00edsic i mental en un entorn privilegiat al costat del Mediterrani. M\u00e9s que un simple dia de spa, l\u2019experi\u00e8ncia es planteja com un aut\u00e8ntic ritual de relaxaci\u00f3. El circuit inclou piscina amb hidromassatge, terma romana, bany turc, dutxa de contrastos, Sala Harmony i espais d\u2019aromater\u00e0pia, dissenyats per a activar la circulaci\u00f3, alliberar tensions i afavorir una sensaci\u00f3 de calma profunda.&#13;\n<\/p>\n\n<figure class=\"wp-block-gallery has-nested-images columns-default is-cropped wp-block-gallery-15 is-layout-flex wp-block-gallery-is-layout-flex\">\n<figure class=\"wp-block-image size-large\"><img fetchpriority=\"high\" decoding=\"async\" width=\"575\" height=\"1024\" data-id=\"95445\" src=\"https:\/\/canfali.com\/app\/uploads\/2026\/04\/daniya6-575x1024.jpg\" alt=\"\" class=\"wp-image-95445\" srcset=\"https:\/\/canfali.com\/app\/uploads\/2026\/04\/daniya6-575x1024.jpg 575w, https:\/\/canfali.com\/app\/uploads\/2026\/04\/daniya6-168x300.jpg 168w, https:\/\/canfali.com\/app\/uploads\/2026\/04\/daniya6-768x1368.jpg 768w, https:\/\/canfali.com\/app\/uploads\/2026\/04\/daniya6-862x1536.jpg 862w, https:\/\/canfali.com\/app\/uploads\/2026\/04\/daniya6-1150x2048.jpg 1150w, https:\/\/canfali.com\/app\/uploads\/2026\/04\/daniya6-332x591.jpg 332w, https:\/\/canfali.com\/app\/uploads\/2026\/04\/daniya6-664x1183.jpg 664w, https:\/\/canfali.com\/app\/uploads\/2026\/04\/daniya6-688x1226.jpg 688w, https:\/\/canfali.com\/app\/uploads\/2026\/04\/daniya6-1044x1860.jpg 1044w, https:\/\/canfali.com\/app\/uploads\/2026\/04\/daniya6-1400x2494.jpg 1400w, https:\/\/canfali.com\/app\/uploads\/2026\/04\/daniya6-1920x3420.jpg 1920w, https:\/\/canfali.com\/app\/uploads\/2026\/04\/daniya6-scaled.jpg 1437w\" sizes=\"(max-width: 575px) 100vw, 575px\" \/><\/figure>\n\n\n\n<figure class=\"wp-block-image size-large\"><img decoding=\"async\" width=\"575\" height=\"1024\" data-id=\"95441\" src=\"https:\/\/canfali.com\/app\/uploads\/2026\/04\/WhatsApp-Image-2026-04-21-at-13.42.50-575x1024.jpeg\" alt=\"\" class=\"wp-image-95441\" srcset=\"https:\/\/canfali.com\/app\/uploads\/2026\/04\/WhatsApp-Image-2026-04-21-at-13.42.50-575x1024.jpeg 575w, https:\/\/canfali.com\/app\/uploads\/2026\/04\/WhatsApp-Image-2026-04-21-at-13.42.50-168x300.jpeg 168w, https:\/\/canfali.com\/app\/uploads\/2026\/04\/WhatsApp-Image-2026-04-21-at-13.42.50-768x1368.jpeg 768w, https:\/\/canfali.com\/app\/uploads\/2026\/04\/WhatsApp-Image-2026-04-21-at-13.42.50-862x1536.jpeg 862w, https:\/\/canfali.com\/app\/uploads\/2026\/04\/WhatsApp-Image-2026-04-21-at-13.42.50-332x592.jpeg 332w, https:\/\/canfali.com\/app\/uploads\/2026\/04\/WhatsApp-Image-2026-04-21-at-13.42.50-664x1183.jpeg 664w, https:\/\/canfali.com\/app\/uploads\/2026\/04\/WhatsApp-Image-2026-04-21-at-13.42.50-688x1226.jpeg 688w, https:\/\/canfali.com\/app\/uploads\/2026\/04\/WhatsApp-Image-2026-04-21-at-13.42.50.jpeg 898w\" sizes=\"(max-width: 575px) 100vw, 575px\" \/><\/figure>\n<\/figure>\n\n<p>El centre llan\u00e7a a m\u00e9s la Promo Marina Alta Residents, amb acc\u00e9s a l\u2019spa per 18 \u20ac per persona, junt amb un 20% de descompte en massatges i tractaments.&#13;\n<\/p>\n\n<p>Amb motiu del Dia de la Mare, l\u2019spa ha dissenyat promocions especials v\u00e0lides del 27 d\u2019abril al 4 de maig. Entre elles, un circuit spa de 90 minuts amb cava i bombons per a dues persones per 55 euros, una experi\u00e8ncia amb tractament facial per 69 euros, i un pack benestar amb massatge relaxant per a dos per 120 euros.&#13;\n<\/p>\n\n<p>Les reserves es poden realitzar f\u00e0cilment a trav\u00e9s de WhatsApp en el 689 54 59 27. Una oportunitat ideal per a regalar o gaudir d\u2019una experi\u00e8ncia de benestar completa.&#13;\n<\/p>\n\n<figure class=\"wp-block-gallery has-nested-images columns-default is-cropped wp-block-gallery-16 is-layout-flex wp-block-gallery-is-layout-flex\">\n<figure class=\"wp-block-image size-large\"><img decoding=\"async\" width=\"575\" height=\"1024\" data-id=\"95449\" src=\"https:\/\/canfali.com\/app\/uploads\/2026\/04\/daniya1-575x1024.jpg\" alt=\"\" class=\"wp-image-95449\" srcset=\"https:\/\/canfali.com\/app\/uploads\/2026\/04\/daniya1-575x1024.jpg 575w, https:\/\/canfali.com\/app\/uploads\/2026\/04\/daniya1-168x300.jpg 168w, https:\/\/canfali.com\/app\/uploads\/2026\/04\/daniya1-768x1368.jpg 768w, https:\/\/canfali.com\/app\/uploads\/2026\/04\/daniya1-862x1536.jpg 862w, https:\/\/canfali.com\/app\/uploads\/2026\/04\/daniya1-1150x2048.jpg 1150w, https:\/\/canfali.com\/app\/uploads\/2026\/04\/daniya1-332x591.jpg 332w, https:\/\/canfali.com\/app\/uploads\/2026\/04\/daniya1-664x1183.jpg 664w, https:\/\/canfali.com\/app\/uploads\/2026\/04\/daniya1-688x1226.jpg 688w, https:\/\/canfali.com\/app\/uploads\/2026\/04\/daniya1-1044x1860.jpg 1044w, https:\/\/canfali.com\/app\/uploads\/2026\/04\/daniya1-1400x2494.jpg 1400w, https:\/\/canfali.com\/app\/uploads\/2026\/04\/daniya1-1920x3420.jpg 1920w, https:\/\/canfali.com\/app\/uploads\/2026\/04\/daniya1-scaled.jpg 1437w\" sizes=\"(max-width: 575px) 100vw, 575px\" \/><\/figure>\n\n\n\n<figure class=\"wp-block-image size-large\"><img loading=\"lazy\" decoding=\"async\" width=\"718\" height=\"1024\" data-id=\"95447\" src=\"https:\/\/canfali.com\/app\/uploads\/2026\/04\/daniya01-718x1024.jpg\" alt=\"\" class=\"wp-image-95447\" srcset=\"https:\/\/canfali.com\/app\/uploads\/2026\/04\/daniya01-718x1024.jpg 718w, https:\/\/canfali.com\/app\/uploads\/2026\/04\/daniya01-210x300.jpg 210w, https:\/\/canfali.com\/app\/uploads\/2026\/04\/daniya01-768x1096.jpg 768w, https:\/\/canfali.com\/app\/uploads\/2026\/04\/daniya01-1077x1536.jpg 1077w, https:\/\/canfali.com\/app\/uploads\/2026\/04\/daniya01-1435x2048.jpg 1435w, https:\/\/canfali.com\/app\/uploads\/2026\/04\/daniya01-332x474.jpg 332w, https:\/\/canfali.com\/app\/uploads\/2026\/04\/daniya01-664x947.jpg 664w, https:\/\/canfali.com\/app\/uploads\/2026\/04\/daniya01-688x982.jpg 688w, https:\/\/canfali.com\/app\/uploads\/2026\/04\/daniya01-1044x1490.jpg 1044w, https:\/\/canfali.com\/app\/uploads\/2026\/04\/daniya01-1400x1997.jpg 1400w, https:\/\/canfali.com\/app\/uploads\/2026\/04\/daniya01-1920x2739.jpg 1920w, https:\/\/canfali.com\/app\/uploads\/2026\/04\/daniya01-scaled.jpg 1794w\" sizes=\"(max-width: 718px) 100vw, 718px\" \/><\/figure>\n<\/figure>\n","protected":false},"excerpt":{"rendered":"El Spa Daniya D\u00e9nia es consolida com un espai de refer\u00e8ncia per al benestar a la Marina Alta,&hellip;","protected":false},"author":8,"featured_media":95444,"comment_status":"closed","ping_status":"open","sticky":false,"template":"","format":"standard","meta":{"csco_display_header_overlay":false,"csco_singular_sidebar":"","csco_page_header_type":"","csco_page_load_nextpost":"","csco_post_video_location":[],"csco_post_video_location_hash":"","csco_post_video_url":"","csco_post_video_bg_start_time":0,"csco_post_video_bg_end_time":0,"footnotes":""},"categories":[4551],"tags":[],"class_list":{"0":"post-95452","1":"post","2":"type-post","3":"status-publish","4":"format-standard","5":"has-post-thumbnail","7":"category-turisme","8":"cs-entry","9":"cs-video-wrap"},"yoast_head":"<!-- This site is optimized with the Yoast SEO Premium plugin v26.6 (Yoast SEO v27.3) - https:\/\/yoast.com\/product\/yoast-seo-premium-wordpress\/ -->\n<title>Promoci\u00f3 Spa Daniya D\u00e9nia: benestar davant del Mediterrani amb ofertes especials per a residents i Dia de la Mare - Canfali<\/title>\n<meta name=\"description\" content=\"El Spa Daniya D\u00e9nia es consolida com un espai de refer\u00e8ncia per al benestar a la Marina Alta, un lloc pensat per a desconnectar del ritme diari\" \/>\n<meta name=\"robots\" content=\"index, follow, max-snippet:-1, max-image-preview:large, max-video-preview:-1\" \/>\n<link rel=\"canonical\" href=\"https:\/\/canfali.com\/ca-es\/promocio-spa-daniya-denia-benestar-davant-del-mediterrani-amb-ofertes-especials-per-a-residents-i-dia-de-la-mare\/\" \/>\n<meta property=\"og:locale\" content=\"en_US\" \/>\n<meta property=\"og:type\" content=\"article\" \/>\n<meta property=\"og:title\" content=\"Promoci\u00f3 Spa Daniya D\u00e9nia: benestar davant del Mediterrani amb ofertes especials per a residents i Dia de la Mare\" \/>\n<meta property=\"og:description\" content=\"El Spa Daniya D\u00e9nia es consolida com un espai de refer\u00e8ncia per al benestar a la Marina Alta, un lloc pensat per a desconnectar del ritme diari\" \/>\n<meta property=\"og:url\" content=\"https:\/\/canfali.com\/ca-es\/promocio-spa-daniya-denia-benestar-davant-del-mediterrani-amb-ofertes-especials-per-a-residents-i-dia-de-la-mare\/\" \/>\n<meta property=\"og:site_name\" content=\"Canfali\" \/>\n<meta property=\"article:publisher\" content=\"https:\/\/es-es.facebook.com\/CANFALIMarinaAlta\" \/>\n<meta property=\"article:published_time\" content=\"2026-04-27T15:25:20+00:00\" \/>\n<meta property=\"article:modified_time\" content=\"2026-04-27T15:38:43+00:00\" \/>\n<meta property=\"og:image\" content=\"https:\/\/canfali.com\/app\/uploads\/2026\/04\/daniya02-scaled.jpg\" \/>\n\t<meta property=\"og:image:width\" content=\"2560\" \/>\n\t<meta property=\"og:image:height\" content=\"1437\" \/>\n\t<meta property=\"og:image:type\" content=\"image\/jpeg\" \/>\n<meta name=\"author\" content=\"Lluis\" \/>\n<meta name=\"twitter:card\" content=\"summary_large_image\" \/>\n<meta name=\"twitter:creator\" content=\"@canfalima\" \/>\n<meta name=\"twitter:site\" content=\"@canfalima\" \/>\n<meta name=\"twitter:label1\" content=\"Written by\" \/>\n\t<meta name=\"twitter:data1\" content=\"Lluis\" \/>\n\t<meta name=\"twitter:label2\" content=\"Est. reading time\" \/>\n\t<meta name=\"twitter:data2\" content=\"1 minute\" \/>\n<script type=\"application\/ld+json\" class=\"yoast-schema-graph\">{\"@context\":\"https:\\\/\\\/schema.org\",\"@graph\":[{\"@type\":\"NewsArticle\",\"@id\":\"https:\\\/\\\/canfali.com\\\/ca-es\\\/promocio-spa-daniya-denia-benestar-davant-del-mediterrani-amb-ofertes-especials-per-a-residents-i-dia-de-la-mare\\\/#article\",\"isPartOf\":{\"@id\":\"https:\\\/\\\/canfali.com\\\/ca-es\\\/promocio-spa-daniya-denia-benestar-davant-del-mediterrani-amb-ofertes-especials-per-a-residents-i-dia-de-la-mare\\\/\"},\"author\":{\"name\":\"Lluis\",\"@id\":\"https:\\\/\\\/canfali.com\\\/ca-es\\\/#\\\/schema\\\/person\\\/f540a86fb33e10daaae53c59ceaa1194\"},\"headline\":\"Promoci\u00f3 Spa Daniya D\u00e9nia: benestar davant del Mediterrani amb ofertes especials per a residents i Dia de la Mare\",\"datePublished\":\"2026-04-27T15:25:20+00:00\",\"dateModified\":\"2026-04-27T15:38:43+00:00\",\"mainEntityOfPage\":{\"@id\":\"https:\\\/\\\/canfali.com\\\/ca-es\\\/promocio-spa-daniya-denia-benestar-davant-del-mediterrani-amb-ofertes-especials-per-a-residents-i-dia-de-la-mare\\\/\"},\"wordCount\":238,\"publisher\":{\"@id\":\"https:\\\/\\\/canfali.com\\\/ca-es\\\/#organization\"},\"image\":{\"@id\":\"https:\\\/\\\/canfali.com\\\/ca-es\\\/promocio-spa-daniya-denia-benestar-davant-del-mediterrani-amb-ofertes-especials-per-a-residents-i-dia-de-la-mare\\\/#primaryimage\"},\"thumbnailUrl\":\"https:\\\/\\\/canfali.com\\\/app\\\/uploads\\\/2026\\\/04\\\/daniya02-scaled.jpg\",\"articleSection\":[\"Turisme\"],\"inLanguage\":\"va-ES\",\"copyrightYear\":\"2026\",\"copyrightHolder\":{\"@id\":\"https:\\\/\\\/canfali.com\\\/#organization\"}},{\"@type\":\"WebPage\",\"@id\":\"https:\\\/\\\/canfali.com\\\/ca-es\\\/promocio-spa-daniya-denia-benestar-davant-del-mediterrani-amb-ofertes-especials-per-a-residents-i-dia-de-la-mare\\\/\",\"url\":\"https:\\\/\\\/canfali.com\\\/ca-es\\\/promocio-spa-daniya-denia-benestar-davant-del-mediterrani-amb-ofertes-especials-per-a-residents-i-dia-de-la-mare\\\/\",\"name\":\"Promoci\u00f3 Spa Daniya D\u00e9nia: benestar davant del Mediterrani amb ofertes especials per a residents i Dia de la Mare - Canfali\",\"isPartOf\":{\"@id\":\"https:\\\/\\\/canfali.com\\\/ca-es\\\/#website\"},\"primaryImageOfPage\":{\"@id\":\"https:\\\/\\\/canfali.com\\\/ca-es\\\/promocio-spa-daniya-denia-benestar-davant-del-mediterrani-amb-ofertes-especials-per-a-residents-i-dia-de-la-mare\\\/#primaryimage\"},\"image\":{\"@id\":\"https:\\\/\\\/canfali.com\\\/ca-es\\\/promocio-spa-daniya-denia-benestar-davant-del-mediterrani-amb-ofertes-especials-per-a-residents-i-dia-de-la-mare\\\/#primaryimage\"},\"thumbnailUrl\":\"https:\\\/\\\/canfali.com\\\/app\\\/uploads\\\/2026\\\/04\\\/daniya02-scaled.jpg\",\"datePublished\":\"2026-04-27T15:25:20+00:00\",\"dateModified\":\"2026-04-27T15:38:43+00:00\",\"description\":\"El Spa Daniya D\u00e9nia es consolida com un espai de refer\u00e8ncia per al benestar a la Marina Alta, un lloc pensat per a desconnectar del ritme diari\",\"breadcrumb\":{\"@id\":\"https:\\\/\\\/canfali.com\\\/ca-es\\\/promocio-spa-daniya-denia-benestar-davant-del-mediterrani-amb-ofertes-especials-per-a-residents-i-dia-de-la-mare\\\/#breadcrumb\"},\"inLanguage\":\"va-ES\",\"potentialAction\":[{\"@type\":\"ReadAction\",\"target\":[\"https:\\\/\\\/canfali.com\\\/ca-es\\\/promocio-spa-daniya-denia-benestar-davant-del-mediterrani-amb-ofertes-especials-per-a-residents-i-dia-de-la-mare\\\/\"]}]},{\"@type\":\"ImageObject\",\"inLanguage\":\"va-ES\",\"@id\":\"https:\\\/\\\/canfali.com\\\/ca-es\\\/promocio-spa-daniya-denia-benestar-davant-del-mediterrani-amb-ofertes-especials-per-a-residents-i-dia-de-la-mare\\\/#primaryimage\",\"url\":\"https:\\\/\\\/canfali.com\\\/app\\\/uploads\\\/2026\\\/04\\\/daniya02-scaled.jpg\",\"contentUrl\":\"https:\\\/\\\/canfali.com\\\/app\\\/uploads\\\/2026\\\/04\\\/daniya02-scaled.jpg\",\"width\":2560,\"height\":1437},{\"@type\":\"BreadcrumbList\",\"@id\":\"https:\\\/\\\/canfali.com\\\/ca-es\\\/promocio-spa-daniya-denia-benestar-davant-del-mediterrani-amb-ofertes-especials-per-a-residents-i-dia-de-la-mare\\\/#breadcrumb\",\"itemListElement\":[{\"@type\":\"ListItem\",\"position\":1,\"name\":\"Portada\",\"item\":\"https:\\\/\\\/canfali.com\\\/ca-es\\\/\"},{\"@type\":\"ListItem\",\"position\":2,\"name\":\"Promoci\u00f3 Spa Daniya D\u00e9nia: benestar davant del Mediterrani amb ofertes especials per a residents i Dia de la Mare\"}]},{\"@type\":\"WebSite\",\"@id\":\"https:\\\/\\\/canfali.com\\\/ca-es\\\/#website\",\"url\":\"https:\\\/\\\/canfali.com\\\/ca-es\\\/\",\"name\":\"Canfali\",\"description\":\"\",\"publisher\":{\"@id\":\"https:\\\/\\\/canfali.com\\\/ca-es\\\/#organization\"},\"potentialAction\":[{\"@type\":\"SearchAction\",\"target\":{\"@type\":\"EntryPoint\",\"urlTemplate\":\"https:\\\/\\\/canfali.com\\\/ca-es\\\/?s={search_term_string}\"},\"query-input\":{\"@type\":\"PropertyValueSpecification\",\"valueRequired\":true,\"valueName\":\"search_term_string\"}}],\"inLanguage\":\"va-ES\"},{\"@type\":\"Organization\",\"@id\":\"https:\\\/\\\/canfali.com\\\/ca-es\\\/#organization\",\"name\":\"Canfali\",\"url\":\"https:\\\/\\\/canfali.com\\\/ca-es\\\/\",\"logo\":{\"@type\":\"ImageObject\",\"inLanguage\":\"va-ES\",\"@id\":\"https:\\\/\\\/canfali.com\\\/ca-es\\\/#\\\/schema\\\/logo\\\/image\\\/\",\"url\":\"https:\\\/\\\/canfali.com\\\/app\\\/uploads\\\/2025\\\/12\\\/canfali_marina_alta_logo.png\",\"contentUrl\":\"https:\\\/\\\/canfali.com\\\/app\\\/uploads\\\/2025\\\/12\\\/canfali_marina_alta_logo.png\",\"width\":225,\"height\":225,\"caption\":\"Canfali\"},\"image\":{\"@id\":\"https:\\\/\\\/canfali.com\\\/ca-es\\\/#\\\/schema\\\/logo\\\/image\\\/\"},\"sameAs\":[\"https:\\\/\\\/es-es.facebook.com\\\/CANFALIMarinaAlta\",\"https:\\\/\\\/x.com\\\/canfalima\",\"https:\\\/\\\/www.instagram.com\\\/canfalimarinaalta\\\/\"]},{\"@type\":\"Person\",\"@id\":\"https:\\\/\\\/canfali.com\\\/ca-es\\\/#\\\/schema\\\/person\\\/f540a86fb33e10daaae53c59ceaa1194\",\"name\":\"Lluis\",\"image\":{\"@type\":\"ImageObject\",\"inLanguage\":\"va-ES\",\"@id\":\"https:\\\/\\\/secure.gravatar.com\\\/avatar\\\/a21ec8835290e4e02ed0886b8cb327d807d0eb6ec8ccf25d4c2a0a415f506c0d?s=96&d=mm&r=g\",\"url\":\"https:\\\/\\\/secure.gravatar.com\\\/avatar\\\/a21ec8835290e4e02ed0886b8cb327d807d0eb6ec8ccf25d4c2a0a415f506c0d?s=96&d=mm&r=g\",\"contentUrl\":\"https:\\\/\\\/secure.gravatar.com\\\/avatar\\\/a21ec8835290e4e02ed0886b8cb327d807d0eb6ec8ccf25d4c2a0a415f506c0d?s=96&d=mm&r=g\",\"caption\":\"Lluis\"},\"url\":\"https:\\\/\\\/canfali.com\\\/ca-es\\\/author\\\/lluis\\\/\"}]}<\/script>\n<!-- \/ Yoast SEO Premium plugin. -->","yoast_head_json":{"title":"Promoci\u00f3 Spa Daniya D\u00e9nia: benestar davant del Mediterrani amb ofertes especials per a residents i Dia de la Mare - Canfali","description":"El Spa Daniya D\u00e9nia es consolida com un espai de refer\u00e8ncia per al benestar a la Marina Alta, un lloc pensat per a desconnectar del ritme diari","robots":{"index":"index","follow":"follow","max-snippet":"max-snippet:-1","max-image-preview":"max-image-preview:large","max-video-preview":"max-video-preview:-1"},"canonical":"https:\/\/canfali.com\/ca-es\/promocio-spa-daniya-denia-benestar-davant-del-mediterrani-amb-ofertes-especials-per-a-residents-i-dia-de-la-mare\/","og_locale":"en_US","og_type":"article","og_title":"Promoci\u00f3 Spa Daniya D\u00e9nia: benestar davant del Mediterrani amb ofertes especials per a residents i Dia de la Mare","og_description":"El Spa Daniya D\u00e9nia es consolida com un espai de refer\u00e8ncia per al benestar a la Marina Alta, un lloc pensat per a desconnectar del ritme diari","og_url":"https:\/\/canfali.com\/ca-es\/promocio-spa-daniya-denia-benestar-davant-del-mediterrani-amb-ofertes-especials-per-a-residents-i-dia-de-la-mare\/","og_site_name":"Canfali","article_publisher":"https:\/\/es-es.facebook.com\/CANFALIMarinaAlta","article_published_time":"2026-04-27T15:25:20+00:00","article_modified_time":"2026-04-27T15:38:43+00:00","og_image":[{"width":2560,"height":1437,"url":"https:\/\/canfali.com\/app\/uploads\/2026\/04\/daniya02-scaled.jpg","type":"image\/jpeg"}],"author":"Lluis","twitter_card":"summary_large_image","twitter_creator":"@canfalima","twitter_site":"@canfalima","twitter_misc":{"Written by":"Lluis","Est. reading time":"1 minute"},"schema":{"@context":"https:\/\/schema.org","@graph":[{"@type":"NewsArticle","@id":"https:\/\/canfali.com\/ca-es\/promocio-spa-daniya-denia-benestar-davant-del-mediterrani-amb-ofertes-especials-per-a-residents-i-dia-de-la-mare\/#article","isPartOf":{"@id":"https:\/\/canfali.com\/ca-es\/promocio-spa-daniya-denia-benestar-davant-del-mediterrani-amb-ofertes-especials-per-a-residents-i-dia-de-la-mare\/"},"author":{"name":"Lluis","@id":"https:\/\/canfali.com\/ca-es\/#\/schema\/person\/f540a86fb33e10daaae53c59ceaa1194"},"headline":"Promoci\u00f3 Spa Daniya D\u00e9nia: benestar davant del Mediterrani amb ofertes especials per a residents i Dia de la Mare","datePublished":"2026-04-27T15:25:20+00:00","dateModified":"2026-04-27T15:38:43+00:00","mainEntityOfPage":{"@id":"https:\/\/canfali.com\/ca-es\/promocio-spa-daniya-denia-benestar-davant-del-mediterrani-amb-ofertes-especials-per-a-residents-i-dia-de-la-mare\/"},"wordCount":238,"publisher":{"@id":"https:\/\/canfali.com\/ca-es\/#organization"},"image":{"@id":"https:\/\/canfali.com\/ca-es\/promocio-spa-daniya-denia-benestar-davant-del-mediterrani-amb-ofertes-especials-per-a-residents-i-dia-de-la-mare\/#primaryimage"},"thumbnailUrl":"https:\/\/canfali.com\/app\/uploads\/2026\/04\/daniya02-scaled.jpg","articleSection":["Turisme"],"inLanguage":"va-ES","copyrightYear":"2026","copyrightHolder":{"@id":"https:\/\/canfali.com\/#organization"}},{"@type":"WebPage","@id":"https:\/\/canfali.com\/ca-es\/promocio-spa-daniya-denia-benestar-davant-del-mediterrani-amb-ofertes-especials-per-a-residents-i-dia-de-la-mare\/","url":"https:\/\/canfali.com\/ca-es\/promocio-spa-daniya-denia-benestar-davant-del-mediterrani-amb-ofertes-especials-per-a-residents-i-dia-de-la-mare\/","name":"Promoci\u00f3 Spa Daniya D\u00e9nia: benestar davant del Mediterrani amb ofertes especials per a residents i Dia de la Mare - Canfali","isPartOf":{"@id":"https:\/\/canfali.com\/ca-es\/#website"},"primaryImageOfPage":{"@id":"https:\/\/canfali.com\/ca-es\/promocio-spa-daniya-denia-benestar-davant-del-mediterrani-amb-ofertes-especials-per-a-residents-i-dia-de-la-mare\/#primaryimage"},"image":{"@id":"https:\/\/canfali.com\/ca-es\/promocio-spa-daniya-denia-benestar-davant-del-mediterrani-amb-ofertes-especials-per-a-residents-i-dia-de-la-mare\/#primaryimage"},"thumbnailUrl":"https:\/\/canfali.com\/app\/uploads\/2026\/04\/daniya02-scaled.jpg","datePublished":"2026-04-27T15:25:20+00:00","dateModified":"2026-04-27T15:38:43+00:00","description":"El Spa Daniya D\u00e9nia es consolida com un espai de refer\u00e8ncia per al benestar a la Marina Alta, un lloc pensat per a desconnectar del ritme diari","breadcrumb":{"@id":"https:\/\/canfali.com\/ca-es\/promocio-spa-daniya-denia-benestar-davant-del-mediterrani-amb-ofertes-especials-per-a-residents-i-dia-de-la-mare\/#breadcrumb"},"inLanguage":"va-ES","potentialAction":[{"@type":"ReadAction","target":["https:\/\/canfali.com\/ca-es\/promocio-spa-daniya-denia-benestar-davant-del-mediterrani-amb-ofertes-especials-per-a-residents-i-dia-de-la-mare\/"]}]},{"@type":"ImageObject","inLanguage":"va-ES","@id":"https:\/\/canfali.com\/ca-es\/promocio-spa-daniya-denia-benestar-davant-del-mediterrani-amb-ofertes-especials-per-a-residents-i-dia-de-la-mare\/#primaryimage","url":"https:\/\/canfali.com\/app\/uploads\/2026\/04\/daniya02-scaled.jpg","contentUrl":"https:\/\/canfali.com\/app\/uploads\/2026\/04\/daniya02-scaled.jpg","width":2560,"height":1437},{"@type":"BreadcrumbList","@id":"https:\/\/canfali.com\/ca-es\/promocio-spa-daniya-denia-benestar-davant-del-mediterrani-amb-ofertes-especials-per-a-residents-i-dia-de-la-mare\/#breadcrumb","itemListElement":[{"@type":"ListItem","position":1,"name":"Portada","item":"https:\/\/canfali.com\/ca-es\/"},{"@type":"ListItem","position":2,"name":"Promoci\u00f3 Spa Daniya D\u00e9nia: benestar davant del Mediterrani amb ofertes especials per a residents i Dia de la Mare"}]},{"@type":"WebSite","@id":"https:\/\/canfali.com\/ca-es\/#website","url":"https:\/\/canfali.com\/ca-es\/","name":"Canfali","description":"","publisher":{"@id":"https:\/\/canfali.com\/ca-es\/#organization"},"potentialAction":[{"@type":"SearchAction","target":{"@type":"EntryPoint","urlTemplate":"https:\/\/canfali.com\/ca-es\/?s={search_term_string}"},"query-input":{"@type":"PropertyValueSpecification","valueRequired":true,"valueName":"search_term_string"}}],"inLanguage":"va-ES"},{"@type":"Organization","@id":"https:\/\/canfali.com\/ca-es\/#organization","name":"Canfali","url":"https:\/\/canfali.com\/ca-es\/","logo":{"@type":"ImageObject","inLanguage":"va-ES","@id":"https:\/\/canfali.com\/ca-es\/#\/schema\/logo\/image\/","url":"https:\/\/canfali.com\/app\/uploads\/2025\/12\/canfali_marina_alta_logo.png","contentUrl":"https:\/\/canfali.com\/app\/uploads\/2025\/12\/canfali_marina_alta_logo.png","width":225,"height":225,"caption":"Canfali"},"image":{"@id":"https:\/\/canfali.com\/ca-es\/#\/schema\/logo\/image\/"},"sameAs":["https:\/\/es-es.facebook.com\/CANFALIMarinaAlta","https:\/\/x.com\/canfalima","https:\/\/www.instagram.com\/canfalimarinaalta\/"]},{"@type":"Person","@id":"https:\/\/canfali.com\/ca-es\/#\/schema\/person\/f540a86fb33e10daaae53c59ceaa1194","name":"Lluis","image":{"@type":"ImageObject","inLanguage":"va-ES","@id":"https:\/\/secure.gravatar.com\/avatar\/a21ec8835290e4e02ed0886b8cb327d807d0eb6ec8ccf25d4c2a0a415f506c0d?s=96&d=mm&r=g","url":"https:\/\/secure.gravatar.com\/avatar\/a21ec8835290e4e02ed0886b8cb327d807d0eb6ec8ccf25d4c2a0a415f506c0d?s=96&d=mm&r=g","contentUrl":"https:\/\/secure.gravatar.com\/avatar\/a21ec8835290e4e02ed0886b8cb327d807d0eb6ec8ccf25d4c2a0a415f506c0d?s=96&d=mm&r=g","caption":"Lluis"},"url":"https:\/\/canfali.com\/ca-es\/author\/lluis\/"}]}},"_links":{"self":[{"href":"https:\/\/canfali.com\/ca-es\/wp-json\/wp\/v2\/posts\/95452","targetHints":{"allow":["GET"]}}],"collection":[{"href":"https:\/\/canfali.com\/ca-es\/wp-json\/wp\/v2\/posts"}],"about":[{"href":"https:\/\/canfali.com\/ca-es\/wp-json\/wp\/v2\/types\/post"}],"author":[{"embeddable":true,"href":"https:\/\/canfali.com\/ca-es\/wp-json\/wp\/v2\/users\/8"}],"replies":[{"embeddable":true,"href":"https:\/\/canfali.com\/ca-es\/wp-json\/wp\/v2\/comments?post=95452"}],"version-history":[{"count":3,"href":"https:\/\/canfali.com\/ca-es\/wp-json\/wp\/v2\/posts\/95452\/revisions"}],"predecessor-version":[{"id":95455,"href":"https:\/\/canfali.com\/ca-es\/wp-json\/wp\/v2\/posts\/95452\/revisions\/95455"}],"wp:featuredmedia":[{"embeddable":true,"href":"https:\/\/canfali.com\/ca-es\/wp-json\/wp\/v2\/media\/95444"}],"wp:attachment":[{"href":"https:\/\/canfali.com\/ca-es\/wp-json\/wp\/v2\/media?parent=95452"}],"wp:term":[{"taxonomy":"category","embeddable":true,"href":"https:\/\/canfali.com\/ca-es\/wp-json\/wp\/v2\/categories?post=95452"},{"taxonomy":"post_tag","embeddable":true,"href":"https:\/\/canfali.com\/ca-es\/wp-json\/wp\/v2\/tags?post=95452"}],"curies":[{"name":"wp","href":"https:\/\/api.w.org\/{rel}","templated":true}]}}