{"id":95435,"date":"2026-04-27T14:55:24","date_gmt":"2026-04-27T12:55:24","guid":{"rendered":"https:\/\/canfali.com\/altea-la-vella-estrena-el-dia-del-comerc-amb-una-jornada-ludica-i-familiar\/"},"modified":"2026-04-27T16:01:52","modified_gmt":"2026-04-27T14:01:52","slug":"altea-la-vella-estrena-el-dia-del-comerc-amb-una-jornada-ludica-i-familiar","status":"publish","type":"post","link":"https:\/\/canfali.com\/ca-es\/altea-la-vella-estrena-el-dia-del-comerc-amb-una-jornada-ludica-i-familiar\/","title":{"rendered":"Altea la Vella estrena el Dia del Comer\u00e7 amb una jornada l\u00fadica i familiar"},"content":{"rendered":"\n<p><p class=\"p1\">\u2018Viu Altea la Vella\u2019 se celebrar\u00e0 per primera vegada el diumenge 17 de maig<\/p><\/p>\n\n<p>Altea la Vella acollir\u00e0 el pr\u00f2xim 17 de maig el Dia del Comer\u00e7 Local, una iniciativa que, sota el lema \u2018Viu Altea la Vella\u2019, combinar\u00e0 venda de productes, activitats culturals, animaci\u00f3 i m\u00fasica en directe en una jornada pensada per a tots els p\u00fablics.&#13;\n<\/p>\n\n<p>La iniciativa ha sigut presentada pel regidor de Comer\u00e7, Jose Maria Borja; la regidora d\u2019Altea la Vella i Cultura, Pepa V. P\u00e9rez; i el president de l\u2019Associaci\u00f3 de Comerciants i Empresaris d\u2019Altea (ALCEA), Jordi Mayor.&#13;\n<\/p>\n\n<p>\tSegons ha explicat Jose Maria Borja, esta nova proposta \u201cnaix de l\u2019\u00e8xit de \u2018La Nit del Comer\u00e7\u2019 celebrada el passat mes d\u2019octubre i de la voluntat de continuar dinamitzant diferents zones comercials del municipi, en este cas Altea la Vella\u201d. L\u2019edil ha destacat que la jornada comptar\u00e0 amb una programaci\u00f3 variada \u201cperqu\u00e8 tota la fam\u00edlia puga gaudir d\u2019un dia festiu al voltant del comer\u00e7 local\u201d.&#13;\n<\/p>\n\n<p>\tA m\u00e9s, Borja ha subratllat que l\u2019objectiu principal \u00e9s \u201cdinamitzar l\u2019activitat comercial i donar visibilitat als productes dels establiments locals\u201d. En esta primera edici\u00f3 participaran 22 comer\u00e7os, una xifra que ha qualificat de \u201cmolt positiva\u201d i que reflectix \u201cla implicaci\u00f3 i el suport tant del sector com de la ciutadania\u201d.&#13;\n<\/p>\n\n<p>\tL\u2019activitat es concentrar\u00e0 al carrer Rector Llinares, principal eix d\u2019Altea la Vella, junt amb el pati de l\u2019extensi\u00f3 administrativa i l\u2019ambulatori, aix\u00ed com l\u2019aparcament de Les Revoltetes, configurant el nucli central de la jornada.&#13;\n<\/p>\n\n<p>\tPel que fa a la programaci\u00f3, Pepa V. P\u00e9rez ha detallat que les activitats comen\u00e7aran a les 10:00 hores amb l\u2019obertura dels llocs de venda i una visita guiada titulada \u2018Als peus de B\u00e8rnia. Hist\u00f2ries d\u2019Altea la Vella\u2019, a c\u00e0rrec de l\u2019historiador local Juanvi Mart\u00edn Devesa. A les 11 hores hi haur\u00e0 un taller infantil i m\u00fasica en directe en la placeta de l\u2019Extensi\u00f3 Administrativa; a les 12 hores, una sessi\u00f3 de conta contes; i a les 12,30 hores, animaci\u00f3 itinerant pels carrers. La jornada continuar\u00e0 a partir de les 16 hores amb m\u00fasica en directe del grup \u2018Carne de Ca\u00f1\u00f3n\u2019.&#13;\n<\/p>\n\n<p>\tLa regidora ha animat la ciutadania a participar en esta iniciativa i ha agra\u00eft la implicaci\u00f3 d\u2019ALCEA i dels comer\u00e7os adherits.&#13;\n<\/p>\n\n<p>\tPer la seua part, el president d\u2019ALCEA, Jordi Mayor, ha mostrat el seu agra\u00efment pel suport municipal i ha valorat positivament la participaci\u00f3 dels 22 establiments. Aix\u00ed mateix, ha fet una crida al teixit comercial d\u2019Altea perqu\u00e8 s\u2019implique en este tipus d\u2019esdeveniments, destacant \u201cl\u2019esfor\u00e7 que hi ha darrere de cada iniciativa i els beneficis que aporten al comer\u00e7 local\u201d.&#13;\n<\/p>\n\n<p>Mayor ha concl\u00f2s animant els comerciants del municipi a sumar-se a l\u2019associaci\u00f3 per continuar refor\u00e7ant el sector.&#13;\n<\/p>\n","protected":false},"excerpt":{"rendered":"\u2018Viu Altea la Vella\u2019 se celebrar\u00e0 per primera vegada el diumenge 17 de maig Altea la Vella acollir\u00e0&hellip;","protected":false},"author":8,"featured_media":95432,"comment_status":"closed","ping_status":"open","sticky":false,"template":"","format":"standard","meta":{"csco_display_header_overlay":false,"csco_singular_sidebar":"","csco_page_header_type":"","csco_page_load_nextpost":"","csco_post_video_location":[],"csco_post_video_location_hash":"","csco_post_video_url":"","csco_post_video_bg_start_time":0,"csco_post_video_bg_end_time":0,"footnotes":""},"categories":[7155],"tags":[],"class_list":{"0":"post-95435","1":"post","2":"type-post","3":"status-publish","4":"format-standard","5":"has-post-thumbnail","7":"category-marina-baixa","8":"cs-entry","9":"cs-video-wrap"},"yoast_head":"<!-- This site is optimized with the Yoast SEO Premium plugin v26.6 (Yoast SEO v27.3) - https:\/\/yoast.com\/product\/yoast-seo-premium-wordpress\/ -->\n<title>Altea la Vella estrena el Dia del Comer\u00e7 amb una jornada l\u00fadica i familiar - Canfali<\/title>\n<meta name=\"description\" content=\"La proposta naix de l\u2019\u00e8xit de \u2018La Nit del Comer\u00e7 i de la voluntat de continuar dinamitzant diferents zones comercials del municipi.\" \/>\n<meta name=\"robots\" content=\"index, follow, max-snippet:-1, max-image-preview:large, max-video-preview:-1\" \/>\n<link rel=\"canonical\" href=\"https:\/\/canfali.com\/ca-es\/altea-la-vella-estrena-el-dia-del-comerc-amb-una-jornada-ludica-i-familiar\/\" \/>\n<meta property=\"og:locale\" content=\"en_US\" \/>\n<meta property=\"og:type\" content=\"article\" \/>\n<meta property=\"og:title\" content=\"Altea la Vella estrena el Dia del Comer\u00e7 amb una jornada l\u00fadica i familiar\" \/>\n<meta property=\"og:description\" content=\"La proposta naix de l\u2019\u00e8xit de \u2018La Nit del Comer\u00e7 i de la voluntat de continuar dinamitzant diferents zones comercials del municipi.\" \/>\n<meta property=\"og:url\" content=\"https:\/\/canfali.com\/ca-es\/altea-la-vella-estrena-el-dia-del-comerc-amb-una-jornada-ludica-i-familiar\/\" \/>\n<meta property=\"og:site_name\" content=\"Canfali\" \/>\n<meta property=\"article:publisher\" content=\"https:\/\/es-es.facebook.com\/CANFALIMarinaAlta\" \/>\n<meta property=\"article:published_time\" content=\"2026-04-27T12:55:24+00:00\" \/>\n<meta property=\"article:modified_time\" content=\"2026-04-27T14:01:52+00:00\" \/>\n<meta property=\"og:image\" content=\"https:\/\/canfali.com\/app\/uploads\/2026\/04\/ALT-8DIACOMERC-scaled.jpg\" \/>\n\t<meta property=\"og:image:width\" content=\"2560\" \/>\n\t<meta property=\"og:image:height\" content=\"1920\" \/>\n\t<meta property=\"og:image:type\" content=\"image\/jpeg\" \/>\n<meta name=\"author\" content=\"Lluis\" \/>\n<meta name=\"twitter:card\" content=\"summary_large_image\" \/>\n<meta name=\"twitter:creator\" content=\"@canfalima\" \/>\n<meta name=\"twitter:site\" content=\"@canfalima\" \/>\n<meta name=\"twitter:label1\" content=\"Written by\" \/>\n\t<meta name=\"twitter:data1\" content=\"Lluis\" \/>\n\t<meta name=\"twitter:label2\" content=\"Est. reading time\" \/>\n\t<meta name=\"twitter:data2\" content=\"2 minutes\" \/>\n<script type=\"application\/ld+json\" class=\"yoast-schema-graph\">{\"@context\":\"https:\\\/\\\/schema.org\",\"@graph\":[{\"@type\":\"NewsArticle\",\"@id\":\"https:\\\/\\\/canfali.com\\\/ca-es\\\/altea-la-vella-estrena-el-dia-del-comerc-amb-una-jornada-ludica-i-familiar\\\/#article\",\"isPartOf\":{\"@id\":\"https:\\\/\\\/canfali.com\\\/ca-es\\\/altea-la-vella-estrena-el-dia-del-comerc-amb-una-jornada-ludica-i-familiar\\\/\"},\"author\":{\"name\":\"Lluis\",\"@id\":\"https:\\\/\\\/canfali.com\\\/ca-es\\\/#\\\/schema\\\/person\\\/f540a86fb33e10daaae53c59ceaa1194\"},\"headline\":\"Altea la Vella estrena el Dia del Comer\u00e7 amb una jornada l\u00fadica i familiar\",\"datePublished\":\"2026-04-27T12:55:24+00:00\",\"dateModified\":\"2026-04-27T14:01:52+00:00\",\"mainEntityOfPage\":{\"@id\":\"https:\\\/\\\/canfali.com\\\/ca-es\\\/altea-la-vella-estrena-el-dia-del-comerc-amb-una-jornada-ludica-i-familiar\\\/\"},\"wordCount\":492,\"publisher\":{\"@id\":\"https:\\\/\\\/canfali.com\\\/ca-es\\\/#organization\"},\"image\":{\"@id\":\"https:\\\/\\\/canfali.com\\\/ca-es\\\/altea-la-vella-estrena-el-dia-del-comerc-amb-una-jornada-ludica-i-familiar\\\/#primaryimage\"},\"thumbnailUrl\":\"https:\\\/\\\/canfali.com\\\/app\\\/uploads\\\/2026\\\/04\\\/ALT-8DIACOMERC-scaled.jpg\",\"articleSection\":[\"Marina Baixa\"],\"inLanguage\":\"va-ES\",\"copyrightYear\":\"2026\",\"copyrightHolder\":{\"@id\":\"https:\\\/\\\/canfali.com\\\/#organization\"}},{\"@type\":\"WebPage\",\"@id\":\"https:\\\/\\\/canfali.com\\\/ca-es\\\/altea-la-vella-estrena-el-dia-del-comerc-amb-una-jornada-ludica-i-familiar\\\/\",\"url\":\"https:\\\/\\\/canfali.com\\\/ca-es\\\/altea-la-vella-estrena-el-dia-del-comerc-amb-una-jornada-ludica-i-familiar\\\/\",\"name\":\"Altea la Vella estrena el Dia del Comer\u00e7 amb una jornada l\u00fadica i familiar - Canfali\",\"isPartOf\":{\"@id\":\"https:\\\/\\\/canfali.com\\\/ca-es\\\/#website\"},\"primaryImageOfPage\":{\"@id\":\"https:\\\/\\\/canfali.com\\\/ca-es\\\/altea-la-vella-estrena-el-dia-del-comerc-amb-una-jornada-ludica-i-familiar\\\/#primaryimage\"},\"image\":{\"@id\":\"https:\\\/\\\/canfali.com\\\/ca-es\\\/altea-la-vella-estrena-el-dia-del-comerc-amb-una-jornada-ludica-i-familiar\\\/#primaryimage\"},\"thumbnailUrl\":\"https:\\\/\\\/canfali.com\\\/app\\\/uploads\\\/2026\\\/04\\\/ALT-8DIACOMERC-scaled.jpg\",\"datePublished\":\"2026-04-27T12:55:24+00:00\",\"dateModified\":\"2026-04-27T14:01:52+00:00\",\"description\":\"La proposta naix de l\u2019\u00e8xit de \u2018La Nit del Comer\u00e7 i de la voluntat de continuar dinamitzant diferents zones comercials del municipi.\",\"breadcrumb\":{\"@id\":\"https:\\\/\\\/canfali.com\\\/ca-es\\\/altea-la-vella-estrena-el-dia-del-comerc-amb-una-jornada-ludica-i-familiar\\\/#breadcrumb\"},\"inLanguage\":\"va-ES\",\"potentialAction\":[{\"@type\":\"ReadAction\",\"target\":[\"https:\\\/\\\/canfali.com\\\/ca-es\\\/altea-la-vella-estrena-el-dia-del-comerc-amb-una-jornada-ludica-i-familiar\\\/\"]}]},{\"@type\":\"ImageObject\",\"inLanguage\":\"va-ES\",\"@id\":\"https:\\\/\\\/canfali.com\\\/ca-es\\\/altea-la-vella-estrena-el-dia-del-comerc-amb-una-jornada-ludica-i-familiar\\\/#primaryimage\",\"url\":\"https:\\\/\\\/canfali.com\\\/app\\\/uploads\\\/2026\\\/04\\\/ALT-8DIACOMERC-scaled.jpg\",\"contentUrl\":\"https:\\\/\\\/canfali.com\\\/app\\\/uploads\\\/2026\\\/04\\\/ALT-8DIACOMERC-scaled.jpg\",\"width\":2560,\"height\":1920},{\"@type\":\"BreadcrumbList\",\"@id\":\"https:\\\/\\\/canfali.com\\\/ca-es\\\/altea-la-vella-estrena-el-dia-del-comerc-amb-una-jornada-ludica-i-familiar\\\/#breadcrumb\",\"itemListElement\":[{\"@type\":\"ListItem\",\"position\":1,\"name\":\"Portada\",\"item\":\"https:\\\/\\\/canfali.com\\\/ca-es\\\/\"},{\"@type\":\"ListItem\",\"position\":2,\"name\":\"Altea la Vella estrena el Dia del Comer\u00e7 amb una jornada l\u00fadica i familiar\"}]},{\"@type\":\"WebSite\",\"@id\":\"https:\\\/\\\/canfali.com\\\/ca-es\\\/#website\",\"url\":\"https:\\\/\\\/canfali.com\\\/ca-es\\\/\",\"name\":\"Canfali\",\"description\":\"\",\"publisher\":{\"@id\":\"https:\\\/\\\/canfali.com\\\/ca-es\\\/#organization\"},\"potentialAction\":[{\"@type\":\"SearchAction\",\"target\":{\"@type\":\"EntryPoint\",\"urlTemplate\":\"https:\\\/\\\/canfali.com\\\/ca-es\\\/?s={search_term_string}\"},\"query-input\":{\"@type\":\"PropertyValueSpecification\",\"valueRequired\":true,\"valueName\":\"search_term_string\"}}],\"inLanguage\":\"va-ES\"},{\"@type\":\"Organization\",\"@id\":\"https:\\\/\\\/canfali.com\\\/ca-es\\\/#organization\",\"name\":\"Canfali\",\"url\":\"https:\\\/\\\/canfali.com\\\/ca-es\\\/\",\"logo\":{\"@type\":\"ImageObject\",\"inLanguage\":\"va-ES\",\"@id\":\"https:\\\/\\\/canfali.com\\\/ca-es\\\/#\\\/schema\\\/logo\\\/image\\\/\",\"url\":\"https:\\\/\\\/canfali.com\\\/app\\\/uploads\\\/2025\\\/12\\\/canfali_marina_alta_logo.png\",\"contentUrl\":\"https:\\\/\\\/canfali.com\\\/app\\\/uploads\\\/2025\\\/12\\\/canfali_marina_alta_logo.png\",\"width\":225,\"height\":225,\"caption\":\"Canfali\"},\"image\":{\"@id\":\"https:\\\/\\\/canfali.com\\\/ca-es\\\/#\\\/schema\\\/logo\\\/image\\\/\"},\"sameAs\":[\"https:\\\/\\\/es-es.facebook.com\\\/CANFALIMarinaAlta\",\"https:\\\/\\\/x.com\\\/canfalima\",\"https:\\\/\\\/www.instagram.com\\\/canfalimarinaalta\\\/\"]},{\"@type\":\"Person\",\"@id\":\"https:\\\/\\\/canfali.com\\\/ca-es\\\/#\\\/schema\\\/person\\\/f540a86fb33e10daaae53c59ceaa1194\",\"name\":\"Lluis\",\"image\":{\"@type\":\"ImageObject\",\"inLanguage\":\"va-ES\",\"@id\":\"https:\\\/\\\/secure.gravatar.com\\\/avatar\\\/a21ec8835290e4e02ed0886b8cb327d807d0eb6ec8ccf25d4c2a0a415f506c0d?s=96&d=mm&r=g\",\"url\":\"https:\\\/\\\/secure.gravatar.com\\\/avatar\\\/a21ec8835290e4e02ed0886b8cb327d807d0eb6ec8ccf25d4c2a0a415f506c0d?s=96&d=mm&r=g\",\"contentUrl\":\"https:\\\/\\\/secure.gravatar.com\\\/avatar\\\/a21ec8835290e4e02ed0886b8cb327d807d0eb6ec8ccf25d4c2a0a415f506c0d?s=96&d=mm&r=g\",\"caption\":\"Lluis\"},\"url\":\"https:\\\/\\\/canfali.com\\\/ca-es\\\/author\\\/lluis\\\/\"}]}<\/script>\n<!-- \/ Yoast SEO Premium plugin. -->","yoast_head_json":{"title":"Altea la Vella estrena el Dia del Comer\u00e7 amb una jornada l\u00fadica i familiar - Canfali","description":"La proposta naix de l\u2019\u00e8xit de \u2018La Nit del Comer\u00e7 i de la voluntat de continuar dinamitzant diferents zones comercials del municipi.","robots":{"index":"index","follow":"follow","max-snippet":"max-snippet:-1","max-image-preview":"max-image-preview:large","max-video-preview":"max-video-preview:-1"},"canonical":"https:\/\/canfali.com\/ca-es\/altea-la-vella-estrena-el-dia-del-comerc-amb-una-jornada-ludica-i-familiar\/","og_locale":"en_US","og_type":"article","og_title":"Altea la Vella estrena el Dia del Comer\u00e7 amb una jornada l\u00fadica i familiar","og_description":"La proposta naix de l\u2019\u00e8xit de \u2018La Nit del Comer\u00e7 i de la voluntat de continuar dinamitzant diferents zones comercials del municipi.","og_url":"https:\/\/canfali.com\/ca-es\/altea-la-vella-estrena-el-dia-del-comerc-amb-una-jornada-ludica-i-familiar\/","og_site_name":"Canfali","article_publisher":"https:\/\/es-es.facebook.com\/CANFALIMarinaAlta","article_published_time":"2026-04-27T12:55:24+00:00","article_modified_time":"2026-04-27T14:01:52+00:00","og_image":[{"width":2560,"height":1920,"url":"https:\/\/canfali.com\/app\/uploads\/2026\/04\/ALT-8DIACOMERC-scaled.jpg","type":"image\/jpeg"}],"author":"Lluis","twitter_card":"summary_large_image","twitter_creator":"@canfalima","twitter_site":"@canfalima","twitter_misc":{"Written by":"Lluis","Est. reading time":"2 minutes"},"schema":{"@context":"https:\/\/schema.org","@graph":[{"@type":"NewsArticle","@id":"https:\/\/canfali.com\/ca-es\/altea-la-vella-estrena-el-dia-del-comerc-amb-una-jornada-ludica-i-familiar\/#article","isPartOf":{"@id":"https:\/\/canfali.com\/ca-es\/altea-la-vella-estrena-el-dia-del-comerc-amb-una-jornada-ludica-i-familiar\/"},"author":{"name":"Lluis","@id":"https:\/\/canfali.com\/ca-es\/#\/schema\/person\/f540a86fb33e10daaae53c59ceaa1194"},"headline":"Altea la Vella estrena el Dia del Comer\u00e7 amb una jornada l\u00fadica i familiar","datePublished":"2026-04-27T12:55:24+00:00","dateModified":"2026-04-27T14:01:52+00:00","mainEntityOfPage":{"@id":"https:\/\/canfali.com\/ca-es\/altea-la-vella-estrena-el-dia-del-comerc-amb-una-jornada-ludica-i-familiar\/"},"wordCount":492,"publisher":{"@id":"https:\/\/canfali.com\/ca-es\/#organization"},"image":{"@id":"https:\/\/canfali.com\/ca-es\/altea-la-vella-estrena-el-dia-del-comerc-amb-una-jornada-ludica-i-familiar\/#primaryimage"},"thumbnailUrl":"https:\/\/canfali.com\/app\/uploads\/2026\/04\/ALT-8DIACOMERC-scaled.jpg","articleSection":["Marina Baixa"],"inLanguage":"va-ES","copyrightYear":"2026","copyrightHolder":{"@id":"https:\/\/canfali.com\/#organization"}},{"@type":"WebPage","@id":"https:\/\/canfali.com\/ca-es\/altea-la-vella-estrena-el-dia-del-comerc-amb-una-jornada-ludica-i-familiar\/","url":"https:\/\/canfali.com\/ca-es\/altea-la-vella-estrena-el-dia-del-comerc-amb-una-jornada-ludica-i-familiar\/","name":"Altea la Vella estrena el Dia del Comer\u00e7 amb una jornada l\u00fadica i familiar - Canfali","isPartOf":{"@id":"https:\/\/canfali.com\/ca-es\/#website"},"primaryImageOfPage":{"@id":"https:\/\/canfali.com\/ca-es\/altea-la-vella-estrena-el-dia-del-comerc-amb-una-jornada-ludica-i-familiar\/#primaryimage"},"image":{"@id":"https:\/\/canfali.com\/ca-es\/altea-la-vella-estrena-el-dia-del-comerc-amb-una-jornada-ludica-i-familiar\/#primaryimage"},"thumbnailUrl":"https:\/\/canfali.com\/app\/uploads\/2026\/04\/ALT-8DIACOMERC-scaled.jpg","datePublished":"2026-04-27T12:55:24+00:00","dateModified":"2026-04-27T14:01:52+00:00","description":"La proposta naix de l\u2019\u00e8xit de \u2018La Nit del Comer\u00e7 i de la voluntat de continuar dinamitzant diferents zones comercials del municipi.","breadcrumb":{"@id":"https:\/\/canfali.com\/ca-es\/altea-la-vella-estrena-el-dia-del-comerc-amb-una-jornada-ludica-i-familiar\/#breadcrumb"},"inLanguage":"va-ES","potentialAction":[{"@type":"ReadAction","target":["https:\/\/canfali.com\/ca-es\/altea-la-vella-estrena-el-dia-del-comerc-amb-una-jornada-ludica-i-familiar\/"]}]},{"@type":"ImageObject","inLanguage":"va-ES","@id":"https:\/\/canfali.com\/ca-es\/altea-la-vella-estrena-el-dia-del-comerc-amb-una-jornada-ludica-i-familiar\/#primaryimage","url":"https:\/\/canfali.com\/app\/uploads\/2026\/04\/ALT-8DIACOMERC-scaled.jpg","contentUrl":"https:\/\/canfali.com\/app\/uploads\/2026\/04\/ALT-8DIACOMERC-scaled.jpg","width":2560,"height":1920},{"@type":"BreadcrumbList","@id":"https:\/\/canfali.com\/ca-es\/altea-la-vella-estrena-el-dia-del-comerc-amb-una-jornada-ludica-i-familiar\/#breadcrumb","itemListElement":[{"@type":"ListItem","position":1,"name":"Portada","item":"https:\/\/canfali.com\/ca-es\/"},{"@type":"ListItem","position":2,"name":"Altea la Vella estrena el Dia del Comer\u00e7 amb una jornada l\u00fadica i familiar"}]},{"@type":"WebSite","@id":"https:\/\/canfali.com\/ca-es\/#website","url":"https:\/\/canfali.com\/ca-es\/","name":"Canfali","description":"","publisher":{"@id":"https:\/\/canfali.com\/ca-es\/#organization"},"potentialAction":[{"@type":"SearchAction","target":{"@type":"EntryPoint","urlTemplate":"https:\/\/canfali.com\/ca-es\/?s={search_term_string}"},"query-input":{"@type":"PropertyValueSpecification","valueRequired":true,"valueName":"search_term_string"}}],"inLanguage":"va-ES"},{"@type":"Organization","@id":"https:\/\/canfali.com\/ca-es\/#organization","name":"Canfali","url":"https:\/\/canfali.com\/ca-es\/","logo":{"@type":"ImageObject","inLanguage":"va-ES","@id":"https:\/\/canfali.com\/ca-es\/#\/schema\/logo\/image\/","url":"https:\/\/canfali.com\/app\/uploads\/2025\/12\/canfali_marina_alta_logo.png","contentUrl":"https:\/\/canfali.com\/app\/uploads\/2025\/12\/canfali_marina_alta_logo.png","width":225,"height":225,"caption":"Canfali"},"image":{"@id":"https:\/\/canfali.com\/ca-es\/#\/schema\/logo\/image\/"},"sameAs":["https:\/\/es-es.facebook.com\/CANFALIMarinaAlta","https:\/\/x.com\/canfalima","https:\/\/www.instagram.com\/canfalimarinaalta\/"]},{"@type":"Person","@id":"https:\/\/canfali.com\/ca-es\/#\/schema\/person\/f540a86fb33e10daaae53c59ceaa1194","name":"Lluis","image":{"@type":"ImageObject","inLanguage":"va-ES","@id":"https:\/\/secure.gravatar.com\/avatar\/a21ec8835290e4e02ed0886b8cb327d807d0eb6ec8ccf25d4c2a0a415f506c0d?s=96&d=mm&r=g","url":"https:\/\/secure.gravatar.com\/avatar\/a21ec8835290e4e02ed0886b8cb327d807d0eb6ec8ccf25d4c2a0a415f506c0d?s=96&d=mm&r=g","contentUrl":"https:\/\/secure.gravatar.com\/avatar\/a21ec8835290e4e02ed0886b8cb327d807d0eb6ec8ccf25d4c2a0a415f506c0d?s=96&d=mm&r=g","caption":"Lluis"},"url":"https:\/\/canfali.com\/ca-es\/author\/lluis\/"}]}},"_links":{"self":[{"href":"https:\/\/canfali.com\/ca-es\/wp-json\/wp\/v2\/posts\/95435","targetHints":{"allow":["GET"]}}],"collection":[{"href":"https:\/\/canfali.com\/ca-es\/wp-json\/wp\/v2\/posts"}],"about":[{"href":"https:\/\/canfali.com\/ca-es\/wp-json\/wp\/v2\/types\/post"}],"author":[{"embeddable":true,"href":"https:\/\/canfali.com\/ca-es\/wp-json\/wp\/v2\/users\/8"}],"replies":[{"embeddable":true,"href":"https:\/\/canfali.com\/ca-es\/wp-json\/wp\/v2\/comments?post=95435"}],"version-history":[{"count":1,"href":"https:\/\/canfali.com\/ca-es\/wp-json\/wp\/v2\/posts\/95435\/revisions"}],"predecessor-version":[{"id":95436,"href":"https:\/\/canfali.com\/ca-es\/wp-json\/wp\/v2\/posts\/95435\/revisions\/95436"}],"wp:featuredmedia":[{"embeddable":true,"href":"https:\/\/canfali.com\/ca-es\/wp-json\/wp\/v2\/media\/95432"}],"wp:attachment":[{"href":"https:\/\/canfali.com\/ca-es\/wp-json\/wp\/v2\/media?parent=95435"}],"wp:term":[{"taxonomy":"category","embeddable":true,"href":"https:\/\/canfali.com\/ca-es\/wp-json\/wp\/v2\/categories?post=95435"},{"taxonomy":"post_tag","embeddable":true,"href":"https:\/\/canfali.com\/ca-es\/wp-json\/wp\/v2\/tags?post=95435"}],"curies":[{"name":"wp","href":"https:\/\/api.w.org\/{rel}","templated":true}]}}