{"id":95420,"date":"2026-04-27T13:20:51","date_gmt":"2026-04-27T11:20:51","guid":{"rendered":"https:\/\/canfali.com\/?p=95420"},"modified":"2026-04-27T14:44:48","modified_gmt":"2026-04-27T12:44:48","slug":"promocio-economica-presenta-ondara-es-destapa-en-primavera","status":"publish","type":"post","link":"https:\/\/canfali.com\/ca-es\/promocio-economica-presenta-ondara-es-destapa-en-primavera\/","title":{"rendered":"Promoci\u00f3 Econ\u00f2mica presenta &#8220;Ondara es destapa&#8221; a la  primavera"},"content":{"rendered":"\n<p><strong>La ruta gastron\u00f2mica de la tapa es desenvolupar\u00e0 del 7 de maig al 25 de juny a deu establiments hostalers<\/strong><\/p>\n\n\n\n<p>La ruta de la tapa retorna a Ondara en primavera de la m\u00e0 de deu establiments hostalers que, coordinats per la Regidoria de Promoci\u00f3 Econ\u00f2mica, oferiran la ruta gastron\u00f2mica del 7 de maig al 25 de juny a un preu \u00fanic de 4 euros que inclou a m\u00e9s la beguda. En concret ho faran \u00a0Allibaixbar-El Rac\u00f3 d\u2019Omaira, D\u2019Irio, Bar La Dinaora,-Bergante, Ca Ivan, Bar El Bosc, Bar Prado, La Plassa, El Parche Sabor colombi\u00e0, Ramis Hotel, i Friends Bar.<\/p>\n\n\n\n<p>&nbsp;&nbsp;&nbsp;&nbsp;&nbsp;&nbsp; L\u2019esdeveniment, que torna a agafar com a lema de reclam Ondara es destapa, ha estat presentat per la regidora Raquel Mengual junt a alguns dels restauradors participants.<\/p>\n\n\n\n<figure class=\"wp-block-gallery has-nested-images columns-default is-cropped wp-block-gallery-15 is-layout-flex wp-block-gallery-is-layout-flex\">\n<figure class=\"wp-block-image size-large\"><img fetchpriority=\"high\" decoding=\"async\" width=\"1024\" height=\"683\" data-id=\"95423\" src=\"https:\/\/canfali.com\/app\/uploads\/2026\/04\/rutatapa-dig2-1024x683.jpg\" alt=\"\" class=\"wp-image-95423\" srcset=\"https:\/\/canfali.com\/app\/uploads\/2026\/04\/rutatapa-dig2-1024x683.jpg 1024w, https:\/\/canfali.com\/app\/uploads\/2026\/04\/rutatapa-dig2-300x200.jpg 300w, https:\/\/canfali.com\/app\/uploads\/2026\/04\/rutatapa-dig2-768x512.jpg 768w, https:\/\/canfali.com\/app\/uploads\/2026\/04\/rutatapa-dig2-1536x1024.jpg 1536w, https:\/\/canfali.com\/app\/uploads\/2026\/04\/rutatapa-dig2-332x221.jpg 332w, https:\/\/canfali.com\/app\/uploads\/2026\/04\/rutatapa-dig2-664x443.jpg 664w, https:\/\/canfali.com\/app\/uploads\/2026\/04\/rutatapa-dig2-688x459.jpg 688w, https:\/\/canfali.com\/app\/uploads\/2026\/04\/rutatapa-dig2-1044x696.jpg 1044w, https:\/\/canfali.com\/app\/uploads\/2026\/04\/rutatapa-dig2-1400x933.jpg 1400w, https:\/\/canfali.com\/app\/uploads\/2026\/04\/rutatapa-dig2.jpg 1920w\" sizes=\"(max-width: 1024px) 100vw, 1024px\" \/><\/figure>\n<\/figure>\n\n\n\n<p>TAPA ESPECIAL I BEGUDA A 4 EUROS<\/p>\n\n\n\n<p>\u201cAquesta iniciativa \u00e9s una aposta clara pel comer\u00e7 de proximitat i pels negocis hostalers del municipi, alhora que permet gaudir de la gastronomia local i convertir els dijous en un espai de trobada i conviv\u00e8ncia\u201d ha afirmat la responsable de Promoci\u00f3 Econ\u00f2mica per a convidar a la ciutadania a tastar totes les propostes gastron\u00f2miques, votar per les tres millors tapes i entrar en el sorteig d\u2019un sopar per a dues persones al local guanyador.<\/p>\n\n\n\n<p>Segons han especificat els compareixents, per a participar en el sorteig, caldr\u00e0 completar i dipositar el passaport de la ruta a l\u2019Espai Catal\u00e0 fins al 6 de juliol.<\/p>\n\n\n\n<p>Des del departament de Promoci\u00f3 Econ\u00f2mica, han incidit en que l\u2019activitat compta amb el suport de l\u2019Ajuntament d\u2019Ondara i la coordinaci\u00f3 de l\u2019ADL, amb l\u2019objectiu d\u2019aprofundir en la seua consolidaci\u00f3 com a &nbsp;accions de dinamitzaci\u00f3 del sector econ\u00f2mic ondarenc m\u00e9s esperades.<\/p>\n","protected":false},"excerpt":{"rendered":"La ruta gastron\u00f2mica de la tapa es desenvolupar\u00e0 del 7 de maig al 25 de juny a deu&hellip;","protected":false},"author":4,"featured_media":95421,"comment_status":"closed","ping_status":"open","sticky":false,"template":"","format":"standard","meta":{"csco_display_header_overlay":false,"csco_singular_sidebar":"","csco_page_header_type":"","csco_page_load_nextpost":"","csco_post_video_location":[],"csco_post_video_location_hash":"","csco_post_video_url":"","csco_post_video_bg_start_time":0,"csco_post_video_bg_end_time":0,"footnotes":""},"categories":[607],"tags":[7604,661,1505,6763,1754,1753],"class_list":{"0":"post-95420","1":"post","2":"type-post","3":"status-publish","4":"format-standard","5":"has-post-thumbnail","7":"category-economia-i-empreses","8":"tag-10-establiments","9":"tag-ondara-2","10":"tag-participants","11":"tag-primavera","12":"tag-ruta","13":"tag-tapa","14":"cs-entry","15":"cs-video-wrap"},"yoast_head":"<!-- This site is optimized with the Yoast SEO Premium plugin v26.6 (Yoast SEO v27.3) - https:\/\/yoast.com\/product\/yoast-seo-premium-wordpress\/ -->\n<title>Promoci\u00f3 Econ\u00f2mica presenta &quot;Ondara es destapa&quot; a la primavera - Canfali<\/title>\n<meta name=\"robots\" content=\"index, follow, max-snippet:-1, max-image-preview:large, max-video-preview:-1\" \/>\n<link rel=\"canonical\" href=\"https:\/\/canfali.com\/ca-es\/promocio-economica-presenta-ondara-es-destapa-en-primavera\/\" \/>\n<meta property=\"og:locale\" content=\"en_US\" \/>\n<meta property=\"og:type\" content=\"article\" \/>\n<meta property=\"og:title\" content=\"Promoci\u00f3 Econ\u00f2mica presenta &quot;Ondara es destapa&quot; a la primavera\" \/>\n<meta property=\"og:description\" content=\"La ruta gastron\u00f2mica de la tapa es desenvolupar\u00e0 del 7 de maig al 25 de juny a deu&hellip;\" \/>\n<meta property=\"og:url\" content=\"https:\/\/canfali.com\/ca-es\/promocio-economica-presenta-ondara-es-destapa-en-primavera\/\" \/>\n<meta property=\"og:site_name\" content=\"Canfali\" \/>\n<meta property=\"article:publisher\" content=\"https:\/\/es-es.facebook.com\/CANFALIMarinaAlta\" \/>\n<meta property=\"article:published_time\" content=\"2026-04-27T11:20:51+00:00\" \/>\n<meta property=\"article:modified_time\" content=\"2026-04-27T12:44:48+00:00\" \/>\n<meta property=\"og:image\" content=\"https:\/\/canfali.com\/app\/uploads\/2026\/04\/rutatapa-dig1-scaled.png\" \/>\n\t<meta property=\"og:image:width\" content=\"2560\" \/>\n\t<meta property=\"og:image:height\" content=\"1822\" \/>\n\t<meta property=\"og:image:type\" content=\"image\/png\" \/>\n<meta name=\"author\" content=\"JJ Mas\" \/>\n<meta name=\"twitter:card\" content=\"summary_large_image\" \/>\n<meta name=\"twitter:creator\" content=\"@canfalima\" \/>\n<meta name=\"twitter:site\" content=\"@canfalima\" \/>\n<meta name=\"twitter:label1\" content=\"Written by\" \/>\n\t<meta name=\"twitter:data1\" content=\"JJ Mas\" \/>\n\t<meta name=\"twitter:label2\" content=\"Est. reading time\" \/>\n\t<meta name=\"twitter:data2\" content=\"2 minutes\" \/>\n<script type=\"application\/ld+json\" class=\"yoast-schema-graph\">{\"@context\":\"https:\\\/\\\/schema.org\",\"@graph\":[{\"@type\":\"NewsArticle\",\"@id\":\"https:\\\/\\\/canfali.com\\\/ca-es\\\/promocio-economica-presenta-ondara-es-destapa-en-primavera\\\/#article\",\"isPartOf\":{\"@id\":\"https:\\\/\\\/canfali.com\\\/ca-es\\\/promocio-economica-presenta-ondara-es-destapa-en-primavera\\\/\"},\"author\":{\"name\":\"JJ Mas\",\"@id\":\"https:\\\/\\\/canfali.com\\\/ca-es\\\/#\\\/schema\\\/person\\\/d834d2d4df17cac754d3c314d4c404ef\"},\"headline\":\"Promoci\u00f3 Econ\u00f2mica presenta &#8220;Ondara es destapa&#8221; a la primavera\",\"datePublished\":\"2026-04-27T11:20:51+00:00\",\"dateModified\":\"2026-04-27T12:44:48+00:00\",\"mainEntityOfPage\":{\"@id\":\"https:\\\/\\\/canfali.com\\\/ca-es\\\/promocio-economica-presenta-ondara-es-destapa-en-primavera\\\/\"},\"wordCount\":308,\"publisher\":{\"@id\":\"https:\\\/\\\/canfali.com\\\/ca-es\\\/#organization\"},\"image\":{\"@id\":\"https:\\\/\\\/canfali.com\\\/ca-es\\\/promocio-economica-presenta-ondara-es-destapa-en-primavera\\\/#primaryimage\"},\"thumbnailUrl\":\"https:\\\/\\\/canfali.com\\\/app\\\/uploads\\\/2026\\\/04\\\/rutatapa-dig1-scaled.png\",\"keywords\":[\"10 establiments\",\"Ondara\",\"participants\",\"primavera\",\"ruta\",\"tapa\"],\"articleSection\":[\"Economia i Empreses\"],\"inLanguage\":\"va-ES\",\"copyrightYear\":\"2026\",\"copyrightHolder\":{\"@id\":\"https:\\\/\\\/canfali.com\\\/#organization\"}},{\"@type\":\"WebPage\",\"@id\":\"https:\\\/\\\/canfali.com\\\/ca-es\\\/promocio-economica-presenta-ondara-es-destapa-en-primavera\\\/\",\"url\":\"https:\\\/\\\/canfali.com\\\/ca-es\\\/promocio-economica-presenta-ondara-es-destapa-en-primavera\\\/\",\"name\":\"Promoci\u00f3 Econ\u00f2mica presenta \\\"Ondara es destapa\\\" a la primavera - Canfali\",\"isPartOf\":{\"@id\":\"https:\\\/\\\/canfali.com\\\/ca-es\\\/#website\"},\"primaryImageOfPage\":{\"@id\":\"https:\\\/\\\/canfali.com\\\/ca-es\\\/promocio-economica-presenta-ondara-es-destapa-en-primavera\\\/#primaryimage\"},\"image\":{\"@id\":\"https:\\\/\\\/canfali.com\\\/ca-es\\\/promocio-economica-presenta-ondara-es-destapa-en-primavera\\\/#primaryimage\"},\"thumbnailUrl\":\"https:\\\/\\\/canfali.com\\\/app\\\/uploads\\\/2026\\\/04\\\/rutatapa-dig1-scaled.png\",\"datePublished\":\"2026-04-27T11:20:51+00:00\",\"dateModified\":\"2026-04-27T12:44:48+00:00\",\"breadcrumb\":{\"@id\":\"https:\\\/\\\/canfali.com\\\/ca-es\\\/promocio-economica-presenta-ondara-es-destapa-en-primavera\\\/#breadcrumb\"},\"inLanguage\":\"va-ES\",\"potentialAction\":[{\"@type\":\"ReadAction\",\"target\":[\"https:\\\/\\\/canfali.com\\\/ca-es\\\/promocio-economica-presenta-ondara-es-destapa-en-primavera\\\/\"]}]},{\"@type\":\"ImageObject\",\"inLanguage\":\"va-ES\",\"@id\":\"https:\\\/\\\/canfali.com\\\/ca-es\\\/promocio-economica-presenta-ondara-es-destapa-en-primavera\\\/#primaryimage\",\"url\":\"https:\\\/\\\/canfali.com\\\/app\\\/uploads\\\/2026\\\/04\\\/rutatapa-dig1-scaled.png\",\"contentUrl\":\"https:\\\/\\\/canfali.com\\\/app\\\/uploads\\\/2026\\\/04\\\/rutatapa-dig1-scaled.png\",\"width\":2560,\"height\":1822},{\"@type\":\"BreadcrumbList\",\"@id\":\"https:\\\/\\\/canfali.com\\\/ca-es\\\/promocio-economica-presenta-ondara-es-destapa-en-primavera\\\/#breadcrumb\",\"itemListElement\":[{\"@type\":\"ListItem\",\"position\":1,\"name\":\"Portada\",\"item\":\"https:\\\/\\\/canfali.com\\\/ca-es\\\/\"},{\"@type\":\"ListItem\",\"position\":2,\"name\":\"Promoci\u00f3 Econ\u00f2mica presenta \u00abOndara es destapa\u00bb a la primavera\"}]},{\"@type\":\"WebSite\",\"@id\":\"https:\\\/\\\/canfali.com\\\/ca-es\\\/#website\",\"url\":\"https:\\\/\\\/canfali.com\\\/ca-es\\\/\",\"name\":\"Canfali\",\"description\":\"\",\"publisher\":{\"@id\":\"https:\\\/\\\/canfali.com\\\/ca-es\\\/#organization\"},\"potentialAction\":[{\"@type\":\"SearchAction\",\"target\":{\"@type\":\"EntryPoint\",\"urlTemplate\":\"https:\\\/\\\/canfali.com\\\/ca-es\\\/?s={search_term_string}\"},\"query-input\":{\"@type\":\"PropertyValueSpecification\",\"valueRequired\":true,\"valueName\":\"search_term_string\"}}],\"inLanguage\":\"va-ES\"},{\"@type\":\"Organization\",\"@id\":\"https:\\\/\\\/canfali.com\\\/ca-es\\\/#organization\",\"name\":\"Canfali\",\"url\":\"https:\\\/\\\/canfali.com\\\/ca-es\\\/\",\"logo\":{\"@type\":\"ImageObject\",\"inLanguage\":\"va-ES\",\"@id\":\"https:\\\/\\\/canfali.com\\\/ca-es\\\/#\\\/schema\\\/logo\\\/image\\\/\",\"url\":\"https:\\\/\\\/canfali.com\\\/app\\\/uploads\\\/2025\\\/12\\\/canfali_marina_alta_logo.png\",\"contentUrl\":\"https:\\\/\\\/canfali.com\\\/app\\\/uploads\\\/2025\\\/12\\\/canfali_marina_alta_logo.png\",\"width\":225,\"height\":225,\"caption\":\"Canfali\"},\"image\":{\"@id\":\"https:\\\/\\\/canfali.com\\\/ca-es\\\/#\\\/schema\\\/logo\\\/image\\\/\"},\"sameAs\":[\"https:\\\/\\\/es-es.facebook.com\\\/CANFALIMarinaAlta\",\"https:\\\/\\\/x.com\\\/canfalima\",\"https:\\\/\\\/www.instagram.com\\\/canfalimarinaalta\\\/\"]},{\"@type\":\"Person\",\"@id\":\"https:\\\/\\\/canfali.com\\\/ca-es\\\/#\\\/schema\\\/person\\\/d834d2d4df17cac754d3c314d4c404ef\",\"name\":\"JJ Mas\",\"image\":{\"@type\":\"ImageObject\",\"inLanguage\":\"va-ES\",\"@id\":\"https:\\\/\\\/secure.gravatar.com\\\/avatar\\\/65a5191f5438bf88c2394f6d1a625a6ff903c8785268e603c623a83bc15ba1ee?s=96&d=mm&r=g\",\"url\":\"https:\\\/\\\/secure.gravatar.com\\\/avatar\\\/65a5191f5438bf88c2394f6d1a625a6ff903c8785268e603c623a83bc15ba1ee?s=96&d=mm&r=g\",\"contentUrl\":\"https:\\\/\\\/secure.gravatar.com\\\/avatar\\\/65a5191f5438bf88c2394f6d1a625a6ff903c8785268e603c623a83bc15ba1ee?s=96&d=mm&r=g\",\"caption\":\"JJ Mas\"},\"url\":\"https:\\\/\\\/canfali.com\\\/ca-es\\\/author\\\/jj\\\/\"}]}<\/script>\n<!-- \/ Yoast SEO Premium plugin. -->","yoast_head_json":{"title":"Promoci\u00f3 Econ\u00f2mica presenta \"Ondara es destapa\" a la primavera - Canfali","robots":{"index":"index","follow":"follow","max-snippet":"max-snippet:-1","max-image-preview":"max-image-preview:large","max-video-preview":"max-video-preview:-1"},"canonical":"https:\/\/canfali.com\/ca-es\/promocio-economica-presenta-ondara-es-destapa-en-primavera\/","og_locale":"en_US","og_type":"article","og_title":"Promoci\u00f3 Econ\u00f2mica presenta \"Ondara es destapa\" a la primavera","og_description":"La ruta gastron\u00f2mica de la tapa es desenvolupar\u00e0 del 7 de maig al 25 de juny a deu&hellip;","og_url":"https:\/\/canfali.com\/ca-es\/promocio-economica-presenta-ondara-es-destapa-en-primavera\/","og_site_name":"Canfali","article_publisher":"https:\/\/es-es.facebook.com\/CANFALIMarinaAlta","article_published_time":"2026-04-27T11:20:51+00:00","article_modified_time":"2026-04-27T12:44:48+00:00","og_image":[{"width":2560,"height":1822,"url":"https:\/\/canfali.com\/app\/uploads\/2026\/04\/rutatapa-dig1-scaled.png","type":"image\/png"}],"author":"JJ Mas","twitter_card":"summary_large_image","twitter_creator":"@canfalima","twitter_site":"@canfalima","twitter_misc":{"Written by":"JJ Mas","Est. reading time":"2 minutes"},"schema":{"@context":"https:\/\/schema.org","@graph":[{"@type":"NewsArticle","@id":"https:\/\/canfali.com\/ca-es\/promocio-economica-presenta-ondara-es-destapa-en-primavera\/#article","isPartOf":{"@id":"https:\/\/canfali.com\/ca-es\/promocio-economica-presenta-ondara-es-destapa-en-primavera\/"},"author":{"name":"JJ Mas","@id":"https:\/\/canfali.com\/ca-es\/#\/schema\/person\/d834d2d4df17cac754d3c314d4c404ef"},"headline":"Promoci\u00f3 Econ\u00f2mica presenta &#8220;Ondara es destapa&#8221; a la primavera","datePublished":"2026-04-27T11:20:51+00:00","dateModified":"2026-04-27T12:44:48+00:00","mainEntityOfPage":{"@id":"https:\/\/canfali.com\/ca-es\/promocio-economica-presenta-ondara-es-destapa-en-primavera\/"},"wordCount":308,"publisher":{"@id":"https:\/\/canfali.com\/ca-es\/#organization"},"image":{"@id":"https:\/\/canfali.com\/ca-es\/promocio-economica-presenta-ondara-es-destapa-en-primavera\/#primaryimage"},"thumbnailUrl":"https:\/\/canfali.com\/app\/uploads\/2026\/04\/rutatapa-dig1-scaled.png","keywords":["10 establiments","Ondara","participants","primavera","ruta","tapa"],"articleSection":["Economia i Empreses"],"inLanguage":"va-ES","copyrightYear":"2026","copyrightHolder":{"@id":"https:\/\/canfali.com\/#organization"}},{"@type":"WebPage","@id":"https:\/\/canfali.com\/ca-es\/promocio-economica-presenta-ondara-es-destapa-en-primavera\/","url":"https:\/\/canfali.com\/ca-es\/promocio-economica-presenta-ondara-es-destapa-en-primavera\/","name":"Promoci\u00f3 Econ\u00f2mica presenta \"Ondara es destapa\" a la primavera - Canfali","isPartOf":{"@id":"https:\/\/canfali.com\/ca-es\/#website"},"primaryImageOfPage":{"@id":"https:\/\/canfali.com\/ca-es\/promocio-economica-presenta-ondara-es-destapa-en-primavera\/#primaryimage"},"image":{"@id":"https:\/\/canfali.com\/ca-es\/promocio-economica-presenta-ondara-es-destapa-en-primavera\/#primaryimage"},"thumbnailUrl":"https:\/\/canfali.com\/app\/uploads\/2026\/04\/rutatapa-dig1-scaled.png","datePublished":"2026-04-27T11:20:51+00:00","dateModified":"2026-04-27T12:44:48+00:00","breadcrumb":{"@id":"https:\/\/canfali.com\/ca-es\/promocio-economica-presenta-ondara-es-destapa-en-primavera\/#breadcrumb"},"inLanguage":"va-ES","potentialAction":[{"@type":"ReadAction","target":["https:\/\/canfali.com\/ca-es\/promocio-economica-presenta-ondara-es-destapa-en-primavera\/"]}]},{"@type":"ImageObject","inLanguage":"va-ES","@id":"https:\/\/canfali.com\/ca-es\/promocio-economica-presenta-ondara-es-destapa-en-primavera\/#primaryimage","url":"https:\/\/canfali.com\/app\/uploads\/2026\/04\/rutatapa-dig1-scaled.png","contentUrl":"https:\/\/canfali.com\/app\/uploads\/2026\/04\/rutatapa-dig1-scaled.png","width":2560,"height":1822},{"@type":"BreadcrumbList","@id":"https:\/\/canfali.com\/ca-es\/promocio-economica-presenta-ondara-es-destapa-en-primavera\/#breadcrumb","itemListElement":[{"@type":"ListItem","position":1,"name":"Portada","item":"https:\/\/canfali.com\/ca-es\/"},{"@type":"ListItem","position":2,"name":"Promoci\u00f3 Econ\u00f2mica presenta \u00abOndara es destapa\u00bb a la primavera"}]},{"@type":"WebSite","@id":"https:\/\/canfali.com\/ca-es\/#website","url":"https:\/\/canfali.com\/ca-es\/","name":"Canfali","description":"","publisher":{"@id":"https:\/\/canfali.com\/ca-es\/#organization"},"potentialAction":[{"@type":"SearchAction","target":{"@type":"EntryPoint","urlTemplate":"https:\/\/canfali.com\/ca-es\/?s={search_term_string}"},"query-input":{"@type":"PropertyValueSpecification","valueRequired":true,"valueName":"search_term_string"}}],"inLanguage":"va-ES"},{"@type":"Organization","@id":"https:\/\/canfali.com\/ca-es\/#organization","name":"Canfali","url":"https:\/\/canfali.com\/ca-es\/","logo":{"@type":"ImageObject","inLanguage":"va-ES","@id":"https:\/\/canfali.com\/ca-es\/#\/schema\/logo\/image\/","url":"https:\/\/canfali.com\/app\/uploads\/2025\/12\/canfali_marina_alta_logo.png","contentUrl":"https:\/\/canfali.com\/app\/uploads\/2025\/12\/canfali_marina_alta_logo.png","width":225,"height":225,"caption":"Canfali"},"image":{"@id":"https:\/\/canfali.com\/ca-es\/#\/schema\/logo\/image\/"},"sameAs":["https:\/\/es-es.facebook.com\/CANFALIMarinaAlta","https:\/\/x.com\/canfalima","https:\/\/www.instagram.com\/canfalimarinaalta\/"]},{"@type":"Person","@id":"https:\/\/canfali.com\/ca-es\/#\/schema\/person\/d834d2d4df17cac754d3c314d4c404ef","name":"JJ Mas","image":{"@type":"ImageObject","inLanguage":"va-ES","@id":"https:\/\/secure.gravatar.com\/avatar\/65a5191f5438bf88c2394f6d1a625a6ff903c8785268e603c623a83bc15ba1ee?s=96&d=mm&r=g","url":"https:\/\/secure.gravatar.com\/avatar\/65a5191f5438bf88c2394f6d1a625a6ff903c8785268e603c623a83bc15ba1ee?s=96&d=mm&r=g","contentUrl":"https:\/\/secure.gravatar.com\/avatar\/65a5191f5438bf88c2394f6d1a625a6ff903c8785268e603c623a83bc15ba1ee?s=96&d=mm&r=g","caption":"JJ Mas"},"url":"https:\/\/canfali.com\/ca-es\/author\/jj\/"}]}},"_links":{"self":[{"href":"https:\/\/canfali.com\/ca-es\/wp-json\/wp\/v2\/posts\/95420","targetHints":{"allow":["GET"]}}],"collection":[{"href":"https:\/\/canfali.com\/ca-es\/wp-json\/wp\/v2\/posts"}],"about":[{"href":"https:\/\/canfali.com\/ca-es\/wp-json\/wp\/v2\/types\/post"}],"author":[{"embeddable":true,"href":"https:\/\/canfali.com\/ca-es\/wp-json\/wp\/v2\/users\/4"}],"replies":[{"embeddable":true,"href":"https:\/\/canfali.com\/ca-es\/wp-json\/wp\/v2\/comments?post=95420"}],"version-history":[{"count":2,"href":"https:\/\/canfali.com\/ca-es\/wp-json\/wp\/v2\/posts\/95420\/revisions"}],"predecessor-version":[{"id":95428,"href":"https:\/\/canfali.com\/ca-es\/wp-json\/wp\/v2\/posts\/95420\/revisions\/95428"}],"wp:featuredmedia":[{"embeddable":true,"href":"https:\/\/canfali.com\/ca-es\/wp-json\/wp\/v2\/media\/95421"}],"wp:attachment":[{"href":"https:\/\/canfali.com\/ca-es\/wp-json\/wp\/v2\/media?parent=95420"}],"wp:term":[{"taxonomy":"category","embeddable":true,"href":"https:\/\/canfali.com\/ca-es\/wp-json\/wp\/v2\/categories?post=95420"},{"taxonomy":"post_tag","embeddable":true,"href":"https:\/\/canfali.com\/ca-es\/wp-json\/wp\/v2\/tags?post=95420"}],"curies":[{"name":"wp","href":"https:\/\/api.w.org\/{rel}","templated":true}]}}