{"id":95410,"date":"2026-04-26T14:32:33","date_gmt":"2026-04-26T12:32:33","guid":{"rendered":"https:\/\/canfali.com\/lliga-comunitat-el-benidorm-guanya-i-continua-a-un-punt-del-lider-eldense-b\/"},"modified":"2026-04-27T08:07:41","modified_gmt":"2026-04-27T06:07:41","slug":"lliga-comunitat-el-benidorm-guanya-i-continua-a-un-punt-del-lider-eldense-b","status":"publish","type":"post","link":"https:\/\/canfali.com\/ca-es\/lliga-comunitat-el-benidorm-guanya-i-continua-a-un-punt-del-lider-eldense-b\/","title":{"rendered":"Lliga Comunitat: El Benidorm guanya i continua a un punt del l\u00edder Eldense B"},"content":{"rendered":"\n<p>El Benidorm va aconseguir un treballat triomf davant l\u2019Independiente Alacant per 3-1 i continua amb opcions al t\u00edtol, que es decidir\u00e0 en la pr\u00f2xima jornada \u2014l\u2019\u00faltima del campionat\u2014 prevista per al segon cap de setmana de maig. T\u00edtol o promoci\u00f3 s\u00f3n les dues opcions a qu\u00e8 aspiren els de Francisco Javier Rodr\u00edguez.&#13;\n<\/p>\n\n<figure class=\"wp-block-image size-large\"><img fetchpriority=\"high\" decoding=\"async\" width=\"1024\" height=\"644\" src=\"https:\/\/canfali.com\/app\/uploads\/2026\/04\/5Q0A6211-1024x644.jpg\" alt=\"\" class=\"wp-image-95332\" srcset=\"https:\/\/canfali.com\/app\/uploads\/2026\/04\/5Q0A6211-1024x644.jpg 1024w, https:\/\/canfali.com\/app\/uploads\/2026\/04\/5Q0A6211-300x189.jpg 300w, https:\/\/canfali.com\/app\/uploads\/2026\/04\/5Q0A6211-768x483.jpg 768w, https:\/\/canfali.com\/app\/uploads\/2026\/04\/5Q0A6211-1536x966.jpg 1536w, https:\/\/canfali.com\/app\/uploads\/2026\/04\/5Q0A6211-2048x1287.jpg 2048w, https:\/\/canfali.com\/app\/uploads\/2026\/04\/5Q0A6211-332x209.jpg 332w, https:\/\/canfali.com\/app\/uploads\/2026\/04\/5Q0A6211-664x417.jpg 664w, https:\/\/canfali.com\/app\/uploads\/2026\/04\/5Q0A6211-688x432.jpg 688w, https:\/\/canfali.com\/app\/uploads\/2026\/04\/5Q0A6211-1044x656.jpg 1044w, https:\/\/canfali.com\/app\/uploads\/2026\/04\/5Q0A6211-1400x880.jpg 1400w, https:\/\/canfali.com\/app\/uploads\/2026\/04\/5Q0A6211-1920x1207.jpg 1920w, https:\/\/canfali.com\/app\/uploads\/2026\/04\/5Q0A6211-scaled.jpg 2560w\" sizes=\"(max-width: 1024px) 100vw, 1024px\" \/><\/figure>\n\n<p>El partit davant l\u2019Alacant es va posar de cara amb el gol matiner d\u2019\u00c1lvaro, per\u00f2 el conjunt visitant va igualar als pocs minuts per a arribar al descans amb empat.&#13;\n<\/p>\n\n<figure class=\"wp-block-image size-large\"><img decoding=\"async\" width=\"1024\" height=\"683\" src=\"https:\/\/canfali.com\/app\/uploads\/2026\/04\/5Q0A6076-1024x683.jpg\" alt=\"\" class=\"wp-image-95334\" srcset=\"https:\/\/canfali.com\/app\/uploads\/2026\/04\/5Q0A6076-1024x683.jpg 1024w, https:\/\/canfali.com\/app\/uploads\/2026\/04\/5Q0A6076-300x200.jpg 300w, https:\/\/canfali.com\/app\/uploads\/2026\/04\/5Q0A6076-768x512.jpg 768w, https:\/\/canfali.com\/app\/uploads\/2026\/04\/5Q0A6076-1536x1024.jpg 1536w, https:\/\/canfali.com\/app\/uploads\/2026\/04\/5Q0A6076-2048x1365.jpg 2048w, https:\/\/canfali.com\/app\/uploads\/2026\/04\/5Q0A6076-332x221.jpg 332w, https:\/\/canfali.com\/app\/uploads\/2026\/04\/5Q0A6076-664x443.jpg 664w, https:\/\/canfali.com\/app\/uploads\/2026\/04\/5Q0A6076-688x459.jpg 688w, https:\/\/canfali.com\/app\/uploads\/2026\/04\/5Q0A6076-1044x696.jpg 1044w, https:\/\/canfali.com\/app\/uploads\/2026\/04\/5Q0A6076-1400x933.jpg 1400w, https:\/\/canfali.com\/app\/uploads\/2026\/04\/5Q0A6076-1920x1280.jpg 1920w, https:\/\/canfali.com\/app\/uploads\/2026\/04\/5Q0A6076-scaled.jpg 2560w\" sizes=\"(max-width: 1024px) 100vw, 1024px\" \/><\/figure>\n\n<p>En la segona meitat, el Benidorm va donar entrada a l\u2019ariet Cobo i es va llan\u00e7ar a pel partit, generant perill en la porteria rival. En el minut 75, Cobo es va quedar sol davant el porter despr\u00e9s d\u2019un error de la defensa i va fer el 2-1. Amb el partit encarrilat, va arribar l\u2019expulsi\u00f3 d\u2019un jugador visitant i, ja en el temps de descompte, el capit\u00e0 Pato va sentenciar tamb\u00e9 en un m\u00e0 a m\u00e0 amb el porter.&#13;\n<\/p>\n\n<figure class=\"wp-block-image size-large\"><img decoding=\"async\" width=\"1024\" height=\"683\" src=\"https:\/\/canfali.com\/app\/uploads\/2026\/04\/5Q0A6562-1-1024x683.jpg\" alt=\"\" class=\"wp-image-95342\" srcset=\"https:\/\/canfali.com\/app\/uploads\/2026\/04\/5Q0A6562-1-1024x683.jpg 1024w, https:\/\/canfali.com\/app\/uploads\/2026\/04\/5Q0A6562-1-300x200.jpg 300w, https:\/\/canfali.com\/app\/uploads\/2026\/04\/5Q0A6562-1-768x512.jpg 768w, https:\/\/canfali.com\/app\/uploads\/2026\/04\/5Q0A6562-1-1536x1024.jpg 1536w, https:\/\/canfali.com\/app\/uploads\/2026\/04\/5Q0A6562-1-2048x1365.jpg 2048w, https:\/\/canfali.com\/app\/uploads\/2026\/04\/5Q0A6562-1-332x221.jpg 332w, https:\/\/canfali.com\/app\/uploads\/2026\/04\/5Q0A6562-1-664x443.jpg 664w, https:\/\/canfali.com\/app\/uploads\/2026\/04\/5Q0A6562-1-688x459.jpg 688w, https:\/\/canfali.com\/app\/uploads\/2026\/04\/5Q0A6562-1-1044x696.jpg 1044w, https:\/\/canfali.com\/app\/uploads\/2026\/04\/5Q0A6562-1-1400x933.jpg 1400w, https:\/\/canfali.com\/app\/uploads\/2026\/04\/5Q0A6562-1-1920x1280.jpg 1920w, https:\/\/canfali.com\/app\/uploads\/2026\/04\/5Q0A6562-1-scaled.jpg 2560w\" sizes=\"(max-width: 1024px) 100vw, 1024px\" \/><\/figure>\n\n<figure class=\"wp-block-image size-large\"><img loading=\"lazy\" decoding=\"async\" width=\"1024\" height=\"683\" src=\"https:\/\/canfali.com\/app\/uploads\/2026\/04\/5Q0A6019-1024x683.jpg\" alt=\"\" class=\"wp-image-95336\" srcset=\"https:\/\/canfali.com\/app\/uploads\/2026\/04\/5Q0A6019-1024x683.jpg 1024w, https:\/\/canfali.com\/app\/uploads\/2026\/04\/5Q0A6019-300x200.jpg 300w, https:\/\/canfali.com\/app\/uploads\/2026\/04\/5Q0A6019-768x512.jpg 768w, https:\/\/canfali.com\/app\/uploads\/2026\/04\/5Q0A6019-1536x1024.jpg 1536w, https:\/\/canfali.com\/app\/uploads\/2026\/04\/5Q0A6019-2048x1365.jpg 2048w, https:\/\/canfali.com\/app\/uploads\/2026\/04\/5Q0A6019-332x221.jpg 332w, https:\/\/canfali.com\/app\/uploads\/2026\/04\/5Q0A6019-664x443.jpg 664w, https:\/\/canfali.com\/app\/uploads\/2026\/04\/5Q0A6019-688x459.jpg 688w, https:\/\/canfali.com\/app\/uploads\/2026\/04\/5Q0A6019-1044x696.jpg 1044w, https:\/\/canfali.com\/app\/uploads\/2026\/04\/5Q0A6019-1400x933.jpg 1400w, https:\/\/canfali.com\/app\/uploads\/2026\/04\/5Q0A6019-1920x1280.jpg 1920w, https:\/\/canfali.com\/app\/uploads\/2026\/04\/5Q0A6019-scaled.jpg 2560w\" sizes=\"(max-width: 1024px) 100vw, 1024px\" \/><\/figure>\n\n<p>El Benidorm continua amb opcions de guanyar la lliga, encara que no dep\u00e9n de si mateix. A un punt del l\u00edder, l\u2019Eldense B, haur\u00e0 de guanyar i esperar una ensopegada del conjunt rival.&#13;\n<\/p>\n\n<figure class=\"wp-block-image size-large\"><img loading=\"lazy\" decoding=\"async\" width=\"1024\" height=\"683\" src=\"https:\/\/canfali.com\/app\/uploads\/2026\/04\/5Q0A5913-1024x683.jpg\" alt=\"\" class=\"wp-image-95338\" srcset=\"https:\/\/canfali.com\/app\/uploads\/2026\/04\/5Q0A5913-1024x683.jpg 1024w, https:\/\/canfali.com\/app\/uploads\/2026\/04\/5Q0A5913-300x200.jpg 300w, https:\/\/canfali.com\/app\/uploads\/2026\/04\/5Q0A5913-768x512.jpg 768w, https:\/\/canfali.com\/app\/uploads\/2026\/04\/5Q0A5913-1536x1024.jpg 1536w, https:\/\/canfali.com\/app\/uploads\/2026\/04\/5Q0A5913-2048x1365.jpg 2048w, https:\/\/canfali.com\/app\/uploads\/2026\/04\/5Q0A5913-332x221.jpg 332w, https:\/\/canfali.com\/app\/uploads\/2026\/04\/5Q0A5913-664x443.jpg 664w, https:\/\/canfali.com\/app\/uploads\/2026\/04\/5Q0A5913-688x459.jpg 688w, https:\/\/canfali.com\/app\/uploads\/2026\/04\/5Q0A5913-1044x696.jpg 1044w, https:\/\/canfali.com\/app\/uploads\/2026\/04\/5Q0A5913-1400x933.jpg 1400w, https:\/\/canfali.com\/app\/uploads\/2026\/04\/5Q0A5913-1920x1280.jpg 1920w, https:\/\/canfali.com\/app\/uploads\/2026\/04\/5Q0A5913-scaled.jpg 2560w\" sizes=\"(max-width: 1024px) 100vw, 1024px\" \/><\/figure>\n\n<figure class=\"wp-block-image size-large\"><img loading=\"lazy\" decoding=\"async\" width=\"1024\" height=\"683\" src=\"https:\/\/canfali.com\/app\/uploads\/2026\/04\/5Q0A5916-1024x683.jpg\" alt=\"\" class=\"wp-image-95340\" srcset=\"https:\/\/canfali.com\/app\/uploads\/2026\/04\/5Q0A5916-1024x683.jpg 1024w, https:\/\/canfali.com\/app\/uploads\/2026\/04\/5Q0A5916-300x200.jpg 300w, https:\/\/canfali.com\/app\/uploads\/2026\/04\/5Q0A5916-768x512.jpg 768w, https:\/\/canfali.com\/app\/uploads\/2026\/04\/5Q0A5916-1536x1024.jpg 1536w, https:\/\/canfali.com\/app\/uploads\/2026\/04\/5Q0A5916-2048x1365.jpg 2048w, https:\/\/canfali.com\/app\/uploads\/2026\/04\/5Q0A5916-332x221.jpg 332w, https:\/\/canfali.com\/app\/uploads\/2026\/04\/5Q0A5916-664x443.jpg 664w, https:\/\/canfali.com\/app\/uploads\/2026\/04\/5Q0A5916-688x459.jpg 688w, https:\/\/canfali.com\/app\/uploads\/2026\/04\/5Q0A5916-1044x696.jpg 1044w, https:\/\/canfali.com\/app\/uploads\/2026\/04\/5Q0A5916-1400x933.jpg 1400w, https:\/\/canfali.com\/app\/uploads\/2026\/04\/5Q0A5916-1920x1280.jpg 1920w, https:\/\/canfali.com\/app\/uploads\/2026\/04\/5Q0A5916-scaled.jpg 2560w\" sizes=\"(max-width: 1024px) 100vw, 1024px\" \/><\/figure>\n\n<p>Abans de l\u2019inici del partit es va guardar un minut de silenci pels dos operaris que van morir esta setmana en un accident laboral a Benidorm. A m\u00e9s, al voltant del minut 20, hi va haver una aturada de quasi mitja hora per a atendre un aficionat que va patir un desmai i va haver de ser evacuat en ambul\u00e0ncia.&#13;\n<\/p>\n","protected":false},"excerpt":{"rendered":"El Benidorm va aconseguir un treballat triomf davant l\u2019Independiente Alacant per 3-1 i continua amb opcions al t\u00edtol,&hellip;","protected":false},"author":8,"featured_media":95346,"comment_status":"closed","ping_status":"open","sticky":false,"template":"","format":"standard","meta":{"csco_display_header_overlay":false,"csco_singular_sidebar":"","csco_page_header_type":"","csco_page_load_nextpost":"","csco_post_video_location":[],"csco_post_video_location_hash":"","csco_post_video_url":"","csco_post_video_bg_start_time":0,"csco_post_video_bg_end_time":0,"footnotes":""},"categories":[573,608,7155],"tags":[],"class_list":{"0":"post-95410","1":"post","2":"type-post","3":"status-publish","4":"format-standard","5":"has-post-thumbnail","7":"category-deportes-2","8":"category-futbol-ca-es-2","9":"category-marina-baixa","10":"cs-entry","11":"cs-video-wrap"},"yoast_head":"<!-- This site is optimized with the Yoast SEO Premium plugin v26.6 (Yoast SEO v27.3) - https:\/\/yoast.com\/product\/yoast-seo-premium-wordpress\/ -->\n<title>Lliga Comunitat: El Benidorm guanya i continua a un punt del l\u00edder Eldense B - Canfali<\/title>\n<meta name=\"robots\" content=\"index, follow, max-snippet:-1, max-image-preview:large, max-video-preview:-1\" \/>\n<link rel=\"canonical\" href=\"https:\/\/canfali.com\/ca-es\/lliga-comunitat-el-benidorm-guanya-i-continua-a-un-punt-del-lider-eldense-b\/\" \/>\n<meta property=\"og:locale\" content=\"en_US\" \/>\n<meta property=\"og:type\" content=\"article\" \/>\n<meta property=\"og:title\" content=\"Lliga Comunitat: El Benidorm guanya i continua a un punt del l\u00edder Eldense B\" \/>\n<meta property=\"og:description\" content=\"El Benidorm va aconseguir un treballat triomf davant l\u2019Independiente Alacant per 3-1 i continua amb opcions al t\u00edtol,&hellip;\" \/>\n<meta property=\"og:url\" content=\"https:\/\/canfali.com\/ca-es\/lliga-comunitat-el-benidorm-guanya-i-continua-a-un-punt-del-lider-eldense-b\/\" \/>\n<meta property=\"og:site_name\" content=\"Canfali\" \/>\n<meta property=\"article:publisher\" content=\"https:\/\/es-es.facebook.com\/CANFALIMarinaAlta\" \/>\n<meta property=\"article:published_time\" content=\"2026-04-26T12:32:33+00:00\" \/>\n<meta property=\"article:modified_time\" content=\"2026-04-27T06:07:41+00:00\" \/>\n<meta property=\"og:image\" content=\"https:\/\/canfali.com\/app\/uploads\/2026\/04\/5Q0A6935-scaled.jpg\" \/>\n\t<meta property=\"og:image:width\" content=\"2560\" \/>\n\t<meta property=\"og:image:height\" content=\"1707\" \/>\n\t<meta property=\"og:image:type\" content=\"image\/jpeg\" \/>\n<meta name=\"author\" content=\"Lluis\" \/>\n<meta name=\"twitter:card\" content=\"summary_large_image\" \/>\n<meta name=\"twitter:creator\" content=\"@canfalima\" \/>\n<meta name=\"twitter:site\" content=\"@canfalima\" \/>\n<meta name=\"twitter:label1\" content=\"Written by\" \/>\n\t<meta name=\"twitter:data1\" content=\"Lluis\" \/>\n\t<meta name=\"twitter:label2\" content=\"Est. reading time\" \/>\n\t<meta name=\"twitter:data2\" content=\"1 minute\" \/>\n<script type=\"application\/ld+json\" class=\"yoast-schema-graph\">{\"@context\":\"https:\\\/\\\/schema.org\",\"@graph\":[{\"@type\":\"NewsArticle\",\"@id\":\"https:\\\/\\\/canfali.com\\\/ca-es\\\/lliga-comunitat-el-benidorm-guanya-i-continua-a-un-punt-del-lider-eldense-b\\\/#article\",\"isPartOf\":{\"@id\":\"https:\\\/\\\/canfali.com\\\/ca-es\\\/lliga-comunitat-el-benidorm-guanya-i-continua-a-un-punt-del-lider-eldense-b\\\/\"},\"author\":{\"name\":\"Lluis\",\"@id\":\"https:\\\/\\\/canfali.com\\\/ca-es\\\/#\\\/schema\\\/person\\\/f540a86fb33e10daaae53c59ceaa1194\"},\"headline\":\"Lliga Comunitat: El Benidorm guanya i continua a un punt del l\u00edder Eldense B\",\"datePublished\":\"2026-04-26T12:32:33+00:00\",\"dateModified\":\"2026-04-27T06:07:41+00:00\",\"mainEntityOfPage\":{\"@id\":\"https:\\\/\\\/canfali.com\\\/ca-es\\\/lliga-comunitat-el-benidorm-guanya-i-continua-a-un-punt-del-lider-eldense-b\\\/\"},\"wordCount\":288,\"publisher\":{\"@id\":\"https:\\\/\\\/canfali.com\\\/ca-es\\\/#organization\"},\"image\":{\"@id\":\"https:\\\/\\\/canfali.com\\\/ca-es\\\/lliga-comunitat-el-benidorm-guanya-i-continua-a-un-punt-del-lider-eldense-b\\\/#primaryimage\"},\"thumbnailUrl\":\"https:\\\/\\\/canfali.com\\\/app\\\/uploads\\\/2026\\\/04\\\/5Q0A6935-scaled.jpg\",\"articleSection\":[\"Deportes\",\"Futbol\",\"Marina Baixa\"],\"inLanguage\":\"va-ES\",\"copyrightYear\":\"2026\",\"copyrightHolder\":{\"@id\":\"https:\\\/\\\/canfali.com\\\/#organization\"}},{\"@type\":\"WebPage\",\"@id\":\"https:\\\/\\\/canfali.com\\\/ca-es\\\/lliga-comunitat-el-benidorm-guanya-i-continua-a-un-punt-del-lider-eldense-b\\\/\",\"url\":\"https:\\\/\\\/canfali.com\\\/ca-es\\\/lliga-comunitat-el-benidorm-guanya-i-continua-a-un-punt-del-lider-eldense-b\\\/\",\"name\":\"Lliga Comunitat: El Benidorm guanya i continua a un punt del l\u00edder Eldense B - Canfali\",\"isPartOf\":{\"@id\":\"https:\\\/\\\/canfali.com\\\/ca-es\\\/#website\"},\"primaryImageOfPage\":{\"@id\":\"https:\\\/\\\/canfali.com\\\/ca-es\\\/lliga-comunitat-el-benidorm-guanya-i-continua-a-un-punt-del-lider-eldense-b\\\/#primaryimage\"},\"image\":{\"@id\":\"https:\\\/\\\/canfali.com\\\/ca-es\\\/lliga-comunitat-el-benidorm-guanya-i-continua-a-un-punt-del-lider-eldense-b\\\/#primaryimage\"},\"thumbnailUrl\":\"https:\\\/\\\/canfali.com\\\/app\\\/uploads\\\/2026\\\/04\\\/5Q0A6935-scaled.jpg\",\"datePublished\":\"2026-04-26T12:32:33+00:00\",\"dateModified\":\"2026-04-27T06:07:41+00:00\",\"breadcrumb\":{\"@id\":\"https:\\\/\\\/canfali.com\\\/ca-es\\\/lliga-comunitat-el-benidorm-guanya-i-continua-a-un-punt-del-lider-eldense-b\\\/#breadcrumb\"},\"inLanguage\":\"va-ES\",\"potentialAction\":[{\"@type\":\"ReadAction\",\"target\":[\"https:\\\/\\\/canfali.com\\\/ca-es\\\/lliga-comunitat-el-benidorm-guanya-i-continua-a-un-punt-del-lider-eldense-b\\\/\"]}]},{\"@type\":\"ImageObject\",\"inLanguage\":\"va-ES\",\"@id\":\"https:\\\/\\\/canfali.com\\\/ca-es\\\/lliga-comunitat-el-benidorm-guanya-i-continua-a-un-punt-del-lider-eldense-b\\\/#primaryimage\",\"url\":\"https:\\\/\\\/canfali.com\\\/app\\\/uploads\\\/2026\\\/04\\\/5Q0A6935-scaled.jpg\",\"contentUrl\":\"https:\\\/\\\/canfali.com\\\/app\\\/uploads\\\/2026\\\/04\\\/5Q0A6935-scaled.jpg\",\"width\":2560,\"height\":1707},{\"@type\":\"BreadcrumbList\",\"@id\":\"https:\\\/\\\/canfali.com\\\/ca-es\\\/lliga-comunitat-el-benidorm-guanya-i-continua-a-un-punt-del-lider-eldense-b\\\/#breadcrumb\",\"itemListElement\":[{\"@type\":\"ListItem\",\"position\":1,\"name\":\"Portada\",\"item\":\"https:\\\/\\\/canfali.com\\\/ca-es\\\/\"},{\"@type\":\"ListItem\",\"position\":2,\"name\":\"Lliga Comunitat: El Benidorm guanya i continua a un punt del l\u00edder Eldense B\"}]},{\"@type\":\"WebSite\",\"@id\":\"https:\\\/\\\/canfali.com\\\/ca-es\\\/#website\",\"url\":\"https:\\\/\\\/canfali.com\\\/ca-es\\\/\",\"name\":\"Canfali\",\"description\":\"\",\"publisher\":{\"@id\":\"https:\\\/\\\/canfali.com\\\/ca-es\\\/#organization\"},\"potentialAction\":[{\"@type\":\"SearchAction\",\"target\":{\"@type\":\"EntryPoint\",\"urlTemplate\":\"https:\\\/\\\/canfali.com\\\/ca-es\\\/?s={search_term_string}\"},\"query-input\":{\"@type\":\"PropertyValueSpecification\",\"valueRequired\":true,\"valueName\":\"search_term_string\"}}],\"inLanguage\":\"va-ES\"},{\"@type\":\"Organization\",\"@id\":\"https:\\\/\\\/canfali.com\\\/ca-es\\\/#organization\",\"name\":\"Canfali\",\"url\":\"https:\\\/\\\/canfali.com\\\/ca-es\\\/\",\"logo\":{\"@type\":\"ImageObject\",\"inLanguage\":\"va-ES\",\"@id\":\"https:\\\/\\\/canfali.com\\\/ca-es\\\/#\\\/schema\\\/logo\\\/image\\\/\",\"url\":\"https:\\\/\\\/canfali.com\\\/app\\\/uploads\\\/2025\\\/12\\\/canfali_marina_alta_logo.png\",\"contentUrl\":\"https:\\\/\\\/canfali.com\\\/app\\\/uploads\\\/2025\\\/12\\\/canfali_marina_alta_logo.png\",\"width\":225,\"height\":225,\"caption\":\"Canfali\"},\"image\":{\"@id\":\"https:\\\/\\\/canfali.com\\\/ca-es\\\/#\\\/schema\\\/logo\\\/image\\\/\"},\"sameAs\":[\"https:\\\/\\\/es-es.facebook.com\\\/CANFALIMarinaAlta\",\"https:\\\/\\\/x.com\\\/canfalima\",\"https:\\\/\\\/www.instagram.com\\\/canfalimarinaalta\\\/\"]},{\"@type\":\"Person\",\"@id\":\"https:\\\/\\\/canfali.com\\\/ca-es\\\/#\\\/schema\\\/person\\\/f540a86fb33e10daaae53c59ceaa1194\",\"name\":\"Lluis\",\"image\":{\"@type\":\"ImageObject\",\"inLanguage\":\"va-ES\",\"@id\":\"https:\\\/\\\/secure.gravatar.com\\\/avatar\\\/a21ec8835290e4e02ed0886b8cb327d807d0eb6ec8ccf25d4c2a0a415f506c0d?s=96&d=mm&r=g\",\"url\":\"https:\\\/\\\/secure.gravatar.com\\\/avatar\\\/a21ec8835290e4e02ed0886b8cb327d807d0eb6ec8ccf25d4c2a0a415f506c0d?s=96&d=mm&r=g\",\"contentUrl\":\"https:\\\/\\\/secure.gravatar.com\\\/avatar\\\/a21ec8835290e4e02ed0886b8cb327d807d0eb6ec8ccf25d4c2a0a415f506c0d?s=96&d=mm&r=g\",\"caption\":\"Lluis\"},\"url\":\"https:\\\/\\\/canfali.com\\\/ca-es\\\/author\\\/lluis\\\/\"}]}<\/script>\n<!-- \/ Yoast SEO Premium plugin. -->","yoast_head_json":{"title":"Lliga Comunitat: El Benidorm guanya i continua a un punt del l\u00edder Eldense B - Canfali","robots":{"index":"index","follow":"follow","max-snippet":"max-snippet:-1","max-image-preview":"max-image-preview:large","max-video-preview":"max-video-preview:-1"},"canonical":"https:\/\/canfali.com\/ca-es\/lliga-comunitat-el-benidorm-guanya-i-continua-a-un-punt-del-lider-eldense-b\/","og_locale":"en_US","og_type":"article","og_title":"Lliga Comunitat: El Benidorm guanya i continua a un punt del l\u00edder Eldense B","og_description":"El Benidorm va aconseguir un treballat triomf davant l\u2019Independiente Alacant per 3-1 i continua amb opcions al t\u00edtol,&hellip;","og_url":"https:\/\/canfali.com\/ca-es\/lliga-comunitat-el-benidorm-guanya-i-continua-a-un-punt-del-lider-eldense-b\/","og_site_name":"Canfali","article_publisher":"https:\/\/es-es.facebook.com\/CANFALIMarinaAlta","article_published_time":"2026-04-26T12:32:33+00:00","article_modified_time":"2026-04-27T06:07:41+00:00","og_image":[{"width":2560,"height":1707,"url":"https:\/\/canfali.com\/app\/uploads\/2026\/04\/5Q0A6935-scaled.jpg","type":"image\/jpeg"}],"author":"Lluis","twitter_card":"summary_large_image","twitter_creator":"@canfalima","twitter_site":"@canfalima","twitter_misc":{"Written by":"Lluis","Est. reading time":"1 minute"},"schema":{"@context":"https:\/\/schema.org","@graph":[{"@type":"NewsArticle","@id":"https:\/\/canfali.com\/ca-es\/lliga-comunitat-el-benidorm-guanya-i-continua-a-un-punt-del-lider-eldense-b\/#article","isPartOf":{"@id":"https:\/\/canfali.com\/ca-es\/lliga-comunitat-el-benidorm-guanya-i-continua-a-un-punt-del-lider-eldense-b\/"},"author":{"name":"Lluis","@id":"https:\/\/canfali.com\/ca-es\/#\/schema\/person\/f540a86fb33e10daaae53c59ceaa1194"},"headline":"Lliga Comunitat: El Benidorm guanya i continua a un punt del l\u00edder Eldense B","datePublished":"2026-04-26T12:32:33+00:00","dateModified":"2026-04-27T06:07:41+00:00","mainEntityOfPage":{"@id":"https:\/\/canfali.com\/ca-es\/lliga-comunitat-el-benidorm-guanya-i-continua-a-un-punt-del-lider-eldense-b\/"},"wordCount":288,"publisher":{"@id":"https:\/\/canfali.com\/ca-es\/#organization"},"image":{"@id":"https:\/\/canfali.com\/ca-es\/lliga-comunitat-el-benidorm-guanya-i-continua-a-un-punt-del-lider-eldense-b\/#primaryimage"},"thumbnailUrl":"https:\/\/canfali.com\/app\/uploads\/2026\/04\/5Q0A6935-scaled.jpg","articleSection":["Deportes","Futbol","Marina Baixa"],"inLanguage":"va-ES","copyrightYear":"2026","copyrightHolder":{"@id":"https:\/\/canfali.com\/#organization"}},{"@type":"WebPage","@id":"https:\/\/canfali.com\/ca-es\/lliga-comunitat-el-benidorm-guanya-i-continua-a-un-punt-del-lider-eldense-b\/","url":"https:\/\/canfali.com\/ca-es\/lliga-comunitat-el-benidorm-guanya-i-continua-a-un-punt-del-lider-eldense-b\/","name":"Lliga Comunitat: El Benidorm guanya i continua a un punt del l\u00edder Eldense B - Canfali","isPartOf":{"@id":"https:\/\/canfali.com\/ca-es\/#website"},"primaryImageOfPage":{"@id":"https:\/\/canfali.com\/ca-es\/lliga-comunitat-el-benidorm-guanya-i-continua-a-un-punt-del-lider-eldense-b\/#primaryimage"},"image":{"@id":"https:\/\/canfali.com\/ca-es\/lliga-comunitat-el-benidorm-guanya-i-continua-a-un-punt-del-lider-eldense-b\/#primaryimage"},"thumbnailUrl":"https:\/\/canfali.com\/app\/uploads\/2026\/04\/5Q0A6935-scaled.jpg","datePublished":"2026-04-26T12:32:33+00:00","dateModified":"2026-04-27T06:07:41+00:00","breadcrumb":{"@id":"https:\/\/canfali.com\/ca-es\/lliga-comunitat-el-benidorm-guanya-i-continua-a-un-punt-del-lider-eldense-b\/#breadcrumb"},"inLanguage":"va-ES","potentialAction":[{"@type":"ReadAction","target":["https:\/\/canfali.com\/ca-es\/lliga-comunitat-el-benidorm-guanya-i-continua-a-un-punt-del-lider-eldense-b\/"]}]},{"@type":"ImageObject","inLanguage":"va-ES","@id":"https:\/\/canfali.com\/ca-es\/lliga-comunitat-el-benidorm-guanya-i-continua-a-un-punt-del-lider-eldense-b\/#primaryimage","url":"https:\/\/canfali.com\/app\/uploads\/2026\/04\/5Q0A6935-scaled.jpg","contentUrl":"https:\/\/canfali.com\/app\/uploads\/2026\/04\/5Q0A6935-scaled.jpg","width":2560,"height":1707},{"@type":"BreadcrumbList","@id":"https:\/\/canfali.com\/ca-es\/lliga-comunitat-el-benidorm-guanya-i-continua-a-un-punt-del-lider-eldense-b\/#breadcrumb","itemListElement":[{"@type":"ListItem","position":1,"name":"Portada","item":"https:\/\/canfali.com\/ca-es\/"},{"@type":"ListItem","position":2,"name":"Lliga Comunitat: El Benidorm guanya i continua a un punt del l\u00edder Eldense B"}]},{"@type":"WebSite","@id":"https:\/\/canfali.com\/ca-es\/#website","url":"https:\/\/canfali.com\/ca-es\/","name":"Canfali","description":"","publisher":{"@id":"https:\/\/canfali.com\/ca-es\/#organization"},"potentialAction":[{"@type":"SearchAction","target":{"@type":"EntryPoint","urlTemplate":"https:\/\/canfali.com\/ca-es\/?s={search_term_string}"},"query-input":{"@type":"PropertyValueSpecification","valueRequired":true,"valueName":"search_term_string"}}],"inLanguage":"va-ES"},{"@type":"Organization","@id":"https:\/\/canfali.com\/ca-es\/#organization","name":"Canfali","url":"https:\/\/canfali.com\/ca-es\/","logo":{"@type":"ImageObject","inLanguage":"va-ES","@id":"https:\/\/canfali.com\/ca-es\/#\/schema\/logo\/image\/","url":"https:\/\/canfali.com\/app\/uploads\/2025\/12\/canfali_marina_alta_logo.png","contentUrl":"https:\/\/canfali.com\/app\/uploads\/2025\/12\/canfali_marina_alta_logo.png","width":225,"height":225,"caption":"Canfali"},"image":{"@id":"https:\/\/canfali.com\/ca-es\/#\/schema\/logo\/image\/"},"sameAs":["https:\/\/es-es.facebook.com\/CANFALIMarinaAlta","https:\/\/x.com\/canfalima","https:\/\/www.instagram.com\/canfalimarinaalta\/"]},{"@type":"Person","@id":"https:\/\/canfali.com\/ca-es\/#\/schema\/person\/f540a86fb33e10daaae53c59ceaa1194","name":"Lluis","image":{"@type":"ImageObject","inLanguage":"va-ES","@id":"https:\/\/secure.gravatar.com\/avatar\/a21ec8835290e4e02ed0886b8cb327d807d0eb6ec8ccf25d4c2a0a415f506c0d?s=96&d=mm&r=g","url":"https:\/\/secure.gravatar.com\/avatar\/a21ec8835290e4e02ed0886b8cb327d807d0eb6ec8ccf25d4c2a0a415f506c0d?s=96&d=mm&r=g","contentUrl":"https:\/\/secure.gravatar.com\/avatar\/a21ec8835290e4e02ed0886b8cb327d807d0eb6ec8ccf25d4c2a0a415f506c0d?s=96&d=mm&r=g","caption":"Lluis"},"url":"https:\/\/canfali.com\/ca-es\/author\/lluis\/"}]}},"_links":{"self":[{"href":"https:\/\/canfali.com\/ca-es\/wp-json\/wp\/v2\/posts\/95410","targetHints":{"allow":["GET"]}}],"collection":[{"href":"https:\/\/canfali.com\/ca-es\/wp-json\/wp\/v2\/posts"}],"about":[{"href":"https:\/\/canfali.com\/ca-es\/wp-json\/wp\/v2\/types\/post"}],"author":[{"embeddable":true,"href":"https:\/\/canfali.com\/ca-es\/wp-json\/wp\/v2\/users\/8"}],"replies":[{"embeddable":true,"href":"https:\/\/canfali.com\/ca-es\/wp-json\/wp\/v2\/comments?post=95410"}],"version-history":[{"count":1,"href":"https:\/\/canfali.com\/ca-es\/wp-json\/wp\/v2\/posts\/95410\/revisions"}],"predecessor-version":[{"id":95411,"href":"https:\/\/canfali.com\/ca-es\/wp-json\/wp\/v2\/posts\/95410\/revisions\/95411"}],"wp:featuredmedia":[{"embeddable":true,"href":"https:\/\/canfali.com\/ca-es\/wp-json\/wp\/v2\/media\/95346"}],"wp:attachment":[{"href":"https:\/\/canfali.com\/ca-es\/wp-json\/wp\/v2\/media?parent=95410"}],"wp:term":[{"taxonomy":"category","embeddable":true,"href":"https:\/\/canfali.com\/ca-es\/wp-json\/wp\/v2\/categories?post=95410"},{"taxonomy":"post_tag","embeddable":true,"href":"https:\/\/canfali.com\/ca-es\/wp-json\/wp\/v2\/tags?post=95410"}],"curies":[{"name":"wp","href":"https:\/\/api.w.org\/{rel}","templated":true}]}}