{"id":95408,"date":"2026-04-26T23:11:06","date_gmt":"2026-04-26T21:11:06","guid":{"rendered":"https:\/\/canfali.com\/segona-ffcv-triomfs-del-benitatxell-i-orba-i-derrota-del-gorgos\/"},"modified":"2026-04-26T23:11:55","modified_gmt":"2026-04-26T21:11:55","slug":"segona-ffcv-triomfs-del-benitatxell-i-orba-i-derrota-del-gorgos","status":"publish","type":"post","link":"https:\/\/canfali.com\/ca-es\/segona-ffcv-triomfs-del-benitatxell-i-orba-i-derrota-del-gorgos\/","title":{"rendered":"Segona FFCV: Triomfs del Benitatxell i Orba, i derrota del Gorgos"},"content":{"rendered":"\n<p>L\u2019Orba va posar fi a una ratxa de set jornades sense guanyar amb un triomf bals\u00e0mic a La Marjal davant el Bellreguard, gr\u00e0cies a un solitari gol d\u2019Ayoub als 15 minuts de joc. Tres punts que certifiquen la perman\u00e8ncia matem\u00e0tica quan encara resten tres jornades per disputar.&#13;\n<\/p>\n\n<figure class=\"wp-block-image size-large\"><img fetchpriority=\"high\" decoding=\"async\" width=\"1024\" height=\"646\" src=\"https:\/\/canfali.com\/app\/uploads\/2026\/04\/8segundaffcv-gorgos-1-1024x646.jpg\" alt=\"\" class=\"wp-image-95405\" srcset=\"https:\/\/canfali.com\/app\/uploads\/2026\/04\/8segundaffcv-gorgos-1-1024x646.jpg 1024w, https:\/\/canfali.com\/app\/uploads\/2026\/04\/8segundaffcv-gorgos-1-300x189.jpg 300w, https:\/\/canfali.com\/app\/uploads\/2026\/04\/8segundaffcv-gorgos-1-768x484.jpg 768w, https:\/\/canfali.com\/app\/uploads\/2026\/04\/8segundaffcv-gorgos-1-332x209.jpg 332w, https:\/\/canfali.com\/app\/uploads\/2026\/04\/8segundaffcv-gorgos-1-664x419.jpg 664w, https:\/\/canfali.com\/app\/uploads\/2026\/04\/8segundaffcv-gorgos-1-688x434.jpg 688w, https:\/\/canfali.com\/app\/uploads\/2026\/04\/8segundaffcv-gorgos-1-1044x658.jpg 1044w, https:\/\/canfali.com\/app\/uploads\/2026\/04\/8segundaffcv-gorgos-1.jpg 1137w\" sizes=\"(max-width: 1024px) 100vw, 1024px\" \/><\/figure>\n\n<p>En el mateix grup VI de la Segona FFCV, el Gorgos no va poder a casa davant el l\u00edder, l\u2019Oliva (2-4). El doblet d\u2019Axel va ser insuficient per a frenar un equip que es va mostrar molt efectiu en atac.&#13;\n<\/p>\n\n<figure class=\"wp-block-image size-large\"><img decoding=\"async\" width=\"1024\" height=\"681\" src=\"https:\/\/canfali.com\/app\/uploads\/2026\/04\/8segundaffcv-benitatxell-2-1024x681.jpeg\" alt=\"\" class=\"wp-image-95403\" srcset=\"https:\/\/canfali.com\/app\/uploads\/2026\/04\/8segundaffcv-benitatxell-2-1024x681.jpeg 1024w, https:\/\/canfali.com\/app\/uploads\/2026\/04\/8segundaffcv-benitatxell-2-300x199.jpeg 300w, https:\/\/canfali.com\/app\/uploads\/2026\/04\/8segundaffcv-benitatxell-2-768x510.jpeg 768w, https:\/\/canfali.com\/app\/uploads\/2026\/04\/8segundaffcv-benitatxell-2-1536x1021.jpeg 1536w, https:\/\/canfali.com\/app\/uploads\/2026\/04\/8segundaffcv-benitatxell-2-332x221.jpeg 332w, https:\/\/canfali.com\/app\/uploads\/2026\/04\/8segundaffcv-benitatxell-2-664x441.jpeg 664w, https:\/\/canfali.com\/app\/uploads\/2026\/04\/8segundaffcv-benitatxell-2-688x457.jpeg 688w, https:\/\/canfali.com\/app\/uploads\/2026\/04\/8segundaffcv-benitatxell-2-1044x694.jpeg 1044w, https:\/\/canfali.com\/app\/uploads\/2026\/04\/8segundaffcv-benitatxell-2-1400x930.jpeg 1400w, https:\/\/canfali.com\/app\/uploads\/2026\/04\/8segundaffcv-benitatxell-2-1920x1276.jpeg 1920w, https:\/\/canfali.com\/app\/uploads\/2026\/04\/8segundaffcv-benitatxell-2.jpeg 1941w\" sizes=\"(max-width: 1024px) 100vw, 1024px\" \/><\/figure>\n\n<p>Per la seua banda, el Benitatxell va aconseguir una important vict\u00f2ria al camp del Polop (2-3) per a prolongar la seua bona din\u00e0mica de resultats. Els de Jos\u00e9 Luis Bisquert ja guanyaven 0-2 a la mitja hora de partit, amb gols d\u2019\u00c1lvaro i Adri\u00e1n, per\u00f2 el conjunt local va aconseguir empatar poc despr\u00e9s de l\u2019inici de la segona meitat. Finalment, Justo va anotar el 2-3 definitiu per al Benitatxell en el minut 87.&#13;\n<\/p>\n","protected":false},"excerpt":{"rendered":"L\u2019Orba va posar fi a una ratxa de set jornades sense guanyar amb un triomf bals\u00e0mic a La&hellip;","protected":false},"author":8,"featured_media":95402,"comment_status":"closed","ping_status":"open","sticky":false,"template":"","format":"standard","meta":{"csco_display_header_overlay":false,"csco_singular_sidebar":"","csco_page_header_type":"","csco_page_load_nextpost":"","csco_post_video_location":[],"csco_post_video_location_hash":"","csco_post_video_url":"","csco_post_video_bg_start_time":0,"csco_post_video_bg_end_time":0,"footnotes":""},"categories":[573,598,601],"tags":[],"class_list":{"0":"post-95408","1":"post","2":"type-post","3":"status-publish","4":"format-standard","5":"has-post-thumbnail","7":"category-deportes-2","8":"category-esports","9":"category-futbol-ca-es","10":"cs-entry","11":"cs-video-wrap"},"yoast_head":"<!-- This site is optimized with the Yoast SEO Premium plugin v26.6 (Yoast SEO v27.3) - https:\/\/yoast.com\/product\/yoast-seo-premium-wordpress\/ -->\n<title>Segona FFCV: Triomfs del Benitatxell i Orba, i derrota del Gorgos - Canfali<\/title>\n<meta name=\"description\" content=\"L\u2019Orba va posar fi a una ratxa de set jornades sense guanyar amb un triomf bals\u00e0mic a La Marjal davant el Bellreguard,\" \/>\n<meta name=\"robots\" content=\"index, follow, max-snippet:-1, max-image-preview:large, max-video-preview:-1\" \/>\n<link rel=\"canonical\" href=\"https:\/\/canfali.com\/ca-es\/segona-ffcv-triomfs-del-benitatxell-i-orba-i-derrota-del-gorgos\/\" \/>\n<meta property=\"og:locale\" content=\"en_US\" \/>\n<meta property=\"og:type\" content=\"article\" \/>\n<meta property=\"og:title\" content=\"Segona FFCV: Triomfs del Benitatxell i Orba, i derrota del Gorgos\" \/>\n<meta property=\"og:description\" content=\"L\u2019Orba va posar fi a una ratxa de set jornades sense guanyar amb un triomf bals\u00e0mic a La Marjal davant el Bellreguard,\" \/>\n<meta property=\"og:url\" content=\"https:\/\/canfali.com\/ca-es\/segona-ffcv-triomfs-del-benitatxell-i-orba-i-derrota-del-gorgos\/\" \/>\n<meta property=\"og:site_name\" content=\"Canfali\" \/>\n<meta property=\"article:publisher\" content=\"https:\/\/es-es.facebook.com\/CANFALIMarinaAlta\" \/>\n<meta property=\"article:published_time\" content=\"2026-04-26T21:11:06+00:00\" \/>\n<meta property=\"article:modified_time\" content=\"2026-04-26T21:11:55+00:00\" \/>\n<meta property=\"og:image\" content=\"https:\/\/canfali.com\/app\/uploads\/2026\/04\/8segundaffcv-orba-2.jpeg\" \/>\n\t<meta property=\"og:image:width\" content=\"1616\" \/>\n\t<meta property=\"og:image:height\" content=\"918\" \/>\n\t<meta property=\"og:image:type\" content=\"image\/jpeg\" \/>\n<meta name=\"author\" content=\"Lluis\" \/>\n<meta name=\"twitter:card\" content=\"summary_large_image\" \/>\n<meta name=\"twitter:creator\" content=\"@canfalima\" \/>\n<meta name=\"twitter:site\" content=\"@canfalima\" \/>\n<meta name=\"twitter:label1\" content=\"Written by\" \/>\n\t<meta name=\"twitter:data1\" content=\"Lluis\" \/>\n\t<meta name=\"twitter:label2\" content=\"Est. reading time\" \/>\n\t<meta name=\"twitter:data2\" content=\"1 minute\" \/>\n<script type=\"application\/ld+json\" class=\"yoast-schema-graph\">{\"@context\":\"https:\\\/\\\/schema.org\",\"@graph\":[{\"@type\":\"NewsArticle\",\"@id\":\"https:\\\/\\\/canfali.com\\\/ca-es\\\/segona-ffcv-triomfs-del-benitatxell-i-orba-i-derrota-del-gorgos\\\/#article\",\"isPartOf\":{\"@id\":\"https:\\\/\\\/canfali.com\\\/ca-es\\\/segona-ffcv-triomfs-del-benitatxell-i-orba-i-derrota-del-gorgos\\\/\"},\"author\":{\"name\":\"Lluis\",\"@id\":\"https:\\\/\\\/canfali.com\\\/ca-es\\\/#\\\/schema\\\/person\\\/f540a86fb33e10daaae53c59ceaa1194\"},\"headline\":\"Segona FFCV: Triomfs del Benitatxell i Orba, i derrota del Gorgos\",\"datePublished\":\"2026-04-26T21:11:06+00:00\",\"dateModified\":\"2026-04-26T21:11:55+00:00\",\"mainEntityOfPage\":{\"@id\":\"https:\\\/\\\/canfali.com\\\/ca-es\\\/segona-ffcv-triomfs-del-benitatxell-i-orba-i-derrota-del-gorgos\\\/\"},\"wordCount\":184,\"publisher\":{\"@id\":\"https:\\\/\\\/canfali.com\\\/ca-es\\\/#organization\"},\"image\":{\"@id\":\"https:\\\/\\\/canfali.com\\\/ca-es\\\/segona-ffcv-triomfs-del-benitatxell-i-orba-i-derrota-del-gorgos\\\/#primaryimage\"},\"thumbnailUrl\":\"https:\\\/\\\/canfali.com\\\/app\\\/uploads\\\/2026\\\/04\\\/8segundaffcv-orba-2.jpeg\",\"articleSection\":[\"Deportes\",\"Esports\",\"Futbol\"],\"inLanguage\":\"va-ES\",\"copyrightYear\":\"2026\",\"copyrightHolder\":{\"@id\":\"https:\\\/\\\/canfali.com\\\/#organization\"}},{\"@type\":\"WebPage\",\"@id\":\"https:\\\/\\\/canfali.com\\\/ca-es\\\/segona-ffcv-triomfs-del-benitatxell-i-orba-i-derrota-del-gorgos\\\/\",\"url\":\"https:\\\/\\\/canfali.com\\\/ca-es\\\/segona-ffcv-triomfs-del-benitatxell-i-orba-i-derrota-del-gorgos\\\/\",\"name\":\"Segona FFCV: Triomfs del Benitatxell i Orba, i derrota del Gorgos - Canfali\",\"isPartOf\":{\"@id\":\"https:\\\/\\\/canfali.com\\\/ca-es\\\/#website\"},\"primaryImageOfPage\":{\"@id\":\"https:\\\/\\\/canfali.com\\\/ca-es\\\/segona-ffcv-triomfs-del-benitatxell-i-orba-i-derrota-del-gorgos\\\/#primaryimage\"},\"image\":{\"@id\":\"https:\\\/\\\/canfali.com\\\/ca-es\\\/segona-ffcv-triomfs-del-benitatxell-i-orba-i-derrota-del-gorgos\\\/#primaryimage\"},\"thumbnailUrl\":\"https:\\\/\\\/canfali.com\\\/app\\\/uploads\\\/2026\\\/04\\\/8segundaffcv-orba-2.jpeg\",\"datePublished\":\"2026-04-26T21:11:06+00:00\",\"dateModified\":\"2026-04-26T21:11:55+00:00\",\"description\":\"L\u2019Orba va posar fi a una ratxa de set jornades sense guanyar amb un triomf bals\u00e0mic a La Marjal davant el Bellreguard,\",\"breadcrumb\":{\"@id\":\"https:\\\/\\\/canfali.com\\\/ca-es\\\/segona-ffcv-triomfs-del-benitatxell-i-orba-i-derrota-del-gorgos\\\/#breadcrumb\"},\"inLanguage\":\"va-ES\",\"potentialAction\":[{\"@type\":\"ReadAction\",\"target\":[\"https:\\\/\\\/canfali.com\\\/ca-es\\\/segona-ffcv-triomfs-del-benitatxell-i-orba-i-derrota-del-gorgos\\\/\"]}]},{\"@type\":\"ImageObject\",\"inLanguage\":\"va-ES\",\"@id\":\"https:\\\/\\\/canfali.com\\\/ca-es\\\/segona-ffcv-triomfs-del-benitatxell-i-orba-i-derrota-del-gorgos\\\/#primaryimage\",\"url\":\"https:\\\/\\\/canfali.com\\\/app\\\/uploads\\\/2026\\\/04\\\/8segundaffcv-orba-2.jpeg\",\"contentUrl\":\"https:\\\/\\\/canfali.com\\\/app\\\/uploads\\\/2026\\\/04\\\/8segundaffcv-orba-2.jpeg\",\"width\":1616,\"height\":918},{\"@type\":\"BreadcrumbList\",\"@id\":\"https:\\\/\\\/canfali.com\\\/ca-es\\\/segona-ffcv-triomfs-del-benitatxell-i-orba-i-derrota-del-gorgos\\\/#breadcrumb\",\"itemListElement\":[{\"@type\":\"ListItem\",\"position\":1,\"name\":\"Portada\",\"item\":\"https:\\\/\\\/canfali.com\\\/ca-es\\\/\"},{\"@type\":\"ListItem\",\"position\":2,\"name\":\"Segona FFCV: Triomfs del Benitatxell i Orba, i derrota del Gorgos\"}]},{\"@type\":\"WebSite\",\"@id\":\"https:\\\/\\\/canfali.com\\\/ca-es\\\/#website\",\"url\":\"https:\\\/\\\/canfali.com\\\/ca-es\\\/\",\"name\":\"Canfali\",\"description\":\"\",\"publisher\":{\"@id\":\"https:\\\/\\\/canfali.com\\\/ca-es\\\/#organization\"},\"potentialAction\":[{\"@type\":\"SearchAction\",\"target\":{\"@type\":\"EntryPoint\",\"urlTemplate\":\"https:\\\/\\\/canfali.com\\\/ca-es\\\/?s={search_term_string}\"},\"query-input\":{\"@type\":\"PropertyValueSpecification\",\"valueRequired\":true,\"valueName\":\"search_term_string\"}}],\"inLanguage\":\"va-ES\"},{\"@type\":\"Organization\",\"@id\":\"https:\\\/\\\/canfali.com\\\/ca-es\\\/#organization\",\"name\":\"Canfali\",\"url\":\"https:\\\/\\\/canfali.com\\\/ca-es\\\/\",\"logo\":{\"@type\":\"ImageObject\",\"inLanguage\":\"va-ES\",\"@id\":\"https:\\\/\\\/canfali.com\\\/ca-es\\\/#\\\/schema\\\/logo\\\/image\\\/\",\"url\":\"https:\\\/\\\/canfali.com\\\/app\\\/uploads\\\/2025\\\/12\\\/canfali_marina_alta_logo.png\",\"contentUrl\":\"https:\\\/\\\/canfali.com\\\/app\\\/uploads\\\/2025\\\/12\\\/canfali_marina_alta_logo.png\",\"width\":225,\"height\":225,\"caption\":\"Canfali\"},\"image\":{\"@id\":\"https:\\\/\\\/canfali.com\\\/ca-es\\\/#\\\/schema\\\/logo\\\/image\\\/\"},\"sameAs\":[\"https:\\\/\\\/es-es.facebook.com\\\/CANFALIMarinaAlta\",\"https:\\\/\\\/x.com\\\/canfalima\",\"https:\\\/\\\/www.instagram.com\\\/canfalimarinaalta\\\/\"]},{\"@type\":\"Person\",\"@id\":\"https:\\\/\\\/canfali.com\\\/ca-es\\\/#\\\/schema\\\/person\\\/f540a86fb33e10daaae53c59ceaa1194\",\"name\":\"Lluis\",\"image\":{\"@type\":\"ImageObject\",\"inLanguage\":\"va-ES\",\"@id\":\"https:\\\/\\\/secure.gravatar.com\\\/avatar\\\/a21ec8835290e4e02ed0886b8cb327d807d0eb6ec8ccf25d4c2a0a415f506c0d?s=96&d=mm&r=g\",\"url\":\"https:\\\/\\\/secure.gravatar.com\\\/avatar\\\/a21ec8835290e4e02ed0886b8cb327d807d0eb6ec8ccf25d4c2a0a415f506c0d?s=96&d=mm&r=g\",\"contentUrl\":\"https:\\\/\\\/secure.gravatar.com\\\/avatar\\\/a21ec8835290e4e02ed0886b8cb327d807d0eb6ec8ccf25d4c2a0a415f506c0d?s=96&d=mm&r=g\",\"caption\":\"Lluis\"},\"url\":\"https:\\\/\\\/canfali.com\\\/ca-es\\\/author\\\/lluis\\\/\"}]}<\/script>\n<!-- \/ Yoast SEO Premium plugin. -->","yoast_head_json":{"title":"Segona FFCV: Triomfs del Benitatxell i Orba, i derrota del Gorgos - Canfali","description":"L\u2019Orba va posar fi a una ratxa de set jornades sense guanyar amb un triomf bals\u00e0mic a La Marjal davant el Bellreguard,","robots":{"index":"index","follow":"follow","max-snippet":"max-snippet:-1","max-image-preview":"max-image-preview:large","max-video-preview":"max-video-preview:-1"},"canonical":"https:\/\/canfali.com\/ca-es\/segona-ffcv-triomfs-del-benitatxell-i-orba-i-derrota-del-gorgos\/","og_locale":"en_US","og_type":"article","og_title":"Segona FFCV: Triomfs del Benitatxell i Orba, i derrota del Gorgos","og_description":"L\u2019Orba va posar fi a una ratxa de set jornades sense guanyar amb un triomf bals\u00e0mic a La Marjal davant el Bellreguard,","og_url":"https:\/\/canfali.com\/ca-es\/segona-ffcv-triomfs-del-benitatxell-i-orba-i-derrota-del-gorgos\/","og_site_name":"Canfali","article_publisher":"https:\/\/es-es.facebook.com\/CANFALIMarinaAlta","article_published_time":"2026-04-26T21:11:06+00:00","article_modified_time":"2026-04-26T21:11:55+00:00","og_image":[{"width":1616,"height":918,"url":"https:\/\/canfali.com\/app\/uploads\/2026\/04\/8segundaffcv-orba-2.jpeg","type":"image\/jpeg"}],"author":"Lluis","twitter_card":"summary_large_image","twitter_creator":"@canfalima","twitter_site":"@canfalima","twitter_misc":{"Written by":"Lluis","Est. reading time":"1 minute"},"schema":{"@context":"https:\/\/schema.org","@graph":[{"@type":"NewsArticle","@id":"https:\/\/canfali.com\/ca-es\/segona-ffcv-triomfs-del-benitatxell-i-orba-i-derrota-del-gorgos\/#article","isPartOf":{"@id":"https:\/\/canfali.com\/ca-es\/segona-ffcv-triomfs-del-benitatxell-i-orba-i-derrota-del-gorgos\/"},"author":{"name":"Lluis","@id":"https:\/\/canfali.com\/ca-es\/#\/schema\/person\/f540a86fb33e10daaae53c59ceaa1194"},"headline":"Segona FFCV: Triomfs del Benitatxell i Orba, i derrota del Gorgos","datePublished":"2026-04-26T21:11:06+00:00","dateModified":"2026-04-26T21:11:55+00:00","mainEntityOfPage":{"@id":"https:\/\/canfali.com\/ca-es\/segona-ffcv-triomfs-del-benitatxell-i-orba-i-derrota-del-gorgos\/"},"wordCount":184,"publisher":{"@id":"https:\/\/canfali.com\/ca-es\/#organization"},"image":{"@id":"https:\/\/canfali.com\/ca-es\/segona-ffcv-triomfs-del-benitatxell-i-orba-i-derrota-del-gorgos\/#primaryimage"},"thumbnailUrl":"https:\/\/canfali.com\/app\/uploads\/2026\/04\/8segundaffcv-orba-2.jpeg","articleSection":["Deportes","Esports","Futbol"],"inLanguage":"va-ES","copyrightYear":"2026","copyrightHolder":{"@id":"https:\/\/canfali.com\/#organization"}},{"@type":"WebPage","@id":"https:\/\/canfali.com\/ca-es\/segona-ffcv-triomfs-del-benitatxell-i-orba-i-derrota-del-gorgos\/","url":"https:\/\/canfali.com\/ca-es\/segona-ffcv-triomfs-del-benitatxell-i-orba-i-derrota-del-gorgos\/","name":"Segona FFCV: Triomfs del Benitatxell i Orba, i derrota del Gorgos - Canfali","isPartOf":{"@id":"https:\/\/canfali.com\/ca-es\/#website"},"primaryImageOfPage":{"@id":"https:\/\/canfali.com\/ca-es\/segona-ffcv-triomfs-del-benitatxell-i-orba-i-derrota-del-gorgos\/#primaryimage"},"image":{"@id":"https:\/\/canfali.com\/ca-es\/segona-ffcv-triomfs-del-benitatxell-i-orba-i-derrota-del-gorgos\/#primaryimage"},"thumbnailUrl":"https:\/\/canfali.com\/app\/uploads\/2026\/04\/8segundaffcv-orba-2.jpeg","datePublished":"2026-04-26T21:11:06+00:00","dateModified":"2026-04-26T21:11:55+00:00","description":"L\u2019Orba va posar fi a una ratxa de set jornades sense guanyar amb un triomf bals\u00e0mic a La Marjal davant el Bellreguard,","breadcrumb":{"@id":"https:\/\/canfali.com\/ca-es\/segona-ffcv-triomfs-del-benitatxell-i-orba-i-derrota-del-gorgos\/#breadcrumb"},"inLanguage":"va-ES","potentialAction":[{"@type":"ReadAction","target":["https:\/\/canfali.com\/ca-es\/segona-ffcv-triomfs-del-benitatxell-i-orba-i-derrota-del-gorgos\/"]}]},{"@type":"ImageObject","inLanguage":"va-ES","@id":"https:\/\/canfali.com\/ca-es\/segona-ffcv-triomfs-del-benitatxell-i-orba-i-derrota-del-gorgos\/#primaryimage","url":"https:\/\/canfali.com\/app\/uploads\/2026\/04\/8segundaffcv-orba-2.jpeg","contentUrl":"https:\/\/canfali.com\/app\/uploads\/2026\/04\/8segundaffcv-orba-2.jpeg","width":1616,"height":918},{"@type":"BreadcrumbList","@id":"https:\/\/canfali.com\/ca-es\/segona-ffcv-triomfs-del-benitatxell-i-orba-i-derrota-del-gorgos\/#breadcrumb","itemListElement":[{"@type":"ListItem","position":1,"name":"Portada","item":"https:\/\/canfali.com\/ca-es\/"},{"@type":"ListItem","position":2,"name":"Segona FFCV: Triomfs del Benitatxell i Orba, i derrota del Gorgos"}]},{"@type":"WebSite","@id":"https:\/\/canfali.com\/ca-es\/#website","url":"https:\/\/canfali.com\/ca-es\/","name":"Canfali","description":"","publisher":{"@id":"https:\/\/canfali.com\/ca-es\/#organization"},"potentialAction":[{"@type":"SearchAction","target":{"@type":"EntryPoint","urlTemplate":"https:\/\/canfali.com\/ca-es\/?s={search_term_string}"},"query-input":{"@type":"PropertyValueSpecification","valueRequired":true,"valueName":"search_term_string"}}],"inLanguage":"va-ES"},{"@type":"Organization","@id":"https:\/\/canfali.com\/ca-es\/#organization","name":"Canfali","url":"https:\/\/canfali.com\/ca-es\/","logo":{"@type":"ImageObject","inLanguage":"va-ES","@id":"https:\/\/canfali.com\/ca-es\/#\/schema\/logo\/image\/","url":"https:\/\/canfali.com\/app\/uploads\/2025\/12\/canfali_marina_alta_logo.png","contentUrl":"https:\/\/canfali.com\/app\/uploads\/2025\/12\/canfali_marina_alta_logo.png","width":225,"height":225,"caption":"Canfali"},"image":{"@id":"https:\/\/canfali.com\/ca-es\/#\/schema\/logo\/image\/"},"sameAs":["https:\/\/es-es.facebook.com\/CANFALIMarinaAlta","https:\/\/x.com\/canfalima","https:\/\/www.instagram.com\/canfalimarinaalta\/"]},{"@type":"Person","@id":"https:\/\/canfali.com\/ca-es\/#\/schema\/person\/f540a86fb33e10daaae53c59ceaa1194","name":"Lluis","image":{"@type":"ImageObject","inLanguage":"va-ES","@id":"https:\/\/secure.gravatar.com\/avatar\/a21ec8835290e4e02ed0886b8cb327d807d0eb6ec8ccf25d4c2a0a415f506c0d?s=96&d=mm&r=g","url":"https:\/\/secure.gravatar.com\/avatar\/a21ec8835290e4e02ed0886b8cb327d807d0eb6ec8ccf25d4c2a0a415f506c0d?s=96&d=mm&r=g","contentUrl":"https:\/\/secure.gravatar.com\/avatar\/a21ec8835290e4e02ed0886b8cb327d807d0eb6ec8ccf25d4c2a0a415f506c0d?s=96&d=mm&r=g","caption":"Lluis"},"url":"https:\/\/canfali.com\/ca-es\/author\/lluis\/"}]}},"_links":{"self":[{"href":"https:\/\/canfali.com\/ca-es\/wp-json\/wp\/v2\/posts\/95408","targetHints":{"allow":["GET"]}}],"collection":[{"href":"https:\/\/canfali.com\/ca-es\/wp-json\/wp\/v2\/posts"}],"about":[{"href":"https:\/\/canfali.com\/ca-es\/wp-json\/wp\/v2\/types\/post"}],"author":[{"embeddable":true,"href":"https:\/\/canfali.com\/ca-es\/wp-json\/wp\/v2\/users\/8"}],"replies":[{"embeddable":true,"href":"https:\/\/canfali.com\/ca-es\/wp-json\/wp\/v2\/comments?post=95408"}],"version-history":[{"count":1,"href":"https:\/\/canfali.com\/ca-es\/wp-json\/wp\/v2\/posts\/95408\/revisions"}],"predecessor-version":[{"id":95409,"href":"https:\/\/canfali.com\/ca-es\/wp-json\/wp\/v2\/posts\/95408\/revisions\/95409"}],"wp:featuredmedia":[{"embeddable":true,"href":"https:\/\/canfali.com\/ca-es\/wp-json\/wp\/v2\/media\/95402"}],"wp:attachment":[{"href":"https:\/\/canfali.com\/ca-es\/wp-json\/wp\/v2\/media?parent=95408"}],"wp:term":[{"taxonomy":"category","embeddable":true,"href":"https:\/\/canfali.com\/ca-es\/wp-json\/wp\/v2\/categories?post=95408"},{"taxonomy":"post_tag","embeddable":true,"href":"https:\/\/canfali.com\/ca-es\/wp-json\/wp\/v2\/tags?post=95408"}],"curies":[{"name":"wp","href":"https:\/\/api.w.org\/{rel}","templated":true}]}}