{"id":95393,"date":"2026-04-26T22:40:31","date_gmt":"2026-04-26T20:40:31","guid":{"rendered":"https:\/\/canfali.com\/tercera-ffcv-una-jornada-de-punxades-deixa-el-callosa-lider-en-solitari\/"},"modified":"2026-04-26T22:42:57","modified_gmt":"2026-04-26T20:42:57","slug":"tercera-ffcv-una-jornada-de-punxades-deixa-el-callosa-lider-en-solitari","status":"publish","type":"post","link":"https:\/\/canfali.com\/ca-es\/tercera-ffcv-una-jornada-de-punxades-deixa-el-callosa-lider-en-solitari\/","title":{"rendered":"Tercera FFCV: Una jornada de punxades deixa el Callosa l\u00edder en solitari"},"content":{"rendered":"\n<p>El Grup XII de la Tercera FFCV va viure una jornada plena de resultats sorprenents que han beneficiat el nou l\u00edder, l\u2019At. Callosa (55 punts), \u00fanic equip entre els sis primers classificats que va aconseguir la vict\u00f2ria. El conjunt callos\u00ed es va imposar per 3-2 al T\u00f3mbola, mentre que el Mutxamel B (52 punts), fins ara l\u00edder, no va passar de l\u2019empat a casa davant l\u2019H\u00e8rcules C (1-1).&#13;\n<\/p>\n\n<p>En la resta d\u2019encontres destacats, el derbi entre Beniarbeig i D\u00e9nia B, duel directe en la zona alta, va acabar en taules (1-1), un resultat que allunya els dos equips del primer lloc. El Beniarbeig es queda amb 52 punts i el D\u00e9nia B amb 51. Tampoc va poder guanyar el Calp B (52 punts), que va empatar (1-1) davant el Campello B en un partit en qu\u00e8 els calpins van desaprofitar nombroses ocasions.&#13;\n<\/p>\n\n<p>El pitjor parat de la jornada va ser l\u2019Arenas Alacant (48 punts), que va encadenar la seua tercera derrota consecutiva i diu pr\u00e0cticament ad\u00e9u a les seues opcions de t\u00edtol.&#13;\n<\/p>\n\n<p>A falta de tres jornades, la lluita pel campionat es mant\u00e9 al roig viu. A la igualtat se suma ara un factor clau: la gesti\u00f3 de la pressi\u00f3 en el tram final. Perqu\u00e8 tan important \u00e9s imposar-se als rivals directes com no deixar-se punts davant equips de menor entitat, una cosa que, vist el que ha passat en esta jornada, pot eixir molt cara.&#13;\n<\/p>\n","protected":false},"excerpt":{"rendered":"El Grup XII de la Tercera FFCV va viure una jornada plena de resultats sorprenents que han beneficiat&hellip;","protected":false},"author":8,"featured_media":95391,"comment_status":"closed","ping_status":"open","sticky":false,"template":"","format":"standard","meta":{"csco_display_header_overlay":false,"csco_singular_sidebar":"","csco_page_header_type":"","csco_page_load_nextpost":"","csco_post_video_location":[],"csco_post_video_location_hash":"","csco_post_video_url":"","csco_post_video_bg_start_time":0,"csco_post_video_bg_end_time":0,"footnotes":""},"categories":[573,598,601],"tags":[],"class_list":{"0":"post-95393","1":"post","2":"type-post","3":"status-publish","4":"format-standard","5":"has-post-thumbnail","7":"category-deportes-2","8":"category-esports","9":"category-futbol-ca-es","10":"cs-entry","11":"cs-video-wrap"},"yoast_head":"<!-- This site is optimized with the Yoast SEO Premium plugin v26.6 (Yoast SEO v27.3) - https:\/\/yoast.com\/product\/yoast-seo-premium-wordpress\/ -->\n<title>Tercera FFCV: Una jornada de punxades deixa el Callosa l\u00edder en solitari - Canfali<\/title>\n<meta name=\"description\" content=\"El Grup XII de la Tercera FFCV va viure una jornada plena de resultats sorprenents que han beneficiat el nou l\u00edder, l\u2019At. Callosa\" \/>\n<meta name=\"robots\" content=\"index, follow, max-snippet:-1, max-image-preview:large, max-video-preview:-1\" \/>\n<link rel=\"canonical\" href=\"https:\/\/canfali.com\/ca-es\/tercera-ffcv-una-jornada-de-punxades-deixa-el-callosa-lider-en-solitari\/\" \/>\n<meta property=\"og:locale\" content=\"en_US\" \/>\n<meta property=\"og:type\" content=\"article\" \/>\n<meta property=\"og:title\" content=\"Tercera FFCV: Una jornada de punxades deixa el Callosa l\u00edder en solitari\" \/>\n<meta property=\"og:description\" content=\"El Grup XII de la Tercera FFCV va viure una jornada plena de resultats sorprenents que han beneficiat el nou l\u00edder, l\u2019At. Callosa\" \/>\n<meta property=\"og:url\" content=\"https:\/\/canfali.com\/ca-es\/tercera-ffcv-una-jornada-de-punxades-deixa-el-callosa-lider-en-solitari\/\" \/>\n<meta property=\"og:site_name\" content=\"Canfali\" \/>\n<meta property=\"article:publisher\" content=\"https:\/\/es-es.facebook.com\/CANFALIMarinaAlta\" \/>\n<meta property=\"article:published_time\" content=\"2026-04-26T20:40:31+00:00\" \/>\n<meta property=\"article:modified_time\" content=\"2026-04-26T20:42:57+00:00\" \/>\n<meta property=\"og:image\" content=\"https:\/\/canfali.com\/app\/uploads\/2026\/04\/IMG_9702-1-scaled.jpg\" \/>\n\t<meta property=\"og:image:width\" content=\"2560\" \/>\n\t<meta property=\"og:image:height\" content=\"1597\" \/>\n\t<meta property=\"og:image:type\" content=\"image\/jpeg\" \/>\n<meta name=\"author\" content=\"Lluis\" \/>\n<meta name=\"twitter:card\" content=\"summary_large_image\" \/>\n<meta name=\"twitter:creator\" content=\"@canfalima\" \/>\n<meta name=\"twitter:site\" content=\"@canfalima\" \/>\n<meta name=\"twitter:label1\" content=\"Written by\" \/>\n\t<meta name=\"twitter:data1\" content=\"Lluis\" \/>\n\t<meta name=\"twitter:label2\" content=\"Est. reading time\" \/>\n\t<meta name=\"twitter:data2\" content=\"1 minute\" \/>\n<script type=\"application\/ld+json\" class=\"yoast-schema-graph\">{\"@context\":\"https:\\\/\\\/schema.org\",\"@graph\":[{\"@type\":\"NewsArticle\",\"@id\":\"https:\\\/\\\/canfali.com\\\/ca-es\\\/tercera-ffcv-una-jornada-de-punxades-deixa-el-callosa-lider-en-solitari\\\/#article\",\"isPartOf\":{\"@id\":\"https:\\\/\\\/canfali.com\\\/ca-es\\\/tercera-ffcv-una-jornada-de-punxades-deixa-el-callosa-lider-en-solitari\\\/\"},\"author\":{\"name\":\"Lluis\",\"@id\":\"https:\\\/\\\/canfali.com\\\/ca-es\\\/#\\\/schema\\\/person\\\/f540a86fb33e10daaae53c59ceaa1194\"},\"headline\":\"Tercera FFCV: Una jornada de punxades deixa el Callosa l\u00edder en solitari\",\"datePublished\":\"2026-04-26T20:40:31+00:00\",\"dateModified\":\"2026-04-26T20:42:57+00:00\",\"mainEntityOfPage\":{\"@id\":\"https:\\\/\\\/canfali.com\\\/ca-es\\\/tercera-ffcv-una-jornada-de-punxades-deixa-el-callosa-lider-en-solitari\\\/\"},\"wordCount\":258,\"publisher\":{\"@id\":\"https:\\\/\\\/canfali.com\\\/ca-es\\\/#organization\"},\"image\":{\"@id\":\"https:\\\/\\\/canfali.com\\\/ca-es\\\/tercera-ffcv-una-jornada-de-punxades-deixa-el-callosa-lider-en-solitari\\\/#primaryimage\"},\"thumbnailUrl\":\"https:\\\/\\\/canfali.com\\\/app\\\/uploads\\\/2026\\\/04\\\/IMG_9702-1-scaled.jpg\",\"articleSection\":[\"Deportes\",\"Esports\",\"Futbol\"],\"inLanguage\":\"va-ES\",\"copyrightYear\":\"2026\",\"copyrightHolder\":{\"@id\":\"https:\\\/\\\/canfali.com\\\/#organization\"}},{\"@type\":\"WebPage\",\"@id\":\"https:\\\/\\\/canfali.com\\\/ca-es\\\/tercera-ffcv-una-jornada-de-punxades-deixa-el-callosa-lider-en-solitari\\\/\",\"url\":\"https:\\\/\\\/canfali.com\\\/ca-es\\\/tercera-ffcv-una-jornada-de-punxades-deixa-el-callosa-lider-en-solitari\\\/\",\"name\":\"Tercera FFCV: Una jornada de punxades deixa el Callosa l\u00edder en solitari - Canfali\",\"isPartOf\":{\"@id\":\"https:\\\/\\\/canfali.com\\\/ca-es\\\/#website\"},\"primaryImageOfPage\":{\"@id\":\"https:\\\/\\\/canfali.com\\\/ca-es\\\/tercera-ffcv-una-jornada-de-punxades-deixa-el-callosa-lider-en-solitari\\\/#primaryimage\"},\"image\":{\"@id\":\"https:\\\/\\\/canfali.com\\\/ca-es\\\/tercera-ffcv-una-jornada-de-punxades-deixa-el-callosa-lider-en-solitari\\\/#primaryimage\"},\"thumbnailUrl\":\"https:\\\/\\\/canfali.com\\\/app\\\/uploads\\\/2026\\\/04\\\/IMG_9702-1-scaled.jpg\",\"datePublished\":\"2026-04-26T20:40:31+00:00\",\"dateModified\":\"2026-04-26T20:42:57+00:00\",\"description\":\"El Grup XII de la Tercera FFCV va viure una jornada plena de resultats sorprenents que han beneficiat el nou l\u00edder, l\u2019At. Callosa\",\"breadcrumb\":{\"@id\":\"https:\\\/\\\/canfali.com\\\/ca-es\\\/tercera-ffcv-una-jornada-de-punxades-deixa-el-callosa-lider-en-solitari\\\/#breadcrumb\"},\"inLanguage\":\"va-ES\",\"potentialAction\":[{\"@type\":\"ReadAction\",\"target\":[\"https:\\\/\\\/canfali.com\\\/ca-es\\\/tercera-ffcv-una-jornada-de-punxades-deixa-el-callosa-lider-en-solitari\\\/\"]}]},{\"@type\":\"ImageObject\",\"inLanguage\":\"va-ES\",\"@id\":\"https:\\\/\\\/canfali.com\\\/ca-es\\\/tercera-ffcv-una-jornada-de-punxades-deixa-el-callosa-lider-en-solitari\\\/#primaryimage\",\"url\":\"https:\\\/\\\/canfali.com\\\/app\\\/uploads\\\/2026\\\/04\\\/IMG_9702-1-scaled.jpg\",\"contentUrl\":\"https:\\\/\\\/canfali.com\\\/app\\\/uploads\\\/2026\\\/04\\\/IMG_9702-1-scaled.jpg\",\"width\":2560,\"height\":1597},{\"@type\":\"BreadcrumbList\",\"@id\":\"https:\\\/\\\/canfali.com\\\/ca-es\\\/tercera-ffcv-una-jornada-de-punxades-deixa-el-callosa-lider-en-solitari\\\/#breadcrumb\",\"itemListElement\":[{\"@type\":\"ListItem\",\"position\":1,\"name\":\"Portada\",\"item\":\"https:\\\/\\\/canfali.com\\\/ca-es\\\/\"},{\"@type\":\"ListItem\",\"position\":2,\"name\":\"Tercera FFCV: Una jornada de punxades deixa el Callosa l\u00edder en solitari\"}]},{\"@type\":\"WebSite\",\"@id\":\"https:\\\/\\\/canfali.com\\\/ca-es\\\/#website\",\"url\":\"https:\\\/\\\/canfali.com\\\/ca-es\\\/\",\"name\":\"Canfali\",\"description\":\"\",\"publisher\":{\"@id\":\"https:\\\/\\\/canfali.com\\\/ca-es\\\/#organization\"},\"potentialAction\":[{\"@type\":\"SearchAction\",\"target\":{\"@type\":\"EntryPoint\",\"urlTemplate\":\"https:\\\/\\\/canfali.com\\\/ca-es\\\/?s={search_term_string}\"},\"query-input\":{\"@type\":\"PropertyValueSpecification\",\"valueRequired\":true,\"valueName\":\"search_term_string\"}}],\"inLanguage\":\"va-ES\"},{\"@type\":\"Organization\",\"@id\":\"https:\\\/\\\/canfali.com\\\/ca-es\\\/#organization\",\"name\":\"Canfali\",\"url\":\"https:\\\/\\\/canfali.com\\\/ca-es\\\/\",\"logo\":{\"@type\":\"ImageObject\",\"inLanguage\":\"va-ES\",\"@id\":\"https:\\\/\\\/canfali.com\\\/ca-es\\\/#\\\/schema\\\/logo\\\/image\\\/\",\"url\":\"https:\\\/\\\/canfali.com\\\/app\\\/uploads\\\/2025\\\/12\\\/canfali_marina_alta_logo.png\",\"contentUrl\":\"https:\\\/\\\/canfali.com\\\/app\\\/uploads\\\/2025\\\/12\\\/canfali_marina_alta_logo.png\",\"width\":225,\"height\":225,\"caption\":\"Canfali\"},\"image\":{\"@id\":\"https:\\\/\\\/canfali.com\\\/ca-es\\\/#\\\/schema\\\/logo\\\/image\\\/\"},\"sameAs\":[\"https:\\\/\\\/es-es.facebook.com\\\/CANFALIMarinaAlta\",\"https:\\\/\\\/x.com\\\/canfalima\",\"https:\\\/\\\/www.instagram.com\\\/canfalimarinaalta\\\/\"]},{\"@type\":\"Person\",\"@id\":\"https:\\\/\\\/canfali.com\\\/ca-es\\\/#\\\/schema\\\/person\\\/f540a86fb33e10daaae53c59ceaa1194\",\"name\":\"Lluis\",\"image\":{\"@type\":\"ImageObject\",\"inLanguage\":\"va-ES\",\"@id\":\"https:\\\/\\\/secure.gravatar.com\\\/avatar\\\/a21ec8835290e4e02ed0886b8cb327d807d0eb6ec8ccf25d4c2a0a415f506c0d?s=96&d=mm&r=g\",\"url\":\"https:\\\/\\\/secure.gravatar.com\\\/avatar\\\/a21ec8835290e4e02ed0886b8cb327d807d0eb6ec8ccf25d4c2a0a415f506c0d?s=96&d=mm&r=g\",\"contentUrl\":\"https:\\\/\\\/secure.gravatar.com\\\/avatar\\\/a21ec8835290e4e02ed0886b8cb327d807d0eb6ec8ccf25d4c2a0a415f506c0d?s=96&d=mm&r=g\",\"caption\":\"Lluis\"},\"url\":\"https:\\\/\\\/canfali.com\\\/ca-es\\\/author\\\/lluis\\\/\"}]}<\/script>\n<!-- \/ Yoast SEO Premium plugin. -->","yoast_head_json":{"title":"Tercera FFCV: Una jornada de punxades deixa el Callosa l\u00edder en solitari - Canfali","description":"El Grup XII de la Tercera FFCV va viure una jornada plena de resultats sorprenents que han beneficiat el nou l\u00edder, l\u2019At. Callosa","robots":{"index":"index","follow":"follow","max-snippet":"max-snippet:-1","max-image-preview":"max-image-preview:large","max-video-preview":"max-video-preview:-1"},"canonical":"https:\/\/canfali.com\/ca-es\/tercera-ffcv-una-jornada-de-punxades-deixa-el-callosa-lider-en-solitari\/","og_locale":"en_US","og_type":"article","og_title":"Tercera FFCV: Una jornada de punxades deixa el Callosa l\u00edder en solitari","og_description":"El Grup XII de la Tercera FFCV va viure una jornada plena de resultats sorprenents que han beneficiat el nou l\u00edder, l\u2019At. Callosa","og_url":"https:\/\/canfali.com\/ca-es\/tercera-ffcv-una-jornada-de-punxades-deixa-el-callosa-lider-en-solitari\/","og_site_name":"Canfali","article_publisher":"https:\/\/es-es.facebook.com\/CANFALIMarinaAlta","article_published_time":"2026-04-26T20:40:31+00:00","article_modified_time":"2026-04-26T20:42:57+00:00","og_image":[{"width":2560,"height":1597,"url":"https:\/\/canfali.com\/app\/uploads\/2026\/04\/IMG_9702-1-scaled.jpg","type":"image\/jpeg"}],"author":"Lluis","twitter_card":"summary_large_image","twitter_creator":"@canfalima","twitter_site":"@canfalima","twitter_misc":{"Written by":"Lluis","Est. reading time":"1 minute"},"schema":{"@context":"https:\/\/schema.org","@graph":[{"@type":"NewsArticle","@id":"https:\/\/canfali.com\/ca-es\/tercera-ffcv-una-jornada-de-punxades-deixa-el-callosa-lider-en-solitari\/#article","isPartOf":{"@id":"https:\/\/canfali.com\/ca-es\/tercera-ffcv-una-jornada-de-punxades-deixa-el-callosa-lider-en-solitari\/"},"author":{"name":"Lluis","@id":"https:\/\/canfali.com\/ca-es\/#\/schema\/person\/f540a86fb33e10daaae53c59ceaa1194"},"headline":"Tercera FFCV: Una jornada de punxades deixa el Callosa l\u00edder en solitari","datePublished":"2026-04-26T20:40:31+00:00","dateModified":"2026-04-26T20:42:57+00:00","mainEntityOfPage":{"@id":"https:\/\/canfali.com\/ca-es\/tercera-ffcv-una-jornada-de-punxades-deixa-el-callosa-lider-en-solitari\/"},"wordCount":258,"publisher":{"@id":"https:\/\/canfali.com\/ca-es\/#organization"},"image":{"@id":"https:\/\/canfali.com\/ca-es\/tercera-ffcv-una-jornada-de-punxades-deixa-el-callosa-lider-en-solitari\/#primaryimage"},"thumbnailUrl":"https:\/\/canfali.com\/app\/uploads\/2026\/04\/IMG_9702-1-scaled.jpg","articleSection":["Deportes","Esports","Futbol"],"inLanguage":"va-ES","copyrightYear":"2026","copyrightHolder":{"@id":"https:\/\/canfali.com\/#organization"}},{"@type":"WebPage","@id":"https:\/\/canfali.com\/ca-es\/tercera-ffcv-una-jornada-de-punxades-deixa-el-callosa-lider-en-solitari\/","url":"https:\/\/canfali.com\/ca-es\/tercera-ffcv-una-jornada-de-punxades-deixa-el-callosa-lider-en-solitari\/","name":"Tercera FFCV: Una jornada de punxades deixa el Callosa l\u00edder en solitari - Canfali","isPartOf":{"@id":"https:\/\/canfali.com\/ca-es\/#website"},"primaryImageOfPage":{"@id":"https:\/\/canfali.com\/ca-es\/tercera-ffcv-una-jornada-de-punxades-deixa-el-callosa-lider-en-solitari\/#primaryimage"},"image":{"@id":"https:\/\/canfali.com\/ca-es\/tercera-ffcv-una-jornada-de-punxades-deixa-el-callosa-lider-en-solitari\/#primaryimage"},"thumbnailUrl":"https:\/\/canfali.com\/app\/uploads\/2026\/04\/IMG_9702-1-scaled.jpg","datePublished":"2026-04-26T20:40:31+00:00","dateModified":"2026-04-26T20:42:57+00:00","description":"El Grup XII de la Tercera FFCV va viure una jornada plena de resultats sorprenents que han beneficiat el nou l\u00edder, l\u2019At. Callosa","breadcrumb":{"@id":"https:\/\/canfali.com\/ca-es\/tercera-ffcv-una-jornada-de-punxades-deixa-el-callosa-lider-en-solitari\/#breadcrumb"},"inLanguage":"va-ES","potentialAction":[{"@type":"ReadAction","target":["https:\/\/canfali.com\/ca-es\/tercera-ffcv-una-jornada-de-punxades-deixa-el-callosa-lider-en-solitari\/"]}]},{"@type":"ImageObject","inLanguage":"va-ES","@id":"https:\/\/canfali.com\/ca-es\/tercera-ffcv-una-jornada-de-punxades-deixa-el-callosa-lider-en-solitari\/#primaryimage","url":"https:\/\/canfali.com\/app\/uploads\/2026\/04\/IMG_9702-1-scaled.jpg","contentUrl":"https:\/\/canfali.com\/app\/uploads\/2026\/04\/IMG_9702-1-scaled.jpg","width":2560,"height":1597},{"@type":"BreadcrumbList","@id":"https:\/\/canfali.com\/ca-es\/tercera-ffcv-una-jornada-de-punxades-deixa-el-callosa-lider-en-solitari\/#breadcrumb","itemListElement":[{"@type":"ListItem","position":1,"name":"Portada","item":"https:\/\/canfali.com\/ca-es\/"},{"@type":"ListItem","position":2,"name":"Tercera FFCV: Una jornada de punxades deixa el Callosa l\u00edder en solitari"}]},{"@type":"WebSite","@id":"https:\/\/canfali.com\/ca-es\/#website","url":"https:\/\/canfali.com\/ca-es\/","name":"Canfali","description":"","publisher":{"@id":"https:\/\/canfali.com\/ca-es\/#organization"},"potentialAction":[{"@type":"SearchAction","target":{"@type":"EntryPoint","urlTemplate":"https:\/\/canfali.com\/ca-es\/?s={search_term_string}"},"query-input":{"@type":"PropertyValueSpecification","valueRequired":true,"valueName":"search_term_string"}}],"inLanguage":"va-ES"},{"@type":"Organization","@id":"https:\/\/canfali.com\/ca-es\/#organization","name":"Canfali","url":"https:\/\/canfali.com\/ca-es\/","logo":{"@type":"ImageObject","inLanguage":"va-ES","@id":"https:\/\/canfali.com\/ca-es\/#\/schema\/logo\/image\/","url":"https:\/\/canfali.com\/app\/uploads\/2025\/12\/canfali_marina_alta_logo.png","contentUrl":"https:\/\/canfali.com\/app\/uploads\/2025\/12\/canfali_marina_alta_logo.png","width":225,"height":225,"caption":"Canfali"},"image":{"@id":"https:\/\/canfali.com\/ca-es\/#\/schema\/logo\/image\/"},"sameAs":["https:\/\/es-es.facebook.com\/CANFALIMarinaAlta","https:\/\/x.com\/canfalima","https:\/\/www.instagram.com\/canfalimarinaalta\/"]},{"@type":"Person","@id":"https:\/\/canfali.com\/ca-es\/#\/schema\/person\/f540a86fb33e10daaae53c59ceaa1194","name":"Lluis","image":{"@type":"ImageObject","inLanguage":"va-ES","@id":"https:\/\/secure.gravatar.com\/avatar\/a21ec8835290e4e02ed0886b8cb327d807d0eb6ec8ccf25d4c2a0a415f506c0d?s=96&d=mm&r=g","url":"https:\/\/secure.gravatar.com\/avatar\/a21ec8835290e4e02ed0886b8cb327d807d0eb6ec8ccf25d4c2a0a415f506c0d?s=96&d=mm&r=g","contentUrl":"https:\/\/secure.gravatar.com\/avatar\/a21ec8835290e4e02ed0886b8cb327d807d0eb6ec8ccf25d4c2a0a415f506c0d?s=96&d=mm&r=g","caption":"Lluis"},"url":"https:\/\/canfali.com\/ca-es\/author\/lluis\/"}]}},"_links":{"self":[{"href":"https:\/\/canfali.com\/ca-es\/wp-json\/wp\/v2\/posts\/95393","targetHints":{"allow":["GET"]}}],"collection":[{"href":"https:\/\/canfali.com\/ca-es\/wp-json\/wp\/v2\/posts"}],"about":[{"href":"https:\/\/canfali.com\/ca-es\/wp-json\/wp\/v2\/types\/post"}],"author":[{"embeddable":true,"href":"https:\/\/canfali.com\/ca-es\/wp-json\/wp\/v2\/users\/8"}],"replies":[{"embeddable":true,"href":"https:\/\/canfali.com\/ca-es\/wp-json\/wp\/v2\/comments?post=95393"}],"version-history":[{"count":1,"href":"https:\/\/canfali.com\/ca-es\/wp-json\/wp\/v2\/posts\/95393\/revisions"}],"predecessor-version":[{"id":95394,"href":"https:\/\/canfali.com\/ca-es\/wp-json\/wp\/v2\/posts\/95393\/revisions\/95394"}],"wp:featuredmedia":[{"embeddable":true,"href":"https:\/\/canfali.com\/ca-es\/wp-json\/wp\/v2\/media\/95391"}],"wp:attachment":[{"href":"https:\/\/canfali.com\/ca-es\/wp-json\/wp\/v2\/media?parent=95393"}],"wp:term":[{"taxonomy":"category","embeddable":true,"href":"https:\/\/canfali.com\/ca-es\/wp-json\/wp\/v2\/categories?post=95393"},{"taxonomy":"post_tag","embeddable":true,"href":"https:\/\/canfali.com\/ca-es\/wp-json\/wp\/v2\/tags?post=95393"}],"curies":[{"name":"wp","href":"https:\/\/api.w.org\/{rel}","templated":true}]}}