{"id":95386,"date":"2026-04-26T22:10:52","date_gmt":"2026-04-26T20:10:52","guid":{"rendered":"https:\/\/canfali.com\/lliga-veterans-el-pedreguer-guanya-al-camp-del-verger\/"},"modified":"2026-04-26T22:37:47","modified_gmt":"2026-04-26T20:37:47","slug":"lliga-veterans-el-pedreguer-guanya-al-camp-del-verger","status":"publish","type":"post","link":"https:\/\/canfali.com\/ca-es\/lliga-veterans-el-pedreguer-guanya-al-camp-del-verger\/","title":{"rendered":"Lliga Veterans: El Pedreguer guanya al camp del Verger"},"content":{"rendered":"\n<p>El Pedreguer Veterans va aconseguir un triomf al camp del Verger per 2-3 que deixa els locals pr\u00e0cticament sense opcions al t\u00edtol, ja que se situen a set punts del l\u00edder, l\u2019Oliva, a m\u00e9s amb un partit m\u00e9s disputat.&#13;\n<\/p>\n\n<p>Els de la Safor no van fallar i van v\u00e9ncer el J\u00e1vea Veterans per 3-1, fet que els permet reafirmar-se en la primera pla\u00e7a. Tampoc cedeix en esta vint-i-novena jornada el Kamarka, que es va imposar per un ajustat 4-3 al Calp Veterans. Colombianos tamb\u00e9 va guanyar a casa al Beniarbeig per 4-1.&#13;\n<\/p>\n\n<p>En la resta de resultats, Latinos Dankol va sorprendre l\u2019Ondarense amb una vict\u00f2ria per 1-2, mentre que el D\u00e9nia Veteranos es va imposar per 4-2 al Gorgos. Bang Bang no va tindre problemes per doblegar el Mediterr\u00e1neo per 7-2.&#13;\n<\/p>\n\n<p>Els resultats i la classificaci\u00f3 que ha deixat la jornada s\u00f3n els seg\u00fcents:<\/p>\n<div class=\"wp-block-image\">\n<figure class=\"aligncenter size-full\"><img fetchpriority=\"high\" decoding=\"async\" width=\"538\" height=\"890\" src=\"https:\/\/canfali.com\/app\/uploads\/2026\/04\/8veterans2-2.png\" alt=\"\" class=\"wp-image-95383\" srcset=\"https:\/\/canfali.com\/app\/uploads\/2026\/04\/8veterans2-2.png 538w, https:\/\/canfali.com\/app\/uploads\/2026\/04\/8veterans2-2-181x300.png 181w, https:\/\/canfali.com\/app\/uploads\/2026\/04\/8veterans2-2-332x549.png 332w\" sizes=\"(max-width: 538px) 100vw, 538px\" \/><\/figure>\n<\/div>","protected":false},"excerpt":{"rendered":"El Pedreguer Veterans va aconseguir un triomf al camp del Verger per 2-3 que deixa els locals pr\u00e0cticament&hellip;","protected":false},"author":8,"featured_media":95379,"comment_status":"closed","ping_status":"open","sticky":false,"template":"","format":"standard","meta":{"csco_display_header_overlay":false,"csco_singular_sidebar":"","csco_page_header_type":"","csco_page_load_nextpost":"","csco_post_video_location":[],"csco_post_video_location_hash":"","csco_post_video_url":"","csco_post_video_bg_start_time":0,"csco_post_video_bg_end_time":0,"footnotes":""},"categories":[573,598,601],"tags":[],"class_list":{"0":"post-95386","1":"post","2":"type-post","3":"status-publish","4":"format-standard","5":"has-post-thumbnail","7":"category-deportes-2","8":"category-esports","9":"category-futbol-ca-es","10":"cs-entry","11":"cs-video-wrap"},"yoast_head":"<!-- This site is optimized with the Yoast SEO Premium plugin v26.6 (Yoast SEO v27.3) - https:\/\/yoast.com\/product\/yoast-seo-premium-wordpress\/ -->\n<title>Lliga Veterans: El Pedreguer guanya al camp del Verger - Canfali<\/title>\n<meta name=\"description\" content=\"El Pedreguer Veterans va aconseguir un triomf al camp del Verger per 2-3 que deixa els locals pr\u00e0cticament sense opcions al t\u00edtol\" \/>\n<meta name=\"robots\" content=\"index, follow, max-snippet:-1, max-image-preview:large, max-video-preview:-1\" \/>\n<link rel=\"canonical\" href=\"https:\/\/canfali.com\/ca-es\/lliga-veterans-el-pedreguer-guanya-al-camp-del-verger\/\" \/>\n<meta property=\"og:locale\" content=\"en_US\" \/>\n<meta property=\"og:type\" content=\"article\" \/>\n<meta property=\"og:title\" content=\"Lliga Veterans: El Pedreguer guanya al camp del Verger\" \/>\n<meta property=\"og:description\" content=\"El Pedreguer Veterans va aconseguir un triomf al camp del Verger per 2-3 que deixa els locals pr\u00e0cticament sense opcions al t\u00edtol\" \/>\n<meta property=\"og:url\" content=\"https:\/\/canfali.com\/ca-es\/lliga-veterans-el-pedreguer-guanya-al-camp-del-verger\/\" \/>\n<meta property=\"og:site_name\" content=\"Canfali\" \/>\n<meta property=\"article:publisher\" content=\"https:\/\/es-es.facebook.com\/CANFALIMarinaAlta\" \/>\n<meta property=\"article:published_time\" content=\"2026-04-26T20:10:52+00:00\" \/>\n<meta property=\"article:modified_time\" content=\"2026-04-26T20:37:47+00:00\" \/>\n<meta property=\"og:image\" content=\"https:\/\/canfali.com\/app\/uploads\/2026\/04\/8veterans.jpeg\" \/>\n\t<meta property=\"og:image:width\" content=\"2048\" \/>\n\t<meta property=\"og:image:height\" content=\"1536\" \/>\n\t<meta property=\"og:image:type\" content=\"image\/jpeg\" \/>\n<meta name=\"author\" content=\"Lluis\" \/>\n<meta name=\"twitter:card\" content=\"summary_large_image\" \/>\n<meta name=\"twitter:creator\" content=\"@canfalima\" \/>\n<meta name=\"twitter:site\" content=\"@canfalima\" \/>\n<meta name=\"twitter:label1\" content=\"Written by\" \/>\n\t<meta name=\"twitter:data1\" content=\"Lluis\" \/>\n\t<meta name=\"twitter:label2\" content=\"Est. reading time\" \/>\n\t<meta name=\"twitter:data2\" content=\"1 minute\" \/>\n<script type=\"application\/ld+json\" class=\"yoast-schema-graph\">{\"@context\":\"https:\\\/\\\/schema.org\",\"@graph\":[{\"@type\":\"NewsArticle\",\"@id\":\"https:\\\/\\\/canfali.com\\\/ca-es\\\/lliga-veterans-el-pedreguer-guanya-al-camp-del-verger\\\/#article\",\"isPartOf\":{\"@id\":\"https:\\\/\\\/canfali.com\\\/ca-es\\\/lliga-veterans-el-pedreguer-guanya-al-camp-del-verger\\\/\"},\"author\":{\"name\":\"Lluis\",\"@id\":\"https:\\\/\\\/canfali.com\\\/ca-es\\\/#\\\/schema\\\/person\\\/f540a86fb33e10daaae53c59ceaa1194\"},\"headline\":\"Lliga Veterans: El Pedreguer guanya al camp del Verger\",\"datePublished\":\"2026-04-26T20:10:52+00:00\",\"dateModified\":\"2026-04-26T20:37:47+00:00\",\"mainEntityOfPage\":{\"@id\":\"https:\\\/\\\/canfali.com\\\/ca-es\\\/lliga-veterans-el-pedreguer-guanya-al-camp-del-verger\\\/\"},\"wordCount\":168,\"publisher\":{\"@id\":\"https:\\\/\\\/canfali.com\\\/ca-es\\\/#organization\"},\"image\":{\"@id\":\"https:\\\/\\\/canfali.com\\\/ca-es\\\/lliga-veterans-el-pedreguer-guanya-al-camp-del-verger\\\/#primaryimage\"},\"thumbnailUrl\":\"https:\\\/\\\/canfali.com\\\/app\\\/uploads\\\/2026\\\/04\\\/8veterans.jpeg\",\"articleSection\":[\"Deportes\",\"Esports\",\"Futbol\"],\"inLanguage\":\"va-ES\",\"copyrightYear\":\"2026\",\"copyrightHolder\":{\"@id\":\"https:\\\/\\\/canfali.com\\\/#organization\"}},{\"@type\":\"WebPage\",\"@id\":\"https:\\\/\\\/canfali.com\\\/ca-es\\\/lliga-veterans-el-pedreguer-guanya-al-camp-del-verger\\\/\",\"url\":\"https:\\\/\\\/canfali.com\\\/ca-es\\\/lliga-veterans-el-pedreguer-guanya-al-camp-del-verger\\\/\",\"name\":\"Lliga Veterans: El Pedreguer guanya al camp del Verger - Canfali\",\"isPartOf\":{\"@id\":\"https:\\\/\\\/canfali.com\\\/ca-es\\\/#website\"},\"primaryImageOfPage\":{\"@id\":\"https:\\\/\\\/canfali.com\\\/ca-es\\\/lliga-veterans-el-pedreguer-guanya-al-camp-del-verger\\\/#primaryimage\"},\"image\":{\"@id\":\"https:\\\/\\\/canfali.com\\\/ca-es\\\/lliga-veterans-el-pedreguer-guanya-al-camp-del-verger\\\/#primaryimage\"},\"thumbnailUrl\":\"https:\\\/\\\/canfali.com\\\/app\\\/uploads\\\/2026\\\/04\\\/8veterans.jpeg\",\"datePublished\":\"2026-04-26T20:10:52+00:00\",\"dateModified\":\"2026-04-26T20:37:47+00:00\",\"description\":\"El Pedreguer Veterans va aconseguir un triomf al camp del Verger per 2-3 que deixa els locals pr\u00e0cticament sense opcions al t\u00edtol\",\"breadcrumb\":{\"@id\":\"https:\\\/\\\/canfali.com\\\/ca-es\\\/lliga-veterans-el-pedreguer-guanya-al-camp-del-verger\\\/#breadcrumb\"},\"inLanguage\":\"va-ES\",\"potentialAction\":[{\"@type\":\"ReadAction\",\"target\":[\"https:\\\/\\\/canfali.com\\\/ca-es\\\/lliga-veterans-el-pedreguer-guanya-al-camp-del-verger\\\/\"]}]},{\"@type\":\"ImageObject\",\"inLanguage\":\"va-ES\",\"@id\":\"https:\\\/\\\/canfali.com\\\/ca-es\\\/lliga-veterans-el-pedreguer-guanya-al-camp-del-verger\\\/#primaryimage\",\"url\":\"https:\\\/\\\/canfali.com\\\/app\\\/uploads\\\/2026\\\/04\\\/8veterans.jpeg\",\"contentUrl\":\"https:\\\/\\\/canfali.com\\\/app\\\/uploads\\\/2026\\\/04\\\/8veterans.jpeg\",\"width\":2048,\"height\":1536},{\"@type\":\"BreadcrumbList\",\"@id\":\"https:\\\/\\\/canfali.com\\\/ca-es\\\/lliga-veterans-el-pedreguer-guanya-al-camp-del-verger\\\/#breadcrumb\",\"itemListElement\":[{\"@type\":\"ListItem\",\"position\":1,\"name\":\"Portada\",\"item\":\"https:\\\/\\\/canfali.com\\\/ca-es\\\/\"},{\"@type\":\"ListItem\",\"position\":2,\"name\":\"Lliga Veterans: El Pedreguer guanya al camp del Verger\"}]},{\"@type\":\"WebSite\",\"@id\":\"https:\\\/\\\/canfali.com\\\/ca-es\\\/#website\",\"url\":\"https:\\\/\\\/canfali.com\\\/ca-es\\\/\",\"name\":\"Canfali\",\"description\":\"\",\"publisher\":{\"@id\":\"https:\\\/\\\/canfali.com\\\/ca-es\\\/#organization\"},\"potentialAction\":[{\"@type\":\"SearchAction\",\"target\":{\"@type\":\"EntryPoint\",\"urlTemplate\":\"https:\\\/\\\/canfali.com\\\/ca-es\\\/?s={search_term_string}\"},\"query-input\":{\"@type\":\"PropertyValueSpecification\",\"valueRequired\":true,\"valueName\":\"search_term_string\"}}],\"inLanguage\":\"va-ES\"},{\"@type\":\"Organization\",\"@id\":\"https:\\\/\\\/canfali.com\\\/ca-es\\\/#organization\",\"name\":\"Canfali\",\"url\":\"https:\\\/\\\/canfali.com\\\/ca-es\\\/\",\"logo\":{\"@type\":\"ImageObject\",\"inLanguage\":\"va-ES\",\"@id\":\"https:\\\/\\\/canfali.com\\\/ca-es\\\/#\\\/schema\\\/logo\\\/image\\\/\",\"url\":\"https:\\\/\\\/canfali.com\\\/app\\\/uploads\\\/2025\\\/12\\\/canfali_marina_alta_logo.png\",\"contentUrl\":\"https:\\\/\\\/canfali.com\\\/app\\\/uploads\\\/2025\\\/12\\\/canfali_marina_alta_logo.png\",\"width\":225,\"height\":225,\"caption\":\"Canfali\"},\"image\":{\"@id\":\"https:\\\/\\\/canfali.com\\\/ca-es\\\/#\\\/schema\\\/logo\\\/image\\\/\"},\"sameAs\":[\"https:\\\/\\\/es-es.facebook.com\\\/CANFALIMarinaAlta\",\"https:\\\/\\\/x.com\\\/canfalima\",\"https:\\\/\\\/www.instagram.com\\\/canfalimarinaalta\\\/\"]},{\"@type\":\"Person\",\"@id\":\"https:\\\/\\\/canfali.com\\\/ca-es\\\/#\\\/schema\\\/person\\\/f540a86fb33e10daaae53c59ceaa1194\",\"name\":\"Lluis\",\"image\":{\"@type\":\"ImageObject\",\"inLanguage\":\"va-ES\",\"@id\":\"https:\\\/\\\/secure.gravatar.com\\\/avatar\\\/a21ec8835290e4e02ed0886b8cb327d807d0eb6ec8ccf25d4c2a0a415f506c0d?s=96&d=mm&r=g\",\"url\":\"https:\\\/\\\/secure.gravatar.com\\\/avatar\\\/a21ec8835290e4e02ed0886b8cb327d807d0eb6ec8ccf25d4c2a0a415f506c0d?s=96&d=mm&r=g\",\"contentUrl\":\"https:\\\/\\\/secure.gravatar.com\\\/avatar\\\/a21ec8835290e4e02ed0886b8cb327d807d0eb6ec8ccf25d4c2a0a415f506c0d?s=96&d=mm&r=g\",\"caption\":\"Lluis\"},\"url\":\"https:\\\/\\\/canfali.com\\\/ca-es\\\/author\\\/lluis\\\/\"}]}<\/script>\n<!-- \/ Yoast SEO Premium plugin. -->","yoast_head_json":{"title":"Lliga Veterans: El Pedreguer guanya al camp del Verger - Canfali","description":"El Pedreguer Veterans va aconseguir un triomf al camp del Verger per 2-3 que deixa els locals pr\u00e0cticament sense opcions al t\u00edtol","robots":{"index":"index","follow":"follow","max-snippet":"max-snippet:-1","max-image-preview":"max-image-preview:large","max-video-preview":"max-video-preview:-1"},"canonical":"https:\/\/canfali.com\/ca-es\/lliga-veterans-el-pedreguer-guanya-al-camp-del-verger\/","og_locale":"en_US","og_type":"article","og_title":"Lliga Veterans: El Pedreguer guanya al camp del Verger","og_description":"El Pedreguer Veterans va aconseguir un triomf al camp del Verger per 2-3 que deixa els locals pr\u00e0cticament sense opcions al t\u00edtol","og_url":"https:\/\/canfali.com\/ca-es\/lliga-veterans-el-pedreguer-guanya-al-camp-del-verger\/","og_site_name":"Canfali","article_publisher":"https:\/\/es-es.facebook.com\/CANFALIMarinaAlta","article_published_time":"2026-04-26T20:10:52+00:00","article_modified_time":"2026-04-26T20:37:47+00:00","og_image":[{"width":2048,"height":1536,"url":"https:\/\/canfali.com\/app\/uploads\/2026\/04\/8veterans.jpeg","type":"image\/jpeg"}],"author":"Lluis","twitter_card":"summary_large_image","twitter_creator":"@canfalima","twitter_site":"@canfalima","twitter_misc":{"Written by":"Lluis","Est. reading time":"1 minute"},"schema":{"@context":"https:\/\/schema.org","@graph":[{"@type":"NewsArticle","@id":"https:\/\/canfali.com\/ca-es\/lliga-veterans-el-pedreguer-guanya-al-camp-del-verger\/#article","isPartOf":{"@id":"https:\/\/canfali.com\/ca-es\/lliga-veterans-el-pedreguer-guanya-al-camp-del-verger\/"},"author":{"name":"Lluis","@id":"https:\/\/canfali.com\/ca-es\/#\/schema\/person\/f540a86fb33e10daaae53c59ceaa1194"},"headline":"Lliga Veterans: El Pedreguer guanya al camp del Verger","datePublished":"2026-04-26T20:10:52+00:00","dateModified":"2026-04-26T20:37:47+00:00","mainEntityOfPage":{"@id":"https:\/\/canfali.com\/ca-es\/lliga-veterans-el-pedreguer-guanya-al-camp-del-verger\/"},"wordCount":168,"publisher":{"@id":"https:\/\/canfali.com\/ca-es\/#organization"},"image":{"@id":"https:\/\/canfali.com\/ca-es\/lliga-veterans-el-pedreguer-guanya-al-camp-del-verger\/#primaryimage"},"thumbnailUrl":"https:\/\/canfali.com\/app\/uploads\/2026\/04\/8veterans.jpeg","articleSection":["Deportes","Esports","Futbol"],"inLanguage":"va-ES","copyrightYear":"2026","copyrightHolder":{"@id":"https:\/\/canfali.com\/#organization"}},{"@type":"WebPage","@id":"https:\/\/canfali.com\/ca-es\/lliga-veterans-el-pedreguer-guanya-al-camp-del-verger\/","url":"https:\/\/canfali.com\/ca-es\/lliga-veterans-el-pedreguer-guanya-al-camp-del-verger\/","name":"Lliga Veterans: El Pedreguer guanya al camp del Verger - Canfali","isPartOf":{"@id":"https:\/\/canfali.com\/ca-es\/#website"},"primaryImageOfPage":{"@id":"https:\/\/canfali.com\/ca-es\/lliga-veterans-el-pedreguer-guanya-al-camp-del-verger\/#primaryimage"},"image":{"@id":"https:\/\/canfali.com\/ca-es\/lliga-veterans-el-pedreguer-guanya-al-camp-del-verger\/#primaryimage"},"thumbnailUrl":"https:\/\/canfali.com\/app\/uploads\/2026\/04\/8veterans.jpeg","datePublished":"2026-04-26T20:10:52+00:00","dateModified":"2026-04-26T20:37:47+00:00","description":"El Pedreguer Veterans va aconseguir un triomf al camp del Verger per 2-3 que deixa els locals pr\u00e0cticament sense opcions al t\u00edtol","breadcrumb":{"@id":"https:\/\/canfali.com\/ca-es\/lliga-veterans-el-pedreguer-guanya-al-camp-del-verger\/#breadcrumb"},"inLanguage":"va-ES","potentialAction":[{"@type":"ReadAction","target":["https:\/\/canfali.com\/ca-es\/lliga-veterans-el-pedreguer-guanya-al-camp-del-verger\/"]}]},{"@type":"ImageObject","inLanguage":"va-ES","@id":"https:\/\/canfali.com\/ca-es\/lliga-veterans-el-pedreguer-guanya-al-camp-del-verger\/#primaryimage","url":"https:\/\/canfali.com\/app\/uploads\/2026\/04\/8veterans.jpeg","contentUrl":"https:\/\/canfali.com\/app\/uploads\/2026\/04\/8veterans.jpeg","width":2048,"height":1536},{"@type":"BreadcrumbList","@id":"https:\/\/canfali.com\/ca-es\/lliga-veterans-el-pedreguer-guanya-al-camp-del-verger\/#breadcrumb","itemListElement":[{"@type":"ListItem","position":1,"name":"Portada","item":"https:\/\/canfali.com\/ca-es\/"},{"@type":"ListItem","position":2,"name":"Lliga Veterans: El Pedreguer guanya al camp del Verger"}]},{"@type":"WebSite","@id":"https:\/\/canfali.com\/ca-es\/#website","url":"https:\/\/canfali.com\/ca-es\/","name":"Canfali","description":"","publisher":{"@id":"https:\/\/canfali.com\/ca-es\/#organization"},"potentialAction":[{"@type":"SearchAction","target":{"@type":"EntryPoint","urlTemplate":"https:\/\/canfali.com\/ca-es\/?s={search_term_string}"},"query-input":{"@type":"PropertyValueSpecification","valueRequired":true,"valueName":"search_term_string"}}],"inLanguage":"va-ES"},{"@type":"Organization","@id":"https:\/\/canfali.com\/ca-es\/#organization","name":"Canfali","url":"https:\/\/canfali.com\/ca-es\/","logo":{"@type":"ImageObject","inLanguage":"va-ES","@id":"https:\/\/canfali.com\/ca-es\/#\/schema\/logo\/image\/","url":"https:\/\/canfali.com\/app\/uploads\/2025\/12\/canfali_marina_alta_logo.png","contentUrl":"https:\/\/canfali.com\/app\/uploads\/2025\/12\/canfali_marina_alta_logo.png","width":225,"height":225,"caption":"Canfali"},"image":{"@id":"https:\/\/canfali.com\/ca-es\/#\/schema\/logo\/image\/"},"sameAs":["https:\/\/es-es.facebook.com\/CANFALIMarinaAlta","https:\/\/x.com\/canfalima","https:\/\/www.instagram.com\/canfalimarinaalta\/"]},{"@type":"Person","@id":"https:\/\/canfali.com\/ca-es\/#\/schema\/person\/f540a86fb33e10daaae53c59ceaa1194","name":"Lluis","image":{"@type":"ImageObject","inLanguage":"va-ES","@id":"https:\/\/secure.gravatar.com\/avatar\/a21ec8835290e4e02ed0886b8cb327d807d0eb6ec8ccf25d4c2a0a415f506c0d?s=96&d=mm&r=g","url":"https:\/\/secure.gravatar.com\/avatar\/a21ec8835290e4e02ed0886b8cb327d807d0eb6ec8ccf25d4c2a0a415f506c0d?s=96&d=mm&r=g","contentUrl":"https:\/\/secure.gravatar.com\/avatar\/a21ec8835290e4e02ed0886b8cb327d807d0eb6ec8ccf25d4c2a0a415f506c0d?s=96&d=mm&r=g","caption":"Lluis"},"url":"https:\/\/canfali.com\/ca-es\/author\/lluis\/"}]}},"_links":{"self":[{"href":"https:\/\/canfali.com\/ca-es\/wp-json\/wp\/v2\/posts\/95386","targetHints":{"allow":["GET"]}}],"collection":[{"href":"https:\/\/canfali.com\/ca-es\/wp-json\/wp\/v2\/posts"}],"about":[{"href":"https:\/\/canfali.com\/ca-es\/wp-json\/wp\/v2\/types\/post"}],"author":[{"embeddable":true,"href":"https:\/\/canfali.com\/ca-es\/wp-json\/wp\/v2\/users\/8"}],"replies":[{"embeddable":true,"href":"https:\/\/canfali.com\/ca-es\/wp-json\/wp\/v2\/comments?post=95386"}],"version-history":[{"count":1,"href":"https:\/\/canfali.com\/ca-es\/wp-json\/wp\/v2\/posts\/95386\/revisions"}],"predecessor-version":[{"id":95387,"href":"https:\/\/canfali.com\/ca-es\/wp-json\/wp\/v2\/posts\/95386\/revisions\/95387"}],"wp:featuredmedia":[{"embeddable":true,"href":"https:\/\/canfali.com\/ca-es\/wp-json\/wp\/v2\/media\/95379"}],"wp:attachment":[{"href":"https:\/\/canfali.com\/ca-es\/wp-json\/wp\/v2\/media?parent=95386"}],"wp:term":[{"taxonomy":"category","embeddable":true,"href":"https:\/\/canfali.com\/ca-es\/wp-json\/wp\/v2\/categories?post=95386"},{"taxonomy":"post_tag","embeddable":true,"href":"https:\/\/canfali.com\/ca-es\/wp-json\/wp\/v2\/tags?post=95386"}],"curies":[{"name":"wp","href":"https:\/\/api.w.org\/{rel}","templated":true}]}}