{"id":95185,"date":"2026-04-26T07:58:26","date_gmt":"2026-04-26T05:58:26","guid":{"rendered":"https:\/\/canfali.com\/lliga-comunitat-javea-i-calp-empaten-en-el-derbi\/"},"modified":"2026-04-26T08:00:48","modified_gmt":"2026-04-26T06:00:48","slug":"lliga-comunitat-javea-i-calp-empaten-en-el-derbi","status":"publish","type":"post","link":"https:\/\/canfali.com\/ca-es\/lliga-comunitat-javea-i-calp-empaten-en-el-derbi\/","title":{"rendered":"Lliga Comunitat: J\u00e1vea i Calp empaten en el derbi"},"content":{"rendered":"\n<p>El CD J\u00e1vea i el CF Calp van firmar taules (2-2) en el derbi comarcal disputat este dissabte en l\u2019\u00faltim encontre dels locals davant la seua afici\u00f3 esta temporada.&#13;\n<\/p>\n\n<p>El conjunt local va dominar la primera meitat i va aconseguir arribar al descans amb avantatge gr\u00e0cies als gols d\u2019Edu (min. 9) i Maverick (min. 43), despr\u00e9s de diverses arribades amb perill sobre la porteria visitant.&#13;\n<\/p>\n\n<figure class=\"wp-block-image size-large\"><img fetchpriority=\"high\" decoding=\"async\" width=\"1024\" height=\"683\" src=\"https:\/\/canfali.com\/app\/uploads\/2026\/04\/8cdjavea2-1024x683.jpg\" alt=\"\" class=\"wp-image-95182\" srcset=\"https:\/\/canfali.com\/app\/uploads\/2026\/04\/8cdjavea2-1024x683.jpg 1024w, https:\/\/canfali.com\/app\/uploads\/2026\/04\/8cdjavea2-300x200.jpg 300w, https:\/\/canfali.com\/app\/uploads\/2026\/04\/8cdjavea2-768x512.jpg 768w, https:\/\/canfali.com\/app\/uploads\/2026\/04\/8cdjavea2-332x221.jpg 332w, https:\/\/canfali.com\/app\/uploads\/2026\/04\/8cdjavea2-664x443.jpg 664w, https:\/\/canfali.com\/app\/uploads\/2026\/04\/8cdjavea2-688x459.jpg 688w, https:\/\/canfali.com\/app\/uploads\/2026\/04\/8cdjavea2-1044x696.jpg 1044w, https:\/\/canfali.com\/app\/uploads\/2026\/04\/8cdjavea2-1400x933.jpg 1400w, https:\/\/canfali.com\/app\/uploads\/2026\/04\/8cdjavea2.jpg 1440w\" sizes=\"(max-width: 1024px) 100vw, 1024px\" \/><\/figure>\n\n<p>Despr\u00e9s del pas pels vestidors, el J\u00e1vea es va quedar amb un jugador menys per l\u2019expulsi\u00f3 d\u2019Edu, circumst\u00e0ncia que va condicionar el desenvolupament del partit. El Calp, que a penes havia generat ocasions, va aprofitar el temps afegit per igualar el marcador amb els gols de Kerke (min. 93) i Javi (min. 97).&#13;\n<\/p>\n\n<figure class=\"wp-block-image size-large\"><img decoding=\"async\" width=\"1024\" height=\"676\" src=\"https:\/\/canfali.com\/app\/uploads\/2026\/04\/8cdjavea1-1024x676.jpg\" alt=\"\" class=\"wp-image-95180\" srcset=\"https:\/\/canfali.com\/app\/uploads\/2026\/04\/8cdjavea1-1024x676.jpg 1024w, https:\/\/canfali.com\/app\/uploads\/2026\/04\/8cdjavea1-300x198.jpg 300w, https:\/\/canfali.com\/app\/uploads\/2026\/04\/8cdjavea1-768x507.jpg 768w, https:\/\/canfali.com\/app\/uploads\/2026\/04\/8cdjavea1-1536x1014.jpg 1536w, https:\/\/canfali.com\/app\/uploads\/2026\/04\/8cdjavea1-332x219.jpg 332w, https:\/\/canfali.com\/app\/uploads\/2026\/04\/8cdjavea1-664x438.jpg 664w, https:\/\/canfali.com\/app\/uploads\/2026\/04\/8cdjavea1-688x454.jpg 688w, https:\/\/canfali.com\/app\/uploads\/2026\/04\/8cdjavea1-1044x689.jpg 1044w, https:\/\/canfali.com\/app\/uploads\/2026\/04\/8cdjavea1-1400x924.jpg 1400w, https:\/\/canfali.com\/app\/uploads\/2026\/04\/8cdjavea1.jpg 1610w\" sizes=\"(max-width: 1024px) 100vw, 1024px\" \/><\/figure>\n\n<p>El moment m\u00e9s emotiu va arribar en el minut 88, quan V\u00edctor Caturla es va retirar del terreny de joc entre una gran ovaci\u00f3, rebent el reconeixement de companys i afici\u00f3.&#13;\n<\/p>\n\n<p>Abans de l\u2019inici de l\u2019encontre, els dos equips van realitzar un passad\u00eds d\u2019honor als conjunts Prebenjam\u00ed A i Benjam\u00ed B, campions de lliga 2025\/2026.&#13;\n<\/p>\n","protected":false},"excerpt":{"rendered":"El CD J\u00e1vea i el CF Calp van firmar taules (2-2) en el derbi comarcal disputat este dissabte&hellip;","protected":false},"author":8,"featured_media":95177,"comment_status":"closed","ping_status":"open","sticky":false,"template":"","format":"standard","meta":{"csco_display_header_overlay":false,"csco_singular_sidebar":"","csco_page_header_type":"","csco_page_load_nextpost":"","csco_post_video_location":[],"csco_post_video_location_hash":"","csco_post_video_url":"","csco_post_video_bg_start_time":0,"csco_post_video_bg_end_time":0,"footnotes":""},"categories":[573,598,601],"tags":[],"class_list":{"0":"post-95185","1":"post","2":"type-post","3":"status-publish","4":"format-standard","5":"has-post-thumbnail","7":"category-deportes-2","8":"category-esports","9":"category-futbol-ca-es","10":"cs-entry","11":"cs-video-wrap"},"yoast_head":"<!-- This site is optimized with the Yoast SEO Premium plugin v26.6 (Yoast SEO v27.3) - https:\/\/yoast.com\/product\/yoast-seo-premium-wordpress\/ -->\n<title>Lliga Comunitat: J\u00e1vea i Calp empaten en el derbi - Canfali<\/title>\n<meta name=\"description\" content=\"El moment m\u00e9s emotiu va arribar en el minut 88, quan V\u00edctor Caturla es va retirar del terreny de joc entre una gran ovaci\u00f3\" \/>\n<meta name=\"robots\" content=\"index, follow, max-snippet:-1, max-image-preview:large, max-video-preview:-1\" \/>\n<link rel=\"canonical\" href=\"https:\/\/canfali.com\/ca-es\/lliga-comunitat-javea-i-calp-empaten-en-el-derbi\/\" \/>\n<meta property=\"og:locale\" content=\"en_US\" \/>\n<meta property=\"og:type\" content=\"article\" \/>\n<meta property=\"og:title\" content=\"Lliga Comunitat: J\u00e1vea i Calp empaten en el derbi\" \/>\n<meta property=\"og:description\" content=\"El moment m\u00e9s emotiu va arribar en el minut 88, quan V\u00edctor Caturla es va retirar del terreny de joc entre una gran ovaci\u00f3\" \/>\n<meta property=\"og:url\" content=\"https:\/\/canfali.com\/ca-es\/lliga-comunitat-javea-i-calp-empaten-en-el-derbi\/\" \/>\n<meta property=\"og:site_name\" content=\"Canfali\" \/>\n<meta property=\"article:publisher\" content=\"https:\/\/es-es.facebook.com\/CANFALIMarinaAlta\" \/>\n<meta property=\"article:published_time\" content=\"2026-04-26T05:58:26+00:00\" \/>\n<meta property=\"article:modified_time\" content=\"2026-04-26T06:00:48+00:00\" \/>\n<meta property=\"og:image\" content=\"https:\/\/canfali.com\/app\/uploads\/2026\/04\/8cdjavea3.jpg\" \/>\n\t<meta property=\"og:image:width\" content=\"1440\" \/>\n\t<meta property=\"og:image:height\" content=\"1080\" \/>\n\t<meta property=\"og:image:type\" content=\"image\/jpeg\" \/>\n<meta name=\"author\" content=\"Lluis\" \/>\n<meta name=\"twitter:card\" content=\"summary_large_image\" \/>\n<meta name=\"twitter:creator\" content=\"@canfalima\" \/>\n<meta name=\"twitter:site\" content=\"@canfalima\" \/>\n<meta name=\"twitter:label1\" content=\"Written by\" \/>\n\t<meta name=\"twitter:data1\" content=\"Lluis\" \/>\n\t<meta name=\"twitter:label2\" content=\"Est. reading time\" \/>\n\t<meta name=\"twitter:data2\" content=\"1 minute\" \/>\n<script type=\"application\/ld+json\" class=\"yoast-schema-graph\">{\"@context\":\"https:\\\/\\\/schema.org\",\"@graph\":[{\"@type\":\"NewsArticle\",\"@id\":\"https:\\\/\\\/canfali.com\\\/ca-es\\\/lliga-comunitat-javea-i-calp-empaten-en-el-derbi\\\/#article\",\"isPartOf\":{\"@id\":\"https:\\\/\\\/canfali.com\\\/ca-es\\\/lliga-comunitat-javea-i-calp-empaten-en-el-derbi\\\/\"},\"author\":{\"name\":\"Lluis\",\"@id\":\"https:\\\/\\\/canfali.com\\\/ca-es\\\/#\\\/schema\\\/person\\\/f540a86fb33e10daaae53c59ceaa1194\"},\"headline\":\"Lliga Comunitat: J\u00e1vea i Calp empaten en el derbi\",\"datePublished\":\"2026-04-26T05:58:26+00:00\",\"dateModified\":\"2026-04-26T06:00:48+00:00\",\"mainEntityOfPage\":{\"@id\":\"https:\\\/\\\/canfali.com\\\/ca-es\\\/lliga-comunitat-javea-i-calp-empaten-en-el-derbi\\\/\"},\"wordCount\":193,\"publisher\":{\"@id\":\"https:\\\/\\\/canfali.com\\\/ca-es\\\/#organization\"},\"image\":{\"@id\":\"https:\\\/\\\/canfali.com\\\/ca-es\\\/lliga-comunitat-javea-i-calp-empaten-en-el-derbi\\\/#primaryimage\"},\"thumbnailUrl\":\"https:\\\/\\\/canfali.com\\\/app\\\/uploads\\\/2026\\\/04\\\/8cdjavea3.jpg\",\"articleSection\":[\"Deportes\",\"Esports\",\"Futbol\"],\"inLanguage\":\"va-ES\",\"copyrightYear\":\"2026\",\"copyrightHolder\":{\"@id\":\"https:\\\/\\\/canfali.com\\\/#organization\"}},{\"@type\":\"WebPage\",\"@id\":\"https:\\\/\\\/canfali.com\\\/ca-es\\\/lliga-comunitat-javea-i-calp-empaten-en-el-derbi\\\/\",\"url\":\"https:\\\/\\\/canfali.com\\\/ca-es\\\/lliga-comunitat-javea-i-calp-empaten-en-el-derbi\\\/\",\"name\":\"Lliga Comunitat: J\u00e1vea i Calp empaten en el derbi - Canfali\",\"isPartOf\":{\"@id\":\"https:\\\/\\\/canfali.com\\\/ca-es\\\/#website\"},\"primaryImageOfPage\":{\"@id\":\"https:\\\/\\\/canfali.com\\\/ca-es\\\/lliga-comunitat-javea-i-calp-empaten-en-el-derbi\\\/#primaryimage\"},\"image\":{\"@id\":\"https:\\\/\\\/canfali.com\\\/ca-es\\\/lliga-comunitat-javea-i-calp-empaten-en-el-derbi\\\/#primaryimage\"},\"thumbnailUrl\":\"https:\\\/\\\/canfali.com\\\/app\\\/uploads\\\/2026\\\/04\\\/8cdjavea3.jpg\",\"datePublished\":\"2026-04-26T05:58:26+00:00\",\"dateModified\":\"2026-04-26T06:00:48+00:00\",\"description\":\"El moment m\u00e9s emotiu va arribar en el minut 88, quan V\u00edctor Caturla es va retirar del terreny de joc entre una gran ovaci\u00f3\",\"breadcrumb\":{\"@id\":\"https:\\\/\\\/canfali.com\\\/ca-es\\\/lliga-comunitat-javea-i-calp-empaten-en-el-derbi\\\/#breadcrumb\"},\"inLanguage\":\"va-ES\",\"potentialAction\":[{\"@type\":\"ReadAction\",\"target\":[\"https:\\\/\\\/canfali.com\\\/ca-es\\\/lliga-comunitat-javea-i-calp-empaten-en-el-derbi\\\/\"]}]},{\"@type\":\"ImageObject\",\"inLanguage\":\"va-ES\",\"@id\":\"https:\\\/\\\/canfali.com\\\/ca-es\\\/lliga-comunitat-javea-i-calp-empaten-en-el-derbi\\\/#primaryimage\",\"url\":\"https:\\\/\\\/canfali.com\\\/app\\\/uploads\\\/2026\\\/04\\\/8cdjavea3.jpg\",\"contentUrl\":\"https:\\\/\\\/canfali.com\\\/app\\\/uploads\\\/2026\\\/04\\\/8cdjavea3.jpg\",\"width\":1440,\"height\":1080},{\"@type\":\"BreadcrumbList\",\"@id\":\"https:\\\/\\\/canfali.com\\\/ca-es\\\/lliga-comunitat-javea-i-calp-empaten-en-el-derbi\\\/#breadcrumb\",\"itemListElement\":[{\"@type\":\"ListItem\",\"position\":1,\"name\":\"Portada\",\"item\":\"https:\\\/\\\/canfali.com\\\/ca-es\\\/\"},{\"@type\":\"ListItem\",\"position\":2,\"name\":\"Lliga Comunitat: J\u00e1vea i Calp empaten en el derbi\"}]},{\"@type\":\"WebSite\",\"@id\":\"https:\\\/\\\/canfali.com\\\/ca-es\\\/#website\",\"url\":\"https:\\\/\\\/canfali.com\\\/ca-es\\\/\",\"name\":\"Canfali\",\"description\":\"\",\"publisher\":{\"@id\":\"https:\\\/\\\/canfali.com\\\/ca-es\\\/#organization\"},\"potentialAction\":[{\"@type\":\"SearchAction\",\"target\":{\"@type\":\"EntryPoint\",\"urlTemplate\":\"https:\\\/\\\/canfali.com\\\/ca-es\\\/?s={search_term_string}\"},\"query-input\":{\"@type\":\"PropertyValueSpecification\",\"valueRequired\":true,\"valueName\":\"search_term_string\"}}],\"inLanguage\":\"va-ES\"},{\"@type\":\"Organization\",\"@id\":\"https:\\\/\\\/canfali.com\\\/ca-es\\\/#organization\",\"name\":\"Canfali\",\"url\":\"https:\\\/\\\/canfali.com\\\/ca-es\\\/\",\"logo\":{\"@type\":\"ImageObject\",\"inLanguage\":\"va-ES\",\"@id\":\"https:\\\/\\\/canfali.com\\\/ca-es\\\/#\\\/schema\\\/logo\\\/image\\\/\",\"url\":\"https:\\\/\\\/canfali.com\\\/app\\\/uploads\\\/2025\\\/12\\\/canfali_marina_alta_logo.png\",\"contentUrl\":\"https:\\\/\\\/canfali.com\\\/app\\\/uploads\\\/2025\\\/12\\\/canfali_marina_alta_logo.png\",\"width\":225,\"height\":225,\"caption\":\"Canfali\"},\"image\":{\"@id\":\"https:\\\/\\\/canfali.com\\\/ca-es\\\/#\\\/schema\\\/logo\\\/image\\\/\"},\"sameAs\":[\"https:\\\/\\\/es-es.facebook.com\\\/CANFALIMarinaAlta\",\"https:\\\/\\\/x.com\\\/canfalima\",\"https:\\\/\\\/www.instagram.com\\\/canfalimarinaalta\\\/\"]},{\"@type\":\"Person\",\"@id\":\"https:\\\/\\\/canfali.com\\\/ca-es\\\/#\\\/schema\\\/person\\\/f540a86fb33e10daaae53c59ceaa1194\",\"name\":\"Lluis\",\"image\":{\"@type\":\"ImageObject\",\"inLanguage\":\"va-ES\",\"@id\":\"https:\\\/\\\/secure.gravatar.com\\\/avatar\\\/a21ec8835290e4e02ed0886b8cb327d807d0eb6ec8ccf25d4c2a0a415f506c0d?s=96&d=mm&r=g\",\"url\":\"https:\\\/\\\/secure.gravatar.com\\\/avatar\\\/a21ec8835290e4e02ed0886b8cb327d807d0eb6ec8ccf25d4c2a0a415f506c0d?s=96&d=mm&r=g\",\"contentUrl\":\"https:\\\/\\\/secure.gravatar.com\\\/avatar\\\/a21ec8835290e4e02ed0886b8cb327d807d0eb6ec8ccf25d4c2a0a415f506c0d?s=96&d=mm&r=g\",\"caption\":\"Lluis\"},\"url\":\"https:\\\/\\\/canfali.com\\\/ca-es\\\/author\\\/lluis\\\/\"}]}<\/script>\n<!-- \/ Yoast SEO Premium plugin. -->","yoast_head_json":{"title":"Lliga Comunitat: J\u00e1vea i Calp empaten en el derbi - Canfali","description":"El moment m\u00e9s emotiu va arribar en el minut 88, quan V\u00edctor Caturla es va retirar del terreny de joc entre una gran ovaci\u00f3","robots":{"index":"index","follow":"follow","max-snippet":"max-snippet:-1","max-image-preview":"max-image-preview:large","max-video-preview":"max-video-preview:-1"},"canonical":"https:\/\/canfali.com\/ca-es\/lliga-comunitat-javea-i-calp-empaten-en-el-derbi\/","og_locale":"en_US","og_type":"article","og_title":"Lliga Comunitat: J\u00e1vea i Calp empaten en el derbi","og_description":"El moment m\u00e9s emotiu va arribar en el minut 88, quan V\u00edctor Caturla es va retirar del terreny de joc entre una gran ovaci\u00f3","og_url":"https:\/\/canfali.com\/ca-es\/lliga-comunitat-javea-i-calp-empaten-en-el-derbi\/","og_site_name":"Canfali","article_publisher":"https:\/\/es-es.facebook.com\/CANFALIMarinaAlta","article_published_time":"2026-04-26T05:58:26+00:00","article_modified_time":"2026-04-26T06:00:48+00:00","og_image":[{"width":1440,"height":1080,"url":"https:\/\/canfali.com\/app\/uploads\/2026\/04\/8cdjavea3.jpg","type":"image\/jpeg"}],"author":"Lluis","twitter_card":"summary_large_image","twitter_creator":"@canfalima","twitter_site":"@canfalima","twitter_misc":{"Written by":"Lluis","Est. reading time":"1 minute"},"schema":{"@context":"https:\/\/schema.org","@graph":[{"@type":"NewsArticle","@id":"https:\/\/canfali.com\/ca-es\/lliga-comunitat-javea-i-calp-empaten-en-el-derbi\/#article","isPartOf":{"@id":"https:\/\/canfali.com\/ca-es\/lliga-comunitat-javea-i-calp-empaten-en-el-derbi\/"},"author":{"name":"Lluis","@id":"https:\/\/canfali.com\/ca-es\/#\/schema\/person\/f540a86fb33e10daaae53c59ceaa1194"},"headline":"Lliga Comunitat: J\u00e1vea i Calp empaten en el derbi","datePublished":"2026-04-26T05:58:26+00:00","dateModified":"2026-04-26T06:00:48+00:00","mainEntityOfPage":{"@id":"https:\/\/canfali.com\/ca-es\/lliga-comunitat-javea-i-calp-empaten-en-el-derbi\/"},"wordCount":193,"publisher":{"@id":"https:\/\/canfali.com\/ca-es\/#organization"},"image":{"@id":"https:\/\/canfali.com\/ca-es\/lliga-comunitat-javea-i-calp-empaten-en-el-derbi\/#primaryimage"},"thumbnailUrl":"https:\/\/canfali.com\/app\/uploads\/2026\/04\/8cdjavea3.jpg","articleSection":["Deportes","Esports","Futbol"],"inLanguage":"va-ES","copyrightYear":"2026","copyrightHolder":{"@id":"https:\/\/canfali.com\/#organization"}},{"@type":"WebPage","@id":"https:\/\/canfali.com\/ca-es\/lliga-comunitat-javea-i-calp-empaten-en-el-derbi\/","url":"https:\/\/canfali.com\/ca-es\/lliga-comunitat-javea-i-calp-empaten-en-el-derbi\/","name":"Lliga Comunitat: J\u00e1vea i Calp empaten en el derbi - Canfali","isPartOf":{"@id":"https:\/\/canfali.com\/ca-es\/#website"},"primaryImageOfPage":{"@id":"https:\/\/canfali.com\/ca-es\/lliga-comunitat-javea-i-calp-empaten-en-el-derbi\/#primaryimage"},"image":{"@id":"https:\/\/canfali.com\/ca-es\/lliga-comunitat-javea-i-calp-empaten-en-el-derbi\/#primaryimage"},"thumbnailUrl":"https:\/\/canfali.com\/app\/uploads\/2026\/04\/8cdjavea3.jpg","datePublished":"2026-04-26T05:58:26+00:00","dateModified":"2026-04-26T06:00:48+00:00","description":"El moment m\u00e9s emotiu va arribar en el minut 88, quan V\u00edctor Caturla es va retirar del terreny de joc entre una gran ovaci\u00f3","breadcrumb":{"@id":"https:\/\/canfali.com\/ca-es\/lliga-comunitat-javea-i-calp-empaten-en-el-derbi\/#breadcrumb"},"inLanguage":"va-ES","potentialAction":[{"@type":"ReadAction","target":["https:\/\/canfali.com\/ca-es\/lliga-comunitat-javea-i-calp-empaten-en-el-derbi\/"]}]},{"@type":"ImageObject","inLanguage":"va-ES","@id":"https:\/\/canfali.com\/ca-es\/lliga-comunitat-javea-i-calp-empaten-en-el-derbi\/#primaryimage","url":"https:\/\/canfali.com\/app\/uploads\/2026\/04\/8cdjavea3.jpg","contentUrl":"https:\/\/canfali.com\/app\/uploads\/2026\/04\/8cdjavea3.jpg","width":1440,"height":1080},{"@type":"BreadcrumbList","@id":"https:\/\/canfali.com\/ca-es\/lliga-comunitat-javea-i-calp-empaten-en-el-derbi\/#breadcrumb","itemListElement":[{"@type":"ListItem","position":1,"name":"Portada","item":"https:\/\/canfali.com\/ca-es\/"},{"@type":"ListItem","position":2,"name":"Lliga Comunitat: J\u00e1vea i Calp empaten en el derbi"}]},{"@type":"WebSite","@id":"https:\/\/canfali.com\/ca-es\/#website","url":"https:\/\/canfali.com\/ca-es\/","name":"Canfali","description":"","publisher":{"@id":"https:\/\/canfali.com\/ca-es\/#organization"},"potentialAction":[{"@type":"SearchAction","target":{"@type":"EntryPoint","urlTemplate":"https:\/\/canfali.com\/ca-es\/?s={search_term_string}"},"query-input":{"@type":"PropertyValueSpecification","valueRequired":true,"valueName":"search_term_string"}}],"inLanguage":"va-ES"},{"@type":"Organization","@id":"https:\/\/canfali.com\/ca-es\/#organization","name":"Canfali","url":"https:\/\/canfali.com\/ca-es\/","logo":{"@type":"ImageObject","inLanguage":"va-ES","@id":"https:\/\/canfali.com\/ca-es\/#\/schema\/logo\/image\/","url":"https:\/\/canfali.com\/app\/uploads\/2025\/12\/canfali_marina_alta_logo.png","contentUrl":"https:\/\/canfali.com\/app\/uploads\/2025\/12\/canfali_marina_alta_logo.png","width":225,"height":225,"caption":"Canfali"},"image":{"@id":"https:\/\/canfali.com\/ca-es\/#\/schema\/logo\/image\/"},"sameAs":["https:\/\/es-es.facebook.com\/CANFALIMarinaAlta","https:\/\/x.com\/canfalima","https:\/\/www.instagram.com\/canfalimarinaalta\/"]},{"@type":"Person","@id":"https:\/\/canfali.com\/ca-es\/#\/schema\/person\/f540a86fb33e10daaae53c59ceaa1194","name":"Lluis","image":{"@type":"ImageObject","inLanguage":"va-ES","@id":"https:\/\/secure.gravatar.com\/avatar\/a21ec8835290e4e02ed0886b8cb327d807d0eb6ec8ccf25d4c2a0a415f506c0d?s=96&d=mm&r=g","url":"https:\/\/secure.gravatar.com\/avatar\/a21ec8835290e4e02ed0886b8cb327d807d0eb6ec8ccf25d4c2a0a415f506c0d?s=96&d=mm&r=g","contentUrl":"https:\/\/secure.gravatar.com\/avatar\/a21ec8835290e4e02ed0886b8cb327d807d0eb6ec8ccf25d4c2a0a415f506c0d?s=96&d=mm&r=g","caption":"Lluis"},"url":"https:\/\/canfali.com\/ca-es\/author\/lluis\/"}]}},"_links":{"self":[{"href":"https:\/\/canfali.com\/ca-es\/wp-json\/wp\/v2\/posts\/95185","targetHints":{"allow":["GET"]}}],"collection":[{"href":"https:\/\/canfali.com\/ca-es\/wp-json\/wp\/v2\/posts"}],"about":[{"href":"https:\/\/canfali.com\/ca-es\/wp-json\/wp\/v2\/types\/post"}],"author":[{"embeddable":true,"href":"https:\/\/canfali.com\/ca-es\/wp-json\/wp\/v2\/users\/8"}],"replies":[{"embeddable":true,"href":"https:\/\/canfali.com\/ca-es\/wp-json\/wp\/v2\/comments?post=95185"}],"version-history":[{"count":1,"href":"https:\/\/canfali.com\/ca-es\/wp-json\/wp\/v2\/posts\/95185\/revisions"}],"predecessor-version":[{"id":95186,"href":"https:\/\/canfali.com\/ca-es\/wp-json\/wp\/v2\/posts\/95185\/revisions\/95186"}],"wp:featuredmedia":[{"embeddable":true,"href":"https:\/\/canfali.com\/ca-es\/wp-json\/wp\/v2\/media\/95177"}],"wp:attachment":[{"href":"https:\/\/canfali.com\/ca-es\/wp-json\/wp\/v2\/media?parent=95185"}],"wp:term":[{"taxonomy":"category","embeddable":true,"href":"https:\/\/canfali.com\/ca-es\/wp-json\/wp\/v2\/categories?post=95185"},{"taxonomy":"post_tag","embeddable":true,"href":"https:\/\/canfali.com\/ca-es\/wp-json\/wp\/v2\/tags?post=95185"}],"curies":[{"name":"wp","href":"https:\/\/api.w.org\/{rel}","templated":true}]}}