{"id":94944,"date":"2026-04-25T12:00:00","date_gmt":"2026-04-25T10:00:00","guid":{"rendered":"https:\/\/canfali.com\/?p=94944"},"modified":"2026-04-25T08:33:18","modified_gmt":"2026-04-25T06:33:18","slug":"una-intervencio-plastica-interrelaciona-els-origens-del-certamen-de-pintura-de-pego-amb-la-crisi-de-la-citricultura-valenciana","status":"publish","type":"post","link":"https:\/\/canfali.com\/ca-es\/una-intervencio-plastica-interrelaciona-els-origens-del-certamen-de-pintura-de-pego-amb-la-crisi-de-la-citricultura-valenciana\/","title":{"rendered":"Una intervenci\u00f3 pl\u00e0stica interrelaciona els or\u00edgens del\u00a0 Certamen de Pintura de Pego amb la crisi de la citricultura valenciana"},"content":{"rendered":"\n<p><strong>L\u2019artista Salva Mascarell porta <em>Insostenible<\/em> a la Biblioteca <em>Municipal Carmen Alemany Bay<\/em><\/strong><\/p>\n\n\n\n<p>La fa\u00e7ana de la Biblioteca Municipal <em>Carmen Alemany Bay<\/em> ha fet de llen\u00e7 de la singular intervenci\u00f3 pl\u00e0stica a base de taronges protagonitzada per l\u2019artista Salva Mascarell per a interrelacionar els or\u00edgens del Certamen de Pintura Contempor\u00e0nia Vila de Pego amb l\u2019actual crisi de la citricultura valenciana.<\/p>\n\n\n\n<p>&nbsp;&nbsp;&nbsp;&nbsp;&nbsp;&nbsp; La mostra, segons explica el responsable de l\u2019\u00e0rea municipal de Cultura, Josep Mengual, es troba emmarcada en la commemoraci\u00f3 del 50 aniversari d\u2019aquell esdeveniment cultural en 1976, hui amb un prestigi\u00f3s renom amb el mon pict\u00f2ric per tota la geografia nacional, que va ser possible mitjan\u00e7ant el patrocini de l\u2019empresa tarongera&nbsp; Pascual Hermanos en les primeres edicions arran del nomenament del seu gerent Jos\u00e9 Maria Pascual com a fill predilecte de Pego.<\/p>\n\n\n\n<figure class=\"wp-block-image size-large\"><img fetchpriority=\"high\" decoding=\"async\" width=\"768\" height=\"1024\" src=\"https:\/\/canfali.com\/app\/uploads\/2026\/04\/insostenible-digi2-768x1024.jpg\" alt=\"\" class=\"wp-image-94947\" srcset=\"https:\/\/canfali.com\/app\/uploads\/2026\/04\/insostenible-digi2-768x1024.jpg 768w, https:\/\/canfali.com\/app\/uploads\/2026\/04\/insostenible-digi2-225x300.jpg 225w, https:\/\/canfali.com\/app\/uploads\/2026\/04\/insostenible-digi2-1152x1536.jpg 1152w, https:\/\/canfali.com\/app\/uploads\/2026\/04\/insostenible-digi2-1536x2048.jpg 1536w, https:\/\/canfali.com\/app\/uploads\/2026\/04\/insostenible-digi2-332x443.jpg 332w, https:\/\/canfali.com\/app\/uploads\/2026\/04\/insostenible-digi2-664x885.jpg 664w, https:\/\/canfali.com\/app\/uploads\/2026\/04\/insostenible-digi2-688x917.jpg 688w, https:\/\/canfali.com\/app\/uploads\/2026\/04\/insostenible-digi2-1044x1392.jpg 1044w, https:\/\/canfali.com\/app\/uploads\/2026\/04\/insostenible-digi2-1400x1867.jpg 1400w, https:\/\/canfali.com\/app\/uploads\/2026\/04\/insostenible-digi2-scaled.jpg 1920w\" sizes=\"(max-width: 768px) 100vw, 768px\" \/><\/figure>\n\n\n\n<p>&nbsp;&nbsp;&nbsp;&nbsp;&nbsp;&nbsp; El regidor, que ha supervisat la instal\u00b7laci\u00f3 junt a la t\u00e8cnica Marisol Cendra, ha aprofitat per reivindicar el paper dels c\u00edtrics en la hist\u00f2ria econ\u00f2mica del municipi i de la Comunitat Valenciana en l\u2019\u00faltim segle.<\/p>\n\n\n\n<p>&nbsp;&nbsp;&nbsp;&nbsp;&nbsp;&nbsp; Per la seua banda, l\u2019autor de l\u2019original obra ha incidit en que \u201cesta obra d\u2019art parla de la idea i el concepte de que no podem controlar les coses pel fet que moltes vegades s\u2019escapen al nostre abast\u201d &nbsp;a l\u2019hora d\u2019explicar que aquesta t\u00e9 com material taronges recollides en horts abandonats, envasades al buit en tres borses de buit penjades d\u2019una estructura met\u00e0l\u00b7lica de forma que el pas dels dies la fa evolucionar a mesura que l\u2019aire penetra en eixe espai que les sost\u00e9 per a fer perdre als els fruits la seua tensi\u00f3 fins que es desplomen al fons de la bossa per efecte de la gravetat, fet que enfatitza el car\u00e0cter processual i ef\u00edmer de la pe\u00e7a.<\/p>\n\n\n\n<p>Al seu entendre \u201chaguera estat interessant que aquests c\u00edtrics hagueren estat suspeses en el buit mols m\u00e9s temps per tal de poder disfrutar d\u2019eixe ordre que havia a l\u2019inici de la instal\u00b7laci\u00f3 per\u00f2 es ben cert que jugar amb la incertesa i el descontrol tamb\u00e9 forma part del que es pret\u00e9n a l\u2019hora de concebre-la\u201d.<\/p>\n\n\n\n<p>&nbsp;&nbsp;&nbsp;&nbsp;&nbsp;&nbsp; Per a Mascarell \u201cel pensar que les obres estan en cont\u00ednua transformaci\u00f3 i nosaltres moltes vegades no podem parar-la i eixa es tamb\u00e9 l\u2019ess\u00e8ncia a l\u2019hora de fer un paral\u00b7lelisme amb un sistema agrari on les coses estan canviant i no est\u00e0 en les nostres mans poder revertir-lo a la situaci\u00f3 tal i com la coneix\u00edem en l\u2019\u00e8poca en el que era el nostre principal pilar econ\u00f2mic\u201d.<\/p>\n\n\n\n<figure class=\"wp-block-image size-large\"><img decoding=\"async\" width=\"1024\" height=\"679\" src=\"https:\/\/canfali.com\/app\/uploads\/2026\/04\/insostenible-digi3-1024x679.jpg\" alt=\"\" class=\"wp-image-94949\" srcset=\"https:\/\/canfali.com\/app\/uploads\/2026\/04\/insostenible-digi3-1024x679.jpg 1024w, https:\/\/canfali.com\/app\/uploads\/2026\/04\/insostenible-digi3-300x199.jpg 300w, https:\/\/canfali.com\/app\/uploads\/2026\/04\/insostenible-digi3-768x509.jpg 768w, https:\/\/canfali.com\/app\/uploads\/2026\/04\/insostenible-digi3-1536x1019.jpg 1536w, https:\/\/canfali.com\/app\/uploads\/2026\/04\/insostenible-digi3-2048x1358.jpg 2048w, https:\/\/canfali.com\/app\/uploads\/2026\/04\/insostenible-digi3-332x220.jpg 332w, https:\/\/canfali.com\/app\/uploads\/2026\/04\/insostenible-digi3-664x440.jpg 664w, https:\/\/canfali.com\/app\/uploads\/2026\/04\/insostenible-digi3-688x456.jpg 688w, https:\/\/canfali.com\/app\/uploads\/2026\/04\/insostenible-digi3-1044x692.jpg 1044w, https:\/\/canfali.com\/app\/uploads\/2026\/04\/insostenible-digi3-1400x928.jpg 1400w, https:\/\/canfali.com\/app\/uploads\/2026\/04\/insostenible-digi3-1920x1273.jpg 1920w, https:\/\/canfali.com\/app\/uploads\/2026\/04\/insostenible-digi3.jpg 2256w\" sizes=\"(max-width: 1024px) 100vw, 1024px\" \/><\/figure>\n\n\n\n<p>&nbsp;&nbsp;&nbsp;&nbsp;&nbsp;&nbsp; La mostra, que romandr\u00e0 tant a l\u2019exterior de l\u2019edifici com a l\u2019interior fins el 4 de maig, est\u00e0 comissariada per la professora de la Universitat Polit\u00e8cnica de Val\u00e8ncia, Chele Esteve i coordinada per Adri\u00e0 Rubio, i s\u2019emmarca en el programa del projecte Horitz\u00f3 Europa The Hut, el qual implica set universitats europees i centres d\u2019investigaci\u00f3 clim\u00e0tica centrats en l\u2019adaptaci\u00f3 a sequeres, onades de calor i inundacions derivades del canvi clim\u00e0tic.<\/p>\n","protected":false},"excerpt":{"rendered":"L\u2019artista Salva Mascarell porta Insostenible a la Biblioteca Municipal Carmen Alemany Bay La fa\u00e7ana de la Biblioteca Municipal&hellip;","protected":false},"author":4,"featured_media":94945,"comment_status":"closed","ping_status":"open","sticky":false,"template":"","format":"standard","meta":{"csco_display_header_overlay":false,"csco_singular_sidebar":"","csco_page_header_type":"","csco_page_load_nextpost":"","csco_post_video_location":[],"csco_post_video_location_hash":"","csco_post_video_url":"","csco_post_video_bg_start_time":0,"csco_post_video_bg_end_time":0,"footnotes":""},"categories":[597],"tags":[6234,7595,1335,7596,7594,7597],"class_list":{"0":"post-94944","1":"post","2":"type-post","3":"status-publish","4":"format-standard","5":"has-post-thumbnail","7":"category-cultura-ca-es","8":"tag-50-aniversari","9":"tag-biblioteca-de-pego","10":"tag-certamen-pintura-ca-es","11":"tag-facana","12":"tag-intervencio-plastica","13":"tag-salva-mascarell","14":"cs-entry","15":"cs-video-wrap"},"yoast_head":"<!-- This site is optimized with the Yoast SEO Premium plugin v26.6 (Yoast SEO v27.3) - https:\/\/yoast.com\/product\/yoast-seo-premium-wordpress\/ -->\n<title>Una intervenci\u00f3 pl\u00e0stica interrelaciona els or\u00edgens del\u00a0 Certamen de Pintura de Pego amb la crisi de la citricultura valenciana - Canfali<\/title>\n<meta name=\"robots\" content=\"index, follow, max-snippet:-1, max-image-preview:large, max-video-preview:-1\" \/>\n<link rel=\"canonical\" href=\"https:\/\/canfali.com\/ca-es\/una-intervencio-plastica-interrelaciona-els-origens-del-certamen-de-pintura-de-pego-amb-la-crisi-de-la-citricultura-valenciana\/\" \/>\n<meta property=\"og:locale\" content=\"en_US\" \/>\n<meta property=\"og:type\" content=\"article\" \/>\n<meta property=\"og:title\" content=\"Una intervenci\u00f3 pl\u00e0stica interrelaciona els or\u00edgens del\u00a0 Certamen de Pintura de Pego amb la crisi de la citricultura valenciana\" \/>\n<meta property=\"og:description\" content=\"L\u2019artista Salva Mascarell porta Insostenible a la Biblioteca Municipal Carmen Alemany Bay La fa\u00e7ana de la Biblioteca Municipal&hellip;\" \/>\n<meta property=\"og:url\" content=\"https:\/\/canfali.com\/ca-es\/una-intervencio-plastica-interrelaciona-els-origens-del-certamen-de-pintura-de-pego-amb-la-crisi-de-la-citricultura-valenciana\/\" \/>\n<meta property=\"og:site_name\" content=\"Canfali\" \/>\n<meta property=\"article:publisher\" content=\"https:\/\/es-es.facebook.com\/CANFALIMarinaAlta\" \/>\n<meta property=\"article:published_time\" content=\"2026-04-25T10:00:00+00:00\" \/>\n<meta property=\"og:image\" content=\"https:\/\/canfali.com\/app\/uploads\/2026\/04\/insostenible-digi1.jpg\" \/>\n\t<meta property=\"og:image:width\" content=\"2256\" \/>\n\t<meta property=\"og:image:height\" content=\"1496\" \/>\n\t<meta property=\"og:image:type\" content=\"image\/jpeg\" \/>\n<meta name=\"author\" content=\"JJ Mas\" \/>\n<meta name=\"twitter:card\" content=\"summary_large_image\" \/>\n<meta name=\"twitter:creator\" content=\"@canfalima\" \/>\n<meta name=\"twitter:site\" content=\"@canfalima\" \/>\n<meta name=\"twitter:label1\" content=\"Written by\" \/>\n\t<meta name=\"twitter:data1\" content=\"JJ Mas\" \/>\n\t<meta name=\"twitter:label2\" content=\"Est. reading time\" \/>\n\t<meta name=\"twitter:data2\" content=\"3 minutes\" \/>\n<script type=\"application\/ld+json\" class=\"yoast-schema-graph\">{\"@context\":\"https:\\\/\\\/schema.org\",\"@graph\":[{\"@type\":\"NewsArticle\",\"@id\":\"https:\\\/\\\/canfali.com\\\/ca-es\\\/una-intervencio-plastica-interrelaciona-els-origens-del-certamen-de-pintura-de-pego-amb-la-crisi-de-la-citricultura-valenciana\\\/#article\",\"isPartOf\":{\"@id\":\"https:\\\/\\\/canfali.com\\\/ca-es\\\/una-intervencio-plastica-interrelaciona-els-origens-del-certamen-de-pintura-de-pego-amb-la-crisi-de-la-citricultura-valenciana\\\/\"},\"author\":{\"name\":\"JJ Mas\",\"@id\":\"https:\\\/\\\/canfali.com\\\/ca-es\\\/#\\\/schema\\\/person\\\/d834d2d4df17cac754d3c314d4c404ef\"},\"headline\":\"Una intervenci\u00f3 pl\u00e0stica interrelaciona els or\u00edgens del\u00a0 Certamen de Pintura de Pego amb la crisi de la citricultura valenciana\",\"datePublished\":\"2026-04-25T10:00:00+00:00\",\"mainEntityOfPage\":{\"@id\":\"https:\\\/\\\/canfali.com\\\/ca-es\\\/una-intervencio-plastica-interrelaciona-els-origens-del-certamen-de-pintura-de-pego-amb-la-crisi-de-la-citricultura-valenciana\\\/\"},\"wordCount\":584,\"publisher\":{\"@id\":\"https:\\\/\\\/canfali.com\\\/ca-es\\\/#organization\"},\"image\":{\"@id\":\"https:\\\/\\\/canfali.com\\\/ca-es\\\/una-intervencio-plastica-interrelaciona-els-origens-del-certamen-de-pintura-de-pego-amb-la-crisi-de-la-citricultura-valenciana\\\/#primaryimage\"},\"thumbnailUrl\":\"https:\\\/\\\/canfali.com\\\/app\\\/uploads\\\/2026\\\/04\\\/insostenible-digi1.jpg\",\"keywords\":[\"50 aniversari\",\"Biblioteca de Pego\",\"certamen pintura\",\"fa\u00e7ana\",\"Intervenci\u00f3 pl\u00e0stica\",\"Salva Mascarell\"],\"articleSection\":[\"Cultura\"],\"inLanguage\":\"va-ES\",\"copyrightYear\":\"2026\",\"copyrightHolder\":{\"@id\":\"https:\\\/\\\/canfali.com\\\/#organization\"}},{\"@type\":\"WebPage\",\"@id\":\"https:\\\/\\\/canfali.com\\\/ca-es\\\/una-intervencio-plastica-interrelaciona-els-origens-del-certamen-de-pintura-de-pego-amb-la-crisi-de-la-citricultura-valenciana\\\/\",\"url\":\"https:\\\/\\\/canfali.com\\\/ca-es\\\/una-intervencio-plastica-interrelaciona-els-origens-del-certamen-de-pintura-de-pego-amb-la-crisi-de-la-citricultura-valenciana\\\/\",\"name\":\"Una intervenci\u00f3 pl\u00e0stica interrelaciona els or\u00edgens del\u00a0 Certamen de Pintura de Pego amb la crisi de la citricultura valenciana - Canfali\",\"isPartOf\":{\"@id\":\"https:\\\/\\\/canfali.com\\\/ca-es\\\/#website\"},\"primaryImageOfPage\":{\"@id\":\"https:\\\/\\\/canfali.com\\\/ca-es\\\/una-intervencio-plastica-interrelaciona-els-origens-del-certamen-de-pintura-de-pego-amb-la-crisi-de-la-citricultura-valenciana\\\/#primaryimage\"},\"image\":{\"@id\":\"https:\\\/\\\/canfali.com\\\/ca-es\\\/una-intervencio-plastica-interrelaciona-els-origens-del-certamen-de-pintura-de-pego-amb-la-crisi-de-la-citricultura-valenciana\\\/#primaryimage\"},\"thumbnailUrl\":\"https:\\\/\\\/canfali.com\\\/app\\\/uploads\\\/2026\\\/04\\\/insostenible-digi1.jpg\",\"datePublished\":\"2026-04-25T10:00:00+00:00\",\"breadcrumb\":{\"@id\":\"https:\\\/\\\/canfali.com\\\/ca-es\\\/una-intervencio-plastica-interrelaciona-els-origens-del-certamen-de-pintura-de-pego-amb-la-crisi-de-la-citricultura-valenciana\\\/#breadcrumb\"},\"inLanguage\":\"va-ES\",\"potentialAction\":[{\"@type\":\"ReadAction\",\"target\":[\"https:\\\/\\\/canfali.com\\\/ca-es\\\/una-intervencio-plastica-interrelaciona-els-origens-del-certamen-de-pintura-de-pego-amb-la-crisi-de-la-citricultura-valenciana\\\/\"]}]},{\"@type\":\"ImageObject\",\"inLanguage\":\"va-ES\",\"@id\":\"https:\\\/\\\/canfali.com\\\/ca-es\\\/una-intervencio-plastica-interrelaciona-els-origens-del-certamen-de-pintura-de-pego-amb-la-crisi-de-la-citricultura-valenciana\\\/#primaryimage\",\"url\":\"https:\\\/\\\/canfali.com\\\/app\\\/uploads\\\/2026\\\/04\\\/insostenible-digi1.jpg\",\"contentUrl\":\"https:\\\/\\\/canfali.com\\\/app\\\/uploads\\\/2026\\\/04\\\/insostenible-digi1.jpg\",\"width\":2256,\"height\":1496},{\"@type\":\"BreadcrumbList\",\"@id\":\"https:\\\/\\\/canfali.com\\\/ca-es\\\/una-intervencio-plastica-interrelaciona-els-origens-del-certamen-de-pintura-de-pego-amb-la-crisi-de-la-citricultura-valenciana\\\/#breadcrumb\",\"itemListElement\":[{\"@type\":\"ListItem\",\"position\":1,\"name\":\"Portada\",\"item\":\"https:\\\/\\\/canfali.com\\\/ca-es\\\/\"},{\"@type\":\"ListItem\",\"position\":2,\"name\":\"Una intervenci\u00f3 pl\u00e0stica interrelaciona els or\u00edgens del\u00a0 Certamen de Pintura de Pego amb la crisi de la citricultura valenciana\"}]},{\"@type\":\"WebSite\",\"@id\":\"https:\\\/\\\/canfali.com\\\/ca-es\\\/#website\",\"url\":\"https:\\\/\\\/canfali.com\\\/ca-es\\\/\",\"name\":\"Canfali\",\"description\":\"\",\"publisher\":{\"@id\":\"https:\\\/\\\/canfali.com\\\/ca-es\\\/#organization\"},\"potentialAction\":[{\"@type\":\"SearchAction\",\"target\":{\"@type\":\"EntryPoint\",\"urlTemplate\":\"https:\\\/\\\/canfali.com\\\/ca-es\\\/?s={search_term_string}\"},\"query-input\":{\"@type\":\"PropertyValueSpecification\",\"valueRequired\":true,\"valueName\":\"search_term_string\"}}],\"inLanguage\":\"va-ES\"},{\"@type\":\"Organization\",\"@id\":\"https:\\\/\\\/canfali.com\\\/ca-es\\\/#organization\",\"name\":\"Canfali\",\"url\":\"https:\\\/\\\/canfali.com\\\/ca-es\\\/\",\"logo\":{\"@type\":\"ImageObject\",\"inLanguage\":\"va-ES\",\"@id\":\"https:\\\/\\\/canfali.com\\\/ca-es\\\/#\\\/schema\\\/logo\\\/image\\\/\",\"url\":\"https:\\\/\\\/canfali.com\\\/app\\\/uploads\\\/2025\\\/12\\\/canfali_marina_alta_logo.png\",\"contentUrl\":\"https:\\\/\\\/canfali.com\\\/app\\\/uploads\\\/2025\\\/12\\\/canfali_marina_alta_logo.png\",\"width\":225,\"height\":225,\"caption\":\"Canfali\"},\"image\":{\"@id\":\"https:\\\/\\\/canfali.com\\\/ca-es\\\/#\\\/schema\\\/logo\\\/image\\\/\"},\"sameAs\":[\"https:\\\/\\\/es-es.facebook.com\\\/CANFALIMarinaAlta\",\"https:\\\/\\\/x.com\\\/canfalima\",\"https:\\\/\\\/www.instagram.com\\\/canfalimarinaalta\\\/\"]},{\"@type\":\"Person\",\"@id\":\"https:\\\/\\\/canfali.com\\\/ca-es\\\/#\\\/schema\\\/person\\\/d834d2d4df17cac754d3c314d4c404ef\",\"name\":\"JJ Mas\",\"image\":{\"@type\":\"ImageObject\",\"inLanguage\":\"va-ES\",\"@id\":\"https:\\\/\\\/secure.gravatar.com\\\/avatar\\\/65a5191f5438bf88c2394f6d1a625a6ff903c8785268e603c623a83bc15ba1ee?s=96&d=mm&r=g\",\"url\":\"https:\\\/\\\/secure.gravatar.com\\\/avatar\\\/65a5191f5438bf88c2394f6d1a625a6ff903c8785268e603c623a83bc15ba1ee?s=96&d=mm&r=g\",\"contentUrl\":\"https:\\\/\\\/secure.gravatar.com\\\/avatar\\\/65a5191f5438bf88c2394f6d1a625a6ff903c8785268e603c623a83bc15ba1ee?s=96&d=mm&r=g\",\"caption\":\"JJ Mas\"},\"url\":\"https:\\\/\\\/canfali.com\\\/ca-es\\\/author\\\/jj\\\/\"}]}<\/script>\n<!-- \/ Yoast SEO Premium plugin. -->","yoast_head_json":{"title":"Una intervenci\u00f3 pl\u00e0stica interrelaciona els or\u00edgens del\u00a0 Certamen de Pintura de Pego amb la crisi de la citricultura valenciana - Canfali","robots":{"index":"index","follow":"follow","max-snippet":"max-snippet:-1","max-image-preview":"max-image-preview:large","max-video-preview":"max-video-preview:-1"},"canonical":"https:\/\/canfali.com\/ca-es\/una-intervencio-plastica-interrelaciona-els-origens-del-certamen-de-pintura-de-pego-amb-la-crisi-de-la-citricultura-valenciana\/","og_locale":"en_US","og_type":"article","og_title":"Una intervenci\u00f3 pl\u00e0stica interrelaciona els or\u00edgens del\u00a0 Certamen de Pintura de Pego amb la crisi de la citricultura valenciana","og_description":"L\u2019artista Salva Mascarell porta Insostenible a la Biblioteca Municipal Carmen Alemany Bay La fa\u00e7ana de la Biblioteca Municipal&hellip;","og_url":"https:\/\/canfali.com\/ca-es\/una-intervencio-plastica-interrelaciona-els-origens-del-certamen-de-pintura-de-pego-amb-la-crisi-de-la-citricultura-valenciana\/","og_site_name":"Canfali","article_publisher":"https:\/\/es-es.facebook.com\/CANFALIMarinaAlta","article_published_time":"2026-04-25T10:00:00+00:00","og_image":[{"width":2256,"height":1496,"url":"https:\/\/canfali.com\/app\/uploads\/2026\/04\/insostenible-digi1.jpg","type":"image\/jpeg"}],"author":"JJ Mas","twitter_card":"summary_large_image","twitter_creator":"@canfalima","twitter_site":"@canfalima","twitter_misc":{"Written by":"JJ Mas","Est. reading time":"3 minutes"},"schema":{"@context":"https:\/\/schema.org","@graph":[{"@type":"NewsArticle","@id":"https:\/\/canfali.com\/ca-es\/una-intervencio-plastica-interrelaciona-els-origens-del-certamen-de-pintura-de-pego-amb-la-crisi-de-la-citricultura-valenciana\/#article","isPartOf":{"@id":"https:\/\/canfali.com\/ca-es\/una-intervencio-plastica-interrelaciona-els-origens-del-certamen-de-pintura-de-pego-amb-la-crisi-de-la-citricultura-valenciana\/"},"author":{"name":"JJ Mas","@id":"https:\/\/canfali.com\/ca-es\/#\/schema\/person\/d834d2d4df17cac754d3c314d4c404ef"},"headline":"Una intervenci\u00f3 pl\u00e0stica interrelaciona els or\u00edgens del\u00a0 Certamen de Pintura de Pego amb la crisi de la citricultura valenciana","datePublished":"2026-04-25T10:00:00+00:00","mainEntityOfPage":{"@id":"https:\/\/canfali.com\/ca-es\/una-intervencio-plastica-interrelaciona-els-origens-del-certamen-de-pintura-de-pego-amb-la-crisi-de-la-citricultura-valenciana\/"},"wordCount":584,"publisher":{"@id":"https:\/\/canfali.com\/ca-es\/#organization"},"image":{"@id":"https:\/\/canfali.com\/ca-es\/una-intervencio-plastica-interrelaciona-els-origens-del-certamen-de-pintura-de-pego-amb-la-crisi-de-la-citricultura-valenciana\/#primaryimage"},"thumbnailUrl":"https:\/\/canfali.com\/app\/uploads\/2026\/04\/insostenible-digi1.jpg","keywords":["50 aniversari","Biblioteca de Pego","certamen pintura","fa\u00e7ana","Intervenci\u00f3 pl\u00e0stica","Salva Mascarell"],"articleSection":["Cultura"],"inLanguage":"va-ES","copyrightYear":"2026","copyrightHolder":{"@id":"https:\/\/canfali.com\/#organization"}},{"@type":"WebPage","@id":"https:\/\/canfali.com\/ca-es\/una-intervencio-plastica-interrelaciona-els-origens-del-certamen-de-pintura-de-pego-amb-la-crisi-de-la-citricultura-valenciana\/","url":"https:\/\/canfali.com\/ca-es\/una-intervencio-plastica-interrelaciona-els-origens-del-certamen-de-pintura-de-pego-amb-la-crisi-de-la-citricultura-valenciana\/","name":"Una intervenci\u00f3 pl\u00e0stica interrelaciona els or\u00edgens del\u00a0 Certamen de Pintura de Pego amb la crisi de la citricultura valenciana - Canfali","isPartOf":{"@id":"https:\/\/canfali.com\/ca-es\/#website"},"primaryImageOfPage":{"@id":"https:\/\/canfali.com\/ca-es\/una-intervencio-plastica-interrelaciona-els-origens-del-certamen-de-pintura-de-pego-amb-la-crisi-de-la-citricultura-valenciana\/#primaryimage"},"image":{"@id":"https:\/\/canfali.com\/ca-es\/una-intervencio-plastica-interrelaciona-els-origens-del-certamen-de-pintura-de-pego-amb-la-crisi-de-la-citricultura-valenciana\/#primaryimage"},"thumbnailUrl":"https:\/\/canfali.com\/app\/uploads\/2026\/04\/insostenible-digi1.jpg","datePublished":"2026-04-25T10:00:00+00:00","breadcrumb":{"@id":"https:\/\/canfali.com\/ca-es\/una-intervencio-plastica-interrelaciona-els-origens-del-certamen-de-pintura-de-pego-amb-la-crisi-de-la-citricultura-valenciana\/#breadcrumb"},"inLanguage":"va-ES","potentialAction":[{"@type":"ReadAction","target":["https:\/\/canfali.com\/ca-es\/una-intervencio-plastica-interrelaciona-els-origens-del-certamen-de-pintura-de-pego-amb-la-crisi-de-la-citricultura-valenciana\/"]}]},{"@type":"ImageObject","inLanguage":"va-ES","@id":"https:\/\/canfali.com\/ca-es\/una-intervencio-plastica-interrelaciona-els-origens-del-certamen-de-pintura-de-pego-amb-la-crisi-de-la-citricultura-valenciana\/#primaryimage","url":"https:\/\/canfali.com\/app\/uploads\/2026\/04\/insostenible-digi1.jpg","contentUrl":"https:\/\/canfali.com\/app\/uploads\/2026\/04\/insostenible-digi1.jpg","width":2256,"height":1496},{"@type":"BreadcrumbList","@id":"https:\/\/canfali.com\/ca-es\/una-intervencio-plastica-interrelaciona-els-origens-del-certamen-de-pintura-de-pego-amb-la-crisi-de-la-citricultura-valenciana\/#breadcrumb","itemListElement":[{"@type":"ListItem","position":1,"name":"Portada","item":"https:\/\/canfali.com\/ca-es\/"},{"@type":"ListItem","position":2,"name":"Una intervenci\u00f3 pl\u00e0stica interrelaciona els or\u00edgens del\u00a0 Certamen de Pintura de Pego amb la crisi de la citricultura valenciana"}]},{"@type":"WebSite","@id":"https:\/\/canfali.com\/ca-es\/#website","url":"https:\/\/canfali.com\/ca-es\/","name":"Canfali","description":"","publisher":{"@id":"https:\/\/canfali.com\/ca-es\/#organization"},"potentialAction":[{"@type":"SearchAction","target":{"@type":"EntryPoint","urlTemplate":"https:\/\/canfali.com\/ca-es\/?s={search_term_string}"},"query-input":{"@type":"PropertyValueSpecification","valueRequired":true,"valueName":"search_term_string"}}],"inLanguage":"va-ES"},{"@type":"Organization","@id":"https:\/\/canfali.com\/ca-es\/#organization","name":"Canfali","url":"https:\/\/canfali.com\/ca-es\/","logo":{"@type":"ImageObject","inLanguage":"va-ES","@id":"https:\/\/canfali.com\/ca-es\/#\/schema\/logo\/image\/","url":"https:\/\/canfali.com\/app\/uploads\/2025\/12\/canfali_marina_alta_logo.png","contentUrl":"https:\/\/canfali.com\/app\/uploads\/2025\/12\/canfali_marina_alta_logo.png","width":225,"height":225,"caption":"Canfali"},"image":{"@id":"https:\/\/canfali.com\/ca-es\/#\/schema\/logo\/image\/"},"sameAs":["https:\/\/es-es.facebook.com\/CANFALIMarinaAlta","https:\/\/x.com\/canfalima","https:\/\/www.instagram.com\/canfalimarinaalta\/"]},{"@type":"Person","@id":"https:\/\/canfali.com\/ca-es\/#\/schema\/person\/d834d2d4df17cac754d3c314d4c404ef","name":"JJ Mas","image":{"@type":"ImageObject","inLanguage":"va-ES","@id":"https:\/\/secure.gravatar.com\/avatar\/65a5191f5438bf88c2394f6d1a625a6ff903c8785268e603c623a83bc15ba1ee?s=96&d=mm&r=g","url":"https:\/\/secure.gravatar.com\/avatar\/65a5191f5438bf88c2394f6d1a625a6ff903c8785268e603c623a83bc15ba1ee?s=96&d=mm&r=g","contentUrl":"https:\/\/secure.gravatar.com\/avatar\/65a5191f5438bf88c2394f6d1a625a6ff903c8785268e603c623a83bc15ba1ee?s=96&d=mm&r=g","caption":"JJ Mas"},"url":"https:\/\/canfali.com\/ca-es\/author\/jj\/"}]}},"_links":{"self":[{"href":"https:\/\/canfali.com\/ca-es\/wp-json\/wp\/v2\/posts\/94944","targetHints":{"allow":["GET"]}}],"collection":[{"href":"https:\/\/canfali.com\/ca-es\/wp-json\/wp\/v2\/posts"}],"about":[{"href":"https:\/\/canfali.com\/ca-es\/wp-json\/wp\/v2\/types\/post"}],"author":[{"embeddable":true,"href":"https:\/\/canfali.com\/ca-es\/wp-json\/wp\/v2\/users\/4"}],"replies":[{"embeddable":true,"href":"https:\/\/canfali.com\/ca-es\/wp-json\/wp\/v2\/comments?post=94944"}],"version-history":[{"count":1,"href":"https:\/\/canfali.com\/ca-es\/wp-json\/wp\/v2\/posts\/94944\/revisions"}],"predecessor-version":[{"id":94951,"href":"https:\/\/canfali.com\/ca-es\/wp-json\/wp\/v2\/posts\/94944\/revisions\/94951"}],"wp:featuredmedia":[{"embeddable":true,"href":"https:\/\/canfali.com\/ca-es\/wp-json\/wp\/v2\/media\/94945"}],"wp:attachment":[{"href":"https:\/\/canfali.com\/ca-es\/wp-json\/wp\/v2\/media?parent=94944"}],"wp:term":[{"taxonomy":"category","embeddable":true,"href":"https:\/\/canfali.com\/ca-es\/wp-json\/wp\/v2\/categories?post=94944"},{"taxonomy":"post_tag","embeddable":true,"href":"https:\/\/canfali.com\/ca-es\/wp-json\/wp\/v2\/tags?post=94944"}],"curies":[{"name":"wp","href":"https:\/\/api.w.org\/{rel}","templated":true}]}}