{"id":94904,"date":"2026-04-25T11:42:00","date_gmt":"2026-04-25T09:42:00","guid":{"rendered":"https:\/\/canfali.com\/?p=94904"},"modified":"2026-04-25T11:42:30","modified_gmt":"2026-04-25T09:42:30","slug":"tomas-llopis-parlara-sobre-tirant-lo-blanc-en-la-segona-jornada-de-dialegs-dels-poblets","status":"publish","type":"post","link":"https:\/\/canfali.com\/ca-es\/tomas-llopis-parlara-sobre-tirant-lo-blanc-en-la-segona-jornada-de-dialegs-dels-poblets\/","title":{"rendered":"Tom\u00e0s Llopis parlar\u00e0 sobre Tirant lo Blanc en la segona jornada de Di\u00e0legs dels Poblets"},"content":{"rendered":"\n<p>Els Poblets continua desenvolupant el cicle Di\u00e0legs 2026 amb una nova cita destacada el pr\u00f2xim dimarts 28 d\u2019abril. L\u2019escriptor i activista cultural Tom\u00e0s Llopis protagonitzar\u00e0 la confer\u00e8ncia \u2018El m\u00f3n de la cavalleria entre Tirant lo Blanc i la vida\u2019, que tindr\u00e0 lloc a les 20.00 hores a la Biblioteca municipal.&#013;\n<\/p>\n\n<p><p class=\"p1\">La sessi\u00f3 convida a reflexionar sobre l\u2019univers cavalleresc a partir de l\u2019obra cl\u00e0ssica <i>Tirant lo Blanc<\/i>, connectant literatura i hist\u00f2ria amb una mirada contempor\u00e0nia. La intervenci\u00f3 de Llopis s\u2019emmarca en un cicle que aposta pel di\u00e0leg obert i el pensament cr\u00edtic al voltant de la cultura i la societat.<\/p><\/p>\n\n<p>Di\u00e0legs 2026, que es desenvolupa entre els mesos de mar\u00e7 i juny, proposa una s\u00e8rie de trobades amb veus rellevants de diferents \u00e0mbits, amb l\u2019objectiu de fomentar la conversa i l\u2019intercanvi d\u2019idees en un format pr\u00f2xim i accessible al p\u00fablic.&#013;\n<\/p>\n\n<p>El cicle es va iniciar el passat mes de mar\u00e7 amb la participaci\u00f3 de la directora general del Llibre, Maria Jos\u00e9 G\u00e1lvez, junt amb l\u2019escriptor Ferran Torrent, en una xarrada sobre el poder de la lectura. La programaci\u00f3 continuar\u00e0 el 20 de maig a la Casa de Cultura amb el di\u00e0leg \u2018Jaque a la democracia\u2019, protagonitzat per Joaquim Bosch i \u00c0ngels Gregori, i finalitzar\u00e0 el 16 de juny amb una confer\u00e8ncia-debat centrada en la gesti\u00f3 tur\u00edstica.&#013;\n<\/p>\n\n<p>Amb esta iniciativa, Els Poblets refor\u00e7a la seua aposta per la cultura com a espai de trobada, reflexi\u00f3 i participaci\u00f3 ciutadana.&#013;\n<\/p>\n","protected":false},"excerpt":{"rendered":"Els Poblets continua desenvolupant el cicle Di\u00e0legs 2026 amb una nova cita destacada el pr\u00f2xim dimarts 28 d\u2019abril.&hellip;","protected":false},"author":8,"featured_media":94895,"comment_status":"closed","ping_status":"open","sticky":false,"template":"","format":"standard","meta":{"csco_display_header_overlay":false,"csco_singular_sidebar":"","csco_page_header_type":"","csco_page_load_nextpost":"","csco_post_video_location":[],"csco_post_video_location_hash":"","csco_post_video_url":"","csco_post_video_bg_start_time":0,"csco_post_video_bg_end_time":0,"footnotes":""},"categories":[579,597],"tags":[],"class_list":{"0":"post-94904","1":"post","2":"type-post","3":"status-publish","4":"format-standard","5":"has-post-thumbnail","7":"category-cultura-2","8":"category-cultura-ca-es","9":"cs-entry","10":"cs-video-wrap"},"yoast_head":"<!-- This site is optimized with the Yoast SEO Premium plugin v26.6 (Yoast SEO v27.3) - https:\/\/yoast.com\/product\/yoast-seo-premium-wordpress\/ -->\n<title>Tom\u00e0s Llopis parlar\u00e0 sobre Tirant lo Blanc en la segona jornada de Di\u00e0legs dels Poblets - Canfali<\/title>\n<meta name=\"description\" content=\"L\u2019escriptor i activista cultural Tom\u00e0s Llopis protagonitzar\u00e0 la confer\u00e8ncia \u2018El m\u00f3n de la cavalleria entre Tirant lo Blanc i la vida\" \/>\n<meta name=\"robots\" content=\"index, follow, max-snippet:-1, max-image-preview:large, max-video-preview:-1\" \/>\n<link rel=\"canonical\" href=\"https:\/\/canfali.com\/ca-es\/tomas-llopis-parlara-sobre-tirant-lo-blanc-en-la-segona-jornada-de-dialegs-dels-poblets\/\" \/>\n<meta property=\"og:locale\" content=\"en_US\" \/>\n<meta property=\"og:type\" content=\"article\" \/>\n<meta property=\"og:title\" content=\"Tom\u00e0s Llopis parlar\u00e0 sobre Tirant lo Blanc en la segona jornada de Di\u00e0legs dels Poblets\" \/>\n<meta property=\"og:description\" content=\"L\u2019escriptor i activista cultural Tom\u00e0s Llopis protagonitzar\u00e0 la confer\u00e8ncia \u2018El m\u00f3n de la cavalleria entre Tirant lo Blanc i la vida\" \/>\n<meta property=\"og:url\" content=\"https:\/\/canfali.com\/ca-es\/tomas-llopis-parlara-sobre-tirant-lo-blanc-en-la-segona-jornada-de-dialegs-dels-poblets\/\" \/>\n<meta property=\"og:site_name\" content=\"Canfali\" \/>\n<meta property=\"article:publisher\" content=\"https:\/\/es-es.facebook.com\/CANFALIMarinaAlta\" \/>\n<meta property=\"article:published_time\" content=\"2026-04-25T09:42:00+00:00\" \/>\n<meta property=\"article:modified_time\" content=\"2026-04-25T09:42:30+00:00\" \/>\n<meta property=\"og:image\" content=\"https:\/\/canfali.com\/app\/uploads\/2026\/04\/8dialegs-scaled.jpg\" \/>\n\t<meta property=\"og:image:width\" content=\"2560\" \/>\n\t<meta property=\"og:image:height\" content=\"1655\" \/>\n\t<meta property=\"og:image:type\" content=\"image\/jpeg\" \/>\n<meta name=\"author\" content=\"Lluis\" \/>\n<meta name=\"twitter:card\" content=\"summary_large_image\" \/>\n<meta name=\"twitter:creator\" content=\"@canfalima\" \/>\n<meta name=\"twitter:site\" content=\"@canfalima\" \/>\n<meta name=\"twitter:label1\" content=\"Written by\" \/>\n\t<meta name=\"twitter:data1\" content=\"Lluis\" \/>\n\t<meta name=\"twitter:label2\" content=\"Est. reading time\" \/>\n\t<meta name=\"twitter:data2\" content=\"1 minute\" \/>\n<script type=\"application\/ld+json\" class=\"yoast-schema-graph\">{\"@context\":\"https:\\\/\\\/schema.org\",\"@graph\":[{\"@type\":\"NewsArticle\",\"@id\":\"https:\\\/\\\/canfali.com\\\/ca-es\\\/tomas-llopis-parlara-sobre-tirant-lo-blanc-en-la-segona-jornada-de-dialegs-dels-poblets\\\/#article\",\"isPartOf\":{\"@id\":\"https:\\\/\\\/canfali.com\\\/ca-es\\\/tomas-llopis-parlara-sobre-tirant-lo-blanc-en-la-segona-jornada-de-dialegs-dels-poblets\\\/\"},\"author\":{\"name\":\"Lluis\",\"@id\":\"https:\\\/\\\/canfali.com\\\/ca-es\\\/#\\\/schema\\\/person\\\/f540a86fb33e10daaae53c59ceaa1194\"},\"headline\":\"Tom\u00e0s Llopis parlar\u00e0 sobre Tirant lo Blanc en la segona jornada de Di\u00e0legs dels Poblets\",\"datePublished\":\"2026-04-25T09:42:00+00:00\",\"dateModified\":\"2026-04-25T09:42:30+00:00\",\"mainEntityOfPage\":{\"@id\":\"https:\\\/\\\/canfali.com\\\/ca-es\\\/tomas-llopis-parlara-sobre-tirant-lo-blanc-en-la-segona-jornada-de-dialegs-dels-poblets\\\/\"},\"wordCount\":275,\"publisher\":{\"@id\":\"https:\\\/\\\/canfali.com\\\/ca-es\\\/#organization\"},\"image\":{\"@id\":\"https:\\\/\\\/canfali.com\\\/ca-es\\\/tomas-llopis-parlara-sobre-tirant-lo-blanc-en-la-segona-jornada-de-dialegs-dels-poblets\\\/#primaryimage\"},\"thumbnailUrl\":\"https:\\\/\\\/canfali.com\\\/app\\\/uploads\\\/2026\\\/04\\\/8dialegs-scaled.jpg\",\"articleSection\":[\"Cultura\",\"Cultura\"],\"inLanguage\":\"va-ES\",\"copyrightYear\":\"2026\",\"copyrightHolder\":{\"@id\":\"https:\\\/\\\/canfali.com\\\/#organization\"}},{\"@type\":\"WebPage\",\"@id\":\"https:\\\/\\\/canfali.com\\\/ca-es\\\/tomas-llopis-parlara-sobre-tirant-lo-blanc-en-la-segona-jornada-de-dialegs-dels-poblets\\\/\",\"url\":\"https:\\\/\\\/canfali.com\\\/ca-es\\\/tomas-llopis-parlara-sobre-tirant-lo-blanc-en-la-segona-jornada-de-dialegs-dels-poblets\\\/\",\"name\":\"Tom\u00e0s Llopis parlar\u00e0 sobre Tirant lo Blanc en la segona jornada de Di\u00e0legs dels Poblets - Canfali\",\"isPartOf\":{\"@id\":\"https:\\\/\\\/canfali.com\\\/ca-es\\\/#website\"},\"primaryImageOfPage\":{\"@id\":\"https:\\\/\\\/canfali.com\\\/ca-es\\\/tomas-llopis-parlara-sobre-tirant-lo-blanc-en-la-segona-jornada-de-dialegs-dels-poblets\\\/#primaryimage\"},\"image\":{\"@id\":\"https:\\\/\\\/canfali.com\\\/ca-es\\\/tomas-llopis-parlara-sobre-tirant-lo-blanc-en-la-segona-jornada-de-dialegs-dels-poblets\\\/#primaryimage\"},\"thumbnailUrl\":\"https:\\\/\\\/canfali.com\\\/app\\\/uploads\\\/2026\\\/04\\\/8dialegs-scaled.jpg\",\"datePublished\":\"2026-04-25T09:42:00+00:00\",\"dateModified\":\"2026-04-25T09:42:30+00:00\",\"description\":\"L\u2019escriptor i activista cultural Tom\u00e0s Llopis protagonitzar\u00e0 la confer\u00e8ncia \u2018El m\u00f3n de la cavalleria entre Tirant lo Blanc i la vida\",\"breadcrumb\":{\"@id\":\"https:\\\/\\\/canfali.com\\\/ca-es\\\/tomas-llopis-parlara-sobre-tirant-lo-blanc-en-la-segona-jornada-de-dialegs-dels-poblets\\\/#breadcrumb\"},\"inLanguage\":\"va-ES\",\"potentialAction\":[{\"@type\":\"ReadAction\",\"target\":[\"https:\\\/\\\/canfali.com\\\/ca-es\\\/tomas-llopis-parlara-sobre-tirant-lo-blanc-en-la-segona-jornada-de-dialegs-dels-poblets\\\/\"]}]},{\"@type\":\"ImageObject\",\"inLanguage\":\"va-ES\",\"@id\":\"https:\\\/\\\/canfali.com\\\/ca-es\\\/tomas-llopis-parlara-sobre-tirant-lo-blanc-en-la-segona-jornada-de-dialegs-dels-poblets\\\/#primaryimage\",\"url\":\"https:\\\/\\\/canfali.com\\\/app\\\/uploads\\\/2026\\\/04\\\/8dialegs-scaled.jpg\",\"contentUrl\":\"https:\\\/\\\/canfali.com\\\/app\\\/uploads\\\/2026\\\/04\\\/8dialegs-scaled.jpg\",\"width\":2560,\"height\":1655},{\"@type\":\"BreadcrumbList\",\"@id\":\"https:\\\/\\\/canfali.com\\\/ca-es\\\/tomas-llopis-parlara-sobre-tirant-lo-blanc-en-la-segona-jornada-de-dialegs-dels-poblets\\\/#breadcrumb\",\"itemListElement\":[{\"@type\":\"ListItem\",\"position\":1,\"name\":\"Portada\",\"item\":\"https:\\\/\\\/canfali.com\\\/ca-es\\\/\"},{\"@type\":\"ListItem\",\"position\":2,\"name\":\"Tom\u00e0s Llopis parlar\u00e0 sobre Tirant lo Blanc en la segona jornada de Di\u00e0legs dels Poblets\"}]},{\"@type\":\"WebSite\",\"@id\":\"https:\\\/\\\/canfali.com\\\/ca-es\\\/#website\",\"url\":\"https:\\\/\\\/canfali.com\\\/ca-es\\\/\",\"name\":\"Canfali\",\"description\":\"\",\"publisher\":{\"@id\":\"https:\\\/\\\/canfali.com\\\/ca-es\\\/#organization\"},\"potentialAction\":[{\"@type\":\"SearchAction\",\"target\":{\"@type\":\"EntryPoint\",\"urlTemplate\":\"https:\\\/\\\/canfali.com\\\/ca-es\\\/?s={search_term_string}\"},\"query-input\":{\"@type\":\"PropertyValueSpecification\",\"valueRequired\":true,\"valueName\":\"search_term_string\"}}],\"inLanguage\":\"va-ES\"},{\"@type\":\"Organization\",\"@id\":\"https:\\\/\\\/canfali.com\\\/ca-es\\\/#organization\",\"name\":\"Canfali\",\"url\":\"https:\\\/\\\/canfali.com\\\/ca-es\\\/\",\"logo\":{\"@type\":\"ImageObject\",\"inLanguage\":\"va-ES\",\"@id\":\"https:\\\/\\\/canfali.com\\\/ca-es\\\/#\\\/schema\\\/logo\\\/image\\\/\",\"url\":\"https:\\\/\\\/canfali.com\\\/app\\\/uploads\\\/2025\\\/12\\\/canfali_marina_alta_logo.png\",\"contentUrl\":\"https:\\\/\\\/canfali.com\\\/app\\\/uploads\\\/2025\\\/12\\\/canfali_marina_alta_logo.png\",\"width\":225,\"height\":225,\"caption\":\"Canfali\"},\"image\":{\"@id\":\"https:\\\/\\\/canfali.com\\\/ca-es\\\/#\\\/schema\\\/logo\\\/image\\\/\"},\"sameAs\":[\"https:\\\/\\\/es-es.facebook.com\\\/CANFALIMarinaAlta\",\"https:\\\/\\\/x.com\\\/canfalima\",\"https:\\\/\\\/www.instagram.com\\\/canfalimarinaalta\\\/\"]},{\"@type\":\"Person\",\"@id\":\"https:\\\/\\\/canfali.com\\\/ca-es\\\/#\\\/schema\\\/person\\\/f540a86fb33e10daaae53c59ceaa1194\",\"name\":\"Lluis\",\"image\":{\"@type\":\"ImageObject\",\"inLanguage\":\"va-ES\",\"@id\":\"https:\\\/\\\/secure.gravatar.com\\\/avatar\\\/a21ec8835290e4e02ed0886b8cb327d807d0eb6ec8ccf25d4c2a0a415f506c0d?s=96&d=mm&r=g\",\"url\":\"https:\\\/\\\/secure.gravatar.com\\\/avatar\\\/a21ec8835290e4e02ed0886b8cb327d807d0eb6ec8ccf25d4c2a0a415f506c0d?s=96&d=mm&r=g\",\"contentUrl\":\"https:\\\/\\\/secure.gravatar.com\\\/avatar\\\/a21ec8835290e4e02ed0886b8cb327d807d0eb6ec8ccf25d4c2a0a415f506c0d?s=96&d=mm&r=g\",\"caption\":\"Lluis\"},\"url\":\"https:\\\/\\\/canfali.com\\\/ca-es\\\/author\\\/lluis\\\/\"}]}<\/script>\n<!-- \/ Yoast SEO Premium plugin. -->","yoast_head_json":{"title":"Tom\u00e0s Llopis parlar\u00e0 sobre Tirant lo Blanc en la segona jornada de Di\u00e0legs dels Poblets - Canfali","description":"L\u2019escriptor i activista cultural Tom\u00e0s Llopis protagonitzar\u00e0 la confer\u00e8ncia \u2018El m\u00f3n de la cavalleria entre Tirant lo Blanc i la vida","robots":{"index":"index","follow":"follow","max-snippet":"max-snippet:-1","max-image-preview":"max-image-preview:large","max-video-preview":"max-video-preview:-1"},"canonical":"https:\/\/canfali.com\/ca-es\/tomas-llopis-parlara-sobre-tirant-lo-blanc-en-la-segona-jornada-de-dialegs-dels-poblets\/","og_locale":"en_US","og_type":"article","og_title":"Tom\u00e0s Llopis parlar\u00e0 sobre Tirant lo Blanc en la segona jornada de Di\u00e0legs dels Poblets","og_description":"L\u2019escriptor i activista cultural Tom\u00e0s Llopis protagonitzar\u00e0 la confer\u00e8ncia \u2018El m\u00f3n de la cavalleria entre Tirant lo Blanc i la vida","og_url":"https:\/\/canfali.com\/ca-es\/tomas-llopis-parlara-sobre-tirant-lo-blanc-en-la-segona-jornada-de-dialegs-dels-poblets\/","og_site_name":"Canfali","article_publisher":"https:\/\/es-es.facebook.com\/CANFALIMarinaAlta","article_published_time":"2026-04-25T09:42:00+00:00","article_modified_time":"2026-04-25T09:42:30+00:00","og_image":[{"width":2560,"height":1655,"url":"https:\/\/canfali.com\/app\/uploads\/2026\/04\/8dialegs-scaled.jpg","type":"image\/jpeg"}],"author":"Lluis","twitter_card":"summary_large_image","twitter_creator":"@canfalima","twitter_site":"@canfalima","twitter_misc":{"Written by":"Lluis","Est. reading time":"1 minute"},"schema":{"@context":"https:\/\/schema.org","@graph":[{"@type":"NewsArticle","@id":"https:\/\/canfali.com\/ca-es\/tomas-llopis-parlara-sobre-tirant-lo-blanc-en-la-segona-jornada-de-dialegs-dels-poblets\/#article","isPartOf":{"@id":"https:\/\/canfali.com\/ca-es\/tomas-llopis-parlara-sobre-tirant-lo-blanc-en-la-segona-jornada-de-dialegs-dels-poblets\/"},"author":{"name":"Lluis","@id":"https:\/\/canfali.com\/ca-es\/#\/schema\/person\/f540a86fb33e10daaae53c59ceaa1194"},"headline":"Tom\u00e0s Llopis parlar\u00e0 sobre Tirant lo Blanc en la segona jornada de Di\u00e0legs dels Poblets","datePublished":"2026-04-25T09:42:00+00:00","dateModified":"2026-04-25T09:42:30+00:00","mainEntityOfPage":{"@id":"https:\/\/canfali.com\/ca-es\/tomas-llopis-parlara-sobre-tirant-lo-blanc-en-la-segona-jornada-de-dialegs-dels-poblets\/"},"wordCount":275,"publisher":{"@id":"https:\/\/canfali.com\/ca-es\/#organization"},"image":{"@id":"https:\/\/canfali.com\/ca-es\/tomas-llopis-parlara-sobre-tirant-lo-blanc-en-la-segona-jornada-de-dialegs-dels-poblets\/#primaryimage"},"thumbnailUrl":"https:\/\/canfali.com\/app\/uploads\/2026\/04\/8dialegs-scaled.jpg","articleSection":["Cultura","Cultura"],"inLanguage":"va-ES","copyrightYear":"2026","copyrightHolder":{"@id":"https:\/\/canfali.com\/#organization"}},{"@type":"WebPage","@id":"https:\/\/canfali.com\/ca-es\/tomas-llopis-parlara-sobre-tirant-lo-blanc-en-la-segona-jornada-de-dialegs-dels-poblets\/","url":"https:\/\/canfali.com\/ca-es\/tomas-llopis-parlara-sobre-tirant-lo-blanc-en-la-segona-jornada-de-dialegs-dels-poblets\/","name":"Tom\u00e0s Llopis parlar\u00e0 sobre Tirant lo Blanc en la segona jornada de Di\u00e0legs dels Poblets - Canfali","isPartOf":{"@id":"https:\/\/canfali.com\/ca-es\/#website"},"primaryImageOfPage":{"@id":"https:\/\/canfali.com\/ca-es\/tomas-llopis-parlara-sobre-tirant-lo-blanc-en-la-segona-jornada-de-dialegs-dels-poblets\/#primaryimage"},"image":{"@id":"https:\/\/canfali.com\/ca-es\/tomas-llopis-parlara-sobre-tirant-lo-blanc-en-la-segona-jornada-de-dialegs-dels-poblets\/#primaryimage"},"thumbnailUrl":"https:\/\/canfali.com\/app\/uploads\/2026\/04\/8dialegs-scaled.jpg","datePublished":"2026-04-25T09:42:00+00:00","dateModified":"2026-04-25T09:42:30+00:00","description":"L\u2019escriptor i activista cultural Tom\u00e0s Llopis protagonitzar\u00e0 la confer\u00e8ncia \u2018El m\u00f3n de la cavalleria entre Tirant lo Blanc i la vida","breadcrumb":{"@id":"https:\/\/canfali.com\/ca-es\/tomas-llopis-parlara-sobre-tirant-lo-blanc-en-la-segona-jornada-de-dialegs-dels-poblets\/#breadcrumb"},"inLanguage":"va-ES","potentialAction":[{"@type":"ReadAction","target":["https:\/\/canfali.com\/ca-es\/tomas-llopis-parlara-sobre-tirant-lo-blanc-en-la-segona-jornada-de-dialegs-dels-poblets\/"]}]},{"@type":"ImageObject","inLanguage":"va-ES","@id":"https:\/\/canfali.com\/ca-es\/tomas-llopis-parlara-sobre-tirant-lo-blanc-en-la-segona-jornada-de-dialegs-dels-poblets\/#primaryimage","url":"https:\/\/canfali.com\/app\/uploads\/2026\/04\/8dialegs-scaled.jpg","contentUrl":"https:\/\/canfali.com\/app\/uploads\/2026\/04\/8dialegs-scaled.jpg","width":2560,"height":1655},{"@type":"BreadcrumbList","@id":"https:\/\/canfali.com\/ca-es\/tomas-llopis-parlara-sobre-tirant-lo-blanc-en-la-segona-jornada-de-dialegs-dels-poblets\/#breadcrumb","itemListElement":[{"@type":"ListItem","position":1,"name":"Portada","item":"https:\/\/canfali.com\/ca-es\/"},{"@type":"ListItem","position":2,"name":"Tom\u00e0s Llopis parlar\u00e0 sobre Tirant lo Blanc en la segona jornada de Di\u00e0legs dels Poblets"}]},{"@type":"WebSite","@id":"https:\/\/canfali.com\/ca-es\/#website","url":"https:\/\/canfali.com\/ca-es\/","name":"Canfali","description":"","publisher":{"@id":"https:\/\/canfali.com\/ca-es\/#organization"},"potentialAction":[{"@type":"SearchAction","target":{"@type":"EntryPoint","urlTemplate":"https:\/\/canfali.com\/ca-es\/?s={search_term_string}"},"query-input":{"@type":"PropertyValueSpecification","valueRequired":true,"valueName":"search_term_string"}}],"inLanguage":"va-ES"},{"@type":"Organization","@id":"https:\/\/canfali.com\/ca-es\/#organization","name":"Canfali","url":"https:\/\/canfali.com\/ca-es\/","logo":{"@type":"ImageObject","inLanguage":"va-ES","@id":"https:\/\/canfali.com\/ca-es\/#\/schema\/logo\/image\/","url":"https:\/\/canfali.com\/app\/uploads\/2025\/12\/canfali_marina_alta_logo.png","contentUrl":"https:\/\/canfali.com\/app\/uploads\/2025\/12\/canfali_marina_alta_logo.png","width":225,"height":225,"caption":"Canfali"},"image":{"@id":"https:\/\/canfali.com\/ca-es\/#\/schema\/logo\/image\/"},"sameAs":["https:\/\/es-es.facebook.com\/CANFALIMarinaAlta","https:\/\/x.com\/canfalima","https:\/\/www.instagram.com\/canfalimarinaalta\/"]},{"@type":"Person","@id":"https:\/\/canfali.com\/ca-es\/#\/schema\/person\/f540a86fb33e10daaae53c59ceaa1194","name":"Lluis","image":{"@type":"ImageObject","inLanguage":"va-ES","@id":"https:\/\/secure.gravatar.com\/avatar\/a21ec8835290e4e02ed0886b8cb327d807d0eb6ec8ccf25d4c2a0a415f506c0d?s=96&d=mm&r=g","url":"https:\/\/secure.gravatar.com\/avatar\/a21ec8835290e4e02ed0886b8cb327d807d0eb6ec8ccf25d4c2a0a415f506c0d?s=96&d=mm&r=g","contentUrl":"https:\/\/secure.gravatar.com\/avatar\/a21ec8835290e4e02ed0886b8cb327d807d0eb6ec8ccf25d4c2a0a415f506c0d?s=96&d=mm&r=g","caption":"Lluis"},"url":"https:\/\/canfali.com\/ca-es\/author\/lluis\/"}]}},"_links":{"self":[{"href":"https:\/\/canfali.com\/ca-es\/wp-json\/wp\/v2\/posts\/94904","targetHints":{"allow":["GET"]}}],"collection":[{"href":"https:\/\/canfali.com\/ca-es\/wp-json\/wp\/v2\/posts"}],"about":[{"href":"https:\/\/canfali.com\/ca-es\/wp-json\/wp\/v2\/types\/post"}],"author":[{"embeddable":true,"href":"https:\/\/canfali.com\/ca-es\/wp-json\/wp\/v2\/users\/8"}],"replies":[{"embeddable":true,"href":"https:\/\/canfali.com\/ca-es\/wp-json\/wp\/v2\/comments?post=94904"}],"version-history":[{"count":3,"href":"https:\/\/canfali.com\/ca-es\/wp-json\/wp\/v2\/posts\/94904\/revisions"}],"predecessor-version":[{"id":95105,"href":"https:\/\/canfali.com\/ca-es\/wp-json\/wp\/v2\/posts\/94904\/revisions\/95105"}],"wp:featuredmedia":[{"embeddable":true,"href":"https:\/\/canfali.com\/ca-es\/wp-json\/wp\/v2\/media\/94895"}],"wp:attachment":[{"href":"https:\/\/canfali.com\/ca-es\/wp-json\/wp\/v2\/media?parent=94904"}],"wp:term":[{"taxonomy":"category","embeddable":true,"href":"https:\/\/canfali.com\/ca-es\/wp-json\/wp\/v2\/categories?post=94904"},{"taxonomy":"post_tag","embeddable":true,"href":"https:\/\/canfali.com\/ca-es\/wp-json\/wp\/v2\/tags?post=94904"}],"curies":[{"name":"wp","href":"https:\/\/api.w.org\/{rel}","templated":true}]}}