{"id":94881,"date":"2026-04-24T10:45:44","date_gmt":"2026-04-24T08:45:44","guid":{"rendered":"https:\/\/canfali.com\/els-mercats-del-riurau-de-xabia-tornen-este-cap-de-setmana-amb-novetats\/"},"modified":"2026-04-24T10:46:52","modified_gmt":"2026-04-24T08:46:52","slug":"els-mercats-del-riurau-de-xabia-tornen-este-cap-de-setmana-amb-novetats","status":"publish","type":"post","link":"https:\/\/canfali.com\/ca-es\/els-mercats-del-riurau-de-xabia-tornen-este-cap-de-setmana-amb-novetats\/","title":{"rendered":"Els Mercats del Riurau de X\u00e0bia tornen este cap de setmana amb novetats"},"content":{"rendered":"\n<p>El Riurau d\u2019Arnauda tornar\u00e0 a convertir-se este cap de setmana en punt de trobada per a ve\u00efns i visitants amb una nova edici\u00f3 dels seus tradicionals mercats, que arriben amb novetats, activitats per a tots els p\u00fablics i una cuidada oferta de productes de proximitat.&#13;\n<\/p>\n\n<p>Dissabte tindr\u00e0 lloc el Mercat d\u2019Origen, que obrir\u00e0 les portes de 9.30 a 14.00 hores amb una \u00e0mplia representaci\u00f3 d\u2019artesans i productors de la comarca, oferint productes locals i elaboracions artesanals. La jornada comptar\u00e0, a m\u00e9s, amb una programaci\u00f3 paral\u00b7lela pensada especialment per al gaudi en fam\u00edlia.&#13;\n<\/p>\n\n<p>A les 11.00 hores, Oshai, espai creatiu dirigir\u00e0 un taller infantil de flors de paper, una activitat creativa adre\u00e7ada als m\u00e9s menuts. Posteriorment, a les 12.00 hores, el grup REMAKE posar\u00e0 l\u2019ambient musical amb un concert en directe basat en grans \u00e8xits de les d\u00e8cades dels 80 i 90.&#13;\n<\/p>\n\n<p>El mercat comptar\u00e0 tamb\u00e9 amb la participaci\u00f3 de la Comissi\u00f3 de Fogueres, que oferir\u00e0 bunyols durant tot el mat\u00ed, aix\u00ed com amb una exhibici\u00f3 de llata a c\u00e0rrec de l\u2019Associaci\u00f3 Palmes i Llata, que mostrar\u00e0 este ofici tradicional tan arrelat a la comarca. Aix\u00ed mateix, Creu Roja X\u00e0bia estar\u00e0 present amb un punt solidari.&#13;\n<\/p>\n\n<p>La programaci\u00f3 continuar\u00e0 diumenge amb el mercat d\u2019antiguitats i vintage, que se celebrar\u00e0 en el mateix horari, de 9.30 a 14.00 hores. En esta ocasi\u00f3, el mercat ampliar\u00e0 la seua oferta amb nous llocs dedicats a la numism\u00e0tica, l\u2019arqueologia, la pintura i el mobiliari antic.&#13;\n<\/p>\n","protected":false},"excerpt":{"rendered":"El Riurau d\u2019Arnauda tornar\u00e0 a convertir-se este cap de setmana en punt de trobada per a ve\u00efns i&hellip;","protected":false},"author":8,"featured_media":94879,"comment_status":"closed","ping_status":"open","sticky":false,"template":"","format":"standard","meta":{"csco_display_header_overlay":false,"csco_singular_sidebar":"","csco_page_header_type":"","csco_page_load_nextpost":"","csco_post_video_location":[],"csco_post_video_location_hash":"","csco_post_video_url":"","csco_post_video_bg_start_time":0,"csco_post_video_bg_end_time":0,"footnotes":""},"categories":[4551],"tags":[],"class_list":{"0":"post-94881","1":"post","2":"type-post","3":"status-publish","4":"format-standard","5":"has-post-thumbnail","7":"category-turisme","8":"cs-entry","9":"cs-video-wrap"},"yoast_head":"<!-- This site is optimized with the Yoast SEO Premium plugin v26.6 (Yoast SEO v27.3) - https:\/\/yoast.com\/product\/yoast-seo-premium-wordpress\/ -->\n<title>Els Mercats del Riurau de X\u00e0bia tornen este cap de setmana amb novetats - Canfali<\/title>\n<meta name=\"description\" content=\"El Riurau d\u2019Arnauda tornar\u00e0 a convertir-se este cap de setmana en punt de trobada per a ve\u00efns i visitants\" \/>\n<meta name=\"robots\" content=\"index, follow, max-snippet:-1, max-image-preview:large, max-video-preview:-1\" \/>\n<link rel=\"canonical\" href=\"https:\/\/canfali.com\/ca-es\/els-mercats-del-riurau-de-xabia-tornen-este-cap-de-setmana-amb-novetats\/\" \/>\n<meta property=\"og:locale\" content=\"en_US\" \/>\n<meta property=\"og:type\" content=\"article\" \/>\n<meta property=\"og:title\" content=\"Els Mercats del Riurau de X\u00e0bia tornen este cap de setmana amb novetats\" \/>\n<meta property=\"og:description\" content=\"El Riurau d\u2019Arnauda tornar\u00e0 a convertir-se este cap de setmana en punt de trobada per a ve\u00efns i visitants\" \/>\n<meta property=\"og:url\" content=\"https:\/\/canfali.com\/ca-es\/els-mercats-del-riurau-de-xabia-tornen-este-cap-de-setmana-amb-novetats\/\" \/>\n<meta property=\"og:site_name\" content=\"Canfali\" \/>\n<meta property=\"article:publisher\" content=\"https:\/\/es-es.facebook.com\/CANFALIMarinaAlta\" \/>\n<meta property=\"article:published_time\" content=\"2026-04-24T08:45:44+00:00\" \/>\n<meta property=\"article:modified_time\" content=\"2026-04-24T08:46:52+00:00\" \/>\n<meta property=\"og:image\" content=\"https:\/\/canfali.com\/app\/uploads\/2026\/04\/8mercats.jpg\" \/>\n\t<meta property=\"og:image:width\" content=\"1440\" \/>\n\t<meta property=\"og:image:height\" content=\"1080\" \/>\n\t<meta property=\"og:image:type\" content=\"image\/jpeg\" \/>\n<meta name=\"author\" content=\"Lluis\" \/>\n<meta name=\"twitter:card\" content=\"summary_large_image\" \/>\n<meta name=\"twitter:creator\" content=\"@canfalima\" \/>\n<meta name=\"twitter:site\" content=\"@canfalima\" \/>\n<meta name=\"twitter:label1\" content=\"Written by\" \/>\n\t<meta name=\"twitter:data1\" content=\"Lluis\" \/>\n\t<meta name=\"twitter:label2\" content=\"Est. reading time\" \/>\n\t<meta name=\"twitter:data2\" content=\"1 minute\" \/>\n<script type=\"application\/ld+json\" class=\"yoast-schema-graph\">{\"@context\":\"https:\\\/\\\/schema.org\",\"@graph\":[{\"@type\":\"NewsArticle\",\"@id\":\"https:\\\/\\\/canfali.com\\\/ca-es\\\/els-mercats-del-riurau-de-xabia-tornen-este-cap-de-setmana-amb-novetats\\\/#article\",\"isPartOf\":{\"@id\":\"https:\\\/\\\/canfali.com\\\/ca-es\\\/els-mercats-del-riurau-de-xabia-tornen-este-cap-de-setmana-amb-novetats\\\/\"},\"author\":{\"name\":\"Lluis\",\"@id\":\"https:\\\/\\\/canfali.com\\\/ca-es\\\/#\\\/schema\\\/person\\\/f540a86fb33e10daaae53c59ceaa1194\"},\"headline\":\"Els Mercats del Riurau de X\u00e0bia tornen este cap de setmana amb novetats\",\"datePublished\":\"2026-04-24T08:45:44+00:00\",\"dateModified\":\"2026-04-24T08:46:52+00:00\",\"mainEntityOfPage\":{\"@id\":\"https:\\\/\\\/canfali.com\\\/ca-es\\\/els-mercats-del-riurau-de-xabia-tornen-este-cap-de-setmana-amb-novetats\\\/\"},\"wordCount\":264,\"publisher\":{\"@id\":\"https:\\\/\\\/canfali.com\\\/ca-es\\\/#organization\"},\"image\":{\"@id\":\"https:\\\/\\\/canfali.com\\\/ca-es\\\/els-mercats-del-riurau-de-xabia-tornen-este-cap-de-setmana-amb-novetats\\\/#primaryimage\"},\"thumbnailUrl\":\"https:\\\/\\\/canfali.com\\\/app\\\/uploads\\\/2026\\\/04\\\/8mercats.jpg\",\"articleSection\":[\"Turisme\"],\"inLanguage\":\"va-ES\",\"copyrightYear\":\"2026\",\"copyrightHolder\":{\"@id\":\"https:\\\/\\\/canfali.com\\\/#organization\"}},{\"@type\":\"WebPage\",\"@id\":\"https:\\\/\\\/canfali.com\\\/ca-es\\\/els-mercats-del-riurau-de-xabia-tornen-este-cap-de-setmana-amb-novetats\\\/\",\"url\":\"https:\\\/\\\/canfali.com\\\/ca-es\\\/els-mercats-del-riurau-de-xabia-tornen-este-cap-de-setmana-amb-novetats\\\/\",\"name\":\"Els Mercats del Riurau de X\u00e0bia tornen este cap de setmana amb novetats - Canfali\",\"isPartOf\":{\"@id\":\"https:\\\/\\\/canfali.com\\\/ca-es\\\/#website\"},\"primaryImageOfPage\":{\"@id\":\"https:\\\/\\\/canfali.com\\\/ca-es\\\/els-mercats-del-riurau-de-xabia-tornen-este-cap-de-setmana-amb-novetats\\\/#primaryimage\"},\"image\":{\"@id\":\"https:\\\/\\\/canfali.com\\\/ca-es\\\/els-mercats-del-riurau-de-xabia-tornen-este-cap-de-setmana-amb-novetats\\\/#primaryimage\"},\"thumbnailUrl\":\"https:\\\/\\\/canfali.com\\\/app\\\/uploads\\\/2026\\\/04\\\/8mercats.jpg\",\"datePublished\":\"2026-04-24T08:45:44+00:00\",\"dateModified\":\"2026-04-24T08:46:52+00:00\",\"description\":\"El Riurau d\u2019Arnauda tornar\u00e0 a convertir-se este cap de setmana en punt de trobada per a ve\u00efns i visitants\",\"breadcrumb\":{\"@id\":\"https:\\\/\\\/canfali.com\\\/ca-es\\\/els-mercats-del-riurau-de-xabia-tornen-este-cap-de-setmana-amb-novetats\\\/#breadcrumb\"},\"inLanguage\":\"va-ES\",\"potentialAction\":[{\"@type\":\"ReadAction\",\"target\":[\"https:\\\/\\\/canfali.com\\\/ca-es\\\/els-mercats-del-riurau-de-xabia-tornen-este-cap-de-setmana-amb-novetats\\\/\"]}]},{\"@type\":\"ImageObject\",\"inLanguage\":\"va-ES\",\"@id\":\"https:\\\/\\\/canfali.com\\\/ca-es\\\/els-mercats-del-riurau-de-xabia-tornen-este-cap-de-setmana-amb-novetats\\\/#primaryimage\",\"url\":\"https:\\\/\\\/canfali.com\\\/app\\\/uploads\\\/2026\\\/04\\\/8mercats.jpg\",\"contentUrl\":\"https:\\\/\\\/canfali.com\\\/app\\\/uploads\\\/2026\\\/04\\\/8mercats.jpg\",\"width\":1440,\"height\":1080},{\"@type\":\"BreadcrumbList\",\"@id\":\"https:\\\/\\\/canfali.com\\\/ca-es\\\/els-mercats-del-riurau-de-xabia-tornen-este-cap-de-setmana-amb-novetats\\\/#breadcrumb\",\"itemListElement\":[{\"@type\":\"ListItem\",\"position\":1,\"name\":\"Portada\",\"item\":\"https:\\\/\\\/canfali.com\\\/ca-es\\\/\"},{\"@type\":\"ListItem\",\"position\":2,\"name\":\"Els Mercats del Riurau de X\u00e0bia tornen este cap de setmana amb novetats\"}]},{\"@type\":\"WebSite\",\"@id\":\"https:\\\/\\\/canfali.com\\\/ca-es\\\/#website\",\"url\":\"https:\\\/\\\/canfali.com\\\/ca-es\\\/\",\"name\":\"Canfali\",\"description\":\"\",\"publisher\":{\"@id\":\"https:\\\/\\\/canfali.com\\\/ca-es\\\/#organization\"},\"potentialAction\":[{\"@type\":\"SearchAction\",\"target\":{\"@type\":\"EntryPoint\",\"urlTemplate\":\"https:\\\/\\\/canfali.com\\\/ca-es\\\/?s={search_term_string}\"},\"query-input\":{\"@type\":\"PropertyValueSpecification\",\"valueRequired\":true,\"valueName\":\"search_term_string\"}}],\"inLanguage\":\"va-ES\"},{\"@type\":\"Organization\",\"@id\":\"https:\\\/\\\/canfali.com\\\/ca-es\\\/#organization\",\"name\":\"Canfali\",\"url\":\"https:\\\/\\\/canfali.com\\\/ca-es\\\/\",\"logo\":{\"@type\":\"ImageObject\",\"inLanguage\":\"va-ES\",\"@id\":\"https:\\\/\\\/canfali.com\\\/ca-es\\\/#\\\/schema\\\/logo\\\/image\\\/\",\"url\":\"https:\\\/\\\/canfali.com\\\/app\\\/uploads\\\/2025\\\/12\\\/canfali_marina_alta_logo.png\",\"contentUrl\":\"https:\\\/\\\/canfali.com\\\/app\\\/uploads\\\/2025\\\/12\\\/canfali_marina_alta_logo.png\",\"width\":225,\"height\":225,\"caption\":\"Canfali\"},\"image\":{\"@id\":\"https:\\\/\\\/canfali.com\\\/ca-es\\\/#\\\/schema\\\/logo\\\/image\\\/\"},\"sameAs\":[\"https:\\\/\\\/es-es.facebook.com\\\/CANFALIMarinaAlta\",\"https:\\\/\\\/x.com\\\/canfalima\",\"https:\\\/\\\/www.instagram.com\\\/canfalimarinaalta\\\/\"]},{\"@type\":\"Person\",\"@id\":\"https:\\\/\\\/canfali.com\\\/ca-es\\\/#\\\/schema\\\/person\\\/f540a86fb33e10daaae53c59ceaa1194\",\"name\":\"Lluis\",\"image\":{\"@type\":\"ImageObject\",\"inLanguage\":\"va-ES\",\"@id\":\"https:\\\/\\\/secure.gravatar.com\\\/avatar\\\/a21ec8835290e4e02ed0886b8cb327d807d0eb6ec8ccf25d4c2a0a415f506c0d?s=96&d=mm&r=g\",\"url\":\"https:\\\/\\\/secure.gravatar.com\\\/avatar\\\/a21ec8835290e4e02ed0886b8cb327d807d0eb6ec8ccf25d4c2a0a415f506c0d?s=96&d=mm&r=g\",\"contentUrl\":\"https:\\\/\\\/secure.gravatar.com\\\/avatar\\\/a21ec8835290e4e02ed0886b8cb327d807d0eb6ec8ccf25d4c2a0a415f506c0d?s=96&d=mm&r=g\",\"caption\":\"Lluis\"},\"url\":\"https:\\\/\\\/canfali.com\\\/ca-es\\\/author\\\/lluis\\\/\"}]}<\/script>\n<!-- \/ Yoast SEO Premium plugin. -->","yoast_head_json":{"title":"Els Mercats del Riurau de X\u00e0bia tornen este cap de setmana amb novetats - Canfali","description":"El Riurau d\u2019Arnauda tornar\u00e0 a convertir-se este cap de setmana en punt de trobada per a ve\u00efns i visitants","robots":{"index":"index","follow":"follow","max-snippet":"max-snippet:-1","max-image-preview":"max-image-preview:large","max-video-preview":"max-video-preview:-1"},"canonical":"https:\/\/canfali.com\/ca-es\/els-mercats-del-riurau-de-xabia-tornen-este-cap-de-setmana-amb-novetats\/","og_locale":"en_US","og_type":"article","og_title":"Els Mercats del Riurau de X\u00e0bia tornen este cap de setmana amb novetats","og_description":"El Riurau d\u2019Arnauda tornar\u00e0 a convertir-se este cap de setmana en punt de trobada per a ve\u00efns i visitants","og_url":"https:\/\/canfali.com\/ca-es\/els-mercats-del-riurau-de-xabia-tornen-este-cap-de-setmana-amb-novetats\/","og_site_name":"Canfali","article_publisher":"https:\/\/es-es.facebook.com\/CANFALIMarinaAlta","article_published_time":"2026-04-24T08:45:44+00:00","article_modified_time":"2026-04-24T08:46:52+00:00","og_image":[{"width":1440,"height":1080,"url":"https:\/\/canfali.com\/app\/uploads\/2026\/04\/8mercats.jpg","type":"image\/jpeg"}],"author":"Lluis","twitter_card":"summary_large_image","twitter_creator":"@canfalima","twitter_site":"@canfalima","twitter_misc":{"Written by":"Lluis","Est. reading time":"1 minute"},"schema":{"@context":"https:\/\/schema.org","@graph":[{"@type":"NewsArticle","@id":"https:\/\/canfali.com\/ca-es\/els-mercats-del-riurau-de-xabia-tornen-este-cap-de-setmana-amb-novetats\/#article","isPartOf":{"@id":"https:\/\/canfali.com\/ca-es\/els-mercats-del-riurau-de-xabia-tornen-este-cap-de-setmana-amb-novetats\/"},"author":{"name":"Lluis","@id":"https:\/\/canfali.com\/ca-es\/#\/schema\/person\/f540a86fb33e10daaae53c59ceaa1194"},"headline":"Els Mercats del Riurau de X\u00e0bia tornen este cap de setmana amb novetats","datePublished":"2026-04-24T08:45:44+00:00","dateModified":"2026-04-24T08:46:52+00:00","mainEntityOfPage":{"@id":"https:\/\/canfali.com\/ca-es\/els-mercats-del-riurau-de-xabia-tornen-este-cap-de-setmana-amb-novetats\/"},"wordCount":264,"publisher":{"@id":"https:\/\/canfali.com\/ca-es\/#organization"},"image":{"@id":"https:\/\/canfali.com\/ca-es\/els-mercats-del-riurau-de-xabia-tornen-este-cap-de-setmana-amb-novetats\/#primaryimage"},"thumbnailUrl":"https:\/\/canfali.com\/app\/uploads\/2026\/04\/8mercats.jpg","articleSection":["Turisme"],"inLanguage":"va-ES","copyrightYear":"2026","copyrightHolder":{"@id":"https:\/\/canfali.com\/#organization"}},{"@type":"WebPage","@id":"https:\/\/canfali.com\/ca-es\/els-mercats-del-riurau-de-xabia-tornen-este-cap-de-setmana-amb-novetats\/","url":"https:\/\/canfali.com\/ca-es\/els-mercats-del-riurau-de-xabia-tornen-este-cap-de-setmana-amb-novetats\/","name":"Els Mercats del Riurau de X\u00e0bia tornen este cap de setmana amb novetats - Canfali","isPartOf":{"@id":"https:\/\/canfali.com\/ca-es\/#website"},"primaryImageOfPage":{"@id":"https:\/\/canfali.com\/ca-es\/els-mercats-del-riurau-de-xabia-tornen-este-cap-de-setmana-amb-novetats\/#primaryimage"},"image":{"@id":"https:\/\/canfali.com\/ca-es\/els-mercats-del-riurau-de-xabia-tornen-este-cap-de-setmana-amb-novetats\/#primaryimage"},"thumbnailUrl":"https:\/\/canfali.com\/app\/uploads\/2026\/04\/8mercats.jpg","datePublished":"2026-04-24T08:45:44+00:00","dateModified":"2026-04-24T08:46:52+00:00","description":"El Riurau d\u2019Arnauda tornar\u00e0 a convertir-se este cap de setmana en punt de trobada per a ve\u00efns i visitants","breadcrumb":{"@id":"https:\/\/canfali.com\/ca-es\/els-mercats-del-riurau-de-xabia-tornen-este-cap-de-setmana-amb-novetats\/#breadcrumb"},"inLanguage":"va-ES","potentialAction":[{"@type":"ReadAction","target":["https:\/\/canfali.com\/ca-es\/els-mercats-del-riurau-de-xabia-tornen-este-cap-de-setmana-amb-novetats\/"]}]},{"@type":"ImageObject","inLanguage":"va-ES","@id":"https:\/\/canfali.com\/ca-es\/els-mercats-del-riurau-de-xabia-tornen-este-cap-de-setmana-amb-novetats\/#primaryimage","url":"https:\/\/canfali.com\/app\/uploads\/2026\/04\/8mercats.jpg","contentUrl":"https:\/\/canfali.com\/app\/uploads\/2026\/04\/8mercats.jpg","width":1440,"height":1080},{"@type":"BreadcrumbList","@id":"https:\/\/canfali.com\/ca-es\/els-mercats-del-riurau-de-xabia-tornen-este-cap-de-setmana-amb-novetats\/#breadcrumb","itemListElement":[{"@type":"ListItem","position":1,"name":"Portada","item":"https:\/\/canfali.com\/ca-es\/"},{"@type":"ListItem","position":2,"name":"Els Mercats del Riurau de X\u00e0bia tornen este cap de setmana amb novetats"}]},{"@type":"WebSite","@id":"https:\/\/canfali.com\/ca-es\/#website","url":"https:\/\/canfali.com\/ca-es\/","name":"Canfali","description":"","publisher":{"@id":"https:\/\/canfali.com\/ca-es\/#organization"},"potentialAction":[{"@type":"SearchAction","target":{"@type":"EntryPoint","urlTemplate":"https:\/\/canfali.com\/ca-es\/?s={search_term_string}"},"query-input":{"@type":"PropertyValueSpecification","valueRequired":true,"valueName":"search_term_string"}}],"inLanguage":"va-ES"},{"@type":"Organization","@id":"https:\/\/canfali.com\/ca-es\/#organization","name":"Canfali","url":"https:\/\/canfali.com\/ca-es\/","logo":{"@type":"ImageObject","inLanguage":"va-ES","@id":"https:\/\/canfali.com\/ca-es\/#\/schema\/logo\/image\/","url":"https:\/\/canfali.com\/app\/uploads\/2025\/12\/canfali_marina_alta_logo.png","contentUrl":"https:\/\/canfali.com\/app\/uploads\/2025\/12\/canfali_marina_alta_logo.png","width":225,"height":225,"caption":"Canfali"},"image":{"@id":"https:\/\/canfali.com\/ca-es\/#\/schema\/logo\/image\/"},"sameAs":["https:\/\/es-es.facebook.com\/CANFALIMarinaAlta","https:\/\/x.com\/canfalima","https:\/\/www.instagram.com\/canfalimarinaalta\/"]},{"@type":"Person","@id":"https:\/\/canfali.com\/ca-es\/#\/schema\/person\/f540a86fb33e10daaae53c59ceaa1194","name":"Lluis","image":{"@type":"ImageObject","inLanguage":"va-ES","@id":"https:\/\/secure.gravatar.com\/avatar\/a21ec8835290e4e02ed0886b8cb327d807d0eb6ec8ccf25d4c2a0a415f506c0d?s=96&d=mm&r=g","url":"https:\/\/secure.gravatar.com\/avatar\/a21ec8835290e4e02ed0886b8cb327d807d0eb6ec8ccf25d4c2a0a415f506c0d?s=96&d=mm&r=g","contentUrl":"https:\/\/secure.gravatar.com\/avatar\/a21ec8835290e4e02ed0886b8cb327d807d0eb6ec8ccf25d4c2a0a415f506c0d?s=96&d=mm&r=g","caption":"Lluis"},"url":"https:\/\/canfali.com\/ca-es\/author\/lluis\/"}]}},"_links":{"self":[{"href":"https:\/\/canfali.com\/ca-es\/wp-json\/wp\/v2\/posts\/94881","targetHints":{"allow":["GET"]}}],"collection":[{"href":"https:\/\/canfali.com\/ca-es\/wp-json\/wp\/v2\/posts"}],"about":[{"href":"https:\/\/canfali.com\/ca-es\/wp-json\/wp\/v2\/types\/post"}],"author":[{"embeddable":true,"href":"https:\/\/canfali.com\/ca-es\/wp-json\/wp\/v2\/users\/8"}],"replies":[{"embeddable":true,"href":"https:\/\/canfali.com\/ca-es\/wp-json\/wp\/v2\/comments?post=94881"}],"version-history":[{"count":1,"href":"https:\/\/canfali.com\/ca-es\/wp-json\/wp\/v2\/posts\/94881\/revisions"}],"predecessor-version":[{"id":94882,"href":"https:\/\/canfali.com\/ca-es\/wp-json\/wp\/v2\/posts\/94881\/revisions\/94882"}],"wp:featuredmedia":[{"embeddable":true,"href":"https:\/\/canfali.com\/ca-es\/wp-json\/wp\/v2\/media\/94879"}],"wp:attachment":[{"href":"https:\/\/canfali.com\/ca-es\/wp-json\/wp\/v2\/media?parent=94881"}],"wp:term":[{"taxonomy":"category","embeddable":true,"href":"https:\/\/canfali.com\/ca-es\/wp-json\/wp\/v2\/categories?post=94881"},{"taxonomy":"post_tag","embeddable":true,"href":"https:\/\/canfali.com\/ca-es\/wp-json\/wp\/v2\/tags?post=94881"}],"curies":[{"name":"wp","href":"https:\/\/api.w.org\/{rel}","templated":true}]}}