{"id":94862,"date":"2026-04-24T10:09:28","date_gmt":"2026-04-24T08:09:28","guid":{"rendered":"https:\/\/canfali.com\/?p=94862"},"modified":"2026-04-24T10:09:31","modified_gmt":"2026-04-24T08:09:31","slug":"ondara-incorpora-el-retrat-de-lescriptor-jovi-lozano-seser-al-mural-literari-de-la-o-30","status":"publish","type":"post","link":"https:\/\/canfali.com\/ca-es\/ondara-incorpora-el-retrat-de-lescriptor-jovi-lozano-seser-al-mural-literari-de-la-o-30\/","title":{"rendered":"Ondara incorpora el retrat de l\u2019escriptor Jovi Lozano-Seser al mural literari de la O-30"},"content":{"rendered":"\n<p>L\u2019Ajuntament d\u2019Ondara ha culminat l\u2019ampliaci\u00f3 del mural literari de la zona de l\u2019O\u201130, amb la incorporaci\u00f3 d\u2019un espai dedicat a l\u2019escriptor i periodista local Jovi Lozano\u2011Seser, en el marc de les activitats del Mes del Llibre.<\/p>\n\n\n\n<p>La pintura, realitzada novament per Larouch Art de Carrer, s\u2019integra dins del projecte iniciat l\u2019any passat amb motiu del Dia del Llibre, amb l\u2019objectiu de convertir l\u2019espai p\u00fablic en un lloc de mem\u00f2ria cultural i educativa, per a posar en valor figures rellevants de la creaci\u00f3 liter\u00e0ria valenciana.<\/p>\n\n\n\n<figure class=\"wp-block-image size-large\"><img fetchpriority=\"high\" decoding=\"async\" width=\"771\" height=\"1024\" src=\"https:\/\/canfali.com\/app\/uploads\/2026\/04\/mural-lozano-dig2-1-771x1024.jpeg\" alt=\"\" class=\"wp-image-94867\" srcset=\"https:\/\/canfali.com\/app\/uploads\/2026\/04\/mural-lozano-dig2-1-771x1024.jpeg 771w, https:\/\/canfali.com\/app\/uploads\/2026\/04\/mural-lozano-dig2-1-226x300.jpeg 226w, https:\/\/canfali.com\/app\/uploads\/2026\/04\/mural-lozano-dig2-1-768x1021.jpeg 768w, https:\/\/canfali.com\/app\/uploads\/2026\/04\/mural-lozano-dig2-1-1156x1536.jpeg 1156w, https:\/\/canfali.com\/app\/uploads\/2026\/04\/mural-lozano-dig2-1-332x441.jpeg 332w, https:\/\/canfali.com\/app\/uploads\/2026\/04\/mural-lozano-dig2-1-664x882.jpeg 664w, https:\/\/canfali.com\/app\/uploads\/2026\/04\/mural-lozano-dig2-1-688x914.jpeg 688w, https:\/\/canfali.com\/app\/uploads\/2026\/04\/mural-lozano-dig2-1-1044x1387.jpeg 1044w, https:\/\/canfali.com\/app\/uploads\/2026\/04\/mural-lozano-dig2-1.jpeg 1204w\" sizes=\"(max-width: 771px) 100vw, 771px\" \/><\/figure>\n\n\n\n<p>\u201cAquest projecte refor\u00e7a el vincle entre cultura, espai p\u00fablic i educaci\u00f3, i ens ajuda a transmetre referents literaris a les noves generacions\u201d, ha manifestat la regidora de Cultura, Rosa Ana Mar\u00ed per a confirmar l\u2019aposta de l\u2019Ajuntament de cara a \u201crecon\u00e8ixer figures pr\u00f2ximes que formen part de la nostra identitat cultural\u201d. En eixe sentit, ha apuntat que el mural suposa un homenatge p\u00fablic a l\u2019aportaci\u00f3 liter\u00e0ria i period\u00edstica de Lozano-Seser, aix\u00ed com un reconeixement a la seua vinculaci\u00f3 amb el poble, a la vista de la seua consideraci\u00f3 com l\u2019autor ondarenc amb una traject\u00f2ria m\u00e9s premiada en llengua valenciana, amb una obra s\u00f2lida i reconeguda que ha contribu\u00eft de manera important a la difusi\u00f3 de la literatura en valenci\u00e0 i a la projecci\u00f3 del nom del municipi dins i fora del territori valenci\u00e0.<\/p>\n\n\n\n<p>L\u2019ampliaci\u00f3 del mural literari se suma aix\u00ed al conjunt d\u2019actes que estan omplint el mes d\u2019abril a Ondara, reafirmant el comprom\u00eds municipal amb la promoci\u00f3 de la lectura, la creaci\u00f3 art\u00edstica i la posada en valor del talent local.<\/p>\n","protected":false},"excerpt":{"rendered":"L\u2019Ajuntament d\u2019Ondara ha culminat l\u2019ampliaci\u00f3 del mural literari de la zona de l\u2019O\u201130, amb la incorporaci\u00f3 d\u2019un espai&hellip;","protected":false},"author":4,"featured_media":94865,"comment_status":"closed","ping_status":"open","sticky":false,"template":"","format":"standard","meta":{"csco_display_header_overlay":false,"csco_singular_sidebar":"","csco_page_header_type":"","csco_page_load_nextpost":"","csco_post_video_location":[],"csco_post_video_location_hash":"","csco_post_video_url":"","csco_post_video_bg_start_time":0,"csco_post_video_bg_end_time":0,"footnotes":""},"categories":[597],"tags":[7579,7578,661],"class_list":{"0":"post-94862","1":"post","2":"type-post","3":"status-publish","4":"format-standard","5":"has-post-thumbnail","7":"category-cultura-ca-es","8":"tag-lozano-seser","9":"tag-mural-literrari","10":"tag-ondara-2","11":"cs-entry","12":"cs-video-wrap"},"yoast_head":"<!-- This site is optimized with the Yoast SEO Premium plugin v26.6 (Yoast SEO v27.3) - https:\/\/yoast.com\/product\/yoast-seo-premium-wordpress\/ -->\n<title>Ondara incorpora el retrat de l\u2019escriptor Jovi Lozano-Seser al mural literari de la O-30 - Canfali<\/title>\n<meta name=\"robots\" content=\"index, follow, max-snippet:-1, max-image-preview:large, max-video-preview:-1\" \/>\n<link rel=\"canonical\" href=\"https:\/\/canfali.com\/ca-es\/ondara-incorpora-el-retrat-de-lescriptor-jovi-lozano-seser-al-mural-literari-de-la-o-30\/\" \/>\n<meta property=\"og:locale\" content=\"en_US\" \/>\n<meta property=\"og:type\" content=\"article\" \/>\n<meta property=\"og:title\" content=\"Ondara incorpora el retrat de l\u2019escriptor Jovi Lozano-Seser al mural literari de la O-30\" \/>\n<meta property=\"og:description\" content=\"L\u2019Ajuntament d\u2019Ondara ha culminat l\u2019ampliaci\u00f3 del mural literari de la zona de l\u2019O\u201130, amb la incorporaci\u00f3 d\u2019un espai&hellip;\" \/>\n<meta property=\"og:url\" content=\"https:\/\/canfali.com\/ca-es\/ondara-incorpora-el-retrat-de-lescriptor-jovi-lozano-seser-al-mural-literari-de-la-o-30\/\" \/>\n<meta property=\"og:site_name\" content=\"Canfali\" \/>\n<meta property=\"article:publisher\" content=\"https:\/\/es-es.facebook.com\/CANFALIMarinaAlta\" \/>\n<meta property=\"article:published_time\" content=\"2026-04-24T08:09:28+00:00\" \/>\n<meta property=\"article:modified_time\" content=\"2026-04-24T08:09:31+00:00\" \/>\n<meta property=\"og:image\" content=\"https:\/\/canfali.com\/app\/uploads\/2026\/04\/murallozano-digibo.jpeg\" \/>\n\t<meta property=\"og:image:width\" content=\"2048\" \/>\n\t<meta property=\"og:image:height\" content=\"1536\" \/>\n\t<meta property=\"og:image:type\" content=\"image\/jpeg\" \/>\n<meta name=\"author\" content=\"JJ Mas\" \/>\n<meta name=\"twitter:card\" content=\"summary_large_image\" \/>\n<meta name=\"twitter:creator\" content=\"@canfalima\" \/>\n<meta name=\"twitter:site\" content=\"@canfalima\" \/>\n<meta name=\"twitter:label1\" content=\"Written by\" \/>\n\t<meta name=\"twitter:data1\" content=\"JJ Mas\" \/>\n\t<meta name=\"twitter:label2\" content=\"Est. reading time\" \/>\n\t<meta name=\"twitter:data2\" content=\"2 minutes\" \/>\n<script type=\"application\/ld+json\" class=\"yoast-schema-graph\">{\"@context\":\"https:\\\/\\\/schema.org\",\"@graph\":[{\"@type\":\"NewsArticle\",\"@id\":\"https:\\\/\\\/canfali.com\\\/ca-es\\\/ondara-incorpora-el-retrat-de-lescriptor-jovi-lozano-seser-al-mural-literari-de-la-o-30\\\/#article\",\"isPartOf\":{\"@id\":\"https:\\\/\\\/canfali.com\\\/ca-es\\\/ondara-incorpora-el-retrat-de-lescriptor-jovi-lozano-seser-al-mural-literari-de-la-o-30\\\/\"},\"author\":{\"name\":\"JJ Mas\",\"@id\":\"https:\\\/\\\/canfali.com\\\/ca-es\\\/#\\\/schema\\\/person\\\/d834d2d4df17cac754d3c314d4c404ef\"},\"headline\":\"Ondara incorpora el retrat de l\u2019escriptor Jovi Lozano-Seser al mural literari de la O-30\",\"datePublished\":\"2026-04-24T08:09:28+00:00\",\"dateModified\":\"2026-04-24T08:09:31+00:00\",\"mainEntityOfPage\":{\"@id\":\"https:\\\/\\\/canfali.com\\\/ca-es\\\/ondara-incorpora-el-retrat-de-lescriptor-jovi-lozano-seser-al-mural-literari-de-la-o-30\\\/\"},\"wordCount\":305,\"publisher\":{\"@id\":\"https:\\\/\\\/canfali.com\\\/ca-es\\\/#organization\"},\"image\":{\"@id\":\"https:\\\/\\\/canfali.com\\\/ca-es\\\/ondara-incorpora-el-retrat-de-lescriptor-jovi-lozano-seser-al-mural-literari-de-la-o-30\\\/#primaryimage\"},\"thumbnailUrl\":\"https:\\\/\\\/canfali.com\\\/app\\\/uploads\\\/2026\\\/04\\\/murallozano-digibo.jpeg\",\"keywords\":[\"Lozano-Seser\",\"mural literrari\",\"Ondara\"],\"articleSection\":[\"Cultura\"],\"inLanguage\":\"va-ES\",\"copyrightYear\":\"2026\",\"copyrightHolder\":{\"@id\":\"https:\\\/\\\/canfali.com\\\/#organization\"}},{\"@type\":\"WebPage\",\"@id\":\"https:\\\/\\\/canfali.com\\\/ca-es\\\/ondara-incorpora-el-retrat-de-lescriptor-jovi-lozano-seser-al-mural-literari-de-la-o-30\\\/\",\"url\":\"https:\\\/\\\/canfali.com\\\/ca-es\\\/ondara-incorpora-el-retrat-de-lescriptor-jovi-lozano-seser-al-mural-literari-de-la-o-30\\\/\",\"name\":\"Ondara incorpora el retrat de l\u2019escriptor Jovi Lozano-Seser al mural literari de la O-30 - Canfali\",\"isPartOf\":{\"@id\":\"https:\\\/\\\/canfali.com\\\/ca-es\\\/#website\"},\"primaryImageOfPage\":{\"@id\":\"https:\\\/\\\/canfali.com\\\/ca-es\\\/ondara-incorpora-el-retrat-de-lescriptor-jovi-lozano-seser-al-mural-literari-de-la-o-30\\\/#primaryimage\"},\"image\":{\"@id\":\"https:\\\/\\\/canfali.com\\\/ca-es\\\/ondara-incorpora-el-retrat-de-lescriptor-jovi-lozano-seser-al-mural-literari-de-la-o-30\\\/#primaryimage\"},\"thumbnailUrl\":\"https:\\\/\\\/canfali.com\\\/app\\\/uploads\\\/2026\\\/04\\\/murallozano-digibo.jpeg\",\"datePublished\":\"2026-04-24T08:09:28+00:00\",\"dateModified\":\"2026-04-24T08:09:31+00:00\",\"breadcrumb\":{\"@id\":\"https:\\\/\\\/canfali.com\\\/ca-es\\\/ondara-incorpora-el-retrat-de-lescriptor-jovi-lozano-seser-al-mural-literari-de-la-o-30\\\/#breadcrumb\"},\"inLanguage\":\"va-ES\",\"potentialAction\":[{\"@type\":\"ReadAction\",\"target\":[\"https:\\\/\\\/canfali.com\\\/ca-es\\\/ondara-incorpora-el-retrat-de-lescriptor-jovi-lozano-seser-al-mural-literari-de-la-o-30\\\/\"]}]},{\"@type\":\"ImageObject\",\"inLanguage\":\"va-ES\",\"@id\":\"https:\\\/\\\/canfali.com\\\/ca-es\\\/ondara-incorpora-el-retrat-de-lescriptor-jovi-lozano-seser-al-mural-literari-de-la-o-30\\\/#primaryimage\",\"url\":\"https:\\\/\\\/canfali.com\\\/app\\\/uploads\\\/2026\\\/04\\\/murallozano-digibo.jpeg\",\"contentUrl\":\"https:\\\/\\\/canfali.com\\\/app\\\/uploads\\\/2026\\\/04\\\/murallozano-digibo.jpeg\",\"width\":2048,\"height\":1536},{\"@type\":\"BreadcrumbList\",\"@id\":\"https:\\\/\\\/canfali.com\\\/ca-es\\\/ondara-incorpora-el-retrat-de-lescriptor-jovi-lozano-seser-al-mural-literari-de-la-o-30\\\/#breadcrumb\",\"itemListElement\":[{\"@type\":\"ListItem\",\"position\":1,\"name\":\"Portada\",\"item\":\"https:\\\/\\\/canfali.com\\\/ca-es\\\/\"},{\"@type\":\"ListItem\",\"position\":2,\"name\":\"Ondara incorpora el retrat de l\u2019escriptor Jovi Lozano-Seser al mural literari de la O-30\"}]},{\"@type\":\"WebSite\",\"@id\":\"https:\\\/\\\/canfali.com\\\/ca-es\\\/#website\",\"url\":\"https:\\\/\\\/canfali.com\\\/ca-es\\\/\",\"name\":\"Canfali\",\"description\":\"\",\"publisher\":{\"@id\":\"https:\\\/\\\/canfali.com\\\/ca-es\\\/#organization\"},\"potentialAction\":[{\"@type\":\"SearchAction\",\"target\":{\"@type\":\"EntryPoint\",\"urlTemplate\":\"https:\\\/\\\/canfali.com\\\/ca-es\\\/?s={search_term_string}\"},\"query-input\":{\"@type\":\"PropertyValueSpecification\",\"valueRequired\":true,\"valueName\":\"search_term_string\"}}],\"inLanguage\":\"va-ES\"},{\"@type\":\"Organization\",\"@id\":\"https:\\\/\\\/canfali.com\\\/ca-es\\\/#organization\",\"name\":\"Canfali\",\"url\":\"https:\\\/\\\/canfali.com\\\/ca-es\\\/\",\"logo\":{\"@type\":\"ImageObject\",\"inLanguage\":\"va-ES\",\"@id\":\"https:\\\/\\\/canfali.com\\\/ca-es\\\/#\\\/schema\\\/logo\\\/image\\\/\",\"url\":\"https:\\\/\\\/canfali.com\\\/app\\\/uploads\\\/2025\\\/12\\\/canfali_marina_alta_logo.png\",\"contentUrl\":\"https:\\\/\\\/canfali.com\\\/app\\\/uploads\\\/2025\\\/12\\\/canfali_marina_alta_logo.png\",\"width\":225,\"height\":225,\"caption\":\"Canfali\"},\"image\":{\"@id\":\"https:\\\/\\\/canfali.com\\\/ca-es\\\/#\\\/schema\\\/logo\\\/image\\\/\"},\"sameAs\":[\"https:\\\/\\\/es-es.facebook.com\\\/CANFALIMarinaAlta\",\"https:\\\/\\\/x.com\\\/canfalima\",\"https:\\\/\\\/www.instagram.com\\\/canfalimarinaalta\\\/\"]},{\"@type\":\"Person\",\"@id\":\"https:\\\/\\\/canfali.com\\\/ca-es\\\/#\\\/schema\\\/person\\\/d834d2d4df17cac754d3c314d4c404ef\",\"name\":\"JJ Mas\",\"image\":{\"@type\":\"ImageObject\",\"inLanguage\":\"va-ES\",\"@id\":\"https:\\\/\\\/secure.gravatar.com\\\/avatar\\\/65a5191f5438bf88c2394f6d1a625a6ff903c8785268e603c623a83bc15ba1ee?s=96&d=mm&r=g\",\"url\":\"https:\\\/\\\/secure.gravatar.com\\\/avatar\\\/65a5191f5438bf88c2394f6d1a625a6ff903c8785268e603c623a83bc15ba1ee?s=96&d=mm&r=g\",\"contentUrl\":\"https:\\\/\\\/secure.gravatar.com\\\/avatar\\\/65a5191f5438bf88c2394f6d1a625a6ff903c8785268e603c623a83bc15ba1ee?s=96&d=mm&r=g\",\"caption\":\"JJ Mas\"},\"url\":\"https:\\\/\\\/canfali.com\\\/ca-es\\\/author\\\/jj\\\/\"}]}<\/script>\n<!-- \/ Yoast SEO Premium plugin. -->","yoast_head_json":{"title":"Ondara incorpora el retrat de l\u2019escriptor Jovi Lozano-Seser al mural literari de la O-30 - Canfali","robots":{"index":"index","follow":"follow","max-snippet":"max-snippet:-1","max-image-preview":"max-image-preview:large","max-video-preview":"max-video-preview:-1"},"canonical":"https:\/\/canfali.com\/ca-es\/ondara-incorpora-el-retrat-de-lescriptor-jovi-lozano-seser-al-mural-literari-de-la-o-30\/","og_locale":"en_US","og_type":"article","og_title":"Ondara incorpora el retrat de l\u2019escriptor Jovi Lozano-Seser al mural literari de la O-30","og_description":"L\u2019Ajuntament d\u2019Ondara ha culminat l\u2019ampliaci\u00f3 del mural literari de la zona de l\u2019O\u201130, amb la incorporaci\u00f3 d\u2019un espai&hellip;","og_url":"https:\/\/canfali.com\/ca-es\/ondara-incorpora-el-retrat-de-lescriptor-jovi-lozano-seser-al-mural-literari-de-la-o-30\/","og_site_name":"Canfali","article_publisher":"https:\/\/es-es.facebook.com\/CANFALIMarinaAlta","article_published_time":"2026-04-24T08:09:28+00:00","article_modified_time":"2026-04-24T08:09:31+00:00","og_image":[{"width":2048,"height":1536,"url":"https:\/\/canfali.com\/app\/uploads\/2026\/04\/murallozano-digibo.jpeg","type":"image\/jpeg"}],"author":"JJ Mas","twitter_card":"summary_large_image","twitter_creator":"@canfalima","twitter_site":"@canfalima","twitter_misc":{"Written by":"JJ Mas","Est. reading time":"2 minutes"},"schema":{"@context":"https:\/\/schema.org","@graph":[{"@type":"NewsArticle","@id":"https:\/\/canfali.com\/ca-es\/ondara-incorpora-el-retrat-de-lescriptor-jovi-lozano-seser-al-mural-literari-de-la-o-30\/#article","isPartOf":{"@id":"https:\/\/canfali.com\/ca-es\/ondara-incorpora-el-retrat-de-lescriptor-jovi-lozano-seser-al-mural-literari-de-la-o-30\/"},"author":{"name":"JJ Mas","@id":"https:\/\/canfali.com\/ca-es\/#\/schema\/person\/d834d2d4df17cac754d3c314d4c404ef"},"headline":"Ondara incorpora el retrat de l\u2019escriptor Jovi Lozano-Seser al mural literari de la O-30","datePublished":"2026-04-24T08:09:28+00:00","dateModified":"2026-04-24T08:09:31+00:00","mainEntityOfPage":{"@id":"https:\/\/canfali.com\/ca-es\/ondara-incorpora-el-retrat-de-lescriptor-jovi-lozano-seser-al-mural-literari-de-la-o-30\/"},"wordCount":305,"publisher":{"@id":"https:\/\/canfali.com\/ca-es\/#organization"},"image":{"@id":"https:\/\/canfali.com\/ca-es\/ondara-incorpora-el-retrat-de-lescriptor-jovi-lozano-seser-al-mural-literari-de-la-o-30\/#primaryimage"},"thumbnailUrl":"https:\/\/canfali.com\/app\/uploads\/2026\/04\/murallozano-digibo.jpeg","keywords":["Lozano-Seser","mural literrari","Ondara"],"articleSection":["Cultura"],"inLanguage":"va-ES","copyrightYear":"2026","copyrightHolder":{"@id":"https:\/\/canfali.com\/#organization"}},{"@type":"WebPage","@id":"https:\/\/canfali.com\/ca-es\/ondara-incorpora-el-retrat-de-lescriptor-jovi-lozano-seser-al-mural-literari-de-la-o-30\/","url":"https:\/\/canfali.com\/ca-es\/ondara-incorpora-el-retrat-de-lescriptor-jovi-lozano-seser-al-mural-literari-de-la-o-30\/","name":"Ondara incorpora el retrat de l\u2019escriptor Jovi Lozano-Seser al mural literari de la O-30 - Canfali","isPartOf":{"@id":"https:\/\/canfali.com\/ca-es\/#website"},"primaryImageOfPage":{"@id":"https:\/\/canfali.com\/ca-es\/ondara-incorpora-el-retrat-de-lescriptor-jovi-lozano-seser-al-mural-literari-de-la-o-30\/#primaryimage"},"image":{"@id":"https:\/\/canfali.com\/ca-es\/ondara-incorpora-el-retrat-de-lescriptor-jovi-lozano-seser-al-mural-literari-de-la-o-30\/#primaryimage"},"thumbnailUrl":"https:\/\/canfali.com\/app\/uploads\/2026\/04\/murallozano-digibo.jpeg","datePublished":"2026-04-24T08:09:28+00:00","dateModified":"2026-04-24T08:09:31+00:00","breadcrumb":{"@id":"https:\/\/canfali.com\/ca-es\/ondara-incorpora-el-retrat-de-lescriptor-jovi-lozano-seser-al-mural-literari-de-la-o-30\/#breadcrumb"},"inLanguage":"va-ES","potentialAction":[{"@type":"ReadAction","target":["https:\/\/canfali.com\/ca-es\/ondara-incorpora-el-retrat-de-lescriptor-jovi-lozano-seser-al-mural-literari-de-la-o-30\/"]}]},{"@type":"ImageObject","inLanguage":"va-ES","@id":"https:\/\/canfali.com\/ca-es\/ondara-incorpora-el-retrat-de-lescriptor-jovi-lozano-seser-al-mural-literari-de-la-o-30\/#primaryimage","url":"https:\/\/canfali.com\/app\/uploads\/2026\/04\/murallozano-digibo.jpeg","contentUrl":"https:\/\/canfali.com\/app\/uploads\/2026\/04\/murallozano-digibo.jpeg","width":2048,"height":1536},{"@type":"BreadcrumbList","@id":"https:\/\/canfali.com\/ca-es\/ondara-incorpora-el-retrat-de-lescriptor-jovi-lozano-seser-al-mural-literari-de-la-o-30\/#breadcrumb","itemListElement":[{"@type":"ListItem","position":1,"name":"Portada","item":"https:\/\/canfali.com\/ca-es\/"},{"@type":"ListItem","position":2,"name":"Ondara incorpora el retrat de l\u2019escriptor Jovi Lozano-Seser al mural literari de la O-30"}]},{"@type":"WebSite","@id":"https:\/\/canfali.com\/ca-es\/#website","url":"https:\/\/canfali.com\/ca-es\/","name":"Canfali","description":"","publisher":{"@id":"https:\/\/canfali.com\/ca-es\/#organization"},"potentialAction":[{"@type":"SearchAction","target":{"@type":"EntryPoint","urlTemplate":"https:\/\/canfali.com\/ca-es\/?s={search_term_string}"},"query-input":{"@type":"PropertyValueSpecification","valueRequired":true,"valueName":"search_term_string"}}],"inLanguage":"va-ES"},{"@type":"Organization","@id":"https:\/\/canfali.com\/ca-es\/#organization","name":"Canfali","url":"https:\/\/canfali.com\/ca-es\/","logo":{"@type":"ImageObject","inLanguage":"va-ES","@id":"https:\/\/canfali.com\/ca-es\/#\/schema\/logo\/image\/","url":"https:\/\/canfali.com\/app\/uploads\/2025\/12\/canfali_marina_alta_logo.png","contentUrl":"https:\/\/canfali.com\/app\/uploads\/2025\/12\/canfali_marina_alta_logo.png","width":225,"height":225,"caption":"Canfali"},"image":{"@id":"https:\/\/canfali.com\/ca-es\/#\/schema\/logo\/image\/"},"sameAs":["https:\/\/es-es.facebook.com\/CANFALIMarinaAlta","https:\/\/x.com\/canfalima","https:\/\/www.instagram.com\/canfalimarinaalta\/"]},{"@type":"Person","@id":"https:\/\/canfali.com\/ca-es\/#\/schema\/person\/d834d2d4df17cac754d3c314d4c404ef","name":"JJ Mas","image":{"@type":"ImageObject","inLanguage":"va-ES","@id":"https:\/\/secure.gravatar.com\/avatar\/65a5191f5438bf88c2394f6d1a625a6ff903c8785268e603c623a83bc15ba1ee?s=96&d=mm&r=g","url":"https:\/\/secure.gravatar.com\/avatar\/65a5191f5438bf88c2394f6d1a625a6ff903c8785268e603c623a83bc15ba1ee?s=96&d=mm&r=g","contentUrl":"https:\/\/secure.gravatar.com\/avatar\/65a5191f5438bf88c2394f6d1a625a6ff903c8785268e603c623a83bc15ba1ee?s=96&d=mm&r=g","caption":"JJ Mas"},"url":"https:\/\/canfali.com\/ca-es\/author\/jj\/"}]}},"_links":{"self":[{"href":"https:\/\/canfali.com\/ca-es\/wp-json\/wp\/v2\/posts\/94862","targetHints":{"allow":["GET"]}}],"collection":[{"href":"https:\/\/canfali.com\/ca-es\/wp-json\/wp\/v2\/posts"}],"about":[{"href":"https:\/\/canfali.com\/ca-es\/wp-json\/wp\/v2\/types\/post"}],"author":[{"embeddable":true,"href":"https:\/\/canfali.com\/ca-es\/wp-json\/wp\/v2\/users\/4"}],"replies":[{"embeddable":true,"href":"https:\/\/canfali.com\/ca-es\/wp-json\/wp\/v2\/comments?post=94862"}],"version-history":[{"count":1,"href":"https:\/\/canfali.com\/ca-es\/wp-json\/wp\/v2\/posts\/94862\/revisions"}],"predecessor-version":[{"id":94869,"href":"https:\/\/canfali.com\/ca-es\/wp-json\/wp\/v2\/posts\/94862\/revisions\/94869"}],"wp:featuredmedia":[{"embeddable":true,"href":"https:\/\/canfali.com\/ca-es\/wp-json\/wp\/v2\/media\/94865"}],"wp:attachment":[{"href":"https:\/\/canfali.com\/ca-es\/wp-json\/wp\/v2\/media?parent=94862"}],"wp:term":[{"taxonomy":"category","embeddable":true,"href":"https:\/\/canfali.com\/ca-es\/wp-json\/wp\/v2\/categories?post=94862"},{"taxonomy":"post_tag","embeddable":true,"href":"https:\/\/canfali.com\/ca-es\/wp-json\/wp\/v2\/tags?post=94862"}],"curies":[{"name":"wp","href":"https:\/\/api.w.org\/{rel}","templated":true}]}}