{"id":94818,"date":"2026-04-23T17:15:34","date_gmt":"2026-04-23T15:15:34","guid":{"rendered":"https:\/\/canfali.com\/benidorm-guarda-tres-minuts-de-silenci-per-la-mort-de-dos-operaris-en-accident-laboral\/"},"modified":"2026-04-23T17:18:13","modified_gmt":"2026-04-23T15:18:13","slug":"benidorm-guarda-tres-minuts-de-silenci-per-la-mort-de-dos-operaris-en-accident-laboral","status":"publish","type":"post","link":"https:\/\/canfali.com\/ca-es\/benidorm-guarda-tres-minuts-de-silenci-per-la-mort-de-dos-operaris-en-accident-laboral\/","title":{"rendered":"Benidorm guarda tres minuts de silenci per la mort de dos operaris en accident laboral"},"content":{"rendered":"\n<p>L\u2019Ajuntament de Benidorm ha guardat este dijous tres minuts de silenci en senyal de dol per la mort de dos operaris en un accident laboral ocorregut el dia anterior. La concentraci\u00f3 silenciosa, celebrada a les 12 hores a la pla\u00e7a de SS MM Reis d\u2019Espanya, ha estat encap\u00e7alada per l\u2019alcalde, Toni P\u00e9rez, junt amb membres de la corporaci\u00f3 municipal i nombrosos ciutadans.&#13;\n<\/p>\n\n<figure class=\"wp-block-image size-large\"><img fetchpriority=\"high\" decoding=\"async\" width=\"1024\" height=\"768\" src=\"https:\/\/canfali.com\/app\/uploads\/2026\/04\/BEN-8sucesos2-1024x768.jpg\" alt=\"\" class=\"wp-image-94811\" srcset=\"https:\/\/canfali.com\/app\/uploads\/2026\/04\/BEN-8sucesos2-1024x768.jpg 1024w, https:\/\/canfali.com\/app\/uploads\/2026\/04\/BEN-8sucesos2-300x225.jpg 300w, https:\/\/canfali.com\/app\/uploads\/2026\/04\/BEN-8sucesos2-768x576.jpg 768w, https:\/\/canfali.com\/app\/uploads\/2026\/04\/BEN-8sucesos2-1536x1152.jpg 1536w, https:\/\/canfali.com\/app\/uploads\/2026\/04\/BEN-8sucesos2-2048x1536.jpg 2048w, https:\/\/canfali.com\/app\/uploads\/2026\/04\/BEN-8sucesos2-332x249.jpg 332w, https:\/\/canfali.com\/app\/uploads\/2026\/04\/BEN-8sucesos2-664x498.jpg 664w, https:\/\/canfali.com\/app\/uploads\/2026\/04\/BEN-8sucesos2-688x516.jpg 688w, https:\/\/canfali.com\/app\/uploads\/2026\/04\/BEN-8sucesos2-1044x783.jpg 1044w, https:\/\/canfali.com\/app\/uploads\/2026\/04\/BEN-8sucesos2-1400x1050.jpg 1400w, https:\/\/canfali.com\/app\/uploads\/2026\/04\/BEN-8sucesos2-1920x1440.jpg 1920w, https:\/\/canfali.com\/app\/uploads\/2026\/04\/BEN-8sucesos2-scaled.jpg 2560w\" sizes=\"(max-width: 1024px) 100vw, 1024px\" \/><\/figure>\n\n<p>El consistori va decretar ahir un dia de dol oficial despr\u00e9s de con\u00e9ixer-se el tr\u00e0gic succ\u00e9s i va convocar este acte en mem\u00f2ria de les v\u00edctimes, al qual s\u2019han sumat ve\u00efns i representants p\u00fablics en un gest de respecte i solidaritat.&#13;\n<\/p>\n\n<p>L\u2019accident va tindre lloc al voltant de les 10:30 hores al n\u00famero 2 del carrer Eivissa, quan es va produir l\u2019esfondrament d\u2019una bastida en l\u2019obra en qu\u00e8 treballaven els dos operaris morts. Segons les primeres dades, l\u2019estructura va caure aproximadament des de la meitat d\u2019un edifici de 18 plantes, provocant una situaci\u00f3 de gran complexitat.&#13;\n<\/p>\n\n<figure class=\"wp-block-image size-large\"><img decoding=\"async\" width=\"1024\" height=\"768\" src=\"https:\/\/canfali.com\/app\/uploads\/2026\/04\/BEN-8sucesos7-1024x768.jpg\" alt=\"\" class=\"wp-image-94813\" srcset=\"https:\/\/canfali.com\/app\/uploads\/2026\/04\/BEN-8sucesos7-1024x768.jpg 1024w, https:\/\/canfali.com\/app\/uploads\/2026\/04\/BEN-8sucesos7-300x225.jpg 300w, https:\/\/canfali.com\/app\/uploads\/2026\/04\/BEN-8sucesos7-768x576.jpg 768w, https:\/\/canfali.com\/app\/uploads\/2026\/04\/BEN-8sucesos7-1536x1152.jpg 1536w, https:\/\/canfali.com\/app\/uploads\/2026\/04\/BEN-8sucesos7-2048x1536.jpg 2048w, https:\/\/canfali.com\/app\/uploads\/2026\/04\/BEN-8sucesos7-332x249.jpg 332w, https:\/\/canfali.com\/app\/uploads\/2026\/04\/BEN-8sucesos7-664x498.jpg 664w, https:\/\/canfali.com\/app\/uploads\/2026\/04\/BEN-8sucesos7-688x516.jpg 688w, https:\/\/canfali.com\/app\/uploads\/2026\/04\/BEN-8sucesos7-1044x783.jpg 1044w, https:\/\/canfali.com\/app\/uploads\/2026\/04\/BEN-8sucesos7-1400x1050.jpg 1400w, https:\/\/canfali.com\/app\/uploads\/2026\/04\/BEN-8sucesos7-1920x1440.jpg 1920w, https:\/\/canfali.com\/app\/uploads\/2026\/04\/BEN-8sucesos7-scaled.jpg 2560w\" sizes=\"(max-width: 1024px) 100vw, 1024px\" \/><\/figure>\n\n<p>L\u2019ensorrament va generar abundants enderrocs a la via p\u00fablica i va obligar a una intervenci\u00f3 d\u2019emerg\u00e8ncia per a assegurar la zona, atendre les v\u00edctimes i descartar nous riscos derivats del sinistre.&#13;\n<\/p>\n\n<p>Despr\u00e9s de la concentraci\u00f3, el regidor de Seguretat Ciutadana, Jes\u00fas Carrobles, ha expressat \u201cel profund dolor i la consternaci\u00f3 de tota la ciutat i de la corporaci\u00f3\u201d, traslladant a m\u00e9s \u201ctot el nostre suport a les fam\u00edlies\u201d dels morts.&#13;\n<\/p>\n\n<p>Aix\u00ed mateix, ha assenyalat que la investigaci\u00f3 del que ha ocorregut es troba en mans de la policia judicial, destacant que des de l\u2019Ajuntament \u201cestem per a donar suport i col\u00b7laborar en tot all\u00f2 que ens sol\u00b7liciten\u201d.&#13;\n<\/p>\n\n<figure class=\"wp-block-image size-large\"><img decoding=\"async\" width=\"1024\" height=\"768\" src=\"https:\/\/canfali.com\/app\/uploads\/2026\/04\/BEN-8sucesos6-1024x768.jpg\" alt=\"\" class=\"wp-image-94815\" srcset=\"https:\/\/canfali.com\/app\/uploads\/2026\/04\/BEN-8sucesos6-1024x768.jpg 1024w, https:\/\/canfali.com\/app\/uploads\/2026\/04\/BEN-8sucesos6-300x225.jpg 300w, https:\/\/canfali.com\/app\/uploads\/2026\/04\/BEN-8sucesos6-768x576.jpg 768w, https:\/\/canfali.com\/app\/uploads\/2026\/04\/BEN-8sucesos6-1536x1152.jpg 1536w, https:\/\/canfali.com\/app\/uploads\/2026\/04\/BEN-8sucesos6-2048x1536.jpg 2048w, https:\/\/canfali.com\/app\/uploads\/2026\/04\/BEN-8sucesos6-332x249.jpg 332w, https:\/\/canfali.com\/app\/uploads\/2026\/04\/BEN-8sucesos6-664x498.jpg 664w, https:\/\/canfali.com\/app\/uploads\/2026\/04\/BEN-8sucesos6-688x516.jpg 688w, https:\/\/canfali.com\/app\/uploads\/2026\/04\/BEN-8sucesos6-1044x783.jpg 1044w, https:\/\/canfali.com\/app\/uploads\/2026\/04\/BEN-8sucesos6-1400x1050.jpg 1400w, https:\/\/canfali.com\/app\/uploads\/2026\/04\/BEN-8sucesos6-1920x1440.jpg 1920w, https:\/\/canfali.com\/app\/uploads\/2026\/04\/BEN-8sucesos6-scaled.jpg 2560w\" sizes=\"(max-width: 1024px) 100vw, 1024px\" \/><\/figure>\n","protected":false},"excerpt":{"rendered":"L\u2019Ajuntament de Benidorm ha guardat este dijous tres minuts de silenci en senyal de dol per la mort&hellip;","protected":false},"author":8,"featured_media":94807,"comment_status":"closed","ping_status":"open","sticky":false,"template":"","format":"standard","meta":{"csco_display_header_overlay":false,"csco_singular_sidebar":"","csco_page_header_type":"","csco_page_load_nextpost":"","csco_post_video_location":[],"csco_post_video_location_hash":"","csco_post_video_url":"","csco_post_video_bg_start_time":0,"csco_post_video_bg_end_time":0,"footnotes":""},"categories":[7155],"tags":[],"class_list":{"0":"post-94818","1":"post","2":"type-post","3":"status-publish","4":"format-standard","5":"has-post-thumbnail","7":"category-marina-baixa","8":"cs-entry","9":"cs-video-wrap"},"yoast_head":"<!-- This site is optimized with the Yoast SEO Premium plugin v26.6 (Yoast SEO v27.3) - https:\/\/yoast.com\/product\/yoast-seo-premium-wordpress\/ -->\n<title>Benidorm guarda tres minuts de silenci per la mort de dos operaris en accident laboral - Canfali<\/title>\n<meta name=\"description\" content=\"L\u2019accident va tindre lloc al voltant de les 10:30 hores al n\u00famero 2 del carrer Eivissa, quan es va produir l\u2019esfondrament d\u2019una bastida\" \/>\n<meta name=\"robots\" content=\"index, follow, max-snippet:-1, max-image-preview:large, max-video-preview:-1\" \/>\n<link rel=\"canonical\" href=\"https:\/\/canfali.com\/ca-es\/benidorm-guarda-tres-minuts-de-silenci-per-la-mort-de-dos-operaris-en-accident-laboral\/\" \/>\n<meta property=\"og:locale\" content=\"en_US\" \/>\n<meta property=\"og:type\" content=\"article\" \/>\n<meta property=\"og:title\" content=\"Benidorm guarda tres minuts de silenci per la mort de dos operaris en accident laboral\" \/>\n<meta property=\"og:description\" content=\"L\u2019accident va tindre lloc al voltant de les 10:30 hores al n\u00famero 2 del carrer Eivissa, quan es va produir l\u2019esfondrament d\u2019una bastida\" \/>\n<meta property=\"og:url\" content=\"https:\/\/canfali.com\/ca-es\/benidorm-guarda-tres-minuts-de-silenci-per-la-mort-de-dos-operaris-en-accident-laboral\/\" \/>\n<meta property=\"og:site_name\" content=\"Canfali\" \/>\n<meta property=\"article:publisher\" content=\"https:\/\/es-es.facebook.com\/CANFALIMarinaAlta\" \/>\n<meta property=\"article:published_time\" content=\"2026-04-23T15:15:34+00:00\" \/>\n<meta property=\"article:modified_time\" content=\"2026-04-23T15:18:13+00:00\" \/>\n<meta property=\"og:image\" content=\"https:\/\/canfali.com\/app\/uploads\/2026\/04\/BEN-8sucesos5-scaled.jpg\" \/>\n\t<meta property=\"og:image:width\" content=\"2560\" \/>\n\t<meta property=\"og:image:height\" content=\"1920\" \/>\n\t<meta property=\"og:image:type\" content=\"image\/jpeg\" \/>\n<meta name=\"author\" content=\"Lluis\" \/>\n<meta name=\"twitter:card\" content=\"summary_large_image\" \/>\n<meta name=\"twitter:creator\" content=\"@canfalima\" \/>\n<meta name=\"twitter:site\" content=\"@canfalima\" \/>\n<meta name=\"twitter:label1\" content=\"Written by\" \/>\n\t<meta name=\"twitter:data1\" content=\"Lluis\" \/>\n\t<meta name=\"twitter:label2\" content=\"Est. reading time\" \/>\n\t<meta name=\"twitter:data2\" content=\"1 minute\" \/>\n<script type=\"application\/ld+json\" class=\"yoast-schema-graph\">{\"@context\":\"https:\\\/\\\/schema.org\",\"@graph\":[{\"@type\":\"NewsArticle\",\"@id\":\"https:\\\/\\\/canfali.com\\\/ca-es\\\/benidorm-guarda-tres-minuts-de-silenci-per-la-mort-de-dos-operaris-en-accident-laboral\\\/#article\",\"isPartOf\":{\"@id\":\"https:\\\/\\\/canfali.com\\\/ca-es\\\/benidorm-guarda-tres-minuts-de-silenci-per-la-mort-de-dos-operaris-en-accident-laboral\\\/\"},\"author\":{\"name\":\"Lluis\",\"@id\":\"https:\\\/\\\/canfali.com\\\/ca-es\\\/#\\\/schema\\\/person\\\/f540a86fb33e10daaae53c59ceaa1194\"},\"headline\":\"Benidorm guarda tres minuts de silenci per la mort de dos operaris en accident laboral\",\"datePublished\":\"2026-04-23T15:15:34+00:00\",\"dateModified\":\"2026-04-23T15:18:13+00:00\",\"mainEntityOfPage\":{\"@id\":\"https:\\\/\\\/canfali.com\\\/ca-es\\\/benidorm-guarda-tres-minuts-de-silenci-per-la-mort-de-dos-operaris-en-accident-laboral\\\/\"},\"wordCount\":310,\"publisher\":{\"@id\":\"https:\\\/\\\/canfali.com\\\/ca-es\\\/#organization\"},\"image\":{\"@id\":\"https:\\\/\\\/canfali.com\\\/ca-es\\\/benidorm-guarda-tres-minuts-de-silenci-per-la-mort-de-dos-operaris-en-accident-laboral\\\/#primaryimage\"},\"thumbnailUrl\":\"https:\\\/\\\/canfali.com\\\/app\\\/uploads\\\/2026\\\/04\\\/BEN-8sucesos5-scaled.jpg\",\"articleSection\":[\"Marina Baixa\"],\"inLanguage\":\"va-ES\",\"copyrightYear\":\"2026\",\"copyrightHolder\":{\"@id\":\"https:\\\/\\\/canfali.com\\\/#organization\"}},{\"@type\":\"WebPage\",\"@id\":\"https:\\\/\\\/canfali.com\\\/ca-es\\\/benidorm-guarda-tres-minuts-de-silenci-per-la-mort-de-dos-operaris-en-accident-laboral\\\/\",\"url\":\"https:\\\/\\\/canfali.com\\\/ca-es\\\/benidorm-guarda-tres-minuts-de-silenci-per-la-mort-de-dos-operaris-en-accident-laboral\\\/\",\"name\":\"Benidorm guarda tres minuts de silenci per la mort de dos operaris en accident laboral - Canfali\",\"isPartOf\":{\"@id\":\"https:\\\/\\\/canfali.com\\\/ca-es\\\/#website\"},\"primaryImageOfPage\":{\"@id\":\"https:\\\/\\\/canfali.com\\\/ca-es\\\/benidorm-guarda-tres-minuts-de-silenci-per-la-mort-de-dos-operaris-en-accident-laboral\\\/#primaryimage\"},\"image\":{\"@id\":\"https:\\\/\\\/canfali.com\\\/ca-es\\\/benidorm-guarda-tres-minuts-de-silenci-per-la-mort-de-dos-operaris-en-accident-laboral\\\/#primaryimage\"},\"thumbnailUrl\":\"https:\\\/\\\/canfali.com\\\/app\\\/uploads\\\/2026\\\/04\\\/BEN-8sucesos5-scaled.jpg\",\"datePublished\":\"2026-04-23T15:15:34+00:00\",\"dateModified\":\"2026-04-23T15:18:13+00:00\",\"description\":\"L\u2019accident va tindre lloc al voltant de les 10:30 hores al n\u00famero 2 del carrer Eivissa, quan es va produir l\u2019esfondrament d\u2019una bastida\",\"breadcrumb\":{\"@id\":\"https:\\\/\\\/canfali.com\\\/ca-es\\\/benidorm-guarda-tres-minuts-de-silenci-per-la-mort-de-dos-operaris-en-accident-laboral\\\/#breadcrumb\"},\"inLanguage\":\"va-ES\",\"potentialAction\":[{\"@type\":\"ReadAction\",\"target\":[\"https:\\\/\\\/canfali.com\\\/ca-es\\\/benidorm-guarda-tres-minuts-de-silenci-per-la-mort-de-dos-operaris-en-accident-laboral\\\/\"]}]},{\"@type\":\"ImageObject\",\"inLanguage\":\"va-ES\",\"@id\":\"https:\\\/\\\/canfali.com\\\/ca-es\\\/benidorm-guarda-tres-minuts-de-silenci-per-la-mort-de-dos-operaris-en-accident-laboral\\\/#primaryimage\",\"url\":\"https:\\\/\\\/canfali.com\\\/app\\\/uploads\\\/2026\\\/04\\\/BEN-8sucesos5-scaled.jpg\",\"contentUrl\":\"https:\\\/\\\/canfali.com\\\/app\\\/uploads\\\/2026\\\/04\\\/BEN-8sucesos5-scaled.jpg\",\"width\":2560,\"height\":1920},{\"@type\":\"BreadcrumbList\",\"@id\":\"https:\\\/\\\/canfali.com\\\/ca-es\\\/benidorm-guarda-tres-minuts-de-silenci-per-la-mort-de-dos-operaris-en-accident-laboral\\\/#breadcrumb\",\"itemListElement\":[{\"@type\":\"ListItem\",\"position\":1,\"name\":\"Portada\",\"item\":\"https:\\\/\\\/canfali.com\\\/ca-es\\\/\"},{\"@type\":\"ListItem\",\"position\":2,\"name\":\"Benidorm guarda tres minuts de silenci per la mort de dos operaris en accident laboral\"}]},{\"@type\":\"WebSite\",\"@id\":\"https:\\\/\\\/canfali.com\\\/ca-es\\\/#website\",\"url\":\"https:\\\/\\\/canfali.com\\\/ca-es\\\/\",\"name\":\"Canfali\",\"description\":\"\",\"publisher\":{\"@id\":\"https:\\\/\\\/canfali.com\\\/ca-es\\\/#organization\"},\"potentialAction\":[{\"@type\":\"SearchAction\",\"target\":{\"@type\":\"EntryPoint\",\"urlTemplate\":\"https:\\\/\\\/canfali.com\\\/ca-es\\\/?s={search_term_string}\"},\"query-input\":{\"@type\":\"PropertyValueSpecification\",\"valueRequired\":true,\"valueName\":\"search_term_string\"}}],\"inLanguage\":\"va-ES\"},{\"@type\":\"Organization\",\"@id\":\"https:\\\/\\\/canfali.com\\\/ca-es\\\/#organization\",\"name\":\"Canfali\",\"url\":\"https:\\\/\\\/canfali.com\\\/ca-es\\\/\",\"logo\":{\"@type\":\"ImageObject\",\"inLanguage\":\"va-ES\",\"@id\":\"https:\\\/\\\/canfali.com\\\/ca-es\\\/#\\\/schema\\\/logo\\\/image\\\/\",\"url\":\"https:\\\/\\\/canfali.com\\\/app\\\/uploads\\\/2025\\\/12\\\/canfali_marina_alta_logo.png\",\"contentUrl\":\"https:\\\/\\\/canfali.com\\\/app\\\/uploads\\\/2025\\\/12\\\/canfali_marina_alta_logo.png\",\"width\":225,\"height\":225,\"caption\":\"Canfali\"},\"image\":{\"@id\":\"https:\\\/\\\/canfali.com\\\/ca-es\\\/#\\\/schema\\\/logo\\\/image\\\/\"},\"sameAs\":[\"https:\\\/\\\/es-es.facebook.com\\\/CANFALIMarinaAlta\",\"https:\\\/\\\/x.com\\\/canfalima\",\"https:\\\/\\\/www.instagram.com\\\/canfalimarinaalta\\\/\"]},{\"@type\":\"Person\",\"@id\":\"https:\\\/\\\/canfali.com\\\/ca-es\\\/#\\\/schema\\\/person\\\/f540a86fb33e10daaae53c59ceaa1194\",\"name\":\"Lluis\",\"image\":{\"@type\":\"ImageObject\",\"inLanguage\":\"va-ES\",\"@id\":\"https:\\\/\\\/secure.gravatar.com\\\/avatar\\\/a21ec8835290e4e02ed0886b8cb327d807d0eb6ec8ccf25d4c2a0a415f506c0d?s=96&d=mm&r=g\",\"url\":\"https:\\\/\\\/secure.gravatar.com\\\/avatar\\\/a21ec8835290e4e02ed0886b8cb327d807d0eb6ec8ccf25d4c2a0a415f506c0d?s=96&d=mm&r=g\",\"contentUrl\":\"https:\\\/\\\/secure.gravatar.com\\\/avatar\\\/a21ec8835290e4e02ed0886b8cb327d807d0eb6ec8ccf25d4c2a0a415f506c0d?s=96&d=mm&r=g\",\"caption\":\"Lluis\"},\"url\":\"https:\\\/\\\/canfali.com\\\/ca-es\\\/author\\\/lluis\\\/\"}]}<\/script>\n<!-- \/ Yoast SEO Premium plugin. -->","yoast_head_json":{"title":"Benidorm guarda tres minuts de silenci per la mort de dos operaris en accident laboral - Canfali","description":"L\u2019accident va tindre lloc al voltant de les 10:30 hores al n\u00famero 2 del carrer Eivissa, quan es va produir l\u2019esfondrament d\u2019una bastida","robots":{"index":"index","follow":"follow","max-snippet":"max-snippet:-1","max-image-preview":"max-image-preview:large","max-video-preview":"max-video-preview:-1"},"canonical":"https:\/\/canfali.com\/ca-es\/benidorm-guarda-tres-minuts-de-silenci-per-la-mort-de-dos-operaris-en-accident-laboral\/","og_locale":"en_US","og_type":"article","og_title":"Benidorm guarda tres minuts de silenci per la mort de dos operaris en accident laboral","og_description":"L\u2019accident va tindre lloc al voltant de les 10:30 hores al n\u00famero 2 del carrer Eivissa, quan es va produir l\u2019esfondrament d\u2019una bastida","og_url":"https:\/\/canfali.com\/ca-es\/benidorm-guarda-tres-minuts-de-silenci-per-la-mort-de-dos-operaris-en-accident-laboral\/","og_site_name":"Canfali","article_publisher":"https:\/\/es-es.facebook.com\/CANFALIMarinaAlta","article_published_time":"2026-04-23T15:15:34+00:00","article_modified_time":"2026-04-23T15:18:13+00:00","og_image":[{"width":2560,"height":1920,"url":"https:\/\/canfali.com\/app\/uploads\/2026\/04\/BEN-8sucesos5-scaled.jpg","type":"image\/jpeg"}],"author":"Lluis","twitter_card":"summary_large_image","twitter_creator":"@canfalima","twitter_site":"@canfalima","twitter_misc":{"Written by":"Lluis","Est. reading time":"1 minute"},"schema":{"@context":"https:\/\/schema.org","@graph":[{"@type":"NewsArticle","@id":"https:\/\/canfali.com\/ca-es\/benidorm-guarda-tres-minuts-de-silenci-per-la-mort-de-dos-operaris-en-accident-laboral\/#article","isPartOf":{"@id":"https:\/\/canfali.com\/ca-es\/benidorm-guarda-tres-minuts-de-silenci-per-la-mort-de-dos-operaris-en-accident-laboral\/"},"author":{"name":"Lluis","@id":"https:\/\/canfali.com\/ca-es\/#\/schema\/person\/f540a86fb33e10daaae53c59ceaa1194"},"headline":"Benidorm guarda tres minuts de silenci per la mort de dos operaris en accident laboral","datePublished":"2026-04-23T15:15:34+00:00","dateModified":"2026-04-23T15:18:13+00:00","mainEntityOfPage":{"@id":"https:\/\/canfali.com\/ca-es\/benidorm-guarda-tres-minuts-de-silenci-per-la-mort-de-dos-operaris-en-accident-laboral\/"},"wordCount":310,"publisher":{"@id":"https:\/\/canfali.com\/ca-es\/#organization"},"image":{"@id":"https:\/\/canfali.com\/ca-es\/benidorm-guarda-tres-minuts-de-silenci-per-la-mort-de-dos-operaris-en-accident-laboral\/#primaryimage"},"thumbnailUrl":"https:\/\/canfali.com\/app\/uploads\/2026\/04\/BEN-8sucesos5-scaled.jpg","articleSection":["Marina Baixa"],"inLanguage":"va-ES","copyrightYear":"2026","copyrightHolder":{"@id":"https:\/\/canfali.com\/#organization"}},{"@type":"WebPage","@id":"https:\/\/canfali.com\/ca-es\/benidorm-guarda-tres-minuts-de-silenci-per-la-mort-de-dos-operaris-en-accident-laboral\/","url":"https:\/\/canfali.com\/ca-es\/benidorm-guarda-tres-minuts-de-silenci-per-la-mort-de-dos-operaris-en-accident-laboral\/","name":"Benidorm guarda tres minuts de silenci per la mort de dos operaris en accident laboral - Canfali","isPartOf":{"@id":"https:\/\/canfali.com\/ca-es\/#website"},"primaryImageOfPage":{"@id":"https:\/\/canfali.com\/ca-es\/benidorm-guarda-tres-minuts-de-silenci-per-la-mort-de-dos-operaris-en-accident-laboral\/#primaryimage"},"image":{"@id":"https:\/\/canfali.com\/ca-es\/benidorm-guarda-tres-minuts-de-silenci-per-la-mort-de-dos-operaris-en-accident-laboral\/#primaryimage"},"thumbnailUrl":"https:\/\/canfali.com\/app\/uploads\/2026\/04\/BEN-8sucesos5-scaled.jpg","datePublished":"2026-04-23T15:15:34+00:00","dateModified":"2026-04-23T15:18:13+00:00","description":"L\u2019accident va tindre lloc al voltant de les 10:30 hores al n\u00famero 2 del carrer Eivissa, quan es va produir l\u2019esfondrament d\u2019una bastida","breadcrumb":{"@id":"https:\/\/canfali.com\/ca-es\/benidorm-guarda-tres-minuts-de-silenci-per-la-mort-de-dos-operaris-en-accident-laboral\/#breadcrumb"},"inLanguage":"va-ES","potentialAction":[{"@type":"ReadAction","target":["https:\/\/canfali.com\/ca-es\/benidorm-guarda-tres-minuts-de-silenci-per-la-mort-de-dos-operaris-en-accident-laboral\/"]}]},{"@type":"ImageObject","inLanguage":"va-ES","@id":"https:\/\/canfali.com\/ca-es\/benidorm-guarda-tres-minuts-de-silenci-per-la-mort-de-dos-operaris-en-accident-laboral\/#primaryimage","url":"https:\/\/canfali.com\/app\/uploads\/2026\/04\/BEN-8sucesos5-scaled.jpg","contentUrl":"https:\/\/canfali.com\/app\/uploads\/2026\/04\/BEN-8sucesos5-scaled.jpg","width":2560,"height":1920},{"@type":"BreadcrumbList","@id":"https:\/\/canfali.com\/ca-es\/benidorm-guarda-tres-minuts-de-silenci-per-la-mort-de-dos-operaris-en-accident-laboral\/#breadcrumb","itemListElement":[{"@type":"ListItem","position":1,"name":"Portada","item":"https:\/\/canfali.com\/ca-es\/"},{"@type":"ListItem","position":2,"name":"Benidorm guarda tres minuts de silenci per la mort de dos operaris en accident laboral"}]},{"@type":"WebSite","@id":"https:\/\/canfali.com\/ca-es\/#website","url":"https:\/\/canfali.com\/ca-es\/","name":"Canfali","description":"","publisher":{"@id":"https:\/\/canfali.com\/ca-es\/#organization"},"potentialAction":[{"@type":"SearchAction","target":{"@type":"EntryPoint","urlTemplate":"https:\/\/canfali.com\/ca-es\/?s={search_term_string}"},"query-input":{"@type":"PropertyValueSpecification","valueRequired":true,"valueName":"search_term_string"}}],"inLanguage":"va-ES"},{"@type":"Organization","@id":"https:\/\/canfali.com\/ca-es\/#organization","name":"Canfali","url":"https:\/\/canfali.com\/ca-es\/","logo":{"@type":"ImageObject","inLanguage":"va-ES","@id":"https:\/\/canfali.com\/ca-es\/#\/schema\/logo\/image\/","url":"https:\/\/canfali.com\/app\/uploads\/2025\/12\/canfali_marina_alta_logo.png","contentUrl":"https:\/\/canfali.com\/app\/uploads\/2025\/12\/canfali_marina_alta_logo.png","width":225,"height":225,"caption":"Canfali"},"image":{"@id":"https:\/\/canfali.com\/ca-es\/#\/schema\/logo\/image\/"},"sameAs":["https:\/\/es-es.facebook.com\/CANFALIMarinaAlta","https:\/\/x.com\/canfalima","https:\/\/www.instagram.com\/canfalimarinaalta\/"]},{"@type":"Person","@id":"https:\/\/canfali.com\/ca-es\/#\/schema\/person\/f540a86fb33e10daaae53c59ceaa1194","name":"Lluis","image":{"@type":"ImageObject","inLanguage":"va-ES","@id":"https:\/\/secure.gravatar.com\/avatar\/a21ec8835290e4e02ed0886b8cb327d807d0eb6ec8ccf25d4c2a0a415f506c0d?s=96&d=mm&r=g","url":"https:\/\/secure.gravatar.com\/avatar\/a21ec8835290e4e02ed0886b8cb327d807d0eb6ec8ccf25d4c2a0a415f506c0d?s=96&d=mm&r=g","contentUrl":"https:\/\/secure.gravatar.com\/avatar\/a21ec8835290e4e02ed0886b8cb327d807d0eb6ec8ccf25d4c2a0a415f506c0d?s=96&d=mm&r=g","caption":"Lluis"},"url":"https:\/\/canfali.com\/ca-es\/author\/lluis\/"}]}},"_links":{"self":[{"href":"https:\/\/canfali.com\/ca-es\/wp-json\/wp\/v2\/posts\/94818","targetHints":{"allow":["GET"]}}],"collection":[{"href":"https:\/\/canfali.com\/ca-es\/wp-json\/wp\/v2\/posts"}],"about":[{"href":"https:\/\/canfali.com\/ca-es\/wp-json\/wp\/v2\/types\/post"}],"author":[{"embeddable":true,"href":"https:\/\/canfali.com\/ca-es\/wp-json\/wp\/v2\/users\/8"}],"replies":[{"embeddable":true,"href":"https:\/\/canfali.com\/ca-es\/wp-json\/wp\/v2\/comments?post=94818"}],"version-history":[{"count":1,"href":"https:\/\/canfali.com\/ca-es\/wp-json\/wp\/v2\/posts\/94818\/revisions"}],"predecessor-version":[{"id":94819,"href":"https:\/\/canfali.com\/ca-es\/wp-json\/wp\/v2\/posts\/94818\/revisions\/94819"}],"wp:featuredmedia":[{"embeddable":true,"href":"https:\/\/canfali.com\/ca-es\/wp-json\/wp\/v2\/media\/94807"}],"wp:attachment":[{"href":"https:\/\/canfali.com\/ca-es\/wp-json\/wp\/v2\/media?parent=94818"}],"wp:term":[{"taxonomy":"category","embeddable":true,"href":"https:\/\/canfali.com\/ca-es\/wp-json\/wp\/v2\/categories?post=94818"},{"taxonomy":"post_tag","embeddable":true,"href":"https:\/\/canfali.com\/ca-es\/wp-json\/wp\/v2\/tags?post=94818"}],"curies":[{"name":"wp","href":"https:\/\/api.w.org\/{rel}","templated":true}]}}