{"id":94796,"date":"2026-04-23T16:55:17","date_gmt":"2026-04-23T14:55:17","guid":{"rendered":"https:\/\/canfali.com\/maria-laura-gallert-relleva-a-fuster-com-a-regidora-de-vox\/"},"modified":"2026-04-23T16:56:59","modified_gmt":"2026-04-23T14:56:59","slug":"maria-laura-gallert-relleva-a-fuster-com-a-regidora-de-vox","status":"publish","type":"post","link":"https:\/\/canfali.com\/ca-es\/maria-laura-gallert-relleva-a-fuster-com-a-regidora-de-vox\/","title":{"rendered":"Mar\u00eda Laura Gallert relleva a Fuster com a regidora de VOX"},"content":{"rendered":"\n<p>Gallert Cladera ha pres possessi\u00f3 del c\u00e0rrec de regidora de l\u2019Ajuntament de l\u2019Alf\u00e0s del Pi en l\u2019\u00faltim ple per a ocupar la vacant que va deixar la seua companya de formaci\u00f3 Mar\u00eda Jos\u00e9 Fuster P\u00e9rez. Minuts abans de l\u2019inici de la sessi\u00f3 plen\u00e0ria, i seguint el protocol institucional, la nova regidora de l\u2019oposici\u00f3 ha sigut rebuda en Alcaldia.&#13;\n<\/p>\n\n<figure class=\"wp-block-image size-large\"><img fetchpriority=\"high\" decoding=\"async\" width=\"1024\" height=\"683\" src=\"https:\/\/canfali.com\/app\/uploads\/2026\/04\/ALF-8vox2-1024x683.jpg\" alt=\"\" class=\"wp-image-94789\" srcset=\"https:\/\/canfali.com\/app\/uploads\/2026\/04\/ALF-8vox2-1024x683.jpg 1024w, https:\/\/canfali.com\/app\/uploads\/2026\/04\/ALF-8vox2-300x200.jpg 300w, https:\/\/canfali.com\/app\/uploads\/2026\/04\/ALF-8vox2-768x512.jpg 768w, https:\/\/canfali.com\/app\/uploads\/2026\/04\/ALF-8vox2-1536x1024.jpg 1536w, https:\/\/canfali.com\/app\/uploads\/2026\/04\/ALF-8vox2-332x221.jpg 332w, https:\/\/canfali.com\/app\/uploads\/2026\/04\/ALF-8vox2-664x443.jpg 664w, https:\/\/canfali.com\/app\/uploads\/2026\/04\/ALF-8vox2-688x459.jpg 688w, https:\/\/canfali.com\/app\/uploads\/2026\/04\/ALF-8vox2-1044x696.jpg 1044w, https:\/\/canfali.com\/app\/uploads\/2026\/04\/ALF-8vox2-1400x933.jpg 1400w, https:\/\/canfali.com\/app\/uploads\/2026\/04\/ALF-8vox2.jpg 1920w\" sizes=\"(max-width: 1024px) 100vw, 1024px\" \/><\/figure>\n\n<p>La incorporaci\u00f3 de Gallert es produeix despr\u00e9s de la dimissi\u00f3 de Fuster, qui va anunciar la seua decisi\u00f3 amb car\u00e0cter irrevocable al\u00b7legant l\u2019exist\u00e8ncia d\u2019un clima intern \u201cinsostenible\u201d. En concret, l\u2019exregidora va assenyalar la \u201chostilitat\u201d del portaveu de la seua formaci\u00f3, denunciant desqualificacions, menyspreu a les seues opinions i q\u00fcestionament de la seua tasca en les comissions informatives.&#13;\n<\/p>\n\n<figure class=\"wp-block-image size-large\"><img decoding=\"async\" width=\"1024\" height=\"683\" src=\"https:\/\/canfali.com\/app\/uploads\/2026\/04\/ALF-8vox1-1024x683.jpg\" alt=\"\" class=\"wp-image-94791\" srcset=\"https:\/\/canfali.com\/app\/uploads\/2026\/04\/ALF-8vox1-1024x683.jpg 1024w, https:\/\/canfali.com\/app\/uploads\/2026\/04\/ALF-8vox1-300x200.jpg 300w, https:\/\/canfali.com\/app\/uploads\/2026\/04\/ALF-8vox1-768x512.jpg 768w, https:\/\/canfali.com\/app\/uploads\/2026\/04\/ALF-8vox1-1536x1024.jpg 1536w, https:\/\/canfali.com\/app\/uploads\/2026\/04\/ALF-8vox1-332x221.jpg 332w, https:\/\/canfali.com\/app\/uploads\/2026\/04\/ALF-8vox1-664x443.jpg 664w, https:\/\/canfali.com\/app\/uploads\/2026\/04\/ALF-8vox1-688x459.jpg 688w, https:\/\/canfali.com\/app\/uploads\/2026\/04\/ALF-8vox1-1044x696.jpg 1044w, https:\/\/canfali.com\/app\/uploads\/2026\/04\/ALF-8vox1-1400x933.jpg 1400w, https:\/\/canfali.com\/app\/uploads\/2026\/04\/ALF-8vox1.jpg 1920w\" sizes=\"(max-width: 1024px) 100vw, 1024px\" \/><\/figure>\n\n<p>Segons va explicar en un comunicat, Fuster va assegurar haver sol\u00b7licitat mediaci\u00f3 al partit des del passat mes de desembre sense haver obtingut una resposta efectiva, fet que la va portar a sentir-se en una situaci\u00f3 d\u2019\u201cindefensi\u00f3 institucional\u201d. Aix\u00ed mateix, va subratllar que la seua ren\u00fancia respon al seu comprom\u00eds amb els valors amb els quals va iniciar la seua traject\u00f2ria pol\u00edtica, aix\u00ed com a la seua negativa a \u201cnormalitzar conductes\u201d que considera inapropiades.&#13;\n<\/p>\n\n<figure class=\"wp-block-image size-large\"><img decoding=\"async\" width=\"1024\" height=\"683\" src=\"https:\/\/canfali.com\/app\/uploads\/2026\/04\/ALF-8vox4-1024x683.jpg\" alt=\"\" class=\"wp-image-94793\" srcset=\"https:\/\/canfali.com\/app\/uploads\/2026\/04\/ALF-8vox4-1024x683.jpg 1024w, https:\/\/canfali.com\/app\/uploads\/2026\/04\/ALF-8vox4-300x200.jpg 300w, https:\/\/canfali.com\/app\/uploads\/2026\/04\/ALF-8vox4-768x512.jpg 768w, https:\/\/canfali.com\/app\/uploads\/2026\/04\/ALF-8vox4-1536x1024.jpg 1536w, https:\/\/canfali.com\/app\/uploads\/2026\/04\/ALF-8vox4-332x221.jpg 332w, https:\/\/canfali.com\/app\/uploads\/2026\/04\/ALF-8vox4-664x443.jpg 664w, https:\/\/canfali.com\/app\/uploads\/2026\/04\/ALF-8vox4-688x459.jpg 688w, https:\/\/canfali.com\/app\/uploads\/2026\/04\/ALF-8vox4-1044x696.jpg 1044w, https:\/\/canfali.com\/app\/uploads\/2026\/04\/ALF-8vox4-1400x933.jpg 1400w, https:\/\/canfali.com\/app\/uploads\/2026\/04\/ALF-8vox4.jpg 1920w\" sizes=\"(max-width: 1024px) 100vw, 1024px\" \/><\/figure>\n\n<p>Amb la presa de possessi\u00f3 de Mar\u00eda Laura Gallert, el Grup Municipal VOX mant\u00e9 la seua representaci\u00f3 en la corporaci\u00f3 local, incorporant una nova regidora al banc de l\u2019oposici\u00f3.&#13;\n<\/p>\n\n<p><\/p>\n","protected":false},"excerpt":{"rendered":"Gallert Cladera ha pres possessi\u00f3 del c\u00e0rrec de regidora de l\u2019Ajuntament de l\u2019Alf\u00e0s del Pi en l\u2019\u00faltim ple&hellip;","protected":false},"author":8,"featured_media":94788,"comment_status":"closed","ping_status":"open","sticky":false,"template":"","format":"standard","meta":{"csco_display_header_overlay":false,"csco_singular_sidebar":"","csco_page_header_type":"","csco_page_load_nextpost":"","csco_post_video_location":[],"csco_post_video_location_hash":"","csco_post_video_url":"","csco_post_video_bg_start_time":0,"csco_post_video_bg_end_time":0,"footnotes":""},"categories":[7155],"tags":[],"class_list":{"0":"post-94796","1":"post","2":"type-post","3":"status-publish","4":"format-standard","5":"has-post-thumbnail","7":"category-marina-baixa","8":"cs-entry","9":"cs-video-wrap"},"yoast_head":"<!-- This site is optimized with the Yoast SEO Premium plugin v26.6 (Yoast SEO v27.3) - https:\/\/yoast.com\/product\/yoast-seo-premium-wordpress\/ -->\n<title>Mar\u00eda Laura Gallert relleva a Fuster com a regidora de VOX - Canfali<\/title>\n<meta name=\"description\" content=\"Gallert Cladera ha pres possessi\u00f3 del c\u00e0rrec de regidora de l\u2019Ajuntament de l\u2019Alf\u00e0s del Pi en l\u2019\u00faltim ple\" \/>\n<meta name=\"robots\" content=\"index, follow, max-snippet:-1, max-image-preview:large, max-video-preview:-1\" \/>\n<link rel=\"canonical\" href=\"https:\/\/canfali.com\/ca-es\/maria-laura-gallert-relleva-a-fuster-com-a-regidora-de-vox\/\" \/>\n<meta property=\"og:locale\" content=\"en_US\" \/>\n<meta property=\"og:type\" content=\"article\" \/>\n<meta property=\"og:title\" content=\"Mar\u00eda Laura Gallert relleva a Fuster com a regidora de VOX\" \/>\n<meta property=\"og:description\" content=\"Gallert Cladera ha pres possessi\u00f3 del c\u00e0rrec de regidora de l\u2019Ajuntament de l\u2019Alf\u00e0s del Pi en l\u2019\u00faltim ple\" \/>\n<meta property=\"og:url\" content=\"https:\/\/canfali.com\/ca-es\/maria-laura-gallert-relleva-a-fuster-com-a-regidora-de-vox\/\" \/>\n<meta property=\"og:site_name\" content=\"Canfali\" \/>\n<meta property=\"article:publisher\" content=\"https:\/\/es-es.facebook.com\/CANFALIMarinaAlta\" \/>\n<meta property=\"article:published_time\" content=\"2026-04-23T14:55:17+00:00\" \/>\n<meta property=\"article:modified_time\" content=\"2026-04-23T14:56:59+00:00\" \/>\n<meta property=\"og:image\" content=\"https:\/\/canfali.com\/app\/uploads\/2026\/04\/ALF-8vox3.jpg\" \/>\n\t<meta property=\"og:image:width\" content=\"1920\" \/>\n\t<meta property=\"og:image:height\" content=\"1280\" \/>\n\t<meta property=\"og:image:type\" content=\"image\/jpeg\" \/>\n<meta name=\"author\" content=\"Lluis\" \/>\n<meta name=\"twitter:card\" content=\"summary_large_image\" \/>\n<meta name=\"twitter:creator\" content=\"@canfalima\" \/>\n<meta name=\"twitter:site\" content=\"@canfalima\" \/>\n<meta name=\"twitter:label1\" content=\"Written by\" \/>\n\t<meta name=\"twitter:data1\" content=\"Lluis\" \/>\n\t<meta name=\"twitter:label2\" content=\"Est. reading time\" \/>\n\t<meta name=\"twitter:data2\" content=\"1 minute\" \/>\n<script type=\"application\/ld+json\" class=\"yoast-schema-graph\">{\"@context\":\"https:\\\/\\\/schema.org\",\"@graph\":[{\"@type\":\"NewsArticle\",\"@id\":\"https:\\\/\\\/canfali.com\\\/ca-es\\\/maria-laura-gallert-relleva-a-fuster-com-a-regidora-de-vox\\\/#article\",\"isPartOf\":{\"@id\":\"https:\\\/\\\/canfali.com\\\/ca-es\\\/maria-laura-gallert-relleva-a-fuster-com-a-regidora-de-vox\\\/\"},\"author\":{\"name\":\"Lluis\",\"@id\":\"https:\\\/\\\/canfali.com\\\/ca-es\\\/#\\\/schema\\\/person\\\/f540a86fb33e10daaae53c59ceaa1194\"},\"headline\":\"Mar\u00eda Laura Gallert relleva a Fuster com a regidora de VOX\",\"datePublished\":\"2026-04-23T14:55:17+00:00\",\"dateModified\":\"2026-04-23T14:56:59+00:00\",\"mainEntityOfPage\":{\"@id\":\"https:\\\/\\\/canfali.com\\\/ca-es\\\/maria-laura-gallert-relleva-a-fuster-com-a-regidora-de-vox\\\/\"},\"wordCount\":256,\"publisher\":{\"@id\":\"https:\\\/\\\/canfali.com\\\/ca-es\\\/#organization\"},\"image\":{\"@id\":\"https:\\\/\\\/canfali.com\\\/ca-es\\\/maria-laura-gallert-relleva-a-fuster-com-a-regidora-de-vox\\\/#primaryimage\"},\"thumbnailUrl\":\"https:\\\/\\\/canfali.com\\\/app\\\/uploads\\\/2026\\\/04\\\/ALF-8vox3.jpg\",\"articleSection\":[\"Marina Baixa\"],\"inLanguage\":\"va-ES\",\"copyrightYear\":\"2026\",\"copyrightHolder\":{\"@id\":\"https:\\\/\\\/canfali.com\\\/#organization\"}},{\"@type\":\"WebPage\",\"@id\":\"https:\\\/\\\/canfali.com\\\/ca-es\\\/maria-laura-gallert-relleva-a-fuster-com-a-regidora-de-vox\\\/\",\"url\":\"https:\\\/\\\/canfali.com\\\/ca-es\\\/maria-laura-gallert-relleva-a-fuster-com-a-regidora-de-vox\\\/\",\"name\":\"Mar\u00eda Laura Gallert relleva a Fuster com a regidora de VOX - Canfali\",\"isPartOf\":{\"@id\":\"https:\\\/\\\/canfali.com\\\/ca-es\\\/#website\"},\"primaryImageOfPage\":{\"@id\":\"https:\\\/\\\/canfali.com\\\/ca-es\\\/maria-laura-gallert-relleva-a-fuster-com-a-regidora-de-vox\\\/#primaryimage\"},\"image\":{\"@id\":\"https:\\\/\\\/canfali.com\\\/ca-es\\\/maria-laura-gallert-relleva-a-fuster-com-a-regidora-de-vox\\\/#primaryimage\"},\"thumbnailUrl\":\"https:\\\/\\\/canfali.com\\\/app\\\/uploads\\\/2026\\\/04\\\/ALF-8vox3.jpg\",\"datePublished\":\"2026-04-23T14:55:17+00:00\",\"dateModified\":\"2026-04-23T14:56:59+00:00\",\"description\":\"Gallert Cladera ha pres possessi\u00f3 del c\u00e0rrec de regidora de l\u2019Ajuntament de l\u2019Alf\u00e0s del Pi en l\u2019\u00faltim ple\",\"breadcrumb\":{\"@id\":\"https:\\\/\\\/canfali.com\\\/ca-es\\\/maria-laura-gallert-relleva-a-fuster-com-a-regidora-de-vox\\\/#breadcrumb\"},\"inLanguage\":\"va-ES\",\"potentialAction\":[{\"@type\":\"ReadAction\",\"target\":[\"https:\\\/\\\/canfali.com\\\/ca-es\\\/maria-laura-gallert-relleva-a-fuster-com-a-regidora-de-vox\\\/\"]}]},{\"@type\":\"ImageObject\",\"inLanguage\":\"va-ES\",\"@id\":\"https:\\\/\\\/canfali.com\\\/ca-es\\\/maria-laura-gallert-relleva-a-fuster-com-a-regidora-de-vox\\\/#primaryimage\",\"url\":\"https:\\\/\\\/canfali.com\\\/app\\\/uploads\\\/2026\\\/04\\\/ALF-8vox3.jpg\",\"contentUrl\":\"https:\\\/\\\/canfali.com\\\/app\\\/uploads\\\/2026\\\/04\\\/ALF-8vox3.jpg\",\"width\":1920,\"height\":1280},{\"@type\":\"BreadcrumbList\",\"@id\":\"https:\\\/\\\/canfali.com\\\/ca-es\\\/maria-laura-gallert-relleva-a-fuster-com-a-regidora-de-vox\\\/#breadcrumb\",\"itemListElement\":[{\"@type\":\"ListItem\",\"position\":1,\"name\":\"Portada\",\"item\":\"https:\\\/\\\/canfali.com\\\/ca-es\\\/\"},{\"@type\":\"ListItem\",\"position\":2,\"name\":\"Mar\u00eda Laura Gallert relleva a Fuster com a regidora de VOX\"}]},{\"@type\":\"WebSite\",\"@id\":\"https:\\\/\\\/canfali.com\\\/ca-es\\\/#website\",\"url\":\"https:\\\/\\\/canfali.com\\\/ca-es\\\/\",\"name\":\"Canfali\",\"description\":\"\",\"publisher\":{\"@id\":\"https:\\\/\\\/canfali.com\\\/ca-es\\\/#organization\"},\"potentialAction\":[{\"@type\":\"SearchAction\",\"target\":{\"@type\":\"EntryPoint\",\"urlTemplate\":\"https:\\\/\\\/canfali.com\\\/ca-es\\\/?s={search_term_string}\"},\"query-input\":{\"@type\":\"PropertyValueSpecification\",\"valueRequired\":true,\"valueName\":\"search_term_string\"}}],\"inLanguage\":\"va-ES\"},{\"@type\":\"Organization\",\"@id\":\"https:\\\/\\\/canfali.com\\\/ca-es\\\/#organization\",\"name\":\"Canfali\",\"url\":\"https:\\\/\\\/canfali.com\\\/ca-es\\\/\",\"logo\":{\"@type\":\"ImageObject\",\"inLanguage\":\"va-ES\",\"@id\":\"https:\\\/\\\/canfali.com\\\/ca-es\\\/#\\\/schema\\\/logo\\\/image\\\/\",\"url\":\"https:\\\/\\\/canfali.com\\\/app\\\/uploads\\\/2025\\\/12\\\/canfali_marina_alta_logo.png\",\"contentUrl\":\"https:\\\/\\\/canfali.com\\\/app\\\/uploads\\\/2025\\\/12\\\/canfali_marina_alta_logo.png\",\"width\":225,\"height\":225,\"caption\":\"Canfali\"},\"image\":{\"@id\":\"https:\\\/\\\/canfali.com\\\/ca-es\\\/#\\\/schema\\\/logo\\\/image\\\/\"},\"sameAs\":[\"https:\\\/\\\/es-es.facebook.com\\\/CANFALIMarinaAlta\",\"https:\\\/\\\/x.com\\\/canfalima\",\"https:\\\/\\\/www.instagram.com\\\/canfalimarinaalta\\\/\"]},{\"@type\":\"Person\",\"@id\":\"https:\\\/\\\/canfali.com\\\/ca-es\\\/#\\\/schema\\\/person\\\/f540a86fb33e10daaae53c59ceaa1194\",\"name\":\"Lluis\",\"image\":{\"@type\":\"ImageObject\",\"inLanguage\":\"va-ES\",\"@id\":\"https:\\\/\\\/secure.gravatar.com\\\/avatar\\\/a21ec8835290e4e02ed0886b8cb327d807d0eb6ec8ccf25d4c2a0a415f506c0d?s=96&d=mm&r=g\",\"url\":\"https:\\\/\\\/secure.gravatar.com\\\/avatar\\\/a21ec8835290e4e02ed0886b8cb327d807d0eb6ec8ccf25d4c2a0a415f506c0d?s=96&d=mm&r=g\",\"contentUrl\":\"https:\\\/\\\/secure.gravatar.com\\\/avatar\\\/a21ec8835290e4e02ed0886b8cb327d807d0eb6ec8ccf25d4c2a0a415f506c0d?s=96&d=mm&r=g\",\"caption\":\"Lluis\"},\"url\":\"https:\\\/\\\/canfali.com\\\/ca-es\\\/author\\\/lluis\\\/\"}]}<\/script>\n<!-- \/ Yoast SEO Premium plugin. -->","yoast_head_json":{"title":"Mar\u00eda Laura Gallert relleva a Fuster com a regidora de VOX - Canfali","description":"Gallert Cladera ha pres possessi\u00f3 del c\u00e0rrec de regidora de l\u2019Ajuntament de l\u2019Alf\u00e0s del Pi en l\u2019\u00faltim ple","robots":{"index":"index","follow":"follow","max-snippet":"max-snippet:-1","max-image-preview":"max-image-preview:large","max-video-preview":"max-video-preview:-1"},"canonical":"https:\/\/canfali.com\/ca-es\/maria-laura-gallert-relleva-a-fuster-com-a-regidora-de-vox\/","og_locale":"en_US","og_type":"article","og_title":"Mar\u00eda Laura Gallert relleva a Fuster com a regidora de VOX","og_description":"Gallert Cladera ha pres possessi\u00f3 del c\u00e0rrec de regidora de l\u2019Ajuntament de l\u2019Alf\u00e0s del Pi en l\u2019\u00faltim ple","og_url":"https:\/\/canfali.com\/ca-es\/maria-laura-gallert-relleva-a-fuster-com-a-regidora-de-vox\/","og_site_name":"Canfali","article_publisher":"https:\/\/es-es.facebook.com\/CANFALIMarinaAlta","article_published_time":"2026-04-23T14:55:17+00:00","article_modified_time":"2026-04-23T14:56:59+00:00","og_image":[{"width":1920,"height":1280,"url":"https:\/\/canfali.com\/app\/uploads\/2026\/04\/ALF-8vox3.jpg","type":"image\/jpeg"}],"author":"Lluis","twitter_card":"summary_large_image","twitter_creator":"@canfalima","twitter_site":"@canfalima","twitter_misc":{"Written by":"Lluis","Est. reading time":"1 minute"},"schema":{"@context":"https:\/\/schema.org","@graph":[{"@type":"NewsArticle","@id":"https:\/\/canfali.com\/ca-es\/maria-laura-gallert-relleva-a-fuster-com-a-regidora-de-vox\/#article","isPartOf":{"@id":"https:\/\/canfali.com\/ca-es\/maria-laura-gallert-relleva-a-fuster-com-a-regidora-de-vox\/"},"author":{"name":"Lluis","@id":"https:\/\/canfali.com\/ca-es\/#\/schema\/person\/f540a86fb33e10daaae53c59ceaa1194"},"headline":"Mar\u00eda Laura Gallert relleva a Fuster com a regidora de VOX","datePublished":"2026-04-23T14:55:17+00:00","dateModified":"2026-04-23T14:56:59+00:00","mainEntityOfPage":{"@id":"https:\/\/canfali.com\/ca-es\/maria-laura-gallert-relleva-a-fuster-com-a-regidora-de-vox\/"},"wordCount":256,"publisher":{"@id":"https:\/\/canfali.com\/ca-es\/#organization"},"image":{"@id":"https:\/\/canfali.com\/ca-es\/maria-laura-gallert-relleva-a-fuster-com-a-regidora-de-vox\/#primaryimage"},"thumbnailUrl":"https:\/\/canfali.com\/app\/uploads\/2026\/04\/ALF-8vox3.jpg","articleSection":["Marina Baixa"],"inLanguage":"va-ES","copyrightYear":"2026","copyrightHolder":{"@id":"https:\/\/canfali.com\/#organization"}},{"@type":"WebPage","@id":"https:\/\/canfali.com\/ca-es\/maria-laura-gallert-relleva-a-fuster-com-a-regidora-de-vox\/","url":"https:\/\/canfali.com\/ca-es\/maria-laura-gallert-relleva-a-fuster-com-a-regidora-de-vox\/","name":"Mar\u00eda Laura Gallert relleva a Fuster com a regidora de VOX - Canfali","isPartOf":{"@id":"https:\/\/canfali.com\/ca-es\/#website"},"primaryImageOfPage":{"@id":"https:\/\/canfali.com\/ca-es\/maria-laura-gallert-relleva-a-fuster-com-a-regidora-de-vox\/#primaryimage"},"image":{"@id":"https:\/\/canfali.com\/ca-es\/maria-laura-gallert-relleva-a-fuster-com-a-regidora-de-vox\/#primaryimage"},"thumbnailUrl":"https:\/\/canfali.com\/app\/uploads\/2026\/04\/ALF-8vox3.jpg","datePublished":"2026-04-23T14:55:17+00:00","dateModified":"2026-04-23T14:56:59+00:00","description":"Gallert Cladera ha pres possessi\u00f3 del c\u00e0rrec de regidora de l\u2019Ajuntament de l\u2019Alf\u00e0s del Pi en l\u2019\u00faltim ple","breadcrumb":{"@id":"https:\/\/canfali.com\/ca-es\/maria-laura-gallert-relleva-a-fuster-com-a-regidora-de-vox\/#breadcrumb"},"inLanguage":"va-ES","potentialAction":[{"@type":"ReadAction","target":["https:\/\/canfali.com\/ca-es\/maria-laura-gallert-relleva-a-fuster-com-a-regidora-de-vox\/"]}]},{"@type":"ImageObject","inLanguage":"va-ES","@id":"https:\/\/canfali.com\/ca-es\/maria-laura-gallert-relleva-a-fuster-com-a-regidora-de-vox\/#primaryimage","url":"https:\/\/canfali.com\/app\/uploads\/2026\/04\/ALF-8vox3.jpg","contentUrl":"https:\/\/canfali.com\/app\/uploads\/2026\/04\/ALF-8vox3.jpg","width":1920,"height":1280},{"@type":"BreadcrumbList","@id":"https:\/\/canfali.com\/ca-es\/maria-laura-gallert-relleva-a-fuster-com-a-regidora-de-vox\/#breadcrumb","itemListElement":[{"@type":"ListItem","position":1,"name":"Portada","item":"https:\/\/canfali.com\/ca-es\/"},{"@type":"ListItem","position":2,"name":"Mar\u00eda Laura Gallert relleva a Fuster com a regidora de VOX"}]},{"@type":"WebSite","@id":"https:\/\/canfali.com\/ca-es\/#website","url":"https:\/\/canfali.com\/ca-es\/","name":"Canfali","description":"","publisher":{"@id":"https:\/\/canfali.com\/ca-es\/#organization"},"potentialAction":[{"@type":"SearchAction","target":{"@type":"EntryPoint","urlTemplate":"https:\/\/canfali.com\/ca-es\/?s={search_term_string}"},"query-input":{"@type":"PropertyValueSpecification","valueRequired":true,"valueName":"search_term_string"}}],"inLanguage":"va-ES"},{"@type":"Organization","@id":"https:\/\/canfali.com\/ca-es\/#organization","name":"Canfali","url":"https:\/\/canfali.com\/ca-es\/","logo":{"@type":"ImageObject","inLanguage":"va-ES","@id":"https:\/\/canfali.com\/ca-es\/#\/schema\/logo\/image\/","url":"https:\/\/canfali.com\/app\/uploads\/2025\/12\/canfali_marina_alta_logo.png","contentUrl":"https:\/\/canfali.com\/app\/uploads\/2025\/12\/canfali_marina_alta_logo.png","width":225,"height":225,"caption":"Canfali"},"image":{"@id":"https:\/\/canfali.com\/ca-es\/#\/schema\/logo\/image\/"},"sameAs":["https:\/\/es-es.facebook.com\/CANFALIMarinaAlta","https:\/\/x.com\/canfalima","https:\/\/www.instagram.com\/canfalimarinaalta\/"]},{"@type":"Person","@id":"https:\/\/canfali.com\/ca-es\/#\/schema\/person\/f540a86fb33e10daaae53c59ceaa1194","name":"Lluis","image":{"@type":"ImageObject","inLanguage":"va-ES","@id":"https:\/\/secure.gravatar.com\/avatar\/a21ec8835290e4e02ed0886b8cb327d807d0eb6ec8ccf25d4c2a0a415f506c0d?s=96&d=mm&r=g","url":"https:\/\/secure.gravatar.com\/avatar\/a21ec8835290e4e02ed0886b8cb327d807d0eb6ec8ccf25d4c2a0a415f506c0d?s=96&d=mm&r=g","contentUrl":"https:\/\/secure.gravatar.com\/avatar\/a21ec8835290e4e02ed0886b8cb327d807d0eb6ec8ccf25d4c2a0a415f506c0d?s=96&d=mm&r=g","caption":"Lluis"},"url":"https:\/\/canfali.com\/ca-es\/author\/lluis\/"}]}},"_links":{"self":[{"href":"https:\/\/canfali.com\/ca-es\/wp-json\/wp\/v2\/posts\/94796","targetHints":{"allow":["GET"]}}],"collection":[{"href":"https:\/\/canfali.com\/ca-es\/wp-json\/wp\/v2\/posts"}],"about":[{"href":"https:\/\/canfali.com\/ca-es\/wp-json\/wp\/v2\/types\/post"}],"author":[{"embeddable":true,"href":"https:\/\/canfali.com\/ca-es\/wp-json\/wp\/v2\/users\/8"}],"replies":[{"embeddable":true,"href":"https:\/\/canfali.com\/ca-es\/wp-json\/wp\/v2\/comments?post=94796"}],"version-history":[{"count":1,"href":"https:\/\/canfali.com\/ca-es\/wp-json\/wp\/v2\/posts\/94796\/revisions"}],"predecessor-version":[{"id":94797,"href":"https:\/\/canfali.com\/ca-es\/wp-json\/wp\/v2\/posts\/94796\/revisions\/94797"}],"wp:featuredmedia":[{"embeddable":true,"href":"https:\/\/canfali.com\/ca-es\/wp-json\/wp\/v2\/media\/94788"}],"wp:attachment":[{"href":"https:\/\/canfali.com\/ca-es\/wp-json\/wp\/v2\/media?parent=94796"}],"wp:term":[{"taxonomy":"category","embeddable":true,"href":"https:\/\/canfali.com\/ca-es\/wp-json\/wp\/v2\/categories?post=94796"},{"taxonomy":"post_tag","embeddable":true,"href":"https:\/\/canfali.com\/ca-es\/wp-json\/wp\/v2\/tags?post=94796"}],"curies":[{"name":"wp","href":"https:\/\/api.w.org\/{rel}","templated":true}]}}