{"id":94485,"date":"2026-04-20T09:39:17","date_gmt":"2026-04-20T07:39:17","guid":{"rendered":"https:\/\/canfali.com\/el-premi-lalfas-2026-reconeix-la-tasca-col%c2%b7lectiva-de-la-cultura-local-en-les-ultimes-decades\/"},"modified":"2026-04-20T09:44:39","modified_gmt":"2026-04-20T07:44:39","slug":"el-premi-lalfas-2026-reconeix-la-tasca-col%c2%b7lectiva-de-la-cultura-local-en-les-ultimes-decades","status":"publish","type":"post","link":"https:\/\/canfali.com\/ca-es\/el-premi-lalfas-2026-reconeix-la-tasca-col%c2%b7lectiva-de-la-cultura-local-en-les-ultimes-decades\/","title":{"rendered":"El Premi L\u2019Alf\u00e0s 2026 reconeix la tasca col\u00b7lectiva de la cultura local en les \u00faltimes d\u00e8cades"},"content":{"rendered":"\n<p>L\u2019Ajuntament de l\u2019Alf\u00e0s del Pi ha celebrat este cap de setmana l\u2019entrega del Premi L\u2019Alf\u00e0s 2026, un dels actes centrals de la XV Setmana Cultural L\u2019Alf\u00e0s amb Hist\u00f2ria. La gala, celebrada a l\u2019Espai Cultural Escoles Velles, va reunir representants institucionals, associacions i ve\u00efnat en una vetlada marcada per l\u2019emoci\u00f3 i el reconeixement.&#13;\n<\/p>\n\n<figure class=\"wp-block-image size-large\"><img fetchpriority=\"high\" decoding=\"async\" width=\"1024\" height=\"683\" src=\"https:\/\/canfali.com\/app\/uploads\/2026\/04\/ALF-8cultura11-1024x683.jpg\" alt=\"\" class=\"wp-image-94451\" srcset=\"https:\/\/canfali.com\/app\/uploads\/2026\/04\/ALF-8cultura11-1024x683.jpg 1024w, https:\/\/canfali.com\/app\/uploads\/2026\/04\/ALF-8cultura11-300x200.jpg 300w, https:\/\/canfali.com\/app\/uploads\/2026\/04\/ALF-8cultura11-768x512.jpg 768w, https:\/\/canfali.com\/app\/uploads\/2026\/04\/ALF-8cultura11-1536x1024.jpg 1536w, https:\/\/canfali.com\/app\/uploads\/2026\/04\/ALF-8cultura11-332x221.jpg 332w, https:\/\/canfali.com\/app\/uploads\/2026\/04\/ALF-8cultura11-664x443.jpg 664w, https:\/\/canfali.com\/app\/uploads\/2026\/04\/ALF-8cultura11-688x459.jpg 688w, https:\/\/canfali.com\/app\/uploads\/2026\/04\/ALF-8cultura11-1044x696.jpg 1044w, https:\/\/canfali.com\/app\/uploads\/2026\/04\/ALF-8cultura11-1400x933.jpg 1400w, https:\/\/canfali.com\/app\/uploads\/2026\/04\/ALF-8cultura11.jpg 1920w\" sizes=\"(max-width: 1024px) 100vw, 1024px\" \/><\/figure>\n\n<p>L\u2019acte va comen\u00e7ar amb la inauguraci\u00f3 de l\u2019exposici\u00f3 \u2018Records escolars. Mem\u00f2ria i vida de les Escoles Velles\u2019 i va servir per posar en valor la contribuci\u00f3 de qui ha impulsat la vida cultural del municipi. En esta edici\u00f3, el guard\u00f3 ha tingut un car\u00e0cter col\u00b7lectiu i simb\u00f2lic, en recon\u00e9ixer tots els regidors i regidores de Cultura des de l\u2019inici de la democr\u00e0cia.&#13;\n<\/p>\n\n<figure class=\"wp-block-image size-large\"><img decoding=\"async\" width=\"1024\" height=\"683\" src=\"https:\/\/canfali.com\/app\/uploads\/2026\/04\/ALF-8cultura12-1024x683.jpg\" alt=\"\" class=\"wp-image-94453\" srcset=\"https:\/\/canfali.com\/app\/uploads\/2026\/04\/ALF-8cultura12-1024x683.jpg 1024w, https:\/\/canfali.com\/app\/uploads\/2026\/04\/ALF-8cultura12-300x200.jpg 300w, https:\/\/canfali.com\/app\/uploads\/2026\/04\/ALF-8cultura12-768x512.jpg 768w, https:\/\/canfali.com\/app\/uploads\/2026\/04\/ALF-8cultura12-1536x1024.jpg 1536w, https:\/\/canfali.com\/app\/uploads\/2026\/04\/ALF-8cultura12-332x221.jpg 332w, https:\/\/canfali.com\/app\/uploads\/2026\/04\/ALF-8cultura12-664x443.jpg 664w, https:\/\/canfali.com\/app\/uploads\/2026\/04\/ALF-8cultura12-688x459.jpg 688w, https:\/\/canfali.com\/app\/uploads\/2026\/04\/ALF-8cultura12-1044x696.jpg 1044w, https:\/\/canfali.com\/app\/uploads\/2026\/04\/ALF-8cultura12-1400x933.jpg 1400w, https:\/\/canfali.com\/app\/uploads\/2026\/04\/ALF-8cultura12.jpg 1920w\" sizes=\"(max-width: 1024px) 100vw, 1024px\" \/><\/figure>\n\n<p>Entre les persones homenatjades figuren Gregorio Santamar\u00eda P\u00e9rez, Jos\u00e9 Soler Such \u2014a t\u00edtol p\u00f2stum\u2014, Vicente P\u00e9rez Llorens, Dolors \u00c1lvarez Arazola, Francesc P\u00e9rez i Bald\u00f3, Pascual Balaguer Tormo, Paqui P\u00e9rez Devesa, Mayte Garc\u00eda Madrid, Roc\u00edo Guijarro S\u00e1nchez i Manuel Casado Puche. Tamb\u00e9 es va distingir Vicente Escrig per la seua traject\u00f2ria al capdavant de la Casa de Cultura entre 1991 i 2023.&#13;\n<\/p>\n\n<figure class=\"wp-block-gallery has-nested-images columns-default is-cropped wp-block-gallery-15 is-layout-flex wp-block-gallery-is-layout-flex\">\n<figure class=\"wp-block-image size-large\"><img decoding=\"async\" width=\"683\" height=\"1024\" data-id=\"94455\" src=\"https:\/\/canfali.com\/app\/uploads\/2026\/04\/ALF-8cultura14-683x1024.jpg\" alt=\"\" class=\"wp-image-94455\" srcset=\"https:\/\/canfali.com\/app\/uploads\/2026\/04\/ALF-8cultura14-683x1024.jpg 683w, https:\/\/canfali.com\/app\/uploads\/2026\/04\/ALF-8cultura14-200x300.jpg 200w, https:\/\/canfali.com\/app\/uploads\/2026\/04\/ALF-8cultura14-768x1152.jpg 768w, https:\/\/canfali.com\/app\/uploads\/2026\/04\/ALF-8cultura14-1024x1536.jpg 1024w, https:\/\/canfali.com\/app\/uploads\/2026\/04\/ALF-8cultura14-332x498.jpg 332w, https:\/\/canfali.com\/app\/uploads\/2026\/04\/ALF-8cultura14-664x996.jpg 664w, https:\/\/canfali.com\/app\/uploads\/2026\/04\/ALF-8cultura14-688x1032.jpg 688w, https:\/\/canfali.com\/app\/uploads\/2026\/04\/ALF-8cultura14-1044x1566.jpg 1044w, https:\/\/canfali.com\/app\/uploads\/2026\/04\/ALF-8cultura14.jpg 1280w\" sizes=\"(max-width: 683px) 100vw, 683px\" \/><\/figure>\n\n\n\n<figure class=\"wp-block-image size-large\"><img loading=\"lazy\" decoding=\"async\" width=\"683\" height=\"1024\" data-id=\"94457\" src=\"https:\/\/canfali.com\/app\/uploads\/2026\/04\/ALF-8cultura15-683x1024.jpg\" alt=\"\" class=\"wp-image-94457\" srcset=\"https:\/\/canfali.com\/app\/uploads\/2026\/04\/ALF-8cultura15-683x1024.jpg 683w, https:\/\/canfali.com\/app\/uploads\/2026\/04\/ALF-8cultura15-200x300.jpg 200w, https:\/\/canfali.com\/app\/uploads\/2026\/04\/ALF-8cultura15-768x1152.jpg 768w, https:\/\/canfali.com\/app\/uploads\/2026\/04\/ALF-8cultura15-1024x1536.jpg 1024w, https:\/\/canfali.com\/app\/uploads\/2026\/04\/ALF-8cultura15-332x498.jpg 332w, https:\/\/canfali.com\/app\/uploads\/2026\/04\/ALF-8cultura15-664x996.jpg 664w, https:\/\/canfali.com\/app\/uploads\/2026\/04\/ALF-8cultura15-688x1032.jpg 688w, https:\/\/canfali.com\/app\/uploads\/2026\/04\/ALF-8cultura15-1044x1566.jpg 1044w, https:\/\/canfali.com\/app\/uploads\/2026\/04\/ALF-8cultura15.jpg 1280w\" sizes=\"(max-width: 683px) 100vw, 683px\" \/><\/figure>\n<\/figure>\n\n<figure class=\"wp-block-gallery has-nested-images columns-default is-cropped wp-block-gallery-16 is-layout-flex wp-block-gallery-is-layout-flex\">\n<figure class=\"wp-block-image size-large\"><img loading=\"lazy\" decoding=\"async\" width=\"683\" height=\"1024\" data-id=\"94461\" src=\"https:\/\/canfali.com\/app\/uploads\/2026\/04\/ALF-8cultura16-683x1024.jpg\" alt=\"\" class=\"wp-image-94461\" srcset=\"https:\/\/canfali.com\/app\/uploads\/2026\/04\/ALF-8cultura16-683x1024.jpg 683w, https:\/\/canfali.com\/app\/uploads\/2026\/04\/ALF-8cultura16-200x300.jpg 200w, https:\/\/canfali.com\/app\/uploads\/2026\/04\/ALF-8cultura16-768x1152.jpg 768w, https:\/\/canfali.com\/app\/uploads\/2026\/04\/ALF-8cultura16-1024x1536.jpg 1024w, https:\/\/canfali.com\/app\/uploads\/2026\/04\/ALF-8cultura16-332x498.jpg 332w, https:\/\/canfali.com\/app\/uploads\/2026\/04\/ALF-8cultura16-664x996.jpg 664w, https:\/\/canfali.com\/app\/uploads\/2026\/04\/ALF-8cultura16-688x1032.jpg 688w, https:\/\/canfali.com\/app\/uploads\/2026\/04\/ALF-8cultura16-1044x1566.jpg 1044w, https:\/\/canfali.com\/app\/uploads\/2026\/04\/ALF-8cultura16.jpg 1280w\" sizes=\"(max-width: 683px) 100vw, 683px\" \/><\/figure>\n\n\n\n<figure class=\"wp-block-image size-large\"><img loading=\"lazy\" decoding=\"async\" width=\"683\" height=\"1024\" data-id=\"94459\" src=\"https:\/\/canfali.com\/app\/uploads\/2026\/04\/ALF-8cultura17-683x1024.jpg\" alt=\"\" class=\"wp-image-94459\" srcset=\"https:\/\/canfali.com\/app\/uploads\/2026\/04\/ALF-8cultura17-683x1024.jpg 683w, https:\/\/canfali.com\/app\/uploads\/2026\/04\/ALF-8cultura17-200x300.jpg 200w, https:\/\/canfali.com\/app\/uploads\/2026\/04\/ALF-8cultura17-768x1152.jpg 768w, https:\/\/canfali.com\/app\/uploads\/2026\/04\/ALF-8cultura17-1024x1536.jpg 1024w, https:\/\/canfali.com\/app\/uploads\/2026\/04\/ALF-8cultura17-332x498.jpg 332w, https:\/\/canfali.com\/app\/uploads\/2026\/04\/ALF-8cultura17-664x996.jpg 664w, https:\/\/canfali.com\/app\/uploads\/2026\/04\/ALF-8cultura17-688x1032.jpg 688w, https:\/\/canfali.com\/app\/uploads\/2026\/04\/ALF-8cultura17-1044x1566.jpg 1044w, https:\/\/canfali.com\/app\/uploads\/2026\/04\/ALF-8cultura17.jpg 1280w\" sizes=\"(max-width: 683px) 100vw, 683px\" \/><\/figure>\n<\/figure>\n\n<p>La gala va incloure, a m\u00e9s, un reconeixement a l\u2019IES L\u2019Arab\u00ed pel seu 25 aniversari i un emotiu homenatge a la mestra Concha Devesa Rodr\u00edguez, \u201cDo\u00f1a Conch\u00edn\u201d.&#13;\n<\/p>\n\n<figure class=\"wp-block-image size-large\"><img loading=\"lazy\" decoding=\"async\" width=\"1024\" height=\"683\" src=\"https:\/\/canfali.com\/app\/uploads\/2026\/04\/ALF-8cultura117-1024x683.jpg\" alt=\"\" class=\"wp-image-94482\" srcset=\"https:\/\/canfali.com\/app\/uploads\/2026\/04\/ALF-8cultura117-1024x683.jpg 1024w, https:\/\/canfali.com\/app\/uploads\/2026\/04\/ALF-8cultura117-300x200.jpg 300w, https:\/\/canfali.com\/app\/uploads\/2026\/04\/ALF-8cultura117-768x512.jpg 768w, https:\/\/canfali.com\/app\/uploads\/2026\/04\/ALF-8cultura117-1536x1024.jpg 1536w, https:\/\/canfali.com\/app\/uploads\/2026\/04\/ALF-8cultura117-332x221.jpg 332w, https:\/\/canfali.com\/app\/uploads\/2026\/04\/ALF-8cultura117-664x443.jpg 664w, https:\/\/canfali.com\/app\/uploads\/2026\/04\/ALF-8cultura117-688x459.jpg 688w, https:\/\/canfali.com\/app\/uploads\/2026\/04\/ALF-8cultura117-1044x696.jpg 1044w, https:\/\/canfali.com\/app\/uploads\/2026\/04\/ALF-8cultura117-1400x933.jpg 1400w, https:\/\/canfali.com\/app\/uploads\/2026\/04\/ALF-8cultura117.jpg 1920w\" sizes=\"(max-width: 1024px) 100vw, 1024px\" \/><\/figure>\n\n<p>L\u2019alcalde, Vicente Arques, va destacar el car\u00e0cter col\u00b7lectiu del premi i el paper de la cultura com a eix del desenvolupament local, mentre que la regidora Sandra G\u00f3mez va subratllar la import\u00e0ncia de recon\u00e9ixer a qui ha constru\u00eft la pol\u00edtica cultural del municipi.&#13;\n<\/p>\n\n<figure class=\"wp-block-gallery has-nested-images columns-default is-cropped wp-block-gallery-17 is-layout-flex wp-block-gallery-is-layout-flex\">\n<figure class=\"wp-block-image size-large\"><img loading=\"lazy\" decoding=\"async\" width=\"683\" height=\"1024\" data-id=\"94463\" src=\"https:\/\/canfali.com\/app\/uploads\/2026\/04\/ALF-8cultura18-683x1024.jpg\" alt=\"\" class=\"wp-image-94463\" srcset=\"https:\/\/canfali.com\/app\/uploads\/2026\/04\/ALF-8cultura18-683x1024.jpg 683w, https:\/\/canfali.com\/app\/uploads\/2026\/04\/ALF-8cultura18-200x300.jpg 200w, https:\/\/canfali.com\/app\/uploads\/2026\/04\/ALF-8cultura18-768x1152.jpg 768w, https:\/\/canfali.com\/app\/uploads\/2026\/04\/ALF-8cultura18-1024x1536.jpg 1024w, https:\/\/canfali.com\/app\/uploads\/2026\/04\/ALF-8cultura18-332x498.jpg 332w, https:\/\/canfali.com\/app\/uploads\/2026\/04\/ALF-8cultura18-664x996.jpg 664w, https:\/\/canfali.com\/app\/uploads\/2026\/04\/ALF-8cultura18-688x1032.jpg 688w, https:\/\/canfali.com\/app\/uploads\/2026\/04\/ALF-8cultura18-1044x1566.jpg 1044w, https:\/\/canfali.com\/app\/uploads\/2026\/04\/ALF-8cultura18.jpg 1280w\" sizes=\"(max-width: 683px) 100vw, 683px\" \/><\/figure>\n\n\n\n<figure class=\"wp-block-image size-large\"><img loading=\"lazy\" decoding=\"async\" width=\"683\" height=\"1024\" data-id=\"94465\" src=\"https:\/\/canfali.com\/app\/uploads\/2026\/04\/ALF-8cultura19-683x1024.jpg\" alt=\"\" class=\"wp-image-94465\" srcset=\"https:\/\/canfali.com\/app\/uploads\/2026\/04\/ALF-8cultura19-683x1024.jpg 683w, https:\/\/canfali.com\/app\/uploads\/2026\/04\/ALF-8cultura19-200x300.jpg 200w, https:\/\/canfali.com\/app\/uploads\/2026\/04\/ALF-8cultura19-768x1152.jpg 768w, https:\/\/canfali.com\/app\/uploads\/2026\/04\/ALF-8cultura19-1024x1536.jpg 1024w, https:\/\/canfali.com\/app\/uploads\/2026\/04\/ALF-8cultura19-332x498.jpg 332w, https:\/\/canfali.com\/app\/uploads\/2026\/04\/ALF-8cultura19-664x996.jpg 664w, https:\/\/canfali.com\/app\/uploads\/2026\/04\/ALF-8cultura19-688x1032.jpg 688w, https:\/\/canfali.com\/app\/uploads\/2026\/04\/ALF-8cultura19-1044x1566.jpg 1044w, https:\/\/canfali.com\/app\/uploads\/2026\/04\/ALF-8cultura19.jpg 1280w\" sizes=\"(max-width: 683px) 100vw, 683px\" \/><\/figure>\n<\/figure>\n\n<figure class=\"wp-block-gallery has-nested-images columns-default is-cropped wp-block-gallery-18 is-layout-flex wp-block-gallery-is-layout-flex\">\n<figure class=\"wp-block-image size-large\"><img loading=\"lazy\" decoding=\"async\" width=\"683\" height=\"1024\" data-id=\"94468\" src=\"https:\/\/canfali.com\/app\/uploads\/2026\/04\/ALF-8cultura110-683x1024.jpg\" alt=\"\" class=\"wp-image-94468\" srcset=\"https:\/\/canfali.com\/app\/uploads\/2026\/04\/ALF-8cultura110-683x1024.jpg 683w, https:\/\/canfali.com\/app\/uploads\/2026\/04\/ALF-8cultura110-200x300.jpg 200w, https:\/\/canfali.com\/app\/uploads\/2026\/04\/ALF-8cultura110-768x1152.jpg 768w, https:\/\/canfali.com\/app\/uploads\/2026\/04\/ALF-8cultura110-1024x1536.jpg 1024w, https:\/\/canfali.com\/app\/uploads\/2026\/04\/ALF-8cultura110-332x498.jpg 332w, https:\/\/canfali.com\/app\/uploads\/2026\/04\/ALF-8cultura110-664x996.jpg 664w, https:\/\/canfali.com\/app\/uploads\/2026\/04\/ALF-8cultura110-688x1032.jpg 688w, https:\/\/canfali.com\/app\/uploads\/2026\/04\/ALF-8cultura110-1044x1566.jpg 1044w, https:\/\/canfali.com\/app\/uploads\/2026\/04\/ALF-8cultura110.jpg 1280w\" sizes=\"(max-width: 683px) 100vw, 683px\" \/><\/figure>\n\n\n\n<figure class=\"wp-block-image size-large\"><img loading=\"lazy\" decoding=\"async\" width=\"683\" height=\"1024\" data-id=\"94467\" src=\"https:\/\/canfali.com\/app\/uploads\/2026\/04\/ALF-8cultura111-683x1024.jpg\" alt=\"\" class=\"wp-image-94467\" srcset=\"https:\/\/canfali.com\/app\/uploads\/2026\/04\/ALF-8cultura111-683x1024.jpg 683w, https:\/\/canfali.com\/app\/uploads\/2026\/04\/ALF-8cultura111-200x300.jpg 200w, https:\/\/canfali.com\/app\/uploads\/2026\/04\/ALF-8cultura111-768x1152.jpg 768w, https:\/\/canfali.com\/app\/uploads\/2026\/04\/ALF-8cultura111-1024x1536.jpg 1024w, https:\/\/canfali.com\/app\/uploads\/2026\/04\/ALF-8cultura111-332x498.jpg 332w, https:\/\/canfali.com\/app\/uploads\/2026\/04\/ALF-8cultura111-664x996.jpg 664w, https:\/\/canfali.com\/app\/uploads\/2026\/04\/ALF-8cultura111-688x1032.jpg 688w, https:\/\/canfali.com\/app\/uploads\/2026\/04\/ALF-8cultura111-1044x1566.jpg 1044w, https:\/\/canfali.com\/app\/uploads\/2026\/04\/ALF-8cultura111.jpg 1280w\" sizes=\"(max-width: 683px) 100vw, 683px\" \/><\/figure>\n<\/figure>\n\n<figure class=\"wp-block-gallery has-nested-images columns-default is-cropped wp-block-gallery-19 is-layout-flex wp-block-gallery-is-layout-flex\">\n<figure class=\"wp-block-image size-large\"><img loading=\"lazy\" decoding=\"async\" width=\"683\" height=\"1024\" data-id=\"94470\" src=\"https:\/\/canfali.com\/app\/uploads\/2026\/04\/ALF-8cultura112-683x1024.jpg\" alt=\"\" class=\"wp-image-94470\" srcset=\"https:\/\/canfali.com\/app\/uploads\/2026\/04\/ALF-8cultura112-683x1024.jpg 683w, https:\/\/canfali.com\/app\/uploads\/2026\/04\/ALF-8cultura112-200x300.jpg 200w, https:\/\/canfali.com\/app\/uploads\/2026\/04\/ALF-8cultura112-768x1152.jpg 768w, https:\/\/canfali.com\/app\/uploads\/2026\/04\/ALF-8cultura112-1024x1536.jpg 1024w, https:\/\/canfali.com\/app\/uploads\/2026\/04\/ALF-8cultura112-332x498.jpg 332w, https:\/\/canfali.com\/app\/uploads\/2026\/04\/ALF-8cultura112-664x996.jpg 664w, https:\/\/canfali.com\/app\/uploads\/2026\/04\/ALF-8cultura112-688x1032.jpg 688w, https:\/\/canfali.com\/app\/uploads\/2026\/04\/ALF-8cultura112-1044x1566.jpg 1044w, https:\/\/canfali.com\/app\/uploads\/2026\/04\/ALF-8cultura112.jpg 1280w\" sizes=\"(max-width: 683px) 100vw, 683px\" \/><\/figure>\n\n\n\n<figure class=\"wp-block-image size-large\"><img loading=\"lazy\" decoding=\"async\" width=\"683\" height=\"1024\" data-id=\"94472\" src=\"https:\/\/canfali.com\/app\/uploads\/2026\/04\/ALF-8cultura113-683x1024.jpg\" alt=\"\" class=\"wp-image-94472\" srcset=\"https:\/\/canfali.com\/app\/uploads\/2026\/04\/ALF-8cultura113-683x1024.jpg 683w, https:\/\/canfali.com\/app\/uploads\/2026\/04\/ALF-8cultura113-200x300.jpg 200w, https:\/\/canfali.com\/app\/uploads\/2026\/04\/ALF-8cultura113-768x1152.jpg 768w, https:\/\/canfali.com\/app\/uploads\/2026\/04\/ALF-8cultura113-1024x1536.jpg 1024w, https:\/\/canfali.com\/app\/uploads\/2026\/04\/ALF-8cultura113-332x498.jpg 332w, https:\/\/canfali.com\/app\/uploads\/2026\/04\/ALF-8cultura113-664x996.jpg 664w, https:\/\/canfali.com\/app\/uploads\/2026\/04\/ALF-8cultura113-688x1032.jpg 688w, https:\/\/canfali.com\/app\/uploads\/2026\/04\/ALF-8cultura113-1044x1566.jpg 1044w, https:\/\/canfali.com\/app\/uploads\/2026\/04\/ALF-8cultura113.jpg 1280w\" sizes=\"(max-width: 683px) 100vw, 683px\" \/><\/figure>\n<\/figure>\n\n<figure class=\"wp-block-gallery has-nested-images columns-default is-cropped wp-block-gallery-20 is-layout-flex wp-block-gallery-is-layout-flex\">\n<figure class=\"wp-block-image size-large\"><img loading=\"lazy\" decoding=\"async\" width=\"683\" height=\"1024\" data-id=\"94474\" src=\"https:\/\/canfali.com\/app\/uploads\/2026\/04\/ALF-8cultura114-683x1024.jpg\" alt=\"\" class=\"wp-image-94474\" srcset=\"https:\/\/canfali.com\/app\/uploads\/2026\/04\/ALF-8cultura114-683x1024.jpg 683w, https:\/\/canfali.com\/app\/uploads\/2026\/04\/ALF-8cultura114-200x300.jpg 200w, https:\/\/canfali.com\/app\/uploads\/2026\/04\/ALF-8cultura114-768x1152.jpg 768w, https:\/\/canfali.com\/app\/uploads\/2026\/04\/ALF-8cultura114-1024x1536.jpg 1024w, https:\/\/canfali.com\/app\/uploads\/2026\/04\/ALF-8cultura114-332x498.jpg 332w, https:\/\/canfali.com\/app\/uploads\/2026\/04\/ALF-8cultura114-664x996.jpg 664w, https:\/\/canfali.com\/app\/uploads\/2026\/04\/ALF-8cultura114-688x1032.jpg 688w, https:\/\/canfali.com\/app\/uploads\/2026\/04\/ALF-8cultura114-1044x1566.jpg 1044w, https:\/\/canfali.com\/app\/uploads\/2026\/04\/ALF-8cultura114.jpg 1280w\" sizes=\"(max-width: 683px) 100vw, 683px\" \/><\/figure>\n\n\n\n<figure class=\"wp-block-image size-large\"><img loading=\"lazy\" decoding=\"async\" width=\"683\" height=\"1024\" data-id=\"94476\" src=\"https:\/\/canfali.com\/app\/uploads\/2026\/04\/ALF-8cultura115-683x1024.jpg\" alt=\"\" class=\"wp-image-94476\" srcset=\"https:\/\/canfali.com\/app\/uploads\/2026\/04\/ALF-8cultura115-683x1024.jpg 683w, https:\/\/canfali.com\/app\/uploads\/2026\/04\/ALF-8cultura115-200x300.jpg 200w, https:\/\/canfali.com\/app\/uploads\/2026\/04\/ALF-8cultura115-768x1152.jpg 768w, https:\/\/canfali.com\/app\/uploads\/2026\/04\/ALF-8cultura115-1024x1536.jpg 1024w, https:\/\/canfali.com\/app\/uploads\/2026\/04\/ALF-8cultura115-332x498.jpg 332w, https:\/\/canfali.com\/app\/uploads\/2026\/04\/ALF-8cultura115-664x996.jpg 664w, https:\/\/canfali.com\/app\/uploads\/2026\/04\/ALF-8cultura115-688x1032.jpg 688w, https:\/\/canfali.com\/app\/uploads\/2026\/04\/ALF-8cultura115-1044x1566.jpg 1044w, https:\/\/canfali.com\/app\/uploads\/2026\/04\/ALF-8cultura115.jpg 1280w\" sizes=\"(max-width: 683px) 100vw, 683px\" \/><\/figure>\n<\/figure>\n\n<figure class=\"wp-block-gallery has-nested-images columns-default is-cropped wp-block-gallery-21 is-layout-flex wp-block-gallery-is-layout-flex\">\n<figure class=\"wp-block-image size-large\"><img loading=\"lazy\" decoding=\"async\" width=\"683\" height=\"1024\" data-id=\"94478\" src=\"https:\/\/canfali.com\/app\/uploads\/2026\/04\/ALF-8cultura116-683x1024.jpg\" alt=\"\" class=\"wp-image-94478\" srcset=\"https:\/\/canfali.com\/app\/uploads\/2026\/04\/ALF-8cultura116-683x1024.jpg 683w, https:\/\/canfali.com\/app\/uploads\/2026\/04\/ALF-8cultura116-200x300.jpg 200w, https:\/\/canfali.com\/app\/uploads\/2026\/04\/ALF-8cultura116-768x1152.jpg 768w, https:\/\/canfali.com\/app\/uploads\/2026\/04\/ALF-8cultura116-1024x1536.jpg 1024w, https:\/\/canfali.com\/app\/uploads\/2026\/04\/ALF-8cultura116-332x498.jpg 332w, https:\/\/canfali.com\/app\/uploads\/2026\/04\/ALF-8cultura116-664x996.jpg 664w, https:\/\/canfali.com\/app\/uploads\/2026\/04\/ALF-8cultura116-688x1032.jpg 688w, https:\/\/canfali.com\/app\/uploads\/2026\/04\/ALF-8cultura116-1044x1566.jpg 1044w, https:\/\/canfali.com\/app\/uploads\/2026\/04\/ALF-8cultura116.jpg 1280w\" sizes=\"(max-width: 683px) 100vw, 683px\" \/><\/figure>\n\n\n\n<figure class=\"wp-block-image size-large\"><img loading=\"lazy\" decoding=\"async\" width=\"669\" height=\"1024\" data-id=\"94480\" src=\"https:\/\/canfali.com\/app\/uploads\/2026\/04\/Patrimonio_setmana-cultural-entrega-premi-lalfas-41-669x1024.jpg\" alt=\"\" class=\"wp-image-94480\" srcset=\"https:\/\/canfali.com\/app\/uploads\/2026\/04\/Patrimonio_setmana-cultural-entrega-premi-lalfas-41-669x1024.jpg 669w, https:\/\/canfali.com\/app\/uploads\/2026\/04\/Patrimonio_setmana-cultural-entrega-premi-lalfas-41-196x300.jpg 196w, https:\/\/canfali.com\/app\/uploads\/2026\/04\/Patrimonio_setmana-cultural-entrega-premi-lalfas-41-768x1175.jpg 768w, https:\/\/canfali.com\/app\/uploads\/2026\/04\/Patrimonio_setmana-cultural-entrega-premi-lalfas-41-1004x1536.jpg 1004w, https:\/\/canfali.com\/app\/uploads\/2026\/04\/Patrimonio_setmana-cultural-entrega-premi-lalfas-41-332x508.jpg 332w, https:\/\/canfali.com\/app\/uploads\/2026\/04\/Patrimonio_setmana-cultural-entrega-premi-lalfas-41-664x1016.jpg 664w, https:\/\/canfali.com\/app\/uploads\/2026\/04\/Patrimonio_setmana-cultural-entrega-premi-lalfas-41-688x1053.jpg 688w, https:\/\/canfali.com\/app\/uploads\/2026\/04\/Patrimonio_setmana-cultural-entrega-premi-lalfas-41-1044x1597.jpg 1044w, https:\/\/canfali.com\/app\/uploads\/2026\/04\/Patrimonio_setmana-cultural-entrega-premi-lalfas-41.jpg 1255w\" sizes=\"(max-width: 669px) 100vw, 669px\" \/><\/figure>\n<\/figure>\n","protected":false},"excerpt":{"rendered":"L\u2019Ajuntament de l\u2019Alf\u00e0s del Pi ha celebrat este cap de setmana l\u2019entrega del Premi L\u2019Alf\u00e0s 2026, un dels&hellip;","protected":false},"author":8,"featured_media":94450,"comment_status":"closed","ping_status":"open","sticky":false,"template":"","format":"standard","meta":{"csco_display_header_overlay":false,"csco_singular_sidebar":"","csco_page_header_type":"","csco_page_load_nextpost":"","csco_post_video_location":[],"csco_post_video_location_hash":"","csco_post_video_url":"","csco_post_video_bg_start_time":0,"csco_post_video_bg_end_time":0,"footnotes":""},"categories":[7155],"tags":[],"class_list":{"0":"post-94485","1":"post","2":"type-post","3":"status-publish","4":"format-standard","5":"has-post-thumbnail","7":"category-marina-baixa","8":"cs-entry","9":"cs-video-wrap"},"yoast_head":"<!-- This site is optimized with the Yoast SEO Premium plugin v26.6 (Yoast SEO v27.3) - https:\/\/yoast.com\/product\/yoast-seo-premium-wordpress\/ -->\n<title>El Premi L\u2019Alf\u00e0s 2026 reconeix la tasca col\u00b7lectiva de la cultura local en les \u00faltimes d\u00e8cades - Canfali<\/title>\n<meta name=\"description\" content=\"L&#039;Alf\u00e0s del Pi ha celebrat l\u2019entrega del Premi L\u2019Alf\u00e0s 2026, un dels actes centrals de la XV Setmana Cultural L\u2019Alf\u00e0s amb Hist\u00f2ria.\" \/>\n<meta name=\"robots\" content=\"index, follow, max-snippet:-1, max-image-preview:large, max-video-preview:-1\" \/>\n<link rel=\"canonical\" href=\"https:\/\/canfali.com\/ca-es\/el-premi-lalfas-2026-reconeix-la-tasca-col%c2%b7lectiva-de-la-cultura-local-en-les-ultimes-decades\/\" \/>\n<meta property=\"og:locale\" content=\"en_US\" \/>\n<meta property=\"og:type\" content=\"article\" \/>\n<meta property=\"og:title\" content=\"El Premi L\u2019Alf\u00e0s 2026 reconeix la tasca col\u00b7lectiva de la cultura local en les \u00faltimes d\u00e8cades\" \/>\n<meta property=\"og:description\" content=\"L&#039;Alf\u00e0s del Pi ha celebrat l\u2019entrega del Premi L\u2019Alf\u00e0s 2026, un dels actes centrals de la XV Setmana Cultural L\u2019Alf\u00e0s amb Hist\u00f2ria.\" \/>\n<meta property=\"og:url\" content=\"https:\/\/canfali.com\/ca-es\/el-premi-lalfas-2026-reconeix-la-tasca-col%c2%b7lectiva-de-la-cultura-local-en-les-ultimes-decades\/\" \/>\n<meta property=\"og:site_name\" content=\"Canfali\" \/>\n<meta property=\"article:publisher\" content=\"https:\/\/es-es.facebook.com\/CANFALIMarinaAlta\" \/>\n<meta property=\"article:published_time\" content=\"2026-04-20T07:39:17+00:00\" \/>\n<meta property=\"article:modified_time\" content=\"2026-04-20T07:44:39+00:00\" \/>\n<meta property=\"og:image\" content=\"https:\/\/canfali.com\/app\/uploads\/2026\/04\/ALF-8cultura118.jpg\" \/>\n\t<meta property=\"og:image:width\" content=\"1920\" \/>\n\t<meta property=\"og:image:height\" content=\"1280\" \/>\n\t<meta property=\"og:image:type\" content=\"image\/jpeg\" \/>\n<meta name=\"author\" content=\"Lluis\" \/>\n<meta name=\"twitter:card\" content=\"summary_large_image\" \/>\n<meta name=\"twitter:creator\" content=\"@canfalima\" \/>\n<meta name=\"twitter:site\" content=\"@canfalima\" \/>\n<meta name=\"twitter:label1\" content=\"Written by\" \/>\n\t<meta name=\"twitter:data1\" content=\"Lluis\" \/>\n\t<meta name=\"twitter:label2\" content=\"Est. reading time\" \/>\n\t<meta name=\"twitter:data2\" content=\"1 minute\" \/>\n<script type=\"application\/ld+json\" class=\"yoast-schema-graph\">{\"@context\":\"https:\\\/\\\/schema.org\",\"@graph\":[{\"@type\":\"NewsArticle\",\"@id\":\"https:\\\/\\\/canfali.com\\\/ca-es\\\/el-premi-lalfas-2026-reconeix-la-tasca-col%c2%b7lectiva-de-la-cultura-local-en-les-ultimes-decades\\\/#article\",\"isPartOf\":{\"@id\":\"https:\\\/\\\/canfali.com\\\/ca-es\\\/el-premi-lalfas-2026-reconeix-la-tasca-col%c2%b7lectiva-de-la-cultura-local-en-les-ultimes-decades\\\/\"},\"author\":{\"name\":\"Lluis\",\"@id\":\"https:\\\/\\\/canfali.com\\\/ca-es\\\/#\\\/schema\\\/person\\\/f540a86fb33e10daaae53c59ceaa1194\"},\"headline\":\"El Premi L\u2019Alf\u00e0s 2026 reconeix la tasca col\u00b7lectiva de la cultura local en les \u00faltimes d\u00e8cades\",\"datePublished\":\"2026-04-20T07:39:17+00:00\",\"dateModified\":\"2026-04-20T07:44:39+00:00\",\"mainEntityOfPage\":{\"@id\":\"https:\\\/\\\/canfali.com\\\/ca-es\\\/el-premi-lalfas-2026-reconeix-la-tasca-col%c2%b7lectiva-de-la-cultura-local-en-les-ultimes-decades\\\/\"},\"wordCount\":307,\"publisher\":{\"@id\":\"https:\\\/\\\/canfali.com\\\/ca-es\\\/#organization\"},\"image\":{\"@id\":\"https:\\\/\\\/canfali.com\\\/ca-es\\\/el-premi-lalfas-2026-reconeix-la-tasca-col%c2%b7lectiva-de-la-cultura-local-en-les-ultimes-decades\\\/#primaryimage\"},\"thumbnailUrl\":\"https:\\\/\\\/canfali.com\\\/app\\\/uploads\\\/2026\\\/04\\\/ALF-8cultura118.jpg\",\"articleSection\":[\"Marina Baixa\"],\"inLanguage\":\"va-ES\",\"copyrightYear\":\"2026\",\"copyrightHolder\":{\"@id\":\"https:\\\/\\\/canfali.com\\\/#organization\"}},{\"@type\":\"WebPage\",\"@id\":\"https:\\\/\\\/canfali.com\\\/ca-es\\\/el-premi-lalfas-2026-reconeix-la-tasca-col%c2%b7lectiva-de-la-cultura-local-en-les-ultimes-decades\\\/\",\"url\":\"https:\\\/\\\/canfali.com\\\/ca-es\\\/el-premi-lalfas-2026-reconeix-la-tasca-col%c2%b7lectiva-de-la-cultura-local-en-les-ultimes-decades\\\/\",\"name\":\"El Premi L\u2019Alf\u00e0s 2026 reconeix la tasca col\u00b7lectiva de la cultura local en les \u00faltimes d\u00e8cades - Canfali\",\"isPartOf\":{\"@id\":\"https:\\\/\\\/canfali.com\\\/ca-es\\\/#website\"},\"primaryImageOfPage\":{\"@id\":\"https:\\\/\\\/canfali.com\\\/ca-es\\\/el-premi-lalfas-2026-reconeix-la-tasca-col%c2%b7lectiva-de-la-cultura-local-en-les-ultimes-decades\\\/#primaryimage\"},\"image\":{\"@id\":\"https:\\\/\\\/canfali.com\\\/ca-es\\\/el-premi-lalfas-2026-reconeix-la-tasca-col%c2%b7lectiva-de-la-cultura-local-en-les-ultimes-decades\\\/#primaryimage\"},\"thumbnailUrl\":\"https:\\\/\\\/canfali.com\\\/app\\\/uploads\\\/2026\\\/04\\\/ALF-8cultura118.jpg\",\"datePublished\":\"2026-04-20T07:39:17+00:00\",\"dateModified\":\"2026-04-20T07:44:39+00:00\",\"description\":\"L'Alf\u00e0s del Pi ha celebrat l\u2019entrega del Premi L\u2019Alf\u00e0s 2026, un dels actes centrals de la XV Setmana Cultural L\u2019Alf\u00e0s amb Hist\u00f2ria.\",\"breadcrumb\":{\"@id\":\"https:\\\/\\\/canfali.com\\\/ca-es\\\/el-premi-lalfas-2026-reconeix-la-tasca-col%c2%b7lectiva-de-la-cultura-local-en-les-ultimes-decades\\\/#breadcrumb\"},\"inLanguage\":\"va-ES\",\"potentialAction\":[{\"@type\":\"ReadAction\",\"target\":[\"https:\\\/\\\/canfali.com\\\/ca-es\\\/el-premi-lalfas-2026-reconeix-la-tasca-col%c2%b7lectiva-de-la-cultura-local-en-les-ultimes-decades\\\/\"]}]},{\"@type\":\"ImageObject\",\"inLanguage\":\"va-ES\",\"@id\":\"https:\\\/\\\/canfali.com\\\/ca-es\\\/el-premi-lalfas-2026-reconeix-la-tasca-col%c2%b7lectiva-de-la-cultura-local-en-les-ultimes-decades\\\/#primaryimage\",\"url\":\"https:\\\/\\\/canfali.com\\\/app\\\/uploads\\\/2026\\\/04\\\/ALF-8cultura118.jpg\",\"contentUrl\":\"https:\\\/\\\/canfali.com\\\/app\\\/uploads\\\/2026\\\/04\\\/ALF-8cultura118.jpg\",\"width\":1920,\"height\":1280},{\"@type\":\"BreadcrumbList\",\"@id\":\"https:\\\/\\\/canfali.com\\\/ca-es\\\/el-premi-lalfas-2026-reconeix-la-tasca-col%c2%b7lectiva-de-la-cultura-local-en-les-ultimes-decades\\\/#breadcrumb\",\"itemListElement\":[{\"@type\":\"ListItem\",\"position\":1,\"name\":\"Portada\",\"item\":\"https:\\\/\\\/canfali.com\\\/ca-es\\\/\"},{\"@type\":\"ListItem\",\"position\":2,\"name\":\"El Premi L\u2019Alf\u00e0s 2026 reconeix la tasca col\u00b7lectiva de la cultura local en les \u00faltimes d\u00e8cades\"}]},{\"@type\":\"WebSite\",\"@id\":\"https:\\\/\\\/canfali.com\\\/ca-es\\\/#website\",\"url\":\"https:\\\/\\\/canfali.com\\\/ca-es\\\/\",\"name\":\"Canfali\",\"description\":\"\",\"publisher\":{\"@id\":\"https:\\\/\\\/canfali.com\\\/ca-es\\\/#organization\"},\"potentialAction\":[{\"@type\":\"SearchAction\",\"target\":{\"@type\":\"EntryPoint\",\"urlTemplate\":\"https:\\\/\\\/canfali.com\\\/ca-es\\\/?s={search_term_string}\"},\"query-input\":{\"@type\":\"PropertyValueSpecification\",\"valueRequired\":true,\"valueName\":\"search_term_string\"}}],\"inLanguage\":\"va-ES\"},{\"@type\":\"Organization\",\"@id\":\"https:\\\/\\\/canfali.com\\\/ca-es\\\/#organization\",\"name\":\"Canfali\",\"url\":\"https:\\\/\\\/canfali.com\\\/ca-es\\\/\",\"logo\":{\"@type\":\"ImageObject\",\"inLanguage\":\"va-ES\",\"@id\":\"https:\\\/\\\/canfali.com\\\/ca-es\\\/#\\\/schema\\\/logo\\\/image\\\/\",\"url\":\"https:\\\/\\\/canfali.com\\\/app\\\/uploads\\\/2025\\\/12\\\/canfali_marina_alta_logo.png\",\"contentUrl\":\"https:\\\/\\\/canfali.com\\\/app\\\/uploads\\\/2025\\\/12\\\/canfali_marina_alta_logo.png\",\"width\":225,\"height\":225,\"caption\":\"Canfali\"},\"image\":{\"@id\":\"https:\\\/\\\/canfali.com\\\/ca-es\\\/#\\\/schema\\\/logo\\\/image\\\/\"},\"sameAs\":[\"https:\\\/\\\/es-es.facebook.com\\\/CANFALIMarinaAlta\",\"https:\\\/\\\/x.com\\\/canfalima\",\"https:\\\/\\\/www.instagram.com\\\/canfalimarinaalta\\\/\"]},{\"@type\":\"Person\",\"@id\":\"https:\\\/\\\/canfali.com\\\/ca-es\\\/#\\\/schema\\\/person\\\/f540a86fb33e10daaae53c59ceaa1194\",\"name\":\"Lluis\",\"image\":{\"@type\":\"ImageObject\",\"inLanguage\":\"va-ES\",\"@id\":\"https:\\\/\\\/secure.gravatar.com\\\/avatar\\\/a21ec8835290e4e02ed0886b8cb327d807d0eb6ec8ccf25d4c2a0a415f506c0d?s=96&d=mm&r=g\",\"url\":\"https:\\\/\\\/secure.gravatar.com\\\/avatar\\\/a21ec8835290e4e02ed0886b8cb327d807d0eb6ec8ccf25d4c2a0a415f506c0d?s=96&d=mm&r=g\",\"contentUrl\":\"https:\\\/\\\/secure.gravatar.com\\\/avatar\\\/a21ec8835290e4e02ed0886b8cb327d807d0eb6ec8ccf25d4c2a0a415f506c0d?s=96&d=mm&r=g\",\"caption\":\"Lluis\"},\"url\":\"https:\\\/\\\/canfali.com\\\/ca-es\\\/author\\\/lluis\\\/\"}]}<\/script>\n<!-- \/ Yoast SEO Premium plugin. -->","yoast_head_json":{"title":"El Premi L\u2019Alf\u00e0s 2026 reconeix la tasca col\u00b7lectiva de la cultura local en les \u00faltimes d\u00e8cades - Canfali","description":"L'Alf\u00e0s del Pi ha celebrat l\u2019entrega del Premi L\u2019Alf\u00e0s 2026, un dels actes centrals de la XV Setmana Cultural L\u2019Alf\u00e0s amb Hist\u00f2ria.","robots":{"index":"index","follow":"follow","max-snippet":"max-snippet:-1","max-image-preview":"max-image-preview:large","max-video-preview":"max-video-preview:-1"},"canonical":"https:\/\/canfali.com\/ca-es\/el-premi-lalfas-2026-reconeix-la-tasca-col%c2%b7lectiva-de-la-cultura-local-en-les-ultimes-decades\/","og_locale":"en_US","og_type":"article","og_title":"El Premi L\u2019Alf\u00e0s 2026 reconeix la tasca col\u00b7lectiva de la cultura local en les \u00faltimes d\u00e8cades","og_description":"L'Alf\u00e0s del Pi ha celebrat l\u2019entrega del Premi L\u2019Alf\u00e0s 2026, un dels actes centrals de la XV Setmana Cultural L\u2019Alf\u00e0s amb Hist\u00f2ria.","og_url":"https:\/\/canfali.com\/ca-es\/el-premi-lalfas-2026-reconeix-la-tasca-col%c2%b7lectiva-de-la-cultura-local-en-les-ultimes-decades\/","og_site_name":"Canfali","article_publisher":"https:\/\/es-es.facebook.com\/CANFALIMarinaAlta","article_published_time":"2026-04-20T07:39:17+00:00","article_modified_time":"2026-04-20T07:44:39+00:00","og_image":[{"width":1920,"height":1280,"url":"https:\/\/canfali.com\/app\/uploads\/2026\/04\/ALF-8cultura118.jpg","type":"image\/jpeg"}],"author":"Lluis","twitter_card":"summary_large_image","twitter_creator":"@canfalima","twitter_site":"@canfalima","twitter_misc":{"Written by":"Lluis","Est. reading time":"1 minute"},"schema":{"@context":"https:\/\/schema.org","@graph":[{"@type":"NewsArticle","@id":"https:\/\/canfali.com\/ca-es\/el-premi-lalfas-2026-reconeix-la-tasca-col%c2%b7lectiva-de-la-cultura-local-en-les-ultimes-decades\/#article","isPartOf":{"@id":"https:\/\/canfali.com\/ca-es\/el-premi-lalfas-2026-reconeix-la-tasca-col%c2%b7lectiva-de-la-cultura-local-en-les-ultimes-decades\/"},"author":{"name":"Lluis","@id":"https:\/\/canfali.com\/ca-es\/#\/schema\/person\/f540a86fb33e10daaae53c59ceaa1194"},"headline":"El Premi L\u2019Alf\u00e0s 2026 reconeix la tasca col\u00b7lectiva de la cultura local en les \u00faltimes d\u00e8cades","datePublished":"2026-04-20T07:39:17+00:00","dateModified":"2026-04-20T07:44:39+00:00","mainEntityOfPage":{"@id":"https:\/\/canfali.com\/ca-es\/el-premi-lalfas-2026-reconeix-la-tasca-col%c2%b7lectiva-de-la-cultura-local-en-les-ultimes-decades\/"},"wordCount":307,"publisher":{"@id":"https:\/\/canfali.com\/ca-es\/#organization"},"image":{"@id":"https:\/\/canfali.com\/ca-es\/el-premi-lalfas-2026-reconeix-la-tasca-col%c2%b7lectiva-de-la-cultura-local-en-les-ultimes-decades\/#primaryimage"},"thumbnailUrl":"https:\/\/canfali.com\/app\/uploads\/2026\/04\/ALF-8cultura118.jpg","articleSection":["Marina Baixa"],"inLanguage":"va-ES","copyrightYear":"2026","copyrightHolder":{"@id":"https:\/\/canfali.com\/#organization"}},{"@type":"WebPage","@id":"https:\/\/canfali.com\/ca-es\/el-premi-lalfas-2026-reconeix-la-tasca-col%c2%b7lectiva-de-la-cultura-local-en-les-ultimes-decades\/","url":"https:\/\/canfali.com\/ca-es\/el-premi-lalfas-2026-reconeix-la-tasca-col%c2%b7lectiva-de-la-cultura-local-en-les-ultimes-decades\/","name":"El Premi L\u2019Alf\u00e0s 2026 reconeix la tasca col\u00b7lectiva de la cultura local en les \u00faltimes d\u00e8cades - Canfali","isPartOf":{"@id":"https:\/\/canfali.com\/ca-es\/#website"},"primaryImageOfPage":{"@id":"https:\/\/canfali.com\/ca-es\/el-premi-lalfas-2026-reconeix-la-tasca-col%c2%b7lectiva-de-la-cultura-local-en-les-ultimes-decades\/#primaryimage"},"image":{"@id":"https:\/\/canfali.com\/ca-es\/el-premi-lalfas-2026-reconeix-la-tasca-col%c2%b7lectiva-de-la-cultura-local-en-les-ultimes-decades\/#primaryimage"},"thumbnailUrl":"https:\/\/canfali.com\/app\/uploads\/2026\/04\/ALF-8cultura118.jpg","datePublished":"2026-04-20T07:39:17+00:00","dateModified":"2026-04-20T07:44:39+00:00","description":"L'Alf\u00e0s del Pi ha celebrat l\u2019entrega del Premi L\u2019Alf\u00e0s 2026, un dels actes centrals de la XV Setmana Cultural L\u2019Alf\u00e0s amb Hist\u00f2ria.","breadcrumb":{"@id":"https:\/\/canfali.com\/ca-es\/el-premi-lalfas-2026-reconeix-la-tasca-col%c2%b7lectiva-de-la-cultura-local-en-les-ultimes-decades\/#breadcrumb"},"inLanguage":"va-ES","potentialAction":[{"@type":"ReadAction","target":["https:\/\/canfali.com\/ca-es\/el-premi-lalfas-2026-reconeix-la-tasca-col%c2%b7lectiva-de-la-cultura-local-en-les-ultimes-decades\/"]}]},{"@type":"ImageObject","inLanguage":"va-ES","@id":"https:\/\/canfali.com\/ca-es\/el-premi-lalfas-2026-reconeix-la-tasca-col%c2%b7lectiva-de-la-cultura-local-en-les-ultimes-decades\/#primaryimage","url":"https:\/\/canfali.com\/app\/uploads\/2026\/04\/ALF-8cultura118.jpg","contentUrl":"https:\/\/canfali.com\/app\/uploads\/2026\/04\/ALF-8cultura118.jpg","width":1920,"height":1280},{"@type":"BreadcrumbList","@id":"https:\/\/canfali.com\/ca-es\/el-premi-lalfas-2026-reconeix-la-tasca-col%c2%b7lectiva-de-la-cultura-local-en-les-ultimes-decades\/#breadcrumb","itemListElement":[{"@type":"ListItem","position":1,"name":"Portada","item":"https:\/\/canfali.com\/ca-es\/"},{"@type":"ListItem","position":2,"name":"El Premi L\u2019Alf\u00e0s 2026 reconeix la tasca col\u00b7lectiva de la cultura local en les \u00faltimes d\u00e8cades"}]},{"@type":"WebSite","@id":"https:\/\/canfali.com\/ca-es\/#website","url":"https:\/\/canfali.com\/ca-es\/","name":"Canfali","description":"","publisher":{"@id":"https:\/\/canfali.com\/ca-es\/#organization"},"potentialAction":[{"@type":"SearchAction","target":{"@type":"EntryPoint","urlTemplate":"https:\/\/canfali.com\/ca-es\/?s={search_term_string}"},"query-input":{"@type":"PropertyValueSpecification","valueRequired":true,"valueName":"search_term_string"}}],"inLanguage":"va-ES"},{"@type":"Organization","@id":"https:\/\/canfali.com\/ca-es\/#organization","name":"Canfali","url":"https:\/\/canfali.com\/ca-es\/","logo":{"@type":"ImageObject","inLanguage":"va-ES","@id":"https:\/\/canfali.com\/ca-es\/#\/schema\/logo\/image\/","url":"https:\/\/canfali.com\/app\/uploads\/2025\/12\/canfali_marina_alta_logo.png","contentUrl":"https:\/\/canfali.com\/app\/uploads\/2025\/12\/canfali_marina_alta_logo.png","width":225,"height":225,"caption":"Canfali"},"image":{"@id":"https:\/\/canfali.com\/ca-es\/#\/schema\/logo\/image\/"},"sameAs":["https:\/\/es-es.facebook.com\/CANFALIMarinaAlta","https:\/\/x.com\/canfalima","https:\/\/www.instagram.com\/canfalimarinaalta\/"]},{"@type":"Person","@id":"https:\/\/canfali.com\/ca-es\/#\/schema\/person\/f540a86fb33e10daaae53c59ceaa1194","name":"Lluis","image":{"@type":"ImageObject","inLanguage":"va-ES","@id":"https:\/\/secure.gravatar.com\/avatar\/a21ec8835290e4e02ed0886b8cb327d807d0eb6ec8ccf25d4c2a0a415f506c0d?s=96&d=mm&r=g","url":"https:\/\/secure.gravatar.com\/avatar\/a21ec8835290e4e02ed0886b8cb327d807d0eb6ec8ccf25d4c2a0a415f506c0d?s=96&d=mm&r=g","contentUrl":"https:\/\/secure.gravatar.com\/avatar\/a21ec8835290e4e02ed0886b8cb327d807d0eb6ec8ccf25d4c2a0a415f506c0d?s=96&d=mm&r=g","caption":"Lluis"},"url":"https:\/\/canfali.com\/ca-es\/author\/lluis\/"}]}},"_links":{"self":[{"href":"https:\/\/canfali.com\/ca-es\/wp-json\/wp\/v2\/posts\/94485","targetHints":{"allow":["GET"]}}],"collection":[{"href":"https:\/\/canfali.com\/ca-es\/wp-json\/wp\/v2\/posts"}],"about":[{"href":"https:\/\/canfali.com\/ca-es\/wp-json\/wp\/v2\/types\/post"}],"author":[{"embeddable":true,"href":"https:\/\/canfali.com\/ca-es\/wp-json\/wp\/v2\/users\/8"}],"replies":[{"embeddable":true,"href":"https:\/\/canfali.com\/ca-es\/wp-json\/wp\/v2\/comments?post=94485"}],"version-history":[{"count":3,"href":"https:\/\/canfali.com\/ca-es\/wp-json\/wp\/v2\/posts\/94485\/revisions"}],"predecessor-version":[{"id":94488,"href":"https:\/\/canfali.com\/ca-es\/wp-json\/wp\/v2\/posts\/94485\/revisions\/94488"}],"wp:featuredmedia":[{"embeddable":true,"href":"https:\/\/canfali.com\/ca-es\/wp-json\/wp\/v2\/media\/94450"}],"wp:attachment":[{"href":"https:\/\/canfali.com\/ca-es\/wp-json\/wp\/v2\/media?parent=94485"}],"wp:term":[{"taxonomy":"category","embeddable":true,"href":"https:\/\/canfali.com\/ca-es\/wp-json\/wp\/v2\/categories?post=94485"},{"taxonomy":"post_tag","embeddable":true,"href":"https:\/\/canfali.com\/ca-es\/wp-json\/wp\/v2\/tags?post=94485"}],"curies":[{"name":"wp","href":"https:\/\/api.w.org\/{rel}","templated":true}]}}