{"id":91538,"date":"2026-03-18T21:08:48","date_gmt":"2026-03-18T20:08:48","guid":{"rendered":"https:\/\/canfali.com\/?p=91538"},"modified":"2026-03-18T21:16:18","modified_gmt":"2026-03-18T20:16:18","slug":"convent-guanya-el-premi-al-millor-monument-de-les-falles-de-pego-2026","status":"publish","type":"post","link":"https:\/\/canfali.com\/ca-es\/convent-guanya-el-premi-al-millor-monument-de-les-falles-de-pego-2026\/","title":{"rendered":"Convent guanya el premi al millor monument de les falles de Pego 2026"},"content":{"rendered":"\n<p><strong>El guard\u00f3 a la falleta infantil va a parar al districte de La Font i els del millor llibret i ofrena a Pla\u00e7a i Natzar\u00e9<\/strong><\/p>\n\n\n\n<figure class=\"wp-block-image size-large\"><img decoding=\"async\" src=\"https:\/\/canfali.com\/app\/uploads\/2026\/03\/fallespego-convent-1024x768.jpg.webp\" alt=\"\" class=\"wp-image-91543\"\/><\/figure>\n\n\n\n<p>El districte del Convent s\u2019ha imposat en la categoria del millor falla gran amb un monument de l\u2019artista alacant\u00ed Elliot Garcia Mart\u00edn en una edici\u00f3 2026 de les falles de Pego on la resta dels premis ha estat molt repartit.<\/p>\n\n\n\n<figure class=\"wp-block-gallery has-nested-images columns-default is-cropped wp-block-gallery-15 is-layout-flex wp-block-gallery-is-layout-flex\">\n<figure class=\"wp-block-image size-large\"><img decoding=\"async\" data-id=\"91547\" src=\"https:\/\/canfali.com\/app\/uploads\/2026\/03\/falla2premi-1024x576.jpg.webp\" alt=\"\" class=\"wp-image-91547\"\/><\/figure>\n<\/figure>\n\n\n\n<p>Aix\u00ed, el guard\u00f3 a la falleta infantil ha anat a parar enguany a La Font aix\u00ed com el del millor llibret a pla\u00e7a i Natzar\u00e9 nt rebia el primer premi a l\u2019ofrena.<\/p>\n\n\n\n<figure class=\"wp-block-image size-large\"><img decoding=\"async\" src=\"https:\/\/canfali.com\/app\/uploads\/2026\/03\/falla-3premi-1024x576.jpg.webp\" alt=\"\" class=\"wp-image-91549\"\/><\/figure>\n\n\n\n<p>&nbsp;&nbsp;&nbsp;&nbsp;&nbsp;&nbsp; El veredicte del jurat s\u2019ha fet p\u00fablic al sal\u00f3 de plenaris en la cerim\u00f2nia de lliurament amb la pres\u00e8ncia de la regidora de Festes, Paula Orihuel, la qual s\u2019ha congratulat de poder aprofundir un any m\u00e9s en la celebraci\u00f3 de la festa valenciana m\u00e9s internacional al municipi.<\/p>\n\n\n\n<figure class=\"wp-block-gallery has-nested-images columns-default is-cropped wp-block-gallery-16 is-layout-flex wp-block-gallery-is-layout-flex\">\n<figure class=\"wp-block-image size-large\"><img decoding=\"async\" data-id=\"91541\" src=\"https:\/\/canfali.com\/app\/uploads\/2026\/03\/fallespego-paula-1024x576.jpg.webp\" alt=\"\" class=\"wp-image-91541\"\/><\/figure>\n<\/figure>\n\n\n\n<p>&nbsp;&nbsp;&nbsp;&nbsp;&nbsp;&nbsp; Des de l\u2019Ajuntament s\u2019ha donat l\u2019enhorabona i agra\u00eft a les tres comissions el haver omplir el poble de color, m\u00fasica i alegria.<\/p>\n\n\n\n<figure class=\"wp-block-image size-large\"><img decoding=\"async\" src=\"https:\/\/canfali.com\/app\/uploads\/2026\/03\/fallespego-falletainfantil-1024x576.jpg.webp\" alt=\"\" class=\"wp-image-91553\"\/><\/figure>\n\n\n\n<p>La jornada central del calendari faller 2026 est\u00e0 prevista per a dem\u00e0 Dia de Sant Josep amb l\u2019ofrena a la resid\u00e8ncia Sant Joan de D\u00e9u a migdia, la missa a l\u2019ermita de Sant Josep a les 13 hores i la masclet\u00e0 al passeig Cervantes una hora despr\u00e9s. Ja per la vesprada la process\u00f3 a partir de les 18 hores, donar\u00e0 pas a una crem\u00e0 escalonada en relaci\u00f3 als guardons. Aix\u00ed, el foc arribar\u00e0 a les 23.30 hores a la falla La Font, a les 0.30 a la de Pla\u00e7a i Natzar\u00e9 i a la 1.30 a la del Convent com a guanyadora d\u2019aquesta edici\u00f3. \u00a0<\/p>\n","protected":false},"excerpt":{"rendered":"El guard\u00f3 a la falleta infantil va a parar al districte de La Font i els del millor&hellip;","protected":false},"author":4,"featured_media":91539,"comment_status":"closed","ping_status":"closed","sticky":false,"template":"","format":"standard","meta":{"csco_display_header_overlay":false,"csco_singular_sidebar":"","csco_page_header_type":"","csco_page_load_nextpost":"","csco_post_video_location":[],"csco_post_video_location_hash":"","csco_post_video_url":"","csco_post_video_bg_start_time":0,"csco_post_video_bg_end_time":0,"footnotes":""},"categories":[587],"tags":[7134,7133],"class_list":{"0":"post-91538","1":"post","2":"type-post","3":"status-publish","4":"format-standard","5":"has-post-thumbnail","7":"category-festes","8":"tag-convent","9":"tag-felles-pego-2026","10":"cs-entry","11":"cs-video-wrap"},"yoast_head":"<!-- This site is optimized with the Yoast SEO Premium plugin v26.6 (Yoast SEO v27.3) - https:\/\/yoast.com\/product\/yoast-seo-premium-wordpress\/ -->\n<title>Convent guanya el premi al millor monument de les falles de Pego 2026 - Canfali<\/title>\n<meta name=\"robots\" content=\"index, follow, max-snippet:-1, max-image-preview:large, max-video-preview:-1\" \/>\n<link rel=\"canonical\" href=\"https:\/\/canfali.com\/ca-es\/convent-guanya-el-premi-al-millor-monument-de-les-falles-de-pego-2026\/\" \/>\n<meta property=\"og:locale\" content=\"en_US\" \/>\n<meta property=\"og:type\" content=\"article\" \/>\n<meta property=\"og:title\" content=\"Convent guanya el premi al millor monument de les falles de Pego 2026\" \/>\n<meta property=\"og:description\" content=\"El guard\u00f3 a la falleta infantil va a parar al districte de La Font i els del millor&hellip;\" \/>\n<meta property=\"og:url\" content=\"https:\/\/canfali.com\/ca-es\/convent-guanya-el-premi-al-millor-monument-de-les-falles-de-pego-2026\/\" \/>\n<meta property=\"og:site_name\" content=\"Canfali\" \/>\n<meta property=\"article:publisher\" content=\"https:\/\/es-es.facebook.com\/CANFALIMarinaAlta\" \/>\n<meta property=\"article:published_time\" content=\"2026-03-18T20:08:48+00:00\" \/>\n<meta property=\"article:modified_time\" content=\"2026-03-18T20:16:18+00:00\" \/>\n<meta property=\"og:image\" content=\"https:\/\/canfali.com\/app\/uploads\/2026\/03\/fallespego-fallagran-conven.jpg\" \/>\n\t<meta property=\"og:image:width\" content=\"2016\" \/>\n\t<meta property=\"og:image:height\" content=\"1134\" \/>\n\t<meta property=\"og:image:type\" content=\"image\/jpeg\" \/>\n<meta name=\"author\" content=\"JJ Mas\" \/>\n<meta name=\"twitter:card\" content=\"summary_large_image\" \/>\n<meta name=\"twitter:creator\" content=\"@canfalima\" \/>\n<meta name=\"twitter:site\" content=\"@canfalima\" \/>\n<meta name=\"twitter:label1\" content=\"Written by\" \/>\n\t<meta name=\"twitter:data1\" content=\"JJ Mas\" \/>\n\t<meta name=\"twitter:label2\" content=\"Est. reading time\" \/>\n\t<meta name=\"twitter:data2\" content=\"3 minutes\" \/>\n<script type=\"application\/ld+json\" class=\"yoast-schema-graph\">{\"@context\":\"https:\\\/\\\/schema.org\",\"@graph\":[{\"@type\":\"NewsArticle\",\"@id\":\"https:\\\/\\\/canfali.com\\\/ca-es\\\/convent-guanya-el-premi-al-millor-monument-de-les-falles-de-pego-2026\\\/#article\",\"isPartOf\":{\"@id\":\"https:\\\/\\\/canfali.com\\\/ca-es\\\/convent-guanya-el-premi-al-millor-monument-de-les-falles-de-pego-2026\\\/\"},\"author\":{\"name\":\"JJ Mas\",\"@id\":\"https:\\\/\\\/canfali.com\\\/ca-es\\\/#\\\/schema\\\/person\\\/d834d2d4df17cac754d3c314d4c404ef\"},\"headline\":\"Convent guanya el premi al millor monument de les falles de Pego 2026\",\"datePublished\":\"2026-03-18T20:08:48+00:00\",\"dateModified\":\"2026-03-18T20:16:18+00:00\",\"mainEntityOfPage\":{\"@id\":\"https:\\\/\\\/canfali.com\\\/ca-es\\\/convent-guanya-el-premi-al-millor-monument-de-les-falles-de-pego-2026\\\/\"},\"wordCount\":312,\"publisher\":{\"@id\":\"https:\\\/\\\/canfali.com\\\/ca-es\\\/#organization\"},\"image\":{\"@id\":\"https:\\\/\\\/canfali.com\\\/ca-es\\\/convent-guanya-el-premi-al-millor-monument-de-les-falles-de-pego-2026\\\/#primaryimage\"},\"thumbnailUrl\":\"https:\\\/\\\/canfali.com\\\/app\\\/uploads\\\/2026\\\/03\\\/fallespego-fallagran-conven.jpg\",\"keywords\":[\"Convent\",\"Felles Pego 2026\"],\"articleSection\":[\"Festes\"],\"inLanguage\":\"va-ES\",\"copyrightYear\":\"2026\",\"copyrightHolder\":{\"@id\":\"https:\\\/\\\/canfali.com\\\/#organization\"}},{\"@type\":\"WebPage\",\"@id\":\"https:\\\/\\\/canfali.com\\\/ca-es\\\/convent-guanya-el-premi-al-millor-monument-de-les-falles-de-pego-2026\\\/\",\"url\":\"https:\\\/\\\/canfali.com\\\/ca-es\\\/convent-guanya-el-premi-al-millor-monument-de-les-falles-de-pego-2026\\\/\",\"name\":\"Convent guanya el premi al millor monument de les falles de Pego 2026 - Canfali\",\"isPartOf\":{\"@id\":\"https:\\\/\\\/canfali.com\\\/ca-es\\\/#website\"},\"primaryImageOfPage\":{\"@id\":\"https:\\\/\\\/canfali.com\\\/ca-es\\\/convent-guanya-el-premi-al-millor-monument-de-les-falles-de-pego-2026\\\/#primaryimage\"},\"image\":{\"@id\":\"https:\\\/\\\/canfali.com\\\/ca-es\\\/convent-guanya-el-premi-al-millor-monument-de-les-falles-de-pego-2026\\\/#primaryimage\"},\"thumbnailUrl\":\"https:\\\/\\\/canfali.com\\\/app\\\/uploads\\\/2026\\\/03\\\/fallespego-fallagran-conven.jpg\",\"datePublished\":\"2026-03-18T20:08:48+00:00\",\"dateModified\":\"2026-03-18T20:16:18+00:00\",\"breadcrumb\":{\"@id\":\"https:\\\/\\\/canfali.com\\\/ca-es\\\/convent-guanya-el-premi-al-millor-monument-de-les-falles-de-pego-2026\\\/#breadcrumb\"},\"inLanguage\":\"va-ES\",\"potentialAction\":[{\"@type\":\"ReadAction\",\"target\":[\"https:\\\/\\\/canfali.com\\\/ca-es\\\/convent-guanya-el-premi-al-millor-monument-de-les-falles-de-pego-2026\\\/\"]}]},{\"@type\":\"ImageObject\",\"inLanguage\":\"va-ES\",\"@id\":\"https:\\\/\\\/canfali.com\\\/ca-es\\\/convent-guanya-el-premi-al-millor-monument-de-les-falles-de-pego-2026\\\/#primaryimage\",\"url\":\"https:\\\/\\\/canfali.com\\\/app\\\/uploads\\\/2026\\\/03\\\/fallespego-fallagran-conven.jpg\",\"contentUrl\":\"https:\\\/\\\/canfali.com\\\/app\\\/uploads\\\/2026\\\/03\\\/fallespego-fallagran-conven.jpg\",\"width\":2016,\"height\":1134},{\"@type\":\"BreadcrumbList\",\"@id\":\"https:\\\/\\\/canfali.com\\\/ca-es\\\/convent-guanya-el-premi-al-millor-monument-de-les-falles-de-pego-2026\\\/#breadcrumb\",\"itemListElement\":[{\"@type\":\"ListItem\",\"position\":1,\"name\":\"Portada\",\"item\":\"https:\\\/\\\/canfali.com\\\/ca-es\\\/\"},{\"@type\":\"ListItem\",\"position\":2,\"name\":\"Convent guanya el premi al millor monument de les falles de Pego 2026\"}]},{\"@type\":\"WebSite\",\"@id\":\"https:\\\/\\\/canfali.com\\\/ca-es\\\/#website\",\"url\":\"https:\\\/\\\/canfali.com\\\/ca-es\\\/\",\"name\":\"Canfali\",\"description\":\"\",\"publisher\":{\"@id\":\"https:\\\/\\\/canfali.com\\\/ca-es\\\/#organization\"},\"potentialAction\":[{\"@type\":\"SearchAction\",\"target\":{\"@type\":\"EntryPoint\",\"urlTemplate\":\"https:\\\/\\\/canfali.com\\\/ca-es\\\/?s={search_term_string}\"},\"query-input\":{\"@type\":\"PropertyValueSpecification\",\"valueRequired\":true,\"valueName\":\"search_term_string\"}}],\"inLanguage\":\"va-ES\"},{\"@type\":\"Organization\",\"@id\":\"https:\\\/\\\/canfali.com\\\/ca-es\\\/#organization\",\"name\":\"Canfali\",\"url\":\"https:\\\/\\\/canfali.com\\\/ca-es\\\/\",\"logo\":{\"@type\":\"ImageObject\",\"inLanguage\":\"va-ES\",\"@id\":\"https:\\\/\\\/canfali.com\\\/ca-es\\\/#\\\/schema\\\/logo\\\/image\\\/\",\"url\":\"https:\\\/\\\/canfali.com\\\/app\\\/uploads\\\/2025\\\/12\\\/canfali_marina_alta_logo.png\",\"contentUrl\":\"https:\\\/\\\/canfali.com\\\/app\\\/uploads\\\/2025\\\/12\\\/canfali_marina_alta_logo.png\",\"width\":225,\"height\":225,\"caption\":\"Canfali\"},\"image\":{\"@id\":\"https:\\\/\\\/canfali.com\\\/ca-es\\\/#\\\/schema\\\/logo\\\/image\\\/\"},\"sameAs\":[\"https:\\\/\\\/es-es.facebook.com\\\/CANFALIMarinaAlta\",\"https:\\\/\\\/x.com\\\/canfalima\",\"https:\\\/\\\/www.instagram.com\\\/canfalimarinaalta\\\/\"]},{\"@type\":\"Person\",\"@id\":\"https:\\\/\\\/canfali.com\\\/ca-es\\\/#\\\/schema\\\/person\\\/d834d2d4df17cac754d3c314d4c404ef\",\"name\":\"JJ Mas\",\"image\":{\"@type\":\"ImageObject\",\"inLanguage\":\"va-ES\",\"@id\":\"https:\\\/\\\/secure.gravatar.com\\\/avatar\\\/65a5191f5438bf88c2394f6d1a625a6ff903c8785268e603c623a83bc15ba1ee?s=96&d=mm&r=g\",\"url\":\"https:\\\/\\\/secure.gravatar.com\\\/avatar\\\/65a5191f5438bf88c2394f6d1a625a6ff903c8785268e603c623a83bc15ba1ee?s=96&d=mm&r=g\",\"contentUrl\":\"https:\\\/\\\/secure.gravatar.com\\\/avatar\\\/65a5191f5438bf88c2394f6d1a625a6ff903c8785268e603c623a83bc15ba1ee?s=96&d=mm&r=g\",\"caption\":\"JJ Mas\"},\"url\":\"https:\\\/\\\/canfali.com\\\/ca-es\\\/author\\\/jj\\\/\"}]}<\/script>\n<!-- \/ Yoast SEO Premium plugin. -->","yoast_head_json":{"title":"Convent guanya el premi al millor monument de les falles de Pego 2026 - Canfali","robots":{"index":"index","follow":"follow","max-snippet":"max-snippet:-1","max-image-preview":"max-image-preview:large","max-video-preview":"max-video-preview:-1"},"canonical":"https:\/\/canfali.com\/ca-es\/convent-guanya-el-premi-al-millor-monument-de-les-falles-de-pego-2026\/","og_locale":"en_US","og_type":"article","og_title":"Convent guanya el premi al millor monument de les falles de Pego 2026","og_description":"El guard\u00f3 a la falleta infantil va a parar al districte de La Font i els del millor&hellip;","og_url":"https:\/\/canfali.com\/ca-es\/convent-guanya-el-premi-al-millor-monument-de-les-falles-de-pego-2026\/","og_site_name":"Canfali","article_publisher":"https:\/\/es-es.facebook.com\/CANFALIMarinaAlta","article_published_time":"2026-03-18T20:08:48+00:00","article_modified_time":"2026-03-18T20:16:18+00:00","og_image":[{"width":2016,"height":1134,"url":"https:\/\/canfali.com\/app\/uploads\/2026\/03\/fallespego-fallagran-conven.jpg","type":"image\/jpeg"}],"author":"JJ Mas","twitter_card":"summary_large_image","twitter_creator":"@canfalima","twitter_site":"@canfalima","twitter_misc":{"Written by":"JJ Mas","Est. reading time":"3 minutes"},"schema":{"@context":"https:\/\/schema.org","@graph":[{"@type":"NewsArticle","@id":"https:\/\/canfali.com\/ca-es\/convent-guanya-el-premi-al-millor-monument-de-les-falles-de-pego-2026\/#article","isPartOf":{"@id":"https:\/\/canfali.com\/ca-es\/convent-guanya-el-premi-al-millor-monument-de-les-falles-de-pego-2026\/"},"author":{"name":"JJ Mas","@id":"https:\/\/canfali.com\/ca-es\/#\/schema\/person\/d834d2d4df17cac754d3c314d4c404ef"},"headline":"Convent guanya el premi al millor monument de les falles de Pego 2026","datePublished":"2026-03-18T20:08:48+00:00","dateModified":"2026-03-18T20:16:18+00:00","mainEntityOfPage":{"@id":"https:\/\/canfali.com\/ca-es\/convent-guanya-el-premi-al-millor-monument-de-les-falles-de-pego-2026\/"},"wordCount":312,"publisher":{"@id":"https:\/\/canfali.com\/ca-es\/#organization"},"image":{"@id":"https:\/\/canfali.com\/ca-es\/convent-guanya-el-premi-al-millor-monument-de-les-falles-de-pego-2026\/#primaryimage"},"thumbnailUrl":"https:\/\/canfali.com\/app\/uploads\/2026\/03\/fallespego-fallagran-conven.jpg","keywords":["Convent","Felles Pego 2026"],"articleSection":["Festes"],"inLanguage":"va-ES","copyrightYear":"2026","copyrightHolder":{"@id":"https:\/\/canfali.com\/#organization"}},{"@type":"WebPage","@id":"https:\/\/canfali.com\/ca-es\/convent-guanya-el-premi-al-millor-monument-de-les-falles-de-pego-2026\/","url":"https:\/\/canfali.com\/ca-es\/convent-guanya-el-premi-al-millor-monument-de-les-falles-de-pego-2026\/","name":"Convent guanya el premi al millor monument de les falles de Pego 2026 - Canfali","isPartOf":{"@id":"https:\/\/canfali.com\/ca-es\/#website"},"primaryImageOfPage":{"@id":"https:\/\/canfali.com\/ca-es\/convent-guanya-el-premi-al-millor-monument-de-les-falles-de-pego-2026\/#primaryimage"},"image":{"@id":"https:\/\/canfali.com\/ca-es\/convent-guanya-el-premi-al-millor-monument-de-les-falles-de-pego-2026\/#primaryimage"},"thumbnailUrl":"https:\/\/canfali.com\/app\/uploads\/2026\/03\/fallespego-fallagran-conven.jpg","datePublished":"2026-03-18T20:08:48+00:00","dateModified":"2026-03-18T20:16:18+00:00","breadcrumb":{"@id":"https:\/\/canfali.com\/ca-es\/convent-guanya-el-premi-al-millor-monument-de-les-falles-de-pego-2026\/#breadcrumb"},"inLanguage":"va-ES","potentialAction":[{"@type":"ReadAction","target":["https:\/\/canfali.com\/ca-es\/convent-guanya-el-premi-al-millor-monument-de-les-falles-de-pego-2026\/"]}]},{"@type":"ImageObject","inLanguage":"va-ES","@id":"https:\/\/canfali.com\/ca-es\/convent-guanya-el-premi-al-millor-monument-de-les-falles-de-pego-2026\/#primaryimage","url":"https:\/\/canfali.com\/app\/uploads\/2026\/03\/fallespego-fallagran-conven.jpg","contentUrl":"https:\/\/canfali.com\/app\/uploads\/2026\/03\/fallespego-fallagran-conven.jpg","width":2016,"height":1134},{"@type":"BreadcrumbList","@id":"https:\/\/canfali.com\/ca-es\/convent-guanya-el-premi-al-millor-monument-de-les-falles-de-pego-2026\/#breadcrumb","itemListElement":[{"@type":"ListItem","position":1,"name":"Portada","item":"https:\/\/canfali.com\/ca-es\/"},{"@type":"ListItem","position":2,"name":"Convent guanya el premi al millor monument de les falles de Pego 2026"}]},{"@type":"WebSite","@id":"https:\/\/canfali.com\/ca-es\/#website","url":"https:\/\/canfali.com\/ca-es\/","name":"Canfali","description":"","publisher":{"@id":"https:\/\/canfali.com\/ca-es\/#organization"},"potentialAction":[{"@type":"SearchAction","target":{"@type":"EntryPoint","urlTemplate":"https:\/\/canfali.com\/ca-es\/?s={search_term_string}"},"query-input":{"@type":"PropertyValueSpecification","valueRequired":true,"valueName":"search_term_string"}}],"inLanguage":"va-ES"},{"@type":"Organization","@id":"https:\/\/canfali.com\/ca-es\/#organization","name":"Canfali","url":"https:\/\/canfali.com\/ca-es\/","logo":{"@type":"ImageObject","inLanguage":"va-ES","@id":"https:\/\/canfali.com\/ca-es\/#\/schema\/logo\/image\/","url":"https:\/\/canfali.com\/app\/uploads\/2025\/12\/canfali_marina_alta_logo.png","contentUrl":"https:\/\/canfali.com\/app\/uploads\/2025\/12\/canfali_marina_alta_logo.png","width":225,"height":225,"caption":"Canfali"},"image":{"@id":"https:\/\/canfali.com\/ca-es\/#\/schema\/logo\/image\/"},"sameAs":["https:\/\/es-es.facebook.com\/CANFALIMarinaAlta","https:\/\/x.com\/canfalima","https:\/\/www.instagram.com\/canfalimarinaalta\/"]},{"@type":"Person","@id":"https:\/\/canfali.com\/ca-es\/#\/schema\/person\/d834d2d4df17cac754d3c314d4c404ef","name":"JJ Mas","image":{"@type":"ImageObject","inLanguage":"va-ES","@id":"https:\/\/secure.gravatar.com\/avatar\/65a5191f5438bf88c2394f6d1a625a6ff903c8785268e603c623a83bc15ba1ee?s=96&d=mm&r=g","url":"https:\/\/secure.gravatar.com\/avatar\/65a5191f5438bf88c2394f6d1a625a6ff903c8785268e603c623a83bc15ba1ee?s=96&d=mm&r=g","contentUrl":"https:\/\/secure.gravatar.com\/avatar\/65a5191f5438bf88c2394f6d1a625a6ff903c8785268e603c623a83bc15ba1ee?s=96&d=mm&r=g","caption":"JJ Mas"},"url":"https:\/\/canfali.com\/ca-es\/author\/jj\/"}]}},"_links":{"self":[{"href":"https:\/\/canfali.com\/ca-es\/wp-json\/wp\/v2\/posts\/91538","targetHints":{"allow":["GET"]}}],"collection":[{"href":"https:\/\/canfali.com\/ca-es\/wp-json\/wp\/v2\/posts"}],"about":[{"href":"https:\/\/canfali.com\/ca-es\/wp-json\/wp\/v2\/types\/post"}],"author":[{"embeddable":true,"href":"https:\/\/canfali.com\/ca-es\/wp-json\/wp\/v2\/users\/4"}],"replies":[{"embeddable":true,"href":"https:\/\/canfali.com\/ca-es\/wp-json\/wp\/v2\/comments?post=91538"}],"version-history":[{"count":2,"href":"https:\/\/canfali.com\/ca-es\/wp-json\/wp\/v2\/posts\/91538\/revisions"}],"predecessor-version":[{"id":91556,"href":"https:\/\/canfali.com\/ca-es\/wp-json\/wp\/v2\/posts\/91538\/revisions\/91556"}],"wp:featuredmedia":[{"embeddable":true,"href":"https:\/\/canfali.com\/ca-es\/wp-json\/wp\/v2\/media\/91539"}],"wp:attachment":[{"href":"https:\/\/canfali.com\/ca-es\/wp-json\/wp\/v2\/media?parent=91538"}],"wp:term":[{"taxonomy":"category","embeddable":true,"href":"https:\/\/canfali.com\/ca-es\/wp-json\/wp\/v2\/categories?post=91538"},{"taxonomy":"post_tag","embeddable":true,"href":"https:\/\/canfali.com\/ca-es\/wp-json\/wp\/v2\/tags?post=91538"}],"curies":[{"name":"wp","href":"https:\/\/api.w.org\/{rel}","templated":true}]}}