{"id":91531,"date":"2026-03-18T16:56:57","date_gmt":"2026-03-18T15:56:57","guid":{"rendered":"https:\/\/canfali.com\/?p=91531"},"modified":"2026-03-18T16:56:58","modified_gmt":"2026-03-18T15:56:58","slug":"nou-mobiliari-urba-per-a-humanitzar-la-placa-mayorazgo-cendra-de-pego","status":"publish","type":"post","link":"https:\/\/canfali.com\/ca-es\/nou-mobiliari-urba-per-a-humanitzar-la-placa-mayorazgo-cendra-de-pego\/","title":{"rendered":"Nou mobiliari urb\u00e0 per a humanitzar la pla\u00e7a Mayorazgo Cendra de Pego"},"content":{"rendered":"\n<p><strong>La intervenci\u00f3 incorpora bancs, zona verda i una nova integraci\u00f3 dels contenidors per millorar la conviv\u00e8ncia i la imatge urbana<\/strong><\/p>\n\n\n\n<p>L\u2019Ajuntament de Pego ha completat l\u2019actuaci\u00f3 de millora en l\u2019entorn de la pla\u00e7a Mayorazgo Cendra amb l\u2019objectiu de redissenyar este espai urb\u00e0 per a posar les persones en el centre.<\/p>\n\n\n\n<p>Segons explica el responsable de les \u00e0rees de Qualitat Urbana i Serveis, Ricardo Sendra, la intervenci\u00f3 ha consistit en la instal\u00b7laci\u00f3 de nous bancs que afavorixen el descans i la conviv\u00e8ncia ve\u00efnal, aix\u00ed com en la creaci\u00f3 d\u2019una zona verda amb plantes i arbrat que contribu\u00efx a fer l\u2019entorn m\u00e9s agradable i sostenible. A m\u00e9s, s\u2019ha habilitat un espai espec\u00edfic per a la ubicaci\u00f3 dels contenidors de residus, incorporant un acabat crom\u00e0tic que permet integrar-los visualment en l\u2019entorn i reduir el seu impacte est\u00e8tic.<\/p>\n\n\n\n<p>\u201cAmb aquesta actuaci\u00f3 hem volgut millorar este espai pensant en les persones, fent-lo m\u00e9s c\u00f2mode, m\u00e9s amable i m\u00e9s funcional per al dia a dia del ve\u00efnat\u201d ha manifestat el regidor per a advertir que \u201cno es tracta nom\u00e9s d\u2019instal\u00b7lar bancs o millorar l\u2019entorn, sin\u00f3 de crear llocs on la gent puga parar, conversar i gaudir del poble\u201d.<\/p>\n\n\n\n<p>A banda, ha incidit en que la iniciativa ha treballat per integrar elements necessaris com els contenidors dins de l\u2019espai urb\u00e0, per tal de reduir el seu impacte visual i millorant la imatge del conjunt.<\/p>\n\n\n\n<p>Sendra ha emmarcat l\u2019actuaci\u00f3 dins del projecte de millora dels espais p\u00fablics de l\u2019actual equip de govern del PSPV, de cara a fer-los m\u00e9s amables, funcionals i adaptats a les necessitats de la ciutadania. \u201cContinuem apostant per un urbanisme m\u00e9s cuidat, que millore la qualitat de vida dels ve\u00efns i les ve\u00efnes\u201d, ha sentenciat.<\/p>\n","protected":false},"excerpt":{"rendered":"La intervenci\u00f3 incorpora bancs, zona verda i una nova integraci\u00f3 dels contenidors per millorar la conviv\u00e8ncia i la&hellip;","protected":false},"author":4,"featured_media":91532,"comment_status":"closed","ping_status":"closed","sticky":false,"template":"","format":"standard","meta":{"csco_display_header_overlay":false,"csco_singular_sidebar":"","csco_page_header_type":"","csco_page_load_nextpost":"","csco_post_video_location":[],"csco_post_video_location_hash":"","csco_post_video_url":"","csco_post_video_bg_start_time":0,"csco_post_video_bg_end_time":0,"footnotes":""},"categories":[614],"tags":[4528,1468,642,7128,7127],"class_list":{"0":"post-91531","1":"post","2":"type-post","3":"status-publish","4":"format-standard","5":"has-post-thumbnail","7":"category-municipal-ca-es","8":"tag-convivencia-ca-es","9":"tag-espai","10":"tag-pego-2","11":"tag-placa-mayorazgo-cendra","12":"tag-redisseny","13":"cs-entry","14":"cs-video-wrap"},"yoast_head":"<!-- This site is optimized with the Yoast SEO Premium plugin v26.6 (Yoast SEO v27.3) - https:\/\/yoast.com\/product\/yoast-seo-premium-wordpress\/ -->\n<title>Nou mobiliari urb\u00e0 per a humanitzar la pla\u00e7a Mayorazgo Cendra de Pego - Canfali<\/title>\n<meta name=\"robots\" content=\"index, follow, max-snippet:-1, max-image-preview:large, max-video-preview:-1\" \/>\n<link rel=\"canonical\" href=\"https:\/\/canfali.com\/ca-es\/nou-mobiliari-urba-per-a-humanitzar-la-placa-mayorazgo-cendra-de-pego\/\" \/>\n<meta property=\"og:locale\" content=\"en_US\" \/>\n<meta property=\"og:type\" content=\"article\" \/>\n<meta property=\"og:title\" content=\"Nou mobiliari urb\u00e0 per a humanitzar la pla\u00e7a Mayorazgo Cendra de Pego\" \/>\n<meta property=\"og:description\" content=\"La intervenci\u00f3 incorpora bancs, zona verda i una nova integraci\u00f3 dels contenidors per millorar la conviv\u00e8ncia i la&hellip;\" \/>\n<meta property=\"og:url\" content=\"https:\/\/canfali.com\/ca-es\/nou-mobiliari-urba-per-a-humanitzar-la-placa-mayorazgo-cendra-de-pego\/\" \/>\n<meta property=\"og:site_name\" content=\"Canfali\" \/>\n<meta property=\"article:publisher\" content=\"https:\/\/es-es.facebook.com\/CANFALIMarinaAlta\" \/>\n<meta property=\"article:published_time\" content=\"2026-03-18T15:56:57+00:00\" \/>\n<meta property=\"article:modified_time\" content=\"2026-03-18T15:56:58+00:00\" \/>\n<meta property=\"og:image\" content=\"https:\/\/canfali.com\/app\/uploads\/2026\/03\/mayorazgocendra-dig1-scaled.jpg\" \/>\n\t<meta property=\"og:image:width\" content=\"2560\" \/>\n\t<meta property=\"og:image:height\" content=\"1691\" \/>\n\t<meta property=\"og:image:type\" content=\"image\/jpeg\" \/>\n<meta name=\"author\" content=\"JJ Mas\" \/>\n<meta name=\"twitter:card\" content=\"summary_large_image\" \/>\n<meta name=\"twitter:creator\" content=\"@canfalima\" \/>\n<meta name=\"twitter:site\" content=\"@canfalima\" \/>\n<meta name=\"twitter:label1\" content=\"Written by\" \/>\n\t<meta name=\"twitter:data1\" content=\"JJ Mas\" \/>\n\t<meta name=\"twitter:label2\" content=\"Est. reading time\" \/>\n\t<meta name=\"twitter:data2\" content=\"2 minutes\" \/>\n<script type=\"application\/ld+json\" class=\"yoast-schema-graph\">{\"@context\":\"https:\\\/\\\/schema.org\",\"@graph\":[{\"@type\":\"NewsArticle\",\"@id\":\"https:\\\/\\\/canfali.com\\\/ca-es\\\/nou-mobiliari-urba-per-a-humanitzar-la-placa-mayorazgo-cendra-de-pego\\\/#article\",\"isPartOf\":{\"@id\":\"https:\\\/\\\/canfali.com\\\/ca-es\\\/nou-mobiliari-urba-per-a-humanitzar-la-placa-mayorazgo-cendra-de-pego\\\/\"},\"author\":{\"name\":\"JJ Mas\",\"@id\":\"https:\\\/\\\/canfali.com\\\/ca-es\\\/#\\\/schema\\\/person\\\/d834d2d4df17cac754d3c314d4c404ef\"},\"headline\":\"Nou mobiliari urb\u00e0 per a humanitzar la pla\u00e7a Mayorazgo Cendra de Pego\",\"datePublished\":\"2026-03-18T15:56:57+00:00\",\"dateModified\":\"2026-03-18T15:56:58+00:00\",\"mainEntityOfPage\":{\"@id\":\"https:\\\/\\\/canfali.com\\\/ca-es\\\/nou-mobiliari-urba-per-a-humanitzar-la-placa-mayorazgo-cendra-de-pego\\\/\"},\"wordCount\":330,\"publisher\":{\"@id\":\"https:\\\/\\\/canfali.com\\\/ca-es\\\/#organization\"},\"image\":{\"@id\":\"https:\\\/\\\/canfali.com\\\/ca-es\\\/nou-mobiliari-urba-per-a-humanitzar-la-placa-mayorazgo-cendra-de-pego\\\/#primaryimage\"},\"thumbnailUrl\":\"https:\\\/\\\/canfali.com\\\/app\\\/uploads\\\/2026\\\/03\\\/mayorazgocendra-dig1-scaled.jpg\",\"keywords\":[\"conviv\u00e8ncia\",\"espai\",\"Pego\",\"pla\u00e7a Mayorazgo Cendra\",\"redisseny\"],\"articleSection\":[\"Municipal\"],\"inLanguage\":\"va-ES\",\"copyrightYear\":\"2026\",\"copyrightHolder\":{\"@id\":\"https:\\\/\\\/canfali.com\\\/#organization\"}},{\"@type\":\"WebPage\",\"@id\":\"https:\\\/\\\/canfali.com\\\/ca-es\\\/nou-mobiliari-urba-per-a-humanitzar-la-placa-mayorazgo-cendra-de-pego\\\/\",\"url\":\"https:\\\/\\\/canfali.com\\\/ca-es\\\/nou-mobiliari-urba-per-a-humanitzar-la-placa-mayorazgo-cendra-de-pego\\\/\",\"name\":\"Nou mobiliari urb\u00e0 per a humanitzar la pla\u00e7a Mayorazgo Cendra de Pego - Canfali\",\"isPartOf\":{\"@id\":\"https:\\\/\\\/canfali.com\\\/ca-es\\\/#website\"},\"primaryImageOfPage\":{\"@id\":\"https:\\\/\\\/canfali.com\\\/ca-es\\\/nou-mobiliari-urba-per-a-humanitzar-la-placa-mayorazgo-cendra-de-pego\\\/#primaryimage\"},\"image\":{\"@id\":\"https:\\\/\\\/canfali.com\\\/ca-es\\\/nou-mobiliari-urba-per-a-humanitzar-la-placa-mayorazgo-cendra-de-pego\\\/#primaryimage\"},\"thumbnailUrl\":\"https:\\\/\\\/canfali.com\\\/app\\\/uploads\\\/2026\\\/03\\\/mayorazgocendra-dig1-scaled.jpg\",\"datePublished\":\"2026-03-18T15:56:57+00:00\",\"dateModified\":\"2026-03-18T15:56:58+00:00\",\"breadcrumb\":{\"@id\":\"https:\\\/\\\/canfali.com\\\/ca-es\\\/nou-mobiliari-urba-per-a-humanitzar-la-placa-mayorazgo-cendra-de-pego\\\/#breadcrumb\"},\"inLanguage\":\"va-ES\",\"potentialAction\":[{\"@type\":\"ReadAction\",\"target\":[\"https:\\\/\\\/canfali.com\\\/ca-es\\\/nou-mobiliari-urba-per-a-humanitzar-la-placa-mayorazgo-cendra-de-pego\\\/\"]}]},{\"@type\":\"ImageObject\",\"inLanguage\":\"va-ES\",\"@id\":\"https:\\\/\\\/canfali.com\\\/ca-es\\\/nou-mobiliari-urba-per-a-humanitzar-la-placa-mayorazgo-cendra-de-pego\\\/#primaryimage\",\"url\":\"https:\\\/\\\/canfali.com\\\/app\\\/uploads\\\/2026\\\/03\\\/mayorazgocendra-dig1-scaled.jpg\",\"contentUrl\":\"https:\\\/\\\/canfali.com\\\/app\\\/uploads\\\/2026\\\/03\\\/mayorazgocendra-dig1-scaled.jpg\",\"width\":2560,\"height\":1691},{\"@type\":\"BreadcrumbList\",\"@id\":\"https:\\\/\\\/canfali.com\\\/ca-es\\\/nou-mobiliari-urba-per-a-humanitzar-la-placa-mayorazgo-cendra-de-pego\\\/#breadcrumb\",\"itemListElement\":[{\"@type\":\"ListItem\",\"position\":1,\"name\":\"Portada\",\"item\":\"https:\\\/\\\/canfali.com\\\/ca-es\\\/\"},{\"@type\":\"ListItem\",\"position\":2,\"name\":\"Nou mobiliari urb\u00e0 per a humanitzar la pla\u00e7a Mayorazgo Cendra de Pego\"}]},{\"@type\":\"WebSite\",\"@id\":\"https:\\\/\\\/canfali.com\\\/ca-es\\\/#website\",\"url\":\"https:\\\/\\\/canfali.com\\\/ca-es\\\/\",\"name\":\"Canfali\",\"description\":\"\",\"publisher\":{\"@id\":\"https:\\\/\\\/canfali.com\\\/ca-es\\\/#organization\"},\"potentialAction\":[{\"@type\":\"SearchAction\",\"target\":{\"@type\":\"EntryPoint\",\"urlTemplate\":\"https:\\\/\\\/canfali.com\\\/ca-es\\\/?s={search_term_string}\"},\"query-input\":{\"@type\":\"PropertyValueSpecification\",\"valueRequired\":true,\"valueName\":\"search_term_string\"}}],\"inLanguage\":\"va-ES\"},{\"@type\":\"Organization\",\"@id\":\"https:\\\/\\\/canfali.com\\\/ca-es\\\/#organization\",\"name\":\"Canfali\",\"url\":\"https:\\\/\\\/canfali.com\\\/ca-es\\\/\",\"logo\":{\"@type\":\"ImageObject\",\"inLanguage\":\"va-ES\",\"@id\":\"https:\\\/\\\/canfali.com\\\/ca-es\\\/#\\\/schema\\\/logo\\\/image\\\/\",\"url\":\"https:\\\/\\\/canfali.com\\\/app\\\/uploads\\\/2025\\\/12\\\/canfali_marina_alta_logo.png\",\"contentUrl\":\"https:\\\/\\\/canfali.com\\\/app\\\/uploads\\\/2025\\\/12\\\/canfali_marina_alta_logo.png\",\"width\":225,\"height\":225,\"caption\":\"Canfali\"},\"image\":{\"@id\":\"https:\\\/\\\/canfali.com\\\/ca-es\\\/#\\\/schema\\\/logo\\\/image\\\/\"},\"sameAs\":[\"https:\\\/\\\/es-es.facebook.com\\\/CANFALIMarinaAlta\",\"https:\\\/\\\/x.com\\\/canfalima\",\"https:\\\/\\\/www.instagram.com\\\/canfalimarinaalta\\\/\"]},{\"@type\":\"Person\",\"@id\":\"https:\\\/\\\/canfali.com\\\/ca-es\\\/#\\\/schema\\\/person\\\/d834d2d4df17cac754d3c314d4c404ef\",\"name\":\"JJ Mas\",\"image\":{\"@type\":\"ImageObject\",\"inLanguage\":\"va-ES\",\"@id\":\"https:\\\/\\\/secure.gravatar.com\\\/avatar\\\/65a5191f5438bf88c2394f6d1a625a6ff903c8785268e603c623a83bc15ba1ee?s=96&d=mm&r=g\",\"url\":\"https:\\\/\\\/secure.gravatar.com\\\/avatar\\\/65a5191f5438bf88c2394f6d1a625a6ff903c8785268e603c623a83bc15ba1ee?s=96&d=mm&r=g\",\"contentUrl\":\"https:\\\/\\\/secure.gravatar.com\\\/avatar\\\/65a5191f5438bf88c2394f6d1a625a6ff903c8785268e603c623a83bc15ba1ee?s=96&d=mm&r=g\",\"caption\":\"JJ Mas\"},\"url\":\"https:\\\/\\\/canfali.com\\\/ca-es\\\/author\\\/jj\\\/\"}]}<\/script>\n<!-- \/ Yoast SEO Premium plugin. -->","yoast_head_json":{"title":"Nou mobiliari urb\u00e0 per a humanitzar la pla\u00e7a Mayorazgo Cendra de Pego - Canfali","robots":{"index":"index","follow":"follow","max-snippet":"max-snippet:-1","max-image-preview":"max-image-preview:large","max-video-preview":"max-video-preview:-1"},"canonical":"https:\/\/canfali.com\/ca-es\/nou-mobiliari-urba-per-a-humanitzar-la-placa-mayorazgo-cendra-de-pego\/","og_locale":"en_US","og_type":"article","og_title":"Nou mobiliari urb\u00e0 per a humanitzar la pla\u00e7a Mayorazgo Cendra de Pego","og_description":"La intervenci\u00f3 incorpora bancs, zona verda i una nova integraci\u00f3 dels contenidors per millorar la conviv\u00e8ncia i la&hellip;","og_url":"https:\/\/canfali.com\/ca-es\/nou-mobiliari-urba-per-a-humanitzar-la-placa-mayorazgo-cendra-de-pego\/","og_site_name":"Canfali","article_publisher":"https:\/\/es-es.facebook.com\/CANFALIMarinaAlta","article_published_time":"2026-03-18T15:56:57+00:00","article_modified_time":"2026-03-18T15:56:58+00:00","og_image":[{"width":2560,"height":1691,"url":"https:\/\/canfali.com\/app\/uploads\/2026\/03\/mayorazgocendra-dig1-scaled.jpg","type":"image\/jpeg"}],"author":"JJ Mas","twitter_card":"summary_large_image","twitter_creator":"@canfalima","twitter_site":"@canfalima","twitter_misc":{"Written by":"JJ Mas","Est. reading time":"2 minutes"},"schema":{"@context":"https:\/\/schema.org","@graph":[{"@type":"NewsArticle","@id":"https:\/\/canfali.com\/ca-es\/nou-mobiliari-urba-per-a-humanitzar-la-placa-mayorazgo-cendra-de-pego\/#article","isPartOf":{"@id":"https:\/\/canfali.com\/ca-es\/nou-mobiliari-urba-per-a-humanitzar-la-placa-mayorazgo-cendra-de-pego\/"},"author":{"name":"JJ Mas","@id":"https:\/\/canfali.com\/ca-es\/#\/schema\/person\/d834d2d4df17cac754d3c314d4c404ef"},"headline":"Nou mobiliari urb\u00e0 per a humanitzar la pla\u00e7a Mayorazgo Cendra de Pego","datePublished":"2026-03-18T15:56:57+00:00","dateModified":"2026-03-18T15:56:58+00:00","mainEntityOfPage":{"@id":"https:\/\/canfali.com\/ca-es\/nou-mobiliari-urba-per-a-humanitzar-la-placa-mayorazgo-cendra-de-pego\/"},"wordCount":330,"publisher":{"@id":"https:\/\/canfali.com\/ca-es\/#organization"},"image":{"@id":"https:\/\/canfali.com\/ca-es\/nou-mobiliari-urba-per-a-humanitzar-la-placa-mayorazgo-cendra-de-pego\/#primaryimage"},"thumbnailUrl":"https:\/\/canfali.com\/app\/uploads\/2026\/03\/mayorazgocendra-dig1-scaled.jpg","keywords":["conviv\u00e8ncia","espai","Pego","pla\u00e7a Mayorazgo Cendra","redisseny"],"articleSection":["Municipal"],"inLanguage":"va-ES","copyrightYear":"2026","copyrightHolder":{"@id":"https:\/\/canfali.com\/#organization"}},{"@type":"WebPage","@id":"https:\/\/canfali.com\/ca-es\/nou-mobiliari-urba-per-a-humanitzar-la-placa-mayorazgo-cendra-de-pego\/","url":"https:\/\/canfali.com\/ca-es\/nou-mobiliari-urba-per-a-humanitzar-la-placa-mayorazgo-cendra-de-pego\/","name":"Nou mobiliari urb\u00e0 per a humanitzar la pla\u00e7a Mayorazgo Cendra de Pego - Canfali","isPartOf":{"@id":"https:\/\/canfali.com\/ca-es\/#website"},"primaryImageOfPage":{"@id":"https:\/\/canfali.com\/ca-es\/nou-mobiliari-urba-per-a-humanitzar-la-placa-mayorazgo-cendra-de-pego\/#primaryimage"},"image":{"@id":"https:\/\/canfali.com\/ca-es\/nou-mobiliari-urba-per-a-humanitzar-la-placa-mayorazgo-cendra-de-pego\/#primaryimage"},"thumbnailUrl":"https:\/\/canfali.com\/app\/uploads\/2026\/03\/mayorazgocendra-dig1-scaled.jpg","datePublished":"2026-03-18T15:56:57+00:00","dateModified":"2026-03-18T15:56:58+00:00","breadcrumb":{"@id":"https:\/\/canfali.com\/ca-es\/nou-mobiliari-urba-per-a-humanitzar-la-placa-mayorazgo-cendra-de-pego\/#breadcrumb"},"inLanguage":"va-ES","potentialAction":[{"@type":"ReadAction","target":["https:\/\/canfali.com\/ca-es\/nou-mobiliari-urba-per-a-humanitzar-la-placa-mayorazgo-cendra-de-pego\/"]}]},{"@type":"ImageObject","inLanguage":"va-ES","@id":"https:\/\/canfali.com\/ca-es\/nou-mobiliari-urba-per-a-humanitzar-la-placa-mayorazgo-cendra-de-pego\/#primaryimage","url":"https:\/\/canfali.com\/app\/uploads\/2026\/03\/mayorazgocendra-dig1-scaled.jpg","contentUrl":"https:\/\/canfali.com\/app\/uploads\/2026\/03\/mayorazgocendra-dig1-scaled.jpg","width":2560,"height":1691},{"@type":"BreadcrumbList","@id":"https:\/\/canfali.com\/ca-es\/nou-mobiliari-urba-per-a-humanitzar-la-placa-mayorazgo-cendra-de-pego\/#breadcrumb","itemListElement":[{"@type":"ListItem","position":1,"name":"Portada","item":"https:\/\/canfali.com\/ca-es\/"},{"@type":"ListItem","position":2,"name":"Nou mobiliari urb\u00e0 per a humanitzar la pla\u00e7a Mayorazgo Cendra de Pego"}]},{"@type":"WebSite","@id":"https:\/\/canfali.com\/ca-es\/#website","url":"https:\/\/canfali.com\/ca-es\/","name":"Canfali","description":"","publisher":{"@id":"https:\/\/canfali.com\/ca-es\/#organization"},"potentialAction":[{"@type":"SearchAction","target":{"@type":"EntryPoint","urlTemplate":"https:\/\/canfali.com\/ca-es\/?s={search_term_string}"},"query-input":{"@type":"PropertyValueSpecification","valueRequired":true,"valueName":"search_term_string"}}],"inLanguage":"va-ES"},{"@type":"Organization","@id":"https:\/\/canfali.com\/ca-es\/#organization","name":"Canfali","url":"https:\/\/canfali.com\/ca-es\/","logo":{"@type":"ImageObject","inLanguage":"va-ES","@id":"https:\/\/canfali.com\/ca-es\/#\/schema\/logo\/image\/","url":"https:\/\/canfali.com\/app\/uploads\/2025\/12\/canfali_marina_alta_logo.png","contentUrl":"https:\/\/canfali.com\/app\/uploads\/2025\/12\/canfali_marina_alta_logo.png","width":225,"height":225,"caption":"Canfali"},"image":{"@id":"https:\/\/canfali.com\/ca-es\/#\/schema\/logo\/image\/"},"sameAs":["https:\/\/es-es.facebook.com\/CANFALIMarinaAlta","https:\/\/x.com\/canfalima","https:\/\/www.instagram.com\/canfalimarinaalta\/"]},{"@type":"Person","@id":"https:\/\/canfali.com\/ca-es\/#\/schema\/person\/d834d2d4df17cac754d3c314d4c404ef","name":"JJ Mas","image":{"@type":"ImageObject","inLanguage":"va-ES","@id":"https:\/\/secure.gravatar.com\/avatar\/65a5191f5438bf88c2394f6d1a625a6ff903c8785268e603c623a83bc15ba1ee?s=96&d=mm&r=g","url":"https:\/\/secure.gravatar.com\/avatar\/65a5191f5438bf88c2394f6d1a625a6ff903c8785268e603c623a83bc15ba1ee?s=96&d=mm&r=g","contentUrl":"https:\/\/secure.gravatar.com\/avatar\/65a5191f5438bf88c2394f6d1a625a6ff903c8785268e603c623a83bc15ba1ee?s=96&d=mm&r=g","caption":"JJ Mas"},"url":"https:\/\/canfali.com\/ca-es\/author\/jj\/"}]}},"_links":{"self":[{"href":"https:\/\/canfali.com\/ca-es\/wp-json\/wp\/v2\/posts\/91531","targetHints":{"allow":["GET"]}}],"collection":[{"href":"https:\/\/canfali.com\/ca-es\/wp-json\/wp\/v2\/posts"}],"about":[{"href":"https:\/\/canfali.com\/ca-es\/wp-json\/wp\/v2\/types\/post"}],"author":[{"embeddable":true,"href":"https:\/\/canfali.com\/ca-es\/wp-json\/wp\/v2\/users\/4"}],"replies":[{"embeddable":true,"href":"https:\/\/canfali.com\/ca-es\/wp-json\/wp\/v2\/comments?post=91531"}],"version-history":[{"count":1,"href":"https:\/\/canfali.com\/ca-es\/wp-json\/wp\/v2\/posts\/91531\/revisions"}],"predecessor-version":[{"id":91534,"href":"https:\/\/canfali.com\/ca-es\/wp-json\/wp\/v2\/posts\/91531\/revisions\/91534"}],"wp:featuredmedia":[{"embeddable":true,"href":"https:\/\/canfali.com\/ca-es\/wp-json\/wp\/v2\/media\/91532"}],"wp:attachment":[{"href":"https:\/\/canfali.com\/ca-es\/wp-json\/wp\/v2\/media?parent=91531"}],"wp:term":[{"taxonomy":"category","embeddable":true,"href":"https:\/\/canfali.com\/ca-es\/wp-json\/wp\/v2\/categories?post=91531"},{"taxonomy":"post_tag","embeddable":true,"href":"https:\/\/canfali.com\/ca-es\/wp-json\/wp\/v2\/tags?post=91531"}],"curies":[{"name":"wp","href":"https:\/\/api.w.org\/{rel}","templated":true}]}}