{"id":91446,"date":"2026-03-17T21:24:15","date_gmt":"2026-03-17T20:24:15","guid":{"rendered":"https:\/\/canfali.com\/?p=91446"},"modified":"2026-03-17T22:03:38","modified_gmt":"2026-03-17T21:03:38","slug":"centro-sendu-el-primer-premi-de-les-falles-de-denia","status":"publish","type":"post","link":"https:\/\/canfali.com\/ca-es\/centro-sendu-el-primer-premi-de-les-falles-de-denia\/","title":{"rendered":"Centro s\u2019end\u00fa el primer premi de les falles de D\u00e9nia"},"content":{"rendered":"\n<figure class=\"wp-block-pullquote\"><blockquote><p>Un gran any per a Port Rotes en el seu 50 aniversari: guanyadora en Secci\u00f3 Primera i millor cr\u00edtica local de Canfali<\/p><\/blockquote><\/figure>\n\n\n\n<p>Les falles del Carrer Campos s\u00f3n les grans guanyadores de 2026. Centro en Secci\u00f3 Especial i Port Rotes en Secci\u00f3 Primera s\u2019han endut el primer premi. Les comissions d\u2019ambd\u00f3s districtes no han pogut dissimular la seua satisfacci\u00f3 quan s\u2019ha fet p\u00fablica la decisi\u00f3 del jurat i han posat de manifest la seua alegria a la pla\u00e7a de l\u2019ajuntament.<\/p>\n\n\n\n<figure class=\"wp-block-image size-large\"><img decoding=\"async\" src=\"https:\/\/canfali.com\/app\/uploads\/2026\/03\/WhatsApp-Image-2026-03-17-at-21.05.19-1-1024x768.jpeg.webp\" alt=\"\" class=\"wp-image-91457\"\/><\/figure>\n\n\n\n<figure class=\"wp-block-gallery has-nested-images columns-default is-cropped wp-block-gallery-15 is-layout-flex wp-block-gallery-is-layout-flex\">\n<figure class=\"wp-block-image size-large\"><img decoding=\"async\" data-id=\"91459\" src=\"https:\/\/canfali.com\/app\/uploads\/2026\/03\/WhatsApp-Image-2026-03-17-at-21.05.41-1-1024x768.jpeg.webp\" alt=\"\" class=\"wp-image-91459\"\/><\/figure>\n<\/figure>\n\n\n\n<p>Canfali Marina Alta ha atorgat el premi a la millor cr\u00edtica local, dotat amb 1.000 euros, que ha sigut per a la falla Port Rotes. D\u2019esta manera, el nostre setmanari s\u2019ha sumat i ha donat recolzament un any m\u00e9s a la festa fallera.<\/p>\n\n\n\n<h2 class=\"wp-block-heading\" id=\"h-seccio-especial\"><strong>Secci\u00f3 Especial<\/strong><\/h2>\n\n\n\n<figure class=\"wp-block-gallery has-nested-images columns-default is-cropped wp-block-gallery-16 is-layout-flex wp-block-gallery-is-layout-flex\">\n<figure class=\"wp-block-image size-large\"><img decoding=\"async\" data-id=\"91467\" src=\"https:\/\/canfali.com\/app\/uploads\/2026\/03\/Centro-3-1024x678.jpg.webp\" alt=\"\" class=\"wp-image-91467\"\/><\/figure>\n<\/figure>\n\n\n\n<figure class=\"wp-block-image size-large\"><img decoding=\"async\" src=\"https:\/\/canfali.com\/app\/uploads\/2026\/03\/WhatsApp-Image-2026-03-17-at-21.05.28-2-1024x768.jpeg.webp\" alt=\"\" class=\"wp-image-91482\"\/><\/figure>\n\n\n\n<p><strong>1. Centro<\/strong><\/p>\n\n\n\n<p>\u201cFaraonik\u201d, Josu\u00e9 Beitia (239 punts).<\/p>\n\n\n\n<p><strong>2. Baix la Mar<\/strong><\/p>\n\n\n\n<p>\u201cKrom\u00e0tica\u201d, David S\u00e1nchez Llongo (221 punts).<\/p>\n\n\n\n<p><strong>3. Oeste<\/strong><\/p>\n\n\n\n<p>\u201cLa m\u00e9s dol\u00e7a\u201d, Ernesto Cimas (201 punts).<\/p>\n\n\n\n<p><strong>4. Par\u00eds Pedrera<\/strong><\/p>\n\n\n\n<p>\u201cBall de m\u00e0scares\u201d, Palacio i Serra (172 punts).<\/p>\n\n\n\n<h2 class=\"wp-block-heading\" id=\"h-seccio-primera\">Secci\u00f3 Primera<\/h2>\n\n\n\n<figure class=\"wp-block-gallery has-nested-images columns-default is-cropped wp-block-gallery-17 is-layout-flex wp-block-gallery-is-layout-flex\">\n<figure class=\"wp-block-image size-large\"><img decoding=\"async\" data-id=\"91471\" src=\"https:\/\/canfali.com\/app\/uploads\/2026\/03\/WhatsApp-Image-2026-03-17-at-21.05.49-1-1024x768.jpeg.webp\" alt=\"\" class=\"wp-image-91471\"\/><\/figure>\n\n\n\n<figure class=\"wp-block-image size-large\"><img decoding=\"async\" data-id=\"91473\" src=\"https:\/\/canfali.com\/app\/uploads\/2026\/03\/port-rotes-1-1-678x1024.jpg.webp\" alt=\"\" class=\"wp-image-91473\"\/><\/figure>\n<\/figure>\n\n\n\n<p><strong>1. Port Rotes<\/strong><\/p>\n\n\n\n<p>\u201cMaleficis\u201d, Paco Torres (214 punts).<\/p>\n\n\n\n<p><strong>2. Darrere del Castell<\/strong><\/p>\n\n\n\n<p>\u201cLa cort del rei\u201d, Palacio i Serra(199 punts).<\/p>\n\n\n\n<p><strong>3. Diana<\/strong><\/p>\n\n\n\n<p>\u201cMusicalment\u201d, Toni P\u00e9rez Mena (189 punts).<\/p>\n\n\n\n<p><strong>4. Les Roques<\/strong><\/p>\n\n\n\n<p>\u201cLa muralla de la seda\u201d, Jos\u00e9 Manuel Garc\u00eda (164 punts)<\/p>\n\n\n\n<p><strong>5. Saladar<\/strong><\/p>\n\n\n\n<p>\u201cAmors\u201d, Ferni Llopis (141 punts)<\/p>\n\n\n\n<p><strong>6. Nou Camp Roig<\/strong><\/p>\n\n\n\n<p>\u201cTic toc\u201d, la comissi\u00f3 (102 &nbsp;punts)<\/p>\n\n\n\n<p><strong>7. Campaments<\/strong><\/p>\n\n\n\n<p>\u201cA contratemps\u201d, Manuel Pons (97 punts)<\/p>\n\n\n\n<h2 class=\"wp-block-heading\" id=\"h-40-anys-de-critica-canfali\"><strong>40 anys de cr\u00edtica Canfali<\/strong><\/h2>\n\n\n\n<figure class=\"wp-block-gallery has-nested-images columns-default is-cropped wp-block-gallery-18 is-layout-flex wp-block-gallery-is-layout-flex\">\n<figure class=\"wp-block-image size-large\"><img decoding=\"async\" data-id=\"91461\" src=\"https:\/\/canfali.com\/app\/uploads\/2026\/03\/critica-PORT-ROTES-7-1024x678.jpg.webp\" alt=\"\" class=\"wp-image-91461\"\/><\/figure>\n<\/figure>\n\n\n\n<p>El premi a la millor cr\u00edtica local de Canfali Marina Alta celebra enguany el 40 aniversari. En esta ocasi\u00f3, com va oc\u00f3rrer en aquell mes de mar\u00e7 de 1986, el premi ha sigut per a la falla Port Rotes. La falta d\u2019aparcaments -\u201cper aparcar a D\u00e9nia necessites un encanteri\u201d-, l\u2019anhelada i mai realitzada estaci\u00f3 intermodal \u201c-ni tren, ni bus ni parada\u201d- o el somni d\u2019un auditori digne per a la ciutat han sigut alguns dels aspectes tractats per la cr\u00edtica.<\/p>\n\n\n\n<p>Com en moltes altres falles, s\u2019han abordat q\u00fcestions relacionades amb la pol\u00edtica municipal i s\u2019ha ironitzat amb els seus caps visibles. Preocupen al m\u00f3n faller les conseq\u00fc\u00e8ncies de la pressi\u00f3 tur\u00edstica. Quan arriba el bon oratge \u201cel poble es veu desbordat\u201d -diuen a Port Rotes-convertint-se en \u201cparc tem\u00e0tica saturat\u201d. La falla guanyadora del premi a la cr\u00edtica local \u2018Luis Francisco Carri\u00f3\u2019 de Canfali Marina Alta reivindica aix\u00ed mateix el nou pavell\u00f3 esportiu, fa al\u00b7lusi\u00f3 a la situaci\u00f3 de la dona en les falles, al&nbsp; nou espai polivalent i a la imatge de la ciutat. \u201cTan bonica que eres D\u00e9nia i tan lletja que t\u2019estan fent\u201d, es pot llegir en un altre dels cartells.<\/p>\n\n\n\n<figure class=\"wp-block-image size-large\"><img decoding=\"async\" src=\"https:\/\/canfali.com\/app\/uploads\/2026\/03\/JURAT-recorregut-1-1024x678.jpg.webp\" alt=\"\" class=\"wp-image-91465\"\/><\/figure>\n\n\n\n<p>La votaci\u00f3 del jurat ha estat molt ajustada i nom\u00e9s ha hagut un punt de difer\u00e8ncia entre la cr\u00edtica de <strong>Port Rotes<\/strong> i la de la falla <strong>Centro<\/strong>. El jurat ha valorat l\u2019esfor\u00e7 que han fet les falles que, que en general han tirat de cr\u00edtica en els seus monuments tot i que s\u2019ha&nbsp; notat a faltar un poc m\u00e9s d\u2019ironia respecte a altres anys.<\/p>\n\n\n\n<h2 class=\"wp-block-heading\" id=\"h-altres-premis\"><strong>Altres premis<\/strong><\/h2>\n\n\n\n<p>Pel que fa a les cr\u00edtiques, la millor cr\u00edtica tur\u00edstica \u00e9s per a <strong>Saladar<\/strong>; la millor cr\u00edtica fallera, la de <strong>Darrere del Castell<\/strong>; mentre que el premi a la millor gesti\u00f3 i cr\u00edtica mediambiental se l\u2019end\u00fa <strong>Campaments<\/strong>.<\/p>\n\n\n\n<p>Els premis al risc, ninot indultat, ornamentaci\u00f3 de falla i a la millor pintura han sigut per a la falla <strong>Centro.<\/strong> <strong>Saladar<\/strong> ha guanyat el premi al millor llibret i <strong>Les Roques<\/strong>, el premi a l\u2019activitat fallera. Els premis d\u2019enginy i gr\u00e0cia s\u00f3n per a <strong>Port Rotes <\/strong>i <strong>Baix la Mar<\/strong>.<\/p>\n\n\n\n<p>El premi a la promoci\u00f3 del valenci\u00e0 ha sigut per a <strong>Baix la Mar. <\/strong>Els premis de promoci\u00f3 de la diveristat i promoci\u00f3 de la igualtat entre homes i dones han sigut per a <strong>Baix la Mar<\/strong>, mentre que la comissi\u00f3 m\u00e9s solid\u00e0ria en la donaci\u00f3 de sang ha sigut <strong>Par\u00eds Pedrera<\/strong>. En l\u2019\u00fas de les xarxes socials, el guanyador ha sigut <strong>Port Rotes.<\/strong><\/p>\n","protected":false},"excerpt":{"rendered":"Un gran any per a Port Rotes en el seu 50 aniversari: guanyadora en Secci\u00f3 Primera i millor&hellip;","protected":false},"author":6,"featured_media":91480,"comment_status":"closed","ping_status":"closed","sticky":false,"template":"","format":"standard","meta":{"csco_display_header_overlay":false,"csco_singular_sidebar":"","csco_page_header_type":"","csco_page_load_nextpost":"","csco_post_video_location":[],"csco_post_video_location_hash":"","csco_post_video_url":"","csco_post_video_bg_start_time":0,"csco_post_video_bg_end_time":0,"footnotes":""},"categories":[587],"tags":[7054,1289,7124,1876],"class_list":{"0":"post-91446","1":"post","2":"type-post","3":"status-publish","4":"format-standard","5":"has-post-thumbnail","7":"category-festes","8":"tag-centro","9":"tag-falles","10":"tag-port-rotes","11":"tag-premis","12":"cs-entry","13":"cs-video-wrap"},"yoast_head":"<!-- This site is optimized with the Yoast SEO Premium plugin v26.6 (Yoast SEO v27.3) - https:\/\/yoast.com\/product\/yoast-seo-premium-wordpress\/ -->\n<title>Centro s\u2019end\u00fa el primer premi de les falles de D\u00e9nia - Canfali<\/title>\n<meta name=\"description\" content=\"La falla Centro \u00e9s la gran triomfadora de les falles de D\u00e9nia i Port Rotes guanya en Secci\u00f3 Especial en l&#039;any del seu 50 aniversari.\" \/>\n<meta name=\"robots\" content=\"index, follow, max-snippet:-1, max-image-preview:large, max-video-preview:-1\" \/>\n<link rel=\"canonical\" href=\"https:\/\/canfali.com\/ca-es\/centro-sendu-el-primer-premi-de-les-falles-de-denia\/\" \/>\n<meta property=\"og:locale\" content=\"en_US\" \/>\n<meta property=\"og:type\" content=\"article\" \/>\n<meta property=\"og:title\" content=\"Centro s\u2019end\u00fa el primer premi de les falles de D\u00e9nia\" \/>\n<meta property=\"og:description\" content=\"La falla Centro \u00e9s la gran triomfadora de les falles de D\u00e9nia i Port Rotes guanya en Secci\u00f3 Especial en l&#039;any del seu 50 aniversari.\" \/>\n<meta property=\"og:url\" content=\"https:\/\/canfali.com\/ca-es\/centro-sendu-el-primer-premi-de-les-falles-de-denia\/\" \/>\n<meta property=\"og:site_name\" content=\"Canfali\" \/>\n<meta property=\"article:publisher\" content=\"https:\/\/es-es.facebook.com\/CANFALIMarinaAlta\" \/>\n<meta property=\"article:published_time\" content=\"2026-03-17T20:24:15+00:00\" \/>\n<meta property=\"article:modified_time\" content=\"2026-03-17T21:03:38+00:00\" \/>\n<meta property=\"og:image\" content=\"https:\/\/canfali.com\/app\/uploads\/2026\/03\/WhatsApp-Image-2026-03-17-at-21.55.30.jpeg\" \/>\n\t<meta property=\"og:image:width\" content=\"1600\" \/>\n\t<meta property=\"og:image:height\" content=\"1200\" \/>\n\t<meta property=\"og:image:type\" content=\"image\/jpeg\" \/>\n<meta name=\"author\" content=\"Rosa\" \/>\n<meta name=\"twitter:card\" content=\"summary_large_image\" \/>\n<meta name=\"twitter:creator\" content=\"@canfalima\" \/>\n<meta name=\"twitter:site\" content=\"@canfalima\" \/>\n<meta name=\"twitter:label1\" content=\"Written by\" \/>\n\t<meta name=\"twitter:data1\" content=\"Rosa\" \/>\n\t<meta name=\"twitter:label2\" content=\"Est. reading time\" \/>\n\t<meta name=\"twitter:data2\" content=\"5 minutes\" \/>\n<script type=\"application\/ld+json\" class=\"yoast-schema-graph\">{\"@context\":\"https:\\\/\\\/schema.org\",\"@graph\":[{\"@type\":\"NewsArticle\",\"@id\":\"https:\\\/\\\/canfali.com\\\/ca-es\\\/centro-sendu-el-primer-premi-de-les-falles-de-denia\\\/#article\",\"isPartOf\":{\"@id\":\"https:\\\/\\\/canfali.com\\\/ca-es\\\/centro-sendu-el-primer-premi-de-les-falles-de-denia\\\/\"},\"author\":{\"name\":\"Rosa\",\"@id\":\"https:\\\/\\\/canfali.com\\\/ca-es\\\/#\\\/schema\\\/person\\\/c861a7aa2b2495357b95f35bd5d82f88\"},\"headline\":\"Centro s\u2019end\u00fa el primer premi de les falles de D\u00e9nia\",\"datePublished\":\"2026-03-17T20:24:15+00:00\",\"dateModified\":\"2026-03-17T21:03:38+00:00\",\"mainEntityOfPage\":{\"@id\":\"https:\\\/\\\/canfali.com\\\/ca-es\\\/centro-sendu-el-primer-premi-de-les-falles-de-denia\\\/\"},\"wordCount\":701,\"publisher\":{\"@id\":\"https:\\\/\\\/canfali.com\\\/ca-es\\\/#organization\"},\"image\":{\"@id\":\"https:\\\/\\\/canfali.com\\\/ca-es\\\/centro-sendu-el-primer-premi-de-les-falles-de-denia\\\/#primaryimage\"},\"thumbnailUrl\":\"https:\\\/\\\/canfali.com\\\/app\\\/uploads\\\/2026\\\/03\\\/WhatsApp-Image-2026-03-17-at-21.55.30.jpeg\",\"keywords\":[\"Centro\",\"falles\",\"Port Rotes\",\"premis\"],\"articleSection\":[\"Festes\"],\"inLanguage\":\"va-ES\",\"copyrightYear\":\"2026\",\"copyrightHolder\":{\"@id\":\"https:\\\/\\\/canfali.com\\\/#organization\"}},{\"@type\":\"WebPage\",\"@id\":\"https:\\\/\\\/canfali.com\\\/ca-es\\\/centro-sendu-el-primer-premi-de-les-falles-de-denia\\\/\",\"url\":\"https:\\\/\\\/canfali.com\\\/ca-es\\\/centro-sendu-el-primer-premi-de-les-falles-de-denia\\\/\",\"name\":\"Centro s\u2019end\u00fa el primer premi de les falles de D\u00e9nia - Canfali\",\"isPartOf\":{\"@id\":\"https:\\\/\\\/canfali.com\\\/ca-es\\\/#website\"},\"primaryImageOfPage\":{\"@id\":\"https:\\\/\\\/canfali.com\\\/ca-es\\\/centro-sendu-el-primer-premi-de-les-falles-de-denia\\\/#primaryimage\"},\"image\":{\"@id\":\"https:\\\/\\\/canfali.com\\\/ca-es\\\/centro-sendu-el-primer-premi-de-les-falles-de-denia\\\/#primaryimage\"},\"thumbnailUrl\":\"https:\\\/\\\/canfali.com\\\/app\\\/uploads\\\/2026\\\/03\\\/WhatsApp-Image-2026-03-17-at-21.55.30.jpeg\",\"datePublished\":\"2026-03-17T20:24:15+00:00\",\"dateModified\":\"2026-03-17T21:03:38+00:00\",\"description\":\"La falla Centro \u00e9s la gran triomfadora de les falles de D\u00e9nia i Port Rotes guanya en Secci\u00f3 Especial en l'any del seu 50 aniversari.\",\"breadcrumb\":{\"@id\":\"https:\\\/\\\/canfali.com\\\/ca-es\\\/centro-sendu-el-primer-premi-de-les-falles-de-denia\\\/#breadcrumb\"},\"inLanguage\":\"va-ES\",\"potentialAction\":[{\"@type\":\"ReadAction\",\"target\":[\"https:\\\/\\\/canfali.com\\\/ca-es\\\/centro-sendu-el-primer-premi-de-les-falles-de-denia\\\/\"]}]},{\"@type\":\"ImageObject\",\"inLanguage\":\"va-ES\",\"@id\":\"https:\\\/\\\/canfali.com\\\/ca-es\\\/centro-sendu-el-primer-premi-de-les-falles-de-denia\\\/#primaryimage\",\"url\":\"https:\\\/\\\/canfali.com\\\/app\\\/uploads\\\/2026\\\/03\\\/WhatsApp-Image-2026-03-17-at-21.55.30.jpeg\",\"contentUrl\":\"https:\\\/\\\/canfali.com\\\/app\\\/uploads\\\/2026\\\/03\\\/WhatsApp-Image-2026-03-17-at-21.55.30.jpeg\",\"width\":1600,\"height\":1200},{\"@type\":\"BreadcrumbList\",\"@id\":\"https:\\\/\\\/canfali.com\\\/ca-es\\\/centro-sendu-el-primer-premi-de-les-falles-de-denia\\\/#breadcrumb\",\"itemListElement\":[{\"@type\":\"ListItem\",\"position\":1,\"name\":\"Portada\",\"item\":\"https:\\\/\\\/canfali.com\\\/ca-es\\\/\"},{\"@type\":\"ListItem\",\"position\":2,\"name\":\"Centro s\u2019end\u00fa el primer premi de les falles de D\u00e9nia\"}]},{\"@type\":\"WebSite\",\"@id\":\"https:\\\/\\\/canfali.com\\\/ca-es\\\/#website\",\"url\":\"https:\\\/\\\/canfali.com\\\/ca-es\\\/\",\"name\":\"Canfali\",\"description\":\"\",\"publisher\":{\"@id\":\"https:\\\/\\\/canfali.com\\\/ca-es\\\/#organization\"},\"potentialAction\":[{\"@type\":\"SearchAction\",\"target\":{\"@type\":\"EntryPoint\",\"urlTemplate\":\"https:\\\/\\\/canfali.com\\\/ca-es\\\/?s={search_term_string}\"},\"query-input\":{\"@type\":\"PropertyValueSpecification\",\"valueRequired\":true,\"valueName\":\"search_term_string\"}}],\"inLanguage\":\"va-ES\"},{\"@type\":\"Organization\",\"@id\":\"https:\\\/\\\/canfali.com\\\/ca-es\\\/#organization\",\"name\":\"Canfali\",\"url\":\"https:\\\/\\\/canfali.com\\\/ca-es\\\/\",\"logo\":{\"@type\":\"ImageObject\",\"inLanguage\":\"va-ES\",\"@id\":\"https:\\\/\\\/canfali.com\\\/ca-es\\\/#\\\/schema\\\/logo\\\/image\\\/\",\"url\":\"https:\\\/\\\/canfali.com\\\/app\\\/uploads\\\/2025\\\/12\\\/canfali_marina_alta_logo.png\",\"contentUrl\":\"https:\\\/\\\/canfali.com\\\/app\\\/uploads\\\/2025\\\/12\\\/canfali_marina_alta_logo.png\",\"width\":225,\"height\":225,\"caption\":\"Canfali\"},\"image\":{\"@id\":\"https:\\\/\\\/canfali.com\\\/ca-es\\\/#\\\/schema\\\/logo\\\/image\\\/\"},\"sameAs\":[\"https:\\\/\\\/es-es.facebook.com\\\/CANFALIMarinaAlta\",\"https:\\\/\\\/x.com\\\/canfalima\",\"https:\\\/\\\/www.instagram.com\\\/canfalimarinaalta\\\/\"]},{\"@type\":\"Person\",\"@id\":\"https:\\\/\\\/canfali.com\\\/ca-es\\\/#\\\/schema\\\/person\\\/c861a7aa2b2495357b95f35bd5d82f88\",\"name\":\"Rosa\",\"image\":{\"@type\":\"ImageObject\",\"inLanguage\":\"va-ES\",\"@id\":\"https:\\\/\\\/secure.gravatar.com\\\/avatar\\\/47fb83d99423a6ef1cf9f83f02a5e91366c671dec76c5c24badf1b0494e1d960?s=96&d=mm&r=g\",\"url\":\"https:\\\/\\\/secure.gravatar.com\\\/avatar\\\/47fb83d99423a6ef1cf9f83f02a5e91366c671dec76c5c24badf1b0494e1d960?s=96&d=mm&r=g\",\"contentUrl\":\"https:\\\/\\\/secure.gravatar.com\\\/avatar\\\/47fb83d99423a6ef1cf9f83f02a5e91366c671dec76c5c24badf1b0494e1d960?s=96&d=mm&r=g\",\"caption\":\"Rosa\"},\"url\":\"https:\\\/\\\/canfali.com\\\/ca-es\\\/author\\\/rosa\\\/\"}]}<\/script>\n<!-- \/ Yoast SEO Premium plugin. -->","yoast_head_json":{"title":"Centro s\u2019end\u00fa el primer premi de les falles de D\u00e9nia - Canfali","description":"La falla Centro \u00e9s la gran triomfadora de les falles de D\u00e9nia i Port Rotes guanya en Secci\u00f3 Especial en l'any del seu 50 aniversari.","robots":{"index":"index","follow":"follow","max-snippet":"max-snippet:-1","max-image-preview":"max-image-preview:large","max-video-preview":"max-video-preview:-1"},"canonical":"https:\/\/canfali.com\/ca-es\/centro-sendu-el-primer-premi-de-les-falles-de-denia\/","og_locale":"en_US","og_type":"article","og_title":"Centro s\u2019end\u00fa el primer premi de les falles de D\u00e9nia","og_description":"La falla Centro \u00e9s la gran triomfadora de les falles de D\u00e9nia i Port Rotes guanya en Secci\u00f3 Especial en l'any del seu 50 aniversari.","og_url":"https:\/\/canfali.com\/ca-es\/centro-sendu-el-primer-premi-de-les-falles-de-denia\/","og_site_name":"Canfali","article_publisher":"https:\/\/es-es.facebook.com\/CANFALIMarinaAlta","article_published_time":"2026-03-17T20:24:15+00:00","article_modified_time":"2026-03-17T21:03:38+00:00","og_image":[{"width":1600,"height":1200,"url":"https:\/\/canfali.com\/app\/uploads\/2026\/03\/WhatsApp-Image-2026-03-17-at-21.55.30.jpeg","type":"image\/jpeg"}],"author":"Rosa","twitter_card":"summary_large_image","twitter_creator":"@canfalima","twitter_site":"@canfalima","twitter_misc":{"Written by":"Rosa","Est. reading time":"5 minutes"},"schema":{"@context":"https:\/\/schema.org","@graph":[{"@type":"NewsArticle","@id":"https:\/\/canfali.com\/ca-es\/centro-sendu-el-primer-premi-de-les-falles-de-denia\/#article","isPartOf":{"@id":"https:\/\/canfali.com\/ca-es\/centro-sendu-el-primer-premi-de-les-falles-de-denia\/"},"author":{"name":"Rosa","@id":"https:\/\/canfali.com\/ca-es\/#\/schema\/person\/c861a7aa2b2495357b95f35bd5d82f88"},"headline":"Centro s\u2019end\u00fa el primer premi de les falles de D\u00e9nia","datePublished":"2026-03-17T20:24:15+00:00","dateModified":"2026-03-17T21:03:38+00:00","mainEntityOfPage":{"@id":"https:\/\/canfali.com\/ca-es\/centro-sendu-el-primer-premi-de-les-falles-de-denia\/"},"wordCount":701,"publisher":{"@id":"https:\/\/canfali.com\/ca-es\/#organization"},"image":{"@id":"https:\/\/canfali.com\/ca-es\/centro-sendu-el-primer-premi-de-les-falles-de-denia\/#primaryimage"},"thumbnailUrl":"https:\/\/canfali.com\/app\/uploads\/2026\/03\/WhatsApp-Image-2026-03-17-at-21.55.30.jpeg","keywords":["Centro","falles","Port Rotes","premis"],"articleSection":["Festes"],"inLanguage":"va-ES","copyrightYear":"2026","copyrightHolder":{"@id":"https:\/\/canfali.com\/#organization"}},{"@type":"WebPage","@id":"https:\/\/canfali.com\/ca-es\/centro-sendu-el-primer-premi-de-les-falles-de-denia\/","url":"https:\/\/canfali.com\/ca-es\/centro-sendu-el-primer-premi-de-les-falles-de-denia\/","name":"Centro s\u2019end\u00fa el primer premi de les falles de D\u00e9nia - Canfali","isPartOf":{"@id":"https:\/\/canfali.com\/ca-es\/#website"},"primaryImageOfPage":{"@id":"https:\/\/canfali.com\/ca-es\/centro-sendu-el-primer-premi-de-les-falles-de-denia\/#primaryimage"},"image":{"@id":"https:\/\/canfali.com\/ca-es\/centro-sendu-el-primer-premi-de-les-falles-de-denia\/#primaryimage"},"thumbnailUrl":"https:\/\/canfali.com\/app\/uploads\/2026\/03\/WhatsApp-Image-2026-03-17-at-21.55.30.jpeg","datePublished":"2026-03-17T20:24:15+00:00","dateModified":"2026-03-17T21:03:38+00:00","description":"La falla Centro \u00e9s la gran triomfadora de les falles de D\u00e9nia i Port Rotes guanya en Secci\u00f3 Especial en l'any del seu 50 aniversari.","breadcrumb":{"@id":"https:\/\/canfali.com\/ca-es\/centro-sendu-el-primer-premi-de-les-falles-de-denia\/#breadcrumb"},"inLanguage":"va-ES","potentialAction":[{"@type":"ReadAction","target":["https:\/\/canfali.com\/ca-es\/centro-sendu-el-primer-premi-de-les-falles-de-denia\/"]}]},{"@type":"ImageObject","inLanguage":"va-ES","@id":"https:\/\/canfali.com\/ca-es\/centro-sendu-el-primer-premi-de-les-falles-de-denia\/#primaryimage","url":"https:\/\/canfali.com\/app\/uploads\/2026\/03\/WhatsApp-Image-2026-03-17-at-21.55.30.jpeg","contentUrl":"https:\/\/canfali.com\/app\/uploads\/2026\/03\/WhatsApp-Image-2026-03-17-at-21.55.30.jpeg","width":1600,"height":1200},{"@type":"BreadcrumbList","@id":"https:\/\/canfali.com\/ca-es\/centro-sendu-el-primer-premi-de-les-falles-de-denia\/#breadcrumb","itemListElement":[{"@type":"ListItem","position":1,"name":"Portada","item":"https:\/\/canfali.com\/ca-es\/"},{"@type":"ListItem","position":2,"name":"Centro s\u2019end\u00fa el primer premi de les falles de D\u00e9nia"}]},{"@type":"WebSite","@id":"https:\/\/canfali.com\/ca-es\/#website","url":"https:\/\/canfali.com\/ca-es\/","name":"Canfali","description":"","publisher":{"@id":"https:\/\/canfali.com\/ca-es\/#organization"},"potentialAction":[{"@type":"SearchAction","target":{"@type":"EntryPoint","urlTemplate":"https:\/\/canfali.com\/ca-es\/?s={search_term_string}"},"query-input":{"@type":"PropertyValueSpecification","valueRequired":true,"valueName":"search_term_string"}}],"inLanguage":"va-ES"},{"@type":"Organization","@id":"https:\/\/canfali.com\/ca-es\/#organization","name":"Canfali","url":"https:\/\/canfali.com\/ca-es\/","logo":{"@type":"ImageObject","inLanguage":"va-ES","@id":"https:\/\/canfali.com\/ca-es\/#\/schema\/logo\/image\/","url":"https:\/\/canfali.com\/app\/uploads\/2025\/12\/canfali_marina_alta_logo.png","contentUrl":"https:\/\/canfali.com\/app\/uploads\/2025\/12\/canfali_marina_alta_logo.png","width":225,"height":225,"caption":"Canfali"},"image":{"@id":"https:\/\/canfali.com\/ca-es\/#\/schema\/logo\/image\/"},"sameAs":["https:\/\/es-es.facebook.com\/CANFALIMarinaAlta","https:\/\/x.com\/canfalima","https:\/\/www.instagram.com\/canfalimarinaalta\/"]},{"@type":"Person","@id":"https:\/\/canfali.com\/ca-es\/#\/schema\/person\/c861a7aa2b2495357b95f35bd5d82f88","name":"Rosa","image":{"@type":"ImageObject","inLanguage":"va-ES","@id":"https:\/\/secure.gravatar.com\/avatar\/47fb83d99423a6ef1cf9f83f02a5e91366c671dec76c5c24badf1b0494e1d960?s=96&d=mm&r=g","url":"https:\/\/secure.gravatar.com\/avatar\/47fb83d99423a6ef1cf9f83f02a5e91366c671dec76c5c24badf1b0494e1d960?s=96&d=mm&r=g","contentUrl":"https:\/\/secure.gravatar.com\/avatar\/47fb83d99423a6ef1cf9f83f02a5e91366c671dec76c5c24badf1b0494e1d960?s=96&d=mm&r=g","caption":"Rosa"},"url":"https:\/\/canfali.com\/ca-es\/author\/rosa\/"}]}},"_links":{"self":[{"href":"https:\/\/canfali.com\/ca-es\/wp-json\/wp\/v2\/posts\/91446","targetHints":{"allow":["GET"]}}],"collection":[{"href":"https:\/\/canfali.com\/ca-es\/wp-json\/wp\/v2\/posts"}],"about":[{"href":"https:\/\/canfali.com\/ca-es\/wp-json\/wp\/v2\/types\/post"}],"author":[{"embeddable":true,"href":"https:\/\/canfali.com\/ca-es\/wp-json\/wp\/v2\/users\/6"}],"replies":[{"embeddable":true,"href":"https:\/\/canfali.com\/ca-es\/wp-json\/wp\/v2\/comments?post=91446"}],"version-history":[{"count":5,"href":"https:\/\/canfali.com\/ca-es\/wp-json\/wp\/v2\/posts\/91446\/revisions"}],"predecessor-version":[{"id":91489,"href":"https:\/\/canfali.com\/ca-es\/wp-json\/wp\/v2\/posts\/91446\/revisions\/91489"}],"wp:featuredmedia":[{"embeddable":true,"href":"https:\/\/canfali.com\/ca-es\/wp-json\/wp\/v2\/media\/91480"}],"wp:attachment":[{"href":"https:\/\/canfali.com\/ca-es\/wp-json\/wp\/v2\/media?parent=91446"}],"wp:term":[{"taxonomy":"category","embeddable":true,"href":"https:\/\/canfali.com\/ca-es\/wp-json\/wp\/v2\/categories?post=91446"},{"taxonomy":"post_tag","embeddable":true,"href":"https:\/\/canfali.com\/ca-es\/wp-json\/wp\/v2\/tags?post=91446"}],"curies":[{"name":"wp","href":"https:\/\/api.w.org\/{rel}","templated":true}]}}