{"id":91440,"date":"2026-03-17T15:33:02","date_gmt":"2026-03-17T14:33:02","guid":{"rendered":"https:\/\/canfali.com\/baix-la-mar-i-diana-guanyen-en-infantils\/"},"modified":"2026-03-17T16:47:59","modified_gmt":"2026-03-17T15:47:59","slug":"baix-la-mar-i-diana-guanyen-en-infantils","status":"publish","type":"post","link":"https:\/\/canfali.com\/ca-es\/baix-la-mar-i-diana-guanyen-en-infantils\/","title":{"rendered":"Baix la Mar i Diana guanyen en infantils"},"content":{"rendered":"\n<p>La comissi\u00f3 de Baix la Mar ha aconseguit el primer premi de la Secci\u00f3 Especial Infantil de les Falles de D\u00e9nia 2026, mentres que Diana ha fet el propi en la Secci\u00f3 Primera Infantil, segons la decisi\u00f3 del jurat donat a con\u00e9ixer este dimarts.&#13;\n&#13;\n&#13;\n&#13;\n&#13;\n&#13;\n&#13;\n&#13;\n<\/p>\n\n<p>Els dos monuments han sigut realitzats per l&#8217;artista dianense Enric Ginestar, qui firma aix\u00ed un doble triomf en les categories infantils de les festes de Sant Josep de la ciutat.&#13;\n<\/p>\n\n<p>En la Secci\u00f3 Especial Infantil, la proposta titulada \u2018\u00c9s temps de Baix la Mar\u2019 ha atorgat a Baix la Mar el m\u00e0xim guard\u00f3 amb un total de 177 punts. La comissi\u00f3, presidida per Manuel Marco i amb Chlo\u00e9 Cabrera com a fallera major infantil, ha sumat a m\u00e9s el reconeixement a la millor pintura.&#13;\n<\/p>\n\n<p>El segon premi d&#8217;esta secci\u00f3 ha sigut per a la falla Centro, que amb la seua obra \u2018Solidaris\u2019 ha aconseguit 174 punts. Este districte, el d&#8217;Els Quatre Cantons, tamb\u00e9 ha destacat amb el guard\u00f3 Pepe Sim\u00f3 al millor Ninot Indultat Infantil i el premi Manuel Marco a l&#8217;Enginy i Gracia.<\/p>\n\n<p>El tercer lloc ha recaigut a Par\u00eds Pedrera, que ha obtingut 147 punts amb el monument \u2018Els quatre estacions\u2019, mentres que Oest ha quedat en quarta posici\u00f3 amb 127 punts gr\u00e0cies al seu proposada \u2018H\u2082O\u2019.&#13;\n&#13;\n&#13;\n&#13;\n<\/p>\n\n<p>En la Secci\u00f3 Primera Infantil, la falla Diana s&#8217;ha al\u00e7at amb el primer premi despr\u00e9s d&#8217;aconseguir 247 punts amb el monument \u2018Alkymia\u2019. La comissi\u00f3, encap\u00e7alada pel seu president Mateo Ribes i la fallera major infantil Paula Ribes, ha obtingut tamb\u00e9 la banderola del premi Tom\u00e1s Chiner a l&#8217;Enginy i Gracia.&#13;\n<\/p>\n\n<p>El segon premi ha sigut per a Port Rotes amb l&#8217;obra \u2018Blau\u2019, de l&#8217;artista Vicent Gay\u00e0. Els Roques ha aconseguit la tercera posici\u00f3 amb 201 punts i, a m\u00e9s, ha sigut distingida amb el premi als drets de la inf\u00e0ncia i l&#8217;adolesc\u00e8ncia.&#13;\n&#13;\n<\/p>\n\n<p>Campaments ha finalitzat en quarta posici\u00f3 amb 197 punts, seguida de Darrere del Castell, quinta amb 148 punts. Saladar ha ocupat el sext lloc amb 147 punts, mentres que Nou Camp Roig ha tancat la classificaci\u00f3 en s\u00e8ptima posici\u00f3 amb 115 punts.<\/p>\n\n<figure class=\"wp-block-image size-full\"><img fetchpriority=\"high\" decoding=\"async\" width=\"2560\" height=\"1696\" src=\"https:\/\/canfali.com\/app\/uploads\/2026\/03\/diana-INFANTIL-2-scaled.jpg\" alt=\"\" class=\"wp-image-91437\" srcset=\"https:\/\/canfali.com\/app\/uploads\/2026\/03\/diana-INFANTIL-2-scaled.jpg 2560w, https:\/\/canfali.com\/app\/uploads\/2026\/03\/diana-INFANTIL-2-300x199.jpg 300w, https:\/\/canfali.com\/app\/uploads\/2026\/03\/diana-INFANTIL-2-1024x678.jpg 1024w, https:\/\/canfali.com\/app\/uploads\/2026\/03\/diana-INFANTIL-2-768x509.jpg 768w, https:\/\/canfali.com\/app\/uploads\/2026\/03\/diana-INFANTIL-2-1536x1017.jpg 1536w, https:\/\/canfali.com\/app\/uploads\/2026\/03\/diana-INFANTIL-2-2048x1356.jpg 2048w\" sizes=\"(max-width: 2560px) 100vw, 2560px\" \/><\/figure>\n\n<figure class=\"wp-block-image size-large\"><img decoding=\"async\" src=\"https:\/\/canfali.com\/app\/uploads\/2026\/03\/46E264AB-C0A7-4C18-A912-F4E26F0101C6-1024x768.jpeg.webp\" alt=\"\" class=\"wp-image-91408\"\/><\/figure>\n\n<figure class=\"wp-block-image size-large\"><img decoding=\"async\" src=\"https:\/\/canfali.com\/app\/uploads\/2026\/03\/625A454C-DDF3-4D9D-8F6C-B888304CF14E-1024x768.jpeg.webp\" alt=\"\" class=\"wp-image-91410\"\/><\/figure>\n\n<figure class=\"wp-block-image size-large\"><img decoding=\"async\" src=\"https:\/\/canfali.com\/app\/uploads\/2026\/03\/A4026947-AFD6-45E6-AB4D-6F8E44622924-1024x768.jpeg.webp\" alt=\"\" class=\"wp-image-91412\"\/><\/figure>\n\n<figure class=\"wp-block-image size-large\"><img decoding=\"async\" src=\"https:\/\/canfali.com\/app\/uploads\/2026\/03\/9EF04C33-044A-4C97-BD1C-B91E25906F9D-1024x768.jpeg.webp\" alt=\"\" class=\"wp-image-91414\"\/><\/figure>\n","protected":false},"excerpt":{"rendered":"La comissi\u00f3 de Baix la Mar ha aconseguit el primer premi de la Secci\u00f3 Especial Infantil de les&hellip;","protected":false},"author":7,"featured_media":91435,"comment_status":"closed","ping_status":"closed","sticky":false,"template":"","format":"standard","meta":{"csco_display_header_overlay":false,"csco_singular_sidebar":"","csco_page_header_type":"","csco_page_load_nextpost":"","csco_post_video_location":[],"csco_post_video_location_hash":"","csco_post_video_url":"","csco_post_video_bg_start_time":0,"csco_post_video_bg_end_time":0,"footnotes":""},"categories":[587],"tags":[1289,2152],"class_list":{"0":"post-91440","1":"post","2":"type-post","3":"status-publish","4":"format-standard","5":"has-post-thumbnail","7":"category-festes","8":"tag-falles","9":"tag-premis-ca-es","10":"cs-entry","11":"cs-video-wrap"},"yoast_head":"<!-- This site is optimized with the Yoast SEO Premium plugin v26.6 (Yoast SEO v27.3) - https:\/\/yoast.com\/product\/yoast-seo-premium-wordpress\/ -->\n<title>Baix la Mar i Diana guanyen en infantils - Canfali<\/title>\n<meta name=\"robots\" content=\"index, follow, max-snippet:-1, max-image-preview:large, max-video-preview:-1\" \/>\n<link rel=\"canonical\" href=\"https:\/\/canfali.com\/ca-es\/baix-la-mar-i-diana-guanyen-en-infantils\/\" \/>\n<meta property=\"og:locale\" content=\"en_US\" \/>\n<meta property=\"og:type\" content=\"article\" \/>\n<meta property=\"og:title\" content=\"Baix la Mar i Diana guanyen en infantils\" \/>\n<meta property=\"og:description\" content=\"La comissi\u00f3 de Baix la Mar ha aconseguit el primer premi de la Secci\u00f3 Especial Infantil de les&hellip;\" \/>\n<meta property=\"og:url\" content=\"https:\/\/canfali.com\/ca-es\/baix-la-mar-i-diana-guanyen-en-infantils\/\" \/>\n<meta property=\"og:site_name\" content=\"Canfali\" \/>\n<meta property=\"article:publisher\" content=\"https:\/\/es-es.facebook.com\/CANFALIMarinaAlta\" \/>\n<meta property=\"article:published_time\" content=\"2026-03-17T14:33:02+00:00\" \/>\n<meta property=\"article:modified_time\" content=\"2026-03-17T15:47:59+00:00\" \/>\n<meta property=\"og:image\" content=\"https:\/\/canfali.com\/app\/uploads\/2026\/03\/baixlamar-infantil-1-scaled.jpg\" \/>\n\t<meta property=\"og:image:width\" content=\"2560\" \/>\n\t<meta property=\"og:image:height\" content=\"1696\" \/>\n\t<meta property=\"og:image:type\" content=\"image\/jpeg\" \/>\n<meta name=\"author\" content=\"Bolta\" \/>\n<meta name=\"twitter:card\" content=\"summary_large_image\" \/>\n<meta name=\"twitter:creator\" content=\"@canfalima\" \/>\n<meta name=\"twitter:site\" content=\"@canfalima\" \/>\n<meta name=\"twitter:label1\" content=\"Written by\" \/>\n\t<meta name=\"twitter:data1\" content=\"Bolta\" \/>\n\t<meta name=\"twitter:label2\" content=\"Est. reading time\" \/>\n\t<meta name=\"twitter:data2\" content=\"2 minutes\" \/>\n<script type=\"application\/ld+json\" class=\"yoast-schema-graph\">{\"@context\":\"https:\\\/\\\/schema.org\",\"@graph\":[{\"@type\":\"NewsArticle\",\"@id\":\"https:\\\/\\\/canfali.com\\\/ca-es\\\/baix-la-mar-i-diana-guanyen-en-infantils\\\/#article\",\"isPartOf\":{\"@id\":\"https:\\\/\\\/canfali.com\\\/ca-es\\\/baix-la-mar-i-diana-guanyen-en-infantils\\\/\"},\"author\":{\"name\":\"Bolta\",\"@id\":\"https:\\\/\\\/canfali.com\\\/ca-es\\\/#\\\/schema\\\/person\\\/9c651adc904f3c4e0243f54407751557\"},\"headline\":\"Baix la Mar i Diana guanyen en infantils\",\"datePublished\":\"2026-03-17T14:33:02+00:00\",\"dateModified\":\"2026-03-17T15:47:59+00:00\",\"mainEntityOfPage\":{\"@id\":\"https:\\\/\\\/canfali.com\\\/ca-es\\\/baix-la-mar-i-diana-guanyen-en-infantils\\\/\"},\"wordCount\":369,\"publisher\":{\"@id\":\"https:\\\/\\\/canfali.com\\\/ca-es\\\/#organization\"},\"image\":{\"@id\":\"https:\\\/\\\/canfali.com\\\/ca-es\\\/baix-la-mar-i-diana-guanyen-en-infantils\\\/#primaryimage\"},\"thumbnailUrl\":\"https:\\\/\\\/canfali.com\\\/app\\\/uploads\\\/2026\\\/03\\\/baixlamar-infantil-1-scaled.jpg\",\"keywords\":[\"falles\",\"premis\"],\"articleSection\":[\"Festes\"],\"inLanguage\":\"va-ES\",\"copyrightYear\":\"2026\",\"copyrightHolder\":{\"@id\":\"https:\\\/\\\/canfali.com\\\/#organization\"}},{\"@type\":\"WebPage\",\"@id\":\"https:\\\/\\\/canfali.com\\\/ca-es\\\/baix-la-mar-i-diana-guanyen-en-infantils\\\/\",\"url\":\"https:\\\/\\\/canfali.com\\\/ca-es\\\/baix-la-mar-i-diana-guanyen-en-infantils\\\/\",\"name\":\"Baix la Mar i Diana guanyen en infantils - Canfali\",\"isPartOf\":{\"@id\":\"https:\\\/\\\/canfali.com\\\/ca-es\\\/#website\"},\"primaryImageOfPage\":{\"@id\":\"https:\\\/\\\/canfali.com\\\/ca-es\\\/baix-la-mar-i-diana-guanyen-en-infantils\\\/#primaryimage\"},\"image\":{\"@id\":\"https:\\\/\\\/canfali.com\\\/ca-es\\\/baix-la-mar-i-diana-guanyen-en-infantils\\\/#primaryimage\"},\"thumbnailUrl\":\"https:\\\/\\\/canfali.com\\\/app\\\/uploads\\\/2026\\\/03\\\/baixlamar-infantil-1-scaled.jpg\",\"datePublished\":\"2026-03-17T14:33:02+00:00\",\"dateModified\":\"2026-03-17T15:47:59+00:00\",\"breadcrumb\":{\"@id\":\"https:\\\/\\\/canfali.com\\\/ca-es\\\/baix-la-mar-i-diana-guanyen-en-infantils\\\/#breadcrumb\"},\"inLanguage\":\"va-ES\",\"potentialAction\":[{\"@type\":\"ReadAction\",\"target\":[\"https:\\\/\\\/canfali.com\\\/ca-es\\\/baix-la-mar-i-diana-guanyen-en-infantils\\\/\"]}]},{\"@type\":\"ImageObject\",\"inLanguage\":\"va-ES\",\"@id\":\"https:\\\/\\\/canfali.com\\\/ca-es\\\/baix-la-mar-i-diana-guanyen-en-infantils\\\/#primaryimage\",\"url\":\"https:\\\/\\\/canfali.com\\\/app\\\/uploads\\\/2026\\\/03\\\/baixlamar-infantil-1-scaled.jpg\",\"contentUrl\":\"https:\\\/\\\/canfali.com\\\/app\\\/uploads\\\/2026\\\/03\\\/baixlamar-infantil-1-scaled.jpg\",\"width\":2560,\"height\":1696},{\"@type\":\"BreadcrumbList\",\"@id\":\"https:\\\/\\\/canfali.com\\\/ca-es\\\/baix-la-mar-i-diana-guanyen-en-infantils\\\/#breadcrumb\",\"itemListElement\":[{\"@type\":\"ListItem\",\"position\":1,\"name\":\"Portada\",\"item\":\"https:\\\/\\\/canfali.com\\\/ca-es\\\/\"},{\"@type\":\"ListItem\",\"position\":2,\"name\":\"Baix la Mar i Diana guanyen en infantils\"}]},{\"@type\":\"WebSite\",\"@id\":\"https:\\\/\\\/canfali.com\\\/ca-es\\\/#website\",\"url\":\"https:\\\/\\\/canfali.com\\\/ca-es\\\/\",\"name\":\"Canfali\",\"description\":\"\",\"publisher\":{\"@id\":\"https:\\\/\\\/canfali.com\\\/ca-es\\\/#organization\"},\"potentialAction\":[{\"@type\":\"SearchAction\",\"target\":{\"@type\":\"EntryPoint\",\"urlTemplate\":\"https:\\\/\\\/canfali.com\\\/ca-es\\\/?s={search_term_string}\"},\"query-input\":{\"@type\":\"PropertyValueSpecification\",\"valueRequired\":true,\"valueName\":\"search_term_string\"}}],\"inLanguage\":\"va-ES\"},{\"@type\":\"Organization\",\"@id\":\"https:\\\/\\\/canfali.com\\\/ca-es\\\/#organization\",\"name\":\"Canfali\",\"url\":\"https:\\\/\\\/canfali.com\\\/ca-es\\\/\",\"logo\":{\"@type\":\"ImageObject\",\"inLanguage\":\"va-ES\",\"@id\":\"https:\\\/\\\/canfali.com\\\/ca-es\\\/#\\\/schema\\\/logo\\\/image\\\/\",\"url\":\"https:\\\/\\\/canfali.com\\\/app\\\/uploads\\\/2025\\\/12\\\/canfali_marina_alta_logo.png\",\"contentUrl\":\"https:\\\/\\\/canfali.com\\\/app\\\/uploads\\\/2025\\\/12\\\/canfali_marina_alta_logo.png\",\"width\":225,\"height\":225,\"caption\":\"Canfali\"},\"image\":{\"@id\":\"https:\\\/\\\/canfali.com\\\/ca-es\\\/#\\\/schema\\\/logo\\\/image\\\/\"},\"sameAs\":[\"https:\\\/\\\/es-es.facebook.com\\\/CANFALIMarinaAlta\",\"https:\\\/\\\/x.com\\\/canfalima\",\"https:\\\/\\\/www.instagram.com\\\/canfalimarinaalta\\\/\"]},{\"@type\":\"Person\",\"@id\":\"https:\\\/\\\/canfali.com\\\/ca-es\\\/#\\\/schema\\\/person\\\/9c651adc904f3c4e0243f54407751557\",\"name\":\"Bolta\",\"image\":{\"@type\":\"ImageObject\",\"inLanguage\":\"va-ES\",\"@id\":\"https:\\\/\\\/secure.gravatar.com\\\/avatar\\\/550a5d97fe3cfba5caf077b9600e46529e1977e9d14396836e775d6d9d895a81?s=96&d=mm&r=g\",\"url\":\"https:\\\/\\\/secure.gravatar.com\\\/avatar\\\/550a5d97fe3cfba5caf077b9600e46529e1977e9d14396836e775d6d9d895a81?s=96&d=mm&r=g\",\"contentUrl\":\"https:\\\/\\\/secure.gravatar.com\\\/avatar\\\/550a5d97fe3cfba5caf077b9600e46529e1977e9d14396836e775d6d9d895a81?s=96&d=mm&r=g\",\"caption\":\"Bolta\"},\"url\":\"https:\\\/\\\/canfali.com\\\/ca-es\\\/author\\\/bolta\\\/\"}]}<\/script>\n<!-- \/ Yoast SEO Premium plugin. -->","yoast_head_json":{"title":"Baix la Mar i Diana guanyen en infantils - Canfali","robots":{"index":"index","follow":"follow","max-snippet":"max-snippet:-1","max-image-preview":"max-image-preview:large","max-video-preview":"max-video-preview:-1"},"canonical":"https:\/\/canfali.com\/ca-es\/baix-la-mar-i-diana-guanyen-en-infantils\/","og_locale":"en_US","og_type":"article","og_title":"Baix la Mar i Diana guanyen en infantils","og_description":"La comissi\u00f3 de Baix la Mar ha aconseguit el primer premi de la Secci\u00f3 Especial Infantil de les&hellip;","og_url":"https:\/\/canfali.com\/ca-es\/baix-la-mar-i-diana-guanyen-en-infantils\/","og_site_name":"Canfali","article_publisher":"https:\/\/es-es.facebook.com\/CANFALIMarinaAlta","article_published_time":"2026-03-17T14:33:02+00:00","article_modified_time":"2026-03-17T15:47:59+00:00","og_image":[{"width":2560,"height":1696,"url":"https:\/\/canfali.com\/app\/uploads\/2026\/03\/baixlamar-infantil-1-scaled.jpg","type":"image\/jpeg"}],"author":"Bolta","twitter_card":"summary_large_image","twitter_creator":"@canfalima","twitter_site":"@canfalima","twitter_misc":{"Written by":"Bolta","Est. reading time":"2 minutes"},"schema":{"@context":"https:\/\/schema.org","@graph":[{"@type":"NewsArticle","@id":"https:\/\/canfali.com\/ca-es\/baix-la-mar-i-diana-guanyen-en-infantils\/#article","isPartOf":{"@id":"https:\/\/canfali.com\/ca-es\/baix-la-mar-i-diana-guanyen-en-infantils\/"},"author":{"name":"Bolta","@id":"https:\/\/canfali.com\/ca-es\/#\/schema\/person\/9c651adc904f3c4e0243f54407751557"},"headline":"Baix la Mar i Diana guanyen en infantils","datePublished":"2026-03-17T14:33:02+00:00","dateModified":"2026-03-17T15:47:59+00:00","mainEntityOfPage":{"@id":"https:\/\/canfali.com\/ca-es\/baix-la-mar-i-diana-guanyen-en-infantils\/"},"wordCount":369,"publisher":{"@id":"https:\/\/canfali.com\/ca-es\/#organization"},"image":{"@id":"https:\/\/canfali.com\/ca-es\/baix-la-mar-i-diana-guanyen-en-infantils\/#primaryimage"},"thumbnailUrl":"https:\/\/canfali.com\/app\/uploads\/2026\/03\/baixlamar-infantil-1-scaled.jpg","keywords":["falles","premis"],"articleSection":["Festes"],"inLanguage":"va-ES","copyrightYear":"2026","copyrightHolder":{"@id":"https:\/\/canfali.com\/#organization"}},{"@type":"WebPage","@id":"https:\/\/canfali.com\/ca-es\/baix-la-mar-i-diana-guanyen-en-infantils\/","url":"https:\/\/canfali.com\/ca-es\/baix-la-mar-i-diana-guanyen-en-infantils\/","name":"Baix la Mar i Diana guanyen en infantils - Canfali","isPartOf":{"@id":"https:\/\/canfali.com\/ca-es\/#website"},"primaryImageOfPage":{"@id":"https:\/\/canfali.com\/ca-es\/baix-la-mar-i-diana-guanyen-en-infantils\/#primaryimage"},"image":{"@id":"https:\/\/canfali.com\/ca-es\/baix-la-mar-i-diana-guanyen-en-infantils\/#primaryimage"},"thumbnailUrl":"https:\/\/canfali.com\/app\/uploads\/2026\/03\/baixlamar-infantil-1-scaled.jpg","datePublished":"2026-03-17T14:33:02+00:00","dateModified":"2026-03-17T15:47:59+00:00","breadcrumb":{"@id":"https:\/\/canfali.com\/ca-es\/baix-la-mar-i-diana-guanyen-en-infantils\/#breadcrumb"},"inLanguage":"va-ES","potentialAction":[{"@type":"ReadAction","target":["https:\/\/canfali.com\/ca-es\/baix-la-mar-i-diana-guanyen-en-infantils\/"]}]},{"@type":"ImageObject","inLanguage":"va-ES","@id":"https:\/\/canfali.com\/ca-es\/baix-la-mar-i-diana-guanyen-en-infantils\/#primaryimage","url":"https:\/\/canfali.com\/app\/uploads\/2026\/03\/baixlamar-infantil-1-scaled.jpg","contentUrl":"https:\/\/canfali.com\/app\/uploads\/2026\/03\/baixlamar-infantil-1-scaled.jpg","width":2560,"height":1696},{"@type":"BreadcrumbList","@id":"https:\/\/canfali.com\/ca-es\/baix-la-mar-i-diana-guanyen-en-infantils\/#breadcrumb","itemListElement":[{"@type":"ListItem","position":1,"name":"Portada","item":"https:\/\/canfali.com\/ca-es\/"},{"@type":"ListItem","position":2,"name":"Baix la Mar i Diana guanyen en infantils"}]},{"@type":"WebSite","@id":"https:\/\/canfali.com\/ca-es\/#website","url":"https:\/\/canfali.com\/ca-es\/","name":"Canfali","description":"","publisher":{"@id":"https:\/\/canfali.com\/ca-es\/#organization"},"potentialAction":[{"@type":"SearchAction","target":{"@type":"EntryPoint","urlTemplate":"https:\/\/canfali.com\/ca-es\/?s={search_term_string}"},"query-input":{"@type":"PropertyValueSpecification","valueRequired":true,"valueName":"search_term_string"}}],"inLanguage":"va-ES"},{"@type":"Organization","@id":"https:\/\/canfali.com\/ca-es\/#organization","name":"Canfali","url":"https:\/\/canfali.com\/ca-es\/","logo":{"@type":"ImageObject","inLanguage":"va-ES","@id":"https:\/\/canfali.com\/ca-es\/#\/schema\/logo\/image\/","url":"https:\/\/canfali.com\/app\/uploads\/2025\/12\/canfali_marina_alta_logo.png","contentUrl":"https:\/\/canfali.com\/app\/uploads\/2025\/12\/canfali_marina_alta_logo.png","width":225,"height":225,"caption":"Canfali"},"image":{"@id":"https:\/\/canfali.com\/ca-es\/#\/schema\/logo\/image\/"},"sameAs":["https:\/\/es-es.facebook.com\/CANFALIMarinaAlta","https:\/\/x.com\/canfalima","https:\/\/www.instagram.com\/canfalimarinaalta\/"]},{"@type":"Person","@id":"https:\/\/canfali.com\/ca-es\/#\/schema\/person\/9c651adc904f3c4e0243f54407751557","name":"Bolta","image":{"@type":"ImageObject","inLanguage":"va-ES","@id":"https:\/\/secure.gravatar.com\/avatar\/550a5d97fe3cfba5caf077b9600e46529e1977e9d14396836e775d6d9d895a81?s=96&d=mm&r=g","url":"https:\/\/secure.gravatar.com\/avatar\/550a5d97fe3cfba5caf077b9600e46529e1977e9d14396836e775d6d9d895a81?s=96&d=mm&r=g","contentUrl":"https:\/\/secure.gravatar.com\/avatar\/550a5d97fe3cfba5caf077b9600e46529e1977e9d14396836e775d6d9d895a81?s=96&d=mm&r=g","caption":"Bolta"},"url":"https:\/\/canfali.com\/ca-es\/author\/bolta\/"}]}},"_links":{"self":[{"href":"https:\/\/canfali.com\/ca-es\/wp-json\/wp\/v2\/posts\/91440","targetHints":{"allow":["GET"]}}],"collection":[{"href":"https:\/\/canfali.com\/ca-es\/wp-json\/wp\/v2\/posts"}],"about":[{"href":"https:\/\/canfali.com\/ca-es\/wp-json\/wp\/v2\/types\/post"}],"author":[{"embeddable":true,"href":"https:\/\/canfali.com\/ca-es\/wp-json\/wp\/v2\/users\/7"}],"replies":[{"embeddable":true,"href":"https:\/\/canfali.com\/ca-es\/wp-json\/wp\/v2\/comments?post=91440"}],"version-history":[{"count":2,"href":"https:\/\/canfali.com\/ca-es\/wp-json\/wp\/v2\/posts\/91440\/revisions"}],"predecessor-version":[{"id":91444,"href":"https:\/\/canfali.com\/ca-es\/wp-json\/wp\/v2\/posts\/91440\/revisions\/91444"}],"wp:featuredmedia":[{"embeddable":true,"href":"https:\/\/canfali.com\/ca-es\/wp-json\/wp\/v2\/media\/91435"}],"wp:attachment":[{"href":"https:\/\/canfali.com\/ca-es\/wp-json\/wp\/v2\/media?parent=91440"}],"wp:term":[{"taxonomy":"category","embeddable":true,"href":"https:\/\/canfali.com\/ca-es\/wp-json\/wp\/v2\/categories?post=91440"},{"taxonomy":"post_tag","embeddable":true,"href":"https:\/\/canfali.com\/ca-es\/wp-json\/wp\/v2\/tags?post=91440"}],"curies":[{"name":"wp","href":"https:\/\/api.w.org\/{rel}","templated":true}]}}