{"id":91432,"date":"2026-03-17T16:04:32","date_gmt":"2026-03-17T15:04:32","guid":{"rendered":"https:\/\/canfali.com\/xabia-instaura-els-mercats-del-riurau-per-a-dinamitzar-el-comerc-local\/"},"modified":"2026-03-17T16:06:40","modified_gmt":"2026-03-17T15:06:40","slug":"xabia-instaura-els-mercats-del-riurau-per-a-dinamitzar-el-comerc-local","status":"publish","type":"post","link":"https:\/\/canfali.com\/ca-es\/xabia-instaura-els-mercats-del-riurau-per-a-dinamitzar-el-comerc-local\/","title":{"rendered":"X\u00e0bia instaura els Mercats del Riurau per a dinamitzar el comer\u00e7 local"},"content":{"rendered":"\n<p><p class=\"p1\">Se celebraran cada \u00faltim cap de setmana de mes<\/p><\/p>\n\n<p>L\u2019Ajuntament de X\u00e0bia ha presentat els \u201cMercats del Riurau d\u2019Arnauda\u201d, una nova iniciativa que aposta per l\u2019autenticitat, la sostenibilitat i l\u2019impuls del comer\u00e7 local. El projecte ha sigut donat a con\u00e9ixer en roda de premsa pel regidor de Dinamitzaci\u00f3 Econ\u00f2mica, Juanlu Cardona, junt amb Lourdes Ortu\u00f1o i Jos\u00e9 Pacheco, coordinadors de l\u2019activitat.&#13;\n<\/p>\n\n<p>La proposta recupera l\u2019esperit dels mercats tradicionals com a espais de compra, trobada i oci, amb l\u2019objectiu de posar en valor el producte de proximitat i refor\u00e7ar la identitat local.&#13;\n<\/p>\n\n<p>Els mercats se celebraran l\u2019\u00faltim cap de setmana de cada mes al Riurau d\u2019Arnauda, amb una programaci\u00f3 diferenciada en dues jornades. El dissabte tindr\u00e0 lloc el \u201cMercat d\u2019Origen\u201d, centrat en artesania i productes locals, mentre que el diumenge estar\u00e0 dedicat al \u201cMercat d\u2019Antiguitats i Vintage\u201d, enfocat en peces \u00faniques, col\u00b7leccionisme i objectes amb hist\u00f2ria. L\u2019horari d\u2019hivern ser\u00e0 de 9 a 14 hores, adaptant-se a l\u2019estiu a un format vespert\u00ed, de 19.30 a 23 hores.&#13;\n<\/p>\n\n<p>El regidor ha assenyalat que aquesta iniciativa \u201csuposa una oportunitat per a donar visibilitat a artesans i productors locals i fomentar un consum m\u00e9s conscient\u201d. A m\u00e9s, naix amb la vocaci\u00f3 de consolidar-se com una cita mensual de refer\u00e8ncia a la comarca, incorporant activitats paral\u00b7leles per a dinamitzar l\u2019espai.&#13;\n<\/p>\n\n<p>En aquesta primera edici\u00f3, la programaci\u00f3 inclour\u00e0 propostes familiars com pintacares, exhibicions d\u2019artesania tradicional com la llata, tallers participatius i actuacions musicals, entre elles la del grup local Oxigen, aix\u00ed com iniciatives culturals com la participaci\u00f3 de La Marina Lindy Hop.&#13;\n<\/p>\n\n<p>Amb aquest projecte, el Riurau d\u2019Arnauda es consolida com un nou punt de trobada ciutadana, un impuls per a l\u2019economia local i una aposta per mantindre vives les tradicions des d\u2019una perspectiva actual.&#13;\n<\/p>\n\n<p><\/p>\n","protected":false},"excerpt":{"rendered":"Se celebraran cada \u00faltim cap de setmana de mes L\u2019Ajuntament de X\u00e0bia ha presentat els \u201cMercats del Riurau&hellip;","protected":false},"author":8,"featured_media":91429,"comment_status":"closed","ping_status":"closed","sticky":false,"template":"","format":"standard","meta":{"csco_display_header_overlay":false,"csco_singular_sidebar":"","csco_page_header_type":"","csco_page_load_nextpost":"","csco_post_video_location":[],"csco_post_video_location_hash":"","csco_post_video_url":"","csco_post_video_bg_start_time":0,"csco_post_video_bg_end_time":0,"footnotes":""},"categories":[614],"tags":[],"class_list":{"0":"post-91432","1":"post","2":"type-post","3":"status-publish","4":"format-standard","5":"has-post-thumbnail","7":"category-municipal-ca-es","8":"cs-entry","9":"cs-video-wrap"},"yoast_head":"<!-- This site is optimized with the Yoast SEO Premium plugin v26.6 (Yoast SEO v27.3) - https:\/\/yoast.com\/product\/yoast-seo-premium-wordpress\/ -->\n<title>X\u00e0bia instaura els Mercats del Riurau per a dinamitzar el comer\u00e7 local - Canfali<\/title>\n<meta name=\"description\" content=\"La nova iniciativa aposta per l\u2019autenticitat, la sostenibilitat i l\u2019impuls del comer\u00e7 local.\" \/>\n<meta name=\"robots\" content=\"index, follow, max-snippet:-1, max-image-preview:large, max-video-preview:-1\" \/>\n<link rel=\"canonical\" href=\"https:\/\/canfali.com\/ca-es\/xabia-instaura-els-mercats-del-riurau-per-a-dinamitzar-el-comerc-local\/\" \/>\n<meta property=\"og:locale\" content=\"en_US\" \/>\n<meta property=\"og:type\" content=\"article\" \/>\n<meta property=\"og:title\" content=\"X\u00e0bia instaura els Mercats del Riurau per a dinamitzar el comer\u00e7 local\" \/>\n<meta property=\"og:description\" content=\"La nova iniciativa aposta per l\u2019autenticitat, la sostenibilitat i l\u2019impuls del comer\u00e7 local.\" \/>\n<meta property=\"og:url\" content=\"https:\/\/canfali.com\/ca-es\/xabia-instaura-els-mercats-del-riurau-per-a-dinamitzar-el-comerc-local\/\" \/>\n<meta property=\"og:site_name\" content=\"Canfali\" \/>\n<meta property=\"article:publisher\" content=\"https:\/\/es-es.facebook.com\/CANFALIMarinaAlta\" \/>\n<meta property=\"article:published_time\" content=\"2026-03-17T15:04:32+00:00\" \/>\n<meta property=\"article:modified_time\" content=\"2026-03-17T15:06:40+00:00\" \/>\n<meta property=\"og:image\" content=\"https:\/\/canfali.com\/app\/uploads\/2026\/03\/8mercat2-scaled.jpg\" \/>\n\t<meta property=\"og:image:width\" content=\"2560\" \/>\n\t<meta property=\"og:image:height\" content=\"1920\" \/>\n\t<meta property=\"og:image:type\" content=\"image\/jpeg\" \/>\n<meta name=\"author\" content=\"Lluis\" \/>\n<meta name=\"twitter:card\" content=\"summary_large_image\" \/>\n<meta name=\"twitter:creator\" content=\"@canfalima\" \/>\n<meta name=\"twitter:site\" content=\"@canfalima\" \/>\n<meta name=\"twitter:label1\" content=\"Written by\" \/>\n\t<meta name=\"twitter:data1\" content=\"Lluis\" \/>\n\t<meta name=\"twitter:label2\" content=\"Est. reading time\" \/>\n\t<meta name=\"twitter:data2\" content=\"2 minutes\" \/>\n<script type=\"application\/ld+json\" class=\"yoast-schema-graph\">{\"@context\":\"https:\\\/\\\/schema.org\",\"@graph\":[{\"@type\":\"NewsArticle\",\"@id\":\"https:\\\/\\\/canfali.com\\\/ca-es\\\/xabia-instaura-els-mercats-del-riurau-per-a-dinamitzar-el-comerc-local\\\/#article\",\"isPartOf\":{\"@id\":\"https:\\\/\\\/canfali.com\\\/ca-es\\\/xabia-instaura-els-mercats-del-riurau-per-a-dinamitzar-el-comerc-local\\\/\"},\"author\":{\"name\":\"Lluis\",\"@id\":\"https:\\\/\\\/canfali.com\\\/ca-es\\\/#\\\/schema\\\/person\\\/f540a86fb33e10daaae53c59ceaa1194\"},\"headline\":\"X\u00e0bia instaura els Mercats del Riurau per a dinamitzar el comer\u00e7 local\",\"datePublished\":\"2026-03-17T15:04:32+00:00\",\"dateModified\":\"2026-03-17T15:06:40+00:00\",\"mainEntityOfPage\":{\"@id\":\"https:\\\/\\\/canfali.com\\\/ca-es\\\/xabia-instaura-els-mercats-del-riurau-per-a-dinamitzar-el-comerc-local\\\/\"},\"wordCount\":327,\"publisher\":{\"@id\":\"https:\\\/\\\/canfali.com\\\/ca-es\\\/#organization\"},\"image\":{\"@id\":\"https:\\\/\\\/canfali.com\\\/ca-es\\\/xabia-instaura-els-mercats-del-riurau-per-a-dinamitzar-el-comerc-local\\\/#primaryimage\"},\"thumbnailUrl\":\"https:\\\/\\\/canfali.com\\\/app\\\/uploads\\\/2026\\\/03\\\/8mercat2-scaled.jpg\",\"articleSection\":[\"Municipal\"],\"inLanguage\":\"va-ES\",\"copyrightYear\":\"2026\",\"copyrightHolder\":{\"@id\":\"https:\\\/\\\/canfali.com\\\/#organization\"}},{\"@type\":\"WebPage\",\"@id\":\"https:\\\/\\\/canfali.com\\\/ca-es\\\/xabia-instaura-els-mercats-del-riurau-per-a-dinamitzar-el-comerc-local\\\/\",\"url\":\"https:\\\/\\\/canfali.com\\\/ca-es\\\/xabia-instaura-els-mercats-del-riurau-per-a-dinamitzar-el-comerc-local\\\/\",\"name\":\"X\u00e0bia instaura els Mercats del Riurau per a dinamitzar el comer\u00e7 local - Canfali\",\"isPartOf\":{\"@id\":\"https:\\\/\\\/canfali.com\\\/ca-es\\\/#website\"},\"primaryImageOfPage\":{\"@id\":\"https:\\\/\\\/canfali.com\\\/ca-es\\\/xabia-instaura-els-mercats-del-riurau-per-a-dinamitzar-el-comerc-local\\\/#primaryimage\"},\"image\":{\"@id\":\"https:\\\/\\\/canfali.com\\\/ca-es\\\/xabia-instaura-els-mercats-del-riurau-per-a-dinamitzar-el-comerc-local\\\/#primaryimage\"},\"thumbnailUrl\":\"https:\\\/\\\/canfali.com\\\/app\\\/uploads\\\/2026\\\/03\\\/8mercat2-scaled.jpg\",\"datePublished\":\"2026-03-17T15:04:32+00:00\",\"dateModified\":\"2026-03-17T15:06:40+00:00\",\"description\":\"La nova iniciativa aposta per l\u2019autenticitat, la sostenibilitat i l\u2019impuls del comer\u00e7 local.\",\"breadcrumb\":{\"@id\":\"https:\\\/\\\/canfali.com\\\/ca-es\\\/xabia-instaura-els-mercats-del-riurau-per-a-dinamitzar-el-comerc-local\\\/#breadcrumb\"},\"inLanguage\":\"va-ES\",\"potentialAction\":[{\"@type\":\"ReadAction\",\"target\":[\"https:\\\/\\\/canfali.com\\\/ca-es\\\/xabia-instaura-els-mercats-del-riurau-per-a-dinamitzar-el-comerc-local\\\/\"]}]},{\"@type\":\"ImageObject\",\"inLanguage\":\"va-ES\",\"@id\":\"https:\\\/\\\/canfali.com\\\/ca-es\\\/xabia-instaura-els-mercats-del-riurau-per-a-dinamitzar-el-comerc-local\\\/#primaryimage\",\"url\":\"https:\\\/\\\/canfali.com\\\/app\\\/uploads\\\/2026\\\/03\\\/8mercat2-scaled.jpg\",\"contentUrl\":\"https:\\\/\\\/canfali.com\\\/app\\\/uploads\\\/2026\\\/03\\\/8mercat2-scaled.jpg\",\"width\":2560,\"height\":1920},{\"@type\":\"BreadcrumbList\",\"@id\":\"https:\\\/\\\/canfali.com\\\/ca-es\\\/xabia-instaura-els-mercats-del-riurau-per-a-dinamitzar-el-comerc-local\\\/#breadcrumb\",\"itemListElement\":[{\"@type\":\"ListItem\",\"position\":1,\"name\":\"Portada\",\"item\":\"https:\\\/\\\/canfali.com\\\/ca-es\\\/\"},{\"@type\":\"ListItem\",\"position\":2,\"name\":\"X\u00e0bia instaura els Mercats del Riurau per a dinamitzar el comer\u00e7 local\"}]},{\"@type\":\"WebSite\",\"@id\":\"https:\\\/\\\/canfali.com\\\/ca-es\\\/#website\",\"url\":\"https:\\\/\\\/canfali.com\\\/ca-es\\\/\",\"name\":\"Canfali\",\"description\":\"\",\"publisher\":{\"@id\":\"https:\\\/\\\/canfali.com\\\/ca-es\\\/#organization\"},\"potentialAction\":[{\"@type\":\"SearchAction\",\"target\":{\"@type\":\"EntryPoint\",\"urlTemplate\":\"https:\\\/\\\/canfali.com\\\/ca-es\\\/?s={search_term_string}\"},\"query-input\":{\"@type\":\"PropertyValueSpecification\",\"valueRequired\":true,\"valueName\":\"search_term_string\"}}],\"inLanguage\":\"va-ES\"},{\"@type\":\"Organization\",\"@id\":\"https:\\\/\\\/canfali.com\\\/ca-es\\\/#organization\",\"name\":\"Canfali\",\"url\":\"https:\\\/\\\/canfali.com\\\/ca-es\\\/\",\"logo\":{\"@type\":\"ImageObject\",\"inLanguage\":\"va-ES\",\"@id\":\"https:\\\/\\\/canfali.com\\\/ca-es\\\/#\\\/schema\\\/logo\\\/image\\\/\",\"url\":\"https:\\\/\\\/canfali.com\\\/app\\\/uploads\\\/2025\\\/12\\\/canfali_marina_alta_logo.png\",\"contentUrl\":\"https:\\\/\\\/canfali.com\\\/app\\\/uploads\\\/2025\\\/12\\\/canfali_marina_alta_logo.png\",\"width\":225,\"height\":225,\"caption\":\"Canfali\"},\"image\":{\"@id\":\"https:\\\/\\\/canfali.com\\\/ca-es\\\/#\\\/schema\\\/logo\\\/image\\\/\"},\"sameAs\":[\"https:\\\/\\\/es-es.facebook.com\\\/CANFALIMarinaAlta\",\"https:\\\/\\\/x.com\\\/canfalima\",\"https:\\\/\\\/www.instagram.com\\\/canfalimarinaalta\\\/\"]},{\"@type\":\"Person\",\"@id\":\"https:\\\/\\\/canfali.com\\\/ca-es\\\/#\\\/schema\\\/person\\\/f540a86fb33e10daaae53c59ceaa1194\",\"name\":\"Lluis\",\"image\":{\"@type\":\"ImageObject\",\"inLanguage\":\"va-ES\",\"@id\":\"https:\\\/\\\/secure.gravatar.com\\\/avatar\\\/a21ec8835290e4e02ed0886b8cb327d807d0eb6ec8ccf25d4c2a0a415f506c0d?s=96&d=mm&r=g\",\"url\":\"https:\\\/\\\/secure.gravatar.com\\\/avatar\\\/a21ec8835290e4e02ed0886b8cb327d807d0eb6ec8ccf25d4c2a0a415f506c0d?s=96&d=mm&r=g\",\"contentUrl\":\"https:\\\/\\\/secure.gravatar.com\\\/avatar\\\/a21ec8835290e4e02ed0886b8cb327d807d0eb6ec8ccf25d4c2a0a415f506c0d?s=96&d=mm&r=g\",\"caption\":\"Lluis\"},\"url\":\"https:\\\/\\\/canfali.com\\\/ca-es\\\/author\\\/lluis\\\/\"}]}<\/script>\n<!-- \/ Yoast SEO Premium plugin. -->","yoast_head_json":{"title":"X\u00e0bia instaura els Mercats del Riurau per a dinamitzar el comer\u00e7 local - Canfali","description":"La nova iniciativa aposta per l\u2019autenticitat, la sostenibilitat i l\u2019impuls del comer\u00e7 local.","robots":{"index":"index","follow":"follow","max-snippet":"max-snippet:-1","max-image-preview":"max-image-preview:large","max-video-preview":"max-video-preview:-1"},"canonical":"https:\/\/canfali.com\/ca-es\/xabia-instaura-els-mercats-del-riurau-per-a-dinamitzar-el-comerc-local\/","og_locale":"en_US","og_type":"article","og_title":"X\u00e0bia instaura els Mercats del Riurau per a dinamitzar el comer\u00e7 local","og_description":"La nova iniciativa aposta per l\u2019autenticitat, la sostenibilitat i l\u2019impuls del comer\u00e7 local.","og_url":"https:\/\/canfali.com\/ca-es\/xabia-instaura-els-mercats-del-riurau-per-a-dinamitzar-el-comerc-local\/","og_site_name":"Canfali","article_publisher":"https:\/\/es-es.facebook.com\/CANFALIMarinaAlta","article_published_time":"2026-03-17T15:04:32+00:00","article_modified_time":"2026-03-17T15:06:40+00:00","og_image":[{"width":2560,"height":1920,"url":"https:\/\/canfali.com\/app\/uploads\/2026\/03\/8mercat2-scaled.jpg","type":"image\/jpeg"}],"author":"Lluis","twitter_card":"summary_large_image","twitter_creator":"@canfalima","twitter_site":"@canfalima","twitter_misc":{"Written by":"Lluis","Est. reading time":"2 minutes"},"schema":{"@context":"https:\/\/schema.org","@graph":[{"@type":"NewsArticle","@id":"https:\/\/canfali.com\/ca-es\/xabia-instaura-els-mercats-del-riurau-per-a-dinamitzar-el-comerc-local\/#article","isPartOf":{"@id":"https:\/\/canfali.com\/ca-es\/xabia-instaura-els-mercats-del-riurau-per-a-dinamitzar-el-comerc-local\/"},"author":{"name":"Lluis","@id":"https:\/\/canfali.com\/ca-es\/#\/schema\/person\/f540a86fb33e10daaae53c59ceaa1194"},"headline":"X\u00e0bia instaura els Mercats del Riurau per a dinamitzar el comer\u00e7 local","datePublished":"2026-03-17T15:04:32+00:00","dateModified":"2026-03-17T15:06:40+00:00","mainEntityOfPage":{"@id":"https:\/\/canfali.com\/ca-es\/xabia-instaura-els-mercats-del-riurau-per-a-dinamitzar-el-comerc-local\/"},"wordCount":327,"publisher":{"@id":"https:\/\/canfali.com\/ca-es\/#organization"},"image":{"@id":"https:\/\/canfali.com\/ca-es\/xabia-instaura-els-mercats-del-riurau-per-a-dinamitzar-el-comerc-local\/#primaryimage"},"thumbnailUrl":"https:\/\/canfali.com\/app\/uploads\/2026\/03\/8mercat2-scaled.jpg","articleSection":["Municipal"],"inLanguage":"va-ES","copyrightYear":"2026","copyrightHolder":{"@id":"https:\/\/canfali.com\/#organization"}},{"@type":"WebPage","@id":"https:\/\/canfali.com\/ca-es\/xabia-instaura-els-mercats-del-riurau-per-a-dinamitzar-el-comerc-local\/","url":"https:\/\/canfali.com\/ca-es\/xabia-instaura-els-mercats-del-riurau-per-a-dinamitzar-el-comerc-local\/","name":"X\u00e0bia instaura els Mercats del Riurau per a dinamitzar el comer\u00e7 local - Canfali","isPartOf":{"@id":"https:\/\/canfali.com\/ca-es\/#website"},"primaryImageOfPage":{"@id":"https:\/\/canfali.com\/ca-es\/xabia-instaura-els-mercats-del-riurau-per-a-dinamitzar-el-comerc-local\/#primaryimage"},"image":{"@id":"https:\/\/canfali.com\/ca-es\/xabia-instaura-els-mercats-del-riurau-per-a-dinamitzar-el-comerc-local\/#primaryimage"},"thumbnailUrl":"https:\/\/canfali.com\/app\/uploads\/2026\/03\/8mercat2-scaled.jpg","datePublished":"2026-03-17T15:04:32+00:00","dateModified":"2026-03-17T15:06:40+00:00","description":"La nova iniciativa aposta per l\u2019autenticitat, la sostenibilitat i l\u2019impuls del comer\u00e7 local.","breadcrumb":{"@id":"https:\/\/canfali.com\/ca-es\/xabia-instaura-els-mercats-del-riurau-per-a-dinamitzar-el-comerc-local\/#breadcrumb"},"inLanguage":"va-ES","potentialAction":[{"@type":"ReadAction","target":["https:\/\/canfali.com\/ca-es\/xabia-instaura-els-mercats-del-riurau-per-a-dinamitzar-el-comerc-local\/"]}]},{"@type":"ImageObject","inLanguage":"va-ES","@id":"https:\/\/canfali.com\/ca-es\/xabia-instaura-els-mercats-del-riurau-per-a-dinamitzar-el-comerc-local\/#primaryimage","url":"https:\/\/canfali.com\/app\/uploads\/2026\/03\/8mercat2-scaled.jpg","contentUrl":"https:\/\/canfali.com\/app\/uploads\/2026\/03\/8mercat2-scaled.jpg","width":2560,"height":1920},{"@type":"BreadcrumbList","@id":"https:\/\/canfali.com\/ca-es\/xabia-instaura-els-mercats-del-riurau-per-a-dinamitzar-el-comerc-local\/#breadcrumb","itemListElement":[{"@type":"ListItem","position":1,"name":"Portada","item":"https:\/\/canfali.com\/ca-es\/"},{"@type":"ListItem","position":2,"name":"X\u00e0bia instaura els Mercats del Riurau per a dinamitzar el comer\u00e7 local"}]},{"@type":"WebSite","@id":"https:\/\/canfali.com\/ca-es\/#website","url":"https:\/\/canfali.com\/ca-es\/","name":"Canfali","description":"","publisher":{"@id":"https:\/\/canfali.com\/ca-es\/#organization"},"potentialAction":[{"@type":"SearchAction","target":{"@type":"EntryPoint","urlTemplate":"https:\/\/canfali.com\/ca-es\/?s={search_term_string}"},"query-input":{"@type":"PropertyValueSpecification","valueRequired":true,"valueName":"search_term_string"}}],"inLanguage":"va-ES"},{"@type":"Organization","@id":"https:\/\/canfali.com\/ca-es\/#organization","name":"Canfali","url":"https:\/\/canfali.com\/ca-es\/","logo":{"@type":"ImageObject","inLanguage":"va-ES","@id":"https:\/\/canfali.com\/ca-es\/#\/schema\/logo\/image\/","url":"https:\/\/canfali.com\/app\/uploads\/2025\/12\/canfali_marina_alta_logo.png","contentUrl":"https:\/\/canfali.com\/app\/uploads\/2025\/12\/canfali_marina_alta_logo.png","width":225,"height":225,"caption":"Canfali"},"image":{"@id":"https:\/\/canfali.com\/ca-es\/#\/schema\/logo\/image\/"},"sameAs":["https:\/\/es-es.facebook.com\/CANFALIMarinaAlta","https:\/\/x.com\/canfalima","https:\/\/www.instagram.com\/canfalimarinaalta\/"]},{"@type":"Person","@id":"https:\/\/canfali.com\/ca-es\/#\/schema\/person\/f540a86fb33e10daaae53c59ceaa1194","name":"Lluis","image":{"@type":"ImageObject","inLanguage":"va-ES","@id":"https:\/\/secure.gravatar.com\/avatar\/a21ec8835290e4e02ed0886b8cb327d807d0eb6ec8ccf25d4c2a0a415f506c0d?s=96&d=mm&r=g","url":"https:\/\/secure.gravatar.com\/avatar\/a21ec8835290e4e02ed0886b8cb327d807d0eb6ec8ccf25d4c2a0a415f506c0d?s=96&d=mm&r=g","contentUrl":"https:\/\/secure.gravatar.com\/avatar\/a21ec8835290e4e02ed0886b8cb327d807d0eb6ec8ccf25d4c2a0a415f506c0d?s=96&d=mm&r=g","caption":"Lluis"},"url":"https:\/\/canfali.com\/ca-es\/author\/lluis\/"}]}},"_links":{"self":[{"href":"https:\/\/canfali.com\/ca-es\/wp-json\/wp\/v2\/posts\/91432","targetHints":{"allow":["GET"]}}],"collection":[{"href":"https:\/\/canfali.com\/ca-es\/wp-json\/wp\/v2\/posts"}],"about":[{"href":"https:\/\/canfali.com\/ca-es\/wp-json\/wp\/v2\/types\/post"}],"author":[{"embeddable":true,"href":"https:\/\/canfali.com\/ca-es\/wp-json\/wp\/v2\/users\/8"}],"replies":[{"embeddable":true,"href":"https:\/\/canfali.com\/ca-es\/wp-json\/wp\/v2\/comments?post=91432"}],"version-history":[{"count":1,"href":"https:\/\/canfali.com\/ca-es\/wp-json\/wp\/v2\/posts\/91432\/revisions"}],"predecessor-version":[{"id":91433,"href":"https:\/\/canfali.com\/ca-es\/wp-json\/wp\/v2\/posts\/91432\/revisions\/91433"}],"wp:featuredmedia":[{"embeddable":true,"href":"https:\/\/canfali.com\/ca-es\/wp-json\/wp\/v2\/media\/91429"}],"wp:attachment":[{"href":"https:\/\/canfali.com\/ca-es\/wp-json\/wp\/v2\/media?parent=91432"}],"wp:term":[{"taxonomy":"category","embeddable":true,"href":"https:\/\/canfali.com\/ca-es\/wp-json\/wp\/v2\/categories?post=91432"},{"taxonomy":"post_tag","embeddable":true,"href":"https:\/\/canfali.com\/ca-es\/wp-json\/wp\/v2\/tags?post=91432"}],"curies":[{"name":"wp","href":"https:\/\/api.w.org\/{rel}","templated":true}]}}