{"id":91422,"date":"2026-03-17T15:39:32","date_gmt":"2026-03-17T14:39:32","guid":{"rendered":"https:\/\/canfali.com\/la-vivenda-cooperativa-de-pedreguer-pren-cos-12-unidades-de-55-m2\/"},"modified":"2026-03-17T15:41:39","modified_gmt":"2026-03-17T14:41:39","slug":"la-vivenda-cooperativa-de-pedreguer-pren-cos-12-unidades-de-55-m2","status":"publish","type":"post","link":"https:\/\/canfali.com\/ca-es\/la-vivenda-cooperativa-de-pedreguer-pren-cos-12-unidades-de-55-m2\/","title":{"rendered":"La cooperativa de vivenda de Pedreguer pren cos: 12 unidades de 55 m2"},"content":{"rendered":"\n<p>El municipi de Pedreguer ja compta amb un grup promotor consolidat per a posar en marxa \u201cEl Formiguer\u201d, la primera iniciativa d\u2019habitatge cooperatiu a la localitat. La sessi\u00f3 de treball celebrada el passat dissabte ha servit per a definir les bases t\u00e8cniques i econ\u00f2miques d\u2019un projecte que ja reuneix un grup comprom\u00e9s de futurs residents amb perfils professionals diversos.&#13;\n<\/p>\n\n<p>\tLa iniciativa es basa en el model de cessi\u00f3 d\u2019\u00fas, en qu\u00e8 la propietat de l\u2019immoble pertany a la cooperativa mentre que els socis gaudeixen dels habitatges a preu de cost. El plantejament arquitect\u00f2nic contempla la construcci\u00f3 de 12 unitats de conviv\u00e8ncia d\u2019uns 55 metres quadrats cadascuna.&#13;\n<\/p>\n\n<p>Un dels aspectes m\u00e9s innovadors del projecte \u00e9s la modularitat dels habitatges, que permetr\u00e0 adaptar els espais a les necessitats de cada fam\u00edlia, incloent la possibilitat de compartir o cedir m\u00f2duls entre ve\u00efns en funci\u00f3 de la seua situaci\u00f3 personal.&#13;\n<\/p>\n\n<p>\tEn l\u2019\u00e0mbit econ\u00f2mic, el projecte es beneficia de la cessi\u00f3 de s\u00f2l per part de l\u2019Ajuntament de Pedreguer mitjan\u00e7ant un dret de superf\u00edcie simb\u00f2lic, fet que permetr\u00e0 reduir significativament els costos. Segons les estimacions plantejades, l\u2019estalvi respecte al preu de mercat a la zona podria arribar al 30%.&#13;\n<\/p>\n\n<p>\tEl grup promotor, format principalment per persones d\u2019entre 30 i 42 anys, ja ha cobert diverses unitats, encara que el projecte continua obert a incorporar nous membres fins a completar els 12 habitatges previstos. Les persones interessades poden informar-se a trav\u00e9s del Departament de Joventut.&#13;\n<\/p>\n\n<p>\tEntre els pr\u00f2xims passos destaquen la constituci\u00f3 formal de la cooperativa, la signatura del conveni amb l\u2019ajuntament i la tramitaci\u00f3 de possibles ajudes per al desenvolupament d\u2019aquesta iniciativa pionera al municipi.&#13;\n<\/p>\n","protected":false},"excerpt":{"rendered":"El municipi de Pedreguer ja compta amb un grup promotor consolidat per a posar en marxa \u201cEl Formiguer\u201d,&hellip;","protected":false},"author":8,"featured_media":91420,"comment_status":"closed","ping_status":"closed","sticky":false,"template":"","format":"standard","meta":{"csco_display_header_overlay":false,"csco_singular_sidebar":"","csco_page_header_type":"","csco_page_load_nextpost":"","csco_post_video_location":[],"csco_post_video_location_hash":"","csco_post_video_url":"","csco_post_video_bg_start_time":0,"csco_post_video_bg_end_time":0,"footnotes":""},"categories":[614],"tags":[],"class_list":{"0":"post-91422","1":"post","2":"type-post","3":"status-publish","4":"format-standard","5":"has-post-thumbnail","7":"category-municipal-ca-es","8":"cs-entry","9":"cs-video-wrap"},"yoast_head":"<!-- This site is optimized with the Yoast SEO Premium plugin v26.6 (Yoast SEO v27.3) - https:\/\/yoast.com\/product\/yoast-seo-premium-wordpress\/ -->\n<title>La cooperativa de vivenda de Pedreguer pren cos: 12 unidades de 55 m2 - Canfali<\/title>\n<meta name=\"description\" content=\"El municipi de Pedreguer ja compta amb un grup promotor consolidat per a posar en marxa \u201cEl Formiguer\u201d\" \/>\n<meta name=\"robots\" content=\"index, follow, max-snippet:-1, max-image-preview:large, max-video-preview:-1\" \/>\n<link rel=\"canonical\" href=\"https:\/\/canfali.com\/ca-es\/la-vivenda-cooperativa-de-pedreguer-pren-cos-12-unidades-de-55-m2\/\" \/>\n<meta property=\"og:locale\" content=\"en_US\" \/>\n<meta property=\"og:type\" content=\"article\" \/>\n<meta property=\"og:title\" content=\"La cooperativa de vivenda de Pedreguer pren cos: 12 unidades de 55 m2\" \/>\n<meta property=\"og:description\" content=\"El municipi de Pedreguer ja compta amb un grup promotor consolidat per a posar en marxa \u201cEl Formiguer\u201d\" \/>\n<meta property=\"og:url\" content=\"https:\/\/canfali.com\/ca-es\/la-vivenda-cooperativa-de-pedreguer-pren-cos-12-unidades-de-55-m2\/\" \/>\n<meta property=\"og:site_name\" content=\"Canfali\" \/>\n<meta property=\"article:publisher\" content=\"https:\/\/es-es.facebook.com\/CANFALIMarinaAlta\" \/>\n<meta property=\"article:published_time\" content=\"2026-03-17T14:39:32+00:00\" \/>\n<meta property=\"article:modified_time\" content=\"2026-03-17T14:41:39+00:00\" \/>\n<meta property=\"og:image\" content=\"https:\/\/canfali.com\/app\/uploads\/2026\/03\/8habitatge.jpeg\" \/>\n\t<meta property=\"og:image:width\" content=\"2048\" \/>\n\t<meta property=\"og:image:height\" content=\"1536\" \/>\n\t<meta property=\"og:image:type\" content=\"image\/jpeg\" \/>\n<meta name=\"author\" content=\"Lluis\" \/>\n<meta name=\"twitter:card\" content=\"summary_large_image\" \/>\n<meta name=\"twitter:creator\" content=\"@canfalima\" \/>\n<meta name=\"twitter:site\" content=\"@canfalima\" \/>\n<meta name=\"twitter:label1\" content=\"Written by\" \/>\n\t<meta name=\"twitter:data1\" content=\"Lluis\" \/>\n\t<meta name=\"twitter:label2\" content=\"Est. reading time\" \/>\n\t<meta name=\"twitter:data2\" content=\"1 minute\" \/>\n<script type=\"application\/ld+json\" class=\"yoast-schema-graph\">{\"@context\":\"https:\\\/\\\/schema.org\",\"@graph\":[{\"@type\":\"NewsArticle\",\"@id\":\"https:\\\/\\\/canfali.com\\\/ca-es\\\/la-vivenda-cooperativa-de-pedreguer-pren-cos-12-unidades-de-55-m2\\\/#article\",\"isPartOf\":{\"@id\":\"https:\\\/\\\/canfali.com\\\/ca-es\\\/la-vivenda-cooperativa-de-pedreguer-pren-cos-12-unidades-de-55-m2\\\/\"},\"author\":{\"name\":\"Lluis\",\"@id\":\"https:\\\/\\\/canfali.com\\\/ca-es\\\/#\\\/schema\\\/person\\\/f540a86fb33e10daaae53c59ceaa1194\"},\"headline\":\"La cooperativa de vivenda de Pedreguer pren cos: 12 unidades de 55 m2\",\"datePublished\":\"2026-03-17T14:39:32+00:00\",\"dateModified\":\"2026-03-17T14:41:39+00:00\",\"mainEntityOfPage\":{\"@id\":\"https:\\\/\\\/canfali.com\\\/ca-es\\\/la-vivenda-cooperativa-de-pedreguer-pren-cos-12-unidades-de-55-m2\\\/\"},\"wordCount\":302,\"publisher\":{\"@id\":\"https:\\\/\\\/canfali.com\\\/ca-es\\\/#organization\"},\"image\":{\"@id\":\"https:\\\/\\\/canfali.com\\\/ca-es\\\/la-vivenda-cooperativa-de-pedreguer-pren-cos-12-unidades-de-55-m2\\\/#primaryimage\"},\"thumbnailUrl\":\"https:\\\/\\\/canfali.com\\\/app\\\/uploads\\\/2026\\\/03\\\/8habitatge.jpeg\",\"articleSection\":[\"Municipal\"],\"inLanguage\":\"va-ES\",\"copyrightYear\":\"2026\",\"copyrightHolder\":{\"@id\":\"https:\\\/\\\/canfali.com\\\/#organization\"}},{\"@type\":\"WebPage\",\"@id\":\"https:\\\/\\\/canfali.com\\\/ca-es\\\/la-vivenda-cooperativa-de-pedreguer-pren-cos-12-unidades-de-55-m2\\\/\",\"url\":\"https:\\\/\\\/canfali.com\\\/ca-es\\\/la-vivenda-cooperativa-de-pedreguer-pren-cos-12-unidades-de-55-m2\\\/\",\"name\":\"La cooperativa de vivenda de Pedreguer pren cos: 12 unidades de 55 m2 - Canfali\",\"isPartOf\":{\"@id\":\"https:\\\/\\\/canfali.com\\\/ca-es\\\/#website\"},\"primaryImageOfPage\":{\"@id\":\"https:\\\/\\\/canfali.com\\\/ca-es\\\/la-vivenda-cooperativa-de-pedreguer-pren-cos-12-unidades-de-55-m2\\\/#primaryimage\"},\"image\":{\"@id\":\"https:\\\/\\\/canfali.com\\\/ca-es\\\/la-vivenda-cooperativa-de-pedreguer-pren-cos-12-unidades-de-55-m2\\\/#primaryimage\"},\"thumbnailUrl\":\"https:\\\/\\\/canfali.com\\\/app\\\/uploads\\\/2026\\\/03\\\/8habitatge.jpeg\",\"datePublished\":\"2026-03-17T14:39:32+00:00\",\"dateModified\":\"2026-03-17T14:41:39+00:00\",\"description\":\"El municipi de Pedreguer ja compta amb un grup promotor consolidat per a posar en marxa \u201cEl Formiguer\u201d\",\"breadcrumb\":{\"@id\":\"https:\\\/\\\/canfali.com\\\/ca-es\\\/la-vivenda-cooperativa-de-pedreguer-pren-cos-12-unidades-de-55-m2\\\/#breadcrumb\"},\"inLanguage\":\"va-ES\",\"potentialAction\":[{\"@type\":\"ReadAction\",\"target\":[\"https:\\\/\\\/canfali.com\\\/ca-es\\\/la-vivenda-cooperativa-de-pedreguer-pren-cos-12-unidades-de-55-m2\\\/\"]}]},{\"@type\":\"ImageObject\",\"inLanguage\":\"va-ES\",\"@id\":\"https:\\\/\\\/canfali.com\\\/ca-es\\\/la-vivenda-cooperativa-de-pedreguer-pren-cos-12-unidades-de-55-m2\\\/#primaryimage\",\"url\":\"https:\\\/\\\/canfali.com\\\/app\\\/uploads\\\/2026\\\/03\\\/8habitatge.jpeg\",\"contentUrl\":\"https:\\\/\\\/canfali.com\\\/app\\\/uploads\\\/2026\\\/03\\\/8habitatge.jpeg\",\"width\":2048,\"height\":1536},{\"@type\":\"BreadcrumbList\",\"@id\":\"https:\\\/\\\/canfali.com\\\/ca-es\\\/la-vivenda-cooperativa-de-pedreguer-pren-cos-12-unidades-de-55-m2\\\/#breadcrumb\",\"itemListElement\":[{\"@type\":\"ListItem\",\"position\":1,\"name\":\"Portada\",\"item\":\"https:\\\/\\\/canfali.com\\\/ca-es\\\/\"},{\"@type\":\"ListItem\",\"position\":2,\"name\":\"La cooperativa de vivenda de Pedreguer pren cos: 12 unidades de 55 m2\"}]},{\"@type\":\"WebSite\",\"@id\":\"https:\\\/\\\/canfali.com\\\/ca-es\\\/#website\",\"url\":\"https:\\\/\\\/canfali.com\\\/ca-es\\\/\",\"name\":\"Canfali\",\"description\":\"\",\"publisher\":{\"@id\":\"https:\\\/\\\/canfali.com\\\/ca-es\\\/#organization\"},\"potentialAction\":[{\"@type\":\"SearchAction\",\"target\":{\"@type\":\"EntryPoint\",\"urlTemplate\":\"https:\\\/\\\/canfali.com\\\/ca-es\\\/?s={search_term_string}\"},\"query-input\":{\"@type\":\"PropertyValueSpecification\",\"valueRequired\":true,\"valueName\":\"search_term_string\"}}],\"inLanguage\":\"va-ES\"},{\"@type\":\"Organization\",\"@id\":\"https:\\\/\\\/canfali.com\\\/ca-es\\\/#organization\",\"name\":\"Canfali\",\"url\":\"https:\\\/\\\/canfali.com\\\/ca-es\\\/\",\"logo\":{\"@type\":\"ImageObject\",\"inLanguage\":\"va-ES\",\"@id\":\"https:\\\/\\\/canfali.com\\\/ca-es\\\/#\\\/schema\\\/logo\\\/image\\\/\",\"url\":\"https:\\\/\\\/canfali.com\\\/app\\\/uploads\\\/2025\\\/12\\\/canfali_marina_alta_logo.png\",\"contentUrl\":\"https:\\\/\\\/canfali.com\\\/app\\\/uploads\\\/2025\\\/12\\\/canfali_marina_alta_logo.png\",\"width\":225,\"height\":225,\"caption\":\"Canfali\"},\"image\":{\"@id\":\"https:\\\/\\\/canfali.com\\\/ca-es\\\/#\\\/schema\\\/logo\\\/image\\\/\"},\"sameAs\":[\"https:\\\/\\\/es-es.facebook.com\\\/CANFALIMarinaAlta\",\"https:\\\/\\\/x.com\\\/canfalima\",\"https:\\\/\\\/www.instagram.com\\\/canfalimarinaalta\\\/\"]},{\"@type\":\"Person\",\"@id\":\"https:\\\/\\\/canfali.com\\\/ca-es\\\/#\\\/schema\\\/person\\\/f540a86fb33e10daaae53c59ceaa1194\",\"name\":\"Lluis\",\"image\":{\"@type\":\"ImageObject\",\"inLanguage\":\"va-ES\",\"@id\":\"https:\\\/\\\/secure.gravatar.com\\\/avatar\\\/a21ec8835290e4e02ed0886b8cb327d807d0eb6ec8ccf25d4c2a0a415f506c0d?s=96&d=mm&r=g\",\"url\":\"https:\\\/\\\/secure.gravatar.com\\\/avatar\\\/a21ec8835290e4e02ed0886b8cb327d807d0eb6ec8ccf25d4c2a0a415f506c0d?s=96&d=mm&r=g\",\"contentUrl\":\"https:\\\/\\\/secure.gravatar.com\\\/avatar\\\/a21ec8835290e4e02ed0886b8cb327d807d0eb6ec8ccf25d4c2a0a415f506c0d?s=96&d=mm&r=g\",\"caption\":\"Lluis\"},\"url\":\"https:\\\/\\\/canfali.com\\\/ca-es\\\/author\\\/lluis\\\/\"}]}<\/script>\n<!-- \/ Yoast SEO Premium plugin. -->","yoast_head_json":{"title":"La cooperativa de vivenda de Pedreguer pren cos: 12 unidades de 55 m2 - Canfali","description":"El municipi de Pedreguer ja compta amb un grup promotor consolidat per a posar en marxa \u201cEl Formiguer\u201d","robots":{"index":"index","follow":"follow","max-snippet":"max-snippet:-1","max-image-preview":"max-image-preview:large","max-video-preview":"max-video-preview:-1"},"canonical":"https:\/\/canfali.com\/ca-es\/la-vivenda-cooperativa-de-pedreguer-pren-cos-12-unidades-de-55-m2\/","og_locale":"en_US","og_type":"article","og_title":"La cooperativa de vivenda de Pedreguer pren cos: 12 unidades de 55 m2","og_description":"El municipi de Pedreguer ja compta amb un grup promotor consolidat per a posar en marxa \u201cEl Formiguer\u201d","og_url":"https:\/\/canfali.com\/ca-es\/la-vivenda-cooperativa-de-pedreguer-pren-cos-12-unidades-de-55-m2\/","og_site_name":"Canfali","article_publisher":"https:\/\/es-es.facebook.com\/CANFALIMarinaAlta","article_published_time":"2026-03-17T14:39:32+00:00","article_modified_time":"2026-03-17T14:41:39+00:00","og_image":[{"width":2048,"height":1536,"url":"https:\/\/canfali.com\/app\/uploads\/2026\/03\/8habitatge.jpeg","type":"image\/jpeg"}],"author":"Lluis","twitter_card":"summary_large_image","twitter_creator":"@canfalima","twitter_site":"@canfalima","twitter_misc":{"Written by":"Lluis","Est. reading time":"1 minute"},"schema":{"@context":"https:\/\/schema.org","@graph":[{"@type":"NewsArticle","@id":"https:\/\/canfali.com\/ca-es\/la-vivenda-cooperativa-de-pedreguer-pren-cos-12-unidades-de-55-m2\/#article","isPartOf":{"@id":"https:\/\/canfali.com\/ca-es\/la-vivenda-cooperativa-de-pedreguer-pren-cos-12-unidades-de-55-m2\/"},"author":{"name":"Lluis","@id":"https:\/\/canfali.com\/ca-es\/#\/schema\/person\/f540a86fb33e10daaae53c59ceaa1194"},"headline":"La cooperativa de vivenda de Pedreguer pren cos: 12 unidades de 55 m2","datePublished":"2026-03-17T14:39:32+00:00","dateModified":"2026-03-17T14:41:39+00:00","mainEntityOfPage":{"@id":"https:\/\/canfali.com\/ca-es\/la-vivenda-cooperativa-de-pedreguer-pren-cos-12-unidades-de-55-m2\/"},"wordCount":302,"publisher":{"@id":"https:\/\/canfali.com\/ca-es\/#organization"},"image":{"@id":"https:\/\/canfali.com\/ca-es\/la-vivenda-cooperativa-de-pedreguer-pren-cos-12-unidades-de-55-m2\/#primaryimage"},"thumbnailUrl":"https:\/\/canfali.com\/app\/uploads\/2026\/03\/8habitatge.jpeg","articleSection":["Municipal"],"inLanguage":"va-ES","copyrightYear":"2026","copyrightHolder":{"@id":"https:\/\/canfali.com\/#organization"}},{"@type":"WebPage","@id":"https:\/\/canfali.com\/ca-es\/la-vivenda-cooperativa-de-pedreguer-pren-cos-12-unidades-de-55-m2\/","url":"https:\/\/canfali.com\/ca-es\/la-vivenda-cooperativa-de-pedreguer-pren-cos-12-unidades-de-55-m2\/","name":"La cooperativa de vivenda de Pedreguer pren cos: 12 unidades de 55 m2 - Canfali","isPartOf":{"@id":"https:\/\/canfali.com\/ca-es\/#website"},"primaryImageOfPage":{"@id":"https:\/\/canfali.com\/ca-es\/la-vivenda-cooperativa-de-pedreguer-pren-cos-12-unidades-de-55-m2\/#primaryimage"},"image":{"@id":"https:\/\/canfali.com\/ca-es\/la-vivenda-cooperativa-de-pedreguer-pren-cos-12-unidades-de-55-m2\/#primaryimage"},"thumbnailUrl":"https:\/\/canfali.com\/app\/uploads\/2026\/03\/8habitatge.jpeg","datePublished":"2026-03-17T14:39:32+00:00","dateModified":"2026-03-17T14:41:39+00:00","description":"El municipi de Pedreguer ja compta amb un grup promotor consolidat per a posar en marxa \u201cEl Formiguer\u201d","breadcrumb":{"@id":"https:\/\/canfali.com\/ca-es\/la-vivenda-cooperativa-de-pedreguer-pren-cos-12-unidades-de-55-m2\/#breadcrumb"},"inLanguage":"va-ES","potentialAction":[{"@type":"ReadAction","target":["https:\/\/canfali.com\/ca-es\/la-vivenda-cooperativa-de-pedreguer-pren-cos-12-unidades-de-55-m2\/"]}]},{"@type":"ImageObject","inLanguage":"va-ES","@id":"https:\/\/canfali.com\/ca-es\/la-vivenda-cooperativa-de-pedreguer-pren-cos-12-unidades-de-55-m2\/#primaryimage","url":"https:\/\/canfali.com\/app\/uploads\/2026\/03\/8habitatge.jpeg","contentUrl":"https:\/\/canfali.com\/app\/uploads\/2026\/03\/8habitatge.jpeg","width":2048,"height":1536},{"@type":"BreadcrumbList","@id":"https:\/\/canfali.com\/ca-es\/la-vivenda-cooperativa-de-pedreguer-pren-cos-12-unidades-de-55-m2\/#breadcrumb","itemListElement":[{"@type":"ListItem","position":1,"name":"Portada","item":"https:\/\/canfali.com\/ca-es\/"},{"@type":"ListItem","position":2,"name":"La cooperativa de vivenda de Pedreguer pren cos: 12 unidades de 55 m2"}]},{"@type":"WebSite","@id":"https:\/\/canfali.com\/ca-es\/#website","url":"https:\/\/canfali.com\/ca-es\/","name":"Canfali","description":"","publisher":{"@id":"https:\/\/canfali.com\/ca-es\/#organization"},"potentialAction":[{"@type":"SearchAction","target":{"@type":"EntryPoint","urlTemplate":"https:\/\/canfali.com\/ca-es\/?s={search_term_string}"},"query-input":{"@type":"PropertyValueSpecification","valueRequired":true,"valueName":"search_term_string"}}],"inLanguage":"va-ES"},{"@type":"Organization","@id":"https:\/\/canfali.com\/ca-es\/#organization","name":"Canfali","url":"https:\/\/canfali.com\/ca-es\/","logo":{"@type":"ImageObject","inLanguage":"va-ES","@id":"https:\/\/canfali.com\/ca-es\/#\/schema\/logo\/image\/","url":"https:\/\/canfali.com\/app\/uploads\/2025\/12\/canfali_marina_alta_logo.png","contentUrl":"https:\/\/canfali.com\/app\/uploads\/2025\/12\/canfali_marina_alta_logo.png","width":225,"height":225,"caption":"Canfali"},"image":{"@id":"https:\/\/canfali.com\/ca-es\/#\/schema\/logo\/image\/"},"sameAs":["https:\/\/es-es.facebook.com\/CANFALIMarinaAlta","https:\/\/x.com\/canfalima","https:\/\/www.instagram.com\/canfalimarinaalta\/"]},{"@type":"Person","@id":"https:\/\/canfali.com\/ca-es\/#\/schema\/person\/f540a86fb33e10daaae53c59ceaa1194","name":"Lluis","image":{"@type":"ImageObject","inLanguage":"va-ES","@id":"https:\/\/secure.gravatar.com\/avatar\/a21ec8835290e4e02ed0886b8cb327d807d0eb6ec8ccf25d4c2a0a415f506c0d?s=96&d=mm&r=g","url":"https:\/\/secure.gravatar.com\/avatar\/a21ec8835290e4e02ed0886b8cb327d807d0eb6ec8ccf25d4c2a0a415f506c0d?s=96&d=mm&r=g","contentUrl":"https:\/\/secure.gravatar.com\/avatar\/a21ec8835290e4e02ed0886b8cb327d807d0eb6ec8ccf25d4c2a0a415f506c0d?s=96&d=mm&r=g","caption":"Lluis"},"url":"https:\/\/canfali.com\/ca-es\/author\/lluis\/"}]}},"_links":{"self":[{"href":"https:\/\/canfali.com\/ca-es\/wp-json\/wp\/v2\/posts\/91422","targetHints":{"allow":["GET"]}}],"collection":[{"href":"https:\/\/canfali.com\/ca-es\/wp-json\/wp\/v2\/posts"}],"about":[{"href":"https:\/\/canfali.com\/ca-es\/wp-json\/wp\/v2\/types\/post"}],"author":[{"embeddable":true,"href":"https:\/\/canfali.com\/ca-es\/wp-json\/wp\/v2\/users\/8"}],"replies":[{"embeddable":true,"href":"https:\/\/canfali.com\/ca-es\/wp-json\/wp\/v2\/comments?post=91422"}],"version-history":[{"count":2,"href":"https:\/\/canfali.com\/ca-es\/wp-json\/wp\/v2\/posts\/91422\/revisions"}],"predecessor-version":[{"id":91425,"href":"https:\/\/canfali.com\/ca-es\/wp-json\/wp\/v2\/posts\/91422\/revisions\/91425"}],"wp:featuredmedia":[{"embeddable":true,"href":"https:\/\/canfali.com\/ca-es\/wp-json\/wp\/v2\/media\/91420"}],"wp:attachment":[{"href":"https:\/\/canfali.com\/ca-es\/wp-json\/wp\/v2\/media?parent=91422"}],"wp:term":[{"taxonomy":"category","embeddable":true,"href":"https:\/\/canfali.com\/ca-es\/wp-json\/wp\/v2\/categories?post=91422"},{"taxonomy":"post_tag","embeddable":true,"href":"https:\/\/canfali.com\/ca-es\/wp-json\/wp\/v2\/tags?post=91422"}],"curies":[{"name":"wp","href":"https:\/\/api.w.org\/{rel}","templated":true}]}}