{"id":91374,"date":"2026-03-17T08:43:17","date_gmt":"2026-03-17T07:43:17","guid":{"rendered":"https:\/\/canfali.com\/consultori-medic-permanent-en-la-fossa-de-calp\/"},"modified":"2026-03-17T08:45:24","modified_gmt":"2026-03-17T07:45:24","slug":"consultori-medic-permanent-en-la-fossa-de-calp","status":"publish","type":"post","link":"https:\/\/canfali.com\/ca-es\/consultori-medic-permanent-en-la-fossa-de-calp\/","title":{"rendered":"Consultori m\u00e8dic permanent en la Fossa de Calp"},"content":{"rendered":"\n<p>El consultori m\u00e8dic de la Fossa funciona ja de manera permanent i no sols per Pasqua i en els mesos d&#8217;estiu, com fins ara. El centre obri de dilluns a divendres en horari de 8 a 15 hores i presta servei als 1.300 pacients assignats a aquesta zona. El consultori compta amb una metgessa, una infermera i una auxiliar d&#8217;infermeria. Aquest nou recurs permetr\u00e0 acostar l&#8217;assist\u00e8ncia m\u00e8dica a les persones residents en la zona de la Fossa i, al mateix temps, contribuir\u00e0 a descongestionar l&#8217;activitat del centre de salut.<\/p>\n\n<p>\tEl consultori disposa de sala d&#8217;atenci\u00f3 m\u00e8dica, consulta d&#8217;infermeria, sala d&#8217;observaci\u00f3 per a pacients, sala d&#8217;espera i zona de descans per al personal sanitari. En les seves instal\u00b7lacions tamb\u00e9 continuar\u00e0 prestant servei un suport b\u00e0sic d&#8217;ambul\u00e0ncia, que ja venia funcionant durant 12 hores al dia. No obstant aix\u00f2, les anal\u00edtiques i l&#8217;atenci\u00f3 d&#8217;urg\u00e8ncies continuaran realitzant-se en el centre de salut.<\/p>\n\n<p>\tFonts oficials apunten que en temporada alta s&#8217;habilitar\u00e0 un altre consultori auxiliar d&#8217;estiu. En l&#8217;actualitat, Calp compta amb 30.000 targetes SIP assignades, la qual cosa suposa un increment de 700 respecte a l&#8217;any anterior. L&#8217;alcaldessa, Ana Sala, ha assenyalat que \u201cel nostre objectiu \u00e9s continuar treballant per aconseguir que Calp tinga  un segon centre de salut, cosa que dep\u00e8n de la Conselleria de Sanitat, per\u00f2 mentre arriba aquest moment, comptem amb aquest nou recurs que millorar\u00e0 l&#8217;atenci\u00f3 sanit\u00e0ria\u201d.<\/p>\n","protected":false},"excerpt":{"rendered":"El consultori m\u00e8dic de la Fossa funciona ja de manera permanent i no sols per Pasqua i en&hellip;","protected":false},"author":5,"featured_media":91372,"comment_status":"closed","ping_status":"closed","sticky":false,"template":"","format":"standard","meta":{"csco_display_header_overlay":false,"csco_singular_sidebar":"","csco_page_header_type":"","csco_page_load_nextpost":"","csco_post_video_location":[],"csco_post_video_location_hash":"","csco_post_video_url":"","csco_post_video_bg_start_time":0,"csco_post_video_bg_end_time":0,"footnotes":""},"categories":[614],"tags":[7113,1465,872],"class_list":{"0":"post-91374","1":"post","2":"type-post","3":"status-publish","4":"format-standard","5":"has-post-thumbnail","7":"category-municipal-ca-es","8":"tag-atencio","9":"tag-consultori","10":"tag-salut","11":"cs-entry","12":"cs-video-wrap"},"yoast_head":"<!-- This site is optimized with the Yoast SEO Premium plugin v26.6 (Yoast SEO v27.3) - https:\/\/yoast.com\/product\/yoast-seo-premium-wordpress\/ -->\n<title>Consultori m\u00e8dic permanent en la Fossa de Calp - Canfali<\/title>\n<meta name=\"robots\" content=\"index, follow, max-snippet:-1, max-image-preview:large, max-video-preview:-1\" \/>\n<link rel=\"canonical\" href=\"https:\/\/canfali.com\/ca-es\/consultori-medic-permanent-en-la-fossa-de-calp\/\" \/>\n<meta property=\"og:locale\" content=\"en_US\" \/>\n<meta property=\"og:type\" content=\"article\" \/>\n<meta property=\"og:title\" content=\"Consultori m\u00e8dic permanent en la Fossa de Calp\" \/>\n<meta property=\"og:description\" content=\"El consultori m\u00e8dic de la Fossa funciona ja de manera permanent i no sols per Pasqua i en&hellip;\" \/>\n<meta property=\"og:url\" content=\"https:\/\/canfali.com\/ca-es\/consultori-medic-permanent-en-la-fossa-de-calp\/\" \/>\n<meta property=\"og:site_name\" content=\"Canfali\" \/>\n<meta property=\"article:publisher\" content=\"https:\/\/es-es.facebook.com\/CANFALIMarinaAlta\" \/>\n<meta property=\"article:published_time\" content=\"2026-03-17T07:43:17+00:00\" \/>\n<meta property=\"article:modified_time\" content=\"2026-03-17T07:45:24+00:00\" \/>\n<meta property=\"og:image\" content=\"https:\/\/canfali.com\/app\/uploads\/2026\/03\/medico-calp.jpg\" \/>\n\t<meta property=\"og:image:width\" content=\"2048\" \/>\n\t<meta property=\"og:image:height\" content=\"1152\" \/>\n\t<meta property=\"og:image:type\" content=\"image\/jpeg\" \/>\n<meta name=\"author\" content=\"D\u00eddac\" \/>\n<meta name=\"twitter:card\" content=\"summary_large_image\" \/>\n<meta name=\"twitter:creator\" content=\"@canfalima\" \/>\n<meta name=\"twitter:site\" content=\"@canfalima\" \/>\n<meta name=\"twitter:label1\" content=\"Written by\" \/>\n\t<meta name=\"twitter:data1\" content=\"D\u00eddac\" \/>\n\t<meta name=\"twitter:label2\" content=\"Est. reading time\" \/>\n\t<meta name=\"twitter:data2\" content=\"1 minute\" \/>\n<script type=\"application\/ld+json\" class=\"yoast-schema-graph\">{\"@context\":\"https:\\\/\\\/schema.org\",\"@graph\":[{\"@type\":\"NewsArticle\",\"@id\":\"https:\\\/\\\/canfali.com\\\/ca-es\\\/consultori-medic-permanent-en-la-fossa-de-calp\\\/#article\",\"isPartOf\":{\"@id\":\"https:\\\/\\\/canfali.com\\\/ca-es\\\/consultori-medic-permanent-en-la-fossa-de-calp\\\/\"},\"author\":{\"name\":\"D\u00eddac\",\"@id\":\"https:\\\/\\\/canfali.com\\\/ca-es\\\/#\\\/schema\\\/person\\\/5211f51be1ed486a218e6a4f53355b6d\"},\"headline\":\"Consultori m\u00e8dic permanent en la Fossa de Calp\",\"datePublished\":\"2026-03-17T07:43:17+00:00\",\"dateModified\":\"2026-03-17T07:45:24+00:00\",\"mainEntityOfPage\":{\"@id\":\"https:\\\/\\\/canfali.com\\\/ca-es\\\/consultori-medic-permanent-en-la-fossa-de-calp\\\/\"},\"wordCount\":258,\"publisher\":{\"@id\":\"https:\\\/\\\/canfali.com\\\/ca-es\\\/#organization\"},\"image\":{\"@id\":\"https:\\\/\\\/canfali.com\\\/ca-es\\\/consultori-medic-permanent-en-la-fossa-de-calp\\\/#primaryimage\"},\"thumbnailUrl\":\"https:\\\/\\\/canfali.com\\\/app\\\/uploads\\\/2026\\\/03\\\/medico-calp.jpg\",\"keywords\":[\"atenci\u00f3\",\"consultori\",\"salut\"],\"articleSection\":[\"Municipal\"],\"inLanguage\":\"va-ES\",\"copyrightYear\":\"2026\",\"copyrightHolder\":{\"@id\":\"https:\\\/\\\/canfali.com\\\/#organization\"}},{\"@type\":\"WebPage\",\"@id\":\"https:\\\/\\\/canfali.com\\\/ca-es\\\/consultori-medic-permanent-en-la-fossa-de-calp\\\/\",\"url\":\"https:\\\/\\\/canfali.com\\\/ca-es\\\/consultori-medic-permanent-en-la-fossa-de-calp\\\/\",\"name\":\"Consultori m\u00e8dic permanent en la Fossa de Calp - Canfali\",\"isPartOf\":{\"@id\":\"https:\\\/\\\/canfali.com\\\/ca-es\\\/#website\"},\"primaryImageOfPage\":{\"@id\":\"https:\\\/\\\/canfali.com\\\/ca-es\\\/consultori-medic-permanent-en-la-fossa-de-calp\\\/#primaryimage\"},\"image\":{\"@id\":\"https:\\\/\\\/canfali.com\\\/ca-es\\\/consultori-medic-permanent-en-la-fossa-de-calp\\\/#primaryimage\"},\"thumbnailUrl\":\"https:\\\/\\\/canfali.com\\\/app\\\/uploads\\\/2026\\\/03\\\/medico-calp.jpg\",\"datePublished\":\"2026-03-17T07:43:17+00:00\",\"dateModified\":\"2026-03-17T07:45:24+00:00\",\"breadcrumb\":{\"@id\":\"https:\\\/\\\/canfali.com\\\/ca-es\\\/consultori-medic-permanent-en-la-fossa-de-calp\\\/#breadcrumb\"},\"inLanguage\":\"va-ES\",\"potentialAction\":[{\"@type\":\"ReadAction\",\"target\":[\"https:\\\/\\\/canfali.com\\\/ca-es\\\/consultori-medic-permanent-en-la-fossa-de-calp\\\/\"]}]},{\"@type\":\"ImageObject\",\"inLanguage\":\"va-ES\",\"@id\":\"https:\\\/\\\/canfali.com\\\/ca-es\\\/consultori-medic-permanent-en-la-fossa-de-calp\\\/#primaryimage\",\"url\":\"https:\\\/\\\/canfali.com\\\/app\\\/uploads\\\/2026\\\/03\\\/medico-calp.jpg\",\"contentUrl\":\"https:\\\/\\\/canfali.com\\\/app\\\/uploads\\\/2026\\\/03\\\/medico-calp.jpg\",\"width\":2048,\"height\":1152},{\"@type\":\"BreadcrumbList\",\"@id\":\"https:\\\/\\\/canfali.com\\\/ca-es\\\/consultori-medic-permanent-en-la-fossa-de-calp\\\/#breadcrumb\",\"itemListElement\":[{\"@type\":\"ListItem\",\"position\":1,\"name\":\"Portada\",\"item\":\"https:\\\/\\\/canfali.com\\\/ca-es\\\/\"},{\"@type\":\"ListItem\",\"position\":2,\"name\":\"Consultori m\u00e8dic permanent en la Fossa de Calp\"}]},{\"@type\":\"WebSite\",\"@id\":\"https:\\\/\\\/canfali.com\\\/ca-es\\\/#website\",\"url\":\"https:\\\/\\\/canfali.com\\\/ca-es\\\/\",\"name\":\"Canfali\",\"description\":\"\",\"publisher\":{\"@id\":\"https:\\\/\\\/canfali.com\\\/ca-es\\\/#organization\"},\"potentialAction\":[{\"@type\":\"SearchAction\",\"target\":{\"@type\":\"EntryPoint\",\"urlTemplate\":\"https:\\\/\\\/canfali.com\\\/ca-es\\\/?s={search_term_string}\"},\"query-input\":{\"@type\":\"PropertyValueSpecification\",\"valueRequired\":true,\"valueName\":\"search_term_string\"}}],\"inLanguage\":\"va-ES\"},{\"@type\":\"Organization\",\"@id\":\"https:\\\/\\\/canfali.com\\\/ca-es\\\/#organization\",\"name\":\"Canfali\",\"url\":\"https:\\\/\\\/canfali.com\\\/ca-es\\\/\",\"logo\":{\"@type\":\"ImageObject\",\"inLanguage\":\"va-ES\",\"@id\":\"https:\\\/\\\/canfali.com\\\/ca-es\\\/#\\\/schema\\\/logo\\\/image\\\/\",\"url\":\"https:\\\/\\\/canfali.com\\\/app\\\/uploads\\\/2025\\\/12\\\/canfali_marina_alta_logo.png\",\"contentUrl\":\"https:\\\/\\\/canfali.com\\\/app\\\/uploads\\\/2025\\\/12\\\/canfali_marina_alta_logo.png\",\"width\":225,\"height\":225,\"caption\":\"Canfali\"},\"image\":{\"@id\":\"https:\\\/\\\/canfali.com\\\/ca-es\\\/#\\\/schema\\\/logo\\\/image\\\/\"},\"sameAs\":[\"https:\\\/\\\/es-es.facebook.com\\\/CANFALIMarinaAlta\",\"https:\\\/\\\/x.com\\\/canfalima\",\"https:\\\/\\\/www.instagram.com\\\/canfalimarinaalta\\\/\"]},{\"@type\":\"Person\",\"@id\":\"https:\\\/\\\/canfali.com\\\/ca-es\\\/#\\\/schema\\\/person\\\/5211f51be1ed486a218e6a4f53355b6d\",\"name\":\"D\u00eddac\",\"image\":{\"@type\":\"ImageObject\",\"inLanguage\":\"va-ES\",\"@id\":\"https:\\\/\\\/secure.gravatar.com\\\/avatar\\\/a68a2078c12da8a6dd6cff4f3f3f69f7eb69a2d31ac1aac4da61c3761e4557f4?s=96&d=mm&r=g\",\"url\":\"https:\\\/\\\/secure.gravatar.com\\\/avatar\\\/a68a2078c12da8a6dd6cff4f3f3f69f7eb69a2d31ac1aac4da61c3761e4557f4?s=96&d=mm&r=g\",\"contentUrl\":\"https:\\\/\\\/secure.gravatar.com\\\/avatar\\\/a68a2078c12da8a6dd6cff4f3f3f69f7eb69a2d31ac1aac4da61c3761e4557f4?s=96&d=mm&r=g\",\"caption\":\"D\u00eddac\"},\"url\":\"https:\\\/\\\/canfali.com\\\/ca-es\\\/author\\\/didac\\\/\"}]}<\/script>\n<!-- \/ Yoast SEO Premium plugin. -->","yoast_head_json":{"title":"Consultori m\u00e8dic permanent en la Fossa de Calp - Canfali","robots":{"index":"index","follow":"follow","max-snippet":"max-snippet:-1","max-image-preview":"max-image-preview:large","max-video-preview":"max-video-preview:-1"},"canonical":"https:\/\/canfali.com\/ca-es\/consultori-medic-permanent-en-la-fossa-de-calp\/","og_locale":"en_US","og_type":"article","og_title":"Consultori m\u00e8dic permanent en la Fossa de Calp","og_description":"El consultori m\u00e8dic de la Fossa funciona ja de manera permanent i no sols per Pasqua i en&hellip;","og_url":"https:\/\/canfali.com\/ca-es\/consultori-medic-permanent-en-la-fossa-de-calp\/","og_site_name":"Canfali","article_publisher":"https:\/\/es-es.facebook.com\/CANFALIMarinaAlta","article_published_time":"2026-03-17T07:43:17+00:00","article_modified_time":"2026-03-17T07:45:24+00:00","og_image":[{"width":2048,"height":1152,"url":"https:\/\/canfali.com\/app\/uploads\/2026\/03\/medico-calp.jpg","type":"image\/jpeg"}],"author":"D\u00eddac","twitter_card":"summary_large_image","twitter_creator":"@canfalima","twitter_site":"@canfalima","twitter_misc":{"Written by":"D\u00eddac","Est. reading time":"1 minute"},"schema":{"@context":"https:\/\/schema.org","@graph":[{"@type":"NewsArticle","@id":"https:\/\/canfali.com\/ca-es\/consultori-medic-permanent-en-la-fossa-de-calp\/#article","isPartOf":{"@id":"https:\/\/canfali.com\/ca-es\/consultori-medic-permanent-en-la-fossa-de-calp\/"},"author":{"name":"D\u00eddac","@id":"https:\/\/canfali.com\/ca-es\/#\/schema\/person\/5211f51be1ed486a218e6a4f53355b6d"},"headline":"Consultori m\u00e8dic permanent en la Fossa de Calp","datePublished":"2026-03-17T07:43:17+00:00","dateModified":"2026-03-17T07:45:24+00:00","mainEntityOfPage":{"@id":"https:\/\/canfali.com\/ca-es\/consultori-medic-permanent-en-la-fossa-de-calp\/"},"wordCount":258,"publisher":{"@id":"https:\/\/canfali.com\/ca-es\/#organization"},"image":{"@id":"https:\/\/canfali.com\/ca-es\/consultori-medic-permanent-en-la-fossa-de-calp\/#primaryimage"},"thumbnailUrl":"https:\/\/canfali.com\/app\/uploads\/2026\/03\/medico-calp.jpg","keywords":["atenci\u00f3","consultori","salut"],"articleSection":["Municipal"],"inLanguage":"va-ES","copyrightYear":"2026","copyrightHolder":{"@id":"https:\/\/canfali.com\/#organization"}},{"@type":"WebPage","@id":"https:\/\/canfali.com\/ca-es\/consultori-medic-permanent-en-la-fossa-de-calp\/","url":"https:\/\/canfali.com\/ca-es\/consultori-medic-permanent-en-la-fossa-de-calp\/","name":"Consultori m\u00e8dic permanent en la Fossa de Calp - Canfali","isPartOf":{"@id":"https:\/\/canfali.com\/ca-es\/#website"},"primaryImageOfPage":{"@id":"https:\/\/canfali.com\/ca-es\/consultori-medic-permanent-en-la-fossa-de-calp\/#primaryimage"},"image":{"@id":"https:\/\/canfali.com\/ca-es\/consultori-medic-permanent-en-la-fossa-de-calp\/#primaryimage"},"thumbnailUrl":"https:\/\/canfali.com\/app\/uploads\/2026\/03\/medico-calp.jpg","datePublished":"2026-03-17T07:43:17+00:00","dateModified":"2026-03-17T07:45:24+00:00","breadcrumb":{"@id":"https:\/\/canfali.com\/ca-es\/consultori-medic-permanent-en-la-fossa-de-calp\/#breadcrumb"},"inLanguage":"va-ES","potentialAction":[{"@type":"ReadAction","target":["https:\/\/canfali.com\/ca-es\/consultori-medic-permanent-en-la-fossa-de-calp\/"]}]},{"@type":"ImageObject","inLanguage":"va-ES","@id":"https:\/\/canfali.com\/ca-es\/consultori-medic-permanent-en-la-fossa-de-calp\/#primaryimage","url":"https:\/\/canfali.com\/app\/uploads\/2026\/03\/medico-calp.jpg","contentUrl":"https:\/\/canfali.com\/app\/uploads\/2026\/03\/medico-calp.jpg","width":2048,"height":1152},{"@type":"BreadcrumbList","@id":"https:\/\/canfali.com\/ca-es\/consultori-medic-permanent-en-la-fossa-de-calp\/#breadcrumb","itemListElement":[{"@type":"ListItem","position":1,"name":"Portada","item":"https:\/\/canfali.com\/ca-es\/"},{"@type":"ListItem","position":2,"name":"Consultori m\u00e8dic permanent en la Fossa de Calp"}]},{"@type":"WebSite","@id":"https:\/\/canfali.com\/ca-es\/#website","url":"https:\/\/canfali.com\/ca-es\/","name":"Canfali","description":"","publisher":{"@id":"https:\/\/canfali.com\/ca-es\/#organization"},"potentialAction":[{"@type":"SearchAction","target":{"@type":"EntryPoint","urlTemplate":"https:\/\/canfali.com\/ca-es\/?s={search_term_string}"},"query-input":{"@type":"PropertyValueSpecification","valueRequired":true,"valueName":"search_term_string"}}],"inLanguage":"va-ES"},{"@type":"Organization","@id":"https:\/\/canfali.com\/ca-es\/#organization","name":"Canfali","url":"https:\/\/canfali.com\/ca-es\/","logo":{"@type":"ImageObject","inLanguage":"va-ES","@id":"https:\/\/canfali.com\/ca-es\/#\/schema\/logo\/image\/","url":"https:\/\/canfali.com\/app\/uploads\/2025\/12\/canfali_marina_alta_logo.png","contentUrl":"https:\/\/canfali.com\/app\/uploads\/2025\/12\/canfali_marina_alta_logo.png","width":225,"height":225,"caption":"Canfali"},"image":{"@id":"https:\/\/canfali.com\/ca-es\/#\/schema\/logo\/image\/"},"sameAs":["https:\/\/es-es.facebook.com\/CANFALIMarinaAlta","https:\/\/x.com\/canfalima","https:\/\/www.instagram.com\/canfalimarinaalta\/"]},{"@type":"Person","@id":"https:\/\/canfali.com\/ca-es\/#\/schema\/person\/5211f51be1ed486a218e6a4f53355b6d","name":"D\u00eddac","image":{"@type":"ImageObject","inLanguage":"va-ES","@id":"https:\/\/secure.gravatar.com\/avatar\/a68a2078c12da8a6dd6cff4f3f3f69f7eb69a2d31ac1aac4da61c3761e4557f4?s=96&d=mm&r=g","url":"https:\/\/secure.gravatar.com\/avatar\/a68a2078c12da8a6dd6cff4f3f3f69f7eb69a2d31ac1aac4da61c3761e4557f4?s=96&d=mm&r=g","contentUrl":"https:\/\/secure.gravatar.com\/avatar\/a68a2078c12da8a6dd6cff4f3f3f69f7eb69a2d31ac1aac4da61c3761e4557f4?s=96&d=mm&r=g","caption":"D\u00eddac"},"url":"https:\/\/canfali.com\/ca-es\/author\/didac\/"}]}},"_links":{"self":[{"href":"https:\/\/canfali.com\/ca-es\/wp-json\/wp\/v2\/posts\/91374","targetHints":{"allow":["GET"]}}],"collection":[{"href":"https:\/\/canfali.com\/ca-es\/wp-json\/wp\/v2\/posts"}],"about":[{"href":"https:\/\/canfali.com\/ca-es\/wp-json\/wp\/v2\/types\/post"}],"author":[{"embeddable":true,"href":"https:\/\/canfali.com\/ca-es\/wp-json\/wp\/v2\/users\/5"}],"replies":[{"embeddable":true,"href":"https:\/\/canfali.com\/ca-es\/wp-json\/wp\/v2\/comments?post=91374"}],"version-history":[{"count":1,"href":"https:\/\/canfali.com\/ca-es\/wp-json\/wp\/v2\/posts\/91374\/revisions"}],"predecessor-version":[{"id":91375,"href":"https:\/\/canfali.com\/ca-es\/wp-json\/wp\/v2\/posts\/91374\/revisions\/91375"}],"wp:featuredmedia":[{"embeddable":true,"href":"https:\/\/canfali.com\/ca-es\/wp-json\/wp\/v2\/media\/91372"}],"wp:attachment":[{"href":"https:\/\/canfali.com\/ca-es\/wp-json\/wp\/v2\/media?parent=91374"}],"wp:term":[{"taxonomy":"category","embeddable":true,"href":"https:\/\/canfali.com\/ca-es\/wp-json\/wp\/v2\/categories?post=91374"},{"taxonomy":"post_tag","embeddable":true,"href":"https:\/\/canfali.com\/ca-es\/wp-json\/wp\/v2\/tags?post=91374"}],"curies":[{"name":"wp","href":"https:\/\/api.w.org\/{rel}","templated":true}]}}