{"id":91351,"date":"2026-03-16T12:44:09","date_gmt":"2026-03-16T11:44:09","guid":{"rendered":"https:\/\/canfali.com\/el-pp-de-denia-acusa-lequip-de-govern-de-malgastar-60-000-euros-en-el-lloguer-dun-local\/"},"modified":"2026-03-16T12:55:39","modified_gmt":"2026-03-16T11:55:39","slug":"el-pp-de-denia-acusa-lequip-de-govern-de-malgastar-60-000-euros-en-el-lloguer-dun-local","status":"publish","type":"post","link":"https:\/\/canfali.com\/ca-es\/el-pp-de-denia-acusa-lequip-de-govern-de-malgastar-60-000-euros-en-el-lloguer-dun-local\/","title":{"rendered":"El PP de D\u00e9nia acusa l&#8217;equip de govern de malgastar 60.000 euros en el lloguer d&#8217;un local"},"content":{"rendered":"\n<p><\/p>\n\n<p><\/p>\n\n<blockquote class=\"wp-block-quote is-layout-flow wp-block-quote-is-layout-flow\">\n<p>Recorda que es van negar les ajudes per a les carpes de les falles i Moros i Cristians&#13;\n&#13;\n<\/p>\n<\/blockquote>\n\n<p>El Partit Popular de D\u00e9nia ha denunciat p\u00fablicament el que considera una gesti\u00f3 incoherent de les prioritats de gasto per part de l&#8217;equip de govern. Segons els populars, el PSPV i Comprom\u00eds han destinat prop de 60.000 euros en els \u00faltims tres anys al lloguer d&#8217;un local al carrer Sagunt, malgrat que no se li estava donant un \u00fas.&#13;\n&#13;\n<\/p>\n\n<p> Critiquen que, mentres es mantenia este gasto en arrendament, l&#8217;Ajuntament comunicava a les comissions falleres i a la Federaci\u00f3 de Moros i Cristians que \u201cno havia pressuposat municipal\u201d per a assumir el cost de les carpes per al Sopar de Germanor i el Mig Any, un gasto que ronda els 30.000 euros.&#13;\n&#13;\n <\/p>\n\n<p>La portaveu del PP, Pepa Font, ha q\u00fcestionat la gesti\u00f3 de l&#8217;equip de govern en assenyalar que \u201cno es pot dir a les entitats que mantenen vives les nostres tradicions i que formen part essencial de la vida social de D\u00e9nia que no hi ha diners per a una carpa necess\u00e0ria per al Sopar de Germanor o el Mig Any, mentres l&#8217;Ajuntament est\u00e0 pagant quasi 60.000 euros pel lloguer d&#8217;un local\u201d. Sost\u00e9 que s&#8217;ha malgastat eixos diners.&#13;\n&#13;\n<\/p>\n\n<p> Des del Partit Popular lamenten que s&#8217;al\u00b7legue una falta de recursos econ\u00f2mics per a esdeveniments que \u201creunixen a centenars de persones i que formen part de la identitat cultural de D\u00e9nia\u201d, mentres el pressupost es deriva a altres fins. Per aix\u00f2, han exigit al consistori \u201ctranspar\u00e8ncia i explicacions sobre la utilitat d&#8217;este local llogat i sobre les prioritats reals del gasto p\u00fablic\u201d. Segons el PP, esta situaci\u00f3 ha generat malestar entre nombrosos festers, que consideren incomprensible que l&#8217;Ajuntament al\u00b7legue falta de recursos per a actes que reunixen a centenars de persones i que formen part de la identitat cultural de D\u00e9nia, mentres es destinen importants quantitats a altres gastos.&#13;\n&#13;\n <\/p>\n\n<p>Finalment, el PP insistix que el suport institucional \u00e9s clau, ja que el teixit associatiu de les festes \u201ccada any mobilitza a milers de persones i contribu\u00efx a la dinamitzaci\u00f3 social i econ\u00f2mica del municipi\u201d.<\/p>\n","protected":false},"excerpt":{"rendered":"Recorda que es van negar les ajudes per a les carpes de les falles i Moros i Cristians&#13;&hellip;","protected":false},"author":7,"featured_media":91349,"comment_status":"closed","ping_status":"closed","sticky":false,"template":"","format":"standard","meta":{"csco_display_header_overlay":false,"csco_singular_sidebar":"","csco_page_header_type":"","csco_page_load_nextpost":"","csco_post_video_location":[],"csco_post_video_location_hash":"","csco_post_video_url":"","csco_post_video_bg_start_time":0,"csco_post_video_bg_end_time":0,"footnotes":""},"categories":[611],"tags":[5753,1289,3029,2532],"class_list":{"0":"post-91351","1":"post","2":"type-post","3":"status-publish","4":"format-standard","5":"has-post-thumbnail","7":"category-politica-ca-es","8":"tag-equip-de-govern","9":"tag-falles","10":"tag-moros-i-cristians","11":"tag-pp-ca-es","12":"cs-entry","13":"cs-video-wrap"},"yoast_head":"<!-- This site is optimized with the Yoast SEO Premium plugin v26.6 (Yoast SEO v27.3) - https:\/\/yoast.com\/product\/yoast-seo-premium-wordpress\/ -->\n<title>El PP de D\u00e9nia acusa l&#039;equip de govern de malgastar 60.000 euros en el lloguer d&#039;un local - Canfali<\/title>\n<meta name=\"robots\" content=\"index, follow, max-snippet:-1, max-image-preview:large, max-video-preview:-1\" \/>\n<link rel=\"canonical\" href=\"https:\/\/canfali.com\/ca-es\/el-pp-de-denia-acusa-lequip-de-govern-de-malgastar-60-000-euros-en-el-lloguer-dun-local\/\" \/>\n<meta property=\"og:locale\" content=\"en_US\" \/>\n<meta property=\"og:type\" content=\"article\" \/>\n<meta property=\"og:title\" content=\"El PP de D\u00e9nia acusa l&#039;equip de govern de malgastar 60.000 euros en el lloguer d&#039;un local\" \/>\n<meta property=\"og:description\" content=\"Recorda que es van negar les ajudes per a les carpes de les falles i Moros i Cristians&#013;&hellip;\" \/>\n<meta property=\"og:url\" content=\"https:\/\/canfali.com\/ca-es\/el-pp-de-denia-acusa-lequip-de-govern-de-malgastar-60-000-euros-en-el-lloguer-dun-local\/\" \/>\n<meta property=\"og:site_name\" content=\"Canfali\" \/>\n<meta property=\"article:publisher\" content=\"https:\/\/es-es.facebook.com\/CANFALIMarinaAlta\" \/>\n<meta property=\"article:published_time\" content=\"2026-03-16T11:44:09+00:00\" \/>\n<meta property=\"article:modified_time\" content=\"2026-03-16T11:55:39+00:00\" \/>\n<meta property=\"og:image\" content=\"https:\/\/canfali.com\/app\/uploads\/2026\/03\/11.jpg\" \/>\n\t<meta property=\"og:image:width\" content=\"598\" \/>\n\t<meta property=\"og:image:height\" content=\"939\" \/>\n\t<meta property=\"og:image:type\" content=\"image\/jpeg\" \/>\n<meta name=\"author\" content=\"Bolta\" \/>\n<meta name=\"twitter:card\" content=\"summary_large_image\" \/>\n<meta name=\"twitter:creator\" content=\"@canfalima\" \/>\n<meta name=\"twitter:site\" content=\"@canfalima\" \/>\n<meta name=\"twitter:label1\" content=\"Written by\" \/>\n\t<meta name=\"twitter:data1\" content=\"Bolta\" \/>\n\t<meta name=\"twitter:label2\" content=\"Est. reading time\" \/>\n\t<meta name=\"twitter:data2\" content=\"2 minutes\" \/>\n<script type=\"application\/ld+json\" class=\"yoast-schema-graph\">{\"@context\":\"https:\\\/\\\/schema.org\",\"@graph\":[{\"@type\":\"NewsArticle\",\"@id\":\"https:\\\/\\\/canfali.com\\\/ca-es\\\/el-pp-de-denia-acusa-lequip-de-govern-de-malgastar-60-000-euros-en-el-lloguer-dun-local\\\/#article\",\"isPartOf\":{\"@id\":\"https:\\\/\\\/canfali.com\\\/ca-es\\\/el-pp-de-denia-acusa-lequip-de-govern-de-malgastar-60-000-euros-en-el-lloguer-dun-local\\\/\"},\"author\":{\"name\":\"Bolta\",\"@id\":\"https:\\\/\\\/canfali.com\\\/ca-es\\\/#\\\/schema\\\/person\\\/9c651adc904f3c4e0243f54407751557\"},\"headline\":\"El PP de D\u00e9nia acusa l&#8217;equip de govern de malgastar 60.000 euros en el lloguer d&#8217;un local\",\"datePublished\":\"2026-03-16T11:44:09+00:00\",\"dateModified\":\"2026-03-16T11:55:39+00:00\",\"mainEntityOfPage\":{\"@id\":\"https:\\\/\\\/canfali.com\\\/ca-es\\\/el-pp-de-denia-acusa-lequip-de-govern-de-malgastar-60-000-euros-en-el-lloguer-dun-local\\\/\"},\"wordCount\":391,\"publisher\":{\"@id\":\"https:\\\/\\\/canfali.com\\\/ca-es\\\/#organization\"},\"image\":{\"@id\":\"https:\\\/\\\/canfali.com\\\/ca-es\\\/el-pp-de-denia-acusa-lequip-de-govern-de-malgastar-60-000-euros-en-el-lloguer-dun-local\\\/#primaryimage\"},\"thumbnailUrl\":\"https:\\\/\\\/canfali.com\\\/app\\\/uploads\\\/2026\\\/03\\\/11.jpg\",\"keywords\":[\"equip de govern\",\"falles\",\"Moros i cristians\",\"PP\"],\"articleSection\":[\"Pol\u00edtica\"],\"inLanguage\":\"va-ES\",\"copyrightYear\":\"2026\",\"copyrightHolder\":{\"@id\":\"https:\\\/\\\/canfali.com\\\/#organization\"}},{\"@type\":\"WebPage\",\"@id\":\"https:\\\/\\\/canfali.com\\\/ca-es\\\/el-pp-de-denia-acusa-lequip-de-govern-de-malgastar-60-000-euros-en-el-lloguer-dun-local\\\/\",\"url\":\"https:\\\/\\\/canfali.com\\\/ca-es\\\/el-pp-de-denia-acusa-lequip-de-govern-de-malgastar-60-000-euros-en-el-lloguer-dun-local\\\/\",\"name\":\"El PP de D\u00e9nia acusa l'equip de govern de malgastar 60.000 euros en el lloguer d'un local - Canfali\",\"isPartOf\":{\"@id\":\"https:\\\/\\\/canfali.com\\\/ca-es\\\/#website\"},\"primaryImageOfPage\":{\"@id\":\"https:\\\/\\\/canfali.com\\\/ca-es\\\/el-pp-de-denia-acusa-lequip-de-govern-de-malgastar-60-000-euros-en-el-lloguer-dun-local\\\/#primaryimage\"},\"image\":{\"@id\":\"https:\\\/\\\/canfali.com\\\/ca-es\\\/el-pp-de-denia-acusa-lequip-de-govern-de-malgastar-60-000-euros-en-el-lloguer-dun-local\\\/#primaryimage\"},\"thumbnailUrl\":\"https:\\\/\\\/canfali.com\\\/app\\\/uploads\\\/2026\\\/03\\\/11.jpg\",\"datePublished\":\"2026-03-16T11:44:09+00:00\",\"dateModified\":\"2026-03-16T11:55:39+00:00\",\"breadcrumb\":{\"@id\":\"https:\\\/\\\/canfali.com\\\/ca-es\\\/el-pp-de-denia-acusa-lequip-de-govern-de-malgastar-60-000-euros-en-el-lloguer-dun-local\\\/#breadcrumb\"},\"inLanguage\":\"va-ES\",\"potentialAction\":[{\"@type\":\"ReadAction\",\"target\":[\"https:\\\/\\\/canfali.com\\\/ca-es\\\/el-pp-de-denia-acusa-lequip-de-govern-de-malgastar-60-000-euros-en-el-lloguer-dun-local\\\/\"]}]},{\"@type\":\"ImageObject\",\"inLanguage\":\"va-ES\",\"@id\":\"https:\\\/\\\/canfali.com\\\/ca-es\\\/el-pp-de-denia-acusa-lequip-de-govern-de-malgastar-60-000-euros-en-el-lloguer-dun-local\\\/#primaryimage\",\"url\":\"https:\\\/\\\/canfali.com\\\/app\\\/uploads\\\/2026\\\/03\\\/11.jpg\",\"contentUrl\":\"https:\\\/\\\/canfali.com\\\/app\\\/uploads\\\/2026\\\/03\\\/11.jpg\",\"width\":598,\"height\":939},{\"@type\":\"BreadcrumbList\",\"@id\":\"https:\\\/\\\/canfali.com\\\/ca-es\\\/el-pp-de-denia-acusa-lequip-de-govern-de-malgastar-60-000-euros-en-el-lloguer-dun-local\\\/#breadcrumb\",\"itemListElement\":[{\"@type\":\"ListItem\",\"position\":1,\"name\":\"Portada\",\"item\":\"https:\\\/\\\/canfali.com\\\/ca-es\\\/\"},{\"@type\":\"ListItem\",\"position\":2,\"name\":\"El PP de D\u00e9nia acusa l&#8217;equip de govern de malgastar 60.000 euros en el lloguer d&#8217;un local\"}]},{\"@type\":\"WebSite\",\"@id\":\"https:\\\/\\\/canfali.com\\\/ca-es\\\/#website\",\"url\":\"https:\\\/\\\/canfali.com\\\/ca-es\\\/\",\"name\":\"Canfali\",\"description\":\"\",\"publisher\":{\"@id\":\"https:\\\/\\\/canfali.com\\\/ca-es\\\/#organization\"},\"potentialAction\":[{\"@type\":\"SearchAction\",\"target\":{\"@type\":\"EntryPoint\",\"urlTemplate\":\"https:\\\/\\\/canfali.com\\\/ca-es\\\/?s={search_term_string}\"},\"query-input\":{\"@type\":\"PropertyValueSpecification\",\"valueRequired\":true,\"valueName\":\"search_term_string\"}}],\"inLanguage\":\"va-ES\"},{\"@type\":\"Organization\",\"@id\":\"https:\\\/\\\/canfali.com\\\/ca-es\\\/#organization\",\"name\":\"Canfali\",\"url\":\"https:\\\/\\\/canfali.com\\\/ca-es\\\/\",\"logo\":{\"@type\":\"ImageObject\",\"inLanguage\":\"va-ES\",\"@id\":\"https:\\\/\\\/canfali.com\\\/ca-es\\\/#\\\/schema\\\/logo\\\/image\\\/\",\"url\":\"https:\\\/\\\/canfali.com\\\/app\\\/uploads\\\/2025\\\/12\\\/canfali_marina_alta_logo.png\",\"contentUrl\":\"https:\\\/\\\/canfali.com\\\/app\\\/uploads\\\/2025\\\/12\\\/canfali_marina_alta_logo.png\",\"width\":225,\"height\":225,\"caption\":\"Canfali\"},\"image\":{\"@id\":\"https:\\\/\\\/canfali.com\\\/ca-es\\\/#\\\/schema\\\/logo\\\/image\\\/\"},\"sameAs\":[\"https:\\\/\\\/es-es.facebook.com\\\/CANFALIMarinaAlta\",\"https:\\\/\\\/x.com\\\/canfalima\",\"https:\\\/\\\/www.instagram.com\\\/canfalimarinaalta\\\/\"]},{\"@type\":\"Person\",\"@id\":\"https:\\\/\\\/canfali.com\\\/ca-es\\\/#\\\/schema\\\/person\\\/9c651adc904f3c4e0243f54407751557\",\"name\":\"Bolta\",\"image\":{\"@type\":\"ImageObject\",\"inLanguage\":\"va-ES\",\"@id\":\"https:\\\/\\\/secure.gravatar.com\\\/avatar\\\/550a5d97fe3cfba5caf077b9600e46529e1977e9d14396836e775d6d9d895a81?s=96&d=mm&r=g\",\"url\":\"https:\\\/\\\/secure.gravatar.com\\\/avatar\\\/550a5d97fe3cfba5caf077b9600e46529e1977e9d14396836e775d6d9d895a81?s=96&d=mm&r=g\",\"contentUrl\":\"https:\\\/\\\/secure.gravatar.com\\\/avatar\\\/550a5d97fe3cfba5caf077b9600e46529e1977e9d14396836e775d6d9d895a81?s=96&d=mm&r=g\",\"caption\":\"Bolta\"},\"url\":\"https:\\\/\\\/canfali.com\\\/ca-es\\\/author\\\/bolta\\\/\"}]}<\/script>\n<!-- \/ Yoast SEO Premium plugin. -->","yoast_head_json":{"title":"El PP de D\u00e9nia acusa l'equip de govern de malgastar 60.000 euros en el lloguer d'un local - Canfali","robots":{"index":"index","follow":"follow","max-snippet":"max-snippet:-1","max-image-preview":"max-image-preview:large","max-video-preview":"max-video-preview:-1"},"canonical":"https:\/\/canfali.com\/ca-es\/el-pp-de-denia-acusa-lequip-de-govern-de-malgastar-60-000-euros-en-el-lloguer-dun-local\/","og_locale":"en_US","og_type":"article","og_title":"El PP de D\u00e9nia acusa l'equip de govern de malgastar 60.000 euros en el lloguer d'un local","og_description":"Recorda que es van negar les ajudes per a les carpes de les falles i Moros i Cristians&#13;&hellip;","og_url":"https:\/\/canfali.com\/ca-es\/el-pp-de-denia-acusa-lequip-de-govern-de-malgastar-60-000-euros-en-el-lloguer-dun-local\/","og_site_name":"Canfali","article_publisher":"https:\/\/es-es.facebook.com\/CANFALIMarinaAlta","article_published_time":"2026-03-16T11:44:09+00:00","article_modified_time":"2026-03-16T11:55:39+00:00","og_image":[{"width":598,"height":939,"url":"https:\/\/canfali.com\/app\/uploads\/2026\/03\/11.jpg","type":"image\/jpeg"}],"author":"Bolta","twitter_card":"summary_large_image","twitter_creator":"@canfalima","twitter_site":"@canfalima","twitter_misc":{"Written by":"Bolta","Est. reading time":"2 minutes"},"schema":{"@context":"https:\/\/schema.org","@graph":[{"@type":"NewsArticle","@id":"https:\/\/canfali.com\/ca-es\/el-pp-de-denia-acusa-lequip-de-govern-de-malgastar-60-000-euros-en-el-lloguer-dun-local\/#article","isPartOf":{"@id":"https:\/\/canfali.com\/ca-es\/el-pp-de-denia-acusa-lequip-de-govern-de-malgastar-60-000-euros-en-el-lloguer-dun-local\/"},"author":{"name":"Bolta","@id":"https:\/\/canfali.com\/ca-es\/#\/schema\/person\/9c651adc904f3c4e0243f54407751557"},"headline":"El PP de D\u00e9nia acusa l&#8217;equip de govern de malgastar 60.000 euros en el lloguer d&#8217;un local","datePublished":"2026-03-16T11:44:09+00:00","dateModified":"2026-03-16T11:55:39+00:00","mainEntityOfPage":{"@id":"https:\/\/canfali.com\/ca-es\/el-pp-de-denia-acusa-lequip-de-govern-de-malgastar-60-000-euros-en-el-lloguer-dun-local\/"},"wordCount":391,"publisher":{"@id":"https:\/\/canfali.com\/ca-es\/#organization"},"image":{"@id":"https:\/\/canfali.com\/ca-es\/el-pp-de-denia-acusa-lequip-de-govern-de-malgastar-60-000-euros-en-el-lloguer-dun-local\/#primaryimage"},"thumbnailUrl":"https:\/\/canfali.com\/app\/uploads\/2026\/03\/11.jpg","keywords":["equip de govern","falles","Moros i cristians","PP"],"articleSection":["Pol\u00edtica"],"inLanguage":"va-ES","copyrightYear":"2026","copyrightHolder":{"@id":"https:\/\/canfali.com\/#organization"}},{"@type":"WebPage","@id":"https:\/\/canfali.com\/ca-es\/el-pp-de-denia-acusa-lequip-de-govern-de-malgastar-60-000-euros-en-el-lloguer-dun-local\/","url":"https:\/\/canfali.com\/ca-es\/el-pp-de-denia-acusa-lequip-de-govern-de-malgastar-60-000-euros-en-el-lloguer-dun-local\/","name":"El PP de D\u00e9nia acusa l'equip de govern de malgastar 60.000 euros en el lloguer d'un local - Canfali","isPartOf":{"@id":"https:\/\/canfali.com\/ca-es\/#website"},"primaryImageOfPage":{"@id":"https:\/\/canfali.com\/ca-es\/el-pp-de-denia-acusa-lequip-de-govern-de-malgastar-60-000-euros-en-el-lloguer-dun-local\/#primaryimage"},"image":{"@id":"https:\/\/canfali.com\/ca-es\/el-pp-de-denia-acusa-lequip-de-govern-de-malgastar-60-000-euros-en-el-lloguer-dun-local\/#primaryimage"},"thumbnailUrl":"https:\/\/canfali.com\/app\/uploads\/2026\/03\/11.jpg","datePublished":"2026-03-16T11:44:09+00:00","dateModified":"2026-03-16T11:55:39+00:00","breadcrumb":{"@id":"https:\/\/canfali.com\/ca-es\/el-pp-de-denia-acusa-lequip-de-govern-de-malgastar-60-000-euros-en-el-lloguer-dun-local\/#breadcrumb"},"inLanguage":"va-ES","potentialAction":[{"@type":"ReadAction","target":["https:\/\/canfali.com\/ca-es\/el-pp-de-denia-acusa-lequip-de-govern-de-malgastar-60-000-euros-en-el-lloguer-dun-local\/"]}]},{"@type":"ImageObject","inLanguage":"va-ES","@id":"https:\/\/canfali.com\/ca-es\/el-pp-de-denia-acusa-lequip-de-govern-de-malgastar-60-000-euros-en-el-lloguer-dun-local\/#primaryimage","url":"https:\/\/canfali.com\/app\/uploads\/2026\/03\/11.jpg","contentUrl":"https:\/\/canfali.com\/app\/uploads\/2026\/03\/11.jpg","width":598,"height":939},{"@type":"BreadcrumbList","@id":"https:\/\/canfali.com\/ca-es\/el-pp-de-denia-acusa-lequip-de-govern-de-malgastar-60-000-euros-en-el-lloguer-dun-local\/#breadcrumb","itemListElement":[{"@type":"ListItem","position":1,"name":"Portada","item":"https:\/\/canfali.com\/ca-es\/"},{"@type":"ListItem","position":2,"name":"El PP de D\u00e9nia acusa l&#8217;equip de govern de malgastar 60.000 euros en el lloguer d&#8217;un local"}]},{"@type":"WebSite","@id":"https:\/\/canfali.com\/ca-es\/#website","url":"https:\/\/canfali.com\/ca-es\/","name":"Canfali","description":"","publisher":{"@id":"https:\/\/canfali.com\/ca-es\/#organization"},"potentialAction":[{"@type":"SearchAction","target":{"@type":"EntryPoint","urlTemplate":"https:\/\/canfali.com\/ca-es\/?s={search_term_string}"},"query-input":{"@type":"PropertyValueSpecification","valueRequired":true,"valueName":"search_term_string"}}],"inLanguage":"va-ES"},{"@type":"Organization","@id":"https:\/\/canfali.com\/ca-es\/#organization","name":"Canfali","url":"https:\/\/canfali.com\/ca-es\/","logo":{"@type":"ImageObject","inLanguage":"va-ES","@id":"https:\/\/canfali.com\/ca-es\/#\/schema\/logo\/image\/","url":"https:\/\/canfali.com\/app\/uploads\/2025\/12\/canfali_marina_alta_logo.png","contentUrl":"https:\/\/canfali.com\/app\/uploads\/2025\/12\/canfali_marina_alta_logo.png","width":225,"height":225,"caption":"Canfali"},"image":{"@id":"https:\/\/canfali.com\/ca-es\/#\/schema\/logo\/image\/"},"sameAs":["https:\/\/es-es.facebook.com\/CANFALIMarinaAlta","https:\/\/x.com\/canfalima","https:\/\/www.instagram.com\/canfalimarinaalta\/"]},{"@type":"Person","@id":"https:\/\/canfali.com\/ca-es\/#\/schema\/person\/9c651adc904f3c4e0243f54407751557","name":"Bolta","image":{"@type":"ImageObject","inLanguage":"va-ES","@id":"https:\/\/secure.gravatar.com\/avatar\/550a5d97fe3cfba5caf077b9600e46529e1977e9d14396836e775d6d9d895a81?s=96&d=mm&r=g","url":"https:\/\/secure.gravatar.com\/avatar\/550a5d97fe3cfba5caf077b9600e46529e1977e9d14396836e775d6d9d895a81?s=96&d=mm&r=g","contentUrl":"https:\/\/secure.gravatar.com\/avatar\/550a5d97fe3cfba5caf077b9600e46529e1977e9d14396836e775d6d9d895a81?s=96&d=mm&r=g","caption":"Bolta"},"url":"https:\/\/canfali.com\/ca-es\/author\/bolta\/"}]}},"_links":{"self":[{"href":"https:\/\/canfali.com\/ca-es\/wp-json\/wp\/v2\/posts\/91351","targetHints":{"allow":["GET"]}}],"collection":[{"href":"https:\/\/canfali.com\/ca-es\/wp-json\/wp\/v2\/posts"}],"about":[{"href":"https:\/\/canfali.com\/ca-es\/wp-json\/wp\/v2\/types\/post"}],"author":[{"embeddable":true,"href":"https:\/\/canfali.com\/ca-es\/wp-json\/wp\/v2\/users\/7"}],"replies":[{"embeddable":true,"href":"https:\/\/canfali.com\/ca-es\/wp-json\/wp\/v2\/comments?post=91351"}],"version-history":[{"count":1,"href":"https:\/\/canfali.com\/ca-es\/wp-json\/wp\/v2\/posts\/91351\/revisions"}],"predecessor-version":[{"id":91352,"href":"https:\/\/canfali.com\/ca-es\/wp-json\/wp\/v2\/posts\/91351\/revisions\/91352"}],"wp:featuredmedia":[{"embeddable":true,"href":"https:\/\/canfali.com\/ca-es\/wp-json\/wp\/v2\/media\/91349"}],"wp:attachment":[{"href":"https:\/\/canfali.com\/ca-es\/wp-json\/wp\/v2\/media?parent=91351"}],"wp:term":[{"taxonomy":"category","embeddable":true,"href":"https:\/\/canfali.com\/ca-es\/wp-json\/wp\/v2\/categories?post=91351"},{"taxonomy":"post_tag","embeddable":true,"href":"https:\/\/canfali.com\/ca-es\/wp-json\/wp\/v2\/tags?post=91351"}],"curies":[{"name":"wp","href":"https:\/\/api.w.org\/{rel}","templated":true}]}}