{"id":91341,"date":"2026-03-16T09:52:45","date_gmt":"2026-03-16T08:52:45","guid":{"rendered":"https:\/\/canfali.com\/prop-de-300-persones-en-la-manifestacio-del-8m-de-pedreguer\/"},"modified":"2026-03-16T09:54:08","modified_gmt":"2026-03-16T08:54:08","slug":"prop-de-300-persones-en-la-manifestacio-del-8m-de-pedreguer","status":"publish","type":"post","link":"https:\/\/canfali.com\/ca-es\/prop-de-300-persones-en-la-manifestacio-del-8m-de-pedreguer\/","title":{"rendered":"Prop de 300 persones en la manifestaci\u00f3 del 8M de Pedreguer"},"content":{"rendered":"\n<p>Pedreguer va celebrar finalment el passat 13 de mar\u00e7 la manifestaci\u00f3 amb motiu del Dia Internacional de les Dones, que havia hagut d\u2019ajornar-se dies abans a causa de la pluja. La convocat\u00f2ria va reunir prop de 300 persones, segons dades de la Policia Local, que van participar en una mobilitzaci\u00f3 marcada per l\u2019ambient participatiu i reivindicatiu.&#13;\n<\/p>\n\n<figure class=\"wp-block-image size-large\"><img decoding=\"async\" src=\"https:\/\/canfali.com\/app\/uploads\/2026\/03\/8mani33-1024x768.jpeg.webp\" alt=\"\" class=\"wp-image-91330\"\/><\/figure>\n\n<p>La marxa va tornar a omplir els carrers del municipi per reclamar la igualtat i els drets de les dones, en una jornada que va combinar la reivindicaci\u00f3 amb la m\u00fasica i la implicaci\u00f3 de nombrosos col\u00b7lectius locals.&#13;\n<\/p>\n\n<p>Durant el recorregut va participar la batucada del CEIP El Trinquet, els Bandolers i Bandoleres, que van aportar ritme i energia a la manifestaci\u00f3. A ells se\u2019ls va sumar enguany la Gatukada de Gata de Gorgos, refor\u00e7ant el car\u00e0cter festiu i reivindicatiu de l\u2019acte.&#13;\n<\/p>\n\n<figure class=\"wp-block-image size-large\"><img decoding=\"async\" src=\"https:\/\/canfali.com\/app\/uploads\/2026\/03\/8mani35-1024x768.jpeg.webp\" alt=\"\" class=\"wp-image-91332\"\/><\/figure>\n\n<p>La mobilitzaci\u00f3 va concloure amb la lectura del manifest del 8 de mar\u00e7 a c\u00e0rrec de dos alumnes de l\u2019IES Pedreguer davant de les persones assistents. L\u2019actuaci\u00f3 de la Bandeta de l\u2019IES Pedreguer, que va interpretar dues peces musicals, va posar el punt final a la jornada.&#13;\n<\/p>\n\n<figure class=\"wp-block-image size-large\"><img decoding=\"async\" src=\"https:\/\/canfali.com\/app\/uploads\/2026\/03\/8mani38-1024x768.jpeg.webp\" alt=\"\" class=\"wp-image-91338\"\/><\/figure>\n\n<p>L\u2019organitzaci\u00f3 ha destacat la implicaci\u00f3 de la comunitat educativa, del teixit associatiu local i la resposta de la ciutadania, que malgrat l\u2019ajornament per les condicions meteorol\u00f2giques va tornar a mostrar el comprom\u00eds de Pedreguer amb la igualtat i la defensa dels drets de les dones.&#13;\n<\/p>\n\n<figure class=\"wp-block-gallery has-nested-images columns-default is-cropped wp-block-gallery-15 is-layout-flex wp-block-gallery-is-layout-flex\">\n<figure class=\"wp-block-image size-large\"><img decoding=\"async\" data-id=\"91334\" src=\"https:\/\/canfali.com\/app\/uploads\/2026\/03\/8mani36-768x1024.jpeg.webp\" alt=\"\" class=\"wp-image-91334\"\/><\/figure>\n\n\n\n<figure class=\"wp-block-image size-large\"><img decoding=\"async\" data-id=\"91336\" src=\"https:\/\/canfali.com\/app\/uploads\/2026\/03\/8mani37-768x1024.jpeg.webp\" alt=\"\" class=\"wp-image-91336\"\/><\/figure>\n<\/figure>\n\n<p>M\u00c9S TEATRE<\/p>\n\n<p>El programa que Pedreguer ha dedicat al Dia Internacional de les Dones, sota el lema \u201cFeministes, combatives i lliures\u201d, va continuar dissabte amb l\u2019obra de teatre \u201cOn est\u00e0 Merc\u00e9?\u201d, a c\u00e0rrec de la Companyia Bandada, realitzada amb la col\u00b7laboraci\u00f3 del Casal Cultural.&#13;\n<\/p>\n\n<p>A m\u00e9s, per a este diumenge 22 est\u00e0 prevista una nova jornada de teatre a la pista de l\u2019Espai Cultural, a les 18 hores. La Companyia Esclafit Teatre, amb Maria Mulet i Tom\u00e0s Mestre, interpretar\u00e0 l\u2019obra \u201cTeatre Manual per a ociosos i bruixes de dol\u201d. Ambdues actuacions teatrals s\u2019emmarquen dins del festival Festiart 2026.&#13;\n<\/p>\n","protected":false},"excerpt":{"rendered":"Pedreguer va celebrar finalment el passat 13 de mar\u00e7 la manifestaci\u00f3 amb motiu del Dia Internacional de les&hellip;","protected":false},"author":8,"featured_media":91329,"comment_status":"closed","ping_status":"closed","sticky":false,"template":"","format":"standard","meta":{"csco_display_header_overlay":false,"csco_singular_sidebar":"","csco_page_header_type":"","csco_page_load_nextpost":"","csco_post_video_location":[],"csco_post_video_location_hash":"","csco_post_video_url":"","csco_post_video_bg_start_time":0,"csco_post_video_bg_end_time":0,"footnotes":""},"categories":[614],"tags":[],"class_list":{"0":"post-91341","1":"post","2":"type-post","3":"status-publish","4":"format-standard","5":"has-post-thumbnail","7":"category-municipal-ca-es","8":"cs-entry","9":"cs-video-wrap"},"yoast_head":"<!-- This site is optimized with the Yoast SEO Premium plugin v26.6 (Yoast SEO v27.3) - https:\/\/yoast.com\/product\/yoast-seo-premium-wordpress\/ -->\n<title>Prop de 300 persones en la manifestaci\u00f3 del 8M de Pedreguer - Canfali<\/title>\n<meta name=\"description\" content=\"Pedreguer va celebrar finalment el passat 13 de mar\u00e7 la manifestaci\u00f3 amb motiu del Dia Internacional de les Dones\" \/>\n<meta name=\"robots\" content=\"index, follow, max-snippet:-1, max-image-preview:large, max-video-preview:-1\" \/>\n<link rel=\"canonical\" href=\"https:\/\/canfali.com\/ca-es\/prop-de-300-persones-en-la-manifestacio-del-8m-de-pedreguer\/\" \/>\n<meta property=\"og:locale\" content=\"en_US\" \/>\n<meta property=\"og:type\" content=\"article\" \/>\n<meta property=\"og:title\" content=\"Prop de 300 persones en la manifestaci\u00f3 del 8M de Pedreguer\" \/>\n<meta property=\"og:description\" content=\"Pedreguer va celebrar finalment el passat 13 de mar\u00e7 la manifestaci\u00f3 amb motiu del Dia Internacional de les Dones\" \/>\n<meta property=\"og:url\" content=\"https:\/\/canfali.com\/ca-es\/prop-de-300-persones-en-la-manifestacio-del-8m-de-pedreguer\/\" \/>\n<meta property=\"og:site_name\" content=\"Canfali\" \/>\n<meta property=\"article:publisher\" content=\"https:\/\/es-es.facebook.com\/CANFALIMarinaAlta\" \/>\n<meta property=\"article:published_time\" content=\"2026-03-16T08:52:45+00:00\" \/>\n<meta property=\"article:modified_time\" content=\"2026-03-16T08:54:08+00:00\" \/>\n<meta property=\"og:image\" content=\"https:\/\/canfali.com\/app\/uploads\/2026\/03\/8mani31.jpeg\" \/>\n\t<meta property=\"og:image:width\" content=\"2048\" \/>\n\t<meta property=\"og:image:height\" content=\"1536\" \/>\n\t<meta property=\"og:image:type\" content=\"image\/jpeg\" \/>\n<meta name=\"author\" content=\"Lluis\" \/>\n<meta name=\"twitter:card\" content=\"summary_large_image\" \/>\n<meta name=\"twitter:creator\" content=\"@canfalima\" \/>\n<meta name=\"twitter:site\" content=\"@canfalima\" \/>\n<meta name=\"twitter:label1\" content=\"Written by\" \/>\n\t<meta name=\"twitter:data1\" content=\"Lluis\" \/>\n\t<meta name=\"twitter:label2\" content=\"Est. reading time\" \/>\n\t<meta name=\"twitter:data2\" content=\"2 minutes\" \/>\n<script type=\"application\/ld+json\" class=\"yoast-schema-graph\">{\"@context\":\"https:\\\/\\\/schema.org\",\"@graph\":[{\"@type\":\"NewsArticle\",\"@id\":\"https:\\\/\\\/canfali.com\\\/ca-es\\\/prop-de-300-persones-en-la-manifestacio-del-8m-de-pedreguer\\\/#article\",\"isPartOf\":{\"@id\":\"https:\\\/\\\/canfali.com\\\/ca-es\\\/prop-de-300-persones-en-la-manifestacio-del-8m-de-pedreguer\\\/\"},\"author\":{\"name\":\"Lluis\",\"@id\":\"https:\\\/\\\/canfali.com\\\/ca-es\\\/#\\\/schema\\\/person\\\/f540a86fb33e10daaae53c59ceaa1194\"},\"headline\":\"Prop de 300 persones en la manifestaci\u00f3 del 8M de Pedreguer\",\"datePublished\":\"2026-03-16T08:52:45+00:00\",\"dateModified\":\"2026-03-16T08:54:08+00:00\",\"mainEntityOfPage\":{\"@id\":\"https:\\\/\\\/canfali.com\\\/ca-es\\\/prop-de-300-persones-en-la-manifestacio-del-8m-de-pedreguer\\\/\"},\"wordCount\":358,\"publisher\":{\"@id\":\"https:\\\/\\\/canfali.com\\\/ca-es\\\/#organization\"},\"image\":{\"@id\":\"https:\\\/\\\/canfali.com\\\/ca-es\\\/prop-de-300-persones-en-la-manifestacio-del-8m-de-pedreguer\\\/#primaryimage\"},\"thumbnailUrl\":\"https:\\\/\\\/canfali.com\\\/app\\\/uploads\\\/2026\\\/03\\\/8mani31.jpeg\",\"articleSection\":[\"Municipal\"],\"inLanguage\":\"va-ES\",\"copyrightYear\":\"2026\",\"copyrightHolder\":{\"@id\":\"https:\\\/\\\/canfali.com\\\/#organization\"}},{\"@type\":\"WebPage\",\"@id\":\"https:\\\/\\\/canfali.com\\\/ca-es\\\/prop-de-300-persones-en-la-manifestacio-del-8m-de-pedreguer\\\/\",\"url\":\"https:\\\/\\\/canfali.com\\\/ca-es\\\/prop-de-300-persones-en-la-manifestacio-del-8m-de-pedreguer\\\/\",\"name\":\"Prop de 300 persones en la manifestaci\u00f3 del 8M de Pedreguer - Canfali\",\"isPartOf\":{\"@id\":\"https:\\\/\\\/canfali.com\\\/ca-es\\\/#website\"},\"primaryImageOfPage\":{\"@id\":\"https:\\\/\\\/canfali.com\\\/ca-es\\\/prop-de-300-persones-en-la-manifestacio-del-8m-de-pedreguer\\\/#primaryimage\"},\"image\":{\"@id\":\"https:\\\/\\\/canfali.com\\\/ca-es\\\/prop-de-300-persones-en-la-manifestacio-del-8m-de-pedreguer\\\/#primaryimage\"},\"thumbnailUrl\":\"https:\\\/\\\/canfali.com\\\/app\\\/uploads\\\/2026\\\/03\\\/8mani31.jpeg\",\"datePublished\":\"2026-03-16T08:52:45+00:00\",\"dateModified\":\"2026-03-16T08:54:08+00:00\",\"description\":\"Pedreguer va celebrar finalment el passat 13 de mar\u00e7 la manifestaci\u00f3 amb motiu del Dia Internacional de les Dones\",\"breadcrumb\":{\"@id\":\"https:\\\/\\\/canfali.com\\\/ca-es\\\/prop-de-300-persones-en-la-manifestacio-del-8m-de-pedreguer\\\/#breadcrumb\"},\"inLanguage\":\"va-ES\",\"potentialAction\":[{\"@type\":\"ReadAction\",\"target\":[\"https:\\\/\\\/canfali.com\\\/ca-es\\\/prop-de-300-persones-en-la-manifestacio-del-8m-de-pedreguer\\\/\"]}]},{\"@type\":\"ImageObject\",\"inLanguage\":\"va-ES\",\"@id\":\"https:\\\/\\\/canfali.com\\\/ca-es\\\/prop-de-300-persones-en-la-manifestacio-del-8m-de-pedreguer\\\/#primaryimage\",\"url\":\"https:\\\/\\\/canfali.com\\\/app\\\/uploads\\\/2026\\\/03\\\/8mani31.jpeg\",\"contentUrl\":\"https:\\\/\\\/canfali.com\\\/app\\\/uploads\\\/2026\\\/03\\\/8mani31.jpeg\",\"width\":2048,\"height\":1536},{\"@type\":\"BreadcrumbList\",\"@id\":\"https:\\\/\\\/canfali.com\\\/ca-es\\\/prop-de-300-persones-en-la-manifestacio-del-8m-de-pedreguer\\\/#breadcrumb\",\"itemListElement\":[{\"@type\":\"ListItem\",\"position\":1,\"name\":\"Portada\",\"item\":\"https:\\\/\\\/canfali.com\\\/ca-es\\\/\"},{\"@type\":\"ListItem\",\"position\":2,\"name\":\"Prop de 300 persones en la manifestaci\u00f3 del 8M de Pedreguer\"}]},{\"@type\":\"WebSite\",\"@id\":\"https:\\\/\\\/canfali.com\\\/ca-es\\\/#website\",\"url\":\"https:\\\/\\\/canfali.com\\\/ca-es\\\/\",\"name\":\"Canfali\",\"description\":\"\",\"publisher\":{\"@id\":\"https:\\\/\\\/canfali.com\\\/ca-es\\\/#organization\"},\"potentialAction\":[{\"@type\":\"SearchAction\",\"target\":{\"@type\":\"EntryPoint\",\"urlTemplate\":\"https:\\\/\\\/canfali.com\\\/ca-es\\\/?s={search_term_string}\"},\"query-input\":{\"@type\":\"PropertyValueSpecification\",\"valueRequired\":true,\"valueName\":\"search_term_string\"}}],\"inLanguage\":\"va-ES\"},{\"@type\":\"Organization\",\"@id\":\"https:\\\/\\\/canfali.com\\\/ca-es\\\/#organization\",\"name\":\"Canfali\",\"url\":\"https:\\\/\\\/canfali.com\\\/ca-es\\\/\",\"logo\":{\"@type\":\"ImageObject\",\"inLanguage\":\"va-ES\",\"@id\":\"https:\\\/\\\/canfali.com\\\/ca-es\\\/#\\\/schema\\\/logo\\\/image\\\/\",\"url\":\"https:\\\/\\\/canfali.com\\\/app\\\/uploads\\\/2025\\\/12\\\/canfali_marina_alta_logo.png\",\"contentUrl\":\"https:\\\/\\\/canfali.com\\\/app\\\/uploads\\\/2025\\\/12\\\/canfali_marina_alta_logo.png\",\"width\":225,\"height\":225,\"caption\":\"Canfali\"},\"image\":{\"@id\":\"https:\\\/\\\/canfali.com\\\/ca-es\\\/#\\\/schema\\\/logo\\\/image\\\/\"},\"sameAs\":[\"https:\\\/\\\/es-es.facebook.com\\\/CANFALIMarinaAlta\",\"https:\\\/\\\/x.com\\\/canfalima\",\"https:\\\/\\\/www.instagram.com\\\/canfalimarinaalta\\\/\"]},{\"@type\":\"Person\",\"@id\":\"https:\\\/\\\/canfali.com\\\/ca-es\\\/#\\\/schema\\\/person\\\/f540a86fb33e10daaae53c59ceaa1194\",\"name\":\"Lluis\",\"image\":{\"@type\":\"ImageObject\",\"inLanguage\":\"va-ES\",\"@id\":\"https:\\\/\\\/secure.gravatar.com\\\/avatar\\\/a21ec8835290e4e02ed0886b8cb327d807d0eb6ec8ccf25d4c2a0a415f506c0d?s=96&d=mm&r=g\",\"url\":\"https:\\\/\\\/secure.gravatar.com\\\/avatar\\\/a21ec8835290e4e02ed0886b8cb327d807d0eb6ec8ccf25d4c2a0a415f506c0d?s=96&d=mm&r=g\",\"contentUrl\":\"https:\\\/\\\/secure.gravatar.com\\\/avatar\\\/a21ec8835290e4e02ed0886b8cb327d807d0eb6ec8ccf25d4c2a0a415f506c0d?s=96&d=mm&r=g\",\"caption\":\"Lluis\"},\"url\":\"https:\\\/\\\/canfali.com\\\/ca-es\\\/author\\\/lluis\\\/\"}]}<\/script>\n<!-- \/ Yoast SEO Premium plugin. -->","yoast_head_json":{"title":"Prop de 300 persones en la manifestaci\u00f3 del 8M de Pedreguer - Canfali","description":"Pedreguer va celebrar finalment el passat 13 de mar\u00e7 la manifestaci\u00f3 amb motiu del Dia Internacional de les Dones","robots":{"index":"index","follow":"follow","max-snippet":"max-snippet:-1","max-image-preview":"max-image-preview:large","max-video-preview":"max-video-preview:-1"},"canonical":"https:\/\/canfali.com\/ca-es\/prop-de-300-persones-en-la-manifestacio-del-8m-de-pedreguer\/","og_locale":"en_US","og_type":"article","og_title":"Prop de 300 persones en la manifestaci\u00f3 del 8M de Pedreguer","og_description":"Pedreguer va celebrar finalment el passat 13 de mar\u00e7 la manifestaci\u00f3 amb motiu del Dia Internacional de les Dones","og_url":"https:\/\/canfali.com\/ca-es\/prop-de-300-persones-en-la-manifestacio-del-8m-de-pedreguer\/","og_site_name":"Canfali","article_publisher":"https:\/\/es-es.facebook.com\/CANFALIMarinaAlta","article_published_time":"2026-03-16T08:52:45+00:00","article_modified_time":"2026-03-16T08:54:08+00:00","og_image":[{"width":2048,"height":1536,"url":"https:\/\/canfali.com\/app\/uploads\/2026\/03\/8mani31.jpeg","type":"image\/jpeg"}],"author":"Lluis","twitter_card":"summary_large_image","twitter_creator":"@canfalima","twitter_site":"@canfalima","twitter_misc":{"Written by":"Lluis","Est. reading time":"2 minutes"},"schema":{"@context":"https:\/\/schema.org","@graph":[{"@type":"NewsArticle","@id":"https:\/\/canfali.com\/ca-es\/prop-de-300-persones-en-la-manifestacio-del-8m-de-pedreguer\/#article","isPartOf":{"@id":"https:\/\/canfali.com\/ca-es\/prop-de-300-persones-en-la-manifestacio-del-8m-de-pedreguer\/"},"author":{"name":"Lluis","@id":"https:\/\/canfali.com\/ca-es\/#\/schema\/person\/f540a86fb33e10daaae53c59ceaa1194"},"headline":"Prop de 300 persones en la manifestaci\u00f3 del 8M de Pedreguer","datePublished":"2026-03-16T08:52:45+00:00","dateModified":"2026-03-16T08:54:08+00:00","mainEntityOfPage":{"@id":"https:\/\/canfali.com\/ca-es\/prop-de-300-persones-en-la-manifestacio-del-8m-de-pedreguer\/"},"wordCount":358,"publisher":{"@id":"https:\/\/canfali.com\/ca-es\/#organization"},"image":{"@id":"https:\/\/canfali.com\/ca-es\/prop-de-300-persones-en-la-manifestacio-del-8m-de-pedreguer\/#primaryimage"},"thumbnailUrl":"https:\/\/canfali.com\/app\/uploads\/2026\/03\/8mani31.jpeg","articleSection":["Municipal"],"inLanguage":"va-ES","copyrightYear":"2026","copyrightHolder":{"@id":"https:\/\/canfali.com\/#organization"}},{"@type":"WebPage","@id":"https:\/\/canfali.com\/ca-es\/prop-de-300-persones-en-la-manifestacio-del-8m-de-pedreguer\/","url":"https:\/\/canfali.com\/ca-es\/prop-de-300-persones-en-la-manifestacio-del-8m-de-pedreguer\/","name":"Prop de 300 persones en la manifestaci\u00f3 del 8M de Pedreguer - Canfali","isPartOf":{"@id":"https:\/\/canfali.com\/ca-es\/#website"},"primaryImageOfPage":{"@id":"https:\/\/canfali.com\/ca-es\/prop-de-300-persones-en-la-manifestacio-del-8m-de-pedreguer\/#primaryimage"},"image":{"@id":"https:\/\/canfali.com\/ca-es\/prop-de-300-persones-en-la-manifestacio-del-8m-de-pedreguer\/#primaryimage"},"thumbnailUrl":"https:\/\/canfali.com\/app\/uploads\/2026\/03\/8mani31.jpeg","datePublished":"2026-03-16T08:52:45+00:00","dateModified":"2026-03-16T08:54:08+00:00","description":"Pedreguer va celebrar finalment el passat 13 de mar\u00e7 la manifestaci\u00f3 amb motiu del Dia Internacional de les Dones","breadcrumb":{"@id":"https:\/\/canfali.com\/ca-es\/prop-de-300-persones-en-la-manifestacio-del-8m-de-pedreguer\/#breadcrumb"},"inLanguage":"va-ES","potentialAction":[{"@type":"ReadAction","target":["https:\/\/canfali.com\/ca-es\/prop-de-300-persones-en-la-manifestacio-del-8m-de-pedreguer\/"]}]},{"@type":"ImageObject","inLanguage":"va-ES","@id":"https:\/\/canfali.com\/ca-es\/prop-de-300-persones-en-la-manifestacio-del-8m-de-pedreguer\/#primaryimage","url":"https:\/\/canfali.com\/app\/uploads\/2026\/03\/8mani31.jpeg","contentUrl":"https:\/\/canfali.com\/app\/uploads\/2026\/03\/8mani31.jpeg","width":2048,"height":1536},{"@type":"BreadcrumbList","@id":"https:\/\/canfali.com\/ca-es\/prop-de-300-persones-en-la-manifestacio-del-8m-de-pedreguer\/#breadcrumb","itemListElement":[{"@type":"ListItem","position":1,"name":"Portada","item":"https:\/\/canfali.com\/ca-es\/"},{"@type":"ListItem","position":2,"name":"Prop de 300 persones en la manifestaci\u00f3 del 8M de Pedreguer"}]},{"@type":"WebSite","@id":"https:\/\/canfali.com\/ca-es\/#website","url":"https:\/\/canfali.com\/ca-es\/","name":"Canfali","description":"","publisher":{"@id":"https:\/\/canfali.com\/ca-es\/#organization"},"potentialAction":[{"@type":"SearchAction","target":{"@type":"EntryPoint","urlTemplate":"https:\/\/canfali.com\/ca-es\/?s={search_term_string}"},"query-input":{"@type":"PropertyValueSpecification","valueRequired":true,"valueName":"search_term_string"}}],"inLanguage":"va-ES"},{"@type":"Organization","@id":"https:\/\/canfali.com\/ca-es\/#organization","name":"Canfali","url":"https:\/\/canfali.com\/ca-es\/","logo":{"@type":"ImageObject","inLanguage":"va-ES","@id":"https:\/\/canfali.com\/ca-es\/#\/schema\/logo\/image\/","url":"https:\/\/canfali.com\/app\/uploads\/2025\/12\/canfali_marina_alta_logo.png","contentUrl":"https:\/\/canfali.com\/app\/uploads\/2025\/12\/canfali_marina_alta_logo.png","width":225,"height":225,"caption":"Canfali"},"image":{"@id":"https:\/\/canfali.com\/ca-es\/#\/schema\/logo\/image\/"},"sameAs":["https:\/\/es-es.facebook.com\/CANFALIMarinaAlta","https:\/\/x.com\/canfalima","https:\/\/www.instagram.com\/canfalimarinaalta\/"]},{"@type":"Person","@id":"https:\/\/canfali.com\/ca-es\/#\/schema\/person\/f540a86fb33e10daaae53c59ceaa1194","name":"Lluis","image":{"@type":"ImageObject","inLanguage":"va-ES","@id":"https:\/\/secure.gravatar.com\/avatar\/a21ec8835290e4e02ed0886b8cb327d807d0eb6ec8ccf25d4c2a0a415f506c0d?s=96&d=mm&r=g","url":"https:\/\/secure.gravatar.com\/avatar\/a21ec8835290e4e02ed0886b8cb327d807d0eb6ec8ccf25d4c2a0a415f506c0d?s=96&d=mm&r=g","contentUrl":"https:\/\/secure.gravatar.com\/avatar\/a21ec8835290e4e02ed0886b8cb327d807d0eb6ec8ccf25d4c2a0a415f506c0d?s=96&d=mm&r=g","caption":"Lluis"},"url":"https:\/\/canfali.com\/ca-es\/author\/lluis\/"}]}},"_links":{"self":[{"href":"https:\/\/canfali.com\/ca-es\/wp-json\/wp\/v2\/posts\/91341","targetHints":{"allow":["GET"]}}],"collection":[{"href":"https:\/\/canfali.com\/ca-es\/wp-json\/wp\/v2\/posts"}],"about":[{"href":"https:\/\/canfali.com\/ca-es\/wp-json\/wp\/v2\/types\/post"}],"author":[{"embeddable":true,"href":"https:\/\/canfali.com\/ca-es\/wp-json\/wp\/v2\/users\/8"}],"replies":[{"embeddable":true,"href":"https:\/\/canfali.com\/ca-es\/wp-json\/wp\/v2\/comments?post=91341"}],"version-history":[{"count":1,"href":"https:\/\/canfali.com\/ca-es\/wp-json\/wp\/v2\/posts\/91341\/revisions"}],"predecessor-version":[{"id":91342,"href":"https:\/\/canfali.com\/ca-es\/wp-json\/wp\/v2\/posts\/91341\/revisions\/91342"}],"wp:featuredmedia":[{"embeddable":true,"href":"https:\/\/canfali.com\/ca-es\/wp-json\/wp\/v2\/media\/91329"}],"wp:attachment":[{"href":"https:\/\/canfali.com\/ca-es\/wp-json\/wp\/v2\/media?parent=91341"}],"wp:term":[{"taxonomy":"category","embeddable":true,"href":"https:\/\/canfali.com\/ca-es\/wp-json\/wp\/v2\/categories?post=91341"},{"taxonomy":"post_tag","embeddable":true,"href":"https:\/\/canfali.com\/ca-es\/wp-json\/wp\/v2\/tags?post=91341"}],"curies":[{"name":"wp","href":"https:\/\/api.w.org\/{rel}","templated":true}]}}