{"id":91318,"date":"2026-03-16T09:05:04","date_gmt":"2026-03-16T08:05:04","guid":{"rendered":"https:\/\/canfali.com\/jose-luis-gaya-400-partits-amb-el-valencia-cf\/"},"modified":"2026-03-16T09:06:38","modified_gmt":"2026-03-16T08:06:38","slug":"jose-luis-gaya-400-partits-amb-el-valencia-cf","status":"publish","type":"post","link":"https:\/\/canfali.com\/ca-es\/jose-luis-gaya-400-partits-amb-el-valencia-cf\/","title":{"rendered":"Jos\u00e9 Luis Gay\u00e0, 400 partits amb el Valencia CF"},"content":{"rendered":"\n<p>El futbolista de Pedreguer i capit\u00e0 del Valencia CF, Jos\u00e9 Luis Gay\u00e0, continua ampliant la seua empremta en la hist\u00f2ria del club. El lateral ha arribat en esta jornada als 400 partits oficials amb la samarreta valencianista, una xifra que li permet igualar la llegenda del club Enrique Saura en nombre d\u2019encontres disputats.&#13;\n<\/p>\n\n<p>La traject\u00f2ria de Gay\u00e0 en el conjunt de Mestalla va comen\u00e7ar molt prompte. Va arribar a l\u2019Acad\u00e8mia VCF amb nom\u00e9s 11 anys i, des d\u2019aleshores, la seua progressi\u00f3 ha sigut constant gr\u00e0cies a la seua qualitat, treball i comprom\u00eds amb el club. Amb el pas de les temporades es va consolidar com un dels jugadors m\u00e9s importants del filial valencianista, el VCF Mestalla, abans de fer el salt definitiu al primer equip.&#13;\n<\/p>\n\n<p>La traject\u00f2ria de Gay\u00e0 en el conjunt de Mestalla va comen\u00e7ar molt prompte. Va arribar a l\u2019Acad\u00e8mia VCF amb nom\u00e9s 11 anys i, des d\u2019aleshores, la seua progressi\u00f3 ha sigut constant gr\u00e0cies a la seua qualitat, treball i comprom\u00eds amb el club. Amb el pas de les temporades es va consolidar com un dels jugadors m\u00e9s importants del filial valencianista, el VCF Mestalla, abans de fer el salt definitiu al primer equip.&#13;\n<\/p>\n\n<p>Entre les seues fites m\u00e9s destacades tamb\u00e9 es troba haver sigut el segon jugador m\u00e9s jove en la hist\u00f2ria del club a arribar als 350 partits oficials, amb 28 anys i 289 dies. Nom\u00e9s ho va aconseguir abans que ell un altre hist\u00f2ric del Valencia, Fernando G\u00f3mez Colomer.&#13;\n<\/p>\n\n<p>Amb els 400 partits ja assolits, Gay\u00e0 t\u00e9 ara per davant nous objectius en la classificaci\u00f3 hist\u00f2rica de futbolistes amb m\u00e9s encontres disputats amb el Valencia CF. En la llista de llegendes del club figuren noms il\u00b7lustres com Santiago Ca\u00f1izares (416), Manolo Mestre (424), Miguel \u00c1ngel Angulo (434), David Albelda (485), Ricardo Arias (521) i el mateix Fernando G\u00f3mez Colomer (553), el jugador amb m\u00e9s partits en la hist\u00f2ria del club.&#13;\n<\/p>\n\n<p>Amb nom\u00e9s 29 anys, el capit\u00e0 valencianista encara t\u00e9 marge per continuar escalant posicions i seguir ampliant el seu llegat en el Valencia CF.&#13;\n<\/p>\n","protected":false},"excerpt":{"rendered":"El futbolista de Pedreguer i capit\u00e0 del Valencia CF, Jos\u00e9 Luis Gay\u00e0, continua ampliant la seua empremta en&hellip;","protected":false},"author":8,"featured_media":91315,"comment_status":"closed","ping_status":"closed","sticky":false,"template":"","format":"standard","meta":{"csco_display_header_overlay":false,"csco_singular_sidebar":"","csco_page_header_type":"","csco_page_load_nextpost":"","csco_post_video_location":[],"csco_post_video_location_hash":"","csco_post_video_url":"","csco_post_video_bg_start_time":0,"csco_post_video_bg_end_time":0,"footnotes":""},"categories":[573,598,601],"tags":[],"class_list":{"0":"post-91318","1":"post","2":"type-post","3":"status-publish","4":"format-standard","5":"has-post-thumbnail","7":"category-deportes-2","8":"category-esports","9":"category-futbol-ca-es","10":"cs-entry","11":"cs-video-wrap"},"yoast_head":"<!-- This site is optimized with the Yoast SEO Premium plugin v26.6 (Yoast SEO v27.3) - https:\/\/yoast.com\/product\/yoast-seo-premium-wordpress\/ -->\n<title>Jos\u00e9 Luis Gay\u00e0, 400 partits amb el Valencia CF - Canfali<\/title>\n<meta name=\"description\" content=\"El futbolista de Pedreguer i capit\u00e0 del Valencia CF, Jos\u00e9 Luis Gay\u00e0, continua ampliant la seua empremta en la hist\u00f2ria del club.\" \/>\n<meta name=\"robots\" content=\"index, follow, max-snippet:-1, max-image-preview:large, max-video-preview:-1\" \/>\n<link rel=\"canonical\" href=\"https:\/\/canfali.com\/ca-es\/jose-luis-gaya-400-partits-amb-el-valencia-cf\/\" \/>\n<meta property=\"og:locale\" content=\"en_US\" \/>\n<meta property=\"og:type\" content=\"article\" \/>\n<meta property=\"og:title\" content=\"Jos\u00e9 Luis Gay\u00e0, 400 partits amb el Valencia CF\" \/>\n<meta property=\"og:description\" content=\"El futbolista de Pedreguer i capit\u00e0 del Valencia CF, Jos\u00e9 Luis Gay\u00e0, continua ampliant la seua empremta en la hist\u00f2ria del club.\" \/>\n<meta property=\"og:url\" content=\"https:\/\/canfali.com\/ca-es\/jose-luis-gaya-400-partits-amb-el-valencia-cf\/\" \/>\n<meta property=\"og:site_name\" content=\"Canfali\" \/>\n<meta property=\"article:publisher\" content=\"https:\/\/es-es.facebook.com\/CANFALIMarinaAlta\" \/>\n<meta property=\"article:published_time\" content=\"2026-03-16T08:05:04+00:00\" \/>\n<meta property=\"article:modified_time\" content=\"2026-03-16T08:06:38+00:00\" \/>\n<meta property=\"og:image\" content=\"https:\/\/canfali.com\/app\/uploads\/2026\/03\/9gaya3.jpg\" \/>\n\t<meta property=\"og:image:width\" content=\"2000\" \/>\n\t<meta property=\"og:image:height\" content=\"1125\" \/>\n\t<meta property=\"og:image:type\" content=\"image\/jpeg\" \/>\n<meta name=\"author\" content=\"Lluis\" \/>\n<meta name=\"twitter:card\" content=\"summary_large_image\" \/>\n<meta name=\"twitter:creator\" content=\"@canfalima\" \/>\n<meta name=\"twitter:site\" content=\"@canfalima\" \/>\n<meta name=\"twitter:label1\" content=\"Written by\" \/>\n\t<meta name=\"twitter:data1\" content=\"Lluis\" \/>\n\t<meta name=\"twitter:label2\" content=\"Est. reading time\" \/>\n\t<meta name=\"twitter:data2\" content=\"2 minutes\" \/>\n<script type=\"application\/ld+json\" class=\"yoast-schema-graph\">{\"@context\":\"https:\\\/\\\/schema.org\",\"@graph\":[{\"@type\":\"NewsArticle\",\"@id\":\"https:\\\/\\\/canfali.com\\\/ca-es\\\/jose-luis-gaya-400-partits-amb-el-valencia-cf\\\/#article\",\"isPartOf\":{\"@id\":\"https:\\\/\\\/canfali.com\\\/ca-es\\\/jose-luis-gaya-400-partits-amb-el-valencia-cf\\\/\"},\"author\":{\"name\":\"Lluis\",\"@id\":\"https:\\\/\\\/canfali.com\\\/ca-es\\\/#\\\/schema\\\/person\\\/f540a86fb33e10daaae53c59ceaa1194\"},\"headline\":\"Jos\u00e9 Luis Gay\u00e0, 400 partits amb el Valencia CF\",\"datePublished\":\"2026-03-16T08:05:04+00:00\",\"dateModified\":\"2026-03-16T08:06:38+00:00\",\"mainEntityOfPage\":{\"@id\":\"https:\\\/\\\/canfali.com\\\/ca-es\\\/jose-luis-gaya-400-partits-amb-el-valencia-cf\\\/\"},\"wordCount\":368,\"publisher\":{\"@id\":\"https:\\\/\\\/canfali.com\\\/ca-es\\\/#organization\"},\"image\":{\"@id\":\"https:\\\/\\\/canfali.com\\\/ca-es\\\/jose-luis-gaya-400-partits-amb-el-valencia-cf\\\/#primaryimage\"},\"thumbnailUrl\":\"https:\\\/\\\/canfali.com\\\/app\\\/uploads\\\/2026\\\/03\\\/9gaya3.jpg\",\"articleSection\":[\"Deportes\",\"Esports\",\"Futbol\"],\"inLanguage\":\"va-ES\",\"copyrightYear\":\"2026\",\"copyrightHolder\":{\"@id\":\"https:\\\/\\\/canfali.com\\\/#organization\"}},{\"@type\":\"WebPage\",\"@id\":\"https:\\\/\\\/canfali.com\\\/ca-es\\\/jose-luis-gaya-400-partits-amb-el-valencia-cf\\\/\",\"url\":\"https:\\\/\\\/canfali.com\\\/ca-es\\\/jose-luis-gaya-400-partits-amb-el-valencia-cf\\\/\",\"name\":\"Jos\u00e9 Luis Gay\u00e0, 400 partits amb el Valencia CF - Canfali\",\"isPartOf\":{\"@id\":\"https:\\\/\\\/canfali.com\\\/ca-es\\\/#website\"},\"primaryImageOfPage\":{\"@id\":\"https:\\\/\\\/canfali.com\\\/ca-es\\\/jose-luis-gaya-400-partits-amb-el-valencia-cf\\\/#primaryimage\"},\"image\":{\"@id\":\"https:\\\/\\\/canfali.com\\\/ca-es\\\/jose-luis-gaya-400-partits-amb-el-valencia-cf\\\/#primaryimage\"},\"thumbnailUrl\":\"https:\\\/\\\/canfali.com\\\/app\\\/uploads\\\/2026\\\/03\\\/9gaya3.jpg\",\"datePublished\":\"2026-03-16T08:05:04+00:00\",\"dateModified\":\"2026-03-16T08:06:38+00:00\",\"description\":\"El futbolista de Pedreguer i capit\u00e0 del Valencia CF, Jos\u00e9 Luis Gay\u00e0, continua ampliant la seua empremta en la hist\u00f2ria del club.\",\"breadcrumb\":{\"@id\":\"https:\\\/\\\/canfali.com\\\/ca-es\\\/jose-luis-gaya-400-partits-amb-el-valencia-cf\\\/#breadcrumb\"},\"inLanguage\":\"va-ES\",\"potentialAction\":[{\"@type\":\"ReadAction\",\"target\":[\"https:\\\/\\\/canfali.com\\\/ca-es\\\/jose-luis-gaya-400-partits-amb-el-valencia-cf\\\/\"]}]},{\"@type\":\"ImageObject\",\"inLanguage\":\"va-ES\",\"@id\":\"https:\\\/\\\/canfali.com\\\/ca-es\\\/jose-luis-gaya-400-partits-amb-el-valencia-cf\\\/#primaryimage\",\"url\":\"https:\\\/\\\/canfali.com\\\/app\\\/uploads\\\/2026\\\/03\\\/9gaya3.jpg\",\"contentUrl\":\"https:\\\/\\\/canfali.com\\\/app\\\/uploads\\\/2026\\\/03\\\/9gaya3.jpg\",\"width\":2000,\"height\":1125,\"caption\":\"GAYA ALEGRIA GESTO PARTIDO VCF - ALAVES 2025\\\/2026 LIGA\"},{\"@type\":\"BreadcrumbList\",\"@id\":\"https:\\\/\\\/canfali.com\\\/ca-es\\\/jose-luis-gaya-400-partits-amb-el-valencia-cf\\\/#breadcrumb\",\"itemListElement\":[{\"@type\":\"ListItem\",\"position\":1,\"name\":\"Portada\",\"item\":\"https:\\\/\\\/canfali.com\\\/ca-es\\\/\"},{\"@type\":\"ListItem\",\"position\":2,\"name\":\"Jos\u00e9 Luis Gay\u00e0, 400 partits amb el Valencia CF\"}]},{\"@type\":\"WebSite\",\"@id\":\"https:\\\/\\\/canfali.com\\\/ca-es\\\/#website\",\"url\":\"https:\\\/\\\/canfali.com\\\/ca-es\\\/\",\"name\":\"Canfali\",\"description\":\"\",\"publisher\":{\"@id\":\"https:\\\/\\\/canfali.com\\\/ca-es\\\/#organization\"},\"potentialAction\":[{\"@type\":\"SearchAction\",\"target\":{\"@type\":\"EntryPoint\",\"urlTemplate\":\"https:\\\/\\\/canfali.com\\\/ca-es\\\/?s={search_term_string}\"},\"query-input\":{\"@type\":\"PropertyValueSpecification\",\"valueRequired\":true,\"valueName\":\"search_term_string\"}}],\"inLanguage\":\"va-ES\"},{\"@type\":\"Organization\",\"@id\":\"https:\\\/\\\/canfali.com\\\/ca-es\\\/#organization\",\"name\":\"Canfali\",\"url\":\"https:\\\/\\\/canfali.com\\\/ca-es\\\/\",\"logo\":{\"@type\":\"ImageObject\",\"inLanguage\":\"va-ES\",\"@id\":\"https:\\\/\\\/canfali.com\\\/ca-es\\\/#\\\/schema\\\/logo\\\/image\\\/\",\"url\":\"https:\\\/\\\/canfali.com\\\/app\\\/uploads\\\/2025\\\/12\\\/canfali_marina_alta_logo.png\",\"contentUrl\":\"https:\\\/\\\/canfali.com\\\/app\\\/uploads\\\/2025\\\/12\\\/canfali_marina_alta_logo.png\",\"width\":225,\"height\":225,\"caption\":\"Canfali\"},\"image\":{\"@id\":\"https:\\\/\\\/canfali.com\\\/ca-es\\\/#\\\/schema\\\/logo\\\/image\\\/\"},\"sameAs\":[\"https:\\\/\\\/es-es.facebook.com\\\/CANFALIMarinaAlta\",\"https:\\\/\\\/x.com\\\/canfalima\",\"https:\\\/\\\/www.instagram.com\\\/canfalimarinaalta\\\/\"]},{\"@type\":\"Person\",\"@id\":\"https:\\\/\\\/canfali.com\\\/ca-es\\\/#\\\/schema\\\/person\\\/f540a86fb33e10daaae53c59ceaa1194\",\"name\":\"Lluis\",\"image\":{\"@type\":\"ImageObject\",\"inLanguage\":\"va-ES\",\"@id\":\"https:\\\/\\\/secure.gravatar.com\\\/avatar\\\/a21ec8835290e4e02ed0886b8cb327d807d0eb6ec8ccf25d4c2a0a415f506c0d?s=96&d=mm&r=g\",\"url\":\"https:\\\/\\\/secure.gravatar.com\\\/avatar\\\/a21ec8835290e4e02ed0886b8cb327d807d0eb6ec8ccf25d4c2a0a415f506c0d?s=96&d=mm&r=g\",\"contentUrl\":\"https:\\\/\\\/secure.gravatar.com\\\/avatar\\\/a21ec8835290e4e02ed0886b8cb327d807d0eb6ec8ccf25d4c2a0a415f506c0d?s=96&d=mm&r=g\",\"caption\":\"Lluis\"},\"url\":\"https:\\\/\\\/canfali.com\\\/ca-es\\\/author\\\/lluis\\\/\"}]}<\/script>\n<!-- \/ Yoast SEO Premium plugin. -->","yoast_head_json":{"title":"Jos\u00e9 Luis Gay\u00e0, 400 partits amb el Valencia CF - Canfali","description":"El futbolista de Pedreguer i capit\u00e0 del Valencia CF, Jos\u00e9 Luis Gay\u00e0, continua ampliant la seua empremta en la hist\u00f2ria del club.","robots":{"index":"index","follow":"follow","max-snippet":"max-snippet:-1","max-image-preview":"max-image-preview:large","max-video-preview":"max-video-preview:-1"},"canonical":"https:\/\/canfali.com\/ca-es\/jose-luis-gaya-400-partits-amb-el-valencia-cf\/","og_locale":"en_US","og_type":"article","og_title":"Jos\u00e9 Luis Gay\u00e0, 400 partits amb el Valencia CF","og_description":"El futbolista de Pedreguer i capit\u00e0 del Valencia CF, Jos\u00e9 Luis Gay\u00e0, continua ampliant la seua empremta en la hist\u00f2ria del club.","og_url":"https:\/\/canfali.com\/ca-es\/jose-luis-gaya-400-partits-amb-el-valencia-cf\/","og_site_name":"Canfali","article_publisher":"https:\/\/es-es.facebook.com\/CANFALIMarinaAlta","article_published_time":"2026-03-16T08:05:04+00:00","article_modified_time":"2026-03-16T08:06:38+00:00","og_image":[{"width":2000,"height":1125,"url":"https:\/\/canfali.com\/app\/uploads\/2026\/03\/9gaya3.jpg","type":"image\/jpeg"}],"author":"Lluis","twitter_card":"summary_large_image","twitter_creator":"@canfalima","twitter_site":"@canfalima","twitter_misc":{"Written by":"Lluis","Est. reading time":"2 minutes"},"schema":{"@context":"https:\/\/schema.org","@graph":[{"@type":"NewsArticle","@id":"https:\/\/canfali.com\/ca-es\/jose-luis-gaya-400-partits-amb-el-valencia-cf\/#article","isPartOf":{"@id":"https:\/\/canfali.com\/ca-es\/jose-luis-gaya-400-partits-amb-el-valencia-cf\/"},"author":{"name":"Lluis","@id":"https:\/\/canfali.com\/ca-es\/#\/schema\/person\/f540a86fb33e10daaae53c59ceaa1194"},"headline":"Jos\u00e9 Luis Gay\u00e0, 400 partits amb el Valencia CF","datePublished":"2026-03-16T08:05:04+00:00","dateModified":"2026-03-16T08:06:38+00:00","mainEntityOfPage":{"@id":"https:\/\/canfali.com\/ca-es\/jose-luis-gaya-400-partits-amb-el-valencia-cf\/"},"wordCount":368,"publisher":{"@id":"https:\/\/canfali.com\/ca-es\/#organization"},"image":{"@id":"https:\/\/canfali.com\/ca-es\/jose-luis-gaya-400-partits-amb-el-valencia-cf\/#primaryimage"},"thumbnailUrl":"https:\/\/canfali.com\/app\/uploads\/2026\/03\/9gaya3.jpg","articleSection":["Deportes","Esports","Futbol"],"inLanguage":"va-ES","copyrightYear":"2026","copyrightHolder":{"@id":"https:\/\/canfali.com\/#organization"}},{"@type":"WebPage","@id":"https:\/\/canfali.com\/ca-es\/jose-luis-gaya-400-partits-amb-el-valencia-cf\/","url":"https:\/\/canfali.com\/ca-es\/jose-luis-gaya-400-partits-amb-el-valencia-cf\/","name":"Jos\u00e9 Luis Gay\u00e0, 400 partits amb el Valencia CF - Canfali","isPartOf":{"@id":"https:\/\/canfali.com\/ca-es\/#website"},"primaryImageOfPage":{"@id":"https:\/\/canfali.com\/ca-es\/jose-luis-gaya-400-partits-amb-el-valencia-cf\/#primaryimage"},"image":{"@id":"https:\/\/canfali.com\/ca-es\/jose-luis-gaya-400-partits-amb-el-valencia-cf\/#primaryimage"},"thumbnailUrl":"https:\/\/canfali.com\/app\/uploads\/2026\/03\/9gaya3.jpg","datePublished":"2026-03-16T08:05:04+00:00","dateModified":"2026-03-16T08:06:38+00:00","description":"El futbolista de Pedreguer i capit\u00e0 del Valencia CF, Jos\u00e9 Luis Gay\u00e0, continua ampliant la seua empremta en la hist\u00f2ria del club.","breadcrumb":{"@id":"https:\/\/canfali.com\/ca-es\/jose-luis-gaya-400-partits-amb-el-valencia-cf\/#breadcrumb"},"inLanguage":"va-ES","potentialAction":[{"@type":"ReadAction","target":["https:\/\/canfali.com\/ca-es\/jose-luis-gaya-400-partits-amb-el-valencia-cf\/"]}]},{"@type":"ImageObject","inLanguage":"va-ES","@id":"https:\/\/canfali.com\/ca-es\/jose-luis-gaya-400-partits-amb-el-valencia-cf\/#primaryimage","url":"https:\/\/canfali.com\/app\/uploads\/2026\/03\/9gaya3.jpg","contentUrl":"https:\/\/canfali.com\/app\/uploads\/2026\/03\/9gaya3.jpg","width":2000,"height":1125,"caption":"GAYA ALEGRIA GESTO PARTIDO VCF - ALAVES 2025\/2026 LIGA"},{"@type":"BreadcrumbList","@id":"https:\/\/canfali.com\/ca-es\/jose-luis-gaya-400-partits-amb-el-valencia-cf\/#breadcrumb","itemListElement":[{"@type":"ListItem","position":1,"name":"Portada","item":"https:\/\/canfali.com\/ca-es\/"},{"@type":"ListItem","position":2,"name":"Jos\u00e9 Luis Gay\u00e0, 400 partits amb el Valencia CF"}]},{"@type":"WebSite","@id":"https:\/\/canfali.com\/ca-es\/#website","url":"https:\/\/canfali.com\/ca-es\/","name":"Canfali","description":"","publisher":{"@id":"https:\/\/canfali.com\/ca-es\/#organization"},"potentialAction":[{"@type":"SearchAction","target":{"@type":"EntryPoint","urlTemplate":"https:\/\/canfali.com\/ca-es\/?s={search_term_string}"},"query-input":{"@type":"PropertyValueSpecification","valueRequired":true,"valueName":"search_term_string"}}],"inLanguage":"va-ES"},{"@type":"Organization","@id":"https:\/\/canfali.com\/ca-es\/#organization","name":"Canfali","url":"https:\/\/canfali.com\/ca-es\/","logo":{"@type":"ImageObject","inLanguage":"va-ES","@id":"https:\/\/canfali.com\/ca-es\/#\/schema\/logo\/image\/","url":"https:\/\/canfali.com\/app\/uploads\/2025\/12\/canfali_marina_alta_logo.png","contentUrl":"https:\/\/canfali.com\/app\/uploads\/2025\/12\/canfali_marina_alta_logo.png","width":225,"height":225,"caption":"Canfali"},"image":{"@id":"https:\/\/canfali.com\/ca-es\/#\/schema\/logo\/image\/"},"sameAs":["https:\/\/es-es.facebook.com\/CANFALIMarinaAlta","https:\/\/x.com\/canfalima","https:\/\/www.instagram.com\/canfalimarinaalta\/"]},{"@type":"Person","@id":"https:\/\/canfali.com\/ca-es\/#\/schema\/person\/f540a86fb33e10daaae53c59ceaa1194","name":"Lluis","image":{"@type":"ImageObject","inLanguage":"va-ES","@id":"https:\/\/secure.gravatar.com\/avatar\/a21ec8835290e4e02ed0886b8cb327d807d0eb6ec8ccf25d4c2a0a415f506c0d?s=96&d=mm&r=g","url":"https:\/\/secure.gravatar.com\/avatar\/a21ec8835290e4e02ed0886b8cb327d807d0eb6ec8ccf25d4c2a0a415f506c0d?s=96&d=mm&r=g","contentUrl":"https:\/\/secure.gravatar.com\/avatar\/a21ec8835290e4e02ed0886b8cb327d807d0eb6ec8ccf25d4c2a0a415f506c0d?s=96&d=mm&r=g","caption":"Lluis"},"url":"https:\/\/canfali.com\/ca-es\/author\/lluis\/"}]}},"_links":{"self":[{"href":"https:\/\/canfali.com\/ca-es\/wp-json\/wp\/v2\/posts\/91318","targetHints":{"allow":["GET"]}}],"collection":[{"href":"https:\/\/canfali.com\/ca-es\/wp-json\/wp\/v2\/posts"}],"about":[{"href":"https:\/\/canfali.com\/ca-es\/wp-json\/wp\/v2\/types\/post"}],"author":[{"embeddable":true,"href":"https:\/\/canfali.com\/ca-es\/wp-json\/wp\/v2\/users\/8"}],"replies":[{"embeddable":true,"href":"https:\/\/canfali.com\/ca-es\/wp-json\/wp\/v2\/comments?post=91318"}],"version-history":[{"count":1,"href":"https:\/\/canfali.com\/ca-es\/wp-json\/wp\/v2\/posts\/91318\/revisions"}],"predecessor-version":[{"id":91319,"href":"https:\/\/canfali.com\/ca-es\/wp-json\/wp\/v2\/posts\/91318\/revisions\/91319"}],"wp:featuredmedia":[{"embeddable":true,"href":"https:\/\/canfali.com\/ca-es\/wp-json\/wp\/v2\/media\/91315"}],"wp:attachment":[{"href":"https:\/\/canfali.com\/ca-es\/wp-json\/wp\/v2\/media?parent=91318"}],"wp:term":[{"taxonomy":"category","embeddable":true,"href":"https:\/\/canfali.com\/ca-es\/wp-json\/wp\/v2\/categories?post=91318"},{"taxonomy":"post_tag","embeddable":true,"href":"https:\/\/canfali.com\/ca-es\/wp-json\/wp\/v2\/tags?post=91318"}],"curies":[{"name":"wp","href":"https:\/\/api.w.org\/{rel}","templated":true}]}}