{"id":91310,"date":"2026-03-16T08:17:31","date_gmt":"2026-03-16T07:17:31","guid":{"rendered":"https:\/\/canfali.com\/segona-ffcv-isaac-no-continua-amb-el-verger\/"},"modified":"2026-03-16T08:18:49","modified_gmt":"2026-03-16T07:18:49","slug":"segona-ffcv-isaac-no-continua-amb-el-verger","status":"publish","type":"post","link":"https:\/\/canfali.com\/ca-es\/segona-ffcv-isaac-no-continua-amb-el-verger\/","title":{"rendered":"Segona FFCV: Isaac no continua amb el Verger"},"content":{"rendered":"\n<p>El CEF El Verger ha anunciat el final de l\u2019etapa d\u2019Isaac i \u00c1ngel al capdavant del primer equip despr\u00e9s de diverses temporades dirigint la banqueta. La decisi\u00f3 arriba despr\u00e9s d\u2019una ratxa negativa de resultats que ha deixat el conjunt verger\u00ed en una situaci\u00f3 molt delicada en la classificaci\u00f3, despr\u00e9s d\u2019encadenar tres derrotes consecutives, dues d\u2019elles davant rivals directes en la lluita per la salvaci\u00f3 com el Real de Gandia i el Safor Gandia.&#13;\n<\/p>\n\n<p>Tots dos t\u00e8cnics han sigut una de les parelles d\u2019entrenadors amb major continu\u00eftat en la hist\u00f2ria recent del club i han estat al capdavant de l\u2019equip en un dels per\u00edodes m\u00e9s exitosos del CEF El Verger. Sota la seua direcci\u00f3, el conjunt va aconseguir la passada temporada l\u2019anhelat ascens, una fita molt celebrada per l\u2019entitat i la seua afici\u00f3.&#13;\n<\/p>\n\n<p>Des del club han volgut destacar p\u00fablicament el treball realitzat per Isaac i \u00c1ngel durant la seua etapa en l\u2019entitat, agraint la seua dedicaci\u00f3, comprom\u00eds i els \u00e8xits aconseguits al capdavant de l\u2019equip, aix\u00ed com la seua implicaci\u00f3 amb l\u2019afici\u00f3, els socis i els jugadors.&#13;\n<\/p>\n\n<p>De manera provisional, el CEF El Verger ha confiat la direcci\u00f3 del primer equip a Rub\u00e9n Gil \u201cGuar\u00ed\u201d, actual entrenador de l\u2019equip juvenil del club, qui es far\u00e0 c\u00e0rrec de la banqueta de manera transit\u00f2ria.&#13;\n<\/p>\n\n<p>La directiva del club ha volgut acomiadar-se dels ja exentrenadors desitjant-los el millor en els seus pr\u00f2xims reptes esportius i recordant el seu pas per l\u2019entitat amb gratitud pels serveis prestats.&#13;\n<\/p>\n","protected":false},"excerpt":{"rendered":"El CEF El Verger ha anunciat el final de l\u2019etapa d\u2019Isaac i \u00c1ngel al capdavant del primer equip&hellip;","protected":false},"author":8,"featured_media":91308,"comment_status":"closed","ping_status":"closed","sticky":false,"template":"","format":"standard","meta":{"csco_display_header_overlay":false,"csco_singular_sidebar":"","csco_page_header_type":"","csco_page_load_nextpost":"","csco_post_video_location":[],"csco_post_video_location_hash":"","csco_post_video_url":"","csco_post_video_bg_start_time":0,"csco_post_video_bg_end_time":0,"footnotes":""},"categories":[573,598,601],"tags":[],"class_list":{"0":"post-91310","1":"post","2":"type-post","3":"status-publish","4":"format-standard","5":"has-post-thumbnail","7":"category-deportes-2","8":"category-esports","9":"category-futbol-ca-es","10":"cs-entry","11":"cs-video-wrap"},"yoast_head":"<!-- This site is optimized with the Yoast SEO Premium plugin v26.6 (Yoast SEO v27.3) - https:\/\/yoast.com\/product\/yoast-seo-premium-wordpress\/ -->\n<title>Segona FFCV: Isaac no continua amb el Verger - Canfali<\/title>\n<meta name=\"description\" content=\"El CEF El Verger ha anunciat el final de l\u2019etapa d\u2019Isaac i \u00c1ngel al capdavant del primer equip despr\u00e9s de diverses temporade\" \/>\n<meta name=\"robots\" content=\"index, follow, max-snippet:-1, max-image-preview:large, max-video-preview:-1\" \/>\n<link rel=\"canonical\" href=\"https:\/\/canfali.com\/ca-es\/segona-ffcv-isaac-no-continua-amb-el-verger\/\" \/>\n<meta property=\"og:locale\" content=\"en_US\" \/>\n<meta property=\"og:type\" content=\"article\" \/>\n<meta property=\"og:title\" content=\"Segona FFCV: Isaac no continua amb el Verger\" \/>\n<meta property=\"og:description\" content=\"El CEF El Verger ha anunciat el final de l\u2019etapa d\u2019Isaac i \u00c1ngel al capdavant del primer equip despr\u00e9s de diverses temporade\" \/>\n<meta property=\"og:url\" content=\"https:\/\/canfali.com\/ca-es\/segona-ffcv-isaac-no-continua-amb-el-verger\/\" \/>\n<meta property=\"og:site_name\" content=\"Canfali\" \/>\n<meta property=\"article:publisher\" content=\"https:\/\/es-es.facebook.com\/CANFALIMarinaAlta\" \/>\n<meta property=\"article:published_time\" content=\"2026-03-16T07:17:31+00:00\" \/>\n<meta property=\"article:modified_time\" content=\"2026-03-16T07:18:49+00:00\" \/>\n<meta property=\"og:image\" content=\"https:\/\/canfali.com\/app\/uploads\/2026\/03\/5Q0A4079-scaled.jpg\" \/>\n\t<meta property=\"og:image:width\" content=\"2560\" \/>\n\t<meta property=\"og:image:height\" content=\"1707\" \/>\n\t<meta property=\"og:image:type\" content=\"image\/jpeg\" \/>\n<meta name=\"author\" content=\"Lluis\" \/>\n<meta name=\"twitter:card\" content=\"summary_large_image\" \/>\n<meta name=\"twitter:creator\" content=\"@canfalima\" \/>\n<meta name=\"twitter:site\" content=\"@canfalima\" \/>\n<meta name=\"twitter:label1\" content=\"Written by\" \/>\n\t<meta name=\"twitter:data1\" content=\"Lluis\" \/>\n\t<meta name=\"twitter:label2\" content=\"Est. reading time\" \/>\n\t<meta name=\"twitter:data2\" content=\"1 minute\" \/>\n<script type=\"application\/ld+json\" class=\"yoast-schema-graph\">{\"@context\":\"https:\\\/\\\/schema.org\",\"@graph\":[{\"@type\":\"NewsArticle\",\"@id\":\"https:\\\/\\\/canfali.com\\\/ca-es\\\/segona-ffcv-isaac-no-continua-amb-el-verger\\\/#article\",\"isPartOf\":{\"@id\":\"https:\\\/\\\/canfali.com\\\/ca-es\\\/segona-ffcv-isaac-no-continua-amb-el-verger\\\/\"},\"author\":{\"name\":\"Lluis\",\"@id\":\"https:\\\/\\\/canfali.com\\\/ca-es\\\/#\\\/schema\\\/person\\\/f540a86fb33e10daaae53c59ceaa1194\"},\"headline\":\"Segona FFCV: Isaac no continua amb el Verger\",\"datePublished\":\"2026-03-16T07:17:31+00:00\",\"dateModified\":\"2026-03-16T07:18:49+00:00\",\"mainEntityOfPage\":{\"@id\":\"https:\\\/\\\/canfali.com\\\/ca-es\\\/segona-ffcv-isaac-no-continua-amb-el-verger\\\/\"},\"wordCount\":279,\"publisher\":{\"@id\":\"https:\\\/\\\/canfali.com\\\/ca-es\\\/#organization\"},\"image\":{\"@id\":\"https:\\\/\\\/canfali.com\\\/ca-es\\\/segona-ffcv-isaac-no-continua-amb-el-verger\\\/#primaryimage\"},\"thumbnailUrl\":\"https:\\\/\\\/canfali.com\\\/app\\\/uploads\\\/2026\\\/03\\\/5Q0A4079-scaled.jpg\",\"articleSection\":[\"Deportes\",\"Esports\",\"Futbol\"],\"inLanguage\":\"va-ES\",\"copyrightYear\":\"2026\",\"copyrightHolder\":{\"@id\":\"https:\\\/\\\/canfali.com\\\/#organization\"}},{\"@type\":\"WebPage\",\"@id\":\"https:\\\/\\\/canfali.com\\\/ca-es\\\/segona-ffcv-isaac-no-continua-amb-el-verger\\\/\",\"url\":\"https:\\\/\\\/canfali.com\\\/ca-es\\\/segona-ffcv-isaac-no-continua-amb-el-verger\\\/\",\"name\":\"Segona FFCV: Isaac no continua amb el Verger - Canfali\",\"isPartOf\":{\"@id\":\"https:\\\/\\\/canfali.com\\\/ca-es\\\/#website\"},\"primaryImageOfPage\":{\"@id\":\"https:\\\/\\\/canfali.com\\\/ca-es\\\/segona-ffcv-isaac-no-continua-amb-el-verger\\\/#primaryimage\"},\"image\":{\"@id\":\"https:\\\/\\\/canfali.com\\\/ca-es\\\/segona-ffcv-isaac-no-continua-amb-el-verger\\\/#primaryimage\"},\"thumbnailUrl\":\"https:\\\/\\\/canfali.com\\\/app\\\/uploads\\\/2026\\\/03\\\/5Q0A4079-scaled.jpg\",\"datePublished\":\"2026-03-16T07:17:31+00:00\",\"dateModified\":\"2026-03-16T07:18:49+00:00\",\"description\":\"El CEF El Verger ha anunciat el final de l\u2019etapa d\u2019Isaac i \u00c1ngel al capdavant del primer equip despr\u00e9s de diverses temporade\",\"breadcrumb\":{\"@id\":\"https:\\\/\\\/canfali.com\\\/ca-es\\\/segona-ffcv-isaac-no-continua-amb-el-verger\\\/#breadcrumb\"},\"inLanguage\":\"va-ES\",\"potentialAction\":[{\"@type\":\"ReadAction\",\"target\":[\"https:\\\/\\\/canfali.com\\\/ca-es\\\/segona-ffcv-isaac-no-continua-amb-el-verger\\\/\"]}]},{\"@type\":\"ImageObject\",\"inLanguage\":\"va-ES\",\"@id\":\"https:\\\/\\\/canfali.com\\\/ca-es\\\/segona-ffcv-isaac-no-continua-amb-el-verger\\\/#primaryimage\",\"url\":\"https:\\\/\\\/canfali.com\\\/app\\\/uploads\\\/2026\\\/03\\\/5Q0A4079-scaled.jpg\",\"contentUrl\":\"https:\\\/\\\/canfali.com\\\/app\\\/uploads\\\/2026\\\/03\\\/5Q0A4079-scaled.jpg\",\"width\":2560,\"height\":1707},{\"@type\":\"BreadcrumbList\",\"@id\":\"https:\\\/\\\/canfali.com\\\/ca-es\\\/segona-ffcv-isaac-no-continua-amb-el-verger\\\/#breadcrumb\",\"itemListElement\":[{\"@type\":\"ListItem\",\"position\":1,\"name\":\"Portada\",\"item\":\"https:\\\/\\\/canfali.com\\\/ca-es\\\/\"},{\"@type\":\"ListItem\",\"position\":2,\"name\":\"Segona FFCV: Isaac no continua amb el Verger\"}]},{\"@type\":\"WebSite\",\"@id\":\"https:\\\/\\\/canfali.com\\\/ca-es\\\/#website\",\"url\":\"https:\\\/\\\/canfali.com\\\/ca-es\\\/\",\"name\":\"Canfali\",\"description\":\"\",\"publisher\":{\"@id\":\"https:\\\/\\\/canfali.com\\\/ca-es\\\/#organization\"},\"potentialAction\":[{\"@type\":\"SearchAction\",\"target\":{\"@type\":\"EntryPoint\",\"urlTemplate\":\"https:\\\/\\\/canfali.com\\\/ca-es\\\/?s={search_term_string}\"},\"query-input\":{\"@type\":\"PropertyValueSpecification\",\"valueRequired\":true,\"valueName\":\"search_term_string\"}}],\"inLanguage\":\"va-ES\"},{\"@type\":\"Organization\",\"@id\":\"https:\\\/\\\/canfali.com\\\/ca-es\\\/#organization\",\"name\":\"Canfali\",\"url\":\"https:\\\/\\\/canfali.com\\\/ca-es\\\/\",\"logo\":{\"@type\":\"ImageObject\",\"inLanguage\":\"va-ES\",\"@id\":\"https:\\\/\\\/canfali.com\\\/ca-es\\\/#\\\/schema\\\/logo\\\/image\\\/\",\"url\":\"https:\\\/\\\/canfali.com\\\/app\\\/uploads\\\/2025\\\/12\\\/canfali_marina_alta_logo.png\",\"contentUrl\":\"https:\\\/\\\/canfali.com\\\/app\\\/uploads\\\/2025\\\/12\\\/canfali_marina_alta_logo.png\",\"width\":225,\"height\":225,\"caption\":\"Canfali\"},\"image\":{\"@id\":\"https:\\\/\\\/canfali.com\\\/ca-es\\\/#\\\/schema\\\/logo\\\/image\\\/\"},\"sameAs\":[\"https:\\\/\\\/es-es.facebook.com\\\/CANFALIMarinaAlta\",\"https:\\\/\\\/x.com\\\/canfalima\",\"https:\\\/\\\/www.instagram.com\\\/canfalimarinaalta\\\/\"]},{\"@type\":\"Person\",\"@id\":\"https:\\\/\\\/canfali.com\\\/ca-es\\\/#\\\/schema\\\/person\\\/f540a86fb33e10daaae53c59ceaa1194\",\"name\":\"Lluis\",\"image\":{\"@type\":\"ImageObject\",\"inLanguage\":\"va-ES\",\"@id\":\"https:\\\/\\\/secure.gravatar.com\\\/avatar\\\/a21ec8835290e4e02ed0886b8cb327d807d0eb6ec8ccf25d4c2a0a415f506c0d?s=96&d=mm&r=g\",\"url\":\"https:\\\/\\\/secure.gravatar.com\\\/avatar\\\/a21ec8835290e4e02ed0886b8cb327d807d0eb6ec8ccf25d4c2a0a415f506c0d?s=96&d=mm&r=g\",\"contentUrl\":\"https:\\\/\\\/secure.gravatar.com\\\/avatar\\\/a21ec8835290e4e02ed0886b8cb327d807d0eb6ec8ccf25d4c2a0a415f506c0d?s=96&d=mm&r=g\",\"caption\":\"Lluis\"},\"url\":\"https:\\\/\\\/canfali.com\\\/ca-es\\\/author\\\/lluis\\\/\"}]}<\/script>\n<!-- \/ Yoast SEO Premium plugin. -->","yoast_head_json":{"title":"Segona FFCV: Isaac no continua amb el Verger - Canfali","description":"El CEF El Verger ha anunciat el final de l\u2019etapa d\u2019Isaac i \u00c1ngel al capdavant del primer equip despr\u00e9s de diverses temporade","robots":{"index":"index","follow":"follow","max-snippet":"max-snippet:-1","max-image-preview":"max-image-preview:large","max-video-preview":"max-video-preview:-1"},"canonical":"https:\/\/canfali.com\/ca-es\/segona-ffcv-isaac-no-continua-amb-el-verger\/","og_locale":"en_US","og_type":"article","og_title":"Segona FFCV: Isaac no continua amb el Verger","og_description":"El CEF El Verger ha anunciat el final de l\u2019etapa d\u2019Isaac i \u00c1ngel al capdavant del primer equip despr\u00e9s de diverses temporade","og_url":"https:\/\/canfali.com\/ca-es\/segona-ffcv-isaac-no-continua-amb-el-verger\/","og_site_name":"Canfali","article_publisher":"https:\/\/es-es.facebook.com\/CANFALIMarinaAlta","article_published_time":"2026-03-16T07:17:31+00:00","article_modified_time":"2026-03-16T07:18:49+00:00","og_image":[{"width":2560,"height":1707,"url":"https:\/\/canfali.com\/app\/uploads\/2026\/03\/5Q0A4079-scaled.jpg","type":"image\/jpeg"}],"author":"Lluis","twitter_card":"summary_large_image","twitter_creator":"@canfalima","twitter_site":"@canfalima","twitter_misc":{"Written by":"Lluis","Est. reading time":"1 minute"},"schema":{"@context":"https:\/\/schema.org","@graph":[{"@type":"NewsArticle","@id":"https:\/\/canfali.com\/ca-es\/segona-ffcv-isaac-no-continua-amb-el-verger\/#article","isPartOf":{"@id":"https:\/\/canfali.com\/ca-es\/segona-ffcv-isaac-no-continua-amb-el-verger\/"},"author":{"name":"Lluis","@id":"https:\/\/canfali.com\/ca-es\/#\/schema\/person\/f540a86fb33e10daaae53c59ceaa1194"},"headline":"Segona FFCV: Isaac no continua amb el Verger","datePublished":"2026-03-16T07:17:31+00:00","dateModified":"2026-03-16T07:18:49+00:00","mainEntityOfPage":{"@id":"https:\/\/canfali.com\/ca-es\/segona-ffcv-isaac-no-continua-amb-el-verger\/"},"wordCount":279,"publisher":{"@id":"https:\/\/canfali.com\/ca-es\/#organization"},"image":{"@id":"https:\/\/canfali.com\/ca-es\/segona-ffcv-isaac-no-continua-amb-el-verger\/#primaryimage"},"thumbnailUrl":"https:\/\/canfali.com\/app\/uploads\/2026\/03\/5Q0A4079-scaled.jpg","articleSection":["Deportes","Esports","Futbol"],"inLanguage":"va-ES","copyrightYear":"2026","copyrightHolder":{"@id":"https:\/\/canfali.com\/#organization"}},{"@type":"WebPage","@id":"https:\/\/canfali.com\/ca-es\/segona-ffcv-isaac-no-continua-amb-el-verger\/","url":"https:\/\/canfali.com\/ca-es\/segona-ffcv-isaac-no-continua-amb-el-verger\/","name":"Segona FFCV: Isaac no continua amb el Verger - Canfali","isPartOf":{"@id":"https:\/\/canfali.com\/ca-es\/#website"},"primaryImageOfPage":{"@id":"https:\/\/canfali.com\/ca-es\/segona-ffcv-isaac-no-continua-amb-el-verger\/#primaryimage"},"image":{"@id":"https:\/\/canfali.com\/ca-es\/segona-ffcv-isaac-no-continua-amb-el-verger\/#primaryimage"},"thumbnailUrl":"https:\/\/canfali.com\/app\/uploads\/2026\/03\/5Q0A4079-scaled.jpg","datePublished":"2026-03-16T07:17:31+00:00","dateModified":"2026-03-16T07:18:49+00:00","description":"El CEF El Verger ha anunciat el final de l\u2019etapa d\u2019Isaac i \u00c1ngel al capdavant del primer equip despr\u00e9s de diverses temporade","breadcrumb":{"@id":"https:\/\/canfali.com\/ca-es\/segona-ffcv-isaac-no-continua-amb-el-verger\/#breadcrumb"},"inLanguage":"va-ES","potentialAction":[{"@type":"ReadAction","target":["https:\/\/canfali.com\/ca-es\/segona-ffcv-isaac-no-continua-amb-el-verger\/"]}]},{"@type":"ImageObject","inLanguage":"va-ES","@id":"https:\/\/canfali.com\/ca-es\/segona-ffcv-isaac-no-continua-amb-el-verger\/#primaryimage","url":"https:\/\/canfali.com\/app\/uploads\/2026\/03\/5Q0A4079-scaled.jpg","contentUrl":"https:\/\/canfali.com\/app\/uploads\/2026\/03\/5Q0A4079-scaled.jpg","width":2560,"height":1707},{"@type":"BreadcrumbList","@id":"https:\/\/canfali.com\/ca-es\/segona-ffcv-isaac-no-continua-amb-el-verger\/#breadcrumb","itemListElement":[{"@type":"ListItem","position":1,"name":"Portada","item":"https:\/\/canfali.com\/ca-es\/"},{"@type":"ListItem","position":2,"name":"Segona FFCV: Isaac no continua amb el Verger"}]},{"@type":"WebSite","@id":"https:\/\/canfali.com\/ca-es\/#website","url":"https:\/\/canfali.com\/ca-es\/","name":"Canfali","description":"","publisher":{"@id":"https:\/\/canfali.com\/ca-es\/#organization"},"potentialAction":[{"@type":"SearchAction","target":{"@type":"EntryPoint","urlTemplate":"https:\/\/canfali.com\/ca-es\/?s={search_term_string}"},"query-input":{"@type":"PropertyValueSpecification","valueRequired":true,"valueName":"search_term_string"}}],"inLanguage":"va-ES"},{"@type":"Organization","@id":"https:\/\/canfali.com\/ca-es\/#organization","name":"Canfali","url":"https:\/\/canfali.com\/ca-es\/","logo":{"@type":"ImageObject","inLanguage":"va-ES","@id":"https:\/\/canfali.com\/ca-es\/#\/schema\/logo\/image\/","url":"https:\/\/canfali.com\/app\/uploads\/2025\/12\/canfali_marina_alta_logo.png","contentUrl":"https:\/\/canfali.com\/app\/uploads\/2025\/12\/canfali_marina_alta_logo.png","width":225,"height":225,"caption":"Canfali"},"image":{"@id":"https:\/\/canfali.com\/ca-es\/#\/schema\/logo\/image\/"},"sameAs":["https:\/\/es-es.facebook.com\/CANFALIMarinaAlta","https:\/\/x.com\/canfalima","https:\/\/www.instagram.com\/canfalimarinaalta\/"]},{"@type":"Person","@id":"https:\/\/canfali.com\/ca-es\/#\/schema\/person\/f540a86fb33e10daaae53c59ceaa1194","name":"Lluis","image":{"@type":"ImageObject","inLanguage":"va-ES","@id":"https:\/\/secure.gravatar.com\/avatar\/a21ec8835290e4e02ed0886b8cb327d807d0eb6ec8ccf25d4c2a0a415f506c0d?s=96&d=mm&r=g","url":"https:\/\/secure.gravatar.com\/avatar\/a21ec8835290e4e02ed0886b8cb327d807d0eb6ec8ccf25d4c2a0a415f506c0d?s=96&d=mm&r=g","contentUrl":"https:\/\/secure.gravatar.com\/avatar\/a21ec8835290e4e02ed0886b8cb327d807d0eb6ec8ccf25d4c2a0a415f506c0d?s=96&d=mm&r=g","caption":"Lluis"},"url":"https:\/\/canfali.com\/ca-es\/author\/lluis\/"}]}},"_links":{"self":[{"href":"https:\/\/canfali.com\/ca-es\/wp-json\/wp\/v2\/posts\/91310","targetHints":{"allow":["GET"]}}],"collection":[{"href":"https:\/\/canfali.com\/ca-es\/wp-json\/wp\/v2\/posts"}],"about":[{"href":"https:\/\/canfali.com\/ca-es\/wp-json\/wp\/v2\/types\/post"}],"author":[{"embeddable":true,"href":"https:\/\/canfali.com\/ca-es\/wp-json\/wp\/v2\/users\/8"}],"replies":[{"embeddable":true,"href":"https:\/\/canfali.com\/ca-es\/wp-json\/wp\/v2\/comments?post=91310"}],"version-history":[{"count":1,"href":"https:\/\/canfali.com\/ca-es\/wp-json\/wp\/v2\/posts\/91310\/revisions"}],"predecessor-version":[{"id":91311,"href":"https:\/\/canfali.com\/ca-es\/wp-json\/wp\/v2\/posts\/91310\/revisions\/91311"}],"wp:featuredmedia":[{"embeddable":true,"href":"https:\/\/canfali.com\/ca-es\/wp-json\/wp\/v2\/media\/91308"}],"wp:attachment":[{"href":"https:\/\/canfali.com\/ca-es\/wp-json\/wp\/v2\/media?parent=91310"}],"wp:term":[{"taxonomy":"category","embeddable":true,"href":"https:\/\/canfali.com\/ca-es\/wp-json\/wp\/v2\/categories?post=91310"},{"taxonomy":"post_tag","embeddable":true,"href":"https:\/\/canfali.com\/ca-es\/wp-json\/wp\/v2\/tags?post=91310"}],"curies":[{"name":"wp","href":"https:\/\/api.w.org\/{rel}","templated":true}]}}