{"id":91286,"date":"2026-03-15T15:08:42","date_gmt":"2026-03-15T14:08:42","guid":{"rendered":"https:\/\/canfali.com\/primera-ffcv-entropessada-del-denia\/"},"modified":"2026-03-15T15:10:35","modified_gmt":"2026-03-15T14:10:35","slug":"primera-ffcv-entropessada-del-denia","status":"publish","type":"post","link":"https:\/\/canfali.com\/ca-es\/primera-ffcv-entropessada-del-denia\/","title":{"rendered":"Primera FFCV: Entropessada del D\u00e9nia"},"content":{"rendered":"\n<p>El D\u00e9nia va patir una dura derrota per 3-1 en la seua visita a Llutxent en un encontre clau en la lluita per la part alta de la classificaci\u00f3 del Grup III de la Primera FFCV. El conjunt local va ser superior en l\u00ednies generals i va acabar emportant-se una vict\u00f2ria que fa caure l\u2019equip dianenc fins a la tercera posici\u00f3.&#13;\n<\/p>\n\n<p>Malgrat el resultat final, el D\u00e9nia va completar una primera part competitiva. Els visitants van aconseguir anar-se\u2019n al descans amb avantatge en el marcador despr\u00e9s d\u2019avan\u00e7ar-se 0-1 amb gol de Panucci, encara que el Llutxent ja havia donat senyals de perill amb diverses ocasions clares. En eixe tram del partit, el porter David es va convertir en una de les figures de l\u2019encontre en sostenir el seu equip amb diverses intervencions de m\u00e8rit.&#13;\n<\/p>\n\n<p>Despr\u00e9s del descans va canviar completament el gui\u00f3 del partit. El Llutxent va eixir amb una marxa m\u00e9s, apostant per un joc m\u00e9s directe i carregant de balons l\u2019\u00e0rea visitant. El D\u00e9nia no va aconseguir resistir eixe empenta inicial i, en tot just deu o quinze minuts, el conjunt local va remuntar l\u2019encontre amb tres gols que van deixar molt tocat el quadre dianenc.&#13;\n<\/p>\n\n<p>A partir d\u2019eixe moment, el D\u00e9nia no va aconseguir reaccionar ni generar ocasions clares en la segona part que li permeteren tornar a ficar-se en el partit. El marcador ja no es mouria i el Llutxent va certificar una vict\u00f2ria merescuda per la seua insist\u00e8ncia i domini en el tram decisiu.&#13;\n<\/p>\n\n<p>Despr\u00e9s d\u2019este entrebanc, el D\u00e9nia afronta ara un calendari exigent si vol mantindre\u2019s en la lluita pels llocs de promoci\u00f3. El pr\u00f2xim comprom\u00eds ser\u00e0 diumenge davant l\u2019Alc\u00fadia, un duel en qu\u00e8 els dianencs necessiten sumar els tres punts per a tornar a enganxar-se a la zona alta.&#13;\n<\/p>\n\n<p>Per la seua part, en este mateix grup el Pego va perdre 1-0 al camp de la Font d\u2019Encarr\u00f3s. El gol per als locals va arribar en el minut 81.&#13;\n<\/p>\n","protected":false},"excerpt":{"rendered":"El D\u00e9nia va patir una dura derrota per 3-1 en la seua visita a Llutxent en un encontre&hellip;","protected":false},"author":8,"featured_media":91284,"comment_status":"closed","ping_status":"closed","sticky":false,"template":"","format":"standard","meta":{"csco_display_header_overlay":false,"csco_singular_sidebar":"","csco_page_header_type":"","csco_page_load_nextpost":"","csco_post_video_location":[],"csco_post_video_location_hash":"","csco_post_video_url":"","csco_post_video_bg_start_time":0,"csco_post_video_bg_end_time":0,"footnotes":""},"categories":[573,598,601],"tags":[],"class_list":{"0":"post-91286","1":"post","2":"type-post","3":"status-publish","4":"format-standard","5":"has-post-thumbnail","7":"category-deportes-2","8":"category-esports","9":"category-futbol-ca-es","10":"cs-entry","11":"cs-video-wrap"},"yoast_head":"<!-- This site is optimized with the Yoast SEO Premium plugin v26.6 (Yoast SEO v27.3) - https:\/\/yoast.com\/product\/yoast-seo-premium-wordpress\/ -->\n<title>Primera FFCV: Entropessada del D\u00e9nia - Canfali<\/title>\n<meta name=\"description\" content=\"El D\u00e9nia va patir una dura derrota per 3-1 en la seua visita a Llutxent en un encontre clau en la lluita per la part alta de la classificaci\u00f3\" \/>\n<meta name=\"robots\" content=\"index, follow, max-snippet:-1, max-image-preview:large, max-video-preview:-1\" \/>\n<link rel=\"canonical\" href=\"https:\/\/canfali.com\/ca-es\/primera-ffcv-entropessada-del-denia\/\" \/>\n<meta property=\"og:locale\" content=\"en_US\" \/>\n<meta property=\"og:type\" content=\"article\" \/>\n<meta property=\"og:title\" content=\"Primera FFCV: Entropessada del D\u00e9nia\" \/>\n<meta property=\"og:description\" content=\"El D\u00e9nia va patir una dura derrota per 3-1 en la seua visita a Llutxent en un encontre clau en la lluita per la part alta de la classificaci\u00f3\" \/>\n<meta property=\"og:url\" content=\"https:\/\/canfali.com\/ca-es\/primera-ffcv-entropessada-del-denia\/\" \/>\n<meta property=\"og:site_name\" content=\"Canfali\" \/>\n<meta property=\"article:publisher\" content=\"https:\/\/es-es.facebook.com\/CANFALIMarinaAlta\" \/>\n<meta property=\"article:published_time\" content=\"2026-03-15T14:08:42+00:00\" \/>\n<meta property=\"article:modified_time\" content=\"2026-03-15T14:10:35+00:00\" \/>\n<meta property=\"og:image\" content=\"https:\/\/canfali.com\/app\/uploads\/2026\/03\/5Q0A9092-scaled.jpg\" \/>\n\t<meta property=\"og:image:width\" content=\"2560\" \/>\n\t<meta property=\"og:image:height\" content=\"1667\" \/>\n\t<meta property=\"og:image:type\" content=\"image\/jpeg\" \/>\n<meta name=\"author\" content=\"Lluis\" \/>\n<meta name=\"twitter:card\" content=\"summary_large_image\" \/>\n<meta name=\"twitter:creator\" content=\"@canfalima\" \/>\n<meta name=\"twitter:site\" content=\"@canfalima\" \/>\n<meta name=\"twitter:label1\" content=\"Written by\" \/>\n\t<meta name=\"twitter:data1\" content=\"Lluis\" \/>\n\t<meta name=\"twitter:label2\" content=\"Est. reading time\" \/>\n\t<meta name=\"twitter:data2\" content=\"2 minutes\" \/>\n<script type=\"application\/ld+json\" class=\"yoast-schema-graph\">{\"@context\":\"https:\\\/\\\/schema.org\",\"@graph\":[{\"@type\":\"NewsArticle\",\"@id\":\"https:\\\/\\\/canfali.com\\\/ca-es\\\/primera-ffcv-entropessada-del-denia\\\/#article\",\"isPartOf\":{\"@id\":\"https:\\\/\\\/canfali.com\\\/ca-es\\\/primera-ffcv-entropessada-del-denia\\\/\"},\"author\":{\"name\":\"Lluis\",\"@id\":\"https:\\\/\\\/canfali.com\\\/ca-es\\\/#\\\/schema\\\/person\\\/f540a86fb33e10daaae53c59ceaa1194\"},\"headline\":\"Primera FFCV: Entropessada del D\u00e9nia\",\"datePublished\":\"2026-03-15T14:08:42+00:00\",\"dateModified\":\"2026-03-15T14:10:35+00:00\",\"mainEntityOfPage\":{\"@id\":\"https:\\\/\\\/canfali.com\\\/ca-es\\\/primera-ffcv-entropessada-del-denia\\\/\"},\"wordCount\":362,\"publisher\":{\"@id\":\"https:\\\/\\\/canfali.com\\\/ca-es\\\/#organization\"},\"image\":{\"@id\":\"https:\\\/\\\/canfali.com\\\/ca-es\\\/primera-ffcv-entropessada-del-denia\\\/#primaryimage\"},\"thumbnailUrl\":\"https:\\\/\\\/canfali.com\\\/app\\\/uploads\\\/2026\\\/03\\\/5Q0A9092-scaled.jpg\",\"articleSection\":[\"Deportes\",\"Esports\",\"Futbol\"],\"inLanguage\":\"va-ES\",\"copyrightYear\":\"2026\",\"copyrightHolder\":{\"@id\":\"https:\\\/\\\/canfali.com\\\/#organization\"}},{\"@type\":\"WebPage\",\"@id\":\"https:\\\/\\\/canfali.com\\\/ca-es\\\/primera-ffcv-entropessada-del-denia\\\/\",\"url\":\"https:\\\/\\\/canfali.com\\\/ca-es\\\/primera-ffcv-entropessada-del-denia\\\/\",\"name\":\"Primera FFCV: Entropessada del D\u00e9nia - Canfali\",\"isPartOf\":{\"@id\":\"https:\\\/\\\/canfali.com\\\/ca-es\\\/#website\"},\"primaryImageOfPage\":{\"@id\":\"https:\\\/\\\/canfali.com\\\/ca-es\\\/primera-ffcv-entropessada-del-denia\\\/#primaryimage\"},\"image\":{\"@id\":\"https:\\\/\\\/canfali.com\\\/ca-es\\\/primera-ffcv-entropessada-del-denia\\\/#primaryimage\"},\"thumbnailUrl\":\"https:\\\/\\\/canfali.com\\\/app\\\/uploads\\\/2026\\\/03\\\/5Q0A9092-scaled.jpg\",\"datePublished\":\"2026-03-15T14:08:42+00:00\",\"dateModified\":\"2026-03-15T14:10:35+00:00\",\"description\":\"El D\u00e9nia va patir una dura derrota per 3-1 en la seua visita a Llutxent en un encontre clau en la lluita per la part alta de la classificaci\u00f3\",\"breadcrumb\":{\"@id\":\"https:\\\/\\\/canfali.com\\\/ca-es\\\/primera-ffcv-entropessada-del-denia\\\/#breadcrumb\"},\"inLanguage\":\"va-ES\",\"potentialAction\":[{\"@type\":\"ReadAction\",\"target\":[\"https:\\\/\\\/canfali.com\\\/ca-es\\\/primera-ffcv-entropessada-del-denia\\\/\"]}]},{\"@type\":\"ImageObject\",\"inLanguage\":\"va-ES\",\"@id\":\"https:\\\/\\\/canfali.com\\\/ca-es\\\/primera-ffcv-entropessada-del-denia\\\/#primaryimage\",\"url\":\"https:\\\/\\\/canfali.com\\\/app\\\/uploads\\\/2026\\\/03\\\/5Q0A9092-scaled.jpg\",\"contentUrl\":\"https:\\\/\\\/canfali.com\\\/app\\\/uploads\\\/2026\\\/03\\\/5Q0A9092-scaled.jpg\",\"width\":2560,\"height\":1667},{\"@type\":\"BreadcrumbList\",\"@id\":\"https:\\\/\\\/canfali.com\\\/ca-es\\\/primera-ffcv-entropessada-del-denia\\\/#breadcrumb\",\"itemListElement\":[{\"@type\":\"ListItem\",\"position\":1,\"name\":\"Portada\",\"item\":\"https:\\\/\\\/canfali.com\\\/ca-es\\\/\"},{\"@type\":\"ListItem\",\"position\":2,\"name\":\"Primera FFCV: Entropessada del D\u00e9nia\"}]},{\"@type\":\"WebSite\",\"@id\":\"https:\\\/\\\/canfali.com\\\/ca-es\\\/#website\",\"url\":\"https:\\\/\\\/canfali.com\\\/ca-es\\\/\",\"name\":\"Canfali\",\"description\":\"\",\"publisher\":{\"@id\":\"https:\\\/\\\/canfali.com\\\/ca-es\\\/#organization\"},\"potentialAction\":[{\"@type\":\"SearchAction\",\"target\":{\"@type\":\"EntryPoint\",\"urlTemplate\":\"https:\\\/\\\/canfali.com\\\/ca-es\\\/?s={search_term_string}\"},\"query-input\":{\"@type\":\"PropertyValueSpecification\",\"valueRequired\":true,\"valueName\":\"search_term_string\"}}],\"inLanguage\":\"va-ES\"},{\"@type\":\"Organization\",\"@id\":\"https:\\\/\\\/canfali.com\\\/ca-es\\\/#organization\",\"name\":\"Canfali\",\"url\":\"https:\\\/\\\/canfali.com\\\/ca-es\\\/\",\"logo\":{\"@type\":\"ImageObject\",\"inLanguage\":\"va-ES\",\"@id\":\"https:\\\/\\\/canfali.com\\\/ca-es\\\/#\\\/schema\\\/logo\\\/image\\\/\",\"url\":\"https:\\\/\\\/canfali.com\\\/app\\\/uploads\\\/2025\\\/12\\\/canfali_marina_alta_logo.png\",\"contentUrl\":\"https:\\\/\\\/canfali.com\\\/app\\\/uploads\\\/2025\\\/12\\\/canfali_marina_alta_logo.png\",\"width\":225,\"height\":225,\"caption\":\"Canfali\"},\"image\":{\"@id\":\"https:\\\/\\\/canfali.com\\\/ca-es\\\/#\\\/schema\\\/logo\\\/image\\\/\"},\"sameAs\":[\"https:\\\/\\\/es-es.facebook.com\\\/CANFALIMarinaAlta\",\"https:\\\/\\\/x.com\\\/canfalima\",\"https:\\\/\\\/www.instagram.com\\\/canfalimarinaalta\\\/\"]},{\"@type\":\"Person\",\"@id\":\"https:\\\/\\\/canfali.com\\\/ca-es\\\/#\\\/schema\\\/person\\\/f540a86fb33e10daaae53c59ceaa1194\",\"name\":\"Lluis\",\"image\":{\"@type\":\"ImageObject\",\"inLanguage\":\"va-ES\",\"@id\":\"https:\\\/\\\/secure.gravatar.com\\\/avatar\\\/a21ec8835290e4e02ed0886b8cb327d807d0eb6ec8ccf25d4c2a0a415f506c0d?s=96&d=mm&r=g\",\"url\":\"https:\\\/\\\/secure.gravatar.com\\\/avatar\\\/a21ec8835290e4e02ed0886b8cb327d807d0eb6ec8ccf25d4c2a0a415f506c0d?s=96&d=mm&r=g\",\"contentUrl\":\"https:\\\/\\\/secure.gravatar.com\\\/avatar\\\/a21ec8835290e4e02ed0886b8cb327d807d0eb6ec8ccf25d4c2a0a415f506c0d?s=96&d=mm&r=g\",\"caption\":\"Lluis\"},\"url\":\"https:\\\/\\\/canfali.com\\\/ca-es\\\/author\\\/lluis\\\/\"}]}<\/script>\n<!-- \/ Yoast SEO Premium plugin. -->","yoast_head_json":{"title":"Primera FFCV: Entropessada del D\u00e9nia - Canfali","description":"El D\u00e9nia va patir una dura derrota per 3-1 en la seua visita a Llutxent en un encontre clau en la lluita per la part alta de la classificaci\u00f3","robots":{"index":"index","follow":"follow","max-snippet":"max-snippet:-1","max-image-preview":"max-image-preview:large","max-video-preview":"max-video-preview:-1"},"canonical":"https:\/\/canfali.com\/ca-es\/primera-ffcv-entropessada-del-denia\/","og_locale":"en_US","og_type":"article","og_title":"Primera FFCV: Entropessada del D\u00e9nia","og_description":"El D\u00e9nia va patir una dura derrota per 3-1 en la seua visita a Llutxent en un encontre clau en la lluita per la part alta de la classificaci\u00f3","og_url":"https:\/\/canfali.com\/ca-es\/primera-ffcv-entropessada-del-denia\/","og_site_name":"Canfali","article_publisher":"https:\/\/es-es.facebook.com\/CANFALIMarinaAlta","article_published_time":"2026-03-15T14:08:42+00:00","article_modified_time":"2026-03-15T14:10:35+00:00","og_image":[{"width":2560,"height":1667,"url":"https:\/\/canfali.com\/app\/uploads\/2026\/03\/5Q0A9092-scaled.jpg","type":"image\/jpeg"}],"author":"Lluis","twitter_card":"summary_large_image","twitter_creator":"@canfalima","twitter_site":"@canfalima","twitter_misc":{"Written by":"Lluis","Est. reading time":"2 minutes"},"schema":{"@context":"https:\/\/schema.org","@graph":[{"@type":"NewsArticle","@id":"https:\/\/canfali.com\/ca-es\/primera-ffcv-entropessada-del-denia\/#article","isPartOf":{"@id":"https:\/\/canfali.com\/ca-es\/primera-ffcv-entropessada-del-denia\/"},"author":{"name":"Lluis","@id":"https:\/\/canfali.com\/ca-es\/#\/schema\/person\/f540a86fb33e10daaae53c59ceaa1194"},"headline":"Primera FFCV: Entropessada del D\u00e9nia","datePublished":"2026-03-15T14:08:42+00:00","dateModified":"2026-03-15T14:10:35+00:00","mainEntityOfPage":{"@id":"https:\/\/canfali.com\/ca-es\/primera-ffcv-entropessada-del-denia\/"},"wordCount":362,"publisher":{"@id":"https:\/\/canfali.com\/ca-es\/#organization"},"image":{"@id":"https:\/\/canfali.com\/ca-es\/primera-ffcv-entropessada-del-denia\/#primaryimage"},"thumbnailUrl":"https:\/\/canfali.com\/app\/uploads\/2026\/03\/5Q0A9092-scaled.jpg","articleSection":["Deportes","Esports","Futbol"],"inLanguage":"va-ES","copyrightYear":"2026","copyrightHolder":{"@id":"https:\/\/canfali.com\/#organization"}},{"@type":"WebPage","@id":"https:\/\/canfali.com\/ca-es\/primera-ffcv-entropessada-del-denia\/","url":"https:\/\/canfali.com\/ca-es\/primera-ffcv-entropessada-del-denia\/","name":"Primera FFCV: Entropessada del D\u00e9nia - Canfali","isPartOf":{"@id":"https:\/\/canfali.com\/ca-es\/#website"},"primaryImageOfPage":{"@id":"https:\/\/canfali.com\/ca-es\/primera-ffcv-entropessada-del-denia\/#primaryimage"},"image":{"@id":"https:\/\/canfali.com\/ca-es\/primera-ffcv-entropessada-del-denia\/#primaryimage"},"thumbnailUrl":"https:\/\/canfali.com\/app\/uploads\/2026\/03\/5Q0A9092-scaled.jpg","datePublished":"2026-03-15T14:08:42+00:00","dateModified":"2026-03-15T14:10:35+00:00","description":"El D\u00e9nia va patir una dura derrota per 3-1 en la seua visita a Llutxent en un encontre clau en la lluita per la part alta de la classificaci\u00f3","breadcrumb":{"@id":"https:\/\/canfali.com\/ca-es\/primera-ffcv-entropessada-del-denia\/#breadcrumb"},"inLanguage":"va-ES","potentialAction":[{"@type":"ReadAction","target":["https:\/\/canfali.com\/ca-es\/primera-ffcv-entropessada-del-denia\/"]}]},{"@type":"ImageObject","inLanguage":"va-ES","@id":"https:\/\/canfali.com\/ca-es\/primera-ffcv-entropessada-del-denia\/#primaryimage","url":"https:\/\/canfali.com\/app\/uploads\/2026\/03\/5Q0A9092-scaled.jpg","contentUrl":"https:\/\/canfali.com\/app\/uploads\/2026\/03\/5Q0A9092-scaled.jpg","width":2560,"height":1667},{"@type":"BreadcrumbList","@id":"https:\/\/canfali.com\/ca-es\/primera-ffcv-entropessada-del-denia\/#breadcrumb","itemListElement":[{"@type":"ListItem","position":1,"name":"Portada","item":"https:\/\/canfali.com\/ca-es\/"},{"@type":"ListItem","position":2,"name":"Primera FFCV: Entropessada del D\u00e9nia"}]},{"@type":"WebSite","@id":"https:\/\/canfali.com\/ca-es\/#website","url":"https:\/\/canfali.com\/ca-es\/","name":"Canfali","description":"","publisher":{"@id":"https:\/\/canfali.com\/ca-es\/#organization"},"potentialAction":[{"@type":"SearchAction","target":{"@type":"EntryPoint","urlTemplate":"https:\/\/canfali.com\/ca-es\/?s={search_term_string}"},"query-input":{"@type":"PropertyValueSpecification","valueRequired":true,"valueName":"search_term_string"}}],"inLanguage":"va-ES"},{"@type":"Organization","@id":"https:\/\/canfali.com\/ca-es\/#organization","name":"Canfali","url":"https:\/\/canfali.com\/ca-es\/","logo":{"@type":"ImageObject","inLanguage":"va-ES","@id":"https:\/\/canfali.com\/ca-es\/#\/schema\/logo\/image\/","url":"https:\/\/canfali.com\/app\/uploads\/2025\/12\/canfali_marina_alta_logo.png","contentUrl":"https:\/\/canfali.com\/app\/uploads\/2025\/12\/canfali_marina_alta_logo.png","width":225,"height":225,"caption":"Canfali"},"image":{"@id":"https:\/\/canfali.com\/ca-es\/#\/schema\/logo\/image\/"},"sameAs":["https:\/\/es-es.facebook.com\/CANFALIMarinaAlta","https:\/\/x.com\/canfalima","https:\/\/www.instagram.com\/canfalimarinaalta\/"]},{"@type":"Person","@id":"https:\/\/canfali.com\/ca-es\/#\/schema\/person\/f540a86fb33e10daaae53c59ceaa1194","name":"Lluis","image":{"@type":"ImageObject","inLanguage":"va-ES","@id":"https:\/\/secure.gravatar.com\/avatar\/a21ec8835290e4e02ed0886b8cb327d807d0eb6ec8ccf25d4c2a0a415f506c0d?s=96&d=mm&r=g","url":"https:\/\/secure.gravatar.com\/avatar\/a21ec8835290e4e02ed0886b8cb327d807d0eb6ec8ccf25d4c2a0a415f506c0d?s=96&d=mm&r=g","contentUrl":"https:\/\/secure.gravatar.com\/avatar\/a21ec8835290e4e02ed0886b8cb327d807d0eb6ec8ccf25d4c2a0a415f506c0d?s=96&d=mm&r=g","caption":"Lluis"},"url":"https:\/\/canfali.com\/ca-es\/author\/lluis\/"}]}},"_links":{"self":[{"href":"https:\/\/canfali.com\/ca-es\/wp-json\/wp\/v2\/posts\/91286","targetHints":{"allow":["GET"]}}],"collection":[{"href":"https:\/\/canfali.com\/ca-es\/wp-json\/wp\/v2\/posts"}],"about":[{"href":"https:\/\/canfali.com\/ca-es\/wp-json\/wp\/v2\/types\/post"}],"author":[{"embeddable":true,"href":"https:\/\/canfali.com\/ca-es\/wp-json\/wp\/v2\/users\/8"}],"replies":[{"embeddable":true,"href":"https:\/\/canfali.com\/ca-es\/wp-json\/wp\/v2\/comments?post=91286"}],"version-history":[{"count":1,"href":"https:\/\/canfali.com\/ca-es\/wp-json\/wp\/v2\/posts\/91286\/revisions"}],"predecessor-version":[{"id":91287,"href":"https:\/\/canfali.com\/ca-es\/wp-json\/wp\/v2\/posts\/91286\/revisions\/91287"}],"wp:featuredmedia":[{"embeddable":true,"href":"https:\/\/canfali.com\/ca-es\/wp-json\/wp\/v2\/media\/91284"}],"wp:attachment":[{"href":"https:\/\/canfali.com\/ca-es\/wp-json\/wp\/v2\/media?parent=91286"}],"wp:term":[{"taxonomy":"category","embeddable":true,"href":"https:\/\/canfali.com\/ca-es\/wp-json\/wp\/v2\/categories?post=91286"},{"taxonomy":"post_tag","embeddable":true,"href":"https:\/\/canfali.com\/ca-es\/wp-json\/wp\/v2\/tags?post=91286"}],"curies":[{"name":"wp","href":"https:\/\/api.w.org\/{rel}","templated":true}]}}