{"id":91279,"date":"2026-03-15T11:32:36","date_gmt":"2026-03-15T10:32:36","guid":{"rendered":"https:\/\/canfali.com\/les-falles-de-denia-extremen-la-seguretat-pel-fort-vent\/"},"modified":"2026-03-15T11:39:43","modified_gmt":"2026-03-15T10:39:43","slug":"les-falles-de-denia-extremen-la-seguretat-pel-fort-vent","status":"publish","type":"post","link":"https:\/\/canfali.com\/ca-es\/les-falles-de-denia-extremen-la-seguretat-pel-fort-vent\/","title":{"rendered":"Les falles de D\u00e9nia extremen la seguretat pel fort vent"},"content":{"rendered":"\n<p>L&#8217;Ajuntament de D\u00e9nia ha instat les comissions falleres a extremar les precaucions al voltant dels seus monuments davant la previsi\u00f3 de fortes ratxes de vent que podrien arribar als 80 km\/h al llarg de la jornada. L&#8217;av\u00eds em\u00e8s sol\u00b7licita als responsables de cada falla fer una revisi\u00f3 exhaustiva de l&#8217;estat de les estructures i garantir una perimetraci\u00f3 adequada que impedisca l&#8217;acc\u00e9s del p\u00fablic a les zones de risc. Aix\u00ed mateix, s&#8217;ha ordenat retirar o assegurar qualsevol element decoratiu o part de l&#8217;escenografia que siga susceptible de desprendre&#8217;s per la for\u00e7a del vent, mantenint una vigil\u00e0ncia constant mentre dure aquest episodi de temporal.&#13;\n&#13;\n<\/p>\n\n<p>Com a part del protocol de seguretat, efectius de la Policia Local de D\u00e9nia ja han comen\u00e7at a patrullar els diferents districtes per supervisar personalment l&#8217;estat dels monuments. Des de l&#8217;ajuntament es fa una crida a la col\u00b7laboraci\u00f3 ciutadana i es demana actuar amb la m\u00e0xima responsabilitat, evitant acostar-se excessivament a les falles si les condicions empitjoren, amb l&#8217;objectiu de garantir la seguretat de ve\u00efns i visitants en aquest inici de la setmana fallera.<\/p>\n","protected":false},"excerpt":{"rendered":"L&#8217;Ajuntament de D\u00e9nia ha instat les comissions falleres a extremar les precaucions al voltant dels seus monuments davant&hellip;","protected":false},"author":7,"featured_media":91277,"comment_status":"closed","ping_status":"closed","sticky":false,"template":"","format":"standard","meta":{"csco_display_header_overlay":false,"csco_singular_sidebar":"","csco_page_header_type":"","csco_page_load_nextpost":"","csco_post_video_location":[],"csco_post_video_location_hash":"","csco_post_video_url":"","csco_post_video_bg_start_time":0,"csco_post_video_bg_end_time":0,"footnotes":""},"categories":[587],"tags":[1289,2148,1567,5265],"class_list":{"0":"post-91279","1":"post","2":"type-post","3":"status-publish","4":"format-standard","5":"has-post-thumbnail","7":"category-festes","8":"tag-falles","9":"tag-policia-local-ca-es-2","10":"tag-seguretat","11":"tag-vent","12":"cs-entry","13":"cs-video-wrap"},"yoast_head":"<!-- This site is optimized with the Yoast SEO Premium plugin v26.6 (Yoast SEO v27.3) - https:\/\/yoast.com\/product\/yoast-seo-premium-wordpress\/ -->\n<title>Les falles de D\u00e9nia extremen la seguretat pel fort vent - Canfali<\/title>\n<meta name=\"robots\" content=\"index, follow, max-snippet:-1, max-image-preview:large, max-video-preview:-1\" \/>\n<link rel=\"canonical\" href=\"https:\/\/canfali.com\/ca-es\/les-falles-de-denia-extremen-la-seguretat-pel-fort-vent\/\" \/>\n<meta property=\"og:locale\" content=\"en_US\" \/>\n<meta property=\"og:type\" content=\"article\" \/>\n<meta property=\"og:title\" content=\"Les falles de D\u00e9nia extremen la seguretat pel fort vent\" \/>\n<meta property=\"og:description\" content=\"L&#8217;Ajuntament de D\u00e9nia ha instat les comissions falleres a extremar les precaucions al voltant dels seus monuments davant&hellip;\" \/>\n<meta property=\"og:url\" content=\"https:\/\/canfali.com\/ca-es\/les-falles-de-denia-extremen-la-seguretat-pel-fort-vent\/\" \/>\n<meta property=\"og:site_name\" content=\"Canfali\" \/>\n<meta property=\"article:publisher\" content=\"https:\/\/es-es.facebook.com\/CANFALIMarinaAlta\" \/>\n<meta property=\"article:published_time\" content=\"2026-03-15T10:32:36+00:00\" \/>\n<meta property=\"article:modified_time\" content=\"2026-03-15T10:39:43+00:00\" \/>\n<meta property=\"og:image\" content=\"https:\/\/canfali.com\/app\/uploads\/2026\/03\/05663483-25b9-475f-99b4-b246c0145a4f.jpg\" \/>\n\t<meta property=\"og:image:width\" content=\"1920\" \/>\n\t<meta property=\"og:image:height\" content=\"1080\" \/>\n\t<meta property=\"og:image:type\" content=\"image\/jpeg\" \/>\n<meta name=\"author\" content=\"Bolta\" \/>\n<meta name=\"twitter:card\" content=\"summary_large_image\" \/>\n<meta name=\"twitter:creator\" content=\"@canfalima\" \/>\n<meta name=\"twitter:site\" content=\"@canfalima\" \/>\n<meta name=\"twitter:label1\" content=\"Written by\" \/>\n\t<meta name=\"twitter:data1\" content=\"Bolta\" \/>\n\t<meta name=\"twitter:label2\" content=\"Est. reading time\" \/>\n\t<meta name=\"twitter:data2\" content=\"1 minute\" \/>\n<script type=\"application\/ld+json\" class=\"yoast-schema-graph\">{\"@context\":\"https:\\\/\\\/schema.org\",\"@graph\":[{\"@type\":\"NewsArticle\",\"@id\":\"https:\\\/\\\/canfali.com\\\/ca-es\\\/les-falles-de-denia-extremen-la-seguretat-pel-fort-vent\\\/#article\",\"isPartOf\":{\"@id\":\"https:\\\/\\\/canfali.com\\\/ca-es\\\/les-falles-de-denia-extremen-la-seguretat-pel-fort-vent\\\/\"},\"author\":{\"name\":\"Bolta\",\"@id\":\"https:\\\/\\\/canfali.com\\\/ca-es\\\/#\\\/schema\\\/person\\\/9c651adc904f3c4e0243f54407751557\"},\"headline\":\"Les falles de D\u00e9nia extremen la seguretat pel fort vent\",\"datePublished\":\"2026-03-15T10:32:36+00:00\",\"dateModified\":\"2026-03-15T10:39:43+00:00\",\"mainEntityOfPage\":{\"@id\":\"https:\\\/\\\/canfali.com\\\/ca-es\\\/les-falles-de-denia-extremen-la-seguretat-pel-fort-vent\\\/\"},\"wordCount\":210,\"publisher\":{\"@id\":\"https:\\\/\\\/canfali.com\\\/ca-es\\\/#organization\"},\"image\":{\"@id\":\"https:\\\/\\\/canfali.com\\\/ca-es\\\/les-falles-de-denia-extremen-la-seguretat-pel-fort-vent\\\/#primaryimage\"},\"thumbnailUrl\":\"https:\\\/\\\/canfali.com\\\/app\\\/uploads\\\/2026\\\/03\\\/05663483-25b9-475f-99b4-b246c0145a4f.jpg\",\"keywords\":[\"falles\",\"Policia Local\",\"seguretat\",\"vent\"],\"articleSection\":[\"Festes\"],\"inLanguage\":\"va-ES\",\"copyrightYear\":\"2026\",\"copyrightHolder\":{\"@id\":\"https:\\\/\\\/canfali.com\\\/#organization\"}},{\"@type\":\"WebPage\",\"@id\":\"https:\\\/\\\/canfali.com\\\/ca-es\\\/les-falles-de-denia-extremen-la-seguretat-pel-fort-vent\\\/\",\"url\":\"https:\\\/\\\/canfali.com\\\/ca-es\\\/les-falles-de-denia-extremen-la-seguretat-pel-fort-vent\\\/\",\"name\":\"Les falles de D\u00e9nia extremen la seguretat pel fort vent - Canfali\",\"isPartOf\":{\"@id\":\"https:\\\/\\\/canfali.com\\\/ca-es\\\/#website\"},\"primaryImageOfPage\":{\"@id\":\"https:\\\/\\\/canfali.com\\\/ca-es\\\/les-falles-de-denia-extremen-la-seguretat-pel-fort-vent\\\/#primaryimage\"},\"image\":{\"@id\":\"https:\\\/\\\/canfali.com\\\/ca-es\\\/les-falles-de-denia-extremen-la-seguretat-pel-fort-vent\\\/#primaryimage\"},\"thumbnailUrl\":\"https:\\\/\\\/canfali.com\\\/app\\\/uploads\\\/2026\\\/03\\\/05663483-25b9-475f-99b4-b246c0145a4f.jpg\",\"datePublished\":\"2026-03-15T10:32:36+00:00\",\"dateModified\":\"2026-03-15T10:39:43+00:00\",\"breadcrumb\":{\"@id\":\"https:\\\/\\\/canfali.com\\\/ca-es\\\/les-falles-de-denia-extremen-la-seguretat-pel-fort-vent\\\/#breadcrumb\"},\"inLanguage\":\"va-ES\",\"potentialAction\":[{\"@type\":\"ReadAction\",\"target\":[\"https:\\\/\\\/canfali.com\\\/ca-es\\\/les-falles-de-denia-extremen-la-seguretat-pel-fort-vent\\\/\"]}]},{\"@type\":\"ImageObject\",\"inLanguage\":\"va-ES\",\"@id\":\"https:\\\/\\\/canfali.com\\\/ca-es\\\/les-falles-de-denia-extremen-la-seguretat-pel-fort-vent\\\/#primaryimage\",\"url\":\"https:\\\/\\\/canfali.com\\\/app\\\/uploads\\\/2026\\\/03\\\/05663483-25b9-475f-99b4-b246c0145a4f.jpg\",\"contentUrl\":\"https:\\\/\\\/canfali.com\\\/app\\\/uploads\\\/2026\\\/03\\\/05663483-25b9-475f-99b4-b246c0145a4f.jpg\",\"width\":1920,\"height\":1080},{\"@type\":\"BreadcrumbList\",\"@id\":\"https:\\\/\\\/canfali.com\\\/ca-es\\\/les-falles-de-denia-extremen-la-seguretat-pel-fort-vent\\\/#breadcrumb\",\"itemListElement\":[{\"@type\":\"ListItem\",\"position\":1,\"name\":\"Portada\",\"item\":\"https:\\\/\\\/canfali.com\\\/ca-es\\\/\"},{\"@type\":\"ListItem\",\"position\":2,\"name\":\"Les falles de D\u00e9nia extremen la seguretat pel fort vent\"}]},{\"@type\":\"WebSite\",\"@id\":\"https:\\\/\\\/canfali.com\\\/ca-es\\\/#website\",\"url\":\"https:\\\/\\\/canfali.com\\\/ca-es\\\/\",\"name\":\"Canfali\",\"description\":\"\",\"publisher\":{\"@id\":\"https:\\\/\\\/canfali.com\\\/ca-es\\\/#organization\"},\"potentialAction\":[{\"@type\":\"SearchAction\",\"target\":{\"@type\":\"EntryPoint\",\"urlTemplate\":\"https:\\\/\\\/canfali.com\\\/ca-es\\\/?s={search_term_string}\"},\"query-input\":{\"@type\":\"PropertyValueSpecification\",\"valueRequired\":true,\"valueName\":\"search_term_string\"}}],\"inLanguage\":\"va-ES\"},{\"@type\":\"Organization\",\"@id\":\"https:\\\/\\\/canfali.com\\\/ca-es\\\/#organization\",\"name\":\"Canfali\",\"url\":\"https:\\\/\\\/canfali.com\\\/ca-es\\\/\",\"logo\":{\"@type\":\"ImageObject\",\"inLanguage\":\"va-ES\",\"@id\":\"https:\\\/\\\/canfali.com\\\/ca-es\\\/#\\\/schema\\\/logo\\\/image\\\/\",\"url\":\"https:\\\/\\\/canfali.com\\\/app\\\/uploads\\\/2025\\\/12\\\/canfali_marina_alta_logo.png\",\"contentUrl\":\"https:\\\/\\\/canfali.com\\\/app\\\/uploads\\\/2025\\\/12\\\/canfali_marina_alta_logo.png\",\"width\":225,\"height\":225,\"caption\":\"Canfali\"},\"image\":{\"@id\":\"https:\\\/\\\/canfali.com\\\/ca-es\\\/#\\\/schema\\\/logo\\\/image\\\/\"},\"sameAs\":[\"https:\\\/\\\/es-es.facebook.com\\\/CANFALIMarinaAlta\",\"https:\\\/\\\/x.com\\\/canfalima\",\"https:\\\/\\\/www.instagram.com\\\/canfalimarinaalta\\\/\"]},{\"@type\":\"Person\",\"@id\":\"https:\\\/\\\/canfali.com\\\/ca-es\\\/#\\\/schema\\\/person\\\/9c651adc904f3c4e0243f54407751557\",\"name\":\"Bolta\",\"image\":{\"@type\":\"ImageObject\",\"inLanguage\":\"va-ES\",\"@id\":\"https:\\\/\\\/secure.gravatar.com\\\/avatar\\\/550a5d97fe3cfba5caf077b9600e46529e1977e9d14396836e775d6d9d895a81?s=96&d=mm&r=g\",\"url\":\"https:\\\/\\\/secure.gravatar.com\\\/avatar\\\/550a5d97fe3cfba5caf077b9600e46529e1977e9d14396836e775d6d9d895a81?s=96&d=mm&r=g\",\"contentUrl\":\"https:\\\/\\\/secure.gravatar.com\\\/avatar\\\/550a5d97fe3cfba5caf077b9600e46529e1977e9d14396836e775d6d9d895a81?s=96&d=mm&r=g\",\"caption\":\"Bolta\"},\"url\":\"https:\\\/\\\/canfali.com\\\/ca-es\\\/author\\\/bolta\\\/\"}]}<\/script>\n<!-- \/ Yoast SEO Premium plugin. -->","yoast_head_json":{"title":"Les falles de D\u00e9nia extremen la seguretat pel fort vent - Canfali","robots":{"index":"index","follow":"follow","max-snippet":"max-snippet:-1","max-image-preview":"max-image-preview:large","max-video-preview":"max-video-preview:-1"},"canonical":"https:\/\/canfali.com\/ca-es\/les-falles-de-denia-extremen-la-seguretat-pel-fort-vent\/","og_locale":"en_US","og_type":"article","og_title":"Les falles de D\u00e9nia extremen la seguretat pel fort vent","og_description":"L&#8217;Ajuntament de D\u00e9nia ha instat les comissions falleres a extremar les precaucions al voltant dels seus monuments davant&hellip;","og_url":"https:\/\/canfali.com\/ca-es\/les-falles-de-denia-extremen-la-seguretat-pel-fort-vent\/","og_site_name":"Canfali","article_publisher":"https:\/\/es-es.facebook.com\/CANFALIMarinaAlta","article_published_time":"2026-03-15T10:32:36+00:00","article_modified_time":"2026-03-15T10:39:43+00:00","og_image":[{"width":1920,"height":1080,"url":"https:\/\/canfali.com\/app\/uploads\/2026\/03\/05663483-25b9-475f-99b4-b246c0145a4f.jpg","type":"image\/jpeg"}],"author":"Bolta","twitter_card":"summary_large_image","twitter_creator":"@canfalima","twitter_site":"@canfalima","twitter_misc":{"Written by":"Bolta","Est. reading time":"1 minute"},"schema":{"@context":"https:\/\/schema.org","@graph":[{"@type":"NewsArticle","@id":"https:\/\/canfali.com\/ca-es\/les-falles-de-denia-extremen-la-seguretat-pel-fort-vent\/#article","isPartOf":{"@id":"https:\/\/canfali.com\/ca-es\/les-falles-de-denia-extremen-la-seguretat-pel-fort-vent\/"},"author":{"name":"Bolta","@id":"https:\/\/canfali.com\/ca-es\/#\/schema\/person\/9c651adc904f3c4e0243f54407751557"},"headline":"Les falles de D\u00e9nia extremen la seguretat pel fort vent","datePublished":"2026-03-15T10:32:36+00:00","dateModified":"2026-03-15T10:39:43+00:00","mainEntityOfPage":{"@id":"https:\/\/canfali.com\/ca-es\/les-falles-de-denia-extremen-la-seguretat-pel-fort-vent\/"},"wordCount":210,"publisher":{"@id":"https:\/\/canfali.com\/ca-es\/#organization"},"image":{"@id":"https:\/\/canfali.com\/ca-es\/les-falles-de-denia-extremen-la-seguretat-pel-fort-vent\/#primaryimage"},"thumbnailUrl":"https:\/\/canfali.com\/app\/uploads\/2026\/03\/05663483-25b9-475f-99b4-b246c0145a4f.jpg","keywords":["falles","Policia Local","seguretat","vent"],"articleSection":["Festes"],"inLanguage":"va-ES","copyrightYear":"2026","copyrightHolder":{"@id":"https:\/\/canfali.com\/#organization"}},{"@type":"WebPage","@id":"https:\/\/canfali.com\/ca-es\/les-falles-de-denia-extremen-la-seguretat-pel-fort-vent\/","url":"https:\/\/canfali.com\/ca-es\/les-falles-de-denia-extremen-la-seguretat-pel-fort-vent\/","name":"Les falles de D\u00e9nia extremen la seguretat pel fort vent - Canfali","isPartOf":{"@id":"https:\/\/canfali.com\/ca-es\/#website"},"primaryImageOfPage":{"@id":"https:\/\/canfali.com\/ca-es\/les-falles-de-denia-extremen-la-seguretat-pel-fort-vent\/#primaryimage"},"image":{"@id":"https:\/\/canfali.com\/ca-es\/les-falles-de-denia-extremen-la-seguretat-pel-fort-vent\/#primaryimage"},"thumbnailUrl":"https:\/\/canfali.com\/app\/uploads\/2026\/03\/05663483-25b9-475f-99b4-b246c0145a4f.jpg","datePublished":"2026-03-15T10:32:36+00:00","dateModified":"2026-03-15T10:39:43+00:00","breadcrumb":{"@id":"https:\/\/canfali.com\/ca-es\/les-falles-de-denia-extremen-la-seguretat-pel-fort-vent\/#breadcrumb"},"inLanguage":"va-ES","potentialAction":[{"@type":"ReadAction","target":["https:\/\/canfali.com\/ca-es\/les-falles-de-denia-extremen-la-seguretat-pel-fort-vent\/"]}]},{"@type":"ImageObject","inLanguage":"va-ES","@id":"https:\/\/canfali.com\/ca-es\/les-falles-de-denia-extremen-la-seguretat-pel-fort-vent\/#primaryimage","url":"https:\/\/canfali.com\/app\/uploads\/2026\/03\/05663483-25b9-475f-99b4-b246c0145a4f.jpg","contentUrl":"https:\/\/canfali.com\/app\/uploads\/2026\/03\/05663483-25b9-475f-99b4-b246c0145a4f.jpg","width":1920,"height":1080},{"@type":"BreadcrumbList","@id":"https:\/\/canfali.com\/ca-es\/les-falles-de-denia-extremen-la-seguretat-pel-fort-vent\/#breadcrumb","itemListElement":[{"@type":"ListItem","position":1,"name":"Portada","item":"https:\/\/canfali.com\/ca-es\/"},{"@type":"ListItem","position":2,"name":"Les falles de D\u00e9nia extremen la seguretat pel fort vent"}]},{"@type":"WebSite","@id":"https:\/\/canfali.com\/ca-es\/#website","url":"https:\/\/canfali.com\/ca-es\/","name":"Canfali","description":"","publisher":{"@id":"https:\/\/canfali.com\/ca-es\/#organization"},"potentialAction":[{"@type":"SearchAction","target":{"@type":"EntryPoint","urlTemplate":"https:\/\/canfali.com\/ca-es\/?s={search_term_string}"},"query-input":{"@type":"PropertyValueSpecification","valueRequired":true,"valueName":"search_term_string"}}],"inLanguage":"va-ES"},{"@type":"Organization","@id":"https:\/\/canfali.com\/ca-es\/#organization","name":"Canfali","url":"https:\/\/canfali.com\/ca-es\/","logo":{"@type":"ImageObject","inLanguage":"va-ES","@id":"https:\/\/canfali.com\/ca-es\/#\/schema\/logo\/image\/","url":"https:\/\/canfali.com\/app\/uploads\/2025\/12\/canfali_marina_alta_logo.png","contentUrl":"https:\/\/canfali.com\/app\/uploads\/2025\/12\/canfali_marina_alta_logo.png","width":225,"height":225,"caption":"Canfali"},"image":{"@id":"https:\/\/canfali.com\/ca-es\/#\/schema\/logo\/image\/"},"sameAs":["https:\/\/es-es.facebook.com\/CANFALIMarinaAlta","https:\/\/x.com\/canfalima","https:\/\/www.instagram.com\/canfalimarinaalta\/"]},{"@type":"Person","@id":"https:\/\/canfali.com\/ca-es\/#\/schema\/person\/9c651adc904f3c4e0243f54407751557","name":"Bolta","image":{"@type":"ImageObject","inLanguage":"va-ES","@id":"https:\/\/secure.gravatar.com\/avatar\/550a5d97fe3cfba5caf077b9600e46529e1977e9d14396836e775d6d9d895a81?s=96&d=mm&r=g","url":"https:\/\/secure.gravatar.com\/avatar\/550a5d97fe3cfba5caf077b9600e46529e1977e9d14396836e775d6d9d895a81?s=96&d=mm&r=g","contentUrl":"https:\/\/secure.gravatar.com\/avatar\/550a5d97fe3cfba5caf077b9600e46529e1977e9d14396836e775d6d9d895a81?s=96&d=mm&r=g","caption":"Bolta"},"url":"https:\/\/canfali.com\/ca-es\/author\/bolta\/"}]}},"_links":{"self":[{"href":"https:\/\/canfali.com\/ca-es\/wp-json\/wp\/v2\/posts\/91279","targetHints":{"allow":["GET"]}}],"collection":[{"href":"https:\/\/canfali.com\/ca-es\/wp-json\/wp\/v2\/posts"}],"about":[{"href":"https:\/\/canfali.com\/ca-es\/wp-json\/wp\/v2\/types\/post"}],"author":[{"embeddable":true,"href":"https:\/\/canfali.com\/ca-es\/wp-json\/wp\/v2\/users\/7"}],"replies":[{"embeddable":true,"href":"https:\/\/canfali.com\/ca-es\/wp-json\/wp\/v2\/comments?post=91279"}],"version-history":[{"count":1,"href":"https:\/\/canfali.com\/ca-es\/wp-json\/wp\/v2\/posts\/91279\/revisions"}],"predecessor-version":[{"id":91280,"href":"https:\/\/canfali.com\/ca-es\/wp-json\/wp\/v2\/posts\/91279\/revisions\/91280"}],"wp:featuredmedia":[{"embeddable":true,"href":"https:\/\/canfali.com\/ca-es\/wp-json\/wp\/v2\/media\/91277"}],"wp:attachment":[{"href":"https:\/\/canfali.com\/ca-es\/wp-json\/wp\/v2\/media?parent=91279"}],"wp:term":[{"taxonomy":"category","embeddable":true,"href":"https:\/\/canfali.com\/ca-es\/wp-json\/wp\/v2\/categories?post=91279"},{"taxonomy":"post_tag","embeddable":true,"href":"https:\/\/canfali.com\/ca-es\/wp-json\/wp\/v2\/tags?post=91279"}],"curies":[{"name":"wp","href":"https:\/\/api.w.org\/{rel}","templated":true}]}}