{"id":91232,"date":"2026-03-13T23:28:32","date_gmt":"2026-03-13T22:28:32","guid":{"rendered":"https:\/\/canfali.com\/lalfas-del-pi-alca-el-telo-del-seu-any-cultural-2026\/"},"modified":"2026-03-13T23:30:21","modified_gmt":"2026-03-13T22:30:21","slug":"lalfas-del-pi-alca-el-telo-del-seu-any-cultural-2026","status":"publish","type":"post","link":"https:\/\/canfali.com\/ca-es\/lalfas-del-pi-alca-el-telo-del-seu-any-cultural-2026\/","title":{"rendered":"L\u2019Alf\u00e0s del Pi al\u00e7a el tel\u00f3 del seu Any Cultural 2026"},"content":{"rendered":"\n<p>El municipi de l\u2019Alf\u00e0s del Pi ha mostrat m\u00fascul cultural en la presentaci\u00f3 de l\u2019Any Cultural 2026, en un encontre celebrat a la Casa de Cultura i que ha reunit representants de diferents \u00e0mbits socials, culturals i associatius del municipi. L\u2019acte s\u2019ha celebrat en el marc de la Mostra de Teatre de l\u2019Alf\u00e0s del Pi, que enguany arriba a la seua 24a edici\u00f3 i que ha arrancat esta setmana amb el cicle dedicat al teatre amateur.&#13;\n<\/p>\n\n<figure class=\"wp-block-image size-large\"><img decoding=\"async\" src=\"https:\/\/canfali.com\/app\/uploads\/2026\/03\/8alfas1-1024x683.jpg.webp\" alt=\"\" class=\"wp-image-91149\"\/><\/figure>\n\n<p>Per a l\u2019ocasi\u00f3 es va preparar una proposta esc\u00e8nica molt especial i divertida a c\u00e0rrec del taller de teatre municipal que dirigeix Manuel Troncoso, que va presentar la performance \u201cLegado vivo\u201d, interpretada per Virginia Barba, Olga Reinoso, Mariano Gomis, Jos\u00e9 Gonz\u00e1lez, Julio Guti\u00e9rrez, Cristina Jim\u00e9nez, B\u00e1rbara Murciano, Toni Moya, Sonia Padilla, In\u00e9s Sequero i Rudy Tihelens.&#13;\n<\/p>\n\n<figure class=\"wp-block-image size-large\"><img decoding=\"async\" src=\"https:\/\/canfali.com\/app\/uploads\/2026\/03\/8alfas31-1024x683.jpg.webp\" alt=\"\" class=\"wp-image-91151\"\/><\/figure>\n\n<p>L\u2019obra es va dividir en tres parts. La primera, \u201cDescubriendo la historia\u201d, mostra un grup de turistes que recorre alguns dels espais m\u00e9s representatius del patrimoni cultural de la localitat. La segona, \u201cEl teatro y los teatros\u201d, reflexiona sobre la difer\u00e8ncia entre el teatre com a art esc\u00e8nica i els teatres com a edificis i centres d\u2019expressi\u00f3 amb vida pr\u00f2pia. Finalment, \u201cServicio a domicilio\u201d planteja una com\u00e8dia en clau humor\u00edstica sobre aquelles persones i sistemes que, d\u2019una manera o d\u2019una altra, regulen la vida quotidiana.&#13;\n<\/p>\n\n<figure class=\"wp-block-image size-large\"><img decoding=\"async\" src=\"https:\/\/canfali.com\/app\/uploads\/2026\/03\/8alfas32-1024x683.jpg.webp\" alt=\"\" class=\"wp-image-91153\"\/><\/figure>\n\n<p>El regidor de Cultura, Manuel Casado, va recordar durant la presentaci\u00f3 que el municipi compta actualment amb 12 festivals anuals i 14 espais culturals, una xarxa que situa la cultura com un dels eixos fonamentals de la vida local.&#13;\n<\/p>\n\n<figure class=\"wp-block-image size-large\"><img decoding=\"async\" src=\"https:\/\/canfali.com\/app\/uploads\/2026\/03\/8alfas34-1024x683.jpg.webp\" alt=\"\" class=\"wp-image-91155\"\/><\/figure>\n\n<p>A m\u00e9s, sis d\u2019estos espais celebren aniversaris destacats en 2026: les Escoles Velles de l\u2019Alf\u00e0s del Pi, que complixen 100 anys; la Casa de Cultura de l\u2019Alf\u00e0s del Pi, que el passat 2 de mar\u00e7 va celebrar el seu 35 aniversari; el Museu Vila Romana de l\u2019Albir; el Centre d\u2019Interpretaci\u00f3 Far de l\u2019Albir; el Centre Social Platja Albir, que arriba als 15 anys; i l\u2019espai cultural La Cantera de l\u2019Alf\u00e0s del Pi, que celebra el seu des\u00e9 aniversari.&#13;\n<\/p>\n\n<figure class=\"wp-block-image size-large\"><img decoding=\"async\" src=\"https:\/\/canfali.com\/app\/uploads\/2026\/03\/8alfas33-1024x683.jpg.webp\" alt=\"\" class=\"wp-image-91157\"\/><\/figure>\n\n<p>Amb motiu d\u2019estes efem\u00e8rides, l\u2019Ajuntament ha decidit dedicar tot 2026 a la Cultura, en maj\u00fascules, amb una programaci\u00f3 especial d\u2019activitats i projectes que es desenvolupar\u00e0 al llarg de l\u2019any.&#13;\n<\/p>\n\n<figure class=\"wp-block-image size-large\"><img decoding=\"async\" src=\"https:\/\/canfali.com\/app\/uploads\/2026\/03\/8alfas36-1024x683.jpg.webp\" alt=\"\" class=\"wp-image-91159\"\/><\/figure>\n\n<p>Casado va posar en valor les infraestructures culturals i l\u2019\u00e0mplia programaci\u00f3 que han situat l\u2019Alf\u00e0s del Pi com un referent cultural a la prov\u00edncia d\u2019Alacant. Segons va assenyalar, la diversitat de festivals, espais i propostes culturals no \u00e9s fruit de la casualitat, sin\u00f3 del treball continuat del govern municipal per refor\u00e7ar la vida cultural del municipi.&#13;\n<\/p>\n\n<figure class=\"wp-block-gallery has-nested-images columns-default is-cropped wp-block-gallery-15 is-layout-flex wp-block-gallery-is-layout-flex\">\n<figure class=\"wp-block-image size-large\"><img decoding=\"async\" data-id=\"91163\" src=\"https:\/\/canfali.com\/app\/uploads\/2026\/03\/8alfas38-1024x683.jpg.webp\" alt=\"\" class=\"wp-image-91163\"\/><\/figure>\n\n\n\n<figure class=\"wp-block-image size-large\"><img decoding=\"async\" data-id=\"91161\" src=\"https:\/\/canfali.com\/app\/uploads\/2026\/03\/8alfas39-1024x683.jpg.webp\" alt=\"\" class=\"wp-image-91161\"\/><\/figure>\n<\/figure>\n\n<p>Per la seua banda, l\u2019alcaldessa en funcions, Mayte Garc\u00eda, va intervenir en el tancament per a subratllar el paper de la cultura com a eina de transformaci\u00f3 social i com a element central de la identitat local.&#13;\n<\/p>\n\n<figure class=\"wp-block-image size-large\"><img decoding=\"async\" src=\"https:\/\/canfali.com\/app\/uploads\/2026\/03\/8alfas40-1024x683.jpg.webp\" alt=\"\" class=\"wp-image-91165\"\/><\/figure>\n\n<p>\u201cGr\u00e0cies a esta aposta, hui l\u2019Alf\u00e0s del Pi \u00e9s un municipi on la cultura forma part de la vida quotidiana, on el teatre ompli sales, on el cinema projecta talent, on la dansa, el jazz o la m\u00fasica coral troben el seu espai\u201d, va assenyalar.&#13;\n<\/p>\n\n<figure class=\"wp-block-image size-large\"><img decoding=\"async\" src=\"https:\/\/canfali.com\/app\/uploads\/2026\/03\/8alfas45-1024x575.jpg.webp\" alt=\"\" class=\"wp-image-91167\"\/><\/figure>\n\n<p>La regidora va voler a m\u00e9s agrair el treball de les associacions culturals, col\u00b7lectius, professionals i artistes que donen vida a la programaci\u00f3 cultural del municipi, aix\u00ed com la implicaci\u00f3 del p\u00fablic que ompli els diferents espais culturals.&#13;\n<\/p>\n\n<figure class=\"wp-block-gallery has-nested-images columns-default is-cropped wp-block-gallery-16 is-layout-flex wp-block-gallery-is-layout-flex\">\n<figure class=\"wp-block-image size-large\"><img decoding=\"async\" data-id=\"91169\" src=\"https:\/\/canfali.com\/app\/uploads\/2026\/03\/8alfas29-683x1024.jpg.webp\" alt=\"\" class=\"wp-image-91169\"\/><\/figure>\n\n\n\n<figure class=\"wp-block-image size-large\"><img decoding=\"async\" data-id=\"91171\" src=\"https:\/\/canfali.com\/app\/uploads\/2026\/03\/8alfas42-683x1024.jpg.webp\" alt=\"\" class=\"wp-image-91171\"\/><\/figure>\n<\/figure>\n\n<p>\u201cL\u2019Any Cultural 2026 \u00e9s un moment per a recon\u00e9ixer l\u2019esfor\u00e7 col\u00b7lectiu que es fa des de l\u2019Alf\u00e0s del Pi. Celebrem aniversaris importants, per\u00f2 tamb\u00e9 la maduresa d\u2019un model que ens defineix i ens enorgullix\u201d, va concloure, animant ve\u00efns i visitants a continuar participant en la vida cultural del municipi i a fer de la localitat \u201cun lloc on la cultura mai baixe el tel\u00f3\u201d.&#13;\n<\/p>\n\n<figure class=\"wp-block-gallery has-nested-images columns-2 is-cropped wp-block-gallery-17 is-layout-flex wp-block-gallery-is-layout-flex\">\n<figure class=\"wp-block-image size-large\"><img decoding=\"async\" data-id=\"91191\" src=\"https:\/\/canfali.com\/app\/uploads\/2026\/03\/8alfas2-1024x683.jpg.webp\" alt=\"\" class=\"wp-image-91191\"\/><\/figure>\n\n\n\n<figure class=\"wp-block-image size-large\"><img decoding=\"async\" data-id=\"91174\" src=\"https:\/\/canfali.com\/app\/uploads\/2026\/03\/8alfas3-1024x683.jpg.webp\" alt=\"\" class=\"wp-image-91174\"\/><\/figure>\n\n\n\n<figure class=\"wp-block-image size-large\"><img decoding=\"async\" data-id=\"91197\" src=\"https:\/\/canfali.com\/app\/uploads\/2026\/03\/8alfas4-1024x683.jpg.webp\" alt=\"\" class=\"wp-image-91197\"\/><\/figure>\n\n\n\n<figure class=\"wp-block-image size-large\"><img decoding=\"async\" data-id=\"91183\" src=\"https:\/\/canfali.com\/app\/uploads\/2026\/03\/8alfas5-1024x683.jpg.webp\" alt=\"\" class=\"wp-image-91183\"\/><\/figure>\n\n\n\n<figure class=\"wp-block-image size-large\"><img decoding=\"async\" data-id=\"91185\" src=\"https:\/\/canfali.com\/app\/uploads\/2026\/03\/8alfas6-1024x683.jpg.webp\" alt=\"\" class=\"wp-image-91185\"\/><\/figure>\n\n\n\n<figure class=\"wp-block-image size-large\"><img decoding=\"async\" data-id=\"91195\" src=\"https:\/\/canfali.com\/app\/uploads\/2026\/03\/8alfas7-1024x683.jpg.webp\" alt=\"\" class=\"wp-image-91195\"\/><\/figure>\n\n\n\n<figure class=\"wp-block-image size-large\"><img decoding=\"async\" data-id=\"91201\" src=\"https:\/\/canfali.com\/app\/uploads\/2026\/03\/8alfas8-1024x683.jpg.webp\" alt=\"\" class=\"wp-image-91201\"\/><\/figure>\n\n\n\n<figure class=\"wp-block-image size-large\"><img decoding=\"async\" data-id=\"91199\" src=\"https:\/\/canfali.com\/app\/uploads\/2026\/03\/8alfas9-1024x683.jpg.webp\" alt=\"\" class=\"wp-image-91199\"\/><\/figure>\n\n\n\n<figure class=\"wp-block-image size-large\"><img decoding=\"async\" data-id=\"91189\" src=\"https:\/\/canfali.com\/app\/uploads\/2026\/03\/8alfas10-1024x683.jpg.webp\" alt=\"\" class=\"wp-image-91189\"\/><\/figure>\n\n\n\n<figure class=\"wp-block-image size-large\"><img decoding=\"async\" data-id=\"91204\" src=\"https:\/\/canfali.com\/app\/uploads\/2026\/03\/8alfas11-1024x683.jpg.webp\" alt=\"\" class=\"wp-image-91204\"\/><\/figure>\n\n\n\n<figure class=\"wp-block-image size-large\"><img decoding=\"async\" data-id=\"91177\" src=\"https:\/\/canfali.com\/app\/uploads\/2026\/03\/8alfas12-1024x683.jpg.webp\" alt=\"\" class=\"wp-image-91177\"\/><\/figure>\n\n\n\n<figure class=\"wp-block-image size-large\"><img decoding=\"async\" data-id=\"91219\" src=\"https:\/\/canfali.com\/app\/uploads\/2026\/03\/8alfas13-1024x683.jpg.webp\" alt=\"\" class=\"wp-image-91219\"\/><\/figure>\n\n\n\n<figure class=\"wp-block-image size-large\"><img decoding=\"async\" data-id=\"91215\" src=\"https:\/\/canfali.com\/app\/uploads\/2026\/03\/8alfas14-1024x683.jpg.webp\" alt=\"\" class=\"wp-image-91215\"\/><\/figure>\n\n\n\n<figure class=\"wp-block-image size-large\"><img decoding=\"async\" data-id=\"91207\" src=\"https:\/\/canfali.com\/app\/uploads\/2026\/03\/8alfas15-1024x683.jpg.webp\" alt=\"\" class=\"wp-image-91207\"\/><\/figure>\n\n\n\n<figure class=\"wp-block-image size-large\"><img decoding=\"async\" data-id=\"91173\" src=\"https:\/\/canfali.com\/app\/uploads\/2026\/03\/8alfas16-1024x683.jpg.webp\" alt=\"\" class=\"wp-image-91173\"\/><\/figure>\n\n\n\n<figure class=\"wp-block-image size-large\"><img decoding=\"async\" data-id=\"91187\" src=\"https:\/\/canfali.com\/app\/uploads\/2026\/03\/8alfas17-1024x683.jpg.webp\" alt=\"\" class=\"wp-image-91187\"\/><\/figure>\n\n\n\n<figure class=\"wp-block-image size-large\"><img decoding=\"async\" data-id=\"91217\" src=\"https:\/\/canfali.com\/app\/uploads\/2026\/03\/8alfas18-1024x683.jpg.webp\" alt=\"\" class=\"wp-image-91217\"\/><\/figure>\n\n\n\n<figure class=\"wp-block-image size-large\"><img decoding=\"async\" data-id=\"91209\" src=\"https:\/\/canfali.com\/app\/uploads\/2026\/03\/8alfas19-1024x683.jpg.webp\" alt=\"\" class=\"wp-image-91209\"\/><\/figure>\n\n\n\n<figure class=\"wp-block-image size-large\"><img decoding=\"async\" data-id=\"91211\" src=\"https:\/\/canfali.com\/app\/uploads\/2026\/03\/8alfas20-1024x683.jpg.webp\" alt=\"\" class=\"wp-image-91211\"\/><\/figure>\n\n\n\n<figure class=\"wp-block-image size-large\"><img decoding=\"async\" data-id=\"91213\" src=\"https:\/\/canfali.com\/app\/uploads\/2026\/03\/8alfas21-1024x683.jpg.webp\" alt=\"\" class=\"wp-image-91213\"\/><\/figure>\n\n\n\n<figure class=\"wp-block-image size-large\"><img decoding=\"async\" data-id=\"91225\" src=\"https:\/\/canfali.com\/app\/uploads\/2026\/03\/8alfas22-1024x683.jpg.webp\" alt=\"\" class=\"wp-image-91225\"\/><\/figure>\n\n\n\n<figure class=\"wp-block-image size-large\"><img decoding=\"async\" data-id=\"91193\" src=\"https:\/\/canfali.com\/app\/uploads\/2026\/03\/8alfas23-1024x683.jpg.webp\" alt=\"\" class=\"wp-image-91193\"\/><\/figure>\n\n\n\n<figure class=\"wp-block-image size-large\"><img decoding=\"async\" data-id=\"91181\" src=\"https:\/\/canfali.com\/app\/uploads\/2026\/03\/8alfas24-1024x683.jpg.webp\" alt=\"\" class=\"wp-image-91181\"\/><\/figure>\n\n\n\n<figure class=\"wp-block-image size-large\"><img decoding=\"async\" data-id=\"91221\" src=\"https:\/\/canfali.com\/app\/uploads\/2026\/03\/8alfas25-1024x683.jpg.webp\" alt=\"\" class=\"wp-image-91221\"\/><\/figure>\n\n\n\n<figure class=\"wp-block-image size-large\"><img decoding=\"async\" data-id=\"91203\" src=\"https:\/\/canfali.com\/app\/uploads\/2026\/03\/8alfas26-1024x683.jpg.webp\" alt=\"\" class=\"wp-image-91203\"\/><\/figure>\n\n\n\n<figure class=\"wp-block-image size-large\"><img decoding=\"async\" data-id=\"91179\" src=\"https:\/\/canfali.com\/app\/uploads\/2026\/03\/8alfas27-1024x683.jpg.webp\" alt=\"\" class=\"wp-image-91179\"\/><\/figure>\n\n\n\n<figure class=\"wp-block-image size-large\"><img decoding=\"async\" data-id=\"91223\" src=\"https:\/\/canfali.com\/app\/uploads\/2026\/03\/8alfas28-1024x683.jpg.webp\" alt=\"\" class=\"wp-image-91223\"\/><\/figure>\n<\/figure>\n\n<figure class=\"wp-block-gallery has-nested-images columns-default is-cropped wp-block-gallery-18 is-layout-flex wp-block-gallery-is-layout-flex\">\n<figure class=\"wp-block-image size-large\"><img decoding=\"async\" data-id=\"91229\" src=\"https:\/\/canfali.com\/app\/uploads\/2026\/03\/8alfas46-1024x575.jpg.webp\" alt=\"\" class=\"wp-image-91229\"\/><\/figure>\n\n\n\n<figure class=\"wp-block-image size-large\"><img decoding=\"async\" data-id=\"91227\" src=\"https:\/\/canfali.com\/app\/uploads\/2026\/03\/8alfas47-1024x575.jpg.webp\" alt=\"\" class=\"wp-image-91227\"\/><\/figure>\n<\/figure>\n","protected":false},"excerpt":{"rendered":"El municipi de l\u2019Alf\u00e0s del Pi ha mostrat m\u00fascul cultural en la presentaci\u00f3 de l\u2019Any Cultural 2026, en&hellip;","protected":false},"author":8,"featured_media":91148,"comment_status":"closed","ping_status":"closed","sticky":false,"template":"","format":"standard","meta":{"csco_display_header_overlay":false,"csco_singular_sidebar":"","csco_page_header_type":"","csco_page_load_nextpost":"","csco_post_video_location":[],"csco_post_video_location_hash":"","csco_post_video_url":"","csco_post_video_bg_start_time":0,"csco_post_video_bg_end_time":0,"footnotes":""},"categories":[579,597],"tags":[],"class_list":{"0":"post-91232","1":"post","2":"type-post","3":"status-publish","4":"format-standard","5":"has-post-thumbnail","7":"category-cultura-2","8":"category-cultura-ca-es","9":"cs-entry","10":"cs-video-wrap"},"yoast_head":"<!-- This site is optimized with the Yoast SEO Premium plugin v26.6 (Yoast SEO v27.3) - https:\/\/yoast.com\/product\/yoast-seo-premium-wordpress\/ -->\n<title>L\u2019Alf\u00e0s del Pi al\u00e7a el tel\u00f3 del seu Any Cultural 2026 - Canfali<\/title>\n<meta name=\"description\" content=\"El municipi de l\u2019Alf\u00e0s del Pi ha mostrat m\u00fascul cultural en la presentaci\u00f3 de l\u2019Any Cultural 2026, en un encontre celebrat a la Casa de Cultura\" \/>\n<meta name=\"robots\" content=\"index, follow, max-snippet:-1, max-image-preview:large, max-video-preview:-1\" \/>\n<link rel=\"canonical\" href=\"https:\/\/canfali.com\/ca-es\/lalfas-del-pi-alca-el-telo-del-seu-any-cultural-2026\/\" \/>\n<meta property=\"og:locale\" content=\"en_US\" \/>\n<meta property=\"og:type\" content=\"article\" \/>\n<meta property=\"og:title\" content=\"L\u2019Alf\u00e0s del Pi al\u00e7a el tel\u00f3 del seu Any Cultural 2026\" \/>\n<meta property=\"og:description\" content=\"El municipi de l\u2019Alf\u00e0s del Pi ha mostrat m\u00fascul cultural en la presentaci\u00f3 de l\u2019Any Cultural 2026, en un encontre celebrat a la Casa de Cultura\" \/>\n<meta property=\"og:url\" content=\"https:\/\/canfali.com\/ca-es\/lalfas-del-pi-alca-el-telo-del-seu-any-cultural-2026\/\" \/>\n<meta property=\"og:site_name\" content=\"Canfali\" \/>\n<meta property=\"article:publisher\" content=\"https:\/\/es-es.facebook.com\/CANFALIMarinaAlta\" \/>\n<meta property=\"article:published_time\" content=\"2026-03-13T22:28:32+00:00\" \/>\n<meta property=\"article:modified_time\" content=\"2026-03-13T22:30:21+00:00\" \/>\n<meta property=\"og:image\" content=\"https:\/\/canfali.com\/app\/uploads\/2026\/03\/8alfas43-scaled.jpg\" \/>\n\t<meta property=\"og:image:width\" content=\"2560\" \/>\n\t<meta property=\"og:image:height\" content=\"1437\" \/>\n\t<meta property=\"og:image:type\" content=\"image\/jpeg\" \/>\n<meta name=\"author\" content=\"Lluis\" \/>\n<meta name=\"twitter:card\" content=\"summary_large_image\" \/>\n<meta name=\"twitter:creator\" content=\"@canfalima\" \/>\n<meta name=\"twitter:site\" content=\"@canfalima\" \/>\n<meta name=\"twitter:label1\" content=\"Written by\" \/>\n\t<meta name=\"twitter:data1\" content=\"Lluis\" \/>\n\t<meta name=\"twitter:label2\" content=\"Est. reading time\" \/>\n\t<meta name=\"twitter:data2\" content=\"3 minutes\" \/>\n<script type=\"application\/ld+json\" class=\"yoast-schema-graph\">{\"@context\":\"https:\\\/\\\/schema.org\",\"@graph\":[{\"@type\":\"NewsArticle\",\"@id\":\"https:\\\/\\\/canfali.com\\\/ca-es\\\/lalfas-del-pi-alca-el-telo-del-seu-any-cultural-2026\\\/#article\",\"isPartOf\":{\"@id\":\"https:\\\/\\\/canfali.com\\\/ca-es\\\/lalfas-del-pi-alca-el-telo-del-seu-any-cultural-2026\\\/\"},\"author\":{\"name\":\"Lluis\",\"@id\":\"https:\\\/\\\/canfali.com\\\/ca-es\\\/#\\\/schema\\\/person\\\/f540a86fb33e10daaae53c59ceaa1194\"},\"headline\":\"L\u2019Alf\u00e0s del Pi al\u00e7a el tel\u00f3 del seu Any Cultural 2026\",\"datePublished\":\"2026-03-13T22:28:32+00:00\",\"dateModified\":\"2026-03-13T22:30:21+00:00\",\"mainEntityOfPage\":{\"@id\":\"https:\\\/\\\/canfali.com\\\/ca-es\\\/lalfas-del-pi-alca-el-telo-del-seu-any-cultural-2026\\\/\"},\"wordCount\":673,\"publisher\":{\"@id\":\"https:\\\/\\\/canfali.com\\\/ca-es\\\/#organization\"},\"image\":{\"@id\":\"https:\\\/\\\/canfali.com\\\/ca-es\\\/lalfas-del-pi-alca-el-telo-del-seu-any-cultural-2026\\\/#primaryimage\"},\"thumbnailUrl\":\"https:\\\/\\\/canfali.com\\\/app\\\/uploads\\\/2026\\\/03\\\/8alfas43-scaled.jpg\",\"articleSection\":[\"Cultura\",\"Cultura\"],\"inLanguage\":\"va-ES\",\"copyrightYear\":\"2026\",\"copyrightHolder\":{\"@id\":\"https:\\\/\\\/canfali.com\\\/#organization\"}},{\"@type\":\"WebPage\",\"@id\":\"https:\\\/\\\/canfali.com\\\/ca-es\\\/lalfas-del-pi-alca-el-telo-del-seu-any-cultural-2026\\\/\",\"url\":\"https:\\\/\\\/canfali.com\\\/ca-es\\\/lalfas-del-pi-alca-el-telo-del-seu-any-cultural-2026\\\/\",\"name\":\"L\u2019Alf\u00e0s del Pi al\u00e7a el tel\u00f3 del seu Any Cultural 2026 - Canfali\",\"isPartOf\":{\"@id\":\"https:\\\/\\\/canfali.com\\\/ca-es\\\/#website\"},\"primaryImageOfPage\":{\"@id\":\"https:\\\/\\\/canfali.com\\\/ca-es\\\/lalfas-del-pi-alca-el-telo-del-seu-any-cultural-2026\\\/#primaryimage\"},\"image\":{\"@id\":\"https:\\\/\\\/canfali.com\\\/ca-es\\\/lalfas-del-pi-alca-el-telo-del-seu-any-cultural-2026\\\/#primaryimage\"},\"thumbnailUrl\":\"https:\\\/\\\/canfali.com\\\/app\\\/uploads\\\/2026\\\/03\\\/8alfas43-scaled.jpg\",\"datePublished\":\"2026-03-13T22:28:32+00:00\",\"dateModified\":\"2026-03-13T22:30:21+00:00\",\"description\":\"El municipi de l\u2019Alf\u00e0s del Pi ha mostrat m\u00fascul cultural en la presentaci\u00f3 de l\u2019Any Cultural 2026, en un encontre celebrat a la Casa de Cultura\",\"breadcrumb\":{\"@id\":\"https:\\\/\\\/canfali.com\\\/ca-es\\\/lalfas-del-pi-alca-el-telo-del-seu-any-cultural-2026\\\/#breadcrumb\"},\"inLanguage\":\"va-ES\",\"potentialAction\":[{\"@type\":\"ReadAction\",\"target\":[\"https:\\\/\\\/canfali.com\\\/ca-es\\\/lalfas-del-pi-alca-el-telo-del-seu-any-cultural-2026\\\/\"]}]},{\"@type\":\"ImageObject\",\"inLanguage\":\"va-ES\",\"@id\":\"https:\\\/\\\/canfali.com\\\/ca-es\\\/lalfas-del-pi-alca-el-telo-del-seu-any-cultural-2026\\\/#primaryimage\",\"url\":\"https:\\\/\\\/canfali.com\\\/app\\\/uploads\\\/2026\\\/03\\\/8alfas43-scaled.jpg\",\"contentUrl\":\"https:\\\/\\\/canfali.com\\\/app\\\/uploads\\\/2026\\\/03\\\/8alfas43-scaled.jpg\",\"width\":2560,\"height\":1437},{\"@type\":\"BreadcrumbList\",\"@id\":\"https:\\\/\\\/canfali.com\\\/ca-es\\\/lalfas-del-pi-alca-el-telo-del-seu-any-cultural-2026\\\/#breadcrumb\",\"itemListElement\":[{\"@type\":\"ListItem\",\"position\":1,\"name\":\"Portada\",\"item\":\"https:\\\/\\\/canfali.com\\\/ca-es\\\/\"},{\"@type\":\"ListItem\",\"position\":2,\"name\":\"L\u2019Alf\u00e0s del Pi al\u00e7a el tel\u00f3 del seu Any Cultural 2026\"}]},{\"@type\":\"WebSite\",\"@id\":\"https:\\\/\\\/canfali.com\\\/ca-es\\\/#website\",\"url\":\"https:\\\/\\\/canfali.com\\\/ca-es\\\/\",\"name\":\"Canfali\",\"description\":\"\",\"publisher\":{\"@id\":\"https:\\\/\\\/canfali.com\\\/ca-es\\\/#organization\"},\"potentialAction\":[{\"@type\":\"SearchAction\",\"target\":{\"@type\":\"EntryPoint\",\"urlTemplate\":\"https:\\\/\\\/canfali.com\\\/ca-es\\\/?s={search_term_string}\"},\"query-input\":{\"@type\":\"PropertyValueSpecification\",\"valueRequired\":true,\"valueName\":\"search_term_string\"}}],\"inLanguage\":\"va-ES\"},{\"@type\":\"Organization\",\"@id\":\"https:\\\/\\\/canfali.com\\\/ca-es\\\/#organization\",\"name\":\"Canfali\",\"url\":\"https:\\\/\\\/canfali.com\\\/ca-es\\\/\",\"logo\":{\"@type\":\"ImageObject\",\"inLanguage\":\"va-ES\",\"@id\":\"https:\\\/\\\/canfali.com\\\/ca-es\\\/#\\\/schema\\\/logo\\\/image\\\/\",\"url\":\"https:\\\/\\\/canfali.com\\\/app\\\/uploads\\\/2025\\\/12\\\/canfali_marina_alta_logo.png\",\"contentUrl\":\"https:\\\/\\\/canfali.com\\\/app\\\/uploads\\\/2025\\\/12\\\/canfali_marina_alta_logo.png\",\"width\":225,\"height\":225,\"caption\":\"Canfali\"},\"image\":{\"@id\":\"https:\\\/\\\/canfali.com\\\/ca-es\\\/#\\\/schema\\\/logo\\\/image\\\/\"},\"sameAs\":[\"https:\\\/\\\/es-es.facebook.com\\\/CANFALIMarinaAlta\",\"https:\\\/\\\/x.com\\\/canfalima\",\"https:\\\/\\\/www.instagram.com\\\/canfalimarinaalta\\\/\"]},{\"@type\":\"Person\",\"@id\":\"https:\\\/\\\/canfali.com\\\/ca-es\\\/#\\\/schema\\\/person\\\/f540a86fb33e10daaae53c59ceaa1194\",\"name\":\"Lluis\",\"image\":{\"@type\":\"ImageObject\",\"inLanguage\":\"va-ES\",\"@id\":\"https:\\\/\\\/secure.gravatar.com\\\/avatar\\\/a21ec8835290e4e02ed0886b8cb327d807d0eb6ec8ccf25d4c2a0a415f506c0d?s=96&d=mm&r=g\",\"url\":\"https:\\\/\\\/secure.gravatar.com\\\/avatar\\\/a21ec8835290e4e02ed0886b8cb327d807d0eb6ec8ccf25d4c2a0a415f506c0d?s=96&d=mm&r=g\",\"contentUrl\":\"https:\\\/\\\/secure.gravatar.com\\\/avatar\\\/a21ec8835290e4e02ed0886b8cb327d807d0eb6ec8ccf25d4c2a0a415f506c0d?s=96&d=mm&r=g\",\"caption\":\"Lluis\"},\"url\":\"https:\\\/\\\/canfali.com\\\/ca-es\\\/author\\\/lluis\\\/\"}]}<\/script>\n<!-- \/ Yoast SEO Premium plugin. -->","yoast_head_json":{"title":"L\u2019Alf\u00e0s del Pi al\u00e7a el tel\u00f3 del seu Any Cultural 2026 - Canfali","description":"El municipi de l\u2019Alf\u00e0s del Pi ha mostrat m\u00fascul cultural en la presentaci\u00f3 de l\u2019Any Cultural 2026, en un encontre celebrat a la Casa de Cultura","robots":{"index":"index","follow":"follow","max-snippet":"max-snippet:-1","max-image-preview":"max-image-preview:large","max-video-preview":"max-video-preview:-1"},"canonical":"https:\/\/canfali.com\/ca-es\/lalfas-del-pi-alca-el-telo-del-seu-any-cultural-2026\/","og_locale":"en_US","og_type":"article","og_title":"L\u2019Alf\u00e0s del Pi al\u00e7a el tel\u00f3 del seu Any Cultural 2026","og_description":"El municipi de l\u2019Alf\u00e0s del Pi ha mostrat m\u00fascul cultural en la presentaci\u00f3 de l\u2019Any Cultural 2026, en un encontre celebrat a la Casa de Cultura","og_url":"https:\/\/canfali.com\/ca-es\/lalfas-del-pi-alca-el-telo-del-seu-any-cultural-2026\/","og_site_name":"Canfali","article_publisher":"https:\/\/es-es.facebook.com\/CANFALIMarinaAlta","article_published_time":"2026-03-13T22:28:32+00:00","article_modified_time":"2026-03-13T22:30:21+00:00","og_image":[{"width":2560,"height":1437,"url":"https:\/\/canfali.com\/app\/uploads\/2026\/03\/8alfas43-scaled.jpg","type":"image\/jpeg"}],"author":"Lluis","twitter_card":"summary_large_image","twitter_creator":"@canfalima","twitter_site":"@canfalima","twitter_misc":{"Written by":"Lluis","Est. reading time":"3 minutes"},"schema":{"@context":"https:\/\/schema.org","@graph":[{"@type":"NewsArticle","@id":"https:\/\/canfali.com\/ca-es\/lalfas-del-pi-alca-el-telo-del-seu-any-cultural-2026\/#article","isPartOf":{"@id":"https:\/\/canfali.com\/ca-es\/lalfas-del-pi-alca-el-telo-del-seu-any-cultural-2026\/"},"author":{"name":"Lluis","@id":"https:\/\/canfali.com\/ca-es\/#\/schema\/person\/f540a86fb33e10daaae53c59ceaa1194"},"headline":"L\u2019Alf\u00e0s del Pi al\u00e7a el tel\u00f3 del seu Any Cultural 2026","datePublished":"2026-03-13T22:28:32+00:00","dateModified":"2026-03-13T22:30:21+00:00","mainEntityOfPage":{"@id":"https:\/\/canfali.com\/ca-es\/lalfas-del-pi-alca-el-telo-del-seu-any-cultural-2026\/"},"wordCount":673,"publisher":{"@id":"https:\/\/canfali.com\/ca-es\/#organization"},"image":{"@id":"https:\/\/canfali.com\/ca-es\/lalfas-del-pi-alca-el-telo-del-seu-any-cultural-2026\/#primaryimage"},"thumbnailUrl":"https:\/\/canfali.com\/app\/uploads\/2026\/03\/8alfas43-scaled.jpg","articleSection":["Cultura","Cultura"],"inLanguage":"va-ES","copyrightYear":"2026","copyrightHolder":{"@id":"https:\/\/canfali.com\/#organization"}},{"@type":"WebPage","@id":"https:\/\/canfali.com\/ca-es\/lalfas-del-pi-alca-el-telo-del-seu-any-cultural-2026\/","url":"https:\/\/canfali.com\/ca-es\/lalfas-del-pi-alca-el-telo-del-seu-any-cultural-2026\/","name":"L\u2019Alf\u00e0s del Pi al\u00e7a el tel\u00f3 del seu Any Cultural 2026 - Canfali","isPartOf":{"@id":"https:\/\/canfali.com\/ca-es\/#website"},"primaryImageOfPage":{"@id":"https:\/\/canfali.com\/ca-es\/lalfas-del-pi-alca-el-telo-del-seu-any-cultural-2026\/#primaryimage"},"image":{"@id":"https:\/\/canfali.com\/ca-es\/lalfas-del-pi-alca-el-telo-del-seu-any-cultural-2026\/#primaryimage"},"thumbnailUrl":"https:\/\/canfali.com\/app\/uploads\/2026\/03\/8alfas43-scaled.jpg","datePublished":"2026-03-13T22:28:32+00:00","dateModified":"2026-03-13T22:30:21+00:00","description":"El municipi de l\u2019Alf\u00e0s del Pi ha mostrat m\u00fascul cultural en la presentaci\u00f3 de l\u2019Any Cultural 2026, en un encontre celebrat a la Casa de Cultura","breadcrumb":{"@id":"https:\/\/canfali.com\/ca-es\/lalfas-del-pi-alca-el-telo-del-seu-any-cultural-2026\/#breadcrumb"},"inLanguage":"va-ES","potentialAction":[{"@type":"ReadAction","target":["https:\/\/canfali.com\/ca-es\/lalfas-del-pi-alca-el-telo-del-seu-any-cultural-2026\/"]}]},{"@type":"ImageObject","inLanguage":"va-ES","@id":"https:\/\/canfali.com\/ca-es\/lalfas-del-pi-alca-el-telo-del-seu-any-cultural-2026\/#primaryimage","url":"https:\/\/canfali.com\/app\/uploads\/2026\/03\/8alfas43-scaled.jpg","contentUrl":"https:\/\/canfali.com\/app\/uploads\/2026\/03\/8alfas43-scaled.jpg","width":2560,"height":1437},{"@type":"BreadcrumbList","@id":"https:\/\/canfali.com\/ca-es\/lalfas-del-pi-alca-el-telo-del-seu-any-cultural-2026\/#breadcrumb","itemListElement":[{"@type":"ListItem","position":1,"name":"Portada","item":"https:\/\/canfali.com\/ca-es\/"},{"@type":"ListItem","position":2,"name":"L\u2019Alf\u00e0s del Pi al\u00e7a el tel\u00f3 del seu Any Cultural 2026"}]},{"@type":"WebSite","@id":"https:\/\/canfali.com\/ca-es\/#website","url":"https:\/\/canfali.com\/ca-es\/","name":"Canfali","description":"","publisher":{"@id":"https:\/\/canfali.com\/ca-es\/#organization"},"potentialAction":[{"@type":"SearchAction","target":{"@type":"EntryPoint","urlTemplate":"https:\/\/canfali.com\/ca-es\/?s={search_term_string}"},"query-input":{"@type":"PropertyValueSpecification","valueRequired":true,"valueName":"search_term_string"}}],"inLanguage":"va-ES"},{"@type":"Organization","@id":"https:\/\/canfali.com\/ca-es\/#organization","name":"Canfali","url":"https:\/\/canfali.com\/ca-es\/","logo":{"@type":"ImageObject","inLanguage":"va-ES","@id":"https:\/\/canfali.com\/ca-es\/#\/schema\/logo\/image\/","url":"https:\/\/canfali.com\/app\/uploads\/2025\/12\/canfali_marina_alta_logo.png","contentUrl":"https:\/\/canfali.com\/app\/uploads\/2025\/12\/canfali_marina_alta_logo.png","width":225,"height":225,"caption":"Canfali"},"image":{"@id":"https:\/\/canfali.com\/ca-es\/#\/schema\/logo\/image\/"},"sameAs":["https:\/\/es-es.facebook.com\/CANFALIMarinaAlta","https:\/\/x.com\/canfalima","https:\/\/www.instagram.com\/canfalimarinaalta\/"]},{"@type":"Person","@id":"https:\/\/canfali.com\/ca-es\/#\/schema\/person\/f540a86fb33e10daaae53c59ceaa1194","name":"Lluis","image":{"@type":"ImageObject","inLanguage":"va-ES","@id":"https:\/\/secure.gravatar.com\/avatar\/a21ec8835290e4e02ed0886b8cb327d807d0eb6ec8ccf25d4c2a0a415f506c0d?s=96&d=mm&r=g","url":"https:\/\/secure.gravatar.com\/avatar\/a21ec8835290e4e02ed0886b8cb327d807d0eb6ec8ccf25d4c2a0a415f506c0d?s=96&d=mm&r=g","contentUrl":"https:\/\/secure.gravatar.com\/avatar\/a21ec8835290e4e02ed0886b8cb327d807d0eb6ec8ccf25d4c2a0a415f506c0d?s=96&d=mm&r=g","caption":"Lluis"},"url":"https:\/\/canfali.com\/ca-es\/author\/lluis\/"}]}},"_links":{"self":[{"href":"https:\/\/canfali.com\/ca-es\/wp-json\/wp\/v2\/posts\/91232","targetHints":{"allow":["GET"]}}],"collection":[{"href":"https:\/\/canfali.com\/ca-es\/wp-json\/wp\/v2\/posts"}],"about":[{"href":"https:\/\/canfali.com\/ca-es\/wp-json\/wp\/v2\/types\/post"}],"author":[{"embeddable":true,"href":"https:\/\/canfali.com\/ca-es\/wp-json\/wp\/v2\/users\/8"}],"replies":[{"embeddable":true,"href":"https:\/\/canfali.com\/ca-es\/wp-json\/wp\/v2\/comments?post=91232"}],"version-history":[{"count":1,"href":"https:\/\/canfali.com\/ca-es\/wp-json\/wp\/v2\/posts\/91232\/revisions"}],"predecessor-version":[{"id":91233,"href":"https:\/\/canfali.com\/ca-es\/wp-json\/wp\/v2\/posts\/91232\/revisions\/91233"}],"wp:featuredmedia":[{"embeddable":true,"href":"https:\/\/canfali.com\/ca-es\/wp-json\/wp\/v2\/media\/91148"}],"wp:attachment":[{"href":"https:\/\/canfali.com\/ca-es\/wp-json\/wp\/v2\/media?parent=91232"}],"wp:term":[{"taxonomy":"category","embeddable":true,"href":"https:\/\/canfali.com\/ca-es\/wp-json\/wp\/v2\/categories?post=91232"},{"taxonomy":"post_tag","embeddable":true,"href":"https:\/\/canfali.com\/ca-es\/wp-json\/wp\/v2\/tags?post=91232"}],"curies":[{"name":"wp","href":"https:\/\/api.w.org\/{rel}","templated":true}]}}