{"id":91142,"date":"2026-03-13T18:12:12","date_gmt":"2026-03-13T17:12:12","guid":{"rendered":"https:\/\/canfali.com\/vestides-de-nuvia-per-a-casar-se-en-el-mes-enlla\/"},"modified":"2026-03-13T20:02:59","modified_gmt":"2026-03-13T19:02:59","slug":"vestides-de-nuvia-per-a-casar-se-en-el-mes-enlla","status":"publish","type":"post","link":"https:\/\/canfali.com\/ca-es\/vestides-de-nuvia-per-a-casar-se-en-el-mes-enlla\/","title":{"rendered":"Vestides de n\u00favia per a casar-se en el m\u00e9s enll\u00e0"},"content":{"rendered":"\n<p><\/p>\n\n<figure class=\"wp-block-pullquote\"><blockquote><p>Per qu\u00e8 una de les primeres comunitats rurals cristianes va enterrar a les seues xiquetes amb collarets i arracades, una pr\u00e0ctica prohibida?<\/p><\/blockquote><\/figure>\n\n<p>Conforme avan\u00e7a una prospecci\u00f3 arqueol\u00f2gica i surten a la llum nous elements, sorgeixen moltes preguntes. Per qu\u00e8, com, on, qui, quin\u2026 un puzle d&#8217;interrogants que pot ser que es resolga conforme prossegueix la recerca. Molts troben resposta. Altres, no. Deixen una porta oberta a teories i noves aportacions que puguen donar una mica m\u00e9s de llum. En el jaciment del Cabezo del Molino (Rojales) es van trobar restes cer\u00e0miques i vestigis arqueol\u00f2gics d&#8217;\u00e8poques diferents entremesclats. Una tomba descoberta en els anys 90 va permetre \u2018tirar del fil\u2019 per a poder acabar afirmant que all\u00ed es trobava la major necr\u00f2poli d&#8217;\u00e8poca bizantina de la pen\u00ednsula ib\u00e8rica. I en ella, les primeres evid\u00e8ncies de ritus cristians en comunitats rurals dins de la prov\u00edncia d&#8217;Alacant.<\/p>\n\n<p>Dels ritus funeraris en el m\u00f3n antic relacionats amb el citat jaciment es va parlar el dijous en l&#8217;acte organitzat per l&#8217;\u00c0rea d&#8217;Arqueologia i Museus de l&#8217;Ajuntament de D\u00e9nia, amb motiu del Dia de la Dona, a la Biblioteca Juan Chab\u00e1s. Ho va fer l&#8217;arque\u00f2loga Mar\u00eda Teresa Xim\u00e9nez de Embr\u00fan, que ha participat en les campanyes arqueol\u00f2giques realitzades pel Museu Arqueol\u00f2gic d&#8217;Alacant (MARQ) en aquest empla\u00e7ament. <\/p>\n\n<p>En la necr\u00f2poli del Cabezo del Molino van apar\u00e8ixer majorit\u00e0riament els cossos enterrats de dones, moltes d&#8217;elles eren xiquetes abillades amb collarets, penjolls i arracades. Per qu\u00e8 aquestes nenes es van emportar els seus aixovars al m\u00e9s enll\u00e0? No era f\u00e0cil trobar la resposta a la pregunta. En altres religions i cultures \u00e9s una pr\u00e0ctica habitual que est\u00e0 prohibida en el m\u00f3n cristi\u00e0. <\/p>\n\n<p>Un altre detall desconcertava als arque\u00f2legs. Per qu\u00e8 sols apareixien les joies en els enterraments de les xiquetes i no en els de les dones adultes? Calia continua estirant del fil de la madeixa per a seguir teixint la hist\u00f2ria.<\/p>\n\n<figure class=\"wp-block-gallery has-nested-images columns-default is-cropped wp-block-gallery-15 is-layout-flex wp-block-gallery-is-layout-flex\">\n<figure class=\"wp-block-image size-large\"><img decoding=\"async\" data-id=\"91121\" src=\"https:\/\/canfali.com\/app\/uploads\/2026\/03\/arqueo-5-2-768x1024.jpg.webp\" alt=\"\" class=\"wp-image-91121\"\/><\/figure>\n\n\n\n<figure class=\"wp-block-image size-large\"><img decoding=\"async\" data-id=\"91123\" src=\"https:\/\/canfali.com\/app\/uploads\/2026\/03\/arqueo-3-2-1024x768.jpg.webp\" alt=\"\" class=\"wp-image-91123\"\/><figcaption class=\"wp-element-caption\">L&#8217;arque\u00f2loga municipal, Massu Sent\u00ed, va recordar que l&#8217;exposici\u00f3 <em>D\u00e9nia, Arqueologia i Museues<\/em> que s&#8217;exhibeix en el MARQ es pot visitar fins el 6 d&#8217;abril.<\/figcaption><\/figure>\n<\/figure>\n\n<p>Les tombes es trobaven a penes a uns cent\u00edmetres sota terra, per la qual cosa sorprenia que ning\u00fa les hagu\u00e9s descobertes amb anterioritat, tractant-se d&#8217;un lloc de f\u00e0cil acc\u00e9s que en l&#8217;\u00e8poca de Pasqua es freq\u00fcenta per a complir amb un altre ritual, el de menjar-se la mona. Eren enterraments de car\u00e0cter m\u00faltiple, amb poques excepcions, on els nens sempre apareixien enterrats junts. Es va trobar tamb\u00e9 a alguna dona abra\u00e7ada al seu beb\u00e8.&#13;\n<\/p>\n\n<p>El cos dels difunts, als quals se&#8217;ls donava sepultura abillats amb un sudari, era cobert amb lloses que normalment estaven treballades i segellades. En alguns casos, es van enterrar amb un ta\u00fct. Aix\u00f2 s\u00ed, sempre en posici\u00f3 dec\u00fabit sup\u00ed, la qual cosa va ajudar a constatar que es tractava d&#8217;una necr\u00f2poli del m\u00f3n postrom\u00e0.<\/p>\n\n<p>El treball d&#8217;antrop\u00f2legs, genetistes i qu\u00edmics va permetre determinar l&#8217;edat, el sexe, el parentiu, les malalties que van patir aquells individus, quina va ser la seua dieta i fins i tot a qu\u00e8 es dedicaven. Noves sorpreses.<\/p>\n\n<p>Els difunts eren molt joves. El 79% eren menors de 25 anys. En la franja d&#8217;edat d&#8217;entre 0 i 7 anys se situava el 23% i en la de 7 a 14, el 32%. Per qu\u00e8 van morir tan joves?<\/p>\n\n<p>Les dones, menudes i primes, no superaven els 155 cm. d&#8217;altura, enfront d&#8217;homes forts que arribaven als 180 cm. d&#8217;alt. Hi havia un altre grup d&#8217;homes, gr\u00e0cils i de menys de 165 cm., que en molts casos van ser enterrats amb xiquets. Els marcadors m\u00fascul esquel\u00e8tics apunten a dones que passaven temps a la gatzoneta, possiblement cuinant; nenes que recollien llenya i realitzaven grans caminades; homes amb bra\u00e7os robustos per l&#8217;exercici d&#8217;activitats que requerien for\u00e7a; i un altre grup d&#8217;homes, els baixets, amb moltes patologies en la clav\u00edcula i desgast en les dents. Aquests \u00faltims, a m\u00e9s, pertanyien a una poblaci\u00f3 estep\u00e0ria, els \u00e0vars, procedents d&#8217;\u00c0sia, que per primera vegada es documentava en la zona. Qui eren? Possiblement, genets.<\/p>\n\n<p>La pregunta sobre l&#8217;alta mortaldat de nens continuava sense resposta. Fins que es va topar amb el Yersina pestis, el bacteri relacionat amb l&#8217;anomenada Pesta de Justini\u00e0. \u201cTots van morir de pesta\u201d, relatava Mar\u00eda Teresa Xim\u00e9nez de Embr\u00fan. Possiblement, argumentava, va haver-hi m\u00e9s difuntes que difunts perqu\u00e8 les dones eren les qui habitualment estaven en contacte amb els menuts i, en aquest cas, el contagi era m\u00e9s f\u00e0cil.<\/p>\n\n<figure class=\"wp-block-gallery has-nested-images columns-default is-cropped wp-block-gallery-16 is-layout-flex wp-block-gallery-is-layout-flex\">\n<figure class=\"wp-block-image size-large\"><img decoding=\"async\" data-id=\"91125\" src=\"https:\/\/canfali.com\/app\/uploads\/2026\/03\/arqueo-1-1024x768.jpg.webp\" alt=\"\" class=\"wp-image-91125\"\/><\/figure>\n<\/figure>\n\n<p>Les xiquetes enterrades portaven en general collarets d&#8217;ambre de diverses voltes, bijuteria d&#8217;imitaci\u00f3 a les pedres semiprecioses, arracades -que eren desiguals-, algun penjoll elaborat a partir d&#8217;una moneda i tamb\u00e9 algun ull protector com a amulet. Els elements decoratius o les pedres de color negre que formaven part d&#8217;aquestes joies simbolitzaven la virginitat (el blanc arribaria m\u00e9s tard).<\/p>\n\n<p>Les joies trobades al costat de les xiquetes, indicava l&#8217;arque\u00f2loga, possiblement van ser col\u00b7locades \u201cper a vestir-les de n\u00favia i casar-les en el m\u00e9s enll\u00e0\u201d. I van ser enterrades amb els homes de la fam\u00edlia \u201cperqu\u00e8 poguessen validar aquest casament\u201d.<\/p>\n\n<p><\/p>\n\n<p><\/p>\n\n<figure class=\"wp-block-gallery has-nested-images columns-default is-cropped wp-block-gallery-17 is-layout-flex wp-block-gallery-is-layout-flex\"><\/figure>\n\n<p><\/p>\n","protected":false},"excerpt":{"rendered":"Per qu\u00e8 una de les primeres comunitats rurals cristianes va enterrar a les seues xiquetes amb collarets i&hellip;","protected":false},"author":6,"featured_media":91112,"comment_status":"closed","ping_status":"closed","sticky":false,"template":"","format":"standard","meta":{"csco_display_header_overlay":false,"csco_singular_sidebar":"","csco_page_header_type":"","csco_page_load_nextpost":"","csco_post_video_location":[],"csco_post_video_location_hash":"","csco_post_video_url":"","csco_post_video_bg_start_time":0,"csco_post_video_bg_end_time":0,"footnotes":""},"categories":[579],"tags":[1584,7098,7095,7096,7097],"class_list":{"0":"post-91142","1":"post","2":"type-post","3":"status-publish","4":"format-standard","5":"has-post-thumbnail","7":"category-cultura-2","8":"tag-arqueologia-2","9":"tag-bizantina","10":"tag-cabezo-del-molino","11":"tag-maria-teresa-ximenez-de-embrun","12":"tag-necropolis","13":"cs-entry","14":"cs-video-wrap"},"yoast_head":"<!-- This site is optimized with the Yoast SEO Premium plugin v26.6 (Yoast SEO v27.3) - https:\/\/yoast.com\/product\/yoast-seo-premium-wordpress\/ -->\n<title>Vestides de n\u00favia per a casar-se en el m\u00e9s enll\u00e0 - Canfali<\/title>\n<meta name=\"description\" content=\"Per qu\u00e8 una de les primeres comunitats rurals cristianes va enterrar a les seues xiquetes amb collarets i arracades, una pr\u00e0ctica prohibida?\" \/>\n<meta name=\"robots\" content=\"index, follow, max-snippet:-1, max-image-preview:large, max-video-preview:-1\" \/>\n<link rel=\"canonical\" href=\"https:\/\/canfali.com\/ca-es\/vestides-de-nuvia-per-a-casar-se-en-el-mes-enlla\/\" \/>\n<meta property=\"og:locale\" content=\"en_US\" \/>\n<meta property=\"og:type\" content=\"article\" \/>\n<meta property=\"og:title\" content=\"Vestides de n\u00favia per a casar-se en el m\u00e9s enll\u00e0\" \/>\n<meta property=\"og:description\" content=\"Per qu\u00e8 una de les primeres comunitats rurals cristianes va enterrar a les seues xiquetes amb collarets i arracades, una pr\u00e0ctica prohibida?\" \/>\n<meta property=\"og:url\" content=\"https:\/\/canfali.com\/ca-es\/vestides-de-nuvia-per-a-casar-se-en-el-mes-enlla\/\" \/>\n<meta property=\"og:site_name\" content=\"Canfali\" \/>\n<meta property=\"article:publisher\" content=\"https:\/\/es-es.facebook.com\/CANFALIMarinaAlta\" \/>\n<meta property=\"article:published_time\" content=\"2026-03-13T17:12:12+00:00\" \/>\n<meta property=\"article:modified_time\" content=\"2026-03-13T19:02:59+00:00\" \/>\n<meta property=\"og:image\" content=\"https:\/\/canfali.com\/app\/uploads\/2026\/03\/arqueo-10.jpg\" \/>\n\t<meta property=\"og:image:width\" content=\"2048\" \/>\n\t<meta property=\"og:image:height\" content=\"1536\" \/>\n\t<meta property=\"og:image:type\" content=\"image\/jpeg\" \/>\n<meta name=\"author\" content=\"Rosa\" \/>\n<meta name=\"twitter:card\" content=\"summary_large_image\" \/>\n<meta name=\"twitter:creator\" content=\"@canfalima\" \/>\n<meta name=\"twitter:site\" content=\"@canfalima\" \/>\n<meta name=\"twitter:label1\" content=\"Written by\" \/>\n\t<meta name=\"twitter:data1\" content=\"Rosa\" \/>\n\t<meta name=\"twitter:label2\" content=\"Est. reading time\" \/>\n\t<meta name=\"twitter:data2\" content=\"4 minutes\" \/>\n<script type=\"application\/ld+json\" class=\"yoast-schema-graph\">{\"@context\":\"https:\\\/\\\/schema.org\",\"@graph\":[{\"@type\":\"NewsArticle\",\"@id\":\"https:\\\/\\\/canfali.com\\\/ca-es\\\/vestides-de-nuvia-per-a-casar-se-en-el-mes-enlla\\\/#article\",\"isPartOf\":{\"@id\":\"https:\\\/\\\/canfali.com\\\/ca-es\\\/vestides-de-nuvia-per-a-casar-se-en-el-mes-enlla\\\/\"},\"author\":{\"name\":\"Rosa\",\"@id\":\"https:\\\/\\\/canfali.com\\\/ca-es\\\/#\\\/schema\\\/person\\\/c861a7aa2b2495357b95f35bd5d82f88\"},\"headline\":\"Vestides de n\u00favia per a casar-se en el m\u00e9s enll\u00e0\",\"datePublished\":\"2026-03-13T17:12:12+00:00\",\"dateModified\":\"2026-03-13T19:02:59+00:00\",\"mainEntityOfPage\":{\"@id\":\"https:\\\/\\\/canfali.com\\\/ca-es\\\/vestides-de-nuvia-per-a-casar-se-en-el-mes-enlla\\\/\"},\"wordCount\":930,\"publisher\":{\"@id\":\"https:\\\/\\\/canfali.com\\\/ca-es\\\/#organization\"},\"image\":{\"@id\":\"https:\\\/\\\/canfali.com\\\/ca-es\\\/vestides-de-nuvia-per-a-casar-se-en-el-mes-enlla\\\/#primaryimage\"},\"thumbnailUrl\":\"https:\\\/\\\/canfali.com\\\/app\\\/uploads\\\/2026\\\/03\\\/arqueo-10.jpg\",\"keywords\":[\"arqueologia\",\"bizantina\",\"Cabezo del Molino\",\"Mar\u00eda Teresa Xim\u00e9nez de Embr\u00fan\",\"necr\u00f2polis\"],\"articleSection\":[\"Cultura\"],\"inLanguage\":\"va-ES\",\"copyrightYear\":\"2026\",\"copyrightHolder\":{\"@id\":\"https:\\\/\\\/canfali.com\\\/#organization\"}},{\"@type\":\"WebPage\",\"@id\":\"https:\\\/\\\/canfali.com\\\/ca-es\\\/vestides-de-nuvia-per-a-casar-se-en-el-mes-enlla\\\/\",\"url\":\"https:\\\/\\\/canfali.com\\\/ca-es\\\/vestides-de-nuvia-per-a-casar-se-en-el-mes-enlla\\\/\",\"name\":\"Vestides de n\u00favia per a casar-se en el m\u00e9s enll\u00e0 - Canfali\",\"isPartOf\":{\"@id\":\"https:\\\/\\\/canfali.com\\\/ca-es\\\/#website\"},\"primaryImageOfPage\":{\"@id\":\"https:\\\/\\\/canfali.com\\\/ca-es\\\/vestides-de-nuvia-per-a-casar-se-en-el-mes-enlla\\\/#primaryimage\"},\"image\":{\"@id\":\"https:\\\/\\\/canfali.com\\\/ca-es\\\/vestides-de-nuvia-per-a-casar-se-en-el-mes-enlla\\\/#primaryimage\"},\"thumbnailUrl\":\"https:\\\/\\\/canfali.com\\\/app\\\/uploads\\\/2026\\\/03\\\/arqueo-10.jpg\",\"datePublished\":\"2026-03-13T17:12:12+00:00\",\"dateModified\":\"2026-03-13T19:02:59+00:00\",\"description\":\"Per qu\u00e8 una de les primeres comunitats rurals cristianes va enterrar a les seues xiquetes amb collarets i arracades, una pr\u00e0ctica prohibida?\",\"breadcrumb\":{\"@id\":\"https:\\\/\\\/canfali.com\\\/ca-es\\\/vestides-de-nuvia-per-a-casar-se-en-el-mes-enlla\\\/#breadcrumb\"},\"inLanguage\":\"va-ES\",\"potentialAction\":[{\"@type\":\"ReadAction\",\"target\":[\"https:\\\/\\\/canfali.com\\\/ca-es\\\/vestides-de-nuvia-per-a-casar-se-en-el-mes-enlla\\\/\"]}]},{\"@type\":\"ImageObject\",\"inLanguage\":\"va-ES\",\"@id\":\"https:\\\/\\\/canfali.com\\\/ca-es\\\/vestides-de-nuvia-per-a-casar-se-en-el-mes-enlla\\\/#primaryimage\",\"url\":\"https:\\\/\\\/canfali.com\\\/app\\\/uploads\\\/2026\\\/03\\\/arqueo-10.jpg\",\"contentUrl\":\"https:\\\/\\\/canfali.com\\\/app\\\/uploads\\\/2026\\\/03\\\/arqueo-10.jpg\",\"width\":2048,\"height\":1536},{\"@type\":\"BreadcrumbList\",\"@id\":\"https:\\\/\\\/canfali.com\\\/ca-es\\\/vestides-de-nuvia-per-a-casar-se-en-el-mes-enlla\\\/#breadcrumb\",\"itemListElement\":[{\"@type\":\"ListItem\",\"position\":1,\"name\":\"Portada\",\"item\":\"https:\\\/\\\/canfali.com\\\/ca-es\\\/\"},{\"@type\":\"ListItem\",\"position\":2,\"name\":\"Vestides de n\u00favia per a casar-se en el m\u00e9s enll\u00e0\"}]},{\"@type\":\"WebSite\",\"@id\":\"https:\\\/\\\/canfali.com\\\/ca-es\\\/#website\",\"url\":\"https:\\\/\\\/canfali.com\\\/ca-es\\\/\",\"name\":\"Canfali\",\"description\":\"\",\"publisher\":{\"@id\":\"https:\\\/\\\/canfali.com\\\/ca-es\\\/#organization\"},\"potentialAction\":[{\"@type\":\"SearchAction\",\"target\":{\"@type\":\"EntryPoint\",\"urlTemplate\":\"https:\\\/\\\/canfali.com\\\/ca-es\\\/?s={search_term_string}\"},\"query-input\":{\"@type\":\"PropertyValueSpecification\",\"valueRequired\":true,\"valueName\":\"search_term_string\"}}],\"inLanguage\":\"va-ES\"},{\"@type\":\"Organization\",\"@id\":\"https:\\\/\\\/canfali.com\\\/ca-es\\\/#organization\",\"name\":\"Canfali\",\"url\":\"https:\\\/\\\/canfali.com\\\/ca-es\\\/\",\"logo\":{\"@type\":\"ImageObject\",\"inLanguage\":\"va-ES\",\"@id\":\"https:\\\/\\\/canfali.com\\\/ca-es\\\/#\\\/schema\\\/logo\\\/image\\\/\",\"url\":\"https:\\\/\\\/canfali.com\\\/app\\\/uploads\\\/2025\\\/12\\\/canfali_marina_alta_logo.png\",\"contentUrl\":\"https:\\\/\\\/canfali.com\\\/app\\\/uploads\\\/2025\\\/12\\\/canfali_marina_alta_logo.png\",\"width\":225,\"height\":225,\"caption\":\"Canfali\"},\"image\":{\"@id\":\"https:\\\/\\\/canfali.com\\\/ca-es\\\/#\\\/schema\\\/logo\\\/image\\\/\"},\"sameAs\":[\"https:\\\/\\\/es-es.facebook.com\\\/CANFALIMarinaAlta\",\"https:\\\/\\\/x.com\\\/canfalima\",\"https:\\\/\\\/www.instagram.com\\\/canfalimarinaalta\\\/\"]},{\"@type\":\"Person\",\"@id\":\"https:\\\/\\\/canfali.com\\\/ca-es\\\/#\\\/schema\\\/person\\\/c861a7aa2b2495357b95f35bd5d82f88\",\"name\":\"Rosa\",\"image\":{\"@type\":\"ImageObject\",\"inLanguage\":\"va-ES\",\"@id\":\"https:\\\/\\\/secure.gravatar.com\\\/avatar\\\/47fb83d99423a6ef1cf9f83f02a5e91366c671dec76c5c24badf1b0494e1d960?s=96&d=mm&r=g\",\"url\":\"https:\\\/\\\/secure.gravatar.com\\\/avatar\\\/47fb83d99423a6ef1cf9f83f02a5e91366c671dec76c5c24badf1b0494e1d960?s=96&d=mm&r=g\",\"contentUrl\":\"https:\\\/\\\/secure.gravatar.com\\\/avatar\\\/47fb83d99423a6ef1cf9f83f02a5e91366c671dec76c5c24badf1b0494e1d960?s=96&d=mm&r=g\",\"caption\":\"Rosa\"},\"url\":\"https:\\\/\\\/canfali.com\\\/ca-es\\\/author\\\/rosa\\\/\"}]}<\/script>\n<!-- \/ Yoast SEO Premium plugin. -->","yoast_head_json":{"title":"Vestides de n\u00favia per a casar-se en el m\u00e9s enll\u00e0 - Canfali","description":"Per qu\u00e8 una de les primeres comunitats rurals cristianes va enterrar a les seues xiquetes amb collarets i arracades, una pr\u00e0ctica prohibida?","robots":{"index":"index","follow":"follow","max-snippet":"max-snippet:-1","max-image-preview":"max-image-preview:large","max-video-preview":"max-video-preview:-1"},"canonical":"https:\/\/canfali.com\/ca-es\/vestides-de-nuvia-per-a-casar-se-en-el-mes-enlla\/","og_locale":"en_US","og_type":"article","og_title":"Vestides de n\u00favia per a casar-se en el m\u00e9s enll\u00e0","og_description":"Per qu\u00e8 una de les primeres comunitats rurals cristianes va enterrar a les seues xiquetes amb collarets i arracades, una pr\u00e0ctica prohibida?","og_url":"https:\/\/canfali.com\/ca-es\/vestides-de-nuvia-per-a-casar-se-en-el-mes-enlla\/","og_site_name":"Canfali","article_publisher":"https:\/\/es-es.facebook.com\/CANFALIMarinaAlta","article_published_time":"2026-03-13T17:12:12+00:00","article_modified_time":"2026-03-13T19:02:59+00:00","og_image":[{"width":2048,"height":1536,"url":"https:\/\/canfali.com\/app\/uploads\/2026\/03\/arqueo-10.jpg","type":"image\/jpeg"}],"author":"Rosa","twitter_card":"summary_large_image","twitter_creator":"@canfalima","twitter_site":"@canfalima","twitter_misc":{"Written by":"Rosa","Est. reading time":"4 minutes"},"schema":{"@context":"https:\/\/schema.org","@graph":[{"@type":"NewsArticle","@id":"https:\/\/canfali.com\/ca-es\/vestides-de-nuvia-per-a-casar-se-en-el-mes-enlla\/#article","isPartOf":{"@id":"https:\/\/canfali.com\/ca-es\/vestides-de-nuvia-per-a-casar-se-en-el-mes-enlla\/"},"author":{"name":"Rosa","@id":"https:\/\/canfali.com\/ca-es\/#\/schema\/person\/c861a7aa2b2495357b95f35bd5d82f88"},"headline":"Vestides de n\u00favia per a casar-se en el m\u00e9s enll\u00e0","datePublished":"2026-03-13T17:12:12+00:00","dateModified":"2026-03-13T19:02:59+00:00","mainEntityOfPage":{"@id":"https:\/\/canfali.com\/ca-es\/vestides-de-nuvia-per-a-casar-se-en-el-mes-enlla\/"},"wordCount":930,"publisher":{"@id":"https:\/\/canfali.com\/ca-es\/#organization"},"image":{"@id":"https:\/\/canfali.com\/ca-es\/vestides-de-nuvia-per-a-casar-se-en-el-mes-enlla\/#primaryimage"},"thumbnailUrl":"https:\/\/canfali.com\/app\/uploads\/2026\/03\/arqueo-10.jpg","keywords":["arqueologia","bizantina","Cabezo del Molino","Mar\u00eda Teresa Xim\u00e9nez de Embr\u00fan","necr\u00f2polis"],"articleSection":["Cultura"],"inLanguage":"va-ES","copyrightYear":"2026","copyrightHolder":{"@id":"https:\/\/canfali.com\/#organization"}},{"@type":"WebPage","@id":"https:\/\/canfali.com\/ca-es\/vestides-de-nuvia-per-a-casar-se-en-el-mes-enlla\/","url":"https:\/\/canfali.com\/ca-es\/vestides-de-nuvia-per-a-casar-se-en-el-mes-enlla\/","name":"Vestides de n\u00favia per a casar-se en el m\u00e9s enll\u00e0 - Canfali","isPartOf":{"@id":"https:\/\/canfali.com\/ca-es\/#website"},"primaryImageOfPage":{"@id":"https:\/\/canfali.com\/ca-es\/vestides-de-nuvia-per-a-casar-se-en-el-mes-enlla\/#primaryimage"},"image":{"@id":"https:\/\/canfali.com\/ca-es\/vestides-de-nuvia-per-a-casar-se-en-el-mes-enlla\/#primaryimage"},"thumbnailUrl":"https:\/\/canfali.com\/app\/uploads\/2026\/03\/arqueo-10.jpg","datePublished":"2026-03-13T17:12:12+00:00","dateModified":"2026-03-13T19:02:59+00:00","description":"Per qu\u00e8 una de les primeres comunitats rurals cristianes va enterrar a les seues xiquetes amb collarets i arracades, una pr\u00e0ctica prohibida?","breadcrumb":{"@id":"https:\/\/canfali.com\/ca-es\/vestides-de-nuvia-per-a-casar-se-en-el-mes-enlla\/#breadcrumb"},"inLanguage":"va-ES","potentialAction":[{"@type":"ReadAction","target":["https:\/\/canfali.com\/ca-es\/vestides-de-nuvia-per-a-casar-se-en-el-mes-enlla\/"]}]},{"@type":"ImageObject","inLanguage":"va-ES","@id":"https:\/\/canfali.com\/ca-es\/vestides-de-nuvia-per-a-casar-se-en-el-mes-enlla\/#primaryimage","url":"https:\/\/canfali.com\/app\/uploads\/2026\/03\/arqueo-10.jpg","contentUrl":"https:\/\/canfali.com\/app\/uploads\/2026\/03\/arqueo-10.jpg","width":2048,"height":1536},{"@type":"BreadcrumbList","@id":"https:\/\/canfali.com\/ca-es\/vestides-de-nuvia-per-a-casar-se-en-el-mes-enlla\/#breadcrumb","itemListElement":[{"@type":"ListItem","position":1,"name":"Portada","item":"https:\/\/canfali.com\/ca-es\/"},{"@type":"ListItem","position":2,"name":"Vestides de n\u00favia per a casar-se en el m\u00e9s enll\u00e0"}]},{"@type":"WebSite","@id":"https:\/\/canfali.com\/ca-es\/#website","url":"https:\/\/canfali.com\/ca-es\/","name":"Canfali","description":"","publisher":{"@id":"https:\/\/canfali.com\/ca-es\/#organization"},"potentialAction":[{"@type":"SearchAction","target":{"@type":"EntryPoint","urlTemplate":"https:\/\/canfali.com\/ca-es\/?s={search_term_string}"},"query-input":{"@type":"PropertyValueSpecification","valueRequired":true,"valueName":"search_term_string"}}],"inLanguage":"va-ES"},{"@type":"Organization","@id":"https:\/\/canfali.com\/ca-es\/#organization","name":"Canfali","url":"https:\/\/canfali.com\/ca-es\/","logo":{"@type":"ImageObject","inLanguage":"va-ES","@id":"https:\/\/canfali.com\/ca-es\/#\/schema\/logo\/image\/","url":"https:\/\/canfali.com\/app\/uploads\/2025\/12\/canfali_marina_alta_logo.png","contentUrl":"https:\/\/canfali.com\/app\/uploads\/2025\/12\/canfali_marina_alta_logo.png","width":225,"height":225,"caption":"Canfali"},"image":{"@id":"https:\/\/canfali.com\/ca-es\/#\/schema\/logo\/image\/"},"sameAs":["https:\/\/es-es.facebook.com\/CANFALIMarinaAlta","https:\/\/x.com\/canfalima","https:\/\/www.instagram.com\/canfalimarinaalta\/"]},{"@type":"Person","@id":"https:\/\/canfali.com\/ca-es\/#\/schema\/person\/c861a7aa2b2495357b95f35bd5d82f88","name":"Rosa","image":{"@type":"ImageObject","inLanguage":"va-ES","@id":"https:\/\/secure.gravatar.com\/avatar\/47fb83d99423a6ef1cf9f83f02a5e91366c671dec76c5c24badf1b0494e1d960?s=96&d=mm&r=g","url":"https:\/\/secure.gravatar.com\/avatar\/47fb83d99423a6ef1cf9f83f02a5e91366c671dec76c5c24badf1b0494e1d960?s=96&d=mm&r=g","contentUrl":"https:\/\/secure.gravatar.com\/avatar\/47fb83d99423a6ef1cf9f83f02a5e91366c671dec76c5c24badf1b0494e1d960?s=96&d=mm&r=g","caption":"Rosa"},"url":"https:\/\/canfali.com\/ca-es\/author\/rosa\/"}]}},"_links":{"self":[{"href":"https:\/\/canfali.com\/ca-es\/wp-json\/wp\/v2\/posts\/91142","targetHints":{"allow":["GET"]}}],"collection":[{"href":"https:\/\/canfali.com\/ca-es\/wp-json\/wp\/v2\/posts"}],"about":[{"href":"https:\/\/canfali.com\/ca-es\/wp-json\/wp\/v2\/types\/post"}],"author":[{"embeddable":true,"href":"https:\/\/canfali.com\/ca-es\/wp-json\/wp\/v2\/users\/6"}],"replies":[{"embeddable":true,"href":"https:\/\/canfali.com\/ca-es\/wp-json\/wp\/v2\/comments?post=91142"}],"version-history":[{"count":1,"href":"https:\/\/canfali.com\/ca-es\/wp-json\/wp\/v2\/posts\/91142\/revisions"}],"predecessor-version":[{"id":91143,"href":"https:\/\/canfali.com\/ca-es\/wp-json\/wp\/v2\/posts\/91142\/revisions\/91143"}],"wp:featuredmedia":[{"embeddable":true,"href":"https:\/\/canfali.com\/ca-es\/wp-json\/wp\/v2\/media\/91112"}],"wp:attachment":[{"href":"https:\/\/canfali.com\/ca-es\/wp-json\/wp\/v2\/media?parent=91142"}],"wp:term":[{"taxonomy":"category","embeddable":true,"href":"https:\/\/canfali.com\/ca-es\/wp-json\/wp\/v2\/categories?post=91142"},{"taxonomy":"post_tag","embeddable":true,"href":"https:\/\/canfali.com\/ca-es\/wp-json\/wp\/v2\/tags?post=91142"}],"curies":[{"name":"wp","href":"https:\/\/api.w.org\/{rel}","templated":true}]}}