{"id":91129,"date":"2026-03-13T18:33:16","date_gmt":"2026-03-13T17:33:16","guid":{"rendered":"https:\/\/canfali.com\/?p=91129"},"modified":"2026-03-13T19:41:28","modified_gmt":"2026-03-13T18:41:28","slug":"loli-noves-eines-noves-paraules-nou-paisatge-i-un-missatge-doptimisme","status":"publish","type":"post","link":"https:\/\/canfali.com\/ca-es\/loli-noves-eines-noves-paraules-nou-paisatge-i-un-missatge-doptimisme\/","title":{"rendered":"L\u2019oli: noves eines, noves paraules, nou paisatge i un missatge d\u2019optimisme"},"content":{"rendered":"\n<p><\/p>\n\n\n\n<figure class=\"wp-block-pullquote\"><blockquote><p>Roser Cabrera presenta la reedici\u00f3 ampliada del seu estudi sobre l\u2019olivera<\/p><\/blockquote><\/figure>\n\n\n\n<p>Afirma Francesc-Xavier Llorca, doctor en filologia catalana, que la seua narrativa \u00e9s com el suc d\u2019oliva blanqueta, una de les varietats aut\u00f2ctones m\u00e9s reconegudes i apreciades. Roser Cabrera \u00e9s una apassionada de la llengua, de la cultura i del territori. Al llarg d\u2019una dilatada traject\u00f2ria, ha investigat i ha rescatat paraules lligades a oficis de la terra i de la mar amb la voluntat de preservar formes de vida i mots en perill de desaparici\u00f3. <em>Del bancal al setrill. Estudi etnoling\u00fc\u00edstic de l&#8217;olivera i l&#8217;oli <\/em>n\u2019\u00e9s una mostra.<\/p>\n\n\n\n<p>El treball amplia i actualitza una publicaci\u00f3 anterior, de l\u2019any 1986, per donar a con\u00e8ixer els canvis que s\u2019han produ\u00eft en els darrers 40 anys pel que fa a les eines de treball, el paisatge i tot el que envolta la cultura de l\u2019oli i l\u2019olivera. Tamb\u00e9 les paraules, \u00e9s clar. \u201cNoves paraules per a un nou m\u00f3n d\u2019elaboraci\u00f3 de l\u2019oli\u201d, indicava en la presentaci\u00f3 del llibre, que ha estat editat per l\u2019ETNO, Museu Valenci\u00e0 d\u2019Etnologia. Si abans el matxo, el trompellot, l\u2019esport\u00ed i la gronsa eren vocables associats a l\u2019alm\u00e0ssera, ara ho s\u00f3n la centrifugaci\u00f3, el decantador o l\u2019\u00e0cid oleic.<\/p>\n\n\n\n<figure class=\"wp-block-image size-large\"><img decoding=\"async\" src=\"https:\/\/canfali.com\/app\/uploads\/2026\/03\/Xaro-cabrera-5-1024x678.jpg.webp\" alt=\"\" class=\"wp-image-91132\"\/><\/figure>\n\n\n\n<p>Roser Cabrera inclou en el llibre material gr\u00e0fic junt amb objectes, accions i expressions noves i en risc de desaparici\u00f3. Ha sigut fonamental l\u2019aportaci\u00f3 dels seus \u2018informadors\u2019, com ella els denomina, que li han obert els ulls a un m\u00f3n nou de l\u2019oli i l\u2019olivera. Si abans els transmissors d\u2019eixe saber fer eren persones majors, ara s\u00f3n tamb\u00e9 j\u00f3vens que se senten orgullosos del seu treball. \u201cUn luxe\u201d, deia Xaro -el nom amb qu\u00e8 molts la coneixem- dimecres a la Biblioteca Juan Chab\u00e1s de D\u00e9nia.<\/p>\n\n\n\n<p>Els canvis en 40 anys afecten tamb\u00e9 l\u2019alm\u00e0ssera. Res a vore les lluminoses i les as\u00e8ptiques alm\u00e0sseres d\u2019ara -que com ella diu semblen laboratoris-, amb les d\u2019abans, fosques, d\u2019olors intenses i amb objectes d\u2019espart, ferro, llanda i fusta penjats. L\u2019acer inoxidable i els panels de control dibuixen un interior diferent.<\/p>\n\n\n\n<p>Tamb\u00e9 el paisatge exterior ha canviat. Els camps, els bancals i les muntanyes escalonades han sofert un proc\u00e9s de transformaci\u00f3, amb terres que han sigut amb massa freq\u00fc\u00e8ncia colonitzades pel ciment i les urbanitzacions. Altres, abandonades.<\/p>\n\n\n\n<p>Ara b\u00e9, el moviment transformador continua. L\u2019olivera \u00e9s un arbre resistent que ha aconseguit sobreviure a \u00e8poques de sequera i que s\u2019ha erigit en alternativa a altres conreus, com el de l\u2019ametler, malm\u00e8s per la <em>xylella<\/em>.<\/p>\n\n\n\n<figure class=\"wp-block-image size-large\"><img decoding=\"async\" src=\"https:\/\/canfali.com\/app\/uploads\/2026\/03\/Xaro-cabrera-4-1024x678.jpg.webp\" alt=\"\" class=\"wp-image-91133\"\/><\/figure>\n\n\n\n<p>Cada vegada hi ha un inter\u00e8s major, especialment entre els j\u00f3vens, per defensar el patrimoni agr\u00edcola i recuperar els terrenys abandonats. Sense renunciar als vells consells dels avantpassats, els llauradors introdueixen nous conceptes i nova tecnologia que dibuixen un nou camp. Processos mecanitzats, fileres m\u00e9s separades, soques de diferents grand\u00e0ries amb exemplars m\u00e9s joves, agricultura ecol\u00f2gica, terrenys muntanyosos recuperats, el reg per degoteig en altres casos&#8230;<\/p>\n\n\n\n<p>L\u2019autora del llibre fa esment tamb\u00e9 a un ampli moviment social i cultural al voltant de l\u2019olivera que es veu reflectit en el naixement d\u2019associacions i iniciatives que impulsen l\u2019oleoturisme, rutes d\u2019oliveres mil\u00b7len\u00e0ries, tasts d\u2019oli, fires i altres activitats relacionades amb aspectes nutricionals o saludables de l\u2019oli, amb l\u2019est\u00e8tica i els beneficis per a la pell o l\u2019artesania. Per tant, assenyala Cabrera, sembla que el futur de l\u2019oli i l\u2019olivera no \u00e9s tan pessimista com es pensava fa uns anys.<\/p>\n\n\n\n<figure class=\"wp-block-image size-large\"><img decoding=\"async\" src=\"https:\/\/canfali.com\/app\/uploads\/2026\/03\/Xaro-cabrera-6-1024x678.jpg.webp\" alt=\"\" class=\"wp-image-91135\"\/><\/figure>\n\n\n\n<h2 class=\"wp-block-heading\" id=\"h-investigadora-incansable\"><strong>Investigadora incansable<\/strong><\/h2>\n\n\n\n<p>De Xaro Cabrera, investigadora incansable, va destacar Francesc-Xavier Llorca la seua capacitat de treball i la seua sensibilitat per tractar el tema del seu \u00faltim llibre, per arreplegar la informaci\u00f3 i transmetre-la als lectors. <em>Del bancal al setrill. Estudi etnoling\u00fc\u00edstic de l&#8217;olivera i l&#8217;oli<\/em> \u00e9s, segons el professor de la Universitat d&#8217;Alacant, \u201cuna excel\u00b7lent monografia d\u2019escriptura clara i amena i detallista\u201d.<\/p>\n\n\n\n<p>Llorca, que \u00e9s autor tamb\u00e9 de diversos llibres sobre l\u00e8xic, topon\u00edmia i cultura popular, ha remarcat la important aportaci\u00f3 de l\u2019obra de Roser Cabrera al patrimoni etnoling\u00fc\u00edstic del Pa\u00eds Valenci\u00e0 i la manera \u201ccompleta i \u00fanica\u201d amb qu\u00e8 ha estudiat en particular l\u2019olivera i l\u2019oli. Un m\u00f3n \u201cesplendorosament tradicional\u201d, afegia, \u201cper\u00f2 moltes vegades invisibilitzat per la mirada urbanita\u201d.<\/p>\n","protected":false},"excerpt":{"rendered":"Roser Cabrera presenta la reedici\u00f3 ampliada del seu estudi sobre l\u2019olivera Afirma Francesc-Xavier Llorca, doctor en filologia catalana,&hellip;","protected":false},"author":6,"featured_media":91130,"comment_status":"closed","ping_status":"closed","sticky":false,"template":"","format":"standard","meta":{"csco_display_header_overlay":false,"csco_singular_sidebar":"","csco_page_header_type":"","csco_page_load_nextpost":"","csco_post_video_location":[],"csco_post_video_location_hash":"","csco_post_video_url":"","csco_post_video_bg_start_time":0,"csco_post_video_bg_end_time":0,"footnotes":""},"categories":[597],"tags":[7086,7087,7084,1088,7081,7083,7085,7082],"class_list":{"0":"post-91129","1":"post","2":"type-post","3":"status-publish","4":"format-standard","5":"has-post-thumbnail","7":"category-cultura-ca-es","8":"tag-bancal","9":"tag-etnolinguistica","10":"tag-francesc-xavier-llorca","11":"tag-oli","12":"tag-olivera","13":"tag-roser-cabrera","14":"tag-setrill","15":"tag-xaro-cabrera","16":"cs-entry","17":"cs-video-wrap"},"yoast_head":"<!-- This site is optimized with the Yoast SEO Premium plugin v26.6 (Yoast SEO v27.3) - https:\/\/yoast.com\/product\/yoast-seo-premium-wordpress\/ -->\n<title>L\u2019oli: noves eines, noves paraules, nou paisatge i un missatge d\u2019optimisme - Canfali<\/title>\n<meta name=\"description\" content=\"Roser Cabrera presenta la reedici\u00f3 ampliada del seu estudi sobre l\u2019olivera i l&#039;oli\" \/>\n<meta name=\"robots\" content=\"index, follow, max-snippet:-1, max-image-preview:large, max-video-preview:-1\" \/>\n<link rel=\"canonical\" href=\"https:\/\/canfali.com\/ca-es\/loli-noves-eines-noves-paraules-nou-paisatge-i-un-missatge-doptimisme\/\" \/>\n<meta property=\"og:locale\" content=\"en_US\" \/>\n<meta property=\"og:type\" content=\"article\" \/>\n<meta property=\"og:title\" content=\"L\u2019oli: noves eines, noves paraules, nou paisatge i un missatge d\u2019optimisme\" \/>\n<meta property=\"og:description\" content=\"Roser Cabrera presenta la reedici\u00f3 ampliada del seu estudi sobre l\u2019olivera i l&#039;oli\" \/>\n<meta property=\"og:url\" content=\"https:\/\/canfali.com\/ca-es\/loli-noves-eines-noves-paraules-nou-paisatge-i-un-missatge-doptimisme\/\" \/>\n<meta property=\"og:site_name\" content=\"Canfali\" \/>\n<meta property=\"article:publisher\" content=\"https:\/\/es-es.facebook.com\/CANFALIMarinaAlta\" \/>\n<meta property=\"article:published_time\" content=\"2026-03-13T17:33:16+00:00\" \/>\n<meta property=\"article:modified_time\" content=\"2026-03-13T18:41:28+00:00\" \/>\n<meta property=\"og:image\" content=\"https:\/\/canfali.com\/app\/uploads\/2026\/03\/Xaro-cabrera-3-scaled.jpg\" \/>\n\t<meta property=\"og:image:width\" content=\"2560\" \/>\n\t<meta property=\"og:image:height\" content=\"1696\" \/>\n\t<meta property=\"og:image:type\" content=\"image\/jpeg\" \/>\n<meta name=\"author\" content=\"Rosa\" \/>\n<meta name=\"twitter:card\" content=\"summary_large_image\" \/>\n<meta name=\"twitter:creator\" content=\"@canfalima\" \/>\n<meta name=\"twitter:site\" content=\"@canfalima\" \/>\n<meta name=\"twitter:label1\" content=\"Written by\" \/>\n\t<meta name=\"twitter:data1\" content=\"Rosa\" \/>\n\t<meta name=\"twitter:label2\" content=\"Est. reading time\" \/>\n\t<meta name=\"twitter:data2\" content=\"4 minutes\" \/>\n<script type=\"application\/ld+json\" class=\"yoast-schema-graph\">{\"@context\":\"https:\\\/\\\/schema.org\",\"@graph\":[{\"@type\":\"NewsArticle\",\"@id\":\"https:\\\/\\\/canfali.com\\\/ca-es\\\/loli-noves-eines-noves-paraules-nou-paisatge-i-un-missatge-doptimisme\\\/#article\",\"isPartOf\":{\"@id\":\"https:\\\/\\\/canfali.com\\\/ca-es\\\/loli-noves-eines-noves-paraules-nou-paisatge-i-un-missatge-doptimisme\\\/\"},\"author\":{\"name\":\"Rosa\",\"@id\":\"https:\\\/\\\/canfali.com\\\/ca-es\\\/#\\\/schema\\\/person\\\/c861a7aa2b2495357b95f35bd5d82f88\"},\"headline\":\"L\u2019oli: noves eines, noves paraules, nou paisatge i un missatge d\u2019optimisme\",\"datePublished\":\"2026-03-13T17:33:16+00:00\",\"dateModified\":\"2026-03-13T18:41:28+00:00\",\"mainEntityOfPage\":{\"@id\":\"https:\\\/\\\/canfali.com\\\/ca-es\\\/loli-noves-eines-noves-paraules-nou-paisatge-i-un-missatge-doptimisme\\\/\"},\"wordCount\":770,\"publisher\":{\"@id\":\"https:\\\/\\\/canfali.com\\\/ca-es\\\/#organization\"},\"image\":{\"@id\":\"https:\\\/\\\/canfali.com\\\/ca-es\\\/loli-noves-eines-noves-paraules-nou-paisatge-i-un-missatge-doptimisme\\\/#primaryimage\"},\"thumbnailUrl\":\"https:\\\/\\\/canfali.com\\\/app\\\/uploads\\\/2026\\\/03\\\/Xaro-cabrera-3-scaled.jpg\",\"keywords\":[\"bancal\",\"etnoling\u00fc\u00edstica\",\"Francesc-Xavier Llorca\",\"oli\",\"olivera\",\"Roser Cabrera\",\"setrill\",\"Xaro Cabrera\"],\"articleSection\":[\"Cultura\"],\"inLanguage\":\"va-ES\",\"copyrightYear\":\"2026\",\"copyrightHolder\":{\"@id\":\"https:\\\/\\\/canfali.com\\\/#organization\"}},{\"@type\":\"WebPage\",\"@id\":\"https:\\\/\\\/canfali.com\\\/ca-es\\\/loli-noves-eines-noves-paraules-nou-paisatge-i-un-missatge-doptimisme\\\/\",\"url\":\"https:\\\/\\\/canfali.com\\\/ca-es\\\/loli-noves-eines-noves-paraules-nou-paisatge-i-un-missatge-doptimisme\\\/\",\"name\":\"L\u2019oli: noves eines, noves paraules, nou paisatge i un missatge d\u2019optimisme - Canfali\",\"isPartOf\":{\"@id\":\"https:\\\/\\\/canfali.com\\\/ca-es\\\/#website\"},\"primaryImageOfPage\":{\"@id\":\"https:\\\/\\\/canfali.com\\\/ca-es\\\/loli-noves-eines-noves-paraules-nou-paisatge-i-un-missatge-doptimisme\\\/#primaryimage\"},\"image\":{\"@id\":\"https:\\\/\\\/canfali.com\\\/ca-es\\\/loli-noves-eines-noves-paraules-nou-paisatge-i-un-missatge-doptimisme\\\/#primaryimage\"},\"thumbnailUrl\":\"https:\\\/\\\/canfali.com\\\/app\\\/uploads\\\/2026\\\/03\\\/Xaro-cabrera-3-scaled.jpg\",\"datePublished\":\"2026-03-13T17:33:16+00:00\",\"dateModified\":\"2026-03-13T18:41:28+00:00\",\"description\":\"Roser Cabrera presenta la reedici\u00f3 ampliada del seu estudi sobre l\u2019olivera i l'oli\",\"breadcrumb\":{\"@id\":\"https:\\\/\\\/canfali.com\\\/ca-es\\\/loli-noves-eines-noves-paraules-nou-paisatge-i-un-missatge-doptimisme\\\/#breadcrumb\"},\"inLanguage\":\"va-ES\",\"potentialAction\":[{\"@type\":\"ReadAction\",\"target\":[\"https:\\\/\\\/canfali.com\\\/ca-es\\\/loli-noves-eines-noves-paraules-nou-paisatge-i-un-missatge-doptimisme\\\/\"]}]},{\"@type\":\"ImageObject\",\"inLanguage\":\"va-ES\",\"@id\":\"https:\\\/\\\/canfali.com\\\/ca-es\\\/loli-noves-eines-noves-paraules-nou-paisatge-i-un-missatge-doptimisme\\\/#primaryimage\",\"url\":\"https:\\\/\\\/canfali.com\\\/app\\\/uploads\\\/2026\\\/03\\\/Xaro-cabrera-3-scaled.jpg\",\"contentUrl\":\"https:\\\/\\\/canfali.com\\\/app\\\/uploads\\\/2026\\\/03\\\/Xaro-cabrera-3-scaled.jpg\",\"width\":2560,\"height\":1696},{\"@type\":\"BreadcrumbList\",\"@id\":\"https:\\\/\\\/canfali.com\\\/ca-es\\\/loli-noves-eines-noves-paraules-nou-paisatge-i-un-missatge-doptimisme\\\/#breadcrumb\",\"itemListElement\":[{\"@type\":\"ListItem\",\"position\":1,\"name\":\"Portada\",\"item\":\"https:\\\/\\\/canfali.com\\\/ca-es\\\/\"},{\"@type\":\"ListItem\",\"position\":2,\"name\":\"L\u2019oli: noves eines, noves paraules, nou paisatge i un missatge d\u2019optimisme\"}]},{\"@type\":\"WebSite\",\"@id\":\"https:\\\/\\\/canfali.com\\\/ca-es\\\/#website\",\"url\":\"https:\\\/\\\/canfali.com\\\/ca-es\\\/\",\"name\":\"Canfali\",\"description\":\"\",\"publisher\":{\"@id\":\"https:\\\/\\\/canfali.com\\\/ca-es\\\/#organization\"},\"potentialAction\":[{\"@type\":\"SearchAction\",\"target\":{\"@type\":\"EntryPoint\",\"urlTemplate\":\"https:\\\/\\\/canfali.com\\\/ca-es\\\/?s={search_term_string}\"},\"query-input\":{\"@type\":\"PropertyValueSpecification\",\"valueRequired\":true,\"valueName\":\"search_term_string\"}}],\"inLanguage\":\"va-ES\"},{\"@type\":\"Organization\",\"@id\":\"https:\\\/\\\/canfali.com\\\/ca-es\\\/#organization\",\"name\":\"Canfali\",\"url\":\"https:\\\/\\\/canfali.com\\\/ca-es\\\/\",\"logo\":{\"@type\":\"ImageObject\",\"inLanguage\":\"va-ES\",\"@id\":\"https:\\\/\\\/canfali.com\\\/ca-es\\\/#\\\/schema\\\/logo\\\/image\\\/\",\"url\":\"https:\\\/\\\/canfali.com\\\/app\\\/uploads\\\/2025\\\/12\\\/canfali_marina_alta_logo.png\",\"contentUrl\":\"https:\\\/\\\/canfali.com\\\/app\\\/uploads\\\/2025\\\/12\\\/canfali_marina_alta_logo.png\",\"width\":225,\"height\":225,\"caption\":\"Canfali\"},\"image\":{\"@id\":\"https:\\\/\\\/canfali.com\\\/ca-es\\\/#\\\/schema\\\/logo\\\/image\\\/\"},\"sameAs\":[\"https:\\\/\\\/es-es.facebook.com\\\/CANFALIMarinaAlta\",\"https:\\\/\\\/x.com\\\/canfalima\",\"https:\\\/\\\/www.instagram.com\\\/canfalimarinaalta\\\/\"]},{\"@type\":\"Person\",\"@id\":\"https:\\\/\\\/canfali.com\\\/ca-es\\\/#\\\/schema\\\/person\\\/c861a7aa2b2495357b95f35bd5d82f88\",\"name\":\"Rosa\",\"image\":{\"@type\":\"ImageObject\",\"inLanguage\":\"va-ES\",\"@id\":\"https:\\\/\\\/secure.gravatar.com\\\/avatar\\\/47fb83d99423a6ef1cf9f83f02a5e91366c671dec76c5c24badf1b0494e1d960?s=96&d=mm&r=g\",\"url\":\"https:\\\/\\\/secure.gravatar.com\\\/avatar\\\/47fb83d99423a6ef1cf9f83f02a5e91366c671dec76c5c24badf1b0494e1d960?s=96&d=mm&r=g\",\"contentUrl\":\"https:\\\/\\\/secure.gravatar.com\\\/avatar\\\/47fb83d99423a6ef1cf9f83f02a5e91366c671dec76c5c24badf1b0494e1d960?s=96&d=mm&r=g\",\"caption\":\"Rosa\"},\"url\":\"https:\\\/\\\/canfali.com\\\/ca-es\\\/author\\\/rosa\\\/\"}]}<\/script>\n<!-- \/ Yoast SEO Premium plugin. -->","yoast_head_json":{"title":"L\u2019oli: noves eines, noves paraules, nou paisatge i un missatge d\u2019optimisme - Canfali","description":"Roser Cabrera presenta la reedici\u00f3 ampliada del seu estudi sobre l\u2019olivera i l'oli","robots":{"index":"index","follow":"follow","max-snippet":"max-snippet:-1","max-image-preview":"max-image-preview:large","max-video-preview":"max-video-preview:-1"},"canonical":"https:\/\/canfali.com\/ca-es\/loli-noves-eines-noves-paraules-nou-paisatge-i-un-missatge-doptimisme\/","og_locale":"en_US","og_type":"article","og_title":"L\u2019oli: noves eines, noves paraules, nou paisatge i un missatge d\u2019optimisme","og_description":"Roser Cabrera presenta la reedici\u00f3 ampliada del seu estudi sobre l\u2019olivera i l'oli","og_url":"https:\/\/canfali.com\/ca-es\/loli-noves-eines-noves-paraules-nou-paisatge-i-un-missatge-doptimisme\/","og_site_name":"Canfali","article_publisher":"https:\/\/es-es.facebook.com\/CANFALIMarinaAlta","article_published_time":"2026-03-13T17:33:16+00:00","article_modified_time":"2026-03-13T18:41:28+00:00","og_image":[{"width":2560,"height":1696,"url":"https:\/\/canfali.com\/app\/uploads\/2026\/03\/Xaro-cabrera-3-scaled.jpg","type":"image\/jpeg"}],"author":"Rosa","twitter_card":"summary_large_image","twitter_creator":"@canfalima","twitter_site":"@canfalima","twitter_misc":{"Written by":"Rosa","Est. reading time":"4 minutes"},"schema":{"@context":"https:\/\/schema.org","@graph":[{"@type":"NewsArticle","@id":"https:\/\/canfali.com\/ca-es\/loli-noves-eines-noves-paraules-nou-paisatge-i-un-missatge-doptimisme\/#article","isPartOf":{"@id":"https:\/\/canfali.com\/ca-es\/loli-noves-eines-noves-paraules-nou-paisatge-i-un-missatge-doptimisme\/"},"author":{"name":"Rosa","@id":"https:\/\/canfali.com\/ca-es\/#\/schema\/person\/c861a7aa2b2495357b95f35bd5d82f88"},"headline":"L\u2019oli: noves eines, noves paraules, nou paisatge i un missatge d\u2019optimisme","datePublished":"2026-03-13T17:33:16+00:00","dateModified":"2026-03-13T18:41:28+00:00","mainEntityOfPage":{"@id":"https:\/\/canfali.com\/ca-es\/loli-noves-eines-noves-paraules-nou-paisatge-i-un-missatge-doptimisme\/"},"wordCount":770,"publisher":{"@id":"https:\/\/canfali.com\/ca-es\/#organization"},"image":{"@id":"https:\/\/canfali.com\/ca-es\/loli-noves-eines-noves-paraules-nou-paisatge-i-un-missatge-doptimisme\/#primaryimage"},"thumbnailUrl":"https:\/\/canfali.com\/app\/uploads\/2026\/03\/Xaro-cabrera-3-scaled.jpg","keywords":["bancal","etnoling\u00fc\u00edstica","Francesc-Xavier Llorca","oli","olivera","Roser Cabrera","setrill","Xaro Cabrera"],"articleSection":["Cultura"],"inLanguage":"va-ES","copyrightYear":"2026","copyrightHolder":{"@id":"https:\/\/canfali.com\/#organization"}},{"@type":"WebPage","@id":"https:\/\/canfali.com\/ca-es\/loli-noves-eines-noves-paraules-nou-paisatge-i-un-missatge-doptimisme\/","url":"https:\/\/canfali.com\/ca-es\/loli-noves-eines-noves-paraules-nou-paisatge-i-un-missatge-doptimisme\/","name":"L\u2019oli: noves eines, noves paraules, nou paisatge i un missatge d\u2019optimisme - Canfali","isPartOf":{"@id":"https:\/\/canfali.com\/ca-es\/#website"},"primaryImageOfPage":{"@id":"https:\/\/canfali.com\/ca-es\/loli-noves-eines-noves-paraules-nou-paisatge-i-un-missatge-doptimisme\/#primaryimage"},"image":{"@id":"https:\/\/canfali.com\/ca-es\/loli-noves-eines-noves-paraules-nou-paisatge-i-un-missatge-doptimisme\/#primaryimage"},"thumbnailUrl":"https:\/\/canfali.com\/app\/uploads\/2026\/03\/Xaro-cabrera-3-scaled.jpg","datePublished":"2026-03-13T17:33:16+00:00","dateModified":"2026-03-13T18:41:28+00:00","description":"Roser Cabrera presenta la reedici\u00f3 ampliada del seu estudi sobre l\u2019olivera i l'oli","breadcrumb":{"@id":"https:\/\/canfali.com\/ca-es\/loli-noves-eines-noves-paraules-nou-paisatge-i-un-missatge-doptimisme\/#breadcrumb"},"inLanguage":"va-ES","potentialAction":[{"@type":"ReadAction","target":["https:\/\/canfali.com\/ca-es\/loli-noves-eines-noves-paraules-nou-paisatge-i-un-missatge-doptimisme\/"]}]},{"@type":"ImageObject","inLanguage":"va-ES","@id":"https:\/\/canfali.com\/ca-es\/loli-noves-eines-noves-paraules-nou-paisatge-i-un-missatge-doptimisme\/#primaryimage","url":"https:\/\/canfali.com\/app\/uploads\/2026\/03\/Xaro-cabrera-3-scaled.jpg","contentUrl":"https:\/\/canfali.com\/app\/uploads\/2026\/03\/Xaro-cabrera-3-scaled.jpg","width":2560,"height":1696},{"@type":"BreadcrumbList","@id":"https:\/\/canfali.com\/ca-es\/loli-noves-eines-noves-paraules-nou-paisatge-i-un-missatge-doptimisme\/#breadcrumb","itemListElement":[{"@type":"ListItem","position":1,"name":"Portada","item":"https:\/\/canfali.com\/ca-es\/"},{"@type":"ListItem","position":2,"name":"L\u2019oli: noves eines, noves paraules, nou paisatge i un missatge d\u2019optimisme"}]},{"@type":"WebSite","@id":"https:\/\/canfali.com\/ca-es\/#website","url":"https:\/\/canfali.com\/ca-es\/","name":"Canfali","description":"","publisher":{"@id":"https:\/\/canfali.com\/ca-es\/#organization"},"potentialAction":[{"@type":"SearchAction","target":{"@type":"EntryPoint","urlTemplate":"https:\/\/canfali.com\/ca-es\/?s={search_term_string}"},"query-input":{"@type":"PropertyValueSpecification","valueRequired":true,"valueName":"search_term_string"}}],"inLanguage":"va-ES"},{"@type":"Organization","@id":"https:\/\/canfali.com\/ca-es\/#organization","name":"Canfali","url":"https:\/\/canfali.com\/ca-es\/","logo":{"@type":"ImageObject","inLanguage":"va-ES","@id":"https:\/\/canfali.com\/ca-es\/#\/schema\/logo\/image\/","url":"https:\/\/canfali.com\/app\/uploads\/2025\/12\/canfali_marina_alta_logo.png","contentUrl":"https:\/\/canfali.com\/app\/uploads\/2025\/12\/canfali_marina_alta_logo.png","width":225,"height":225,"caption":"Canfali"},"image":{"@id":"https:\/\/canfali.com\/ca-es\/#\/schema\/logo\/image\/"},"sameAs":["https:\/\/es-es.facebook.com\/CANFALIMarinaAlta","https:\/\/x.com\/canfalima","https:\/\/www.instagram.com\/canfalimarinaalta\/"]},{"@type":"Person","@id":"https:\/\/canfali.com\/ca-es\/#\/schema\/person\/c861a7aa2b2495357b95f35bd5d82f88","name":"Rosa","image":{"@type":"ImageObject","inLanguage":"va-ES","@id":"https:\/\/secure.gravatar.com\/avatar\/47fb83d99423a6ef1cf9f83f02a5e91366c671dec76c5c24badf1b0494e1d960?s=96&d=mm&r=g","url":"https:\/\/secure.gravatar.com\/avatar\/47fb83d99423a6ef1cf9f83f02a5e91366c671dec76c5c24badf1b0494e1d960?s=96&d=mm&r=g","contentUrl":"https:\/\/secure.gravatar.com\/avatar\/47fb83d99423a6ef1cf9f83f02a5e91366c671dec76c5c24badf1b0494e1d960?s=96&d=mm&r=g","caption":"Rosa"},"url":"https:\/\/canfali.com\/ca-es\/author\/rosa\/"}]}},"_links":{"self":[{"href":"https:\/\/canfali.com\/ca-es\/wp-json\/wp\/v2\/posts\/91129","targetHints":{"allow":["GET"]}}],"collection":[{"href":"https:\/\/canfali.com\/ca-es\/wp-json\/wp\/v2\/posts"}],"about":[{"href":"https:\/\/canfali.com\/ca-es\/wp-json\/wp\/v2\/types\/post"}],"author":[{"embeddable":true,"href":"https:\/\/canfali.com\/ca-es\/wp-json\/wp\/v2\/users\/6"}],"replies":[{"embeddable":true,"href":"https:\/\/canfali.com\/ca-es\/wp-json\/wp\/v2\/comments?post=91129"}],"version-history":[{"count":2,"href":"https:\/\/canfali.com\/ca-es\/wp-json\/wp\/v2\/posts\/91129\/revisions"}],"predecessor-version":[{"id":91141,"href":"https:\/\/canfali.com\/ca-es\/wp-json\/wp\/v2\/posts\/91129\/revisions\/91141"}],"wp:featuredmedia":[{"embeddable":true,"href":"https:\/\/canfali.com\/ca-es\/wp-json\/wp\/v2\/media\/91130"}],"wp:attachment":[{"href":"https:\/\/canfali.com\/ca-es\/wp-json\/wp\/v2\/media?parent=91129"}],"wp:term":[{"taxonomy":"category","embeddable":true,"href":"https:\/\/canfali.com\/ca-es\/wp-json\/wp\/v2\/categories?post=91129"},{"taxonomy":"post_tag","embeddable":true,"href":"https:\/\/canfali.com\/ca-es\/wp-json\/wp\/v2\/tags?post=91129"}],"curies":[{"name":"wp","href":"https:\/\/api.w.org\/{rel}","templated":true}]}}