{"id":91108,"date":"2026-03-13T17:36:32","date_gmt":"2026-03-13T16:36:32","guid":{"rendered":"https:\/\/canfali.com\/el-pspv-de-xabia-forca-un-ple-extraordinari-per-exigir-a-la-conselleria-que-actue-al-col%c2%b7legi-graull\/"},"modified":"2026-03-13T17:38:31","modified_gmt":"2026-03-13T16:38:31","slug":"el-pspv-de-xabia-forca-un-ple-extraordinari-per-exigir-a-la-conselleria-que-actue-al-col%c2%b7legi-graull","status":"publish","type":"post","link":"https:\/\/canfali.com\/ca-es\/el-pspv-de-xabia-forca-un-ple-extraordinari-per-exigir-a-la-conselleria-que-actue-al-col%c2%b7legi-graull\/","title":{"rendered":"El PSPV de X\u00e0bia for\u00e7a un ple extraordinari per exigir a la Conselleria que actue al col\u00b7legi Gra\u00fcll"},"content":{"rendered":"\n<p>El Grup Municipal Socialista de X\u00e0bia ha sol\u00b7licitat la convocat\u00f2ria d\u2019un ple extraordinari per exigir a la Conselleria d\u2019Educaci\u00f3 que assumisca les seues responsabilitats al CEIP Gra\u00fcll i actue de manera urgent davant la situaci\u00f3 d\u2019algunes aules del centre.&#13;\n<\/p>\n\n<p>La iniciativa arriba despr\u00e9s que en el ple ordinari, celebrat este dijous, l\u2019Ajuntament aprovara una modificaci\u00f3 de cr\u00e8dit de 350.000 euros per adquirir sis aules prefabricades destinades a l\u2019alumnat del Gra\u00fcll. Segons va admetre la regidora d\u2019Educaci\u00f3 durant el debat, part de l\u2019alumnat es troba actualment en instal\u00b7lacions que va qualificar de \u201cdeplorables i infrahumanes\u201d.&#13;\n<\/p>\n\n<p>El portaveu socialista, Jos\u00e9 Chulvi, va assenyalar que esta despesa hauria d\u2019assumir-la la Conselleria d\u2019Educaci\u00f3, ja que \u00e9s l\u2019administraci\u00f3 competent en mat\u00e8ria d\u2019infraestructures educatives. El Grup Socialista va optar per abstindre\u2019s en la votaci\u00f3 \u201cper responsabilitat i per no obstaculitzar una intervenci\u00f3 en la qual est\u00e0 en joc el benestar dels xiquets i xiquetes de X\u00e0bia\u201d, encara que va criticar que el municipi haja d\u2019assumir amb fons municipals una actuaci\u00f3 que correspon al govern auton\u00f2mic.&#13;\n<\/p>\n\n<p>\u201c\u00c9s inacceptable que X\u00e0bia haja de tapar amb diners dels ve\u00efns la inacci\u00f3 i l\u2019abandonament al qual la Conselleria sotmet l\u2019alumnat del municipi\u201d, va afirmar Chulvi. El portaveu va afegir que, si la situaci\u00f3 d\u2019algunes aules \u00e9s tan greu com ha reconegut el mateix equip de govern, \u201cl\u2019actuaci\u00f3 ha de ser urgent\u201d.&#13;\n<\/p>\n\n<p>Davant esta situaci\u00f3, el grup socialista ha promogut la convocat\u00f2ria d\u2019un ple extraordinari \u2014que consideren que hauria de celebrar-se amb la m\u00e0xima urg\u00e8ncia\u2014 per exigir a la Conselleria que assumisca la substituci\u00f3 de les aules prefabricades mentre s\u2019impulsa la construcci\u00f3 d\u2019un nou centre de prim\u00e0ria al municipi.&#13;\n<\/p>\n\n<p>A m\u00e9s, els socialistes plantegen que, en cas que la Conselleria no actue, l\u2019Ajuntament intervinga de manera provisional per\u00f2 iniciant al mateix temps les accions legals necess\u00e0ries per reclamar a la Generalitat la devoluci\u00f3 dels diners invertits.&#13;\n<\/p>\n\n<p>Encara que el reglament municipal estableix que l\u2019alcaldia disposa d\u2019un termini m\u00e9s ampli per convocar els plens extraordinaris sol\u00b7licitats per almenys una quarta part de la corporaci\u00f3, el Grup Socialista considera que la gravetat de la situaci\u00f3 justifica una convocat\u00f2ria immediata, preferiblement la pr\u00f2xima setmana i en horari de vesprada per facilitar l\u2019assist\u00e8ncia de la ciutadania.&#13;\n<\/p>\n\n<p>Des del PSPV recorden que en els dos \u00faltims plens extraordinaris sol\u00b7licitats per este grup en 2025 \u2014sobre l\u2019obertura de la piscina municipal i la reversi\u00f3 de la planta dessaladora\u2014 l\u2019alcaldessa no va atendre la petici\u00f3 de celebrar-los en horari de vesprada.&#13;\n<\/p>\n","protected":false},"excerpt":{"rendered":"El Grup Municipal Socialista de X\u00e0bia ha sol\u00b7licitat la convocat\u00f2ria d\u2019un ple extraordinari per exigir a la Conselleria&hellip;","protected":false},"author":8,"featured_media":91106,"comment_status":"closed","ping_status":"closed","sticky":false,"template":"","format":"standard","meta":{"csco_display_header_overlay":false,"csco_singular_sidebar":"","csco_page_header_type":"","csco_page_load_nextpost":"","csco_post_video_location":[],"csco_post_video_location_hash":"","csco_post_video_url":"","csco_post_video_bg_start_time":0,"csco_post_video_bg_end_time":0,"footnotes":""},"categories":[759],"tags":[],"class_list":{"0":"post-91108","1":"post","2":"type-post","3":"status-publish","4":"format-standard","5":"has-post-thumbnail","7":"category-educacio","8":"cs-entry","9":"cs-video-wrap"},"yoast_head":"<!-- This site is optimized with the Yoast SEO Premium plugin v26.6 (Yoast SEO v27.3) - https:\/\/yoast.com\/product\/yoast-seo-premium-wordpress\/ -->\n<title>El PSPV de X\u00e0bia for\u00e7a un ple extraordinari per exigir a la Conselleria que actue al col\u00b7legi Gra\u00fcll - Canfali<\/title>\n<meta name=\"description\" content=\"El PSOE de X\u00e0bia ha sol\u00b7licitat un ple extraordinari per exigir a la Conselleria d\u2019Educaci\u00f3 que intervinga en el Gra\u00fcll\" \/>\n<meta name=\"robots\" content=\"index, follow, max-snippet:-1, max-image-preview:large, max-video-preview:-1\" \/>\n<link rel=\"canonical\" href=\"https:\/\/canfali.com\/ca-es\/el-pspv-de-xabia-forca-un-ple-extraordinari-per-exigir-a-la-conselleria-que-actue-al-col%c2%b7legi-graull\/\" \/>\n<meta property=\"og:locale\" content=\"en_US\" \/>\n<meta property=\"og:type\" content=\"article\" \/>\n<meta property=\"og:title\" content=\"El PSPV de X\u00e0bia for\u00e7a un ple extraordinari per exigir a la Conselleria que actue al col\u00b7legi Gra\u00fcll\" \/>\n<meta property=\"og:description\" content=\"El PSOE de X\u00e0bia ha sol\u00b7licitat un ple extraordinari per exigir a la Conselleria d\u2019Educaci\u00f3 que intervinga en el Gra\u00fcll\" \/>\n<meta property=\"og:url\" content=\"https:\/\/canfali.com\/ca-es\/el-pspv-de-xabia-forca-un-ple-extraordinari-per-exigir-a-la-conselleria-que-actue-al-col%c2%b7legi-graull\/\" \/>\n<meta property=\"og:site_name\" content=\"Canfali\" \/>\n<meta property=\"article:publisher\" content=\"https:\/\/es-es.facebook.com\/CANFALIMarinaAlta\" \/>\n<meta property=\"article:published_time\" content=\"2026-03-13T16:36:32+00:00\" \/>\n<meta property=\"article:modified_time\" content=\"2026-03-13T16:38:31+00:00\" \/>\n<meta property=\"og:image\" content=\"https:\/\/canfali.com\/app\/uploads\/2026\/03\/Captura-de-pantalla-2026-03-13-a-las-17.34.16-1024x602.png\" \/>\n\t<meta property=\"og:image:width\" content=\"1024\" \/>\n\t<meta property=\"og:image:height\" content=\"602\" \/>\n\t<meta property=\"og:image:type\" content=\"image\/png\" \/>\n<meta name=\"author\" content=\"Lluis\" \/>\n<meta name=\"twitter:card\" content=\"summary_large_image\" \/>\n<meta name=\"twitter:creator\" content=\"@canfalima\" \/>\n<meta name=\"twitter:site\" content=\"@canfalima\" \/>\n<meta name=\"twitter:label1\" content=\"Written by\" \/>\n\t<meta name=\"twitter:data1\" content=\"Lluis\" \/>\n\t<meta name=\"twitter:label2\" content=\"Est. reading time\" \/>\n\t<meta name=\"twitter:data2\" content=\"2 minutes\" \/>\n<script type=\"application\/ld+json\" class=\"yoast-schema-graph\">{\"@context\":\"https:\\\/\\\/schema.org\",\"@graph\":[{\"@type\":\"NewsArticle\",\"@id\":\"https:\\\/\\\/canfali.com\\\/ca-es\\\/el-pspv-de-xabia-forca-un-ple-extraordinari-per-exigir-a-la-conselleria-que-actue-al-col%c2%b7legi-graull\\\/#article\",\"isPartOf\":{\"@id\":\"https:\\\/\\\/canfali.com\\\/ca-es\\\/el-pspv-de-xabia-forca-un-ple-extraordinari-per-exigir-a-la-conselleria-que-actue-al-col%c2%b7legi-graull\\\/\"},\"author\":{\"name\":\"Lluis\",\"@id\":\"https:\\\/\\\/canfali.com\\\/ca-es\\\/#\\\/schema\\\/person\\\/f540a86fb33e10daaae53c59ceaa1194\"},\"headline\":\"El PSPV de X\u00e0bia for\u00e7a un ple extraordinari per exigir a la Conselleria que actue al col\u00b7legi Gra\u00fcll\",\"datePublished\":\"2026-03-13T16:36:32+00:00\",\"dateModified\":\"2026-03-13T16:38:31+00:00\",\"mainEntityOfPage\":{\"@id\":\"https:\\\/\\\/canfali.com\\\/ca-es\\\/el-pspv-de-xabia-forca-un-ple-extraordinari-per-exigir-a-la-conselleria-que-actue-al-col%c2%b7legi-graull\\\/\"},\"wordCount\":474,\"publisher\":{\"@id\":\"https:\\\/\\\/canfali.com\\\/ca-es\\\/#organization\"},\"image\":{\"@id\":\"https:\\\/\\\/canfali.com\\\/ca-es\\\/el-pspv-de-xabia-forca-un-ple-extraordinari-per-exigir-a-la-conselleria-que-actue-al-col%c2%b7legi-graull\\\/#primaryimage\"},\"thumbnailUrl\":\"https:\\\/\\\/canfali.com\\\/app\\\/uploads\\\/2026\\\/03\\\/Captura-de-pantalla-2026-03-13-a-las-17.34.16.png\",\"articleSection\":[\"Educaci\u00f3\"],\"inLanguage\":\"va-ES\",\"copyrightYear\":\"2026\",\"copyrightHolder\":{\"@id\":\"https:\\\/\\\/canfali.com\\\/#organization\"}},{\"@type\":\"WebPage\",\"@id\":\"https:\\\/\\\/canfali.com\\\/ca-es\\\/el-pspv-de-xabia-forca-un-ple-extraordinari-per-exigir-a-la-conselleria-que-actue-al-col%c2%b7legi-graull\\\/\",\"url\":\"https:\\\/\\\/canfali.com\\\/ca-es\\\/el-pspv-de-xabia-forca-un-ple-extraordinari-per-exigir-a-la-conselleria-que-actue-al-col%c2%b7legi-graull\\\/\",\"name\":\"El PSPV de X\u00e0bia for\u00e7a un ple extraordinari per exigir a la Conselleria que actue al col\u00b7legi Gra\u00fcll - Canfali\",\"isPartOf\":{\"@id\":\"https:\\\/\\\/canfali.com\\\/ca-es\\\/#website\"},\"primaryImageOfPage\":{\"@id\":\"https:\\\/\\\/canfali.com\\\/ca-es\\\/el-pspv-de-xabia-forca-un-ple-extraordinari-per-exigir-a-la-conselleria-que-actue-al-col%c2%b7legi-graull\\\/#primaryimage\"},\"image\":{\"@id\":\"https:\\\/\\\/canfali.com\\\/ca-es\\\/el-pspv-de-xabia-forca-un-ple-extraordinari-per-exigir-a-la-conselleria-que-actue-al-col%c2%b7legi-graull\\\/#primaryimage\"},\"thumbnailUrl\":\"https:\\\/\\\/canfali.com\\\/app\\\/uploads\\\/2026\\\/03\\\/Captura-de-pantalla-2026-03-13-a-las-17.34.16.png\",\"datePublished\":\"2026-03-13T16:36:32+00:00\",\"dateModified\":\"2026-03-13T16:38:31+00:00\",\"description\":\"El PSOE de X\u00e0bia ha sol\u00b7licitat un ple extraordinari per exigir a la Conselleria d\u2019Educaci\u00f3 que intervinga en el Gra\u00fcll\",\"breadcrumb\":{\"@id\":\"https:\\\/\\\/canfali.com\\\/ca-es\\\/el-pspv-de-xabia-forca-un-ple-extraordinari-per-exigir-a-la-conselleria-que-actue-al-col%c2%b7legi-graull\\\/#breadcrumb\"},\"inLanguage\":\"va-ES\",\"potentialAction\":[{\"@type\":\"ReadAction\",\"target\":[\"https:\\\/\\\/canfali.com\\\/ca-es\\\/el-pspv-de-xabia-forca-un-ple-extraordinari-per-exigir-a-la-conselleria-que-actue-al-col%c2%b7legi-graull\\\/\"]}]},{\"@type\":\"ImageObject\",\"inLanguage\":\"va-ES\",\"@id\":\"https:\\\/\\\/canfali.com\\\/ca-es\\\/el-pspv-de-xabia-forca-un-ple-extraordinari-per-exigir-a-la-conselleria-que-actue-al-col%c2%b7legi-graull\\\/#primaryimage\",\"url\":\"https:\\\/\\\/canfali.com\\\/app\\\/uploads\\\/2026\\\/03\\\/Captura-de-pantalla-2026-03-13-a-las-17.34.16.png\",\"contentUrl\":\"https:\\\/\\\/canfali.com\\\/app\\\/uploads\\\/2026\\\/03\\\/Captura-de-pantalla-2026-03-13-a-las-17.34.16.png\",\"width\":2048,\"height\":1204},{\"@type\":\"BreadcrumbList\",\"@id\":\"https:\\\/\\\/canfali.com\\\/ca-es\\\/el-pspv-de-xabia-forca-un-ple-extraordinari-per-exigir-a-la-conselleria-que-actue-al-col%c2%b7legi-graull\\\/#breadcrumb\",\"itemListElement\":[{\"@type\":\"ListItem\",\"position\":1,\"name\":\"Portada\",\"item\":\"https:\\\/\\\/canfali.com\\\/ca-es\\\/\"},{\"@type\":\"ListItem\",\"position\":2,\"name\":\"El PSPV de X\u00e0bia for\u00e7a un ple extraordinari per exigir a la Conselleria que actue al col\u00b7legi Gra\u00fcll\"}]},{\"@type\":\"WebSite\",\"@id\":\"https:\\\/\\\/canfali.com\\\/ca-es\\\/#website\",\"url\":\"https:\\\/\\\/canfali.com\\\/ca-es\\\/\",\"name\":\"Canfali\",\"description\":\"\",\"publisher\":{\"@id\":\"https:\\\/\\\/canfali.com\\\/ca-es\\\/#organization\"},\"potentialAction\":[{\"@type\":\"SearchAction\",\"target\":{\"@type\":\"EntryPoint\",\"urlTemplate\":\"https:\\\/\\\/canfali.com\\\/ca-es\\\/?s={search_term_string}\"},\"query-input\":{\"@type\":\"PropertyValueSpecification\",\"valueRequired\":true,\"valueName\":\"search_term_string\"}}],\"inLanguage\":\"va-ES\"},{\"@type\":\"Organization\",\"@id\":\"https:\\\/\\\/canfali.com\\\/ca-es\\\/#organization\",\"name\":\"Canfali\",\"url\":\"https:\\\/\\\/canfali.com\\\/ca-es\\\/\",\"logo\":{\"@type\":\"ImageObject\",\"inLanguage\":\"va-ES\",\"@id\":\"https:\\\/\\\/canfali.com\\\/ca-es\\\/#\\\/schema\\\/logo\\\/image\\\/\",\"url\":\"https:\\\/\\\/canfali.com\\\/app\\\/uploads\\\/2025\\\/12\\\/canfali_marina_alta_logo.png\",\"contentUrl\":\"https:\\\/\\\/canfali.com\\\/app\\\/uploads\\\/2025\\\/12\\\/canfali_marina_alta_logo.png\",\"width\":225,\"height\":225,\"caption\":\"Canfali\"},\"image\":{\"@id\":\"https:\\\/\\\/canfali.com\\\/ca-es\\\/#\\\/schema\\\/logo\\\/image\\\/\"},\"sameAs\":[\"https:\\\/\\\/es-es.facebook.com\\\/CANFALIMarinaAlta\",\"https:\\\/\\\/x.com\\\/canfalima\",\"https:\\\/\\\/www.instagram.com\\\/canfalimarinaalta\\\/\"]},{\"@type\":\"Person\",\"@id\":\"https:\\\/\\\/canfali.com\\\/ca-es\\\/#\\\/schema\\\/person\\\/f540a86fb33e10daaae53c59ceaa1194\",\"name\":\"Lluis\",\"image\":{\"@type\":\"ImageObject\",\"inLanguage\":\"va-ES\",\"@id\":\"https:\\\/\\\/secure.gravatar.com\\\/avatar\\\/a21ec8835290e4e02ed0886b8cb327d807d0eb6ec8ccf25d4c2a0a415f506c0d?s=96&d=mm&r=g\",\"url\":\"https:\\\/\\\/secure.gravatar.com\\\/avatar\\\/a21ec8835290e4e02ed0886b8cb327d807d0eb6ec8ccf25d4c2a0a415f506c0d?s=96&d=mm&r=g\",\"contentUrl\":\"https:\\\/\\\/secure.gravatar.com\\\/avatar\\\/a21ec8835290e4e02ed0886b8cb327d807d0eb6ec8ccf25d4c2a0a415f506c0d?s=96&d=mm&r=g\",\"caption\":\"Lluis\"},\"url\":\"https:\\\/\\\/canfali.com\\\/ca-es\\\/author\\\/lluis\\\/\"}]}<\/script>\n<!-- \/ Yoast SEO Premium plugin. -->","yoast_head_json":{"title":"El PSPV de X\u00e0bia for\u00e7a un ple extraordinari per exigir a la Conselleria que actue al col\u00b7legi Gra\u00fcll - Canfali","description":"El PSOE de X\u00e0bia ha sol\u00b7licitat un ple extraordinari per exigir a la Conselleria d\u2019Educaci\u00f3 que intervinga en el Gra\u00fcll","robots":{"index":"index","follow":"follow","max-snippet":"max-snippet:-1","max-image-preview":"max-image-preview:large","max-video-preview":"max-video-preview:-1"},"canonical":"https:\/\/canfali.com\/ca-es\/el-pspv-de-xabia-forca-un-ple-extraordinari-per-exigir-a-la-conselleria-que-actue-al-col%c2%b7legi-graull\/","og_locale":"en_US","og_type":"article","og_title":"El PSPV de X\u00e0bia for\u00e7a un ple extraordinari per exigir a la Conselleria que actue al col\u00b7legi Gra\u00fcll","og_description":"El PSOE de X\u00e0bia ha sol\u00b7licitat un ple extraordinari per exigir a la Conselleria d\u2019Educaci\u00f3 que intervinga en el Gra\u00fcll","og_url":"https:\/\/canfali.com\/ca-es\/el-pspv-de-xabia-forca-un-ple-extraordinari-per-exigir-a-la-conselleria-que-actue-al-col%c2%b7legi-graull\/","og_site_name":"Canfali","article_publisher":"https:\/\/es-es.facebook.com\/CANFALIMarinaAlta","article_published_time":"2026-03-13T16:36:32+00:00","article_modified_time":"2026-03-13T16:38:31+00:00","og_image":[{"width":1024,"height":602,"url":"https:\/\/canfali.com\/app\/uploads\/2026\/03\/Captura-de-pantalla-2026-03-13-a-las-17.34.16-1024x602.png","type":"image\/png"}],"author":"Lluis","twitter_card":"summary_large_image","twitter_creator":"@canfalima","twitter_site":"@canfalima","twitter_misc":{"Written by":"Lluis","Est. reading time":"2 minutes"},"schema":{"@context":"https:\/\/schema.org","@graph":[{"@type":"NewsArticle","@id":"https:\/\/canfali.com\/ca-es\/el-pspv-de-xabia-forca-un-ple-extraordinari-per-exigir-a-la-conselleria-que-actue-al-col%c2%b7legi-graull\/#article","isPartOf":{"@id":"https:\/\/canfali.com\/ca-es\/el-pspv-de-xabia-forca-un-ple-extraordinari-per-exigir-a-la-conselleria-que-actue-al-col%c2%b7legi-graull\/"},"author":{"name":"Lluis","@id":"https:\/\/canfali.com\/ca-es\/#\/schema\/person\/f540a86fb33e10daaae53c59ceaa1194"},"headline":"El PSPV de X\u00e0bia for\u00e7a un ple extraordinari per exigir a la Conselleria que actue al col\u00b7legi Gra\u00fcll","datePublished":"2026-03-13T16:36:32+00:00","dateModified":"2026-03-13T16:38:31+00:00","mainEntityOfPage":{"@id":"https:\/\/canfali.com\/ca-es\/el-pspv-de-xabia-forca-un-ple-extraordinari-per-exigir-a-la-conselleria-que-actue-al-col%c2%b7legi-graull\/"},"wordCount":474,"publisher":{"@id":"https:\/\/canfali.com\/ca-es\/#organization"},"image":{"@id":"https:\/\/canfali.com\/ca-es\/el-pspv-de-xabia-forca-un-ple-extraordinari-per-exigir-a-la-conselleria-que-actue-al-col%c2%b7legi-graull\/#primaryimage"},"thumbnailUrl":"https:\/\/canfali.com\/app\/uploads\/2026\/03\/Captura-de-pantalla-2026-03-13-a-las-17.34.16.png","articleSection":["Educaci\u00f3"],"inLanguage":"va-ES","copyrightYear":"2026","copyrightHolder":{"@id":"https:\/\/canfali.com\/#organization"}},{"@type":"WebPage","@id":"https:\/\/canfali.com\/ca-es\/el-pspv-de-xabia-forca-un-ple-extraordinari-per-exigir-a-la-conselleria-que-actue-al-col%c2%b7legi-graull\/","url":"https:\/\/canfali.com\/ca-es\/el-pspv-de-xabia-forca-un-ple-extraordinari-per-exigir-a-la-conselleria-que-actue-al-col%c2%b7legi-graull\/","name":"El PSPV de X\u00e0bia for\u00e7a un ple extraordinari per exigir a la Conselleria que actue al col\u00b7legi Gra\u00fcll - Canfali","isPartOf":{"@id":"https:\/\/canfali.com\/ca-es\/#website"},"primaryImageOfPage":{"@id":"https:\/\/canfali.com\/ca-es\/el-pspv-de-xabia-forca-un-ple-extraordinari-per-exigir-a-la-conselleria-que-actue-al-col%c2%b7legi-graull\/#primaryimage"},"image":{"@id":"https:\/\/canfali.com\/ca-es\/el-pspv-de-xabia-forca-un-ple-extraordinari-per-exigir-a-la-conselleria-que-actue-al-col%c2%b7legi-graull\/#primaryimage"},"thumbnailUrl":"https:\/\/canfali.com\/app\/uploads\/2026\/03\/Captura-de-pantalla-2026-03-13-a-las-17.34.16.png","datePublished":"2026-03-13T16:36:32+00:00","dateModified":"2026-03-13T16:38:31+00:00","description":"El PSOE de X\u00e0bia ha sol\u00b7licitat un ple extraordinari per exigir a la Conselleria d\u2019Educaci\u00f3 que intervinga en el Gra\u00fcll","breadcrumb":{"@id":"https:\/\/canfali.com\/ca-es\/el-pspv-de-xabia-forca-un-ple-extraordinari-per-exigir-a-la-conselleria-que-actue-al-col%c2%b7legi-graull\/#breadcrumb"},"inLanguage":"va-ES","potentialAction":[{"@type":"ReadAction","target":["https:\/\/canfali.com\/ca-es\/el-pspv-de-xabia-forca-un-ple-extraordinari-per-exigir-a-la-conselleria-que-actue-al-col%c2%b7legi-graull\/"]}]},{"@type":"ImageObject","inLanguage":"va-ES","@id":"https:\/\/canfali.com\/ca-es\/el-pspv-de-xabia-forca-un-ple-extraordinari-per-exigir-a-la-conselleria-que-actue-al-col%c2%b7legi-graull\/#primaryimage","url":"https:\/\/canfali.com\/app\/uploads\/2026\/03\/Captura-de-pantalla-2026-03-13-a-las-17.34.16.png","contentUrl":"https:\/\/canfali.com\/app\/uploads\/2026\/03\/Captura-de-pantalla-2026-03-13-a-las-17.34.16.png","width":2048,"height":1204},{"@type":"BreadcrumbList","@id":"https:\/\/canfali.com\/ca-es\/el-pspv-de-xabia-forca-un-ple-extraordinari-per-exigir-a-la-conselleria-que-actue-al-col%c2%b7legi-graull\/#breadcrumb","itemListElement":[{"@type":"ListItem","position":1,"name":"Portada","item":"https:\/\/canfali.com\/ca-es\/"},{"@type":"ListItem","position":2,"name":"El PSPV de X\u00e0bia for\u00e7a un ple extraordinari per exigir a la Conselleria que actue al col\u00b7legi Gra\u00fcll"}]},{"@type":"WebSite","@id":"https:\/\/canfali.com\/ca-es\/#website","url":"https:\/\/canfali.com\/ca-es\/","name":"Canfali","description":"","publisher":{"@id":"https:\/\/canfali.com\/ca-es\/#organization"},"potentialAction":[{"@type":"SearchAction","target":{"@type":"EntryPoint","urlTemplate":"https:\/\/canfali.com\/ca-es\/?s={search_term_string}"},"query-input":{"@type":"PropertyValueSpecification","valueRequired":true,"valueName":"search_term_string"}}],"inLanguage":"va-ES"},{"@type":"Organization","@id":"https:\/\/canfali.com\/ca-es\/#organization","name":"Canfali","url":"https:\/\/canfali.com\/ca-es\/","logo":{"@type":"ImageObject","inLanguage":"va-ES","@id":"https:\/\/canfali.com\/ca-es\/#\/schema\/logo\/image\/","url":"https:\/\/canfali.com\/app\/uploads\/2025\/12\/canfali_marina_alta_logo.png","contentUrl":"https:\/\/canfali.com\/app\/uploads\/2025\/12\/canfali_marina_alta_logo.png","width":225,"height":225,"caption":"Canfali"},"image":{"@id":"https:\/\/canfali.com\/ca-es\/#\/schema\/logo\/image\/"},"sameAs":["https:\/\/es-es.facebook.com\/CANFALIMarinaAlta","https:\/\/x.com\/canfalima","https:\/\/www.instagram.com\/canfalimarinaalta\/"]},{"@type":"Person","@id":"https:\/\/canfali.com\/ca-es\/#\/schema\/person\/f540a86fb33e10daaae53c59ceaa1194","name":"Lluis","image":{"@type":"ImageObject","inLanguage":"va-ES","@id":"https:\/\/secure.gravatar.com\/avatar\/a21ec8835290e4e02ed0886b8cb327d807d0eb6ec8ccf25d4c2a0a415f506c0d?s=96&d=mm&r=g","url":"https:\/\/secure.gravatar.com\/avatar\/a21ec8835290e4e02ed0886b8cb327d807d0eb6ec8ccf25d4c2a0a415f506c0d?s=96&d=mm&r=g","contentUrl":"https:\/\/secure.gravatar.com\/avatar\/a21ec8835290e4e02ed0886b8cb327d807d0eb6ec8ccf25d4c2a0a415f506c0d?s=96&d=mm&r=g","caption":"Lluis"},"url":"https:\/\/canfali.com\/ca-es\/author\/lluis\/"}]}},"_links":{"self":[{"href":"https:\/\/canfali.com\/ca-es\/wp-json\/wp\/v2\/posts\/91108","targetHints":{"allow":["GET"]}}],"collection":[{"href":"https:\/\/canfali.com\/ca-es\/wp-json\/wp\/v2\/posts"}],"about":[{"href":"https:\/\/canfali.com\/ca-es\/wp-json\/wp\/v2\/types\/post"}],"author":[{"embeddable":true,"href":"https:\/\/canfali.com\/ca-es\/wp-json\/wp\/v2\/users\/8"}],"replies":[{"embeddable":true,"href":"https:\/\/canfali.com\/ca-es\/wp-json\/wp\/v2\/comments?post=91108"}],"version-history":[{"count":1,"href":"https:\/\/canfali.com\/ca-es\/wp-json\/wp\/v2\/posts\/91108\/revisions"}],"predecessor-version":[{"id":91109,"href":"https:\/\/canfali.com\/ca-es\/wp-json\/wp\/v2\/posts\/91108\/revisions\/91109"}],"wp:featuredmedia":[{"embeddable":true,"href":"https:\/\/canfali.com\/ca-es\/wp-json\/wp\/v2\/media\/91106"}],"wp:attachment":[{"href":"https:\/\/canfali.com\/ca-es\/wp-json\/wp\/v2\/media?parent=91108"}],"wp:term":[{"taxonomy":"category","embeddable":true,"href":"https:\/\/canfali.com\/ca-es\/wp-json\/wp\/v2\/categories?post=91108"},{"taxonomy":"post_tag","embeddable":true,"href":"https:\/\/canfali.com\/ca-es\/wp-json\/wp\/v2\/tags?post=91108"}],"curies":[{"name":"wp","href":"https:\/\/api.w.org\/{rel}","templated":true}]}}