{"id":91100,"date":"2026-03-13T17:16:53","date_gmt":"2026-03-13T16:16:53","guid":{"rendered":"https:\/\/canfali.com\/alba-asensi-posa-musica-als-encontres-a-beniarbeig-2026\/"},"modified":"2026-03-13T17:18:15","modified_gmt":"2026-03-13T16:18:15","slug":"alba-asensi-posa-musica-als-encontres-a-beniarbeig-2026","status":"publish","type":"post","link":"https:\/\/canfali.com\/ca-es\/alba-asensi-posa-musica-als-encontres-a-beniarbeig-2026\/","title":{"rendered":"Alba Asensi posa m\u00fasica als Encontres a Beniarbeig 2026"},"content":{"rendered":"\n<p>La cantant, compositora i arpista Alba Asensi ha sigut l\u2019encarregada d\u2019inaugurar la vessant musical dels Encontres a Beniarbeig 2026, una edici\u00f3 que combina m\u00fasica i literatura. Asensi va iniciar la seua actuaci\u00f3 amb una evocaci\u00f3 sonora de la mar, despr\u00e9s de la qual va interpretar \u201cEntrar\u00e9 a la cuina\u201d, un poema de l\u2019escriptora alacantina Gr\u00e0cia Jim\u00e9nez. A continuaci\u00f3, va anar enlla\u00e7ant les peces del seu \u00faltim disc, \u201cS\u00f3c poeta\u201d (Microscopi, 2023), un treball que posa m\u00fasica a poemes d\u2019Asunci\u00f3n Libertad, Adri\u00e1n Hern\u00e1ndez, \u00c0ngela Bald\u00f3, Luis Miguel Sanmart\u00edn, Ona Blanco, Francisco Aranda, No\u00e8lia D\u00edaz Vicedo i Carme Cab\u00fas. El repertori tamb\u00e9 va incloure la can\u00e7\u00f3 que dona nom al disc, \u201cS\u00f3c poeta\u201d, l\u2019\u00fanica amb lletra pr\u00f2pia de l\u2019artista.&#13;\n<\/p>\n\n<p>El concert tamb\u00e9 va incorporar obres populars, com la can\u00e7\u00f3 tradicional \u201cEl taller\u201d, procedent de Sella (la Marina Baixa), que estableix un paral\u00b7lelisme entre les flors i els noms de les dones que treballaven en un taller t\u00e8xtil als anys vint. En esta ocasi\u00f3, l\u2019artista va actualitzar la pe\u00e7a incorporant els noms de les xiquetes de l\u2019actual centre escolar del municipi.&#13;\n<\/p>\n\n<p>Pel que fa a la instrumentaci\u00f3, a m\u00e9s de la veu, Asensi va utilitzar tres tipus d\u2019arpes \u2014la g\u00f2tica, la barroca creuada i la kora senegalesa\u2014 a m\u00e9s del pandero quadrat. Esta combinaci\u00f3 sonora, junt amb unes lletres carregades d\u2019un potent missatge humanista \u2014amb moments especialment emotius com el record a les v\u00edctimes del genocidi palest\u00ed\u2014, va commoure les m\u00e9s de mig centenar de persones que van omplir la Biblioteca Municipal de Beniarbeig.&#13;\n<\/p>\n\n<p>Andrea P\u00e9rez Navarro, actual directora del CEIP Benicadim, es va encarregar d\u2019introduir l\u2019espectacle, destacant l\u2019extensa traject\u00f2ria musical de l\u2019artista. Entre altres aspectes, va subratllar la seua formaci\u00f3 a l\u2019Escola Superior de M\u00fasica de Catalunya (ESMUC) i la seua especialitzaci\u00f3 en m\u00fasica antiga, aix\u00ed com la seua participaci\u00f3 en diverses agrupacions dedicades a este g\u00e8nere. Una traject\u00f2ria que va definir Asensi com una constant \u201cexploradora de nous camins\u201d.&#13;\n<\/p>\n\n<p>La programaci\u00f3 d\u2019Encontres a Beniarbeig 2026 conclour\u00e0 el pr\u00f2xim dijous 26 de mar\u00e7 amb \u201cM\u00fasica eterna\u201d, un espectacle de m\u00fasica renaixentista a c\u00e0rrec de Capella de Ministrers. L\u2019entrada \u00e9s gratu\u00efta, encara que cal reservar invitaci\u00f3 a trav\u00e9s de la plataforma Notikumi o contactant amb la Biblioteca Municipal.&#13;\n<\/p>\n","protected":false},"excerpt":{"rendered":"La cantant, compositora i arpista Alba Asensi ha sigut l\u2019encarregada d\u2019inaugurar la vessant musical dels Encontres a Beniarbeig&hellip;","protected":false},"author":8,"featured_media":91098,"comment_status":"closed","ping_status":"closed","sticky":false,"template":"","format":"standard","meta":{"csco_display_header_overlay":false,"csco_singular_sidebar":"","csco_page_header_type":"","csco_page_load_nextpost":"","csco_post_video_location":[],"csco_post_video_location_hash":"","csco_post_video_url":"","csco_post_video_bg_start_time":0,"csco_post_video_bg_end_time":0,"footnotes":""},"categories":[579,597],"tags":[],"class_list":{"0":"post-91100","1":"post","2":"type-post","3":"status-publish","4":"format-standard","5":"has-post-thumbnail","7":"category-cultura-2","8":"category-cultura-ca-es","9":"cs-entry","10":"cs-video-wrap"},"yoast_head":"<!-- This site is optimized with the Yoast SEO Premium plugin v26.6 (Yoast SEO v27.3) - https:\/\/yoast.com\/product\/yoast-seo-premium-wordpress\/ -->\n<title>Alba Asensi posa m\u00fasica als Encontres a Beniarbeig 2026 - Canfali<\/title>\n<meta name=\"description\" content=\"La cantant, compositora i arpista Alba Asensi ha sigut l\u2019encarregada d\u2019inaugurar la vessant musical dels Encontres a Beniarbeig 2026,\" \/>\n<meta name=\"robots\" content=\"index, follow, max-snippet:-1, max-image-preview:large, max-video-preview:-1\" \/>\n<link rel=\"canonical\" href=\"https:\/\/canfali.com\/ca-es\/alba-asensi-posa-musica-als-encontres-a-beniarbeig-2026\/\" \/>\n<meta property=\"og:locale\" content=\"en_US\" \/>\n<meta property=\"og:type\" content=\"article\" \/>\n<meta property=\"og:title\" content=\"Alba Asensi posa m\u00fasica als Encontres a Beniarbeig 2026\" \/>\n<meta property=\"og:description\" content=\"La cantant, compositora i arpista Alba Asensi ha sigut l\u2019encarregada d\u2019inaugurar la vessant musical dels Encontres a Beniarbeig 2026,\" \/>\n<meta property=\"og:url\" content=\"https:\/\/canfali.com\/ca-es\/alba-asensi-posa-musica-als-encontres-a-beniarbeig-2026\/\" \/>\n<meta property=\"og:site_name\" content=\"Canfali\" \/>\n<meta property=\"article:publisher\" content=\"https:\/\/es-es.facebook.com\/CANFALIMarinaAlta\" \/>\n<meta property=\"article:published_time\" content=\"2026-03-13T16:16:53+00:00\" \/>\n<meta property=\"article:modified_time\" content=\"2026-03-13T16:18:15+00:00\" \/>\n<meta property=\"og:image\" content=\"https:\/\/canfali.com\/app\/uploads\/2026\/03\/encontres-scaled.jpg\" \/>\n\t<meta property=\"og:image:width\" content=\"2560\" \/>\n\t<meta property=\"og:image:height\" content=\"1707\" \/>\n\t<meta property=\"og:image:type\" content=\"image\/jpeg\" \/>\n<meta name=\"author\" content=\"Lluis\" \/>\n<meta name=\"twitter:card\" content=\"summary_large_image\" \/>\n<meta name=\"twitter:creator\" content=\"@canfalima\" \/>\n<meta name=\"twitter:site\" content=\"@canfalima\" \/>\n<meta name=\"twitter:label1\" content=\"Written by\" \/>\n\t<meta name=\"twitter:data1\" content=\"Lluis\" \/>\n\t<meta name=\"twitter:label2\" content=\"Est. reading time\" \/>\n\t<meta name=\"twitter:data2\" content=\"2 minutes\" \/>\n<script type=\"application\/ld+json\" class=\"yoast-schema-graph\">{\"@context\":\"https:\\\/\\\/schema.org\",\"@graph\":[{\"@type\":\"NewsArticle\",\"@id\":\"https:\\\/\\\/canfali.com\\\/ca-es\\\/alba-asensi-posa-musica-als-encontres-a-beniarbeig-2026\\\/#article\",\"isPartOf\":{\"@id\":\"https:\\\/\\\/canfali.com\\\/ca-es\\\/alba-asensi-posa-musica-als-encontres-a-beniarbeig-2026\\\/\"},\"author\":{\"name\":\"Lluis\",\"@id\":\"https:\\\/\\\/canfali.com\\\/ca-es\\\/#\\\/schema\\\/person\\\/f540a86fb33e10daaae53c59ceaa1194\"},\"headline\":\"Alba Asensi posa m\u00fasica als Encontres a Beniarbeig 2026\",\"datePublished\":\"2026-03-13T16:16:53+00:00\",\"dateModified\":\"2026-03-13T16:18:15+00:00\",\"mainEntityOfPage\":{\"@id\":\"https:\\\/\\\/canfali.com\\\/ca-es\\\/alba-asensi-posa-musica-als-encontres-a-beniarbeig-2026\\\/\"},\"wordCount\":423,\"publisher\":{\"@id\":\"https:\\\/\\\/canfali.com\\\/ca-es\\\/#organization\"},\"image\":{\"@id\":\"https:\\\/\\\/canfali.com\\\/ca-es\\\/alba-asensi-posa-musica-als-encontres-a-beniarbeig-2026\\\/#primaryimage\"},\"thumbnailUrl\":\"https:\\\/\\\/canfali.com\\\/app\\\/uploads\\\/2026\\\/03\\\/encontres-scaled.jpg\",\"articleSection\":[\"Cultura\",\"Cultura\"],\"inLanguage\":\"va-ES\",\"copyrightYear\":\"2026\",\"copyrightHolder\":{\"@id\":\"https:\\\/\\\/canfali.com\\\/#organization\"}},{\"@type\":\"WebPage\",\"@id\":\"https:\\\/\\\/canfali.com\\\/ca-es\\\/alba-asensi-posa-musica-als-encontres-a-beniarbeig-2026\\\/\",\"url\":\"https:\\\/\\\/canfali.com\\\/ca-es\\\/alba-asensi-posa-musica-als-encontres-a-beniarbeig-2026\\\/\",\"name\":\"Alba Asensi posa m\u00fasica als Encontres a Beniarbeig 2026 - Canfali\",\"isPartOf\":{\"@id\":\"https:\\\/\\\/canfali.com\\\/ca-es\\\/#website\"},\"primaryImageOfPage\":{\"@id\":\"https:\\\/\\\/canfali.com\\\/ca-es\\\/alba-asensi-posa-musica-als-encontres-a-beniarbeig-2026\\\/#primaryimage\"},\"image\":{\"@id\":\"https:\\\/\\\/canfali.com\\\/ca-es\\\/alba-asensi-posa-musica-als-encontres-a-beniarbeig-2026\\\/#primaryimage\"},\"thumbnailUrl\":\"https:\\\/\\\/canfali.com\\\/app\\\/uploads\\\/2026\\\/03\\\/encontres-scaled.jpg\",\"datePublished\":\"2026-03-13T16:16:53+00:00\",\"dateModified\":\"2026-03-13T16:18:15+00:00\",\"description\":\"La cantant, compositora i arpista Alba Asensi ha sigut l\u2019encarregada d\u2019inaugurar la vessant musical dels Encontres a Beniarbeig 2026,\",\"breadcrumb\":{\"@id\":\"https:\\\/\\\/canfali.com\\\/ca-es\\\/alba-asensi-posa-musica-als-encontres-a-beniarbeig-2026\\\/#breadcrumb\"},\"inLanguage\":\"va-ES\",\"potentialAction\":[{\"@type\":\"ReadAction\",\"target\":[\"https:\\\/\\\/canfali.com\\\/ca-es\\\/alba-asensi-posa-musica-als-encontres-a-beniarbeig-2026\\\/\"]}]},{\"@type\":\"ImageObject\",\"inLanguage\":\"va-ES\",\"@id\":\"https:\\\/\\\/canfali.com\\\/ca-es\\\/alba-asensi-posa-musica-als-encontres-a-beniarbeig-2026\\\/#primaryimage\",\"url\":\"https:\\\/\\\/canfali.com\\\/app\\\/uploads\\\/2026\\\/03\\\/encontres-scaled.jpg\",\"contentUrl\":\"https:\\\/\\\/canfali.com\\\/app\\\/uploads\\\/2026\\\/03\\\/encontres-scaled.jpg\",\"width\":2560,\"height\":1707},{\"@type\":\"BreadcrumbList\",\"@id\":\"https:\\\/\\\/canfali.com\\\/ca-es\\\/alba-asensi-posa-musica-als-encontres-a-beniarbeig-2026\\\/#breadcrumb\",\"itemListElement\":[{\"@type\":\"ListItem\",\"position\":1,\"name\":\"Portada\",\"item\":\"https:\\\/\\\/canfali.com\\\/ca-es\\\/\"},{\"@type\":\"ListItem\",\"position\":2,\"name\":\"Alba Asensi posa m\u00fasica als Encontres a Beniarbeig 2026\"}]},{\"@type\":\"WebSite\",\"@id\":\"https:\\\/\\\/canfali.com\\\/ca-es\\\/#website\",\"url\":\"https:\\\/\\\/canfali.com\\\/ca-es\\\/\",\"name\":\"Canfali\",\"description\":\"\",\"publisher\":{\"@id\":\"https:\\\/\\\/canfali.com\\\/ca-es\\\/#organization\"},\"potentialAction\":[{\"@type\":\"SearchAction\",\"target\":{\"@type\":\"EntryPoint\",\"urlTemplate\":\"https:\\\/\\\/canfali.com\\\/ca-es\\\/?s={search_term_string}\"},\"query-input\":{\"@type\":\"PropertyValueSpecification\",\"valueRequired\":true,\"valueName\":\"search_term_string\"}}],\"inLanguage\":\"va-ES\"},{\"@type\":\"Organization\",\"@id\":\"https:\\\/\\\/canfali.com\\\/ca-es\\\/#organization\",\"name\":\"Canfali\",\"url\":\"https:\\\/\\\/canfali.com\\\/ca-es\\\/\",\"logo\":{\"@type\":\"ImageObject\",\"inLanguage\":\"va-ES\",\"@id\":\"https:\\\/\\\/canfali.com\\\/ca-es\\\/#\\\/schema\\\/logo\\\/image\\\/\",\"url\":\"https:\\\/\\\/canfali.com\\\/app\\\/uploads\\\/2025\\\/12\\\/canfali_marina_alta_logo.png\",\"contentUrl\":\"https:\\\/\\\/canfali.com\\\/app\\\/uploads\\\/2025\\\/12\\\/canfali_marina_alta_logo.png\",\"width\":225,\"height\":225,\"caption\":\"Canfali\"},\"image\":{\"@id\":\"https:\\\/\\\/canfali.com\\\/ca-es\\\/#\\\/schema\\\/logo\\\/image\\\/\"},\"sameAs\":[\"https:\\\/\\\/es-es.facebook.com\\\/CANFALIMarinaAlta\",\"https:\\\/\\\/x.com\\\/canfalima\",\"https:\\\/\\\/www.instagram.com\\\/canfalimarinaalta\\\/\"]},{\"@type\":\"Person\",\"@id\":\"https:\\\/\\\/canfali.com\\\/ca-es\\\/#\\\/schema\\\/person\\\/f540a86fb33e10daaae53c59ceaa1194\",\"name\":\"Lluis\",\"image\":{\"@type\":\"ImageObject\",\"inLanguage\":\"va-ES\",\"@id\":\"https:\\\/\\\/secure.gravatar.com\\\/avatar\\\/a21ec8835290e4e02ed0886b8cb327d807d0eb6ec8ccf25d4c2a0a415f506c0d?s=96&d=mm&r=g\",\"url\":\"https:\\\/\\\/secure.gravatar.com\\\/avatar\\\/a21ec8835290e4e02ed0886b8cb327d807d0eb6ec8ccf25d4c2a0a415f506c0d?s=96&d=mm&r=g\",\"contentUrl\":\"https:\\\/\\\/secure.gravatar.com\\\/avatar\\\/a21ec8835290e4e02ed0886b8cb327d807d0eb6ec8ccf25d4c2a0a415f506c0d?s=96&d=mm&r=g\",\"caption\":\"Lluis\"},\"url\":\"https:\\\/\\\/canfali.com\\\/ca-es\\\/author\\\/lluis\\\/\"}]}<\/script>\n<!-- \/ Yoast SEO Premium plugin. -->","yoast_head_json":{"title":"Alba Asensi posa m\u00fasica als Encontres a Beniarbeig 2026 - Canfali","description":"La cantant, compositora i arpista Alba Asensi ha sigut l\u2019encarregada d\u2019inaugurar la vessant musical dels Encontres a Beniarbeig 2026,","robots":{"index":"index","follow":"follow","max-snippet":"max-snippet:-1","max-image-preview":"max-image-preview:large","max-video-preview":"max-video-preview:-1"},"canonical":"https:\/\/canfali.com\/ca-es\/alba-asensi-posa-musica-als-encontres-a-beniarbeig-2026\/","og_locale":"en_US","og_type":"article","og_title":"Alba Asensi posa m\u00fasica als Encontres a Beniarbeig 2026","og_description":"La cantant, compositora i arpista Alba Asensi ha sigut l\u2019encarregada d\u2019inaugurar la vessant musical dels Encontres a Beniarbeig 2026,","og_url":"https:\/\/canfali.com\/ca-es\/alba-asensi-posa-musica-als-encontres-a-beniarbeig-2026\/","og_site_name":"Canfali","article_publisher":"https:\/\/es-es.facebook.com\/CANFALIMarinaAlta","article_published_time":"2026-03-13T16:16:53+00:00","article_modified_time":"2026-03-13T16:18:15+00:00","og_image":[{"width":2560,"height":1707,"url":"https:\/\/canfali.com\/app\/uploads\/2026\/03\/encontres-scaled.jpg","type":"image\/jpeg"}],"author":"Lluis","twitter_card":"summary_large_image","twitter_creator":"@canfalima","twitter_site":"@canfalima","twitter_misc":{"Written by":"Lluis","Est. reading time":"2 minutes"},"schema":{"@context":"https:\/\/schema.org","@graph":[{"@type":"NewsArticle","@id":"https:\/\/canfali.com\/ca-es\/alba-asensi-posa-musica-als-encontres-a-beniarbeig-2026\/#article","isPartOf":{"@id":"https:\/\/canfali.com\/ca-es\/alba-asensi-posa-musica-als-encontres-a-beniarbeig-2026\/"},"author":{"name":"Lluis","@id":"https:\/\/canfali.com\/ca-es\/#\/schema\/person\/f540a86fb33e10daaae53c59ceaa1194"},"headline":"Alba Asensi posa m\u00fasica als Encontres a Beniarbeig 2026","datePublished":"2026-03-13T16:16:53+00:00","dateModified":"2026-03-13T16:18:15+00:00","mainEntityOfPage":{"@id":"https:\/\/canfali.com\/ca-es\/alba-asensi-posa-musica-als-encontres-a-beniarbeig-2026\/"},"wordCount":423,"publisher":{"@id":"https:\/\/canfali.com\/ca-es\/#organization"},"image":{"@id":"https:\/\/canfali.com\/ca-es\/alba-asensi-posa-musica-als-encontres-a-beniarbeig-2026\/#primaryimage"},"thumbnailUrl":"https:\/\/canfali.com\/app\/uploads\/2026\/03\/encontres-scaled.jpg","articleSection":["Cultura","Cultura"],"inLanguage":"va-ES","copyrightYear":"2026","copyrightHolder":{"@id":"https:\/\/canfali.com\/#organization"}},{"@type":"WebPage","@id":"https:\/\/canfali.com\/ca-es\/alba-asensi-posa-musica-als-encontres-a-beniarbeig-2026\/","url":"https:\/\/canfali.com\/ca-es\/alba-asensi-posa-musica-als-encontres-a-beniarbeig-2026\/","name":"Alba Asensi posa m\u00fasica als Encontres a Beniarbeig 2026 - Canfali","isPartOf":{"@id":"https:\/\/canfali.com\/ca-es\/#website"},"primaryImageOfPage":{"@id":"https:\/\/canfali.com\/ca-es\/alba-asensi-posa-musica-als-encontres-a-beniarbeig-2026\/#primaryimage"},"image":{"@id":"https:\/\/canfali.com\/ca-es\/alba-asensi-posa-musica-als-encontres-a-beniarbeig-2026\/#primaryimage"},"thumbnailUrl":"https:\/\/canfali.com\/app\/uploads\/2026\/03\/encontres-scaled.jpg","datePublished":"2026-03-13T16:16:53+00:00","dateModified":"2026-03-13T16:18:15+00:00","description":"La cantant, compositora i arpista Alba Asensi ha sigut l\u2019encarregada d\u2019inaugurar la vessant musical dels Encontres a Beniarbeig 2026,","breadcrumb":{"@id":"https:\/\/canfali.com\/ca-es\/alba-asensi-posa-musica-als-encontres-a-beniarbeig-2026\/#breadcrumb"},"inLanguage":"va-ES","potentialAction":[{"@type":"ReadAction","target":["https:\/\/canfali.com\/ca-es\/alba-asensi-posa-musica-als-encontres-a-beniarbeig-2026\/"]}]},{"@type":"ImageObject","inLanguage":"va-ES","@id":"https:\/\/canfali.com\/ca-es\/alba-asensi-posa-musica-als-encontres-a-beniarbeig-2026\/#primaryimage","url":"https:\/\/canfali.com\/app\/uploads\/2026\/03\/encontres-scaled.jpg","contentUrl":"https:\/\/canfali.com\/app\/uploads\/2026\/03\/encontres-scaled.jpg","width":2560,"height":1707},{"@type":"BreadcrumbList","@id":"https:\/\/canfali.com\/ca-es\/alba-asensi-posa-musica-als-encontres-a-beniarbeig-2026\/#breadcrumb","itemListElement":[{"@type":"ListItem","position":1,"name":"Portada","item":"https:\/\/canfali.com\/ca-es\/"},{"@type":"ListItem","position":2,"name":"Alba Asensi posa m\u00fasica als Encontres a Beniarbeig 2026"}]},{"@type":"WebSite","@id":"https:\/\/canfali.com\/ca-es\/#website","url":"https:\/\/canfali.com\/ca-es\/","name":"Canfali","description":"","publisher":{"@id":"https:\/\/canfali.com\/ca-es\/#organization"},"potentialAction":[{"@type":"SearchAction","target":{"@type":"EntryPoint","urlTemplate":"https:\/\/canfali.com\/ca-es\/?s={search_term_string}"},"query-input":{"@type":"PropertyValueSpecification","valueRequired":true,"valueName":"search_term_string"}}],"inLanguage":"va-ES"},{"@type":"Organization","@id":"https:\/\/canfali.com\/ca-es\/#organization","name":"Canfali","url":"https:\/\/canfali.com\/ca-es\/","logo":{"@type":"ImageObject","inLanguage":"va-ES","@id":"https:\/\/canfali.com\/ca-es\/#\/schema\/logo\/image\/","url":"https:\/\/canfali.com\/app\/uploads\/2025\/12\/canfali_marina_alta_logo.png","contentUrl":"https:\/\/canfali.com\/app\/uploads\/2025\/12\/canfali_marina_alta_logo.png","width":225,"height":225,"caption":"Canfali"},"image":{"@id":"https:\/\/canfali.com\/ca-es\/#\/schema\/logo\/image\/"},"sameAs":["https:\/\/es-es.facebook.com\/CANFALIMarinaAlta","https:\/\/x.com\/canfalima","https:\/\/www.instagram.com\/canfalimarinaalta\/"]},{"@type":"Person","@id":"https:\/\/canfali.com\/ca-es\/#\/schema\/person\/f540a86fb33e10daaae53c59ceaa1194","name":"Lluis","image":{"@type":"ImageObject","inLanguage":"va-ES","@id":"https:\/\/secure.gravatar.com\/avatar\/a21ec8835290e4e02ed0886b8cb327d807d0eb6ec8ccf25d4c2a0a415f506c0d?s=96&d=mm&r=g","url":"https:\/\/secure.gravatar.com\/avatar\/a21ec8835290e4e02ed0886b8cb327d807d0eb6ec8ccf25d4c2a0a415f506c0d?s=96&d=mm&r=g","contentUrl":"https:\/\/secure.gravatar.com\/avatar\/a21ec8835290e4e02ed0886b8cb327d807d0eb6ec8ccf25d4c2a0a415f506c0d?s=96&d=mm&r=g","caption":"Lluis"},"url":"https:\/\/canfali.com\/ca-es\/author\/lluis\/"}]}},"_links":{"self":[{"href":"https:\/\/canfali.com\/ca-es\/wp-json\/wp\/v2\/posts\/91100","targetHints":{"allow":["GET"]}}],"collection":[{"href":"https:\/\/canfali.com\/ca-es\/wp-json\/wp\/v2\/posts"}],"about":[{"href":"https:\/\/canfali.com\/ca-es\/wp-json\/wp\/v2\/types\/post"}],"author":[{"embeddable":true,"href":"https:\/\/canfali.com\/ca-es\/wp-json\/wp\/v2\/users\/8"}],"replies":[{"embeddable":true,"href":"https:\/\/canfali.com\/ca-es\/wp-json\/wp\/v2\/comments?post=91100"}],"version-history":[{"count":3,"href":"https:\/\/canfali.com\/ca-es\/wp-json\/wp\/v2\/posts\/91100\/revisions"}],"predecessor-version":[{"id":91103,"href":"https:\/\/canfali.com\/ca-es\/wp-json\/wp\/v2\/posts\/91100\/revisions\/91103"}],"wp:featuredmedia":[{"embeddable":true,"href":"https:\/\/canfali.com\/ca-es\/wp-json\/wp\/v2\/media\/91098"}],"wp:attachment":[{"href":"https:\/\/canfali.com\/ca-es\/wp-json\/wp\/v2\/media?parent=91100"}],"wp:term":[{"taxonomy":"category","embeddable":true,"href":"https:\/\/canfali.com\/ca-es\/wp-json\/wp\/v2\/categories?post=91100"},{"taxonomy":"post_tag","embeddable":true,"href":"https:\/\/canfali.com\/ca-es\/wp-json\/wp\/v2\/tags?post=91100"}],"curies":[{"name":"wp","href":"https:\/\/api.w.org\/{rel}","templated":true}]}}