{"id":91071,"date":"2026-03-15T09:04:00","date_gmt":"2026-03-15T08:04:00","guid":{"rendered":"https:\/\/canfali.com\/?p=91071"},"modified":"2026-03-13T12:29:43","modified_gmt":"2026-03-13T11:29:43","slug":"la-soledat-no-desitjada-en-la-infancia-i-adolescencia-en-lentorn-de-pego-i-les-valls-a-escena","status":"publish","type":"post","link":"https:\/\/canfali.com\/ca-es\/la-soledat-no-desitjada-en-la-infancia-i-adolescencia-en-lentorn-de-pego-i-les-valls-a-escena\/","title":{"rendered":"La soledat no desitjada en la inf\u00e0ncia i adolesc\u00e8ncia en l\u2019entorn de Pego i les Valls a escena"},"content":{"rendered":"\n<p><strong>La Mancomunitat de Serveis Socials de la zona aborda el fenomen en les II Jornades Socioeducatives<\/strong><\/p>\n\n\n\n<p>L\u2019aguditzaci\u00f3 del fenomen de la soledat no desitjada en l\u2019\u00e0mbit rural constatada en els recent estudis, com a diferencial del fins ara manifestat en les grans ciutats, ha motivat a la Mancomunitat de Serveis Socials de Pego i les Valls a dedicar-li les II Jornades Socieducatives.<\/p>\n\n\n\n<p>La problem\u00e0tica ha estat abordada per especialistes en la mat\u00e8ria com la pediatra del centre de salut de Pego, Daniela Maria Capurro; el coordinador d\u2019Esports de l\u2019Ajuntament de Pego. Josep Llorca; l\u2019orientadora de l\u2019IES Enric Valor de Pego; Luc\u00eda Fullana; i la psiquiatra divulgadora en salut mental i escriptora, Maria Velasco.<\/p>\n\n\n\n<figure class=\"wp-block-image size-large\"><img decoding=\"async\" src=\"https:\/\/canfali.com\/app\/uploads\/2026\/03\/soledat-digi3-1024x679.jpg.webp\" alt=\"\" class=\"wp-image-91085\"\/><\/figure>\n\n\n\n<p>Aquesta \u00faltima, ha fet valdre la seua experi\u00e8ncia com a psicoterapeuta a trav\u00e9s de tallers de ter\u00e0pia i <em>mentoring<\/em> a advertir de la potencial perillositat de les conseq\u00fc\u00e8ncies de la soledat no desitjada per a la salut mental dels m\u00e9s menuts tant des del pl\u00e0nol f\u00edsic al augmentar la mortalitat com a l\u2019hora d\u2019afrontar l\u2019aprenentatge amb un estat d\u2019\u00e0nim \u00f2ptim per a mostrar-se receptius.<\/p>\n\n\n\n<p>LA RELACI\u00d3 F\u00cdSICA AMB LES AMISTATS COM ANT\u00cdDOT<\/p>\n\n\n\n<p>\u201cTenim que donar-nos compte que estem en un moment social de canvi, on sembla que tot \u00e9s m\u00e9s f\u00e0cil i est\u00e0 a cop de clic i que estem m\u00e9s connectats pel fet de poder parlar per whatssap, per\u00f2 realment hi ha alguna cosa que t\u00e9 continuar amb les costums de tota la vida com els moments familiars per tal de no deixar-los tan sols amb les noves tecnologies que semblen les substitutes per a tot, i facilitar la relaci\u00f3 f\u00edsica amb els amistats\u201d, ha manifestat per a nomenar com un dels remeis els sopars en fam\u00edlia a l\u2019hora d\u2019evitar que els seus membres ho facen mirant una s\u00e8rie, que s\u00f2l ser malauradament el que impera en la societat actual.<\/p>\n\n\n\n<figure class=\"wp-block-image size-large\"><img decoding=\"async\" src=\"https:\/\/canfali.com\/app\/uploads\/2026\/03\/soledatnodesitjada-digi4-1024x679.jpg.webp\" alt=\"\" class=\"wp-image-91074\"\/><\/figure>\n\n\n\n<p>Pel que fa a l\u2019extensi\u00f3 als xicotets nuclis de poblaci\u00f3 d\u2019un problema que va emergir entre les generacions m\u00e9s joves a les grans ciutats malgrat estar rodejades de gent, ha matisat que el mon rural ja no \u00e9s el d\u2019abans d\u2019arribar a ell les plataformes d\u2019internet. \u201cI no \u00e9s ja el estar amb gent sin\u00f3 com s\u2019est\u00e0 amb la resta de persones amb que comparteixes espai vital, perqu\u00e8 hui en dia els xiquets i joves tenen menys oportunitats d\u2019encontre entre ells que en altres temps, i quan ho fan amb els adults en la majoria d\u2019ocasions aquests \u00faltims estan pensant en altres q\u00fcestions fruit de l\u2019espiral d\u2019exig\u00e8ncia comporta el mon laboral de l\u2019actualitat\u201d, ha sentenciat abans de posar-se a signar exemplars del llibre Criar en salud mental del que figura com a autora, el qual han adquirit molts dels congregats.&nbsp;&nbsp;<\/p>\n\n\n\n<figure class=\"wp-block-image size-large\"><img decoding=\"async\" src=\"https:\/\/canfali.com\/app\/uploads\/2026\/03\/soledat-digi1-1024x679.jpg.webp\" alt=\"\" class=\"wp-image-91078\"\/><\/figure>\n\n\n\n<p>Per la seua banda, la regidora de Serveis Socials de Pego, Merxe Bolta, donava la benvinguda als vora cent-cinquanta inscrits en la segona edici\u00f3 de les jornades socioeducatives en les que la mancomunitat de la mat\u00e8ria &#8211; que abasta tant al municipi com a l\u2019Atz\u00favia, la Vall d\u2019Alcal\u00e0, la Vall d\u2019Ebo i la Vall de Gallinera-.<\/p>\n\n\n\n<p>\u201cLa soledat no sorgeix per no tindre persones al teu voltant, sin\u00f3 per no poder comunicar el que es important per a t\u00fa, o per sentir que les pr\u00f2pies opinions s\u00f3n inacceptables per a altres\u201d, apuntava per a afirmar que \u201cdes de la mancomunitat apostem per una prevenci\u00f3 i una intervenci\u00f3 integral i multidisciplinar per a acompanyar i recolzar a totes les fam\u00edlies que ho necessiten amb les ferramentes dels nostres professionals\u201d.<\/p>\n\n\n\n<figure class=\"wp-block-image size-large\"><img decoding=\"async\" src=\"https:\/\/canfali.com\/app\/uploads\/2026\/03\/soledatnoesitjada-contra-dig3-1024x679.jpg.webp\" alt=\"\" class=\"wp-image-91080\"\/><\/figure>\n\n\n\n<p>&nbsp;&nbsp;&nbsp;&nbsp;&nbsp;&nbsp; Aquesta consideraci\u00f3 ha estat compartida per l\u2019educadora i coordinadora de les jornades, Raquel Nadal, per a precisar que una prevalen\u00e7a del 25,%% d\u2019eixe segment d\u2019edat declara sentir-se en eixa situaci\u00f3, segons les dades de l\u2019Observatori Estatal de la Soledat no desitjada referents al 2023. En concret, segons ha detallat \u201cal llarg dels anys hem pogut anar comprovant en la nostra intervenci\u00f3 un canvi del model familiar que ens ha portat d\u2019atendre a fam\u00edlies multiproblem\u00e0tiques marcades per absentisme greu, sobre tot a l\u2019inici de l\u2019etapa d\u2019ensenyament secundari, falta de rutines higi\u00e8niques o baixos recursos econ\u00f2mics, a trobar-nos amb progenitors i progenitores desbordats amb horaris laborals infinits que dificulten una crian\u00e7a present. Factor aquest \u00faltim que, indica, comporta un \u00fas i ab\u00fas de les noves tecnologies, ja no tan sol per part dels m\u00e9s joves, sin\u00f3 tamb\u00e9 dels adults ja siga per treball o per la necessitat de desconnectar i evadir-se.<\/p>\n\n\n\n<p>&nbsp;&nbsp;&nbsp;&nbsp;&nbsp;&nbsp; A tot aix\u00f2, remarca, s\u2019ha unit un canvi en l\u2019estil de crian\u00e7a on s\u2019ha passat d\u2019un estil autoritari en la seua majoria a un altre permissiu. \u201cI no ens enganyem tant un com l\u2019altre son neglig\u00e8ncies parentals, pel fet que els extrems, siguen del costat que siguen, mai s\u00f3n positius\u201d, ha concl\u00f2s.<\/p>\n","protected":false},"excerpt":{"rendered":"La Mancomunitat de Serveis Socials de la zona aborda el fenomen en les II Jornades Socioeducatives L\u2019aguditzaci\u00f3 del&hellip;","protected":false},"author":4,"featured_media":91072,"comment_status":"closed","ping_status":"closed","sticky":false,"template":"","format":"standard","meta":{"csco_display_header_overlay":false,"csco_singular_sidebar":"","csco_page_header_type":"","csco_page_load_nextpost":"","csco_post_video_location":[],"csco_post_video_location_hash":"","csco_post_video_url":"","csco_post_video_bg_start_time":0,"csco_post_video_bg_end_time":0,"footnotes":""},"categories":[759,594],"tags":[5666,5665],"class_list":{"0":"post-91071","1":"post","2":"type-post","3":"status-publish","4":"format-standard","5":"has-post-thumbnail","7":"category-educacio","8":"category-societat","9":"tag-jornades-socieducatives","10":"tag-mancomunitat-de-pego-i-les-valls","11":"cs-entry","12":"cs-video-wrap"},"yoast_head":"<!-- This site is optimized with the Yoast SEO Premium plugin v26.6 (Yoast SEO v27.3) - https:\/\/yoast.com\/product\/yoast-seo-premium-wordpress\/ -->\n<title>La soledat no desitjada en la inf\u00e0ncia i adolesc\u00e8ncia en l\u2019entorn de Pego i les Valls a escena - Canfali<\/title>\n<meta name=\"robots\" content=\"index, follow, max-snippet:-1, max-image-preview:large, max-video-preview:-1\" \/>\n<link rel=\"canonical\" href=\"https:\/\/canfali.com\/ca-es\/la-soledat-no-desitjada-en-la-infancia-i-adolescencia-en-lentorn-de-pego-i-les-valls-a-escena\/\" \/>\n<meta property=\"og:locale\" content=\"en_US\" \/>\n<meta property=\"og:type\" content=\"article\" \/>\n<meta property=\"og:title\" content=\"La soledat no desitjada en la inf\u00e0ncia i adolesc\u00e8ncia en l\u2019entorn de Pego i les Valls a escena\" \/>\n<meta property=\"og:description\" content=\"La Mancomunitat de Serveis Socials de la zona aborda el fenomen en les II Jornades Socioeducatives L\u2019aguditzaci\u00f3 del&hellip;\" \/>\n<meta property=\"og:url\" content=\"https:\/\/canfali.com\/ca-es\/la-soledat-no-desitjada-en-la-infancia-i-adolescencia-en-lentorn-de-pego-i-les-valls-a-escena\/\" \/>\n<meta property=\"og:site_name\" content=\"Canfali\" \/>\n<meta property=\"article:publisher\" content=\"https:\/\/es-es.facebook.com\/CANFALIMarinaAlta\" \/>\n<meta property=\"article:published_time\" content=\"2026-03-15T08:04:00+00:00\" \/>\n<meta property=\"og:image\" content=\"https:\/\/canfali.com\/app\/uploads\/2026\/03\/soledanodesitjada-dig1bona.jpg\" \/>\n\t<meta property=\"og:image:width\" content=\"1615\" \/>\n\t<meta property=\"og:image:height\" content=\"1152\" \/>\n\t<meta property=\"og:image:type\" content=\"image\/jpeg\" \/>\n<meta name=\"author\" content=\"JJ Mas\" \/>\n<meta name=\"twitter:card\" content=\"summary_large_image\" \/>\n<meta name=\"twitter:creator\" content=\"@canfalima\" \/>\n<meta name=\"twitter:site\" content=\"@canfalima\" \/>\n<meta name=\"twitter:label1\" content=\"Written by\" \/>\n\t<meta name=\"twitter:data1\" content=\"JJ Mas\" \/>\n\t<meta name=\"twitter:label2\" content=\"Est. reading time\" \/>\n\t<meta name=\"twitter:data2\" content=\"5 minutes\" \/>\n<script type=\"application\/ld+json\" class=\"yoast-schema-graph\">{\"@context\":\"https:\\\/\\\/schema.org\",\"@graph\":[{\"@type\":\"NewsArticle\",\"@id\":\"https:\\\/\\\/canfali.com\\\/ca-es\\\/la-soledat-no-desitjada-en-la-infancia-i-adolescencia-en-lentorn-de-pego-i-les-valls-a-escena\\\/#article\",\"isPartOf\":{\"@id\":\"https:\\\/\\\/canfali.com\\\/ca-es\\\/la-soledat-no-desitjada-en-la-infancia-i-adolescencia-en-lentorn-de-pego-i-les-valls-a-escena\\\/\"},\"author\":{\"name\":\"JJ Mas\",\"@id\":\"https:\\\/\\\/canfali.com\\\/ca-es\\\/#\\\/schema\\\/person\\\/d834d2d4df17cac754d3c314d4c404ef\"},\"headline\":\"La soledat no desitjada en la inf\u00e0ncia i adolesc\u00e8ncia en l\u2019entorn de Pego i les Valls a escena\",\"datePublished\":\"2026-03-15T08:04:00+00:00\",\"mainEntityOfPage\":{\"@id\":\"https:\\\/\\\/canfali.com\\\/ca-es\\\/la-soledat-no-desitjada-en-la-infancia-i-adolescencia-en-lentorn-de-pego-i-les-valls-a-escena\\\/\"},\"wordCount\":884,\"publisher\":{\"@id\":\"https:\\\/\\\/canfali.com\\\/ca-es\\\/#organization\"},\"image\":{\"@id\":\"https:\\\/\\\/canfali.com\\\/ca-es\\\/la-soledat-no-desitjada-en-la-infancia-i-adolescencia-en-lentorn-de-pego-i-les-valls-a-escena\\\/#primaryimage\"},\"thumbnailUrl\":\"https:\\\/\\\/canfali.com\\\/app\\\/uploads\\\/2026\\\/03\\\/soledanodesitjada-dig1bona.jpg\",\"keywords\":[\"Jornades Socieducatives\",\"Mancomunitat de Pego i les Valls\"],\"articleSection\":[\"Educaci\u00f3\",\"Societat\"],\"inLanguage\":\"va-ES\",\"copyrightYear\":\"2026\",\"copyrightHolder\":{\"@id\":\"https:\\\/\\\/canfali.com\\\/#organization\"}},{\"@type\":\"WebPage\",\"@id\":\"https:\\\/\\\/canfali.com\\\/ca-es\\\/la-soledat-no-desitjada-en-la-infancia-i-adolescencia-en-lentorn-de-pego-i-les-valls-a-escena\\\/\",\"url\":\"https:\\\/\\\/canfali.com\\\/ca-es\\\/la-soledat-no-desitjada-en-la-infancia-i-adolescencia-en-lentorn-de-pego-i-les-valls-a-escena\\\/\",\"name\":\"La soledat no desitjada en la inf\u00e0ncia i adolesc\u00e8ncia en l\u2019entorn de Pego i les Valls a escena - Canfali\",\"isPartOf\":{\"@id\":\"https:\\\/\\\/canfali.com\\\/ca-es\\\/#website\"},\"primaryImageOfPage\":{\"@id\":\"https:\\\/\\\/canfali.com\\\/ca-es\\\/la-soledat-no-desitjada-en-la-infancia-i-adolescencia-en-lentorn-de-pego-i-les-valls-a-escena\\\/#primaryimage\"},\"image\":{\"@id\":\"https:\\\/\\\/canfali.com\\\/ca-es\\\/la-soledat-no-desitjada-en-la-infancia-i-adolescencia-en-lentorn-de-pego-i-les-valls-a-escena\\\/#primaryimage\"},\"thumbnailUrl\":\"https:\\\/\\\/canfali.com\\\/app\\\/uploads\\\/2026\\\/03\\\/soledanodesitjada-dig1bona.jpg\",\"datePublished\":\"2026-03-15T08:04:00+00:00\",\"breadcrumb\":{\"@id\":\"https:\\\/\\\/canfali.com\\\/ca-es\\\/la-soledat-no-desitjada-en-la-infancia-i-adolescencia-en-lentorn-de-pego-i-les-valls-a-escena\\\/#breadcrumb\"},\"inLanguage\":\"va-ES\",\"potentialAction\":[{\"@type\":\"ReadAction\",\"target\":[\"https:\\\/\\\/canfali.com\\\/ca-es\\\/la-soledat-no-desitjada-en-la-infancia-i-adolescencia-en-lentorn-de-pego-i-les-valls-a-escena\\\/\"]}]},{\"@type\":\"ImageObject\",\"inLanguage\":\"va-ES\",\"@id\":\"https:\\\/\\\/canfali.com\\\/ca-es\\\/la-soledat-no-desitjada-en-la-infancia-i-adolescencia-en-lentorn-de-pego-i-les-valls-a-escena\\\/#primaryimage\",\"url\":\"https:\\\/\\\/canfali.com\\\/app\\\/uploads\\\/2026\\\/03\\\/soledanodesitjada-dig1bona.jpg\",\"contentUrl\":\"https:\\\/\\\/canfali.com\\\/app\\\/uploads\\\/2026\\\/03\\\/soledanodesitjada-dig1bona.jpg\",\"width\":1615,\"height\":1152},{\"@type\":\"BreadcrumbList\",\"@id\":\"https:\\\/\\\/canfali.com\\\/ca-es\\\/la-soledat-no-desitjada-en-la-infancia-i-adolescencia-en-lentorn-de-pego-i-les-valls-a-escena\\\/#breadcrumb\",\"itemListElement\":[{\"@type\":\"ListItem\",\"position\":1,\"name\":\"Portada\",\"item\":\"https:\\\/\\\/canfali.com\\\/ca-es\\\/\"},{\"@type\":\"ListItem\",\"position\":2,\"name\":\"La soledat no desitjada en la inf\u00e0ncia i adolesc\u00e8ncia en l\u2019entorn de Pego i les Valls a escena\"}]},{\"@type\":\"WebSite\",\"@id\":\"https:\\\/\\\/canfali.com\\\/ca-es\\\/#website\",\"url\":\"https:\\\/\\\/canfali.com\\\/ca-es\\\/\",\"name\":\"Canfali\",\"description\":\"\",\"publisher\":{\"@id\":\"https:\\\/\\\/canfali.com\\\/ca-es\\\/#organization\"},\"potentialAction\":[{\"@type\":\"SearchAction\",\"target\":{\"@type\":\"EntryPoint\",\"urlTemplate\":\"https:\\\/\\\/canfali.com\\\/ca-es\\\/?s={search_term_string}\"},\"query-input\":{\"@type\":\"PropertyValueSpecification\",\"valueRequired\":true,\"valueName\":\"search_term_string\"}}],\"inLanguage\":\"va-ES\"},{\"@type\":\"Organization\",\"@id\":\"https:\\\/\\\/canfali.com\\\/ca-es\\\/#organization\",\"name\":\"Canfali\",\"url\":\"https:\\\/\\\/canfali.com\\\/ca-es\\\/\",\"logo\":{\"@type\":\"ImageObject\",\"inLanguage\":\"va-ES\",\"@id\":\"https:\\\/\\\/canfali.com\\\/ca-es\\\/#\\\/schema\\\/logo\\\/image\\\/\",\"url\":\"https:\\\/\\\/canfali.com\\\/app\\\/uploads\\\/2025\\\/12\\\/canfali_marina_alta_logo.png\",\"contentUrl\":\"https:\\\/\\\/canfali.com\\\/app\\\/uploads\\\/2025\\\/12\\\/canfali_marina_alta_logo.png\",\"width\":225,\"height\":225,\"caption\":\"Canfali\"},\"image\":{\"@id\":\"https:\\\/\\\/canfali.com\\\/ca-es\\\/#\\\/schema\\\/logo\\\/image\\\/\"},\"sameAs\":[\"https:\\\/\\\/es-es.facebook.com\\\/CANFALIMarinaAlta\",\"https:\\\/\\\/x.com\\\/canfalima\",\"https:\\\/\\\/www.instagram.com\\\/canfalimarinaalta\\\/\"]},{\"@type\":\"Person\",\"@id\":\"https:\\\/\\\/canfali.com\\\/ca-es\\\/#\\\/schema\\\/person\\\/d834d2d4df17cac754d3c314d4c404ef\",\"name\":\"JJ Mas\",\"image\":{\"@type\":\"ImageObject\",\"inLanguage\":\"va-ES\",\"@id\":\"https:\\\/\\\/secure.gravatar.com\\\/avatar\\\/65a5191f5438bf88c2394f6d1a625a6ff903c8785268e603c623a83bc15ba1ee?s=96&d=mm&r=g\",\"url\":\"https:\\\/\\\/secure.gravatar.com\\\/avatar\\\/65a5191f5438bf88c2394f6d1a625a6ff903c8785268e603c623a83bc15ba1ee?s=96&d=mm&r=g\",\"contentUrl\":\"https:\\\/\\\/secure.gravatar.com\\\/avatar\\\/65a5191f5438bf88c2394f6d1a625a6ff903c8785268e603c623a83bc15ba1ee?s=96&d=mm&r=g\",\"caption\":\"JJ Mas\"},\"url\":\"https:\\\/\\\/canfali.com\\\/ca-es\\\/author\\\/jj\\\/\"}]}<\/script>\n<!-- \/ Yoast SEO Premium plugin. -->","yoast_head_json":{"title":"La soledat no desitjada en la inf\u00e0ncia i adolesc\u00e8ncia en l\u2019entorn de Pego i les Valls a escena - Canfali","robots":{"index":"index","follow":"follow","max-snippet":"max-snippet:-1","max-image-preview":"max-image-preview:large","max-video-preview":"max-video-preview:-1"},"canonical":"https:\/\/canfali.com\/ca-es\/la-soledat-no-desitjada-en-la-infancia-i-adolescencia-en-lentorn-de-pego-i-les-valls-a-escena\/","og_locale":"en_US","og_type":"article","og_title":"La soledat no desitjada en la inf\u00e0ncia i adolesc\u00e8ncia en l\u2019entorn de Pego i les Valls a escena","og_description":"La Mancomunitat de Serveis Socials de la zona aborda el fenomen en les II Jornades Socioeducatives L\u2019aguditzaci\u00f3 del&hellip;","og_url":"https:\/\/canfali.com\/ca-es\/la-soledat-no-desitjada-en-la-infancia-i-adolescencia-en-lentorn-de-pego-i-les-valls-a-escena\/","og_site_name":"Canfali","article_publisher":"https:\/\/es-es.facebook.com\/CANFALIMarinaAlta","article_published_time":"2026-03-15T08:04:00+00:00","og_image":[{"width":1615,"height":1152,"url":"https:\/\/canfali.com\/app\/uploads\/2026\/03\/soledanodesitjada-dig1bona.jpg","type":"image\/jpeg"}],"author":"JJ Mas","twitter_card":"summary_large_image","twitter_creator":"@canfalima","twitter_site":"@canfalima","twitter_misc":{"Written by":"JJ Mas","Est. reading time":"5 minutes"},"schema":{"@context":"https:\/\/schema.org","@graph":[{"@type":"NewsArticle","@id":"https:\/\/canfali.com\/ca-es\/la-soledat-no-desitjada-en-la-infancia-i-adolescencia-en-lentorn-de-pego-i-les-valls-a-escena\/#article","isPartOf":{"@id":"https:\/\/canfali.com\/ca-es\/la-soledat-no-desitjada-en-la-infancia-i-adolescencia-en-lentorn-de-pego-i-les-valls-a-escena\/"},"author":{"name":"JJ Mas","@id":"https:\/\/canfali.com\/ca-es\/#\/schema\/person\/d834d2d4df17cac754d3c314d4c404ef"},"headline":"La soledat no desitjada en la inf\u00e0ncia i adolesc\u00e8ncia en l\u2019entorn de Pego i les Valls a escena","datePublished":"2026-03-15T08:04:00+00:00","mainEntityOfPage":{"@id":"https:\/\/canfali.com\/ca-es\/la-soledat-no-desitjada-en-la-infancia-i-adolescencia-en-lentorn-de-pego-i-les-valls-a-escena\/"},"wordCount":884,"publisher":{"@id":"https:\/\/canfali.com\/ca-es\/#organization"},"image":{"@id":"https:\/\/canfali.com\/ca-es\/la-soledat-no-desitjada-en-la-infancia-i-adolescencia-en-lentorn-de-pego-i-les-valls-a-escena\/#primaryimage"},"thumbnailUrl":"https:\/\/canfali.com\/app\/uploads\/2026\/03\/soledanodesitjada-dig1bona.jpg","keywords":["Jornades Socieducatives","Mancomunitat de Pego i les Valls"],"articleSection":["Educaci\u00f3","Societat"],"inLanguage":"va-ES","copyrightYear":"2026","copyrightHolder":{"@id":"https:\/\/canfali.com\/#organization"}},{"@type":"WebPage","@id":"https:\/\/canfali.com\/ca-es\/la-soledat-no-desitjada-en-la-infancia-i-adolescencia-en-lentorn-de-pego-i-les-valls-a-escena\/","url":"https:\/\/canfali.com\/ca-es\/la-soledat-no-desitjada-en-la-infancia-i-adolescencia-en-lentorn-de-pego-i-les-valls-a-escena\/","name":"La soledat no desitjada en la inf\u00e0ncia i adolesc\u00e8ncia en l\u2019entorn de Pego i les Valls a escena - Canfali","isPartOf":{"@id":"https:\/\/canfali.com\/ca-es\/#website"},"primaryImageOfPage":{"@id":"https:\/\/canfali.com\/ca-es\/la-soledat-no-desitjada-en-la-infancia-i-adolescencia-en-lentorn-de-pego-i-les-valls-a-escena\/#primaryimage"},"image":{"@id":"https:\/\/canfali.com\/ca-es\/la-soledat-no-desitjada-en-la-infancia-i-adolescencia-en-lentorn-de-pego-i-les-valls-a-escena\/#primaryimage"},"thumbnailUrl":"https:\/\/canfali.com\/app\/uploads\/2026\/03\/soledanodesitjada-dig1bona.jpg","datePublished":"2026-03-15T08:04:00+00:00","breadcrumb":{"@id":"https:\/\/canfali.com\/ca-es\/la-soledat-no-desitjada-en-la-infancia-i-adolescencia-en-lentorn-de-pego-i-les-valls-a-escena\/#breadcrumb"},"inLanguage":"va-ES","potentialAction":[{"@type":"ReadAction","target":["https:\/\/canfali.com\/ca-es\/la-soledat-no-desitjada-en-la-infancia-i-adolescencia-en-lentorn-de-pego-i-les-valls-a-escena\/"]}]},{"@type":"ImageObject","inLanguage":"va-ES","@id":"https:\/\/canfali.com\/ca-es\/la-soledat-no-desitjada-en-la-infancia-i-adolescencia-en-lentorn-de-pego-i-les-valls-a-escena\/#primaryimage","url":"https:\/\/canfali.com\/app\/uploads\/2026\/03\/soledanodesitjada-dig1bona.jpg","contentUrl":"https:\/\/canfali.com\/app\/uploads\/2026\/03\/soledanodesitjada-dig1bona.jpg","width":1615,"height":1152},{"@type":"BreadcrumbList","@id":"https:\/\/canfali.com\/ca-es\/la-soledat-no-desitjada-en-la-infancia-i-adolescencia-en-lentorn-de-pego-i-les-valls-a-escena\/#breadcrumb","itemListElement":[{"@type":"ListItem","position":1,"name":"Portada","item":"https:\/\/canfali.com\/ca-es\/"},{"@type":"ListItem","position":2,"name":"La soledat no desitjada en la inf\u00e0ncia i adolesc\u00e8ncia en l\u2019entorn de Pego i les Valls a escena"}]},{"@type":"WebSite","@id":"https:\/\/canfali.com\/ca-es\/#website","url":"https:\/\/canfali.com\/ca-es\/","name":"Canfali","description":"","publisher":{"@id":"https:\/\/canfali.com\/ca-es\/#organization"},"potentialAction":[{"@type":"SearchAction","target":{"@type":"EntryPoint","urlTemplate":"https:\/\/canfali.com\/ca-es\/?s={search_term_string}"},"query-input":{"@type":"PropertyValueSpecification","valueRequired":true,"valueName":"search_term_string"}}],"inLanguage":"va-ES"},{"@type":"Organization","@id":"https:\/\/canfali.com\/ca-es\/#organization","name":"Canfali","url":"https:\/\/canfali.com\/ca-es\/","logo":{"@type":"ImageObject","inLanguage":"va-ES","@id":"https:\/\/canfali.com\/ca-es\/#\/schema\/logo\/image\/","url":"https:\/\/canfali.com\/app\/uploads\/2025\/12\/canfali_marina_alta_logo.png","contentUrl":"https:\/\/canfali.com\/app\/uploads\/2025\/12\/canfali_marina_alta_logo.png","width":225,"height":225,"caption":"Canfali"},"image":{"@id":"https:\/\/canfali.com\/ca-es\/#\/schema\/logo\/image\/"},"sameAs":["https:\/\/es-es.facebook.com\/CANFALIMarinaAlta","https:\/\/x.com\/canfalima","https:\/\/www.instagram.com\/canfalimarinaalta\/"]},{"@type":"Person","@id":"https:\/\/canfali.com\/ca-es\/#\/schema\/person\/d834d2d4df17cac754d3c314d4c404ef","name":"JJ Mas","image":{"@type":"ImageObject","inLanguage":"va-ES","@id":"https:\/\/secure.gravatar.com\/avatar\/65a5191f5438bf88c2394f6d1a625a6ff903c8785268e603c623a83bc15ba1ee?s=96&d=mm&r=g","url":"https:\/\/secure.gravatar.com\/avatar\/65a5191f5438bf88c2394f6d1a625a6ff903c8785268e603c623a83bc15ba1ee?s=96&d=mm&r=g","contentUrl":"https:\/\/secure.gravatar.com\/avatar\/65a5191f5438bf88c2394f6d1a625a6ff903c8785268e603c623a83bc15ba1ee?s=96&d=mm&r=g","caption":"JJ Mas"},"url":"https:\/\/canfali.com\/ca-es\/author\/jj\/"}]}},"_links":{"self":[{"href":"https:\/\/canfali.com\/ca-es\/wp-json\/wp\/v2\/posts\/91071","targetHints":{"allow":["GET"]}}],"collection":[{"href":"https:\/\/canfali.com\/ca-es\/wp-json\/wp\/v2\/posts"}],"about":[{"href":"https:\/\/canfali.com\/ca-es\/wp-json\/wp\/v2\/types\/post"}],"author":[{"embeddable":true,"href":"https:\/\/canfali.com\/ca-es\/wp-json\/wp\/v2\/users\/4"}],"replies":[{"embeddable":true,"href":"https:\/\/canfali.com\/ca-es\/wp-json\/wp\/v2\/comments?post=91071"}],"version-history":[{"count":2,"href":"https:\/\/canfali.com\/ca-es\/wp-json\/wp\/v2\/posts\/91071\/revisions"}],"predecessor-version":[{"id":91088,"href":"https:\/\/canfali.com\/ca-es\/wp-json\/wp\/v2\/posts\/91071\/revisions\/91088"}],"wp:featuredmedia":[{"embeddable":true,"href":"https:\/\/canfali.com\/ca-es\/wp-json\/wp\/v2\/media\/91072"}],"wp:attachment":[{"href":"https:\/\/canfali.com\/ca-es\/wp-json\/wp\/v2\/media?parent=91071"}],"wp:term":[{"taxonomy":"category","embeddable":true,"href":"https:\/\/canfali.com\/ca-es\/wp-json\/wp\/v2\/categories?post=91071"},{"taxonomy":"post_tag","embeddable":true,"href":"https:\/\/canfali.com\/ca-es\/wp-json\/wp\/v2\/tags?post=91071"}],"curies":[{"name":"wp","href":"https:\/\/api.w.org\/{rel}","templated":true}]}}